{"id":349261,"date":"2017-05-13T21:31:11","date_gmt":"2017-05-13T19:31:11","guid":{"rendered":"https:\/\/www.fiarebancaetica.coop\/articolo\/reportaje-economia-social-y-banca-etica\/"},"modified":"2024-02-21T10:03:36","modified_gmt":"2024-02-21T09:03:36","slug":"reportaje-economia-social-y-banca-etica","status":"publish","type":"cbwpt_git_posts","link":"https:\/\/www.fiarebancaetica.coop\/ca\/articolo\/reportaje-economia-social-y-banca-etica\/","title":{"rendered":"Reportaje Econom\u00eda Social y Banca \u00c9tica"},"author":1,"featured_media":0,"parent":0,"template":"","meta":{"_acf_changed":false},"git_tags":[11229],"coauthors":[2888],"class_list":["post-349261","cbwpt_git_posts","type-cbwpt_git_posts","status-publish","hentry"],"acf":[],"yoast_head":"<!-- This site is optimized with the Yoast SEO plugin v26.9 - https:\/\/yoast.com\/product\/yoast-seo-wordpress\/ -->\n<title>Reportaje Econom\u00eda Social y Banca \u00c9tica - Fiare Banca Etica<\/title>\n<meta name=\"robots\" content=\"index, follow, max-snippet:-1, max-image-preview:large, max-video-preview:-1\" \/>\n<link rel=\"canonical\" href=\"https:\/\/www.fiarebancaetica.coop\/ca\/articolo\/reportaje-economia-social-y-banca-etica\/\" \/>\n<meta property=\"og:locale\" content=\"ca_ES\" \/>\n<meta property=\"og:type\" content=\"article\" \/>\n<meta property=\"og:title\" content=\"Reportaje Econom\u00eda Social y Banca \u00c9tica - Fiare Banca Etica\" \/>\n<meta property=\"og:description\" content=\"Reportaje Econom\u00eda Social y Banca \u00c9tica Programa Dossier InformativoCanal Extremadura TV 22 de Noviembre de 2014\" \/>\n<meta property=\"og:url\" content=\"https:\/\/www.fiarebancaetica.coop\/ca\/articolo\/reportaje-economia-social-y-banca-etica\/\" \/>\n<meta property=\"og:site_name\" content=\"Fiare Banca Etica\" \/>\n<meta property=\"article:modified_time\" content=\"2024-02-21T09:03:36+00:00\" \/>\n<meta name=\"twitter:card\" content=\"summary_large_image\" \/>\n<script type=\"application\/ld+json\" class=\"yoast-schema-graph\">{\"@context\":\"https:\/\/schema.org\",\"@graph\":[{\"@type\":\"WebPage\",\"@id\":\"https:\/\/www.fiarebancaetica.coop\/ca\/articolo\/reportaje-economia-social-y-banca-etica\/\",\"url\":\"https:\/\/www.fiarebancaetica.coop\/ca\/articolo\/reportaje-economia-social-y-banca-etica\/\",\"name\":\"Reportaje Econom\u00eda Social y Banca \u00c9tica - Fiare Banca Etica\",\"isPartOf\":{\"@id\":\"https:\/\/www.fiarebancaetica.coop\/ca\/#website\"},\"datePublished\":\"2017-05-13T19:31:11+00:00\",\"dateModified\":\"2024-02-21T09:03:36+00:00\",\"breadcrumb\":{\"@id\":\"https:\/\/www.fiarebancaetica.coop\/ca\/articolo\/reportaje-economia-social-y-banca-etica\/#breadcrumb\"},\"inLanguage\":\"ca\",\"potentialAction\":[{\"@type\":\"ReadAction\",\"target\":[\"https:\/\/www.fiarebancaetica.coop\/ca\/articolo\/reportaje-economia-social-y-banca-etica\/\"]}]},{\"@type\":\"BreadcrumbList\",\"@id\":\"https:\/\/www.fiarebancaetica.coop\/ca\/articolo\/reportaje-economia-social-y-banca-etica\/#breadcrumb\",\"itemListElement\":[{\"@type\":\"ListItem\",\"position\":1,\"name\":\"Home\",\"item\":\"https:\/\/www.fiarebancaetica.coop\/ca\/\"},{\"@type\":\"ListItem\",\"position\":2,\"name\":\"Reportaje Econom\u00eda Social y Banca \u00c9tica\"}]},{\"@type\":\"WebSite\",\"@id\":\"https:\/\/www.fiarebancaetica.coop\/ca\/#website\",\"url\":\"https:\/\/www.fiarebancaetica.coop\/ca\/\",\"name\":\"Fiare Banca Etica\",\"description\":\"\",\"potentialAction\":[{\"@type\":\"SearchAction\",\"target\":{\"@type\":\"EntryPoint\",\"urlTemplate\":\"https:\/\/www.fiarebancaetica.coop\/ca\/?s={search_term_string}\"},\"query-input\":{\"@type\":\"PropertyValueSpecification\",\"valueRequired\":true,\"valueName\":\"search_term_string\"}}],\"inLanguage\":\"ca\"}]}<\/script>\n<!-- \/ Yoast SEO plugin. -->","yoast_head_json":{"title":"Reportaje Econom\u00eda Social y Banca \u00c9tica - Fiare Banca Etica","robots":{"index":"index","follow":"follow","max-snippet":"max-snippet:-1","max-image-preview":"max-image-preview:large","max-video-preview":"max-video-preview:-1"},"canonical":"https:\/\/www.fiarebancaetica.coop\/ca\/articolo\/reportaje-economia-social-y-banca-etica\/","og_locale":"ca_ES","og_type":"article","og_title":"Reportaje Econom\u00eda Social y Banca \u00c9tica - Fiare Banca Etica","og_description":"Reportaje Econom\u00eda Social y Banca \u00c9tica Programa Dossier InformativoCanal Extremadura TV 22 de Noviembre de 2014","og_url":"https:\/\/www.fiarebancaetica.coop\/ca\/articolo\/reportaje-economia-social-y-banca-etica\/","og_site_name":"Fiare Banca Etica","article_modified_time":"2024-02-21T09:03:36+00:00","twitter_card":"summary_large_image","schema":{"@context":"https:\/\/schema.org","@graph":[{"@type":"WebPage","@id":"https:\/\/www.fiarebancaetica.coop\/ca\/articolo\/reportaje-economia-social-y-banca-etica\/","url":"https:\/\/www.fiarebancaetica.coop\/ca\/articolo\/reportaje-economia-social-y-banca-etica\/","name":"Reportaje Econom\u00eda Social y Banca \u00c9tica - Fiare Banca Etica","isPartOf":{"@id":"https:\/\/www.fiarebancaetica.coop\/ca\/#website"},"datePublished":"2017-05-13T19:31:11+00:00","dateModified":"2024-02-21T09:03:36+00:00","breadcrumb":{"@id":"https:\/\/www.fiarebancaetica.coop\/ca\/articolo\/reportaje-economia-social-y-banca-etica\/#breadcrumb"},"inLanguage":"ca","potentialAction":[{"@type":"ReadAction","target":["https:\/\/www.fiarebancaetica.coop\/ca\/articolo\/reportaje-economia-social-y-banca-etica\/"]}]},{"@type":"BreadcrumbList","@id":"https:\/\/www.fiarebancaetica.coop\/ca\/articolo\/reportaje-economia-social-y-banca-etica\/#breadcrumb","itemListElement":[{"@type":"ListItem","position":1,"name":"Home","item":"https:\/\/www.fiarebancaetica.coop\/ca\/"},{"@type":"ListItem","position":2,"name":"Reportaje Econom\u00eda Social y Banca \u00c9tica"}]},{"@type":"WebSite","@id":"https:\/\/www.fiarebancaetica.coop\/ca\/#website","url":"https:\/\/www.fiarebancaetica.coop\/ca\/","name":"Fiare Banca Etica","description":"","potentialAction":[{"@type":"SearchAction","target":{"@type":"EntryPoint","urlTemplate":"https:\/\/www.fiarebancaetica.coop\/ca\/?s={search_term_string}"},"query-input":{"@type":"PropertyValueSpecification","valueRequired":true,"valueName":"search_term_string"}}],"inLanguage":"ca"}]}},"_links":{"self":[{"href":"https:\/\/www.fiarebancaetica.coop\/ca\/wp-json\/wp\/v2\/cbwpt_git_posts\/349261","targetHints":{"allow":["GET"]}}],"collection":[{"href":"https:\/\/www.fiarebancaetica.coop\/ca\/wp-json\/wp\/v2\/cbwpt_git_posts"}],"about":[{"href":"https:\/\/www.fiarebancaetica.coop\/ca\/wp-json\/wp\/v2\/types\/cbwpt_git_posts"}],"author":[{"embeddable":true,"href":"https:\/\/www.fiarebancaetica.coop\/ca\/wp-json\/wp\/v2\/users\/1"}],"version-history":[{"count":1,"href":"https:\/\/www.fiarebancaetica.coop\/ca\/wp-json\/wp\/v2\/cbwpt_git_posts\/349261\/revisions"}],"predecessor-version":[{"id":351751,"href":"https:\/\/www.fiarebancaetica.coop\/ca\/wp-json\/wp\/v2\/cbwpt_git_posts\/349261\/revisions\/351751"}],"wp:attachment":[{"href":"https:\/\/www.fiarebancaetica.coop\/ca\/wp-json\/wp\/v2\/media?parent=349261"}],"wp:term":[{"taxonomy":"cbwpt_tags","embeddable":true,"href":"https:\/\/www.fiarebancaetica.coop\/ca\/wp-json\/wp\/v2\/git_tags?post=349261"},{"taxonomy":"author","embeddable":true,"href":"https:\/\/www.fiarebancaetica.coop\/ca\/wp-json\/wp\/v2\/coauthors?post=349261"}],"curies":[{"name":"wp","href":"https:\/\/api.w.org\/{rel}","templated":true}]}}