{"id":349538,"date":"2016-05-19T18:09:36","date_gmt":"2016-05-19T16:09:36","guid":{"rendered":"https:\/\/www.fiarebancaetica.coop\/articolo\/jornades-el-valor-del-dinero-al-castell-dalaquas\/"},"modified":"2024-02-21T10:16:38","modified_gmt":"2024-02-21T09:16:38","slug":"jornades-el-valor-del-dinero-al-castell-dalaquas","status":"publish","type":"cbwpt_git_posts","link":"https:\/\/www.fiarebancaetica.coop\/ca\/articolo\/jornades-el-valor-del-dinero-al-castell-dalaquas\/","title":{"rendered":"Jornades &#8220;El Valor del Dinero&#8221; al Castell d&#8217;Alaqu\u00e0s"},"author":8060,"featured_media":361643,"parent":0,"template":"","meta":{"_acf_changed":false},"git_tags":[11230],"coauthors":[12483],"class_list":["post-349538","cbwpt_git_posts","type-cbwpt_git_posts","status-publish","has-post-thumbnail","hentry"],"acf":[],"yoast_head":"<!-- This site is optimized with the Yoast SEO plugin v26.9 - https:\/\/yoast.com\/product\/yoast-seo-wordpress\/ -->\n<title>Jornades &quot;El Valor del Dinero&quot; al Castell d&#039;Alaqu\u00e0s - Fiare Banca Etica<\/title>\n<meta name=\"robots\" content=\"index, follow, max-snippet:-1, max-image-preview:large, max-video-preview:-1\" \/>\n<link rel=\"canonical\" href=\"https:\/\/www.fiarebancaetica.coop\/ca\/articolo\/jornades-el-valor-del-dinero-al-castell-dalaquas\/\" \/>\n<meta property=\"og:locale\" content=\"ca_ES\" \/>\n<meta property=\"og:type\" content=\"article\" \/>\n<meta property=\"og:title\" content=\"Jornades &quot;El Valor del Dinero&quot; al Castell d&#039;Alaqu\u00e0s - Fiare Banca Etica\" \/>\n<meta property=\"og:description\" content=\"El pasado 17 de mayo en el Castell d&#8217;Alaqu\u00e0s, hemos estado\u00a0aprendiendo, compartiendo y debatiendo con Peru Sasia de Fiare Banca \u00c9tica, Paco Alos de Caixa Popular y con los compa\u00f1eros de Novaterra sobre &#8220;El valor del dinero. Finanzas \u00e9ticas y solidarias&#8221;\" \/>\n<meta property=\"og:url\" content=\"https:\/\/www.fiarebancaetica.coop\/ca\/articolo\/jornades-el-valor-del-dinero-al-castell-dalaquas\/\" \/>\n<meta property=\"og:site_name\" content=\"Fiare Banca Etica\" \/>\n<meta property=\"article:modified_time\" content=\"2024-02-21T09:16:38+00:00\" \/>\n<meta property=\"og:image\" content=\"https:\/\/www.fiarebancaetica.coop\/app\/uploads\/sites\/2\/2024\/01\/cover-4.jpg\" \/>\n\t<meta property=\"og:image:width\" content=\"1600\" \/>\n\t<meta property=\"og:image:height\" content=\"900\" \/>\n\t<meta property=\"og:image:type\" content=\"image\/jpeg\" \/>\n<meta name=\"twitter:card\" content=\"summary_large_image\" \/>\n<script type=\"application\/ld+json\" class=\"yoast-schema-graph\">{\"@context\":\"https:\/\/schema.org\",\"@graph\":[{\"@type\":\"WebPage\",\"@id\":\"https:\/\/www.fiarebancaetica.coop\/ca\/articolo\/jornades-el-valor-del-dinero-al-castell-dalaquas\/\",\"url\":\"https:\/\/www.fiarebancaetica.coop\/ca\/articolo\/jornades-el-valor-del-dinero-al-castell-dalaquas\/\",\"name\":\"Jornades \\\"El Valor del Dinero\\\" al Castell d'Alaqu\u00e0s - Fiare Banca Etica\",\"isPartOf\":{\"@id\":\"https:\/\/www.fiarebancaetica.coop\/ca\/#website\"},\"primaryImageOfPage\":{\"@id\":\"https:\/\/www.fiarebancaetica.coop\/ca\/articolo\/jornades-el-valor-del-dinero-al-castell-dalaquas\/#primaryimage\"},\"image\":{\"@id\":\"https:\/\/www.fiarebancaetica.coop\/ca\/articolo\/jornades-el-valor-del-dinero-al-castell-dalaquas\/#primaryimage\"},\"thumbnailUrl\":\"https:\/\/www.fiarebancaetica.coop\/app\/uploads\/sites\/2\/2024\/01\/cover-4.jpg\",\"datePublished\":\"2016-05-19T16:09:36+00:00\",\"dateModified\":\"2024-02-21T09:16:38+00:00\",\"breadcrumb\":{\"@id\":\"https:\/\/www.fiarebancaetica.coop\/ca\/articolo\/jornades-el-valor-del-dinero-al-castell-dalaquas\/#breadcrumb\"},\"inLanguage\":\"ca\",\"potentialAction\":[{\"@type\":\"ReadAction\",\"target\":[\"https:\/\/www.fiarebancaetica.coop\/ca\/articolo\/jornades-el-valor-del-dinero-al-castell-dalaquas\/\"]}]},{\"@type\":\"ImageObject\",\"inLanguage\":\"ca\",\"@id\":\"https:\/\/www.fiarebancaetica.coop\/ca\/articolo\/jornades-el-valor-del-dinero-al-castell-dalaquas\/#primaryimage\",\"url\":\"https:\/\/www.fiarebancaetica.coop\/app\/uploads\/sites\/2\/2024\/01\/cover-4.jpg\",\"contentUrl\":\"https:\/\/www.fiarebancaetica.coop\/app\/uploads\/sites\/2\/2024\/01\/cover-4.jpg\",\"width\":1600,\"height\":900},{\"@type\":\"BreadcrumbList\",\"@id\":\"https:\/\/www.fiarebancaetica.coop\/ca\/articolo\/jornades-el-valor-del-dinero-al-castell-dalaquas\/#breadcrumb\",\"itemListElement\":[{\"@type\":\"ListItem\",\"position\":1,\"name\":\"Home\",\"item\":\"https:\/\/www.fiarebancaetica.coop\/ca\/\"},{\"@type\":\"ListItem\",\"position\":2,\"name\":\"Jornades &#8220;El Valor del Dinero&#8221; al Castell d&#8217;Alaqu\u00e0s\"}]},{\"@type\":\"WebSite\",\"@id\":\"https:\/\/www.fiarebancaetica.coop\/ca\/#website\",\"url\":\"https:\/\/www.fiarebancaetica.coop\/ca\/\",\"name\":\"Fiare Banca Etica\",\"description\":\"\",\"potentialAction\":[{\"@type\":\"SearchAction\",\"target\":{\"@type\":\"EntryPoint\",\"urlTemplate\":\"https:\/\/www.fiarebancaetica.coop\/ca\/?s={search_term_string}\"},\"query-input\":{\"@type\":\"PropertyValueSpecification\",\"valueRequired\":true,\"valueName\":\"search_term_string\"}}],\"inLanguage\":\"ca\"}]}<\/script>\n<!-- \/ Yoast SEO plugin. -->","yoast_head_json":{"title":"Jornades \"El Valor del Dinero\" al Castell d'Alaqu\u00e0s - Fiare Banca Etica","robots":{"index":"index","follow":"follow","max-snippet":"max-snippet:-1","max-image-preview":"max-image-preview:large","max-video-preview":"max-video-preview:-1"},"canonical":"https:\/\/www.fiarebancaetica.coop\/ca\/articolo\/jornades-el-valor-del-dinero-al-castell-dalaquas\/","og_locale":"ca_ES","og_type":"article","og_title":"Jornades \"El Valor del Dinero\" al Castell d'Alaqu\u00e0s - Fiare Banca Etica","og_description":"El pasado 17 de mayo en el Castell d&#8217;Alaqu\u00e0s, hemos estado\u00a0aprendiendo, compartiendo y debatiendo con Peru Sasia de Fiare Banca \u00c9tica, Paco Alos de Caixa Popular y con los compa\u00f1eros de Novaterra sobre &#8220;El valor del dinero. Finanzas \u00e9ticas y solidarias&#8221;","og_url":"https:\/\/www.fiarebancaetica.coop\/ca\/articolo\/jornades-el-valor-del-dinero-al-castell-dalaquas\/","og_site_name":"Fiare Banca Etica","article_modified_time":"2024-02-21T09:16:38+00:00","og_image":[{"width":1600,"height":900,"url":"https:\/\/www.fiarebancaetica.coop\/app\/uploads\/sites\/2\/2024\/01\/cover-4.jpg","type":"image\/jpeg"}],"twitter_card":"summary_large_image","schema":{"@context":"https:\/\/schema.org","@graph":[{"@type":"WebPage","@id":"https:\/\/www.fiarebancaetica.coop\/ca\/articolo\/jornades-el-valor-del-dinero-al-castell-dalaquas\/","url":"https:\/\/www.fiarebancaetica.coop\/ca\/articolo\/jornades-el-valor-del-dinero-al-castell-dalaquas\/","name":"Jornades \"El Valor del Dinero\" al Castell d'Alaqu\u00e0s - Fiare Banca Etica","isPartOf":{"@id":"https:\/\/www.fiarebancaetica.coop\/ca\/#website"},"primaryImageOfPage":{"@id":"https:\/\/www.fiarebancaetica.coop\/ca\/articolo\/jornades-el-valor-del-dinero-al-castell-dalaquas\/#primaryimage"},"image":{"@id":"https:\/\/www.fiarebancaetica.coop\/ca\/articolo\/jornades-el-valor-del-dinero-al-castell-dalaquas\/#primaryimage"},"thumbnailUrl":"https:\/\/www.fiarebancaetica.coop\/app\/uploads\/sites\/2\/2024\/01\/cover-4.jpg","datePublished":"2016-05-19T16:09:36+00:00","dateModified":"2024-02-21T09:16:38+00:00","breadcrumb":{"@id":"https:\/\/www.fiarebancaetica.coop\/ca\/articolo\/jornades-el-valor-del-dinero-al-castell-dalaquas\/#breadcrumb"},"inLanguage":"ca","potentialAction":[{"@type":"ReadAction","target":["https:\/\/www.fiarebancaetica.coop\/ca\/articolo\/jornades-el-valor-del-dinero-al-castell-dalaquas\/"]}]},{"@type":"ImageObject","inLanguage":"ca","@id":"https:\/\/www.fiarebancaetica.coop\/ca\/articolo\/jornades-el-valor-del-dinero-al-castell-dalaquas\/#primaryimage","url":"https:\/\/www.fiarebancaetica.coop\/app\/uploads\/sites\/2\/2024\/01\/cover-4.jpg","contentUrl":"https:\/\/www.fiarebancaetica.coop\/app\/uploads\/sites\/2\/2024\/01\/cover-4.jpg","width":1600,"height":900},{"@type":"BreadcrumbList","@id":"https:\/\/www.fiarebancaetica.coop\/ca\/articolo\/jornades-el-valor-del-dinero-al-castell-dalaquas\/#breadcrumb","itemListElement":[{"@type":"ListItem","position":1,"name":"Home","item":"https:\/\/www.fiarebancaetica.coop\/ca\/"},{"@type":"ListItem","position":2,"name":"Jornades &#8220;El Valor del Dinero&#8221; al Castell d&#8217;Alaqu\u00e0s"}]},{"@type":"WebSite","@id":"https:\/\/www.fiarebancaetica.coop\/ca\/#website","url":"https:\/\/www.fiarebancaetica.coop\/ca\/","name":"Fiare Banca Etica","description":"","potentialAction":[{"@type":"SearchAction","target":{"@type":"EntryPoint","urlTemplate":"https:\/\/www.fiarebancaetica.coop\/ca\/?s={search_term_string}"},"query-input":{"@type":"PropertyValueSpecification","valueRequired":true,"valueName":"search_term_string"}}],"inLanguage":"ca"}]}},"_links":{"self":[{"href":"https:\/\/www.fiarebancaetica.coop\/ca\/wp-json\/wp\/v2\/cbwpt_git_posts\/349538","targetHints":{"allow":["GET"]}}],"collection":[{"href":"https:\/\/www.fiarebancaetica.coop\/ca\/wp-json\/wp\/v2\/cbwpt_git_posts"}],"about":[{"href":"https:\/\/www.fiarebancaetica.coop\/ca\/wp-json\/wp\/v2\/types\/cbwpt_git_posts"}],"author":[{"embeddable":true,"href":"https:\/\/www.fiarebancaetica.coop\/ca\/wp-json\/wp\/v2\/users\/8060"}],"version-history":[{"count":1,"href":"https:\/\/www.fiarebancaetica.coop\/ca\/wp-json\/wp\/v2\/cbwpt_git_posts\/349538\/revisions"}],"predecessor-version":[{"id":351868,"href":"https:\/\/www.fiarebancaetica.coop\/ca\/wp-json\/wp\/v2\/cbwpt_git_posts\/349538\/revisions\/351868"}],"wp:featuredmedia":[{"embeddable":true,"href":"https:\/\/www.fiarebancaetica.coop\/ca\/wp-json\/wp\/v2\/media\/361643"}],"wp:attachment":[{"href":"https:\/\/www.fiarebancaetica.coop\/ca\/wp-json\/wp\/v2\/media?parent=349538"}],"wp:term":[{"taxonomy":"cbwpt_tags","embeddable":true,"href":"https:\/\/www.fiarebancaetica.coop\/ca\/wp-json\/wp\/v2\/git_tags?post=349538"},{"taxonomy":"author","embeddable":true,"href":"https:\/\/www.fiarebancaetica.coop\/ca\/wp-json\/wp\/v2\/coauthors?post=349538"}],"curies":[{"name":"wp","href":"https:\/\/api.w.org\/{rel}","templated":true}]}}