{"id":349639,"date":"2016-03-09T19:00:22","date_gmt":"2016-03-09T18:00:22","guid":{"rendered":"https:\/\/www.fiarebancaetica.coop\/articolo\/entrevista-a-ramon-cardona-coordinador-del-git\/"},"modified":"2024-02-21T10:20:39","modified_gmt":"2024-02-21T09:20:39","slug":"entrevista-a-ramon-cardona-coordinador-del-git","status":"publish","type":"cbwpt_git_posts","link":"https:\/\/www.fiarebancaetica.coop\/ca\/articolo\/entrevista-a-ramon-cardona-coordinador-del-git\/","title":{"rendered":"Entrevista a Ram\u00f3n Cardona, coordinador del GIT"},"author":8060,"featured_media":0,"parent":0,"template":"","meta":{"_acf_changed":false},"git_tags":[11230],"coauthors":[12483],"class_list":["post-349639","cbwpt_git_posts","type-cbwpt_git_posts","status-publish","hentry"],"acf":[],"yoast_head":"<!-- This site is optimized with the Yoast SEO plugin v26.9 - https:\/\/yoast.com\/product\/yoast-seo-wordpress\/ -->\n<title>Entrevista a Ram\u00f3n Cardona, coordinador del GIT - Fiare Banca Etica<\/title>\n<meta name=\"robots\" content=\"index, follow, max-snippet:-1, max-image-preview:large, max-video-preview:-1\" \/>\n<link rel=\"canonical\" href=\"https:\/\/www.fiarebancaetica.coop\/ca\/articolo\/entrevista-a-ramon-cardona-coordinador-del-git\/\" \/>\n<meta property=\"og:locale\" content=\"ca_ES\" \/>\n<meta property=\"og:type\" content=\"article\" \/>\n<meta property=\"og:title\" content=\"Entrevista a Ram\u00f3n Cardona, coordinador del GIT - Fiare Banca Etica\" \/>\n<meta property=\"og:description\" content=\"Enlace a la entrevista realizada a Ram\u00f3n Cardona, coordinador del Grupo de Iniciativa Territorial de la Comunidad Valenciana de Fiare Banca \u00c9tica: http:\/\/bloglallar.blogspot.com.es\/2016\/03\/entrevista-ramon-cardona-de-fiare-banca.html\" \/>\n<meta property=\"og:url\" content=\"https:\/\/www.fiarebancaetica.coop\/ca\/articolo\/entrevista-a-ramon-cardona-coordinador-del-git\/\" \/>\n<meta property=\"og:site_name\" content=\"Fiare Banca Etica\" \/>\n<meta property=\"article:modified_time\" content=\"2024-02-21T09:20:39+00:00\" \/>\n<meta name=\"twitter:card\" content=\"summary_large_image\" \/>\n<script type=\"application\/ld+json\" class=\"yoast-schema-graph\">{\"@context\":\"https:\/\/schema.org\",\"@graph\":[{\"@type\":\"WebPage\",\"@id\":\"https:\/\/www.fiarebancaetica.coop\/ca\/articolo\/entrevista-a-ramon-cardona-coordinador-del-git\/\",\"url\":\"https:\/\/www.fiarebancaetica.coop\/ca\/articolo\/entrevista-a-ramon-cardona-coordinador-del-git\/\",\"name\":\"Entrevista a Ram\u00f3n Cardona, coordinador del GIT - Fiare Banca Etica\",\"isPartOf\":{\"@id\":\"https:\/\/www.fiarebancaetica.coop\/ca\/#website\"},\"datePublished\":\"2016-03-09T18:00:22+00:00\",\"dateModified\":\"2024-02-21T09:20:39+00:00\",\"breadcrumb\":{\"@id\":\"https:\/\/www.fiarebancaetica.coop\/ca\/articolo\/entrevista-a-ramon-cardona-coordinador-del-git\/#breadcrumb\"},\"inLanguage\":\"ca\",\"potentialAction\":[{\"@type\":\"ReadAction\",\"target\":[\"https:\/\/www.fiarebancaetica.coop\/ca\/articolo\/entrevista-a-ramon-cardona-coordinador-del-git\/\"]}]},{\"@type\":\"BreadcrumbList\",\"@id\":\"https:\/\/www.fiarebancaetica.coop\/ca\/articolo\/entrevista-a-ramon-cardona-coordinador-del-git\/#breadcrumb\",\"itemListElement\":[{\"@type\":\"ListItem\",\"position\":1,\"name\":\"Home\",\"item\":\"https:\/\/www.fiarebancaetica.coop\/ca\/\"},{\"@type\":\"ListItem\",\"position\":2,\"name\":\"Entrevista a Ram\u00f3n Cardona, coordinador del GIT\"}]},{\"@type\":\"WebSite\",\"@id\":\"https:\/\/www.fiarebancaetica.coop\/ca\/#website\",\"url\":\"https:\/\/www.fiarebancaetica.coop\/ca\/\",\"name\":\"Fiare Banca Etica\",\"description\":\"\",\"potentialAction\":[{\"@type\":\"SearchAction\",\"target\":{\"@type\":\"EntryPoint\",\"urlTemplate\":\"https:\/\/www.fiarebancaetica.coop\/ca\/?s={search_term_string}\"},\"query-input\":{\"@type\":\"PropertyValueSpecification\",\"valueRequired\":true,\"valueName\":\"search_term_string\"}}],\"inLanguage\":\"ca\"}]}<\/script>\n<!-- \/ Yoast SEO plugin. -->","yoast_head_json":{"title":"Entrevista a Ram\u00f3n Cardona, coordinador del GIT - Fiare Banca Etica","robots":{"index":"index","follow":"follow","max-snippet":"max-snippet:-1","max-image-preview":"max-image-preview:large","max-video-preview":"max-video-preview:-1"},"canonical":"https:\/\/www.fiarebancaetica.coop\/ca\/articolo\/entrevista-a-ramon-cardona-coordinador-del-git\/","og_locale":"ca_ES","og_type":"article","og_title":"Entrevista a Ram\u00f3n Cardona, coordinador del GIT - Fiare Banca Etica","og_description":"Enlace a la entrevista realizada a Ram\u00f3n Cardona, coordinador del Grupo de Iniciativa Territorial de la Comunidad Valenciana de Fiare Banca \u00c9tica: http:\/\/bloglallar.blogspot.com.es\/2016\/03\/entrevista-ramon-cardona-de-fiare-banca.html","og_url":"https:\/\/www.fiarebancaetica.coop\/ca\/articolo\/entrevista-a-ramon-cardona-coordinador-del-git\/","og_site_name":"Fiare Banca Etica","article_modified_time":"2024-02-21T09:20:39+00:00","twitter_card":"summary_large_image","schema":{"@context":"https:\/\/schema.org","@graph":[{"@type":"WebPage","@id":"https:\/\/www.fiarebancaetica.coop\/ca\/articolo\/entrevista-a-ramon-cardona-coordinador-del-git\/","url":"https:\/\/www.fiarebancaetica.coop\/ca\/articolo\/entrevista-a-ramon-cardona-coordinador-del-git\/","name":"Entrevista a Ram\u00f3n Cardona, coordinador del GIT - Fiare Banca Etica","isPartOf":{"@id":"https:\/\/www.fiarebancaetica.coop\/ca\/#website"},"datePublished":"2016-03-09T18:00:22+00:00","dateModified":"2024-02-21T09:20:39+00:00","breadcrumb":{"@id":"https:\/\/www.fiarebancaetica.coop\/ca\/articolo\/entrevista-a-ramon-cardona-coordinador-del-git\/#breadcrumb"},"inLanguage":"ca","potentialAction":[{"@type":"ReadAction","target":["https:\/\/www.fiarebancaetica.coop\/ca\/articolo\/entrevista-a-ramon-cardona-coordinador-del-git\/"]}]},{"@type":"BreadcrumbList","@id":"https:\/\/www.fiarebancaetica.coop\/ca\/articolo\/entrevista-a-ramon-cardona-coordinador-del-git\/#breadcrumb","itemListElement":[{"@type":"ListItem","position":1,"name":"Home","item":"https:\/\/www.fiarebancaetica.coop\/ca\/"},{"@type":"ListItem","position":2,"name":"Entrevista a Ram\u00f3n Cardona, coordinador del GIT"}]},{"@type":"WebSite","@id":"https:\/\/www.fiarebancaetica.coop\/ca\/#website","url":"https:\/\/www.fiarebancaetica.coop\/ca\/","name":"Fiare Banca Etica","description":"","potentialAction":[{"@type":"SearchAction","target":{"@type":"EntryPoint","urlTemplate":"https:\/\/www.fiarebancaetica.coop\/ca\/?s={search_term_string}"},"query-input":{"@type":"PropertyValueSpecification","valueRequired":true,"valueName":"search_term_string"}}],"inLanguage":"ca"}]}},"_links":{"self":[{"href":"https:\/\/www.fiarebancaetica.coop\/ca\/wp-json\/wp\/v2\/cbwpt_git_posts\/349639","targetHints":{"allow":["GET"]}}],"collection":[{"href":"https:\/\/www.fiarebancaetica.coop\/ca\/wp-json\/wp\/v2\/cbwpt_git_posts"}],"about":[{"href":"https:\/\/www.fiarebancaetica.coop\/ca\/wp-json\/wp\/v2\/types\/cbwpt_git_posts"}],"author":[{"embeddable":true,"href":"https:\/\/www.fiarebancaetica.coop\/ca\/wp-json\/wp\/v2\/users\/8060"}],"version-history":[{"count":1,"href":"https:\/\/www.fiarebancaetica.coop\/ca\/wp-json\/wp\/v2\/cbwpt_git_posts\/349639\/revisions"}],"predecessor-version":[{"id":349640,"href":"https:\/\/www.fiarebancaetica.coop\/ca\/wp-json\/wp\/v2\/cbwpt_git_posts\/349639\/revisions\/349640"}],"wp:attachment":[{"href":"https:\/\/www.fiarebancaetica.coop\/ca\/wp-json\/wp\/v2\/media?parent=349639"}],"wp:term":[{"taxonomy":"cbwpt_tags","embeddable":true,"href":"https:\/\/www.fiarebancaetica.coop\/ca\/wp-json\/wp\/v2\/git_tags?post=349639"},{"taxonomy":"author","embeddable":true,"href":"https:\/\/www.fiarebancaetica.coop\/ca\/wp-json\/wp\/v2\/coauthors?post=349639"}],"curies":[{"name":"wp","href":"https:\/\/api.w.org\/{rel}","templated":true}]}}