{"id":342985,"date":"2023-11-08T00:00:00","date_gmt":"2023-11-07T23:00:00","guid":{"rendered":"https:\/\/www.fiarebancaetica.coop\/nueva-campana-de-ampliacion-de-capital-social-para-aumentar-el-credito-a-la-economia-social\/"},"modified":"2024-02-21T14:41:22","modified_gmt":"2024-02-21T13:41:22","slug":"nueva-campana-de-ampliacion-de-capital-social-para-aumentar-el-credito-a-la-economia-social","status":"publish","type":"post","link":"https:\/\/www.fiarebancaetica.coop\/ca\/nueva-campana-de-ampliacion-de-capital-social-para-aumentar-el-credito-a-la-economia-social\/","title":{"rendered":"Nova campanya d&#8217;ampliaci\u00f3 de capital social per a augmentar el cr\u00e8dit a l&#8217;Economia Social"},"content":{"rendered":"\n\n<div class=\"wp-block-bancaetica-blocks-blocks-block-49\">\n    <div class=\"container-block-49\">\n\n        <div class=\"header-section \">\n                            <h1 class=\"section-title\"> \u00c8tica i cooperativa <\/h1>\n                                            <\/div>\n\n        \n        <div class=\"block-background\" style=\"background-image: url('https:\/\/www.fiarebancaetica.coop\/app\/uploads\/sites\/2\/2023\/12\/nueva-campana-de-ampliacion-de-capital-social-para-aumentar-el-credito-economia-social.jpg')\">\n                            <div class=\"tile\">\n                    <h1 class=\"image-title\"> Nova campanya d&#8217;ampliaci\u00f3 de capital social per a augmentar el cr\u00e8dit a l&#8217;Economia Social <\/h1>\n                <\/div>             <!-- end .tile -->\n            <div class=\"bottom-content\">\n                            <\/div> <!-- end .button-content -->\n        <\/div> <!-- end .block-background -->\n    <\/div> <!-- end .container -->\n<\/div> <!-- end wp-block-bancaetica-blocks-blocks-block-06 -->\n\n<p>Hem iniciat aquesta campanya d&#8217;oferta\u00a0 p\u00fablica d&#8217;accions amb la finalitat d&#8217;incrementar la nostra capacitat de concessi\u00f3 de cr\u00e8dit per a projectes d&#8217;impacte.<\/p>\n<p>La campanya, que es dirigeix tant a particulars com a organitzacions interessades en la posada en valor de les persones i les seves necessitats respectant alhora el medi ambient, acaba el pr\u00f2xim 24 de mar\u00e7.<br \/><br \/>Segons c\u00e0lculs realitzats a partir de les dades dels tres \u00faltims anys, el nostre banc presta quinze vegades la seva capital social, la qual cosa suposa que per cada mil euros de nou capital, l&#8217;entitat podr\u00e0 concedir cr\u00e8dit per valor de 15.000 euros per a projectes d&#8217;impacte a nivell social, econ\u00f2mic i mediambiental per a la comunitat i el territori.<br \/><br \/>Banca\u00a0Etica\u00a0compta ja amb m\u00e9s de 47.000 persones s\u00f2cies que han fet possible disposar d&#8217;un capital social de 88,67 milions d&#8217;euros a data de juliol de 2023. Aix\u00f2 suposa un 27% m\u00e9s que en 2018 i la confirmaci\u00f3 del creixent inter\u00e8s de la societat per participar en l&#8217;economia social, en entitats que posen en valor la prestaci\u00f3 de serveis amb els principis de cooperaci\u00f3 i participaci\u00f3 interna.<br \/><br \/>L&#8217;any passat les seves inversions van aconseguir els 327,7 milions d&#8217;euros. Aquests van fer possible destinar <strong>113,7 milions a projectes d&#8217;impacte sobre el medi ambient, 80,4 milions a projectes d&#8217;integraci\u00f3 social, 21 a plans de l&#8217;\u00e0mbit cultural i 38,9 a l&#8217;\u00e0mbit internacional<\/strong>. A Espanya l&#8217;economia social i solid\u00e0ria va obtenir un finan\u00e7ament de 40 milions d&#8217;euros, dels quals 28 es van destinar a projectes d&#8217;\u00e0mbit social.<br \/><br \/>Per a la presidenta de l&#8217;entitat, Anna\u00a0Fasano, l&#8217;ampliaci\u00f3 de capital no respon a l&#8217;ambici\u00f3 de \u201ctenir ingressos que guardar en una caixa forta ni beneficis que augmentin els dividends\u201d, sin\u00f3 a la necessitat de \u201cdesenvolupar iniciatives que s&#8217;oposin al canvi clim\u00e0tic, contrarestin l&#8217;economia de la guerra, promoguin els drets humans i desenvolupin l&#8217;economia social i pel b\u00e9 com\u00fa\u201d. Lluny de causar un detriment en el b\u00e9 com\u00fa, \u201cles finances \u00e8tiques posen a les persones i el planeta en el centre de l&#8217;activitat econ\u00f2mica i financera\u201d, segons paraules de la pr\u00f2pia\u00a0Fasano.<br \/><br \/>Cada acci\u00f3 emesa per l&#8217;entitat t\u00e9 un preu unitari de 61 euros, dels quals 52,50 corresponen al valor nominal i 8,50 a la prima d&#8217;emissi\u00f3. Per a convertir-se en persona s\u00f2cia de\u00a0Fiare\u00a0Banca\u00a0Etica\u00a0s&#8217;haur\u00e0 de disposar de compte corrent en l\u00ednia i adquirir un m\u00ednim de cinc accions.<\/p>\n<h2>Impacte positiu<\/h2>\n<p>Els cr\u00e8dits concedits per Banca\u00a0Etica\u00a0tenen impacte positiu perqu\u00e8 contribueixen a generar un canvi cap a una societat m\u00e9s justa i inclusiva que respecta a les persones i els ecosistemes, construint nous models de desenvolupament que conjuminen de manera harmoniosa la sostenibilitat econ\u00f2mica, social i ambiental.<\/p>\n<p>Recentment <strong>el banc ha destinat prop d&#8217;un 10% del benefici acumulat en 2022 a mesures de suport a socis i clients per a pal\u00b7liar la pujada de tipus d&#8217;inter\u00e8s<\/strong>. En el cas de les cooperatives d&#8217;habitatge ha suposat l&#8217;eliminaci\u00f3 del diferencial de tipus d&#8217;inter\u00e8s sobre l&#8217;Euribor durant un any.<\/p>\n<h2>Vols ser part del canvi?<\/h2>\n<p>A part de fer el pas de fer-te soci\/a o ampliar la teva capital, pots ajudar-nos a difondre la campanya, compartint els nostres missatges de les xarxes socials. O descarregar les imatges aqu\u00ed i\u00a0comp\u00e1rtirlas\u00a0per Whatsapp o en les teves xarxes.<\/p>\n<p><a href=\"https:\/\/www.fiarebancaetica.coop\/sites\/fiarebancaetica.com\/files\/documenti\/soy-socio\/castellano.jpeg\"><img decoding=\"async\" style=\"width: 230px;height: 313px\" src=\"http:\/\/www.fiarebancaetica.coop\/app\/uploads\/sites\/2\/2023\/12\/WhatsApp-Image-2023-10-17-at-12.02.54-1.jpeg\" alt=\"\" \/><\/a>\u00a0<a href=\"https:\/\/www.fiarebancaetica.coop\/sites\/fiarebancaetica.com\/files\/documenti\/soy-socio\/catala.jpeg\"><img decoding=\"async\" style=\"width: 230px;height: 313px\" src=\"http:\/\/www.fiarebancaetica.coop\/app\/uploads\/sites\/2\/2023\/12\/WhatsApp-Image-2023-10-17-at-12.02.54-3.jpeg\" alt=\"\" \/><\/a><\/p>\n<p><a href=\"https:\/\/www.fiarebancaetica.coop\/sites\/fiarebancaetica.com\/files\/documenti\/soy-socio\/galego.jpeg\"><img decoding=\"async\" style=\"width: 230px;height: 313px\" src=\"http:\/\/www.fiarebancaetica.coop\/app\/uploads\/sites\/2\/2023\/12\/WhatsApp-Image-2023-10-17-at-12.02.54-1.jpeg\" alt=\"\" \/><\/a>\u00a0 <a href=\"https:\/\/www.fiarebancaetica.coop\/sites\/fiarebancaetica.com\/files\/documenti\/soy-socio\/euskera.jpeg\"><img decoding=\"async\" style=\"width: 230px;height: 313px\" src=\"http:\/\/www.fiarebancaetica.coop\/app\/uploads\/sites\/2\/2023\/12\/WhatsApp-Image-2023-10-17-at-12.02.54.jpeg\" alt=\"\" \/><\/a><\/p>\n<p><a href=\"http:\/\/www.fiarebancaetica.coop\/capitalsocial\" data-wplink-edit=\"true\">www.fiarebancaetica.coop\/capitalsocial<\/a><\/p>\n\n\n<p><\/p>\n","protected":false},"excerpt":{"rendered":"<p>\n\tLa entidad bancaria cooperativa de finanzas \u00e9ticas lanza hasta el 24 de marzo una nueva campa\u00f1a de oferta p\u00fablica de acciones con el fin de incrementar su capacidad de concesi\u00f3n de cr\u00e9dito para proyectos de impacto.<\/p>\n<p>\n\tFiare Banca Etica presta quince veces su capital social, lo que supone que por cada mil euros de nuevo capital, la entidad podr\u00e1 conceder cr\u00e9dito por valor de 15000 euros.<\/p>\n","protected":false},"author":2,"featured_media":330606,"comment_status":"open","ping_status":"closed","sticky":false,"template":"","format":"standard","meta":{"_acf_changed":false,"footnotes":""},"categories":[11643,1],"tags":[],"coauthors":[2891],"class_list":["post-342985","post","type-post","status-publish","format-standard","has-post-thumbnail","hentry","category-finances-etiques","category-proyectos-colectivos"],"acf":[],"yoast_head":"<!-- This site is optimized with the Yoast SEO plugin v26.9 - https:\/\/yoast.com\/product\/yoast-seo-wordpress\/ -->\n<title>Nova campanya d&#039;ampliaci\u00f3 de capital social per a augmentar el cr\u00e8dit a l&#039;Economia Social - Fiare Banca Etica<\/title>\n<meta name=\"robots\" content=\"index, follow, max-snippet:-1, max-image-preview:large, max-video-preview:-1\" \/>\n<link rel=\"canonical\" href=\"https:\/\/www.fiarebancaetica.coop\/ca\/nueva-campana-de-ampliacion-de-capital-social-para-aumentar-el-credito-a-la-economia-social\/\" \/>\n<meta property=\"og:locale\" content=\"ca_ES\" \/>\n<meta property=\"og:type\" content=\"article\" \/>\n<meta property=\"og:title\" content=\"Nova campanya d&#039;ampliaci\u00f3 de capital social per a augmentar el cr\u00e8dit a l&#039;Economia Social - Fiare Banca Etica\" \/>\n<meta property=\"og:description\" content=\"La entidad bancaria cooperativa de finanzas \u00e9ticas lanza hasta el 24 de marzo una nueva campa\u00f1a de oferta p\u00fablica de acciones con el fin de incrementar su capacidad de concesi\u00f3n de cr\u00e9dito para proyectos de impacto.  Fiare Banca Etica presta quince veces su capital social, lo que supone que por cada mil euros de nuevo capital, la entidad podr\u00e1 conceder cr\u00e9dito por valor de 15000 euros.\" \/>\n<meta property=\"og:url\" content=\"https:\/\/www.fiarebancaetica.coop\/ca\/nueva-campana-de-ampliacion-de-capital-social-para-aumentar-el-credito-a-la-economia-social\/\" \/>\n<meta property=\"og:site_name\" content=\"Fiare Banca Etica\" \/>\n<meta property=\"article:published_time\" content=\"2023-11-07T23:00:00+00:00\" \/>\n<meta property=\"article:modified_time\" content=\"2024-02-21T13:41:22+00:00\" \/>\n<meta property=\"og:image\" content=\"https:\/\/www.fiarebancaetica.coop\/app\/uploads\/sites\/2\/2023\/12\/nueva-campana-de-ampliacion-de-capital-social-para-aumentar-el-credito-economia-social.jpg\" \/>\n\t<meta property=\"og:image:width\" content=\"580\" \/>\n\t<meta property=\"og:image:height\" content=\"250\" \/>\n\t<meta property=\"og:image:type\" content=\"image\/jpeg\" \/>\n<meta name=\"author\" content=\"crispyadmin0\" \/>\n<meta name=\"twitter:card\" content=\"summary_large_image\" \/>\n<script type=\"application\/ld+json\" class=\"yoast-schema-graph\">{\"@context\":\"https:\/\/schema.org\",\"@graph\":[{\"@type\":\"Article\",\"@id\":\"https:\/\/www.fiarebancaetica.coop\/ca\/nueva-campana-de-ampliacion-de-capital-social-para-aumentar-el-credito-a-la-economia-social\/#article\",\"isPartOf\":{\"@id\":\"https:\/\/www.fiarebancaetica.coop\/ca\/nueva-campana-de-ampliacion-de-capital-social-para-aumentar-el-credito-a-la-economia-social\/\"},\"author\":{\"name\":\"crispyadmin0\",\"@id\":\"https:\/\/www.fiarebancaetica.coop\/ca\/#\/schema\/person\/579841e89c804b5db05d9141bd9b8272\"},\"headline\":\"Nova campanya d&#8217;ampliaci\u00f3 de capital social per a augmentar el cr\u00e8dit a l&#8217;Economia Social\",\"datePublished\":\"2023-11-07T23:00:00+00:00\",\"dateModified\":\"2024-02-21T13:41:22+00:00\",\"mainEntityOfPage\":{\"@id\":\"https:\/\/www.fiarebancaetica.coop\/ca\/nueva-campana-de-ampliacion-de-capital-social-para-aumentar-el-credito-a-la-economia-social\/\"},\"wordCount\":600,\"commentCount\":0,\"image\":{\"@id\":\"https:\/\/www.fiarebancaetica.coop\/ca\/nueva-campana-de-ampliacion-de-capital-social-para-aumentar-el-credito-a-la-economia-social\/#primaryimage\"},\"thumbnailUrl\":\"https:\/\/www.fiarebancaetica.coop\/app\/uploads\/sites\/2\/2023\/12\/nueva-campana-de-ampliacion-de-capital-social-para-aumentar-el-credito-economia-social.jpg\",\"articleSection\":[\"Finances \u00e8tiques\",\"Proyectos colectivos\"],\"inLanguage\":\"ca\",\"potentialAction\":[{\"@type\":\"CommentAction\",\"name\":\"Comment\",\"target\":[\"https:\/\/www.fiarebancaetica.coop\/ca\/nueva-campana-de-ampliacion-de-capital-social-para-aumentar-el-credito-a-la-economia-social\/#respond\"]}]},{\"@type\":\"WebPage\",\"@id\":\"https:\/\/www.fiarebancaetica.coop\/ca\/nueva-campana-de-ampliacion-de-capital-social-para-aumentar-el-credito-a-la-economia-social\/\",\"url\":\"https:\/\/www.fiarebancaetica.coop\/ca\/nueva-campana-de-ampliacion-de-capital-social-para-aumentar-el-credito-a-la-economia-social\/\",\"name\":\"Nova campanya d'ampliaci\u00f3 de capital social per a augmentar el cr\u00e8dit a l'Economia Social - Fiare Banca Etica\",\"isPartOf\":{\"@id\":\"https:\/\/www.fiarebancaetica.coop\/ca\/#website\"},\"primaryImageOfPage\":{\"@id\":\"https:\/\/www.fiarebancaetica.coop\/ca\/nueva-campana-de-ampliacion-de-capital-social-para-aumentar-el-credito-a-la-economia-social\/#primaryimage\"},\"image\":{\"@id\":\"https:\/\/www.fiarebancaetica.coop\/ca\/nueva-campana-de-ampliacion-de-capital-social-para-aumentar-el-credito-a-la-economia-social\/#primaryimage\"},\"thumbnailUrl\":\"https:\/\/www.fiarebancaetica.coop\/app\/uploads\/sites\/2\/2023\/12\/nueva-campana-de-ampliacion-de-capital-social-para-aumentar-el-credito-economia-social.jpg\",\"datePublished\":\"2023-11-07T23:00:00+00:00\",\"dateModified\":\"2024-02-21T13:41:22+00:00\",\"author\":{\"@id\":\"https:\/\/www.fiarebancaetica.coop\/ca\/#\/schema\/person\/579841e89c804b5db05d9141bd9b8272\"},\"breadcrumb\":{\"@id\":\"https:\/\/www.fiarebancaetica.coop\/ca\/nueva-campana-de-ampliacion-de-capital-social-para-aumentar-el-credito-a-la-economia-social\/#breadcrumb\"},\"inLanguage\":\"ca\",\"potentialAction\":[{\"@type\":\"ReadAction\",\"target\":[\"https:\/\/www.fiarebancaetica.coop\/ca\/nueva-campana-de-ampliacion-de-capital-social-para-aumentar-el-credito-a-la-economia-social\/\"]}]},{\"@type\":\"ImageObject\",\"inLanguage\":\"ca\",\"@id\":\"https:\/\/www.fiarebancaetica.coop\/ca\/nueva-campana-de-ampliacion-de-capital-social-para-aumentar-el-credito-a-la-economia-social\/#primaryimage\",\"url\":\"https:\/\/www.fiarebancaetica.coop\/app\/uploads\/sites\/2\/2023\/12\/nueva-campana-de-ampliacion-de-capital-social-para-aumentar-el-credito-economia-social.jpg\",\"contentUrl\":\"https:\/\/www.fiarebancaetica.coop\/app\/uploads\/sites\/2\/2023\/12\/nueva-campana-de-ampliacion-de-capital-social-para-aumentar-el-credito-economia-social.jpg\",\"width\":580,\"height\":250},{\"@type\":\"BreadcrumbList\",\"@id\":\"https:\/\/www.fiarebancaetica.coop\/ca\/nueva-campana-de-ampliacion-de-capital-social-para-aumentar-el-credito-a-la-economia-social\/#breadcrumb\",\"itemListElement\":[{\"@type\":\"ListItem\",\"position\":1,\"name\":\"Home\",\"item\":\"https:\/\/www.fiarebancaetica.coop\/ca\/\"},{\"@type\":\"ListItem\",\"position\":2,\"name\":\"Nova campanya d&#8217;ampliaci\u00f3 de capital social per a augmentar el cr\u00e8dit a l&#8217;Economia Social\"}]},{\"@type\":\"WebSite\",\"@id\":\"https:\/\/www.fiarebancaetica.coop\/ca\/#website\",\"url\":\"https:\/\/www.fiarebancaetica.coop\/ca\/\",\"name\":\"Fiare Banca Etica\",\"description\":\"\",\"potentialAction\":[{\"@type\":\"SearchAction\",\"target\":{\"@type\":\"EntryPoint\",\"urlTemplate\":\"https:\/\/www.fiarebancaetica.coop\/ca\/?s={search_term_string}\"},\"query-input\":{\"@type\":\"PropertyValueSpecification\",\"valueRequired\":true,\"valueName\":\"search_term_string\"}}],\"inLanguage\":\"ca\"},{\"@type\":\"Person\",\"@id\":\"https:\/\/www.fiarebancaetica.coop\/ca\/#\/schema\/person\/579841e89c804b5db05d9141bd9b8272\",\"name\":\"crispyadmin0\",\"image\":{\"@type\":\"ImageObject\",\"inLanguage\":\"ca\",\"@id\":\"https:\/\/www.fiarebancaetica.coop\/ca\/#\/schema\/person\/image\/5f3a6b7786f32f4c35bd2b1a5a4698ea\",\"url\":\"https:\/\/secure.gravatar.com\/avatar\/4d2cfb499d497b6d49da659fab7404b243a87fe8e40d2cf97a1cae48f677f5b2?s=96&d=mm&r=g\",\"contentUrl\":\"https:\/\/secure.gravatar.com\/avatar\/4d2cfb499d497b6d49da659fab7404b243a87fe8e40d2cf97a1cae48f677f5b2?s=96&d=mm&r=g\",\"caption\":\"crispyadmin0\"},\"sameAs\":[\"crispyadmin0\"]}]}<\/script>\n<!-- \/ Yoast SEO plugin. -->","yoast_head_json":{"title":"Nova campanya d'ampliaci\u00f3 de capital social per a augmentar el cr\u00e8dit a l'Economia Social - Fiare Banca Etica","robots":{"index":"index","follow":"follow","max-snippet":"max-snippet:-1","max-image-preview":"max-image-preview:large","max-video-preview":"max-video-preview:-1"},"canonical":"https:\/\/www.fiarebancaetica.coop\/ca\/nueva-campana-de-ampliacion-de-capital-social-para-aumentar-el-credito-a-la-economia-social\/","og_locale":"ca_ES","og_type":"article","og_title":"Nova campanya d'ampliaci\u00f3 de capital social per a augmentar el cr\u00e8dit a l'Economia Social - Fiare Banca Etica","og_description":"La entidad bancaria cooperativa de finanzas \u00e9ticas lanza hasta el 24 de marzo una nueva campa\u00f1a de oferta p\u00fablica de acciones con el fin de incrementar su capacidad de concesi\u00f3n de cr\u00e9dito para proyectos de impacto.  Fiare Banca Etica presta quince veces su capital social, lo que supone que por cada mil euros de nuevo capital, la entidad podr\u00e1 conceder cr\u00e9dito por valor de 15000 euros.","og_url":"https:\/\/www.fiarebancaetica.coop\/ca\/nueva-campana-de-ampliacion-de-capital-social-para-aumentar-el-credito-a-la-economia-social\/","og_site_name":"Fiare Banca Etica","article_published_time":"2023-11-07T23:00:00+00:00","article_modified_time":"2024-02-21T13:41:22+00:00","og_image":[{"width":580,"height":250,"url":"https:\/\/www.fiarebancaetica.coop\/app\/uploads\/sites\/2\/2023\/12\/nueva-campana-de-ampliacion-de-capital-social-para-aumentar-el-credito-economia-social.jpg","type":"image\/jpeg"}],"author":"crispyadmin0","twitter_card":"summary_large_image","schema":{"@context":"https:\/\/schema.org","@graph":[{"@type":"Article","@id":"https:\/\/www.fiarebancaetica.coop\/ca\/nueva-campana-de-ampliacion-de-capital-social-para-aumentar-el-credito-a-la-economia-social\/#article","isPartOf":{"@id":"https:\/\/www.fiarebancaetica.coop\/ca\/nueva-campana-de-ampliacion-de-capital-social-para-aumentar-el-credito-a-la-economia-social\/"},"author":{"name":"crispyadmin0","@id":"https:\/\/www.fiarebancaetica.coop\/ca\/#\/schema\/person\/579841e89c804b5db05d9141bd9b8272"},"headline":"Nova campanya d&#8217;ampliaci\u00f3 de capital social per a augmentar el cr\u00e8dit a l&#8217;Economia Social","datePublished":"2023-11-07T23:00:00+00:00","dateModified":"2024-02-21T13:41:22+00:00","mainEntityOfPage":{"@id":"https:\/\/www.fiarebancaetica.coop\/ca\/nueva-campana-de-ampliacion-de-capital-social-para-aumentar-el-credito-a-la-economia-social\/"},"wordCount":600,"commentCount":0,"image":{"@id":"https:\/\/www.fiarebancaetica.coop\/ca\/nueva-campana-de-ampliacion-de-capital-social-para-aumentar-el-credito-a-la-economia-social\/#primaryimage"},"thumbnailUrl":"https:\/\/www.fiarebancaetica.coop\/app\/uploads\/sites\/2\/2023\/12\/nueva-campana-de-ampliacion-de-capital-social-para-aumentar-el-credito-economia-social.jpg","articleSection":["Finances \u00e8tiques","Proyectos colectivos"],"inLanguage":"ca","potentialAction":[{"@type":"CommentAction","name":"Comment","target":["https:\/\/www.fiarebancaetica.coop\/ca\/nueva-campana-de-ampliacion-de-capital-social-para-aumentar-el-credito-a-la-economia-social\/#respond"]}]},{"@type":"WebPage","@id":"https:\/\/www.fiarebancaetica.coop\/ca\/nueva-campana-de-ampliacion-de-capital-social-para-aumentar-el-credito-a-la-economia-social\/","url":"https:\/\/www.fiarebancaetica.coop\/ca\/nueva-campana-de-ampliacion-de-capital-social-para-aumentar-el-credito-a-la-economia-social\/","name":"Nova campanya d'ampliaci\u00f3 de capital social per a augmentar el cr\u00e8dit a l'Economia Social - Fiare Banca Etica","isPartOf":{"@id":"https:\/\/www.fiarebancaetica.coop\/ca\/#website"},"primaryImageOfPage":{"@id":"https:\/\/www.fiarebancaetica.coop\/ca\/nueva-campana-de-ampliacion-de-capital-social-para-aumentar-el-credito-a-la-economia-social\/#primaryimage"},"image":{"@id":"https:\/\/www.fiarebancaetica.coop\/ca\/nueva-campana-de-ampliacion-de-capital-social-para-aumentar-el-credito-a-la-economia-social\/#primaryimage"},"thumbnailUrl":"https:\/\/www.fiarebancaetica.coop\/app\/uploads\/sites\/2\/2023\/12\/nueva-campana-de-ampliacion-de-capital-social-para-aumentar-el-credito-economia-social.jpg","datePublished":"2023-11-07T23:00:00+00:00","dateModified":"2024-02-21T13:41:22+00:00","author":{"@id":"https:\/\/www.fiarebancaetica.coop\/ca\/#\/schema\/person\/579841e89c804b5db05d9141bd9b8272"},"breadcrumb":{"@id":"https:\/\/www.fiarebancaetica.coop\/ca\/nueva-campana-de-ampliacion-de-capital-social-para-aumentar-el-credito-a-la-economia-social\/#breadcrumb"},"inLanguage":"ca","potentialAction":[{"@type":"ReadAction","target":["https:\/\/www.fiarebancaetica.coop\/ca\/nueva-campana-de-ampliacion-de-capital-social-para-aumentar-el-credito-a-la-economia-social\/"]}]},{"@type":"ImageObject","inLanguage":"ca","@id":"https:\/\/www.fiarebancaetica.coop\/ca\/nueva-campana-de-ampliacion-de-capital-social-para-aumentar-el-credito-a-la-economia-social\/#primaryimage","url":"https:\/\/www.fiarebancaetica.coop\/app\/uploads\/sites\/2\/2023\/12\/nueva-campana-de-ampliacion-de-capital-social-para-aumentar-el-credito-economia-social.jpg","contentUrl":"https:\/\/www.fiarebancaetica.coop\/app\/uploads\/sites\/2\/2023\/12\/nueva-campana-de-ampliacion-de-capital-social-para-aumentar-el-credito-economia-social.jpg","width":580,"height":250},{"@type":"BreadcrumbList","@id":"https:\/\/www.fiarebancaetica.coop\/ca\/nueva-campana-de-ampliacion-de-capital-social-para-aumentar-el-credito-a-la-economia-social\/#breadcrumb","itemListElement":[{"@type":"ListItem","position":1,"name":"Home","item":"https:\/\/www.fiarebancaetica.coop\/ca\/"},{"@type":"ListItem","position":2,"name":"Nova campanya d&#8217;ampliaci\u00f3 de capital social per a augmentar el cr\u00e8dit a l&#8217;Economia Social"}]},{"@type":"WebSite","@id":"https:\/\/www.fiarebancaetica.coop\/ca\/#website","url":"https:\/\/www.fiarebancaetica.coop\/ca\/","name":"Fiare Banca Etica","description":"","potentialAction":[{"@type":"SearchAction","target":{"@type":"EntryPoint","urlTemplate":"https:\/\/www.fiarebancaetica.coop\/ca\/?s={search_term_string}"},"query-input":{"@type":"PropertyValueSpecification","valueRequired":true,"valueName":"search_term_string"}}],"inLanguage":"ca"},{"@type":"Person","@id":"https:\/\/www.fiarebancaetica.coop\/ca\/#\/schema\/person\/579841e89c804b5db05d9141bd9b8272","name":"crispyadmin0","image":{"@type":"ImageObject","inLanguage":"ca","@id":"https:\/\/www.fiarebancaetica.coop\/ca\/#\/schema\/person\/image\/5f3a6b7786f32f4c35bd2b1a5a4698ea","url":"https:\/\/secure.gravatar.com\/avatar\/4d2cfb499d497b6d49da659fab7404b243a87fe8e40d2cf97a1cae48f677f5b2?s=96&d=mm&r=g","contentUrl":"https:\/\/secure.gravatar.com\/avatar\/4d2cfb499d497b6d49da659fab7404b243a87fe8e40d2cf97a1cae48f677f5b2?s=96&d=mm&r=g","caption":"crispyadmin0"},"sameAs":["crispyadmin0"]}]}},"_links":{"self":[{"href":"https:\/\/www.fiarebancaetica.coop\/ca\/wp-json\/wp\/v2\/posts\/342985","targetHints":{"allow":["GET"]}}],"collection":[{"href":"https:\/\/www.fiarebancaetica.coop\/ca\/wp-json\/wp\/v2\/posts"}],"about":[{"href":"https:\/\/www.fiarebancaetica.coop\/ca\/wp-json\/wp\/v2\/types\/post"}],"author":[{"embeddable":true,"href":"https:\/\/www.fiarebancaetica.coop\/ca\/wp-json\/wp\/v2\/users\/2"}],"replies":[{"embeddable":true,"href":"https:\/\/www.fiarebancaetica.coop\/ca\/wp-json\/wp\/v2\/comments?post=342985"}],"version-history":[{"count":6,"href":"https:\/\/www.fiarebancaetica.coop\/ca\/wp-json\/wp\/v2\/posts\/342985\/revisions"}],"predecessor-version":[{"id":370655,"href":"https:\/\/www.fiarebancaetica.coop\/ca\/wp-json\/wp\/v2\/posts\/342985\/revisions\/370655"}],"wp:featuredmedia":[{"embeddable":true,"href":"https:\/\/www.fiarebancaetica.coop\/ca\/wp-json\/wp\/v2\/media\/330606"}],"wp:attachment":[{"href":"https:\/\/www.fiarebancaetica.coop\/ca\/wp-json\/wp\/v2\/media?parent=342985"}],"wp:term":[{"taxonomy":"category","embeddable":true,"href":"https:\/\/www.fiarebancaetica.coop\/ca\/wp-json\/wp\/v2\/categories?post=342985"},{"taxonomy":"post_tag","embeddable":true,"href":"https:\/\/www.fiarebancaetica.coop\/ca\/wp-json\/wp\/v2\/tags?post=342985"},{"taxonomy":"author","embeddable":true,"href":"https:\/\/www.fiarebancaetica.coop\/ca\/wp-json\/wp\/v2\/coauthors?post=342985"}],"curies":[{"name":"wp","href":"https:\/\/api.w.org\/{rel}","templated":true}]}}