{"id":342996,"date":"2023-11-02T00:00:00","date_gmt":"2023-11-01T23:00:00","guid":{"rendered":"https:\/\/www.fiarebancaetica.coop\/somos-socios-de-fiare-banca-etica-por-coherencia-con-nuestros-principios\/"},"modified":"2024-02-21T14:41:33","modified_gmt":"2024-02-21T13:41:33","slug":"somos-socios-de-fiare-banca-etica-por-coherencia-con-nuestros-principios","status":"publish","type":"post","link":"https:\/\/www.fiarebancaetica.coop\/ca\/somos-socios-de-fiare-banca-etica-por-coherencia-con-nuestros-principios\/","title":{"rendered":"Treballem amb Fiare Banca Etica per coher\u00e8ncia amb els nostres principis"},"content":{"rendered":"\n\n<div class=\"wp-block-bancaetica-blocks-blocks-block-49\">\n    <div class=\"container-block-49\">\n\n        <div class=\"header-section \">\n                            <h1 class=\"section-title\"> Etica e cooperativa <\/h1>\n                                            <\/div>\n\n        \n        <div class=\"block-background\" style=\"background-image: url('https:\/\/www.fiarebancaetica.coop\/app\/uploads\/sites\/2\/2023\/12\/trabajamos-fiare-banca-etica-por-coherencia-nuestros-principios.png')\">\n                            <div class=\"tile\">\n                    <h1 class=\"image-title\"> Treballem amb Fiare Banca Etica per coher\u00e8ncia amb els nostres principis <\/h1>\n                <\/div>             <!-- end .tile -->\n            <div class=\"bottom-content\">\n                            <\/div> <!-- end .button-content -->\n        <\/div> <!-- end .block-background -->\n    <\/div> <!-- end .container -->\n<\/div> <!-- end wp-block-bancaetica-blocks-blocks-block-06 -->\n\n<p><em>Dialoguem amb David S\u00e1nchez, director de Seryes, una corredoria amb la vocaci\u00f3 de portar la gesti\u00f3 \u00e8tica i transparent al sector assegurador i entitat s\u00f2cia del banc.<\/em><\/p>\n<p><img decoding=\"async\" style=\"width: 500px;height: 667px\" src=\"http:\/\/www.fiarebancaetica.coop\/app\/uploads\/sites\/2\/2023\/12\/IMG-20230520-WA0001.jpg\" alt=\"\" \/><\/p>\n<p><em>\u00a0<\/em><\/p>\n<h2>Qu\u00e8 us va impulsar a treballar amb Fiare Banca Etica?<\/h2>\n<p>El model de banca \u00c8tica de Fiare es basa en el cooperativisme per a la presa de decisions i Seryes va n\u00e9ixer als anys 80 per oferir serveis asseguradors a l\u2019incipient moviment cooperatiu, i ha impulsat la difusi\u00f3 de les assegurances \u00e8tiques a Espanya.<\/p>\n<p>Ambdues entitats portem el cooperativisme a l\u2019ADN i compartim els principis de les finances \u00e8tiques i solid\u00e0ries (\u00e9s per aix\u00f2 que estem certificats amb el <a href=\"https:\/\/ethsi.net\/es\/conoce-el-sello-ethsi\/\">Segell EthSi<\/a> d\u2019Assegurances \u00c8tiques i Solid\u00e0ries). Treballar juntes \u00e9s, simplement, ser conseq\u00fcent amb aquests principis.<\/p>\n<h2>Per qu\u00e8 ser s\u00f2cia d\u2019un banc cooperatiu?<\/h2>\n<p>Per coher\u00e8ncia. Si volem impulsar un canvi cap a un model econ\u00f2mic i financer al servei dels interessos col\u00b7lectius, hem d\u2019enfortir-nos m\u00fatuament i cr\u00e9ixer, perqu\u00e8 des de la marginalitat no es canvia el m\u00f3n.<\/p>\n<p>I per enfortir-nos i cr\u00e9ixer necessitem remar en la mateixa direcci\u00f3. Per aix\u00f2 hem traslladat a Fiare el 90% del nostre moviment financer, i acudit a l\u2019\u00faltima ampliaci\u00f3 de capital social.<\/p>\n<h2>Quin \u00e9s l\u2019objectiu de la vostra entitat? I quines s\u00f3n les vostres prioritats en aquest moment?<\/h2>\n<p>Seryes es va fundar per facilitar a les cooperatives la contractaci\u00f3 d\u2019assegurances entre les cooperatives, en un moment en qu\u00e8 eren les grans desconegudes entre el sector financer. El nostre objectiu ara \u00e9s una mica m\u00e9s ampli, per\u00f2 continua sent el mateix: impulsar una economia al servei de la societat, participativa i responsable.<\/p>\n<p>Si ens detenim al moment actual, estem veient com la banca, despr\u00e9s de la caiguda dels beneficis derivats de la concessi\u00f3 d\u2019hipoteques, s\u2019ha bolcat cap a la comercialitzaci\u00f3 d\u2019assegurances, important les mateixes males pr\u00e0ctiques que van provocar la crisi financera derivada de la implosi\u00f3 de la bombolla immobili\u00e0ria. Volem posar fre a aquestes males pr\u00e0ctiques i impulsar l\u2019assegurament \u00e8tic entre entitats i particulars.<\/p>\n<h2>Creus que les persones estan canviant el seu consum cap a un m\u00e9s sostenible i responsable? Ets optimista en aquest sentit?<\/h2>\n<p>La gent cada cop est\u00e0 m\u00e9s conscienciada, per\u00f2 falta informaci\u00f3 clara i transparent que els permeti saber quines opcions de consum s\u00f3n realment sostenibles, i quines no.<\/p>\n<p>Les grans empreses s\u2019han llan\u00e7at de ple al greenwashing amb el doble objectiu de, per una banda, netejar la seva imatge i, per l\u2019altra, generar confusi\u00f3 entre la ciutadania sobre la sostenibilitat. Aquesta confusi\u00f3 \u00e9s aprofitada per certs sectors per generar dubtes sobre els vertaders objectius que es persegueixen quan parlem de canviar el model productiu cap a un m\u00e9s justi sostenible. El vertader repte \u00e9s reduir aquesta desinformaci\u00f3.<\/p>\n<h2>Quines creus que podrien ser les sinergies entre totes dues entitats en un futur?<\/h2>\n<p>Per a continuar enfortint-nos m\u00fatuament, ens agradaria avan\u00e7ar cap a la comercialitzaci\u00f3 conjunta de productes. Volem que les persones i empreses clientes se sentin cada cop m\u00e9s empoderades en les seves decisions financeres, i que entenguin l\u2019enorme impacte socioambiental que pot tenir la manera en qu\u00e8 s&#8217;utilitzen els diners.<\/p>\n<p>Les persones clientes d\u2019ambdues entitats ho s\u00f3n perqu\u00e8 ja s\u00f3n conscients i experimenten els avantatges de les finances \u00e8tiques, per\u00f2 volem que s\u00e0piguen que poden anar m\u00e9s enll\u00e0, i que disposen de diverses alternatives financeres d\u2019acord amb els seus principis i que segueixen l\u2019\u00e8tica professional en la prestaci\u00f3 de serveis.<\/p>\n<p><a href=\"http:\/\/www.seryes.com\">www.seryes.com<\/a><\/p>\n<p><a id=\"eu\" name=\"eu\"><\/a><\/p>","protected":false},"excerpt":{"rendered":"<p>\n\tDialogamos con David S\u00e1nchez, director de Seryes, una corredur\u00eda con la vocaci\u00f3n de llevar la gesti\u00f3n \u00e9tica y transparente al sector asegurador y entidad socia del banco.<\/p>\n","protected":false},"author":2,"featured_media":330588,"comment_status":"open","ping_status":"closed","sticky":false,"template":"","format":"standard","meta":{"_acf_changed":false,"footnotes":""},"categories":[11643,1],"tags":[11854],"coauthors":[2891],"class_list":["post-342996","post","type-post","status-publish","format-standard","has-post-thumbnail","hentry","category-finances-etiques","category-proyectos-colectivos","tag-noticies"],"acf":[],"yoast_head":"<!-- This site is optimized with the Yoast SEO plugin v26.9 - https:\/\/yoast.com\/product\/yoast-seo-wordpress\/ -->\n<title>Treballem amb Fiare Banca Etica per coher\u00e8ncia amb els nostres principis - Fiare Banca Etica<\/title>\n<meta name=\"robots\" content=\"index, follow, max-snippet:-1, max-image-preview:large, max-video-preview:-1\" \/>\n<link rel=\"canonical\" href=\"https:\/\/www.fiarebancaetica.coop\/ca\/somos-socios-de-fiare-banca-etica-por-coherencia-con-nuestros-principios\/\" \/>\n<meta property=\"og:locale\" content=\"ca_ES\" \/>\n<meta property=\"og:type\" content=\"article\" \/>\n<meta property=\"og:title\" content=\"Treballem amb Fiare Banca Etica per coher\u00e8ncia amb els nostres principis - Fiare Banca Etica\" \/>\n<meta property=\"og:description\" content=\"Dialogamos con David S\u00e1nchez, director de Seryes, una corredur\u00eda con la vocaci\u00f3n de llevar la gesti\u00f3n \u00e9tica y transparente al sector asegurador y entidad socia del banco.\" \/>\n<meta property=\"og:url\" content=\"https:\/\/www.fiarebancaetica.coop\/ca\/somos-socios-de-fiare-banca-etica-por-coherencia-con-nuestros-principios\/\" \/>\n<meta property=\"og:site_name\" content=\"Fiare Banca Etica\" \/>\n<meta property=\"article:published_time\" content=\"2023-11-01T23:00:00+00:00\" \/>\n<meta property=\"article:modified_time\" content=\"2024-02-21T13:41:33+00:00\" \/>\n<meta property=\"og:image\" content=\"https:\/\/www.fiarebancaetica.coop\/app\/uploads\/sites\/2\/2023\/12\/trabajamos-fiare-banca-etica-por-coherencia-nuestros-principios.png\" \/>\n\t<meta property=\"og:image:width\" content=\"1024\" \/>\n\t<meta property=\"og:image:height\" content=\"800\" \/>\n\t<meta property=\"og:image:type\" content=\"image\/png\" \/>\n<meta name=\"author\" content=\"crispyadmin0\" \/>\n<meta name=\"twitter:card\" content=\"summary_large_image\" \/>\n<script type=\"application\/ld+json\" class=\"yoast-schema-graph\">{\"@context\":\"https:\/\/schema.org\",\"@graph\":[{\"@type\":\"Article\",\"@id\":\"https:\/\/www.fiarebancaetica.coop\/ca\/somos-socios-de-fiare-banca-etica-por-coherencia-con-nuestros-principios\/#article\",\"isPartOf\":{\"@id\":\"https:\/\/www.fiarebancaetica.coop\/ca\/somos-socios-de-fiare-banca-etica-por-coherencia-con-nuestros-principios\/\"},\"author\":{\"name\":\"crispyadmin0\",\"@id\":\"https:\/\/www.fiarebancaetica.coop\/ca\/#\/schema\/person\/579841e89c804b5db05d9141bd9b8272\"},\"headline\":\"Treballem amb Fiare Banca Etica per coher\u00e8ncia amb els nostres principis\",\"datePublished\":\"2023-11-01T23:00:00+00:00\",\"dateModified\":\"2024-02-21T13:41:33+00:00\",\"mainEntityOfPage\":{\"@id\":\"https:\/\/www.fiarebancaetica.coop\/ca\/somos-socios-de-fiare-banca-etica-por-coherencia-con-nuestros-principios\/\"},\"wordCount\":619,\"commentCount\":0,\"image\":{\"@id\":\"https:\/\/www.fiarebancaetica.coop\/ca\/somos-socios-de-fiare-banca-etica-por-coherencia-con-nuestros-principios\/#primaryimage\"},\"thumbnailUrl\":\"https:\/\/www.fiarebancaetica.coop\/app\/uploads\/sites\/2\/2023\/12\/trabajamos-fiare-banca-etica-por-coherencia-nuestros-principios.png\",\"keywords\":[\"Not\u00edcies\"],\"articleSection\":[\"Finances \u00e8tiques\",\"Proyectos colectivos\"],\"inLanguage\":\"ca\",\"potentialAction\":[{\"@type\":\"CommentAction\",\"name\":\"Comment\",\"target\":[\"https:\/\/www.fiarebancaetica.coop\/ca\/somos-socios-de-fiare-banca-etica-por-coherencia-con-nuestros-principios\/#respond\"]}]},{\"@type\":\"WebPage\",\"@id\":\"https:\/\/www.fiarebancaetica.coop\/ca\/somos-socios-de-fiare-banca-etica-por-coherencia-con-nuestros-principios\/\",\"url\":\"https:\/\/www.fiarebancaetica.coop\/ca\/somos-socios-de-fiare-banca-etica-por-coherencia-con-nuestros-principios\/\",\"name\":\"Treballem amb Fiare Banca Etica per coher\u00e8ncia amb els nostres principis - Fiare Banca Etica\",\"isPartOf\":{\"@id\":\"https:\/\/www.fiarebancaetica.coop\/ca\/#website\"},\"primaryImageOfPage\":{\"@id\":\"https:\/\/www.fiarebancaetica.coop\/ca\/somos-socios-de-fiare-banca-etica-por-coherencia-con-nuestros-principios\/#primaryimage\"},\"image\":{\"@id\":\"https:\/\/www.fiarebancaetica.coop\/ca\/somos-socios-de-fiare-banca-etica-por-coherencia-con-nuestros-principios\/#primaryimage\"},\"thumbnailUrl\":\"https:\/\/www.fiarebancaetica.coop\/app\/uploads\/sites\/2\/2023\/12\/trabajamos-fiare-banca-etica-por-coherencia-nuestros-principios.png\",\"datePublished\":\"2023-11-01T23:00:00+00:00\",\"dateModified\":\"2024-02-21T13:41:33+00:00\",\"author\":{\"@id\":\"https:\/\/www.fiarebancaetica.coop\/ca\/#\/schema\/person\/579841e89c804b5db05d9141bd9b8272\"},\"breadcrumb\":{\"@id\":\"https:\/\/www.fiarebancaetica.coop\/ca\/somos-socios-de-fiare-banca-etica-por-coherencia-con-nuestros-principios\/#breadcrumb\"},\"inLanguage\":\"ca\",\"potentialAction\":[{\"@type\":\"ReadAction\",\"target\":[\"https:\/\/www.fiarebancaetica.coop\/ca\/somos-socios-de-fiare-banca-etica-por-coherencia-con-nuestros-principios\/\"]}]},{\"@type\":\"ImageObject\",\"inLanguage\":\"ca\",\"@id\":\"https:\/\/www.fiarebancaetica.coop\/ca\/somos-socios-de-fiare-banca-etica-por-coherencia-con-nuestros-principios\/#primaryimage\",\"url\":\"https:\/\/www.fiarebancaetica.coop\/app\/uploads\/sites\/2\/2023\/12\/trabajamos-fiare-banca-etica-por-coherencia-nuestros-principios.png\",\"contentUrl\":\"https:\/\/www.fiarebancaetica.coop\/app\/uploads\/sites\/2\/2023\/12\/trabajamos-fiare-banca-etica-por-coherencia-nuestros-principios.png\",\"width\":1024,\"height\":800},{\"@type\":\"BreadcrumbList\",\"@id\":\"https:\/\/www.fiarebancaetica.coop\/ca\/somos-socios-de-fiare-banca-etica-por-coherencia-con-nuestros-principios\/#breadcrumb\",\"itemListElement\":[{\"@type\":\"ListItem\",\"position\":1,\"name\":\"Home\",\"item\":\"https:\/\/www.fiarebancaetica.coop\/ca\/\"},{\"@type\":\"ListItem\",\"position\":2,\"name\":\"Treballem amb Fiare Banca Etica per coher\u00e8ncia amb els nostres principis\"}]},{\"@type\":\"WebSite\",\"@id\":\"https:\/\/www.fiarebancaetica.coop\/ca\/#website\",\"url\":\"https:\/\/www.fiarebancaetica.coop\/ca\/\",\"name\":\"Fiare Banca Etica\",\"description\":\"\",\"potentialAction\":[{\"@type\":\"SearchAction\",\"target\":{\"@type\":\"EntryPoint\",\"urlTemplate\":\"https:\/\/www.fiarebancaetica.coop\/ca\/?s={search_term_string}\"},\"query-input\":{\"@type\":\"PropertyValueSpecification\",\"valueRequired\":true,\"valueName\":\"search_term_string\"}}],\"inLanguage\":\"ca\"},{\"@type\":\"Person\",\"@id\":\"https:\/\/www.fiarebancaetica.coop\/ca\/#\/schema\/person\/579841e89c804b5db05d9141bd9b8272\",\"name\":\"crispyadmin0\",\"image\":{\"@type\":\"ImageObject\",\"inLanguage\":\"ca\",\"@id\":\"https:\/\/www.fiarebancaetica.coop\/ca\/#\/schema\/person\/image\/5f3a6b7786f32f4c35bd2b1a5a4698ea\",\"url\":\"https:\/\/secure.gravatar.com\/avatar\/4d2cfb499d497b6d49da659fab7404b243a87fe8e40d2cf97a1cae48f677f5b2?s=96&d=mm&r=g\",\"contentUrl\":\"https:\/\/secure.gravatar.com\/avatar\/4d2cfb499d497b6d49da659fab7404b243a87fe8e40d2cf97a1cae48f677f5b2?s=96&d=mm&r=g\",\"caption\":\"crispyadmin0\"},\"sameAs\":[\"crispyadmin0\"]}]}<\/script>\n<!-- \/ Yoast SEO plugin. -->","yoast_head_json":{"title":"Treballem amb Fiare Banca Etica per coher\u00e8ncia amb els nostres principis - Fiare Banca Etica","robots":{"index":"index","follow":"follow","max-snippet":"max-snippet:-1","max-image-preview":"max-image-preview:large","max-video-preview":"max-video-preview:-1"},"canonical":"https:\/\/www.fiarebancaetica.coop\/ca\/somos-socios-de-fiare-banca-etica-por-coherencia-con-nuestros-principios\/","og_locale":"ca_ES","og_type":"article","og_title":"Treballem amb Fiare Banca Etica per coher\u00e8ncia amb els nostres principis - Fiare Banca Etica","og_description":"Dialogamos con David S\u00e1nchez, director de Seryes, una corredur\u00eda con la vocaci\u00f3n de llevar la gesti\u00f3n \u00e9tica y transparente al sector asegurador y entidad socia del banco.","og_url":"https:\/\/www.fiarebancaetica.coop\/ca\/somos-socios-de-fiare-banca-etica-por-coherencia-con-nuestros-principios\/","og_site_name":"Fiare Banca Etica","article_published_time":"2023-11-01T23:00:00+00:00","article_modified_time":"2024-02-21T13:41:33+00:00","og_image":[{"width":1024,"height":800,"url":"https:\/\/www.fiarebancaetica.coop\/app\/uploads\/sites\/2\/2023\/12\/trabajamos-fiare-banca-etica-por-coherencia-nuestros-principios.png","type":"image\/png"}],"author":"crispyadmin0","twitter_card":"summary_large_image","schema":{"@context":"https:\/\/schema.org","@graph":[{"@type":"Article","@id":"https:\/\/www.fiarebancaetica.coop\/ca\/somos-socios-de-fiare-banca-etica-por-coherencia-con-nuestros-principios\/#article","isPartOf":{"@id":"https:\/\/www.fiarebancaetica.coop\/ca\/somos-socios-de-fiare-banca-etica-por-coherencia-con-nuestros-principios\/"},"author":{"name":"crispyadmin0","@id":"https:\/\/www.fiarebancaetica.coop\/ca\/#\/schema\/person\/579841e89c804b5db05d9141bd9b8272"},"headline":"Treballem amb Fiare Banca Etica per coher\u00e8ncia amb els nostres principis","datePublished":"2023-11-01T23:00:00+00:00","dateModified":"2024-02-21T13:41:33+00:00","mainEntityOfPage":{"@id":"https:\/\/www.fiarebancaetica.coop\/ca\/somos-socios-de-fiare-banca-etica-por-coherencia-con-nuestros-principios\/"},"wordCount":619,"commentCount":0,"image":{"@id":"https:\/\/www.fiarebancaetica.coop\/ca\/somos-socios-de-fiare-banca-etica-por-coherencia-con-nuestros-principios\/#primaryimage"},"thumbnailUrl":"https:\/\/www.fiarebancaetica.coop\/app\/uploads\/sites\/2\/2023\/12\/trabajamos-fiare-banca-etica-por-coherencia-nuestros-principios.png","keywords":["Not\u00edcies"],"articleSection":["Finances \u00e8tiques","Proyectos colectivos"],"inLanguage":"ca","potentialAction":[{"@type":"CommentAction","name":"Comment","target":["https:\/\/www.fiarebancaetica.coop\/ca\/somos-socios-de-fiare-banca-etica-por-coherencia-con-nuestros-principios\/#respond"]}]},{"@type":"WebPage","@id":"https:\/\/www.fiarebancaetica.coop\/ca\/somos-socios-de-fiare-banca-etica-por-coherencia-con-nuestros-principios\/","url":"https:\/\/www.fiarebancaetica.coop\/ca\/somos-socios-de-fiare-banca-etica-por-coherencia-con-nuestros-principios\/","name":"Treballem amb Fiare Banca Etica per coher\u00e8ncia amb els nostres principis - Fiare Banca Etica","isPartOf":{"@id":"https:\/\/www.fiarebancaetica.coop\/ca\/#website"},"primaryImageOfPage":{"@id":"https:\/\/www.fiarebancaetica.coop\/ca\/somos-socios-de-fiare-banca-etica-por-coherencia-con-nuestros-principios\/#primaryimage"},"image":{"@id":"https:\/\/www.fiarebancaetica.coop\/ca\/somos-socios-de-fiare-banca-etica-por-coherencia-con-nuestros-principios\/#primaryimage"},"thumbnailUrl":"https:\/\/www.fiarebancaetica.coop\/app\/uploads\/sites\/2\/2023\/12\/trabajamos-fiare-banca-etica-por-coherencia-nuestros-principios.png","datePublished":"2023-11-01T23:00:00+00:00","dateModified":"2024-02-21T13:41:33+00:00","author":{"@id":"https:\/\/www.fiarebancaetica.coop\/ca\/#\/schema\/person\/579841e89c804b5db05d9141bd9b8272"},"breadcrumb":{"@id":"https:\/\/www.fiarebancaetica.coop\/ca\/somos-socios-de-fiare-banca-etica-por-coherencia-con-nuestros-principios\/#breadcrumb"},"inLanguage":"ca","potentialAction":[{"@type":"ReadAction","target":["https:\/\/www.fiarebancaetica.coop\/ca\/somos-socios-de-fiare-banca-etica-por-coherencia-con-nuestros-principios\/"]}]},{"@type":"ImageObject","inLanguage":"ca","@id":"https:\/\/www.fiarebancaetica.coop\/ca\/somos-socios-de-fiare-banca-etica-por-coherencia-con-nuestros-principios\/#primaryimage","url":"https:\/\/www.fiarebancaetica.coop\/app\/uploads\/sites\/2\/2023\/12\/trabajamos-fiare-banca-etica-por-coherencia-nuestros-principios.png","contentUrl":"https:\/\/www.fiarebancaetica.coop\/app\/uploads\/sites\/2\/2023\/12\/trabajamos-fiare-banca-etica-por-coherencia-nuestros-principios.png","width":1024,"height":800},{"@type":"BreadcrumbList","@id":"https:\/\/www.fiarebancaetica.coop\/ca\/somos-socios-de-fiare-banca-etica-por-coherencia-con-nuestros-principios\/#breadcrumb","itemListElement":[{"@type":"ListItem","position":1,"name":"Home","item":"https:\/\/www.fiarebancaetica.coop\/ca\/"},{"@type":"ListItem","position":2,"name":"Treballem amb Fiare Banca Etica per coher\u00e8ncia amb els nostres principis"}]},{"@type":"WebSite","@id":"https:\/\/www.fiarebancaetica.coop\/ca\/#website","url":"https:\/\/www.fiarebancaetica.coop\/ca\/","name":"Fiare Banca Etica","description":"","potentialAction":[{"@type":"SearchAction","target":{"@type":"EntryPoint","urlTemplate":"https:\/\/www.fiarebancaetica.coop\/ca\/?s={search_term_string}"},"query-input":{"@type":"PropertyValueSpecification","valueRequired":true,"valueName":"search_term_string"}}],"inLanguage":"ca"},{"@type":"Person","@id":"https:\/\/www.fiarebancaetica.coop\/ca\/#\/schema\/person\/579841e89c804b5db05d9141bd9b8272","name":"crispyadmin0","image":{"@type":"ImageObject","inLanguage":"ca","@id":"https:\/\/www.fiarebancaetica.coop\/ca\/#\/schema\/person\/image\/5f3a6b7786f32f4c35bd2b1a5a4698ea","url":"https:\/\/secure.gravatar.com\/avatar\/4d2cfb499d497b6d49da659fab7404b243a87fe8e40d2cf97a1cae48f677f5b2?s=96&d=mm&r=g","contentUrl":"https:\/\/secure.gravatar.com\/avatar\/4d2cfb499d497b6d49da659fab7404b243a87fe8e40d2cf97a1cae48f677f5b2?s=96&d=mm&r=g","caption":"crispyadmin0"},"sameAs":["crispyadmin0"]}]}},"_links":{"self":[{"href":"https:\/\/www.fiarebancaetica.coop\/ca\/wp-json\/wp\/v2\/posts\/342996","targetHints":{"allow":["GET"]}}],"collection":[{"href":"https:\/\/www.fiarebancaetica.coop\/ca\/wp-json\/wp\/v2\/posts"}],"about":[{"href":"https:\/\/www.fiarebancaetica.coop\/ca\/wp-json\/wp\/v2\/types\/post"}],"author":[{"embeddable":true,"href":"https:\/\/www.fiarebancaetica.coop\/ca\/wp-json\/wp\/v2\/users\/2"}],"replies":[{"embeddable":true,"href":"https:\/\/www.fiarebancaetica.coop\/ca\/wp-json\/wp\/v2\/comments?post=342996"}],"version-history":[{"count":5,"href":"https:\/\/www.fiarebancaetica.coop\/ca\/wp-json\/wp\/v2\/posts\/342996\/revisions"}],"predecessor-version":[{"id":370660,"href":"https:\/\/www.fiarebancaetica.coop\/ca\/wp-json\/wp\/v2\/posts\/342996\/revisions\/370660"}],"wp:featuredmedia":[{"embeddable":true,"href":"https:\/\/www.fiarebancaetica.coop\/ca\/wp-json\/wp\/v2\/media\/330588"}],"wp:attachment":[{"href":"https:\/\/www.fiarebancaetica.coop\/ca\/wp-json\/wp\/v2\/media?parent=342996"}],"wp:term":[{"taxonomy":"category","embeddable":true,"href":"https:\/\/www.fiarebancaetica.coop\/ca\/wp-json\/wp\/v2\/categories?post=342996"},{"taxonomy":"post_tag","embeddable":true,"href":"https:\/\/www.fiarebancaetica.coop\/ca\/wp-json\/wp\/v2\/tags?post=342996"},{"taxonomy":"author","embeddable":true,"href":"https:\/\/www.fiarebancaetica.coop\/ca\/wp-json\/wp\/v2\/coauthors?post=342996"}],"curies":[{"name":"wp","href":"https:\/\/api.w.org\/{rel}","templated":true}]}}