{"id":343009,"date":"2023-10-23T00:00:00","date_gmt":"2023-10-22T22:00:00","guid":{"rendered":"https:\/\/www.fiarebancaetica.coop\/guerra-en-oriente-medio-apoyo-para-quienes-trabajan-en-el-terreno\/"},"modified":"2024-02-21T14:41:45","modified_gmt":"2024-02-21T13:41:45","slug":"guerra-en-oriente-medio-apoyo-para-quienes-trabajan-en-el-terreno","status":"publish","type":"post","link":"https:\/\/www.fiarebancaetica.coop\/ca\/guerra-en-oriente-medio-apoyo-para-quienes-trabajan-en-el-terreno\/","title":{"rendered":"Guerra en Oriente Medio: apoyo para quienes trabajan en el terreno"},"content":{"rendered":"\n\n<div class=\"wp-block-bancaetica-blocks-blocks-block-49\">\n    <div class=\"container-block-49\">\n\n        <div class=\"header-section \">\n                            <h1 class=\"section-title\"> Etica e cooperativa <\/h1>\n                                            <\/div>\n\n        \n        <div class=\"block-background\" style=\"background-image: url('https:\/\/www.fiarebancaetica.coop\/app\/uploads\/sites\/2\/2023\/12\/guerra-en-oriente-medio-ayuda-para-quienes-trabajan-en-el-terreno-scaled.jpg')\">\n                            <div class=\"tile\">\n                    <h1 class=\"image-title\"> Guerra en Oriente Medio: apoyo para quienes trabajan en el terreno <\/h1>\n                <\/div>             <!-- end .tile -->\n            <div class=\"bottom-content\">\n                            <\/div> <!-- end .button-content -->\n        <\/div> <!-- end .block-background -->\n    <\/div> <!-- end .container -->\n<\/div> <!-- end wp-block-bancaetica-blocks-blocks-block-06 -->\n\n\n<div class=\"wrapper-crispybacon-class wrapper-crispybacon-class-boxed \">\n    <p>\n\t<a href=\"#ca\">Catal\u00e0<\/a><\/p>\n<p>\n\tEl 7 de octubre de 2023, tras el ataque de los milicianos de Ham\u00e1s desde la Franja de Gaza a Israel y la respuesta militar del ej\u00e9rcito de Tel Aviv, <strong>Oriente Medio volvi\u00f3 a encenderse, con la reapertura de conocidos frentes de guerra en Israel y Palestina<\/strong>. A esto se suma el desencadenamiento de nuevas preocupaciones sobre una posible ampliaci\u00f3n de la zona afectada por los enfrentamientos, que ya han causado miles de v\u00edctimas.<\/p>\n<p>\n\tEl<strong> Grupo Banca Etica se ha sumado al llamamiento inmediato para el cese del conflicto<\/strong> y para el relanzamiento de las negociaciones de paz promovido y con el fin de expresar aqu\u00ed su m\u00e1xima cercan\u00eda hacia las poblaciones involucradas y las personas en peligro, conf\u00eda en una movilizaci\u00f3n solidaria a favor de las organizaciones que operan desde hace alg\u00fan tiempo en esa zona cr\u00edtica, en este momento de grave emergencia humanitaria.<\/p>\n<p>\n\t\u00ab<strong>Las finanzas \u00e9ticas<\/strong> \u2013 subraya la presidenta Anna Fasano \u2013 <strong>son finanzas de paz<\/strong>, y Banca Etica contin\u00faa trabajando para apoyar a las asociaciones y ONG que trabajan para llevar protecci\u00f3n, desarrollo y asistencia a las comunidades y a las actividades econ\u00f3micas en las diferentes zonas del mundo, incluidos los afectados por el conflicto palestino-israel\u00ed. Y es en este momento particularmente dram\u00e1tico que queremos hacer un llamamiento a las personas socias y clientas, y en general a toda la ciudadan\u00eda, para que pidan que estas organizaciones sean respaldadas con acciones de apoyo y ayuda econ\u00f3mica directa. La consolidaci\u00f3n de la paz pasa por acciones concretas.&#8221;<\/p>\n<p>\n\tDe hecho, varios socios\/as y clientes\/as de Banca Etica han lanzado llamamientos para que se ponga fin inmediatamente al uso de armas y han lanzado iniciativas de recaudaci\u00f3n de fondos para satisfacer las necesidades humanitarias de la poblaci\u00f3n de la Franja de Gaza en la zona del conflicto.<\/p>\n<p>\n\t<br \/>\n\tEsta es una primera lista de organizaciones colaboradoras de Banca Etica activas en Palestina:<\/p>\n<ul>\n\t<li>\n\t\t<a href=\"https:\/\/coordinadoraongd.org\/2023\/10\/ante-la-alarmante-escalada-de-violencia-en-palestina-e-israel-nos-sumamos-al-llamado-internacional-por-el-respeto-a-los-derechos-humanos-al-derecho-internacional-humanitario-y-la-proteccion-de-la-vi\/\">Coordinadora de Organizaciones para el Desarrollo<\/a><\/li>\n\t<li>\n\t\t<a href=\"https:\/\/sodepaz.org\/comunicado-de-sodepaz-ante-la-ofensiva-palestina-en-gaza\/\">Sodepaz<\/a><\/li>\n\t<li>\n\t\t<a href=\"https:\/\/zehar.eus\/\">ZEHAR Errefuxiatuekin<\/a><\/li>\n\t<li>\n\t\t<a href=\"https:\/\/www.caritas.es\/\">C\u00e1ritas<\/a><\/li>\n\t<li>\n\t\t<a href=\"https:\/\/www.mundubat.org\/altoelfuegoya-llamado-abierto-a-un-alto-el-fuego-inmediato-en-la-franja-de-gaza-e-israel-para-evitar-una-catastrofe-humanitaria-y-una-mayor-perdida-de-vidas-inocentes\/\">Mundubat<\/a><\/li>\n\t<li>\n\t\t<a href=\"https:\/\/www.oxfamintermon.org\/es\/firma-crisis-gaza\">Interm\u00f3n<\/a><\/li>\n<\/ul>\n<p>\n\tFoto de&nbsp;<a href=\"https:\/\/unsplash.com\/it\/foto\/ZupwcgqWjcU?utm_content=creditCopyText&amp;utm_medium=referral&amp;utm_source=unsplash\">Mohammed Ibrahim en Unsplash<\/a><\/p>\n<p>\n\t<a id=\"ca\" name=\"ca\"><\/a>_____________________________________________<\/p>\n<h2>\n\tGuerra a Orient Mitj\u00e0: ajuda per als qui treballen en el terreny<\/h2>\n<p>\n\t<br \/>\n\tEl 7 d&#8217;octubre de 2023, despr\u00e9s de l&#8217;atac dels milicians d&#8217;Ham\u00e1s des de la Franja de Gaza a Israel i la resposta militar de l&#8217;ex\u00e8rcit de Tel-Aviv, Orient Mitj\u00e0 va tornar a encendre&#8217;s, amb la reobertura de coneguts fronts de guerra a Israel i Palestina. A aix\u00f2 s&#8217;hi suma el desencadenament de noves preocupacions sobre una possible ampliaci\u00f3 de la zona afectada pels enfrontaments, que ja han provocat milers de v\u00edctimes.<br \/>\n\t<br \/>\n\tEl Grup Banca Etica s&#8217;hi ha sumat a la crida immediata pel cessament del conflicte i pel rellan\u00e7ament de les negociacions de pau promogut i amb el fi d&#8217;expressar aqu\u00ed la seva m\u00e0xima proximitat cap a les poblacions involucrades i les persones en perill, confiant en una mobilitzaci\u00f3 solid\u00e0ria a favor de les organitzacions que operen des de fa algun temps en aquesta zona cr\u00edtica en aquest moment greu d&#8217;emerg\u00e8ncia humanit\u00e0ria.<br \/>\n\t<br \/>\n\t<strong>&#8220;Les finances \u00e8tiques<\/strong> \u2013 subratlla la presidenta Anna Fasano \u2013 <strong>s\u00f3n finances de pau<\/strong>, i Banca Etica continua treballant per donar suport a les associacions i ONG que treballen per portar protecci\u00f3, desenvolupament i assist\u00e8ncia a les comunitats i a les activitats econ\u00f2miques a les diferents zones del m\u00f3n, inclosos els afectats pel conflicte palestino-israeli\u00e0. I \u00e9s en aquest moment particularment dram\u00e0tic que volem fer una crida a les persones s\u00f2cies i clientes, i en general a tota la ciutadania, perqu\u00e8 demanin que aquestes organitzacions siguin recolzades amb accions de suport i ajuda econ\u00f2mica directa. La consolidaci\u00f3 de la pau passa per accions concretes.&#8221;<br \/>\n\tDe fet, diverses persones s\u00f2cies i clientes de Banca Etica han llan\u00e7at crides perqu\u00e8 es posi fi immediatament a l&#8217;\u00fas d&#8217;armes i han llan\u00e7at iniciatives de recaptaci\u00f3 de fons per a satisfer les necessitats humanit\u00e0ries de la poblaci\u00f3 de la Franja de Gaza a la zona del conflicte.<br \/>\n\tEsta es una primera lista de organizaciones colaboradoras de Banca Etica activas en Palestina:<\/p>\n<ul>\n\t<li>\n\t\t<a href=\"https:\/\/coordinadoraongd.org\/2023\/10\/ante-la-alarmante-escalada-de-violencia-en-palestina-e-israel-nos-sumamos-al-llamado-internacional-por-el-respeto-a-los-derechos-humanos-al-derecho-internacional-humanitario-y-la-proteccion-de-la-vi\/\">Coordinadora de Organizaciones para el Desarrollo<\/a><\/li>\n\t<li>\n\t\t<a href=\"https:\/\/sodepaz.org\/comunicado-de-sodepaz-ante-la-ofensiva-palestina-en-gaza\/\">Sodepaz<\/a><\/li>\n\t<li>\n\t\t<a href=\"https:\/\/zehar.eus\/\">ZEHAR Errefuxiatuekin<\/a><\/li>\n\t<li>\n\t\t<a href=\"https:\/\/www.caritas.es\/\">C\u00e1ritas<\/a><\/li>\n\t<li>\n\t\t<a href=\"https:\/\/www.mundubat.org\/altoelfuegoya-llamado-abierto-a-un-alto-el-fuego-inmediato-en-la-franja-de-gaza-e-israel-para-evitar-una-catastrofe-humanitaria-y-una-mayor-perdida-de-vidas-inocentes\/\">Mundubat<\/a><\/li>\n\t<li>\n\t\t<a href=\"https:\/\/www.oxfamintermon.org\/es\/firma-crisis-gaza\">Interm\u00f3n<\/a><\/li>\n<\/ul>\n<p>\n\t&nbsp;<\/p>\n<\/div>","protected":false},"excerpt":{"rendered":"<p>\n\tEl Grupo Banca Etica se ha sumado al llamamiento inmediato para el cese del conflicto y para el relanzamiento de las negociaciones de paz promovido y con el fin de expresar aqu\u00ed su m\u00e1xima cercan\u00eda hacia las poblaciones involucradas y las personas en peligro, confiando en una movilizaci\u00f3n solidaria a favor de las organizaciones que operan desde hace alg\u00fan tiempo en esa zona cr\u00edtica en este momento de grave emergencia humanitaria.<\/p>\n","protected":false},"author":2,"featured_media":330576,"comment_status":"open","ping_status":"closed","sticky":false,"template":"","format":"standard","meta":{"_acf_changed":false,"footnotes":""},"categories":[11643],"tags":[11854],"coauthors":[2891],"class_list":["post-343009","post","type-post","status-publish","format-standard","has-post-thumbnail","hentry","category-finances-etiques","tag-noticies"],"acf":[],"yoast_head":"<!-- This site is optimized with the Yoast SEO plugin v26.9 - https:\/\/yoast.com\/product\/yoast-seo-wordpress\/ -->\n<title>Guerra en Oriente Medio: apoyo para quienes trabajan en el terreno - Fiare Banca Etica<\/title>\n<meta name=\"robots\" content=\"index, follow, max-snippet:-1, max-image-preview:large, max-video-preview:-1\" \/>\n<link rel=\"canonical\" href=\"https:\/\/www.fiarebancaetica.coop\/ca\/guerra-en-oriente-medio-apoyo-para-quienes-trabajan-en-el-terreno\/\" \/>\n<meta property=\"og:locale\" content=\"ca_ES\" \/>\n<meta property=\"og:type\" content=\"article\" \/>\n<meta property=\"og:title\" content=\"Guerra en Oriente Medio: apoyo para quienes trabajan en el terreno - Fiare Banca Etica\" \/>\n<meta property=\"og:description\" content=\"El Grupo Banca Etica se ha sumado al llamamiento inmediato para el cese del conflicto y para el relanzamiento de las negociaciones de paz promovido y con el fin de expresar aqu\u00ed su m\u00e1xima cercan\u00eda hacia las poblaciones involucradas y las personas en peligro, confiando en una movilizaci\u00f3n solidaria a favor de las organizaciones que operan desde hace alg\u00fan tiempo en esa zona cr\u00edtica en este momento de grave emergencia humanitaria.\" \/>\n<meta property=\"og:url\" content=\"https:\/\/www.fiarebancaetica.coop\/ca\/guerra-en-oriente-medio-apoyo-para-quienes-trabajan-en-el-terreno\/\" \/>\n<meta property=\"og:site_name\" content=\"Fiare Banca Etica\" \/>\n<meta property=\"article:published_time\" content=\"2023-10-22T22:00:00+00:00\" \/>\n<meta property=\"article:modified_time\" content=\"2024-02-21T13:41:45+00:00\" \/>\n<meta property=\"og:image\" content=\"https:\/\/www.fiarebancaetica.coop\/app\/uploads\/sites\/2\/2023\/12\/guerra-en-oriente-medio-ayuda-para-quienes-trabajan-en-el-terreno-scaled.jpg\" \/>\n\t<meta property=\"og:image:width\" content=\"2560\" \/>\n\t<meta property=\"og:image:height\" content=\"1120\" \/>\n\t<meta property=\"og:image:type\" content=\"image\/jpeg\" \/>\n<meta name=\"author\" content=\"crispyadmin0\" \/>\n<meta name=\"twitter:card\" content=\"summary_large_image\" \/>\n<script type=\"application\/ld+json\" class=\"yoast-schema-graph\">{\"@context\":\"https:\/\/schema.org\",\"@graph\":[{\"@type\":\"Article\",\"@id\":\"https:\/\/www.fiarebancaetica.coop\/ca\/guerra-en-oriente-medio-apoyo-para-quienes-trabajan-en-el-terreno\/#article\",\"isPartOf\":{\"@id\":\"https:\/\/www.fiarebancaetica.coop\/ca\/guerra-en-oriente-medio-apoyo-para-quienes-trabajan-en-el-terreno\/\"},\"author\":{\"name\":\"crispyadmin0\",\"@id\":\"https:\/\/www.fiarebancaetica.coop\/ca\/#\/schema\/person\/579841e89c804b5db05d9141bd9b8272\"},\"headline\":\"Guerra en Oriente Medio: apoyo para quienes trabajan en el terreno\",\"datePublished\":\"2023-10-22T22:00:00+00:00\",\"dateModified\":\"2024-02-21T13:41:45+00:00\",\"mainEntityOfPage\":{\"@id\":\"https:\/\/www.fiarebancaetica.coop\/ca\/guerra-en-oriente-medio-apoyo-para-quienes-trabajan-en-el-terreno\/\"},\"wordCount\":725,\"commentCount\":0,\"image\":{\"@id\":\"https:\/\/www.fiarebancaetica.coop\/ca\/guerra-en-oriente-medio-apoyo-para-quienes-trabajan-en-el-terreno\/#primaryimage\"},\"thumbnailUrl\":\"https:\/\/www.fiarebancaetica.coop\/app\/uploads\/sites\/2\/2023\/12\/guerra-en-oriente-medio-ayuda-para-quienes-trabajan-en-el-terreno-scaled.jpg\",\"keywords\":[\"Not\u00edcies\"],\"articleSection\":[\"Finances \u00e8tiques\"],\"inLanguage\":\"ca\",\"potentialAction\":[{\"@type\":\"CommentAction\",\"name\":\"Comment\",\"target\":[\"https:\/\/www.fiarebancaetica.coop\/ca\/guerra-en-oriente-medio-apoyo-para-quienes-trabajan-en-el-terreno\/#respond\"]}]},{\"@type\":\"WebPage\",\"@id\":\"https:\/\/www.fiarebancaetica.coop\/ca\/guerra-en-oriente-medio-apoyo-para-quienes-trabajan-en-el-terreno\/\",\"url\":\"https:\/\/www.fiarebancaetica.coop\/ca\/guerra-en-oriente-medio-apoyo-para-quienes-trabajan-en-el-terreno\/\",\"name\":\"Guerra en Oriente Medio: apoyo para quienes trabajan en el terreno - Fiare Banca Etica\",\"isPartOf\":{\"@id\":\"https:\/\/www.fiarebancaetica.coop\/ca\/#website\"},\"primaryImageOfPage\":{\"@id\":\"https:\/\/www.fiarebancaetica.coop\/ca\/guerra-en-oriente-medio-apoyo-para-quienes-trabajan-en-el-terreno\/#primaryimage\"},\"image\":{\"@id\":\"https:\/\/www.fiarebancaetica.coop\/ca\/guerra-en-oriente-medio-apoyo-para-quienes-trabajan-en-el-terreno\/#primaryimage\"},\"thumbnailUrl\":\"https:\/\/www.fiarebancaetica.coop\/app\/uploads\/sites\/2\/2023\/12\/guerra-en-oriente-medio-ayuda-para-quienes-trabajan-en-el-terreno-scaled.jpg\",\"datePublished\":\"2023-10-22T22:00:00+00:00\",\"dateModified\":\"2024-02-21T13:41:45+00:00\",\"author\":{\"@id\":\"https:\/\/www.fiarebancaetica.coop\/ca\/#\/schema\/person\/579841e89c804b5db05d9141bd9b8272\"},\"breadcrumb\":{\"@id\":\"https:\/\/www.fiarebancaetica.coop\/ca\/guerra-en-oriente-medio-apoyo-para-quienes-trabajan-en-el-terreno\/#breadcrumb\"},\"inLanguage\":\"ca\",\"potentialAction\":[{\"@type\":\"ReadAction\",\"target\":[\"https:\/\/www.fiarebancaetica.coop\/ca\/guerra-en-oriente-medio-apoyo-para-quienes-trabajan-en-el-terreno\/\"]}]},{\"@type\":\"ImageObject\",\"inLanguage\":\"ca\",\"@id\":\"https:\/\/www.fiarebancaetica.coop\/ca\/guerra-en-oriente-medio-apoyo-para-quienes-trabajan-en-el-terreno\/#primaryimage\",\"url\":\"https:\/\/www.fiarebancaetica.coop\/app\/uploads\/sites\/2\/2023\/12\/guerra-en-oriente-medio-ayuda-para-quienes-trabajan-en-el-terreno-scaled.jpg\",\"contentUrl\":\"https:\/\/www.fiarebancaetica.coop\/app\/uploads\/sites\/2\/2023\/12\/guerra-en-oriente-medio-ayuda-para-quienes-trabajan-en-el-terreno-scaled.jpg\",\"width\":2560,\"height\":1120},{\"@type\":\"BreadcrumbList\",\"@id\":\"https:\/\/www.fiarebancaetica.coop\/ca\/guerra-en-oriente-medio-apoyo-para-quienes-trabajan-en-el-terreno\/#breadcrumb\",\"itemListElement\":[{\"@type\":\"ListItem\",\"position\":1,\"name\":\"Home\",\"item\":\"https:\/\/www.fiarebancaetica.coop\/ca\/\"},{\"@type\":\"ListItem\",\"position\":2,\"name\":\"Guerra en Oriente Medio: apoyo para quienes trabajan en el terreno\"}]},{\"@type\":\"WebSite\",\"@id\":\"https:\/\/www.fiarebancaetica.coop\/ca\/#website\",\"url\":\"https:\/\/www.fiarebancaetica.coop\/ca\/\",\"name\":\"Fiare Banca Etica\",\"description\":\"\",\"potentialAction\":[{\"@type\":\"SearchAction\",\"target\":{\"@type\":\"EntryPoint\",\"urlTemplate\":\"https:\/\/www.fiarebancaetica.coop\/ca\/?s={search_term_string}\"},\"query-input\":{\"@type\":\"PropertyValueSpecification\",\"valueRequired\":true,\"valueName\":\"search_term_string\"}}],\"inLanguage\":\"ca\"},{\"@type\":\"Person\",\"@id\":\"https:\/\/www.fiarebancaetica.coop\/ca\/#\/schema\/person\/579841e89c804b5db05d9141bd9b8272\",\"name\":\"crispyadmin0\",\"image\":{\"@type\":\"ImageObject\",\"inLanguage\":\"ca\",\"@id\":\"https:\/\/www.fiarebancaetica.coop\/ca\/#\/schema\/person\/image\/5f3a6b7786f32f4c35bd2b1a5a4698ea\",\"url\":\"https:\/\/secure.gravatar.com\/avatar\/4d2cfb499d497b6d49da659fab7404b243a87fe8e40d2cf97a1cae48f677f5b2?s=96&d=mm&r=g\",\"contentUrl\":\"https:\/\/secure.gravatar.com\/avatar\/4d2cfb499d497b6d49da659fab7404b243a87fe8e40d2cf97a1cae48f677f5b2?s=96&d=mm&r=g\",\"caption\":\"crispyadmin0\"},\"sameAs\":[\"crispyadmin0\"]}]}<\/script>\n<!-- \/ Yoast SEO plugin. -->","yoast_head_json":{"title":"Guerra en Oriente Medio: apoyo para quienes trabajan en el terreno - Fiare Banca Etica","robots":{"index":"index","follow":"follow","max-snippet":"max-snippet:-1","max-image-preview":"max-image-preview:large","max-video-preview":"max-video-preview:-1"},"canonical":"https:\/\/www.fiarebancaetica.coop\/ca\/guerra-en-oriente-medio-apoyo-para-quienes-trabajan-en-el-terreno\/","og_locale":"ca_ES","og_type":"article","og_title":"Guerra en Oriente Medio: apoyo para quienes trabajan en el terreno - Fiare Banca Etica","og_description":"El Grupo Banca Etica se ha sumado al llamamiento inmediato para el cese del conflicto y para el relanzamiento de las negociaciones de paz promovido y con el fin de expresar aqu\u00ed su m\u00e1xima cercan\u00eda hacia las poblaciones involucradas y las personas en peligro, confiando en una movilizaci\u00f3n solidaria a favor de las organizaciones que operan desde hace alg\u00fan tiempo en esa zona cr\u00edtica en este momento de grave emergencia humanitaria.","og_url":"https:\/\/www.fiarebancaetica.coop\/ca\/guerra-en-oriente-medio-apoyo-para-quienes-trabajan-en-el-terreno\/","og_site_name":"Fiare Banca Etica","article_published_time":"2023-10-22T22:00:00+00:00","article_modified_time":"2024-02-21T13:41:45+00:00","og_image":[{"width":2560,"height":1120,"url":"https:\/\/www.fiarebancaetica.coop\/app\/uploads\/sites\/2\/2023\/12\/guerra-en-oriente-medio-ayuda-para-quienes-trabajan-en-el-terreno-scaled.jpg","type":"image\/jpeg"}],"author":"crispyadmin0","twitter_card":"summary_large_image","schema":{"@context":"https:\/\/schema.org","@graph":[{"@type":"Article","@id":"https:\/\/www.fiarebancaetica.coop\/ca\/guerra-en-oriente-medio-apoyo-para-quienes-trabajan-en-el-terreno\/#article","isPartOf":{"@id":"https:\/\/www.fiarebancaetica.coop\/ca\/guerra-en-oriente-medio-apoyo-para-quienes-trabajan-en-el-terreno\/"},"author":{"name":"crispyadmin0","@id":"https:\/\/www.fiarebancaetica.coop\/ca\/#\/schema\/person\/579841e89c804b5db05d9141bd9b8272"},"headline":"Guerra en Oriente Medio: apoyo para quienes trabajan en el terreno","datePublished":"2023-10-22T22:00:00+00:00","dateModified":"2024-02-21T13:41:45+00:00","mainEntityOfPage":{"@id":"https:\/\/www.fiarebancaetica.coop\/ca\/guerra-en-oriente-medio-apoyo-para-quienes-trabajan-en-el-terreno\/"},"wordCount":725,"commentCount":0,"image":{"@id":"https:\/\/www.fiarebancaetica.coop\/ca\/guerra-en-oriente-medio-apoyo-para-quienes-trabajan-en-el-terreno\/#primaryimage"},"thumbnailUrl":"https:\/\/www.fiarebancaetica.coop\/app\/uploads\/sites\/2\/2023\/12\/guerra-en-oriente-medio-ayuda-para-quienes-trabajan-en-el-terreno-scaled.jpg","keywords":["Not\u00edcies"],"articleSection":["Finances \u00e8tiques"],"inLanguage":"ca","potentialAction":[{"@type":"CommentAction","name":"Comment","target":["https:\/\/www.fiarebancaetica.coop\/ca\/guerra-en-oriente-medio-apoyo-para-quienes-trabajan-en-el-terreno\/#respond"]}]},{"@type":"WebPage","@id":"https:\/\/www.fiarebancaetica.coop\/ca\/guerra-en-oriente-medio-apoyo-para-quienes-trabajan-en-el-terreno\/","url":"https:\/\/www.fiarebancaetica.coop\/ca\/guerra-en-oriente-medio-apoyo-para-quienes-trabajan-en-el-terreno\/","name":"Guerra en Oriente Medio: apoyo para quienes trabajan en el terreno - Fiare Banca Etica","isPartOf":{"@id":"https:\/\/www.fiarebancaetica.coop\/ca\/#website"},"primaryImageOfPage":{"@id":"https:\/\/www.fiarebancaetica.coop\/ca\/guerra-en-oriente-medio-apoyo-para-quienes-trabajan-en-el-terreno\/#primaryimage"},"image":{"@id":"https:\/\/www.fiarebancaetica.coop\/ca\/guerra-en-oriente-medio-apoyo-para-quienes-trabajan-en-el-terreno\/#primaryimage"},"thumbnailUrl":"https:\/\/www.fiarebancaetica.coop\/app\/uploads\/sites\/2\/2023\/12\/guerra-en-oriente-medio-ayuda-para-quienes-trabajan-en-el-terreno-scaled.jpg","datePublished":"2023-10-22T22:00:00+00:00","dateModified":"2024-02-21T13:41:45+00:00","author":{"@id":"https:\/\/www.fiarebancaetica.coop\/ca\/#\/schema\/person\/579841e89c804b5db05d9141bd9b8272"},"breadcrumb":{"@id":"https:\/\/www.fiarebancaetica.coop\/ca\/guerra-en-oriente-medio-apoyo-para-quienes-trabajan-en-el-terreno\/#breadcrumb"},"inLanguage":"ca","potentialAction":[{"@type":"ReadAction","target":["https:\/\/www.fiarebancaetica.coop\/ca\/guerra-en-oriente-medio-apoyo-para-quienes-trabajan-en-el-terreno\/"]}]},{"@type":"ImageObject","inLanguage":"ca","@id":"https:\/\/www.fiarebancaetica.coop\/ca\/guerra-en-oriente-medio-apoyo-para-quienes-trabajan-en-el-terreno\/#primaryimage","url":"https:\/\/www.fiarebancaetica.coop\/app\/uploads\/sites\/2\/2023\/12\/guerra-en-oriente-medio-ayuda-para-quienes-trabajan-en-el-terreno-scaled.jpg","contentUrl":"https:\/\/www.fiarebancaetica.coop\/app\/uploads\/sites\/2\/2023\/12\/guerra-en-oriente-medio-ayuda-para-quienes-trabajan-en-el-terreno-scaled.jpg","width":2560,"height":1120},{"@type":"BreadcrumbList","@id":"https:\/\/www.fiarebancaetica.coop\/ca\/guerra-en-oriente-medio-apoyo-para-quienes-trabajan-en-el-terreno\/#breadcrumb","itemListElement":[{"@type":"ListItem","position":1,"name":"Home","item":"https:\/\/www.fiarebancaetica.coop\/ca\/"},{"@type":"ListItem","position":2,"name":"Guerra en Oriente Medio: apoyo para quienes trabajan en el terreno"}]},{"@type":"WebSite","@id":"https:\/\/www.fiarebancaetica.coop\/ca\/#website","url":"https:\/\/www.fiarebancaetica.coop\/ca\/","name":"Fiare Banca Etica","description":"","potentialAction":[{"@type":"SearchAction","target":{"@type":"EntryPoint","urlTemplate":"https:\/\/www.fiarebancaetica.coop\/ca\/?s={search_term_string}"},"query-input":{"@type":"PropertyValueSpecification","valueRequired":true,"valueName":"search_term_string"}}],"inLanguage":"ca"},{"@type":"Person","@id":"https:\/\/www.fiarebancaetica.coop\/ca\/#\/schema\/person\/579841e89c804b5db05d9141bd9b8272","name":"crispyadmin0","image":{"@type":"ImageObject","inLanguage":"ca","@id":"https:\/\/www.fiarebancaetica.coop\/ca\/#\/schema\/person\/image\/5f3a6b7786f32f4c35bd2b1a5a4698ea","url":"https:\/\/secure.gravatar.com\/avatar\/4d2cfb499d497b6d49da659fab7404b243a87fe8e40d2cf97a1cae48f677f5b2?s=96&d=mm&r=g","contentUrl":"https:\/\/secure.gravatar.com\/avatar\/4d2cfb499d497b6d49da659fab7404b243a87fe8e40d2cf97a1cae48f677f5b2?s=96&d=mm&r=g","caption":"crispyadmin0"},"sameAs":["crispyadmin0"]}]}},"_links":{"self":[{"href":"https:\/\/www.fiarebancaetica.coop\/ca\/wp-json\/wp\/v2\/posts\/343009","targetHints":{"allow":["GET"]}}],"collection":[{"href":"https:\/\/www.fiarebancaetica.coop\/ca\/wp-json\/wp\/v2\/posts"}],"about":[{"href":"https:\/\/www.fiarebancaetica.coop\/ca\/wp-json\/wp\/v2\/types\/post"}],"author":[{"embeddable":true,"href":"https:\/\/www.fiarebancaetica.coop\/ca\/wp-json\/wp\/v2\/users\/2"}],"replies":[{"embeddable":true,"href":"https:\/\/www.fiarebancaetica.coop\/ca\/wp-json\/wp\/v2\/comments?post=343009"}],"version-history":[{"count":2,"href":"https:\/\/www.fiarebancaetica.coop\/ca\/wp-json\/wp\/v2\/posts\/343009\/revisions"}],"predecessor-version":[{"id":355565,"href":"https:\/\/www.fiarebancaetica.coop\/ca\/wp-json\/wp\/v2\/posts\/343009\/revisions\/355565"}],"wp:featuredmedia":[{"embeddable":true,"href":"https:\/\/www.fiarebancaetica.coop\/ca\/wp-json\/wp\/v2\/media\/330576"}],"wp:attachment":[{"href":"https:\/\/www.fiarebancaetica.coop\/ca\/wp-json\/wp\/v2\/media?parent=343009"}],"wp:term":[{"taxonomy":"category","embeddable":true,"href":"https:\/\/www.fiarebancaetica.coop\/ca\/wp-json\/wp\/v2\/categories?post=343009"},{"taxonomy":"post_tag","embeddable":true,"href":"https:\/\/www.fiarebancaetica.coop\/ca\/wp-json\/wp\/v2\/tags?post=343009"},{"taxonomy":"author","embeddable":true,"href":"https:\/\/www.fiarebancaetica.coop\/ca\/wp-json\/wp\/v2\/coauthors?post=343009"}],"curies":[{"name":"wp","href":"https:\/\/api.w.org\/{rel}","templated":true}]}}