{"id":343093,"date":"2023-05-25T00:00:00","date_gmt":"2023-05-24T22:00:00","guid":{"rendered":"https:\/\/www.fiarebancaetica.coop\/fiare-banca-etica-y-provivienda-se-reunen-para-fomentar-el-parque-de-vivienda-asequible\/"},"modified":"2024-02-21T14:45:40","modified_gmt":"2024-02-21T13:45:40","slug":"fiare-banca-etica-y-provivienda-se-reunen-para-fomentar-el-parque-de-vivienda-asequible","status":"publish","type":"post","link":"https:\/\/www.fiarebancaetica.coop\/ca\/fiare-banca-etica-y-provivienda-se-reunen-para-fomentar-el-parque-de-vivienda-asequible\/","title":{"rendered":"Fiare Banca Etica y Provivienda se re\u00fanen para fomentar el parque de vivienda asequible"},"content":{"rendered":"\n\n<div class=\"wp-block-bancaetica-blocks-blocks-block-49\">\n    <div class=\"container-block-49\">\n\n        <div class=\"header-section \">\n                            <h1 class=\"section-title\"> Etica e cooperativa <\/h1>\n                                            <\/div>\n\n        \n        <div class=\"block-background\" style=\"background-image: url('https:\/\/www.fiarebancaetica.coop\/app\/uploads\/sites\/2\/2023\/12\/fiare-banca-etica-y-provivienda-se-reunen-para-fomentar-el-parque-de-vivienda-asequible.jpg')\">\n                            <div class=\"tile\">\n                    <h1 class=\"image-title\"> Fiare Banca Etica y Provivienda se re\u00fanen para fomentar el parque de vivienda asequible <\/h1>\n                <\/div>             <!-- end .tile -->\n            <div class=\"bottom-content\">\n                            <\/div> <!-- end .button-content -->\n        <\/div> <!-- end .block-background -->\n    <\/div> <!-- end .container -->\n<\/div> <!-- end wp-block-bancaetica-blocks-blocks-block-06 -->\n\n\n<div class=\"wrapper-crispybacon-class wrapper-crispybacon-class-boxed \">\n    <p>\n\tEste martes nos hemos <strong>reunido con <a href=\"https:\/\/www.provivienda.org\/\">Provivienda<\/a><\/strong> en su sede en Madrid donde particip\u00f3 nuestra presidenta, Anna Fasano, y Juan Garibi, en el marco de la colaboraci\u00f3n que ambas entidades tenemos para promover la ampliaci\u00f3n del parque de vivienda asequible en Espa\u00f1a.<\/p>\n<p>\n\tFiare Banca Etica apoya desde 2019 a Provivienda en la financiaci\u00f3n de adquisici\u00f3n de viviendas, contribuyendo as\u00ed a promover alternativas de provisi\u00f3n de vivienda desde el no lucro. Esta iniciativa est\u00e1 orientada a trasladar el modelo de las Housing Associations a Espa\u00f1a, con el fin \u00faltimo de <strong>ampliar el escaso parque de vivienda social y asequible que hay en nuestro pa\u00eds<\/strong>, y favorecer el equilibrio de los reg\u00edmenes de tenencia.<\/p>\n<p>\n\tDurante la reuni\u00f3n mantenida con la directora general de Provivienda, Gema Gallardo; Eduardo Guti\u00e9rrez, subdirector de la entidad; y D\u00e1maris Barajas, directora de planificaci\u00f3n; ambas entidades coincidimos en la importancia de <strong>contar con la participaci\u00f3n de todos los agentes sociales en la gesti\u00f3n y provisi\u00f3n de vivienda<\/strong>. Tambi\u00e9n en la necesidad de impulsar las iniciativas del Tercer Sector y de la Econom\u00eda Social y Solidaria para aumentar el parque de vivienda social y asequible.<\/p>\n<p>\n\t\u00abSi queremos que Espa\u00f1a cuente con un sistema de provisi\u00f3n de vivienda asequible para toda la poblaci\u00f3n, debemos pensar en el medio y en el largo plazo. El apoyo de Fiare Banca \u00c9tica nos ayuda a proyectarnos en el futuro para seguir ofreciendo viviendas desde el no lucro que ampl\u00eden el parque de vivienda asequible y contribuyan a garantizar el derecho a la vivienda.\u00bb<br \/>\n\tGema Gallardo, directora general de Provivienda<\/p>\n<p>\n\tDesde ambas organizaciones, recalcamos la necesidad de<strong> generar modelos alternativos en \u00e1mbito inmobiliario<\/strong>, que favorezcan otras din\u00e1micas alejadas de los modelos especulativos que caracterizan el sector de la vivienda. En esta l\u00ednea, esta colaboraci\u00f3n pretende abrir la puerta a que se escale la participaci\u00f3n del no lucro en la gesti\u00f3n de vivienda asequible y social.<\/p>\n<h2>\n\tSobre las Housing Associations<\/h2>\n<p>\n\tEl modelo de vivienda espa\u00f1ol, altamente mercantilizado, presenta grandes problemas de asequibilidad para amplios sectores de la poblaci\u00f3n. La <strong>vivienda social y asequible es muy escasa <\/strong>y no aporta una soluci\u00f3n general, especialmente para aquellas personas que se encuentran en una situaci\u00f3n de mayor vulnerabilidad. En este escenario, las Housing Associations tienen cada vez un peso mayor en la provisi\u00f3n de vivienda a precios por debajo del mercado.<\/p>\n<p>\n\tTal y como se indica en el Dossier <a href=\"http:\/\/murciasocial1.blogspot.com\/2023\/05\/dossier-el-papel-de-la-sociedad-civil.html\">\u201cEl papel de la sociedad civil en la provisi\u00f3n de vivienda asequible II. Una perspectiva europea\u201d <\/a>(Provivienda, 2023), las Housing Associations son \u201corganizaciones que, desde el no lucro o el lucro limitado, promueven, construyen, rehabilitan y gestionan vivienda asequible y social, apoyadas en mayor o menor medida por las Administraciones P\u00fablicas para promover su actividad\u201d.<\/p>\n<p>\n\t&nbsp;<\/p>\n<p>\n\t<strong><a href=\"https:\/\/www.provivienda.org\/\">www.provivienda.org<\/a><\/strong><\/p>\n<\/div>","protected":false},"excerpt":{"rendered":"<p>\n\tEste martes nos hemos reunido con Provivienda en su sede en Madrid donde particip\u00f3 nuestra presidenta, Anna Fasano, y&nbsp; Juan Garibi,en el marco de la colaboraci\u00f3n que ambas entidades tenemos para promover la ampliaci\u00f3n del parque de vivienda asequible en Espa\u00f1a.<\/p>\n","protected":false},"author":2,"featured_media":330455,"comment_status":"open","ping_status":"closed","sticky":false,"template":"","format":"standard","meta":{"_acf_changed":false,"footnotes":""},"categories":[11643],"tags":[11854],"coauthors":[2891],"class_list":["post-343093","post","type-post","status-publish","format-standard","has-post-thumbnail","hentry","category-finances-etiques","tag-noticies"],"acf":[],"yoast_head":"<!-- This site is optimized with the Yoast SEO plugin v26.9 - https:\/\/yoast.com\/product\/yoast-seo-wordpress\/ -->\n<title>Fiare Banca Etica y Provivienda se re\u00fanen para fomentar el parque de vivienda asequible - Fiare Banca Etica<\/title>\n<meta name=\"robots\" content=\"index, follow, max-snippet:-1, max-image-preview:large, max-video-preview:-1\" \/>\n<link rel=\"canonical\" href=\"https:\/\/www.fiarebancaetica.coop\/ca\/fiare-banca-etica-y-provivienda-se-reunen-para-fomentar-el-parque-de-vivienda-asequible\/\" \/>\n<meta property=\"og:locale\" content=\"ca_ES\" \/>\n<meta property=\"og:type\" content=\"article\" \/>\n<meta property=\"og:title\" content=\"Fiare Banca Etica y Provivienda se re\u00fanen para fomentar el parque de vivienda asequible - Fiare Banca Etica\" \/>\n<meta property=\"og:description\" content=\"Este martes nos hemos reunido con Provivienda en su sede en Madrid donde particip\u00f3 nuestra presidenta, Anna Fasano, y&nbsp; Juan Garibi,en el marco de la colaboraci\u00f3n que ambas entidades tenemos para promover la ampliaci\u00f3n del parque de vivienda asequible en Espa\u00f1a.\" \/>\n<meta property=\"og:url\" content=\"https:\/\/www.fiarebancaetica.coop\/ca\/fiare-banca-etica-y-provivienda-se-reunen-para-fomentar-el-parque-de-vivienda-asequible\/\" \/>\n<meta property=\"og:site_name\" content=\"Fiare Banca Etica\" \/>\n<meta property=\"article:published_time\" content=\"2023-05-24T22:00:00+00:00\" \/>\n<meta property=\"article:modified_time\" content=\"2024-02-21T13:45:40+00:00\" \/>\n<meta property=\"og:image\" content=\"https:\/\/www.fiarebancaetica.coop\/app\/uploads\/sites\/2\/2023\/12\/fiare-banca-etica-y-provivienda-se-reunen-para-fomentar-el-parque-de-vivienda-asequible.jpg\" \/>\n\t<meta property=\"og:image:width\" content=\"580\" \/>\n\t<meta property=\"og:image:height\" content=\"250\" \/>\n\t<meta property=\"og:image:type\" content=\"image\/jpeg\" \/>\n<meta name=\"author\" content=\"crispyadmin0\" \/>\n<meta name=\"twitter:card\" content=\"summary_large_image\" \/>\n<script type=\"application\/ld+json\" class=\"yoast-schema-graph\">{\"@context\":\"https:\/\/schema.org\",\"@graph\":[{\"@type\":\"Article\",\"@id\":\"https:\/\/www.fiarebancaetica.coop\/ca\/fiare-banca-etica-y-provivienda-se-reunen-para-fomentar-el-parque-de-vivienda-asequible\/#article\",\"isPartOf\":{\"@id\":\"https:\/\/www.fiarebancaetica.coop\/ca\/fiare-banca-etica-y-provivienda-se-reunen-para-fomentar-el-parque-de-vivienda-asequible\/\"},\"author\":{\"name\":\"crispyadmin0\",\"@id\":\"https:\/\/www.fiarebancaetica.coop\/ca\/#\/schema\/person\/579841e89c804b5db05d9141bd9b8272\"},\"headline\":\"Fiare Banca Etica y Provivienda se re\u00fanen para fomentar el parque de vivienda asequible\",\"datePublished\":\"2023-05-24T22:00:00+00:00\",\"dateModified\":\"2024-02-21T13:45:40+00:00\",\"mainEntityOfPage\":{\"@id\":\"https:\/\/www.fiarebancaetica.coop\/ca\/fiare-banca-etica-y-provivienda-se-reunen-para-fomentar-el-parque-de-vivienda-asequible\/\"},\"wordCount\":497,\"commentCount\":0,\"image\":{\"@id\":\"https:\/\/www.fiarebancaetica.coop\/ca\/fiare-banca-etica-y-provivienda-se-reunen-para-fomentar-el-parque-de-vivienda-asequible\/#primaryimage\"},\"thumbnailUrl\":\"https:\/\/www.fiarebancaetica.coop\/app\/uploads\/sites\/2\/2023\/12\/fiare-banca-etica-y-provivienda-se-reunen-para-fomentar-el-parque-de-vivienda-asequible.jpg\",\"keywords\":[\"Not\u00edcies\"],\"articleSection\":[\"Finances \u00e8tiques\"],\"inLanguage\":\"ca\",\"potentialAction\":[{\"@type\":\"CommentAction\",\"name\":\"Comment\",\"target\":[\"https:\/\/www.fiarebancaetica.coop\/ca\/fiare-banca-etica-y-provivienda-se-reunen-para-fomentar-el-parque-de-vivienda-asequible\/#respond\"]}]},{\"@type\":\"WebPage\",\"@id\":\"https:\/\/www.fiarebancaetica.coop\/ca\/fiare-banca-etica-y-provivienda-se-reunen-para-fomentar-el-parque-de-vivienda-asequible\/\",\"url\":\"https:\/\/www.fiarebancaetica.coop\/ca\/fiare-banca-etica-y-provivienda-se-reunen-para-fomentar-el-parque-de-vivienda-asequible\/\",\"name\":\"Fiare Banca Etica y Provivienda se re\u00fanen para fomentar el parque de vivienda asequible - Fiare Banca Etica\",\"isPartOf\":{\"@id\":\"https:\/\/www.fiarebancaetica.coop\/ca\/#website\"},\"primaryImageOfPage\":{\"@id\":\"https:\/\/www.fiarebancaetica.coop\/ca\/fiare-banca-etica-y-provivienda-se-reunen-para-fomentar-el-parque-de-vivienda-asequible\/#primaryimage\"},\"image\":{\"@id\":\"https:\/\/www.fiarebancaetica.coop\/ca\/fiare-banca-etica-y-provivienda-se-reunen-para-fomentar-el-parque-de-vivienda-asequible\/#primaryimage\"},\"thumbnailUrl\":\"https:\/\/www.fiarebancaetica.coop\/app\/uploads\/sites\/2\/2023\/12\/fiare-banca-etica-y-provivienda-se-reunen-para-fomentar-el-parque-de-vivienda-asequible.jpg\",\"datePublished\":\"2023-05-24T22:00:00+00:00\",\"dateModified\":\"2024-02-21T13:45:40+00:00\",\"author\":{\"@id\":\"https:\/\/www.fiarebancaetica.coop\/ca\/#\/schema\/person\/579841e89c804b5db05d9141bd9b8272\"},\"breadcrumb\":{\"@id\":\"https:\/\/www.fiarebancaetica.coop\/ca\/fiare-banca-etica-y-provivienda-se-reunen-para-fomentar-el-parque-de-vivienda-asequible\/#breadcrumb\"},\"inLanguage\":\"ca\",\"potentialAction\":[{\"@type\":\"ReadAction\",\"target\":[\"https:\/\/www.fiarebancaetica.coop\/ca\/fiare-banca-etica-y-provivienda-se-reunen-para-fomentar-el-parque-de-vivienda-asequible\/\"]}]},{\"@type\":\"ImageObject\",\"inLanguage\":\"ca\",\"@id\":\"https:\/\/www.fiarebancaetica.coop\/ca\/fiare-banca-etica-y-provivienda-se-reunen-para-fomentar-el-parque-de-vivienda-asequible\/#primaryimage\",\"url\":\"https:\/\/www.fiarebancaetica.coop\/app\/uploads\/sites\/2\/2023\/12\/fiare-banca-etica-y-provivienda-se-reunen-para-fomentar-el-parque-de-vivienda-asequible.jpg\",\"contentUrl\":\"https:\/\/www.fiarebancaetica.coop\/app\/uploads\/sites\/2\/2023\/12\/fiare-banca-etica-y-provivienda-se-reunen-para-fomentar-el-parque-de-vivienda-asequible.jpg\",\"width\":580,\"height\":250},{\"@type\":\"BreadcrumbList\",\"@id\":\"https:\/\/www.fiarebancaetica.coop\/ca\/fiare-banca-etica-y-provivienda-se-reunen-para-fomentar-el-parque-de-vivienda-asequible\/#breadcrumb\",\"itemListElement\":[{\"@type\":\"ListItem\",\"position\":1,\"name\":\"Home\",\"item\":\"https:\/\/www.fiarebancaetica.coop\/ca\/\"},{\"@type\":\"ListItem\",\"position\":2,\"name\":\"Fiare Banca Etica y Provivienda se re\u00fanen para fomentar el parque de vivienda asequible\"}]},{\"@type\":\"WebSite\",\"@id\":\"https:\/\/www.fiarebancaetica.coop\/ca\/#website\",\"url\":\"https:\/\/www.fiarebancaetica.coop\/ca\/\",\"name\":\"Fiare Banca Etica\",\"description\":\"\",\"potentialAction\":[{\"@type\":\"SearchAction\",\"target\":{\"@type\":\"EntryPoint\",\"urlTemplate\":\"https:\/\/www.fiarebancaetica.coop\/ca\/?s={search_term_string}\"},\"query-input\":{\"@type\":\"PropertyValueSpecification\",\"valueRequired\":true,\"valueName\":\"search_term_string\"}}],\"inLanguage\":\"ca\"},{\"@type\":\"Person\",\"@id\":\"https:\/\/www.fiarebancaetica.coop\/ca\/#\/schema\/person\/579841e89c804b5db05d9141bd9b8272\",\"name\":\"crispyadmin0\",\"image\":{\"@type\":\"ImageObject\",\"inLanguage\":\"ca\",\"@id\":\"https:\/\/www.fiarebancaetica.coop\/ca\/#\/schema\/person\/image\/5f3a6b7786f32f4c35bd2b1a5a4698ea\",\"url\":\"https:\/\/secure.gravatar.com\/avatar\/4d2cfb499d497b6d49da659fab7404b243a87fe8e40d2cf97a1cae48f677f5b2?s=96&d=mm&r=g\",\"contentUrl\":\"https:\/\/secure.gravatar.com\/avatar\/4d2cfb499d497b6d49da659fab7404b243a87fe8e40d2cf97a1cae48f677f5b2?s=96&d=mm&r=g\",\"caption\":\"crispyadmin0\"},\"sameAs\":[\"crispyadmin0\"]}]}<\/script>\n<!-- \/ Yoast SEO plugin. -->","yoast_head_json":{"title":"Fiare Banca Etica y Provivienda se re\u00fanen para fomentar el parque de vivienda asequible - Fiare Banca Etica","robots":{"index":"index","follow":"follow","max-snippet":"max-snippet:-1","max-image-preview":"max-image-preview:large","max-video-preview":"max-video-preview:-1"},"canonical":"https:\/\/www.fiarebancaetica.coop\/ca\/fiare-banca-etica-y-provivienda-se-reunen-para-fomentar-el-parque-de-vivienda-asequible\/","og_locale":"ca_ES","og_type":"article","og_title":"Fiare Banca Etica y Provivienda se re\u00fanen para fomentar el parque de vivienda asequible - Fiare Banca Etica","og_description":"Este martes nos hemos reunido con Provivienda en su sede en Madrid donde particip\u00f3 nuestra presidenta, Anna Fasano, y&nbsp; Juan Garibi,en el marco de la colaboraci\u00f3n que ambas entidades tenemos para promover la ampliaci\u00f3n del parque de vivienda asequible en Espa\u00f1a.","og_url":"https:\/\/www.fiarebancaetica.coop\/ca\/fiare-banca-etica-y-provivienda-se-reunen-para-fomentar-el-parque-de-vivienda-asequible\/","og_site_name":"Fiare Banca Etica","article_published_time":"2023-05-24T22:00:00+00:00","article_modified_time":"2024-02-21T13:45:40+00:00","og_image":[{"width":580,"height":250,"url":"https:\/\/www.fiarebancaetica.coop\/app\/uploads\/sites\/2\/2023\/12\/fiare-banca-etica-y-provivienda-se-reunen-para-fomentar-el-parque-de-vivienda-asequible.jpg","type":"image\/jpeg"}],"author":"crispyadmin0","twitter_card":"summary_large_image","schema":{"@context":"https:\/\/schema.org","@graph":[{"@type":"Article","@id":"https:\/\/www.fiarebancaetica.coop\/ca\/fiare-banca-etica-y-provivienda-se-reunen-para-fomentar-el-parque-de-vivienda-asequible\/#article","isPartOf":{"@id":"https:\/\/www.fiarebancaetica.coop\/ca\/fiare-banca-etica-y-provivienda-se-reunen-para-fomentar-el-parque-de-vivienda-asequible\/"},"author":{"name":"crispyadmin0","@id":"https:\/\/www.fiarebancaetica.coop\/ca\/#\/schema\/person\/579841e89c804b5db05d9141bd9b8272"},"headline":"Fiare Banca Etica y Provivienda se re\u00fanen para fomentar el parque de vivienda asequible","datePublished":"2023-05-24T22:00:00+00:00","dateModified":"2024-02-21T13:45:40+00:00","mainEntityOfPage":{"@id":"https:\/\/www.fiarebancaetica.coop\/ca\/fiare-banca-etica-y-provivienda-se-reunen-para-fomentar-el-parque-de-vivienda-asequible\/"},"wordCount":497,"commentCount":0,"image":{"@id":"https:\/\/www.fiarebancaetica.coop\/ca\/fiare-banca-etica-y-provivienda-se-reunen-para-fomentar-el-parque-de-vivienda-asequible\/#primaryimage"},"thumbnailUrl":"https:\/\/www.fiarebancaetica.coop\/app\/uploads\/sites\/2\/2023\/12\/fiare-banca-etica-y-provivienda-se-reunen-para-fomentar-el-parque-de-vivienda-asequible.jpg","keywords":["Not\u00edcies"],"articleSection":["Finances \u00e8tiques"],"inLanguage":"ca","potentialAction":[{"@type":"CommentAction","name":"Comment","target":["https:\/\/www.fiarebancaetica.coop\/ca\/fiare-banca-etica-y-provivienda-se-reunen-para-fomentar-el-parque-de-vivienda-asequible\/#respond"]}]},{"@type":"WebPage","@id":"https:\/\/www.fiarebancaetica.coop\/ca\/fiare-banca-etica-y-provivienda-se-reunen-para-fomentar-el-parque-de-vivienda-asequible\/","url":"https:\/\/www.fiarebancaetica.coop\/ca\/fiare-banca-etica-y-provivienda-se-reunen-para-fomentar-el-parque-de-vivienda-asequible\/","name":"Fiare Banca Etica y Provivienda se re\u00fanen para fomentar el parque de vivienda asequible - Fiare Banca Etica","isPartOf":{"@id":"https:\/\/www.fiarebancaetica.coop\/ca\/#website"},"primaryImageOfPage":{"@id":"https:\/\/www.fiarebancaetica.coop\/ca\/fiare-banca-etica-y-provivienda-se-reunen-para-fomentar-el-parque-de-vivienda-asequible\/#primaryimage"},"image":{"@id":"https:\/\/www.fiarebancaetica.coop\/ca\/fiare-banca-etica-y-provivienda-se-reunen-para-fomentar-el-parque-de-vivienda-asequible\/#primaryimage"},"thumbnailUrl":"https:\/\/www.fiarebancaetica.coop\/app\/uploads\/sites\/2\/2023\/12\/fiare-banca-etica-y-provivienda-se-reunen-para-fomentar-el-parque-de-vivienda-asequible.jpg","datePublished":"2023-05-24T22:00:00+00:00","dateModified":"2024-02-21T13:45:40+00:00","author":{"@id":"https:\/\/www.fiarebancaetica.coop\/ca\/#\/schema\/person\/579841e89c804b5db05d9141bd9b8272"},"breadcrumb":{"@id":"https:\/\/www.fiarebancaetica.coop\/ca\/fiare-banca-etica-y-provivienda-se-reunen-para-fomentar-el-parque-de-vivienda-asequible\/#breadcrumb"},"inLanguage":"ca","potentialAction":[{"@type":"ReadAction","target":["https:\/\/www.fiarebancaetica.coop\/ca\/fiare-banca-etica-y-provivienda-se-reunen-para-fomentar-el-parque-de-vivienda-asequible\/"]}]},{"@type":"ImageObject","inLanguage":"ca","@id":"https:\/\/www.fiarebancaetica.coop\/ca\/fiare-banca-etica-y-provivienda-se-reunen-para-fomentar-el-parque-de-vivienda-asequible\/#primaryimage","url":"https:\/\/www.fiarebancaetica.coop\/app\/uploads\/sites\/2\/2023\/12\/fiare-banca-etica-y-provivienda-se-reunen-para-fomentar-el-parque-de-vivienda-asequible.jpg","contentUrl":"https:\/\/www.fiarebancaetica.coop\/app\/uploads\/sites\/2\/2023\/12\/fiare-banca-etica-y-provivienda-se-reunen-para-fomentar-el-parque-de-vivienda-asequible.jpg","width":580,"height":250},{"@type":"BreadcrumbList","@id":"https:\/\/www.fiarebancaetica.coop\/ca\/fiare-banca-etica-y-provivienda-se-reunen-para-fomentar-el-parque-de-vivienda-asequible\/#breadcrumb","itemListElement":[{"@type":"ListItem","position":1,"name":"Home","item":"https:\/\/www.fiarebancaetica.coop\/ca\/"},{"@type":"ListItem","position":2,"name":"Fiare Banca Etica y Provivienda se re\u00fanen para fomentar el parque de vivienda asequible"}]},{"@type":"WebSite","@id":"https:\/\/www.fiarebancaetica.coop\/ca\/#website","url":"https:\/\/www.fiarebancaetica.coop\/ca\/","name":"Fiare Banca Etica","description":"","potentialAction":[{"@type":"SearchAction","target":{"@type":"EntryPoint","urlTemplate":"https:\/\/www.fiarebancaetica.coop\/ca\/?s={search_term_string}"},"query-input":{"@type":"PropertyValueSpecification","valueRequired":true,"valueName":"search_term_string"}}],"inLanguage":"ca"},{"@type":"Person","@id":"https:\/\/www.fiarebancaetica.coop\/ca\/#\/schema\/person\/579841e89c804b5db05d9141bd9b8272","name":"crispyadmin0","image":{"@type":"ImageObject","inLanguage":"ca","@id":"https:\/\/www.fiarebancaetica.coop\/ca\/#\/schema\/person\/image\/5f3a6b7786f32f4c35bd2b1a5a4698ea","url":"https:\/\/secure.gravatar.com\/avatar\/4d2cfb499d497b6d49da659fab7404b243a87fe8e40d2cf97a1cae48f677f5b2?s=96&d=mm&r=g","contentUrl":"https:\/\/secure.gravatar.com\/avatar\/4d2cfb499d497b6d49da659fab7404b243a87fe8e40d2cf97a1cae48f677f5b2?s=96&d=mm&r=g","caption":"crispyadmin0"},"sameAs":["crispyadmin0"]}]}},"_links":{"self":[{"href":"https:\/\/www.fiarebancaetica.coop\/ca\/wp-json\/wp\/v2\/posts\/343093","targetHints":{"allow":["GET"]}}],"collection":[{"href":"https:\/\/www.fiarebancaetica.coop\/ca\/wp-json\/wp\/v2\/posts"}],"about":[{"href":"https:\/\/www.fiarebancaetica.coop\/ca\/wp-json\/wp\/v2\/types\/post"}],"author":[{"embeddable":true,"href":"https:\/\/www.fiarebancaetica.coop\/ca\/wp-json\/wp\/v2\/users\/2"}],"replies":[{"embeddable":true,"href":"https:\/\/www.fiarebancaetica.coop\/ca\/wp-json\/wp\/v2\/comments?post=343093"}],"version-history":[{"count":2,"href":"https:\/\/www.fiarebancaetica.coop\/ca\/wp-json\/wp\/v2\/posts\/343093\/revisions"}],"predecessor-version":[{"id":355436,"href":"https:\/\/www.fiarebancaetica.coop\/ca\/wp-json\/wp\/v2\/posts\/343093\/revisions\/355436"}],"wp:featuredmedia":[{"embeddable":true,"href":"https:\/\/www.fiarebancaetica.coop\/ca\/wp-json\/wp\/v2\/media\/330455"}],"wp:attachment":[{"href":"https:\/\/www.fiarebancaetica.coop\/ca\/wp-json\/wp\/v2\/media?parent=343093"}],"wp:term":[{"taxonomy":"category","embeddable":true,"href":"https:\/\/www.fiarebancaetica.coop\/ca\/wp-json\/wp\/v2\/categories?post=343093"},{"taxonomy":"post_tag","embeddable":true,"href":"https:\/\/www.fiarebancaetica.coop\/ca\/wp-json\/wp\/v2\/tags?post=343093"},{"taxonomy":"author","embeddable":true,"href":"https:\/\/www.fiarebancaetica.coop\/ca\/wp-json\/wp\/v2\/coauthors?post=343093"}],"curies":[{"name":"wp","href":"https:\/\/api.w.org\/{rel}","templated":true}]}}