{"id":343101,"date":"2023-05-16T00:00:00","date_gmt":"2023-05-15T22:00:00","guid":{"rendered":"https:\/\/www.fiarebancaetica.coop\/fiare-banca-etica-seleccionara-dos-proyectos-de-comunidades-energeticas-para-apoyarlos-economicamente\/"},"modified":"2024-02-21T14:45:48","modified_gmt":"2024-02-21T13:45:48","slug":"fiare-banca-etica-seleccionara-dos-proyectos-de-comunidades-energeticas-para-apoyarlos-economicamente","status":"publish","type":"post","link":"https:\/\/www.fiarebancaetica.coop\/ca\/fiare-banca-etica-seleccionara-dos-proyectos-de-comunidades-energeticas-para-apoyarlos-economicamente\/","title":{"rendered":"Fiare Banca Etica seleccionar\u00e1 dos proyectos de comunidades energ\u00e9ticas para apoyarlos econ\u00f3micamente"},"content":{"rendered":"\n\n<div class=\"wp-block-bancaetica-blocks-blocks-block-49\">\n    <div class=\"container-block-49\">\n\n        <div class=\"header-section \">\n                            <h1 class=\"section-title\"> Etica e cooperativa <\/h1>\n                                            <\/div>\n\n        \n        <div class=\"block-background\" style=\"background-image: url('https:\/\/www.fiarebancaetica.coop\/app\/uploads\/sites\/2\/2023\/12\/fiare-banca-etica-seleccionara-dos-proyectos-de-comunidades-energeticas-para-apoyarlos.jpg')\">\n                            <div class=\"tile\">\n                    <h1 class=\"image-title\"> Fiare Banca Etica seleccionar\u00e1 dos proyectos de comunidades energ\u00e9ticas para apoyarlos econ\u00f3micamente <\/h1>\n                <\/div>             <!-- end .tile -->\n            <div class=\"bottom-content\">\n                            <\/div> <!-- end .button-content -->\n        <\/div> <!-- end .block-background -->\n    <\/div> <!-- end .container -->\n<\/div> <!-- end wp-block-bancaetica-blocks-blocks-block-06 -->\n\n\n<div class=\"wrapper-crispybacon-class wrapper-crispybacon-class-boxed \">\n    <p>\n\tFiare Banca Etica presenta la convocatoria de Concurso para apoyar la <strong>creaci\u00f3n o&nbsp;desarrollo de comunidades energ\u00e9ticas<\/strong>.<\/p>\n<p>\n\tEsta convocatoria se enmarca dentro de&nbsp; nuestro&nbsp; compromiso con el desarrollo sostenible y la protecci\u00f3n del medioambiente, haciendo de la sostenibilidad una de nuestras se\u00f1as de identidad.<\/p>\n<p>\n\tEst\u00e1 dirigida a todas las iniciativas y organizaciones que quieran crear o promover la transici\u00f3n energ\u00e9tica y el fomento de las energ\u00edas renovables a trav\u00e9s de la comunidades.<\/p>\n<h2>\n\t\u00c1mbito tem\u00e1tico de la convocatoria<\/h2>\n<p>\n\tEntendemos por comunidad energ\u00e9tica a todo grupo de personas (personas f\u00edsicas, asociaciones, cooperativas, pymes o autoridades locales, incluidos los municipios) que se unen para gestionar, producir y consumir su propia energ\u00eda desde una perspectiva sostenible. Las comunidades energ\u00e9ticas son agrupaciones que est\u00e1n basadas en la democracia participativa y en la descentralizaci\u00f3n del sector energ\u00e9tico. El objetivo \u00faltimo es devolver el poder a las personas y luchar ,sin duda, contra la crisis clim\u00e1tica favoreciendo la transici\u00f3n justa.<\/p>\n<h2>\n\tObjetivo de la convocatoria<\/h2>\n<p>\n\tA trav\u00e9s de esta convocatoria se pretende dar soporte a la creaci\u00f3n de nuevas comunidades energ\u00e9ticas o apoyar a otras ya constitu\u00eddas; en concreto se escoger\u00e1n a dos o tres comunidades como las ganadoras.<br \/>\n\tLas comunidades energ\u00e9ticas o las que est\u00e1n en constituci\u00f3n que se presenten a la convocatoria deben de tener en cuenta los objetivos que marca el proyecto:<\/p>\n<ul>\n\t<li>\n\t\tCreaci\u00f3n o consolidaci\u00f3n de dos comunidades energ\u00e9ticas<\/li>\n\t<li>\n\t\t&nbsp;Generaci\u00f3n de relaciones estables entre los GITs, las comunidades energ\u00e9ticas apoyadas, el banco y la Fundaci\u00f3n<\/li>\n\t<li>\n\t\tUso de los productos y servicios de Fiare Banca Etica por parte de las Comunidades Energ\u00e9ticas<\/li>\n<\/ul>\n<h2>\n\tCalendario<\/h2>\n<p>\n\tPlazo de presentaci\u00f3n de proyectos de comunidades energ\u00e9ticas o de comunidades energ\u00e9ticas en constituci\u00f3n:<br \/>\n\t<strong>&#8211; Inicio: <\/strong>15 de mayo de 2023<br \/>\n\t<strong>&#8211; Fin: <\/strong>22 de julio de 2023<br \/>\n\t<br \/>\n\t<strong>Evaluaci\u00f3n de proyectos presentados y selecci\u00f3n: <\/strong>22 julio 2023 &#8211; 1 septiembre de 2023<br \/>\n\t<strong>Dise\u00f1o de la intervenci\u00f3n: <\/strong>1 septiembre de 2023 &#8211; 15 octubre de 2023<br \/>\n\t<strong>Ejecuci\u00f3n:<\/strong> a partir del 15 de octubre de 2023<\/p>\n<h2>\n\tOtros criterios de valoraci\u00f3n<\/h2>\n<p>\n\tSe valorar\u00e1n tambi\u00e9n otras variables a la hora de escoger los proyectos que se presenten a la convocatoria:<\/p>\n<ul>\n\t<li>\n\t\t<strong>Agentes implicados:<\/strong> sector p\u00fablico, sector privado y ciudadan\u00eda<\/li>\n\t<li>\n\t\tPerspectiva de <strong>integrar a organizaciones de econom\u00eda social<\/strong> dentro del proyecto como pueden ser las cooperativas de consumo el\u00e9ctrico<\/li>\n\t<li>\n\t\tProyectos con <strong>perspectiva de g\u00e9nero<\/strong><\/li>\n\t<li>\n\t\tProyectos liderados por <strong>j\u00f3venes <\/strong>o en el que haya participaci\u00f3n de personas j\u00f3venes<\/li>\n\t<li>\n\t\t<strong>Trabajo en red<\/strong> con otras organizaciones<\/li>\n\t<li>\n\t\tIntegraci\u00f3n de <strong>personas migrantes o de personas en riesgo de exclusi\u00f3n<\/strong> &#8211; Adaptaci\u00f3n y cuidado del entorno<\/li>\n\t<li>\n\t\tVinculaci\u00f3n de los <strong>proyectos con el GIT<\/strong><\/li>\n<\/ul>\n<h2>\n\tAportaciones desde el concurso<\/h2>\n<p>\n\tPresupuesto de <strong>10.000\u20ac para el conjunto de proyectos seleccionados<\/strong>. El presupuesto se adaptar\u00e1 a las necesidades de intervenci\u00f3n que se planteen desde las 2-3 comunidades energ\u00e9ticas seleccionadas.<\/p>\n<p>\n\t<strong>Descubre aqu\u00ed las <a href=\"https:\/\/www.fiarebancaetica.coop\/sites\/fiarebancaetica.com\/files\/documenti\/bases-concurso-comunidades-energeticas.pdf\">bases completas<\/a>&nbsp;y el <a href=\"https:\/\/www.fiarebancaetica.coop\/sites\/fiarebancaetica.com\/files\/documenti\/ficha-tecnica-concurso-comunidades-energeticas.pdf\">documento a rellenar<\/a><\/strong><\/p>\n<p class=\"rteleft\">\n\t<span><strong>Env\u00eda tus consultas y el documento a rellenar a&nbsp;&nbsp;<a href=\"mailto:anogueira@fiarebancaetica.coop\">anogueira@fiarebancaetica.coop<\/a><\/strong><\/span><\/p>\n<\/div>","protected":false},"excerpt":{"rendered":"<p>\n\tFiare Banca Etica presenta la convocatoria de Concurso para apoyar la creaci\u00f3n o desarrollo de comunidades energ\u00e9ticas.<\/p>\n","protected":false},"author":2,"featured_media":330443,"comment_status":"open","ping_status":"closed","sticky":false,"template":"","format":"standard","meta":{"_acf_changed":false,"footnotes":""},"categories":[11643],"tags":[11854],"coauthors":[2891],"class_list":["post-343101","post","type-post","status-publish","format-standard","has-post-thumbnail","hentry","category-finances-etiques","tag-noticies"],"acf":[],"yoast_head":"<!-- This site is optimized with the Yoast SEO plugin v26.9 - https:\/\/yoast.com\/product\/yoast-seo-wordpress\/ -->\n<title>Fiare Banca Etica seleccionar\u00e1 dos proyectos de comunidades energ\u00e9ticas para apoyarlos econ\u00f3micamente - Fiare Banca Etica<\/title>\n<meta name=\"robots\" content=\"index, follow, max-snippet:-1, max-image-preview:large, max-video-preview:-1\" \/>\n<link rel=\"canonical\" href=\"https:\/\/www.fiarebancaetica.coop\/ca\/fiare-banca-etica-seleccionara-dos-proyectos-de-comunidades-energeticas-para-apoyarlos-economicamente\/\" \/>\n<meta property=\"og:locale\" content=\"ca_ES\" \/>\n<meta property=\"og:type\" content=\"article\" \/>\n<meta property=\"og:title\" content=\"Fiare Banca Etica seleccionar\u00e1 dos proyectos de comunidades energ\u00e9ticas para apoyarlos econ\u00f3micamente - Fiare Banca Etica\" \/>\n<meta property=\"og:description\" content=\"Fiare Banca Etica presenta la convocatoria de Concurso para apoyar la creaci\u00f3n o desarrollo de comunidades energ\u00e9ticas.\" \/>\n<meta property=\"og:url\" content=\"https:\/\/www.fiarebancaetica.coop\/ca\/fiare-banca-etica-seleccionara-dos-proyectos-de-comunidades-energeticas-para-apoyarlos-economicamente\/\" \/>\n<meta property=\"og:site_name\" content=\"Fiare Banca Etica\" \/>\n<meta property=\"article:published_time\" content=\"2023-05-15T22:00:00+00:00\" \/>\n<meta property=\"article:modified_time\" content=\"2024-02-21T13:45:48+00:00\" \/>\n<meta property=\"og:image\" content=\"https:\/\/www.fiarebancaetica.coop\/app\/uploads\/sites\/2\/2023\/12\/fiare-banca-etica-seleccionara-dos-proyectos-de-comunidades-energeticas-para-apoyarlos.jpg\" \/>\n\t<meta property=\"og:image:width\" content=\"600\" \/>\n\t<meta property=\"og:image:height\" content=\"300\" \/>\n\t<meta property=\"og:image:type\" content=\"image\/jpeg\" \/>\n<meta name=\"author\" content=\"crispyadmin0\" \/>\n<meta name=\"twitter:card\" content=\"summary_large_image\" \/>\n<script type=\"application\/ld+json\" class=\"yoast-schema-graph\">{\"@context\":\"https:\/\/schema.org\",\"@graph\":[{\"@type\":\"Article\",\"@id\":\"https:\/\/www.fiarebancaetica.coop\/ca\/fiare-banca-etica-seleccionara-dos-proyectos-de-comunidades-energeticas-para-apoyarlos-economicamente\/#article\",\"isPartOf\":{\"@id\":\"https:\/\/www.fiarebancaetica.coop\/ca\/fiare-banca-etica-seleccionara-dos-proyectos-de-comunidades-energeticas-para-apoyarlos-economicamente\/\"},\"author\":{\"name\":\"crispyadmin0\",\"@id\":\"https:\/\/www.fiarebancaetica.coop\/ca\/#\/schema\/person\/579841e89c804b5db05d9141bd9b8272\"},\"headline\":\"Fiare Banca Etica seleccionar\u00e1 dos proyectos de comunidades energ\u00e9ticas para apoyarlos econ\u00f3micamente\",\"datePublished\":\"2023-05-15T22:00:00+00:00\",\"dateModified\":\"2024-02-21T13:45:48+00:00\",\"mainEntityOfPage\":{\"@id\":\"https:\/\/www.fiarebancaetica.coop\/ca\/fiare-banca-etica-seleccionara-dos-proyectos-de-comunidades-energeticas-para-apoyarlos-economicamente\/\"},\"wordCount\":537,\"commentCount\":0,\"image\":{\"@id\":\"https:\/\/www.fiarebancaetica.coop\/ca\/fiare-banca-etica-seleccionara-dos-proyectos-de-comunidades-energeticas-para-apoyarlos-economicamente\/#primaryimage\"},\"thumbnailUrl\":\"https:\/\/www.fiarebancaetica.coop\/app\/uploads\/sites\/2\/2023\/12\/fiare-banca-etica-seleccionara-dos-proyectos-de-comunidades-energeticas-para-apoyarlos.jpg\",\"keywords\":[\"Not\u00edcies\"],\"articleSection\":[\"Finances \u00e8tiques\"],\"inLanguage\":\"ca\",\"potentialAction\":[{\"@type\":\"CommentAction\",\"name\":\"Comment\",\"target\":[\"https:\/\/www.fiarebancaetica.coop\/ca\/fiare-banca-etica-seleccionara-dos-proyectos-de-comunidades-energeticas-para-apoyarlos-economicamente\/#respond\"]}]},{\"@type\":\"WebPage\",\"@id\":\"https:\/\/www.fiarebancaetica.coop\/ca\/fiare-banca-etica-seleccionara-dos-proyectos-de-comunidades-energeticas-para-apoyarlos-economicamente\/\",\"url\":\"https:\/\/www.fiarebancaetica.coop\/ca\/fiare-banca-etica-seleccionara-dos-proyectos-de-comunidades-energeticas-para-apoyarlos-economicamente\/\",\"name\":\"Fiare Banca Etica seleccionar\u00e1 dos proyectos de comunidades energ\u00e9ticas para apoyarlos econ\u00f3micamente - Fiare Banca Etica\",\"isPartOf\":{\"@id\":\"https:\/\/www.fiarebancaetica.coop\/ca\/#website\"},\"primaryImageOfPage\":{\"@id\":\"https:\/\/www.fiarebancaetica.coop\/ca\/fiare-banca-etica-seleccionara-dos-proyectos-de-comunidades-energeticas-para-apoyarlos-economicamente\/#primaryimage\"},\"image\":{\"@id\":\"https:\/\/www.fiarebancaetica.coop\/ca\/fiare-banca-etica-seleccionara-dos-proyectos-de-comunidades-energeticas-para-apoyarlos-economicamente\/#primaryimage\"},\"thumbnailUrl\":\"https:\/\/www.fiarebancaetica.coop\/app\/uploads\/sites\/2\/2023\/12\/fiare-banca-etica-seleccionara-dos-proyectos-de-comunidades-energeticas-para-apoyarlos.jpg\",\"datePublished\":\"2023-05-15T22:00:00+00:00\",\"dateModified\":\"2024-02-21T13:45:48+00:00\",\"author\":{\"@id\":\"https:\/\/www.fiarebancaetica.coop\/ca\/#\/schema\/person\/579841e89c804b5db05d9141bd9b8272\"},\"breadcrumb\":{\"@id\":\"https:\/\/www.fiarebancaetica.coop\/ca\/fiare-banca-etica-seleccionara-dos-proyectos-de-comunidades-energeticas-para-apoyarlos-economicamente\/#breadcrumb\"},\"inLanguage\":\"ca\",\"potentialAction\":[{\"@type\":\"ReadAction\",\"target\":[\"https:\/\/www.fiarebancaetica.coop\/ca\/fiare-banca-etica-seleccionara-dos-proyectos-de-comunidades-energeticas-para-apoyarlos-economicamente\/\"]}]},{\"@type\":\"ImageObject\",\"inLanguage\":\"ca\",\"@id\":\"https:\/\/www.fiarebancaetica.coop\/ca\/fiare-banca-etica-seleccionara-dos-proyectos-de-comunidades-energeticas-para-apoyarlos-economicamente\/#primaryimage\",\"url\":\"https:\/\/www.fiarebancaetica.coop\/app\/uploads\/sites\/2\/2023\/12\/fiare-banca-etica-seleccionara-dos-proyectos-de-comunidades-energeticas-para-apoyarlos.jpg\",\"contentUrl\":\"https:\/\/www.fiarebancaetica.coop\/app\/uploads\/sites\/2\/2023\/12\/fiare-banca-etica-seleccionara-dos-proyectos-de-comunidades-energeticas-para-apoyarlos.jpg\",\"width\":600,\"height\":300},{\"@type\":\"BreadcrumbList\",\"@id\":\"https:\/\/www.fiarebancaetica.coop\/ca\/fiare-banca-etica-seleccionara-dos-proyectos-de-comunidades-energeticas-para-apoyarlos-economicamente\/#breadcrumb\",\"itemListElement\":[{\"@type\":\"ListItem\",\"position\":1,\"name\":\"Home\",\"item\":\"https:\/\/www.fiarebancaetica.coop\/ca\/\"},{\"@type\":\"ListItem\",\"position\":2,\"name\":\"Fiare Banca Etica seleccionar\u00e1 dos proyectos de comunidades energ\u00e9ticas para apoyarlos econ\u00f3micamente\"}]},{\"@type\":\"WebSite\",\"@id\":\"https:\/\/www.fiarebancaetica.coop\/ca\/#website\",\"url\":\"https:\/\/www.fiarebancaetica.coop\/ca\/\",\"name\":\"Fiare Banca Etica\",\"description\":\"\",\"potentialAction\":[{\"@type\":\"SearchAction\",\"target\":{\"@type\":\"EntryPoint\",\"urlTemplate\":\"https:\/\/www.fiarebancaetica.coop\/ca\/?s={search_term_string}\"},\"query-input\":{\"@type\":\"PropertyValueSpecification\",\"valueRequired\":true,\"valueName\":\"search_term_string\"}}],\"inLanguage\":\"ca\"},{\"@type\":\"Person\",\"@id\":\"https:\/\/www.fiarebancaetica.coop\/ca\/#\/schema\/person\/579841e89c804b5db05d9141bd9b8272\",\"name\":\"crispyadmin0\",\"image\":{\"@type\":\"ImageObject\",\"inLanguage\":\"ca\",\"@id\":\"https:\/\/www.fiarebancaetica.coop\/ca\/#\/schema\/person\/image\/5f3a6b7786f32f4c35bd2b1a5a4698ea\",\"url\":\"https:\/\/secure.gravatar.com\/avatar\/4d2cfb499d497b6d49da659fab7404b243a87fe8e40d2cf97a1cae48f677f5b2?s=96&d=mm&r=g\",\"contentUrl\":\"https:\/\/secure.gravatar.com\/avatar\/4d2cfb499d497b6d49da659fab7404b243a87fe8e40d2cf97a1cae48f677f5b2?s=96&d=mm&r=g\",\"caption\":\"crispyadmin0\"},\"sameAs\":[\"crispyadmin0\"]}]}<\/script>\n<!-- \/ Yoast SEO plugin. -->","yoast_head_json":{"title":"Fiare Banca Etica seleccionar\u00e1 dos proyectos de comunidades energ\u00e9ticas para apoyarlos econ\u00f3micamente - Fiare Banca Etica","robots":{"index":"index","follow":"follow","max-snippet":"max-snippet:-1","max-image-preview":"max-image-preview:large","max-video-preview":"max-video-preview:-1"},"canonical":"https:\/\/www.fiarebancaetica.coop\/ca\/fiare-banca-etica-seleccionara-dos-proyectos-de-comunidades-energeticas-para-apoyarlos-economicamente\/","og_locale":"ca_ES","og_type":"article","og_title":"Fiare Banca Etica seleccionar\u00e1 dos proyectos de comunidades energ\u00e9ticas para apoyarlos econ\u00f3micamente - Fiare Banca Etica","og_description":"Fiare Banca Etica presenta la convocatoria de Concurso para apoyar la creaci\u00f3n o desarrollo de comunidades energ\u00e9ticas.","og_url":"https:\/\/www.fiarebancaetica.coop\/ca\/fiare-banca-etica-seleccionara-dos-proyectos-de-comunidades-energeticas-para-apoyarlos-economicamente\/","og_site_name":"Fiare Banca Etica","article_published_time":"2023-05-15T22:00:00+00:00","article_modified_time":"2024-02-21T13:45:48+00:00","og_image":[{"width":600,"height":300,"url":"https:\/\/www.fiarebancaetica.coop\/app\/uploads\/sites\/2\/2023\/12\/fiare-banca-etica-seleccionara-dos-proyectos-de-comunidades-energeticas-para-apoyarlos.jpg","type":"image\/jpeg"}],"author":"crispyadmin0","twitter_card":"summary_large_image","schema":{"@context":"https:\/\/schema.org","@graph":[{"@type":"Article","@id":"https:\/\/www.fiarebancaetica.coop\/ca\/fiare-banca-etica-seleccionara-dos-proyectos-de-comunidades-energeticas-para-apoyarlos-economicamente\/#article","isPartOf":{"@id":"https:\/\/www.fiarebancaetica.coop\/ca\/fiare-banca-etica-seleccionara-dos-proyectos-de-comunidades-energeticas-para-apoyarlos-economicamente\/"},"author":{"name":"crispyadmin0","@id":"https:\/\/www.fiarebancaetica.coop\/ca\/#\/schema\/person\/579841e89c804b5db05d9141bd9b8272"},"headline":"Fiare Banca Etica seleccionar\u00e1 dos proyectos de comunidades energ\u00e9ticas para apoyarlos econ\u00f3micamente","datePublished":"2023-05-15T22:00:00+00:00","dateModified":"2024-02-21T13:45:48+00:00","mainEntityOfPage":{"@id":"https:\/\/www.fiarebancaetica.coop\/ca\/fiare-banca-etica-seleccionara-dos-proyectos-de-comunidades-energeticas-para-apoyarlos-economicamente\/"},"wordCount":537,"commentCount":0,"image":{"@id":"https:\/\/www.fiarebancaetica.coop\/ca\/fiare-banca-etica-seleccionara-dos-proyectos-de-comunidades-energeticas-para-apoyarlos-economicamente\/#primaryimage"},"thumbnailUrl":"https:\/\/www.fiarebancaetica.coop\/app\/uploads\/sites\/2\/2023\/12\/fiare-banca-etica-seleccionara-dos-proyectos-de-comunidades-energeticas-para-apoyarlos.jpg","keywords":["Not\u00edcies"],"articleSection":["Finances \u00e8tiques"],"inLanguage":"ca","potentialAction":[{"@type":"CommentAction","name":"Comment","target":["https:\/\/www.fiarebancaetica.coop\/ca\/fiare-banca-etica-seleccionara-dos-proyectos-de-comunidades-energeticas-para-apoyarlos-economicamente\/#respond"]}]},{"@type":"WebPage","@id":"https:\/\/www.fiarebancaetica.coop\/ca\/fiare-banca-etica-seleccionara-dos-proyectos-de-comunidades-energeticas-para-apoyarlos-economicamente\/","url":"https:\/\/www.fiarebancaetica.coop\/ca\/fiare-banca-etica-seleccionara-dos-proyectos-de-comunidades-energeticas-para-apoyarlos-economicamente\/","name":"Fiare Banca Etica seleccionar\u00e1 dos proyectos de comunidades energ\u00e9ticas para apoyarlos econ\u00f3micamente - Fiare Banca Etica","isPartOf":{"@id":"https:\/\/www.fiarebancaetica.coop\/ca\/#website"},"primaryImageOfPage":{"@id":"https:\/\/www.fiarebancaetica.coop\/ca\/fiare-banca-etica-seleccionara-dos-proyectos-de-comunidades-energeticas-para-apoyarlos-economicamente\/#primaryimage"},"image":{"@id":"https:\/\/www.fiarebancaetica.coop\/ca\/fiare-banca-etica-seleccionara-dos-proyectos-de-comunidades-energeticas-para-apoyarlos-economicamente\/#primaryimage"},"thumbnailUrl":"https:\/\/www.fiarebancaetica.coop\/app\/uploads\/sites\/2\/2023\/12\/fiare-banca-etica-seleccionara-dos-proyectos-de-comunidades-energeticas-para-apoyarlos.jpg","datePublished":"2023-05-15T22:00:00+00:00","dateModified":"2024-02-21T13:45:48+00:00","author":{"@id":"https:\/\/www.fiarebancaetica.coop\/ca\/#\/schema\/person\/579841e89c804b5db05d9141bd9b8272"},"breadcrumb":{"@id":"https:\/\/www.fiarebancaetica.coop\/ca\/fiare-banca-etica-seleccionara-dos-proyectos-de-comunidades-energeticas-para-apoyarlos-economicamente\/#breadcrumb"},"inLanguage":"ca","potentialAction":[{"@type":"ReadAction","target":["https:\/\/www.fiarebancaetica.coop\/ca\/fiare-banca-etica-seleccionara-dos-proyectos-de-comunidades-energeticas-para-apoyarlos-economicamente\/"]}]},{"@type":"ImageObject","inLanguage":"ca","@id":"https:\/\/www.fiarebancaetica.coop\/ca\/fiare-banca-etica-seleccionara-dos-proyectos-de-comunidades-energeticas-para-apoyarlos-economicamente\/#primaryimage","url":"https:\/\/www.fiarebancaetica.coop\/app\/uploads\/sites\/2\/2023\/12\/fiare-banca-etica-seleccionara-dos-proyectos-de-comunidades-energeticas-para-apoyarlos.jpg","contentUrl":"https:\/\/www.fiarebancaetica.coop\/app\/uploads\/sites\/2\/2023\/12\/fiare-banca-etica-seleccionara-dos-proyectos-de-comunidades-energeticas-para-apoyarlos.jpg","width":600,"height":300},{"@type":"BreadcrumbList","@id":"https:\/\/www.fiarebancaetica.coop\/ca\/fiare-banca-etica-seleccionara-dos-proyectos-de-comunidades-energeticas-para-apoyarlos-economicamente\/#breadcrumb","itemListElement":[{"@type":"ListItem","position":1,"name":"Home","item":"https:\/\/www.fiarebancaetica.coop\/ca\/"},{"@type":"ListItem","position":2,"name":"Fiare Banca Etica seleccionar\u00e1 dos proyectos de comunidades energ\u00e9ticas para apoyarlos econ\u00f3micamente"}]},{"@type":"WebSite","@id":"https:\/\/www.fiarebancaetica.coop\/ca\/#website","url":"https:\/\/www.fiarebancaetica.coop\/ca\/","name":"Fiare Banca Etica","description":"","potentialAction":[{"@type":"SearchAction","target":{"@type":"EntryPoint","urlTemplate":"https:\/\/www.fiarebancaetica.coop\/ca\/?s={search_term_string}"},"query-input":{"@type":"PropertyValueSpecification","valueRequired":true,"valueName":"search_term_string"}}],"inLanguage":"ca"},{"@type":"Person","@id":"https:\/\/www.fiarebancaetica.coop\/ca\/#\/schema\/person\/579841e89c804b5db05d9141bd9b8272","name":"crispyadmin0","image":{"@type":"ImageObject","inLanguage":"ca","@id":"https:\/\/www.fiarebancaetica.coop\/ca\/#\/schema\/person\/image\/5f3a6b7786f32f4c35bd2b1a5a4698ea","url":"https:\/\/secure.gravatar.com\/avatar\/4d2cfb499d497b6d49da659fab7404b243a87fe8e40d2cf97a1cae48f677f5b2?s=96&d=mm&r=g","contentUrl":"https:\/\/secure.gravatar.com\/avatar\/4d2cfb499d497b6d49da659fab7404b243a87fe8e40d2cf97a1cae48f677f5b2?s=96&d=mm&r=g","caption":"crispyadmin0"},"sameAs":["crispyadmin0"]}]}},"_links":{"self":[{"href":"https:\/\/www.fiarebancaetica.coop\/ca\/wp-json\/wp\/v2\/posts\/343101","targetHints":{"allow":["GET"]}}],"collection":[{"href":"https:\/\/www.fiarebancaetica.coop\/ca\/wp-json\/wp\/v2\/posts"}],"about":[{"href":"https:\/\/www.fiarebancaetica.coop\/ca\/wp-json\/wp\/v2\/types\/post"}],"author":[{"embeddable":true,"href":"https:\/\/www.fiarebancaetica.coop\/ca\/wp-json\/wp\/v2\/users\/2"}],"replies":[{"embeddable":true,"href":"https:\/\/www.fiarebancaetica.coop\/ca\/wp-json\/wp\/v2\/comments?post=343101"}],"version-history":[{"count":1,"href":"https:\/\/www.fiarebancaetica.coop\/ca\/wp-json\/wp\/v2\/posts\/343101\/revisions"}],"predecessor-version":[{"id":355427,"href":"https:\/\/www.fiarebancaetica.coop\/ca\/wp-json\/wp\/v2\/posts\/343101\/revisions\/355427"}],"wp:featuredmedia":[{"embeddable":true,"href":"https:\/\/www.fiarebancaetica.coop\/ca\/wp-json\/wp\/v2\/media\/330443"}],"wp:attachment":[{"href":"https:\/\/www.fiarebancaetica.coop\/ca\/wp-json\/wp\/v2\/media?parent=343101"}],"wp:term":[{"taxonomy":"category","embeddable":true,"href":"https:\/\/www.fiarebancaetica.coop\/ca\/wp-json\/wp\/v2\/categories?post=343101"},{"taxonomy":"post_tag","embeddable":true,"href":"https:\/\/www.fiarebancaetica.coop\/ca\/wp-json\/wp\/v2\/tags?post=343101"},{"taxonomy":"author","embeddable":true,"href":"https:\/\/www.fiarebancaetica.coop\/ca\/wp-json\/wp\/v2\/coauthors?post=343101"}],"curies":[{"name":"wp","href":"https:\/\/api.w.org\/{rel}","templated":true}]}}