{"id":343104,"date":"2023-05-11T00:00:00","date_gmt":"2023-05-10T22:00:00","guid":{"rendered":"https:\/\/www.fiarebancaetica.coop\/compromiso-reciclaje-e-insercion-de-la-mano-de-emaus-gipuzkoa\/"},"modified":"2024-02-21T14:45:50","modified_gmt":"2024-02-21T13:45:50","slug":"compromiso-reciclaje-e-insercion-de-la-mano-de-emaus-gipuzkoa","status":"publish","type":"post","link":"https:\/\/www.fiarebancaetica.coop\/ca\/compromiso-reciclaje-e-insercion-de-la-mano-de-emaus-gipuzkoa\/","title":{"rendered":"Comprom\u00eds, reciclatge i inserci\u00f3 de la m\u00e0 d&#8217;Emaus Guipuzkoa"},"content":{"rendered":"\n\n<div class=\"wp-block-bancaetica-blocks-blocks-block-49\">\n    <div class=\"container-block-49\">\n\n        <div class=\"header-section \">\n                            <h1 class=\"section-title\"> Etica i cooperativa <\/h1>\n                                            <\/div>\n\n        \n        <div class=\"block-background\" style=\"background-image: url('https:\/\/www.fiarebancaetica.coop\/app\/uploads\/sites\/2\/2023\/12\/compromiso-reciclaje-insercion-de-mano-de-emaus-gipuzkoa.jpg')\">\n                            <div class=\"tile\">\n                    <h1 class=\"image-title\"> Comprom\u00eds, reciclatge i inserci\u00f3 de la m\u00e0 de Emaus Guipuzkoa <\/h1>\n                <\/div>             <!-- end .tile -->\n            <div class=\"bottom-content\">\n                            <\/div> <!-- end .button-content -->\n        <\/div> <!-- end .block-background -->\n    <\/div> <!-- end .container -->\n<\/div> <!-- end wp-block-bancaetica-blocks-blocks-block-06 -->\n\n<p><a href=\"#eu\">Euskera<\/a><\/p>\n<p>M\u00e9s de <strong>4 d\u00e8cades<\/strong> porta Emaus Guipuzkoa treballant en l&#8217;abordatge del fenomen de l&#8217;exclusi\u00f3 social sempre sota la mateixa premissa: que les persones siguin el centre de totes les seves actuacions.<\/p>\n<p>Al llarg d&#8217;aquests anys han anat posant en marxa diversos programes i serveis orientats a atendre les necessitats de persones que poguessin estar en situaci\u00f3 de risc i\/o exclusi\u00f3 social.<\/p>\n<p>El <strong>comprom\u00eds ambiental i social<\/strong> s\u00f3n unes altres de les bases de Emaus, una associaci\u00f3 pionera a Europa en el camp de la <strong>reutilitzaci\u00f3 i aprofitament de residus<\/strong>.<\/p>\n<p>El seu objectiu \u00e9s aconseguir un m\u00f3n m\u00e9s just i solidari, facilitant la incorporaci\u00f3 laboral a trav\u00e9s del treball de recollida, reutilitzaci\u00f3 i reciclatge d&#8217;objectes que posa a la venda ens els seus propis rastres.<\/p>\n<p><img decoding=\"async\" style=\"width: 540px;height: 280px\" src=\"http:\/\/www.fiarebancaetica.coop\/app\/uploads\/sites\/2\/2023\/12\/Diseno-sin-titulo-4.jpg\" alt=\"\" \/><\/p>\n<h2>Reciclatge com a motor de transformaci\u00f3 social<\/h2>\n<p>Emaus continua apostant per la venda de segona m\u00e0 i per a avan\u00e7ar per aquesta via obrir\u00e0 <strong>dues noves botigues a Guip\u00fascoa amb el suport financer de\u00a0Fiare\u00a0Banca\u00a0Etica<\/strong>: una en Hernani i una altra a Errenteria. Es tracta d&#8217;espais de venda amb moda, cal\u00e7at i complements, mobles recuperats, il\u00b7luminaci\u00f3, joguines i objectes de decoraci\u00f3 que permeten dur a terme una compra responsable, solid\u00e0ria i \u00fanica.<\/p>\n<p>Aquesta aposta per donar nova vida a les peces ja utilitzades s&#8217;est\u00e0 consolidant com un valor segur i aix\u00ed ho demostren les dades. En Emaus, <strong>les vendes de segona m\u00e0 han augmentat un 22% entre 2019 i 2022<\/strong>.<\/p>\n<p>La societat est\u00e0 cada vegada m\u00e9s conscienciada en la necessitat de reciclar, d&#8217;apostar per l&#8217;economia circular i per\u00a0 l&#8217;adquisici\u00f3 de peces ja utilitzades. Les dades recolzen el que podria ser una percepci\u00f3, ja que l&#8217;any passat Emaus va vendre un total de 157.840 peces pr\u00e8viament usades, un 22% que en 2019.<\/p>\n<p><img decoding=\"async\" style=\"width: 540px;height: 280px\" src=\"http:\/\/www.fiarebancaetica.coop\/app\/uploads\/sites\/2\/2023\/12\/Diseno-sin-titulo-5.jpg\" alt=\"\" \/><\/p>\n<h2>Una aposta per l&#8217;ocupaci\u00f3<\/h2>\n<p>La posada en marxa d&#8217;aquests punts de venda comporta la <strong>creaci\u00f3 de sis llocs de treball per a col\u00b7lectius vulnerables<\/strong>.<\/p>\n<p>Les persones en risc d&#8217;exclusi\u00f3 que treballen en Emaus romanen contractades durant tres anys i s\u00f3n acompanyades en aquest temps per personal especialitzat de suport que els ajuda a encarar el seu itinerari laboral futur.<br \/><br \/><strong>Descobreix m\u00e9s a:<\/strong> <a href=\"http:\/\/www.emaus.com\">www.emaus.com<\/a><\/p>\n<p><img decoding=\"async\" style=\"width: 540px;height: 280px\" src=\"http:\/\/www.fiarebancaetica.coop\/app\/uploads\/sites\/2\/2023\/12\/Diseno-sin-titulo-6.jpg\" alt=\"\" \/><\/p>\n<p>\u00a0<\/p>\n<p>________________________________________________________________________________<\/p>\n<h1><a id=\"eu\" name=\"eu\"><\/a>Konpromisoa, birziklapena eta gizarteratzea Emaus Gipuzkoaren eskutik<\/h1>\n<p>Lau hamarkada baino gehiago daramatza Emaus Gipuzkoak gizarte-bazterkeriari aurre egiten, betiere premisa berarekin: pertsonak beren jarduera guztien erdigune izatea.<br \/>\u00a0<br \/>Urte hauetan guztietan, hainbat programa eta zerbitzu jarri dituzte abian, arrisku-egoeran eta\/edo gizarte-bazterkeria pairatzeko egoeran egon daitezkeen pertsonen beharrei erantzuteko.\u00a0<\/p>\n<p>Ingurumenaren aldeko konpromisoa eta gizarte-konpromisoa dira Emausen beste oinarrietako batzuk. Elkartea aitzindaria da Europan hondakinak berrerabiltzearen eta aprobetxatzearen arloan.<\/p>\n<p>Helburua mundu bidezkoagoa eta solidarioagoa lortzea da, objektuak bildu, berrerabili eta birziklatzeko lanaren bitartez laneratzea erraztuz, objektu horiek bere merkatuetan salgai jarrita.<\/p>\n<h2>Arropari eta gauzei bigarren bizitza ematea, eraldaketa eragiteko<\/h2>\n<p>Emausek bigarren eskuko salmentaren alde egiten jarraitzen du, eta bide horretatik aurrera egiteko bi denda irekiko ditu Gipuzkoan, Fiare Banca Eticaren finantza-laguntzarekin: bata Hernanin, eta bestea Errenterian. Denda horietan moda, oinetakoak eta osagarriak, berreskuratutako altzariak, argiztapenerako gauzak, jostailuak eta dekorazioko objektuak salduko dira, eta, hala, erosketa arduratsua, solidarioa eta paregabea egiteko aukera emango da.<\/p>\n<p>Erabilitako jantziei beste erabilera bat emateko apustu hori balio seguru gisa sendotzen ari da, eta hala erakusten dute datuek. Emausen, bigarren eskuko salmentak % 22 igo dira 2019 eta 2022 bitartean.<\/p>\n<p>Gizartea gero eta kontzientziatuago dago birziklatzeko beharraz, ekonomia zirkularraren alde egiteaz eta erabilitako jantziak erosteaz. Datuek argi erakusten dute hori ez dela pertzepzio hutsa, iaz Emausek bigarren eskuko 157.840 jantzi saldu baitzituen, 2019an baino % 22 gehiago.<\/p>\n<h2>Enpleguaren alde<\/h2>\n<p>Salmenta-puntu horiek martxan jartzeak berekin dakar sei lanpostu sortzea kolektibo kalteberentzat.\u00a0<\/p>\n<p>Emausen, baztertuta geratzeko arriskua duten pertsonak aritzen dira lanean, hiru urterako kontratatuta, eta denbora-tarte horretan gizarte-laguntzan adituak diren langileek laguntzen diete etorkizuneko lan-ibilbideari aurre egiten.<br \/><br \/><a href=\"http:\/\/www.emaus.com\/eu\/\">www.emaus.com\/eu\/<\/a><\/p>","protected":false},"excerpt":{"rendered":"<p>\n\tM\u00e1s de 4 d\u00e9cadas lleva Emaus Gipuzkoa trabajando en el abordaje del fen\u00f3meno de la exclusi\u00f3n social siempre bajo la misma premisa: que las personas sean el centro de todas sus actuaciones.<\/p>\n","protected":false},"author":2,"featured_media":330437,"comment_status":"open","ping_status":"closed","sticky":false,"template":"","format":"standard","meta":{"_acf_changed":false,"footnotes":""},"categories":[11662,1],"tags":[11903],"coauthors":[2891],"class_list":["post-343104","post","type-post","status-publish","format-standard","has-post-thumbnail","hentry","category-histories-dimpacte-positiu","category-proyectos-colectivos","tag-realidades-financiadas-ca"],"acf":[],"yoast_head":"<!-- This site is optimized with the Yoast SEO plugin v26.9 - https:\/\/yoast.com\/product\/yoast-seo-wordpress\/ -->\n<title>Comprom\u00eds, reciclatge i inserci\u00f3 de la m\u00e0 d&#039;Emaus Guipuzkoa - Fiare Banca Etica<\/title>\n<meta name=\"robots\" content=\"index, follow, max-snippet:-1, max-image-preview:large, max-video-preview:-1\" \/>\n<link rel=\"canonical\" href=\"https:\/\/www.fiarebancaetica.coop\/ca\/compromiso-reciclaje-e-insercion-de-la-mano-de-emaus-gipuzkoa\/\" \/>\n<meta property=\"og:locale\" content=\"ca_ES\" \/>\n<meta property=\"og:type\" content=\"article\" \/>\n<meta property=\"og:title\" content=\"Comprom\u00eds, reciclatge i inserci\u00f3 de la m\u00e0 d&#039;Emaus Guipuzkoa - Fiare Banca Etica\" \/>\n<meta property=\"og:description\" content=\"M\u00e1s de 4 d\u00e9cadas lleva Emaus Gipuzkoa trabajando en el abordaje del fen\u00f3meno de la exclusi\u00f3n social siempre bajo la misma premisa: que las personas sean el centro de todas sus actuaciones.\" \/>\n<meta property=\"og:url\" content=\"https:\/\/www.fiarebancaetica.coop\/ca\/compromiso-reciclaje-e-insercion-de-la-mano-de-emaus-gipuzkoa\/\" \/>\n<meta property=\"og:site_name\" content=\"Fiare Banca Etica\" \/>\n<meta property=\"article:published_time\" content=\"2023-05-10T22:00:00+00:00\" \/>\n<meta property=\"article:modified_time\" content=\"2024-02-21T13:45:50+00:00\" \/>\n<meta property=\"og:image\" content=\"https:\/\/www.fiarebancaetica.coop\/app\/uploads\/sites\/2\/2023\/12\/compromiso-reciclaje-insercion-de-mano-de-emaus-gipuzkoa.jpg\" \/>\n\t<meta property=\"og:image:width\" content=\"540\" \/>\n\t<meta property=\"og:image:height\" content=\"280\" \/>\n\t<meta property=\"og:image:type\" content=\"image\/jpeg\" \/>\n<meta name=\"author\" content=\"crispyadmin0\" \/>\n<meta name=\"twitter:card\" content=\"summary_large_image\" \/>\n<script type=\"application\/ld+json\" class=\"yoast-schema-graph\">{\"@context\":\"https:\/\/schema.org\",\"@graph\":[{\"@type\":\"Article\",\"@id\":\"https:\/\/www.fiarebancaetica.coop\/ca\/compromiso-reciclaje-e-insercion-de-la-mano-de-emaus-gipuzkoa\/#article\",\"isPartOf\":{\"@id\":\"https:\/\/www.fiarebancaetica.coop\/ca\/compromiso-reciclaje-e-insercion-de-la-mano-de-emaus-gipuzkoa\/\"},\"author\":{\"name\":\"crispyadmin0\",\"@id\":\"https:\/\/www.fiarebancaetica.coop\/ca\/#\/schema\/person\/579841e89c804b5db05d9141bd9b8272\"},\"headline\":\"Comprom\u00eds, reciclatge i inserci\u00f3 de la m\u00e0 d&#8217;Emaus Guipuzkoa\",\"datePublished\":\"2023-05-10T22:00:00+00:00\",\"dateModified\":\"2024-02-21T13:45:50+00:00\",\"mainEntityOfPage\":{\"@id\":\"https:\/\/www.fiarebancaetica.coop\/ca\/compromiso-reciclaje-e-insercion-de-la-mano-de-emaus-gipuzkoa\/\"},\"wordCount\":641,\"commentCount\":0,\"image\":{\"@id\":\"https:\/\/www.fiarebancaetica.coop\/ca\/compromiso-reciclaje-e-insercion-de-la-mano-de-emaus-gipuzkoa\/#primaryimage\"},\"thumbnailUrl\":\"https:\/\/www.fiarebancaetica.coop\/app\/uploads\/sites\/2\/2023\/12\/compromiso-reciclaje-insercion-de-mano-de-emaus-gipuzkoa.jpg\",\"keywords\":[\"Realidades financiadas\"],\"articleSection\":[\"Hist\u00f2ries d'impacte positiu\",\"Proyectos colectivos\"],\"inLanguage\":\"ca\",\"potentialAction\":[{\"@type\":\"CommentAction\",\"name\":\"Comment\",\"target\":[\"https:\/\/www.fiarebancaetica.coop\/ca\/compromiso-reciclaje-e-insercion-de-la-mano-de-emaus-gipuzkoa\/#respond\"]}]},{\"@type\":\"WebPage\",\"@id\":\"https:\/\/www.fiarebancaetica.coop\/ca\/compromiso-reciclaje-e-insercion-de-la-mano-de-emaus-gipuzkoa\/\",\"url\":\"https:\/\/www.fiarebancaetica.coop\/ca\/compromiso-reciclaje-e-insercion-de-la-mano-de-emaus-gipuzkoa\/\",\"name\":\"Comprom\u00eds, reciclatge i inserci\u00f3 de la m\u00e0 d'Emaus Guipuzkoa - Fiare Banca Etica\",\"isPartOf\":{\"@id\":\"https:\/\/www.fiarebancaetica.coop\/ca\/#website\"},\"primaryImageOfPage\":{\"@id\":\"https:\/\/www.fiarebancaetica.coop\/ca\/compromiso-reciclaje-e-insercion-de-la-mano-de-emaus-gipuzkoa\/#primaryimage\"},\"image\":{\"@id\":\"https:\/\/www.fiarebancaetica.coop\/ca\/compromiso-reciclaje-e-insercion-de-la-mano-de-emaus-gipuzkoa\/#primaryimage\"},\"thumbnailUrl\":\"https:\/\/www.fiarebancaetica.coop\/app\/uploads\/sites\/2\/2023\/12\/compromiso-reciclaje-insercion-de-mano-de-emaus-gipuzkoa.jpg\",\"datePublished\":\"2023-05-10T22:00:00+00:00\",\"dateModified\":\"2024-02-21T13:45:50+00:00\",\"author\":{\"@id\":\"https:\/\/www.fiarebancaetica.coop\/ca\/#\/schema\/person\/579841e89c804b5db05d9141bd9b8272\"},\"breadcrumb\":{\"@id\":\"https:\/\/www.fiarebancaetica.coop\/ca\/compromiso-reciclaje-e-insercion-de-la-mano-de-emaus-gipuzkoa\/#breadcrumb\"},\"inLanguage\":\"ca\",\"potentialAction\":[{\"@type\":\"ReadAction\",\"target\":[\"https:\/\/www.fiarebancaetica.coop\/ca\/compromiso-reciclaje-e-insercion-de-la-mano-de-emaus-gipuzkoa\/\"]}]},{\"@type\":\"ImageObject\",\"inLanguage\":\"ca\",\"@id\":\"https:\/\/www.fiarebancaetica.coop\/ca\/compromiso-reciclaje-e-insercion-de-la-mano-de-emaus-gipuzkoa\/#primaryimage\",\"url\":\"https:\/\/www.fiarebancaetica.coop\/app\/uploads\/sites\/2\/2023\/12\/compromiso-reciclaje-insercion-de-mano-de-emaus-gipuzkoa.jpg\",\"contentUrl\":\"https:\/\/www.fiarebancaetica.coop\/app\/uploads\/sites\/2\/2023\/12\/compromiso-reciclaje-insercion-de-mano-de-emaus-gipuzkoa.jpg\",\"width\":540,\"height\":280},{\"@type\":\"BreadcrumbList\",\"@id\":\"https:\/\/www.fiarebancaetica.coop\/ca\/compromiso-reciclaje-e-insercion-de-la-mano-de-emaus-gipuzkoa\/#breadcrumb\",\"itemListElement\":[{\"@type\":\"ListItem\",\"position\":1,\"name\":\"Home\",\"item\":\"https:\/\/www.fiarebancaetica.coop\/ca\/\"},{\"@type\":\"ListItem\",\"position\":2,\"name\":\"Comprom\u00eds, reciclatge i inserci\u00f3 de la m\u00e0 d&#8217;Emaus Guipuzkoa\"}]},{\"@type\":\"WebSite\",\"@id\":\"https:\/\/www.fiarebancaetica.coop\/ca\/#website\",\"url\":\"https:\/\/www.fiarebancaetica.coop\/ca\/\",\"name\":\"Fiare Banca Etica\",\"description\":\"\",\"potentialAction\":[{\"@type\":\"SearchAction\",\"target\":{\"@type\":\"EntryPoint\",\"urlTemplate\":\"https:\/\/www.fiarebancaetica.coop\/ca\/?s={search_term_string}\"},\"query-input\":{\"@type\":\"PropertyValueSpecification\",\"valueRequired\":true,\"valueName\":\"search_term_string\"}}],\"inLanguage\":\"ca\"},{\"@type\":\"Person\",\"@id\":\"https:\/\/www.fiarebancaetica.coop\/ca\/#\/schema\/person\/579841e89c804b5db05d9141bd9b8272\",\"name\":\"crispyadmin0\",\"image\":{\"@type\":\"ImageObject\",\"inLanguage\":\"ca\",\"@id\":\"https:\/\/www.fiarebancaetica.coop\/ca\/#\/schema\/person\/image\/5f3a6b7786f32f4c35bd2b1a5a4698ea\",\"url\":\"https:\/\/secure.gravatar.com\/avatar\/4d2cfb499d497b6d49da659fab7404b243a87fe8e40d2cf97a1cae48f677f5b2?s=96&d=mm&r=g\",\"contentUrl\":\"https:\/\/secure.gravatar.com\/avatar\/4d2cfb499d497b6d49da659fab7404b243a87fe8e40d2cf97a1cae48f677f5b2?s=96&d=mm&r=g\",\"caption\":\"crispyadmin0\"},\"sameAs\":[\"crispyadmin0\"]}]}<\/script>\n<!-- \/ Yoast SEO plugin. -->","yoast_head_json":{"title":"Comprom\u00eds, reciclatge i inserci\u00f3 de la m\u00e0 d'Emaus Guipuzkoa - Fiare Banca Etica","robots":{"index":"index","follow":"follow","max-snippet":"max-snippet:-1","max-image-preview":"max-image-preview:large","max-video-preview":"max-video-preview:-1"},"canonical":"https:\/\/www.fiarebancaetica.coop\/ca\/compromiso-reciclaje-e-insercion-de-la-mano-de-emaus-gipuzkoa\/","og_locale":"ca_ES","og_type":"article","og_title":"Comprom\u00eds, reciclatge i inserci\u00f3 de la m\u00e0 d'Emaus Guipuzkoa - Fiare Banca Etica","og_description":"M\u00e1s de 4 d\u00e9cadas lleva Emaus Gipuzkoa trabajando en el abordaje del fen\u00f3meno de la exclusi\u00f3n social siempre bajo la misma premisa: que las personas sean el centro de todas sus actuaciones.","og_url":"https:\/\/www.fiarebancaetica.coop\/ca\/compromiso-reciclaje-e-insercion-de-la-mano-de-emaus-gipuzkoa\/","og_site_name":"Fiare Banca Etica","article_published_time":"2023-05-10T22:00:00+00:00","article_modified_time":"2024-02-21T13:45:50+00:00","og_image":[{"width":540,"height":280,"url":"https:\/\/www.fiarebancaetica.coop\/app\/uploads\/sites\/2\/2023\/12\/compromiso-reciclaje-insercion-de-mano-de-emaus-gipuzkoa.jpg","type":"image\/jpeg"}],"author":"crispyadmin0","twitter_card":"summary_large_image","schema":{"@context":"https:\/\/schema.org","@graph":[{"@type":"Article","@id":"https:\/\/www.fiarebancaetica.coop\/ca\/compromiso-reciclaje-e-insercion-de-la-mano-de-emaus-gipuzkoa\/#article","isPartOf":{"@id":"https:\/\/www.fiarebancaetica.coop\/ca\/compromiso-reciclaje-e-insercion-de-la-mano-de-emaus-gipuzkoa\/"},"author":{"name":"crispyadmin0","@id":"https:\/\/www.fiarebancaetica.coop\/ca\/#\/schema\/person\/579841e89c804b5db05d9141bd9b8272"},"headline":"Comprom\u00eds, reciclatge i inserci\u00f3 de la m\u00e0 d&#8217;Emaus Guipuzkoa","datePublished":"2023-05-10T22:00:00+00:00","dateModified":"2024-02-21T13:45:50+00:00","mainEntityOfPage":{"@id":"https:\/\/www.fiarebancaetica.coop\/ca\/compromiso-reciclaje-e-insercion-de-la-mano-de-emaus-gipuzkoa\/"},"wordCount":641,"commentCount":0,"image":{"@id":"https:\/\/www.fiarebancaetica.coop\/ca\/compromiso-reciclaje-e-insercion-de-la-mano-de-emaus-gipuzkoa\/#primaryimage"},"thumbnailUrl":"https:\/\/www.fiarebancaetica.coop\/app\/uploads\/sites\/2\/2023\/12\/compromiso-reciclaje-insercion-de-mano-de-emaus-gipuzkoa.jpg","keywords":["Realidades financiadas"],"articleSection":["Hist\u00f2ries d'impacte positiu","Proyectos colectivos"],"inLanguage":"ca","potentialAction":[{"@type":"CommentAction","name":"Comment","target":["https:\/\/www.fiarebancaetica.coop\/ca\/compromiso-reciclaje-e-insercion-de-la-mano-de-emaus-gipuzkoa\/#respond"]}]},{"@type":"WebPage","@id":"https:\/\/www.fiarebancaetica.coop\/ca\/compromiso-reciclaje-e-insercion-de-la-mano-de-emaus-gipuzkoa\/","url":"https:\/\/www.fiarebancaetica.coop\/ca\/compromiso-reciclaje-e-insercion-de-la-mano-de-emaus-gipuzkoa\/","name":"Comprom\u00eds, reciclatge i inserci\u00f3 de la m\u00e0 d'Emaus Guipuzkoa - Fiare Banca Etica","isPartOf":{"@id":"https:\/\/www.fiarebancaetica.coop\/ca\/#website"},"primaryImageOfPage":{"@id":"https:\/\/www.fiarebancaetica.coop\/ca\/compromiso-reciclaje-e-insercion-de-la-mano-de-emaus-gipuzkoa\/#primaryimage"},"image":{"@id":"https:\/\/www.fiarebancaetica.coop\/ca\/compromiso-reciclaje-e-insercion-de-la-mano-de-emaus-gipuzkoa\/#primaryimage"},"thumbnailUrl":"https:\/\/www.fiarebancaetica.coop\/app\/uploads\/sites\/2\/2023\/12\/compromiso-reciclaje-insercion-de-mano-de-emaus-gipuzkoa.jpg","datePublished":"2023-05-10T22:00:00+00:00","dateModified":"2024-02-21T13:45:50+00:00","author":{"@id":"https:\/\/www.fiarebancaetica.coop\/ca\/#\/schema\/person\/579841e89c804b5db05d9141bd9b8272"},"breadcrumb":{"@id":"https:\/\/www.fiarebancaetica.coop\/ca\/compromiso-reciclaje-e-insercion-de-la-mano-de-emaus-gipuzkoa\/#breadcrumb"},"inLanguage":"ca","potentialAction":[{"@type":"ReadAction","target":["https:\/\/www.fiarebancaetica.coop\/ca\/compromiso-reciclaje-e-insercion-de-la-mano-de-emaus-gipuzkoa\/"]}]},{"@type":"ImageObject","inLanguage":"ca","@id":"https:\/\/www.fiarebancaetica.coop\/ca\/compromiso-reciclaje-e-insercion-de-la-mano-de-emaus-gipuzkoa\/#primaryimage","url":"https:\/\/www.fiarebancaetica.coop\/app\/uploads\/sites\/2\/2023\/12\/compromiso-reciclaje-insercion-de-mano-de-emaus-gipuzkoa.jpg","contentUrl":"https:\/\/www.fiarebancaetica.coop\/app\/uploads\/sites\/2\/2023\/12\/compromiso-reciclaje-insercion-de-mano-de-emaus-gipuzkoa.jpg","width":540,"height":280},{"@type":"BreadcrumbList","@id":"https:\/\/www.fiarebancaetica.coop\/ca\/compromiso-reciclaje-e-insercion-de-la-mano-de-emaus-gipuzkoa\/#breadcrumb","itemListElement":[{"@type":"ListItem","position":1,"name":"Home","item":"https:\/\/www.fiarebancaetica.coop\/ca\/"},{"@type":"ListItem","position":2,"name":"Comprom\u00eds, reciclatge i inserci\u00f3 de la m\u00e0 d&#8217;Emaus Guipuzkoa"}]},{"@type":"WebSite","@id":"https:\/\/www.fiarebancaetica.coop\/ca\/#website","url":"https:\/\/www.fiarebancaetica.coop\/ca\/","name":"Fiare Banca Etica","description":"","potentialAction":[{"@type":"SearchAction","target":{"@type":"EntryPoint","urlTemplate":"https:\/\/www.fiarebancaetica.coop\/ca\/?s={search_term_string}"},"query-input":{"@type":"PropertyValueSpecification","valueRequired":true,"valueName":"search_term_string"}}],"inLanguage":"ca"},{"@type":"Person","@id":"https:\/\/www.fiarebancaetica.coop\/ca\/#\/schema\/person\/579841e89c804b5db05d9141bd9b8272","name":"crispyadmin0","image":{"@type":"ImageObject","inLanguage":"ca","@id":"https:\/\/www.fiarebancaetica.coop\/ca\/#\/schema\/person\/image\/5f3a6b7786f32f4c35bd2b1a5a4698ea","url":"https:\/\/secure.gravatar.com\/avatar\/4d2cfb499d497b6d49da659fab7404b243a87fe8e40d2cf97a1cae48f677f5b2?s=96&d=mm&r=g","contentUrl":"https:\/\/secure.gravatar.com\/avatar\/4d2cfb499d497b6d49da659fab7404b243a87fe8e40d2cf97a1cae48f677f5b2?s=96&d=mm&r=g","caption":"crispyadmin0"},"sameAs":["crispyadmin0"]}]}},"_links":{"self":[{"href":"https:\/\/www.fiarebancaetica.coop\/ca\/wp-json\/wp\/v2\/posts\/343104","targetHints":{"allow":["GET"]}}],"collection":[{"href":"https:\/\/www.fiarebancaetica.coop\/ca\/wp-json\/wp\/v2\/posts"}],"about":[{"href":"https:\/\/www.fiarebancaetica.coop\/ca\/wp-json\/wp\/v2\/types\/post"}],"author":[{"embeddable":true,"href":"https:\/\/www.fiarebancaetica.coop\/ca\/wp-json\/wp\/v2\/users\/2"}],"replies":[{"embeddable":true,"href":"https:\/\/www.fiarebancaetica.coop\/ca\/wp-json\/wp\/v2\/comments?post=343104"}],"version-history":[{"count":8,"href":"https:\/\/www.fiarebancaetica.coop\/ca\/wp-json\/wp\/v2\/posts\/343104\/revisions"}],"predecessor-version":[{"id":370685,"href":"https:\/\/www.fiarebancaetica.coop\/ca\/wp-json\/wp\/v2\/posts\/343104\/revisions\/370685"}],"wp:featuredmedia":[{"embeddable":true,"href":"https:\/\/www.fiarebancaetica.coop\/ca\/wp-json\/wp\/v2\/media\/330437"}],"wp:attachment":[{"href":"https:\/\/www.fiarebancaetica.coop\/ca\/wp-json\/wp\/v2\/media?parent=343104"}],"wp:term":[{"taxonomy":"category","embeddable":true,"href":"https:\/\/www.fiarebancaetica.coop\/ca\/wp-json\/wp\/v2\/categories?post=343104"},{"taxonomy":"post_tag","embeddable":true,"href":"https:\/\/www.fiarebancaetica.coop\/ca\/wp-json\/wp\/v2\/tags?post=343104"},{"taxonomy":"author","embeddable":true,"href":"https:\/\/www.fiarebancaetica.coop\/ca\/wp-json\/wp\/v2\/coauthors?post=343104"}],"curies":[{"name":"wp","href":"https:\/\/api.w.org\/{rel}","templated":true}]}}