{"id":343251,"date":"2023-01-17T00:00:00","date_gmt":"2023-01-16T23:00:00","guid":{"rendered":"https:\/\/www.fiarebancaetica.coop\/nuevas-entidades-socias\/"},"modified":"2024-02-21T14:52:46","modified_gmt":"2024-02-21T13:52:46","slug":"nuevas-entidades-socias","status":"publish","type":"post","link":"https:\/\/www.fiarebancaetica.coop\/ca\/nuevas-entidades-socias\/","title":{"rendered":"Nuevas entidades socias"},"content":{"rendered":"\n\n<div class=\"wp-block-bancaetica-blocks-blocks-block-49\">\n    <div class=\"container-block-49\">\n\n        <div class=\"header-section \">\n                            <h1 class=\"section-title\"> Etica e cooperativa <\/h1>\n                                            <\/div>\n\n        \n        <div class=\"block-background\" style=\"background-image: url('https:\/\/www.fiarebancaetica.coop\/app\/uploads\/sites\/2\/2023\/12\/nuevas-entidades-socias.jpg')\">\n                            <div class=\"tile\">\n                    <h1 class=\"image-title\"> Nuevas entidades socias <\/h1>\n                <\/div>             <!-- end .tile -->\n            <div class=\"bottom-content\">\n                            <\/div> <!-- end .button-content -->\n        <\/div> <!-- end .block-background -->\n    <\/div> <!-- end .container -->\n<\/div> <!-- end wp-block-bancaetica-blocks-blocks-block-06 -->\n\n\n<div class=\"wrapper-crispybacon-class wrapper-crispybacon-class-boxed \">\n    <p>\n\t<a href=\"#CA\">Catal\u00e0<\/a><\/p>\n<p>\n\t<strong><a href=\"https:\/\/www.fiarebancaetica.coop\/capitalsocial\">Asociarse<\/a><\/strong> es un paso fundamental para<strong> participar de manera completa en nuestra cooperativa<\/strong> y para disfrutar de los <a href=\"https:\/\/www.fiarebancaetica.coop\/personas-socias\/asociarse\">beneficios reservados a las personas y entidades socias.<\/a><\/p>\n<p>\n\tEn septiembre iniciamos una nueva <strong>campa\u00f1a <\/strong>&nbsp;para asociarse a nuestro banco que<strong> finalizar\u00e1 en el mes de febrero<\/strong> y <strong>m\u00e1s de 40 entidades<\/strong> ya han dado el paso de convertirse en socias.<\/p>\n<p>\n\tEl capital social es un indicador de nuestra solidez, independencia y capacidad de conceder cr\u00e9dito, por eso agradecemos el compromiso de las entidades socias que nos apoyan y ayudan a construir un mundo mejor.<\/p>\n<p>\n\tAlgunas entidades han dado el paso en los \u00faltimos meses, con\u00f3celas:<\/p>\n<h2>\n\tGedi gesti\u00f3 i disseny<\/h2>\n<p>\n\tGedi es una cooperativa de trabajo asociado, sin \u00e1nimo de lucro y de iniciativa social. Su objetivo es asociar profesionales con vocaci\u00f3n de mejora social que colaboren y participen de la empresa y dotarlos de un puesto de trabajo de calidad. Son referentes en la gesti\u00f3n de proyectos empresariales, especialmente de los servicios a las personas.<br \/>\n\tY quieren ser una alternativa empresarial basada en los valores transparencia, democracia, y sostenibilidad<br \/>\n\t<a href=\"https:\/\/gedi.org\/\"><strong>https:\/\/gedi.org\/<\/strong><\/a><\/p>\n<h2>\n\t<img decoding=\"async\" alt=\"\" src=\"http:\/\/www.fiarebancaetica.coop\/app\/uploads\/sites\/2\/2023\/12\/cropped-rnd_team_cut-1.jpg\" style=\"width: 500px; height: 143px;\" \/><\/h2>\n<h2>\n\tAssociacion Research and degrowth international<\/h2>\n<p>\n\tResearch &amp; Degrowth, con sede en Barcelona, es una reconocida asociaci\u00f3n acad\u00e9mica vinculada a la investigaci\u00f3n y la educaci\u00f3n.&nbsp; R&amp;D ha publicado diversos libros, investigaciones acad\u00e9micas y res\u00famenes de pol\u00edticas. Adem\u00e1s gestiona dos programas de m\u00e1ster sobre Ecolog\u00eda Pol\u00edtica y Decrecimiento, una escuela de verano, conferencias, eventos y talleres sobre decrecimiento. En 2022, R&amp;D se ha convertido en un instituto de investigaci\u00f3n y pol\u00edtica, un &#8220;think-and-act tank&#8221; que promueve conversaciones sobre el decrecimiento a nivel internacional y ofrece conocimientos pol\u00edticos para la transici\u00f3n y la gesti\u00f3n de las econom\u00edas sin crecimiento.<\/p>\n<p>\n\tR&amp;D se esfuerza por reunir a cient\u00edficos, sociedad civil, profesionales y activistas para pensar, imaginar, discutir y crear propuestas de decrecimiento sostenible y justas.&nbsp;<strong><a href=\"https:\/\/degrowth.org\/\">https:\/\/degrowth.org\/<\/a><\/strong><\/p>\n<h2>\n\t<img decoding=\"async\" alt=\"\" src=\"http:\/\/www.fiarebancaetica.coop\/app\/uploads\/sites\/2\/2023\/12\/MG_2155-scaled.jpg\" style=\"width: 500px; height: 333px;\" \/><\/h2>\n<h2>\n\tAdisli<\/h2>\n<p>\n\tAdisli, con sede en Madrid, tiene como objetivo esencial la atenci\u00f3n de personas con funcionamiento intelectual l\u00edmite y ligero. Mejorando su calidad de vida y la de sus familias, consiguiendo su integraci\u00f3n familiar y socio laboral, brindando el apoyo necesario para una vida lo m\u00e1s normalizada posible.<br \/>\n\tA su vez, trabajan para que la sociedad en la que convivimos sea una sociedad inclusiva que reconozca el valor de la diversidad y el ejercicio de una ciudadan\u00eda de pleno derecho para todas las personas.&nbsp;<strong><a href=\"http:\/\/www.adisli.org\">www.adisli.org<\/a><\/strong><\/p>\n<h2>\n\tNosa Enerxia<\/h2>\n<p>\n\tLa cooperativa gallega de electricidad Nosa Enerx\u00eda naci\u00f3 hace siete a\u00f1os con un centenar de socios que ansiaban liberarse de las grandes compa\u00f1\u00edas comercializadoras. La entidad tiene por objeto la comercializaci\u00f3n de energ\u00eda el\u00e9ctrica de origen renovable certificado.<\/p>\n<p>\n\tSe articula como una organizaci\u00f3n sin \u00e1nimo de lucro, es decir, que todos aquellos beneficios o excedentes que obtenga la cooperativa por su actividad, no se reparten entre los socios de la misma, sino que se reinvierten en la cooperativa, en la comunidad o en aquello que decida la asamblea de personas socias.&nbsp;<strong><a href=\"http:\/\/www.nosaenerxia.gal\">www.nosaenerxia.gal<\/a><\/strong><\/p>\n<p>\n\t<img decoding=\"async\" alt=\"\" src=\"http:\/\/www.fiarebancaetica.coop\/app\/uploads\/sites\/2\/2023\/12\/mundot.jpg\" style=\"width: 500px; height: 193px;\" \/><\/p>\n<h2>\n\tMundu Bakea<\/h2>\n<p>\n\tMundu Bakean es una asociaci\u00f3n con una clara vocaci\u00f3n pacifista e internacional con un compromiso con la paz, la democracia y los derechos humanos, fomentando la cooperaci\u00f3n, la solidaridad y el entendimiento entre las personas y los pueblos. Priorizan el trabajo con colectivos desfavorecidos, especialmente con mujeres e infancia con el fin de anticiparse a las nuevas necesidades y retos de la sociedad.&nbsp;<a href=\"http:\/\/www.mundubakean.org\/home\">www.mundubakean.org\/home<\/a><\/p>\n<p>\n\t________________________________________________________________________<\/p>\n<h1>\n\t<a id=\"CA\" name=\"CA\"><\/a>Noves entitats s\u00f2cies<\/h1>\n<p>\n\t<br \/>\n\t<a href=\"https:\/\/www.fiarebancaetica.coop\/capitalsocial\">Associar-se<\/a> \u00e9s un pas fonamental per a participar de manera completa en la nostra cooperativa i per a gaudir dels beneficis reservats a les persones i entitats s\u00f2cies.<\/p>\n<p>\n\tAl setembre iniciem una nova campanya per a associar-se al nostre banc que finalitzar\u00e0 el mes de febrer i m\u00e9s de 40 entitats ja han fet el pas de convertir-se en s\u00f2cies.<\/p>\n<p>\n\tEl capital social \u00e9s un indicador de la nostra solidesa, independ\u00e8ncia i capacitat de concedir cr\u00e8dit, per aix\u00f2 agra\u00efm el comprom\u00eds de les entitats s\u00f2cies que ens donen suport i ajuden a construir un m\u00f3n millor.<\/p>\n<p>\n\t<strong>Algunes entitats han fet el pas en els \u00faltims mesos, coneix-les:<\/strong><\/p>\n<h2>\n\tGedi gesti\u00f3 i disseny<\/h2>\n<p>\n\t<br \/>\n\tGedi \u00e9s una cooperativa de treball associat, sense \u00e0nim de lucre i d&#8217;iniciativa social. El seu objectiu \u00e9s associar professionals amb vocaci\u00f3 de millora social que col\u00b7laborin i participin de l&#8217;empresa i dotar-los d&#8217;un lloc de treball de qualitat. S\u00f3n referents en la gesti\u00f3 de projectes empresarials, especialment dels serveis a les persones.<br \/>\n\tI volen ser una alternativa empresarial basada en els valors transpar\u00e8ncia, democr\u00e0cia, i sostenibilitat<br \/>\n\t<strong><a href=\"https:\/\/gedi.org\/\">https:\/\/gedi.org<\/a><\/strong><\/p>\n<h2>\n\tAssociacion Research and degrowth international<\/h2>\n<p>\n\tResearch &amp; Degrowth, amb seu a Barcelona, \u00e9s una reconeguda associaci\u00f3 acad\u00e8mica vinculada a la recerca i l&#8217;educaci\u00f3. R&amp;D ha publicat diversos llibres, recerques acad\u00e8miques i resums de pol\u00edtiques. A m\u00e9s gestiona dos programes de m\u00e0ster sobre Ecologia Pol\u00edtica i Decreixement, una escola d&#8217;estiu, confer\u00e8ncies, esdeveniments i tallers sobre decreixement. En 2022, R&amp;D s&#8217;ha convertit en un institut de recerca i pol\u00edtica que promou converses sobre el decreixement a nivell internacional i ofereix coneixements pol\u00edtics per a la transici\u00f3 i la gesti\u00f3 de les economies sense creixement.<\/p>\n<p>\n\tR&amp;D s&#8217;esfor\u00e7a per reunir cient\u00edfics, societat civil, professionals i activistes per a pensar, imaginar, discutir i crear propostes de decreixement sostenible i justes.<\/p>\n<p>\n\t<a href=\"https:\/\/degrowth.org\">https:\/\/degrowth.org<\/a><\/p>\n<h2>\n\tAdisli<\/h2>\n<p>\n\tTenen com a objectiu essencial l&#8217;atenci\u00f3 de persones amb funcionament intel\u00b7lectual l\u00edmit i lleuger. Millorant la seva qualitat de vida i la de les seves fam\u00edlies, aconseguint la seva integraci\u00f3 familiar i soci laboral, brindant el suport necessari per a una vida el m\u00e9s normalitzada possible.<br \/>\n\tTreballen perqu\u00e8 la societat en la qual convivim sigui una societat inclusiva que reconegui el valor de la diversitat i l&#8217;exercici d&#8217;una ciutadania de ple dret per a totes les persones.<\/p>\n<p>\n\t<a href=\"http:\/\/www.adisli.org\">www.adisli.org<\/a><\/p>\n<h2>\n\tNosa Enerxia<\/h2>\n<p>\n\tLa cooperativa gallega d&#8217;electricitat Nosa Enerx\u00eda va n\u00e9ixer fa set anys amb un centenar de socis que anhelaven alliberar-se de les grans companyies comercialitzadores. L&#8217;entitat t\u00e9 per objecte la comercialitzaci\u00f3 d&#8217;energia el\u00e8ctrica d&#8217;origen renovable certificat.<\/p>\n<p>\n\tS&#8217;articula com una organitzaci\u00f3 sense \u00e0nim de lucre, \u00e9s a dir, que tots aquells beneficis o excedents que obtingui la cooperativa per la seva activitat, no es reparteixen entre els socis d&#8217;aquesta, sin\u00f3 que es reinverteixen en la cooperativa, en la comunitat o en all\u00f2 que decideixi l&#8217;assemblea de persones s\u00f2cies.<\/p>\n<p>\n\t<a href=\"http:\/\/www.nosaenerxia.gal\">www.nosaenerxia.gal<\/a><\/p>\n<h2>\n\tMundu Bakea<\/h2>\n<p>\n\tMundu Bakean \u00e9s una associaci\u00f3 amb una clara vocaci\u00f3 pacifista i internacional amb un comprom\u00eds amb la pau, la democr\u00e0cia i els drets humans, fomentant la cooperaci\u00f3, la solidaritat i l&#8217;entesa entre les persones i els pobles. Prioritzen el treball amb col\u00b7lectius desfavorits, especialment amb dones i inf\u00e0ncia amb la finalitat d&#8217;anticipar-se a les noves necessitats i reptes de la societat. <a href=\"http:\/\/www.mundubakean.org\/home\">www.mundubakean.org<\/a><br \/>\n\t&nbsp;<\/p>\n<\/div>","protected":false},"excerpt":{"rendered":"<p>\n\tAsociarse es un paso fundamental para participar de manera completa en nuestra cooperativa y para disfrutar de los beneficios reservados a las personas y entidades socias.&nbsp;Algunas entidades han dado el paso en los \u00faltimos meses, con\u00f3celas.<\/p>\n","protected":false},"author":2,"featured_media":330304,"comment_status":"open","ping_status":"closed","sticky":false,"template":"","format":"standard","meta":{"_acf_changed":false,"footnotes":""},"categories":[11643],"tags":[],"coauthors":[],"class_list":["post-343251","post","type-post","status-publish","format-standard","has-post-thumbnail","hentry","category-finances-etiques"],"acf":[],"yoast_head":"<!-- This site is optimized with the Yoast SEO plugin v26.9 - https:\/\/yoast.com\/product\/yoast-seo-wordpress\/ -->\n<title>Nuevas entidades socias - Fiare Banca Etica<\/title>\n<meta name=\"robots\" content=\"index, follow, max-snippet:-1, max-image-preview:large, max-video-preview:-1\" \/>\n<link rel=\"canonical\" href=\"https:\/\/www.fiarebancaetica.coop\/ca\/nuevas-entidades-socias\/\" \/>\n<meta property=\"og:locale\" content=\"ca_ES\" \/>\n<meta property=\"og:type\" content=\"article\" \/>\n<meta property=\"og:title\" content=\"Nuevas entidades socias - Fiare Banca Etica\" \/>\n<meta property=\"og:description\" content=\"Asociarse es un paso fundamental para participar de manera completa en nuestra cooperativa y para disfrutar de los beneficios reservados a las personas y entidades socias.&nbsp;Algunas entidades han dado el paso en los \u00faltimos meses, con\u00f3celas.\" \/>\n<meta property=\"og:url\" content=\"https:\/\/www.fiarebancaetica.coop\/ca\/nuevas-entidades-socias\/\" \/>\n<meta property=\"og:site_name\" content=\"Fiare Banca Etica\" \/>\n<meta property=\"article:published_time\" content=\"2023-01-16T23:00:00+00:00\" \/>\n<meta property=\"article:modified_time\" content=\"2024-02-21T13:52:46+00:00\" \/>\n<meta property=\"og:image\" content=\"https:\/\/www.fiarebancaetica.coop\/app\/uploads\/sites\/2\/2023\/12\/nuevas-entidades-socias.jpg\" \/>\n\t<meta property=\"og:image:width\" content=\"540\" \/>\n\t<meta property=\"og:image:height\" content=\"240\" \/>\n\t<meta property=\"og:image:type\" content=\"image\/jpeg\" \/>\n<meta name=\"author\" content=\"crispyadmin0\" \/>\n<meta name=\"twitter:card\" content=\"summary_large_image\" \/>\n<script type=\"application\/ld+json\" class=\"yoast-schema-graph\">{\"@context\":\"https:\/\/schema.org\",\"@graph\":[{\"@type\":\"Article\",\"@id\":\"https:\/\/www.fiarebancaetica.coop\/ca\/nuevas-entidades-socias\/#article\",\"isPartOf\":{\"@id\":\"https:\/\/www.fiarebancaetica.coop\/ca\/nuevas-entidades-socias\/\"},\"author\":{\"name\":\"crispyadmin0\",\"@id\":\"https:\/\/www.fiarebancaetica.coop\/ca\/#\/schema\/person\/579841e89c804b5db05d9141bd9b8272\"},\"headline\":\"Nuevas entidades socias\",\"datePublished\":\"2023-01-16T23:00:00+00:00\",\"dateModified\":\"2024-02-21T13:52:46+00:00\",\"mainEntityOfPage\":{\"@id\":\"https:\/\/www.fiarebancaetica.coop\/ca\/nuevas-entidades-socias\/\"},\"wordCount\":1209,\"commentCount\":0,\"image\":{\"@id\":\"https:\/\/www.fiarebancaetica.coop\/ca\/nuevas-entidades-socias\/#primaryimage\"},\"thumbnailUrl\":\"https:\/\/www.fiarebancaetica.coop\/app\/uploads\/sites\/2\/2023\/12\/nuevas-entidades-socias.jpg\",\"articleSection\":[\"Finances \u00e8tiques\"],\"inLanguage\":\"ca\",\"potentialAction\":[{\"@type\":\"CommentAction\",\"name\":\"Comment\",\"target\":[\"https:\/\/www.fiarebancaetica.coop\/ca\/nuevas-entidades-socias\/#respond\"]}]},{\"@type\":\"WebPage\",\"@id\":\"https:\/\/www.fiarebancaetica.coop\/ca\/nuevas-entidades-socias\/\",\"url\":\"https:\/\/www.fiarebancaetica.coop\/ca\/nuevas-entidades-socias\/\",\"name\":\"Nuevas entidades socias - Fiare Banca Etica\",\"isPartOf\":{\"@id\":\"https:\/\/www.fiarebancaetica.coop\/ca\/#website\"},\"primaryImageOfPage\":{\"@id\":\"https:\/\/www.fiarebancaetica.coop\/ca\/nuevas-entidades-socias\/#primaryimage\"},\"image\":{\"@id\":\"https:\/\/www.fiarebancaetica.coop\/ca\/nuevas-entidades-socias\/#primaryimage\"},\"thumbnailUrl\":\"https:\/\/www.fiarebancaetica.coop\/app\/uploads\/sites\/2\/2023\/12\/nuevas-entidades-socias.jpg\",\"datePublished\":\"2023-01-16T23:00:00+00:00\",\"dateModified\":\"2024-02-21T13:52:46+00:00\",\"author\":{\"@id\":\"https:\/\/www.fiarebancaetica.coop\/ca\/#\/schema\/person\/579841e89c804b5db05d9141bd9b8272\"},\"breadcrumb\":{\"@id\":\"https:\/\/www.fiarebancaetica.coop\/ca\/nuevas-entidades-socias\/#breadcrumb\"},\"inLanguage\":\"ca\",\"potentialAction\":[{\"@type\":\"ReadAction\",\"target\":[\"https:\/\/www.fiarebancaetica.coop\/ca\/nuevas-entidades-socias\/\"]}]},{\"@type\":\"ImageObject\",\"inLanguage\":\"ca\",\"@id\":\"https:\/\/www.fiarebancaetica.coop\/ca\/nuevas-entidades-socias\/#primaryimage\",\"url\":\"https:\/\/www.fiarebancaetica.coop\/app\/uploads\/sites\/2\/2023\/12\/nuevas-entidades-socias.jpg\",\"contentUrl\":\"https:\/\/www.fiarebancaetica.coop\/app\/uploads\/sites\/2\/2023\/12\/nuevas-entidades-socias.jpg\",\"width\":540,\"height\":240},{\"@type\":\"BreadcrumbList\",\"@id\":\"https:\/\/www.fiarebancaetica.coop\/ca\/nuevas-entidades-socias\/#breadcrumb\",\"itemListElement\":[{\"@type\":\"ListItem\",\"position\":1,\"name\":\"Home\",\"item\":\"https:\/\/www.fiarebancaetica.coop\/ca\/\"},{\"@type\":\"ListItem\",\"position\":2,\"name\":\"Nuevas entidades socias\"}]},{\"@type\":\"WebSite\",\"@id\":\"https:\/\/www.fiarebancaetica.coop\/ca\/#website\",\"url\":\"https:\/\/www.fiarebancaetica.coop\/ca\/\",\"name\":\"Fiare Banca Etica\",\"description\":\"\",\"potentialAction\":[{\"@type\":\"SearchAction\",\"target\":{\"@type\":\"EntryPoint\",\"urlTemplate\":\"https:\/\/www.fiarebancaetica.coop\/ca\/?s={search_term_string}\"},\"query-input\":{\"@type\":\"PropertyValueSpecification\",\"valueRequired\":true,\"valueName\":\"search_term_string\"}}],\"inLanguage\":\"ca\"},{\"@type\":\"Person\",\"@id\":\"https:\/\/www.fiarebancaetica.coop\/ca\/#\/schema\/person\/579841e89c804b5db05d9141bd9b8272\",\"name\":\"crispyadmin0\",\"image\":{\"@type\":\"ImageObject\",\"inLanguage\":\"ca\",\"@id\":\"https:\/\/www.fiarebancaetica.coop\/ca\/#\/schema\/person\/image\/5f3a6b7786f32f4c35bd2b1a5a4698ea\",\"url\":\"https:\/\/secure.gravatar.com\/avatar\/4d2cfb499d497b6d49da659fab7404b243a87fe8e40d2cf97a1cae48f677f5b2?s=96&d=mm&r=g\",\"contentUrl\":\"https:\/\/secure.gravatar.com\/avatar\/4d2cfb499d497b6d49da659fab7404b243a87fe8e40d2cf97a1cae48f677f5b2?s=96&d=mm&r=g\",\"caption\":\"crispyadmin0\"},\"sameAs\":[\"crispyadmin0\"]}]}<\/script>\n<!-- \/ Yoast SEO plugin. -->","yoast_head_json":{"title":"Nuevas entidades socias - Fiare Banca Etica","robots":{"index":"index","follow":"follow","max-snippet":"max-snippet:-1","max-image-preview":"max-image-preview:large","max-video-preview":"max-video-preview:-1"},"canonical":"https:\/\/www.fiarebancaetica.coop\/ca\/nuevas-entidades-socias\/","og_locale":"ca_ES","og_type":"article","og_title":"Nuevas entidades socias - Fiare Banca Etica","og_description":"Asociarse es un paso fundamental para participar de manera completa en nuestra cooperativa y para disfrutar de los beneficios reservados a las personas y entidades socias.&nbsp;Algunas entidades han dado el paso en los \u00faltimos meses, con\u00f3celas.","og_url":"https:\/\/www.fiarebancaetica.coop\/ca\/nuevas-entidades-socias\/","og_site_name":"Fiare Banca Etica","article_published_time":"2023-01-16T23:00:00+00:00","article_modified_time":"2024-02-21T13:52:46+00:00","og_image":[{"width":540,"height":240,"url":"https:\/\/www.fiarebancaetica.coop\/app\/uploads\/sites\/2\/2023\/12\/nuevas-entidades-socias.jpg","type":"image\/jpeg"}],"author":"crispyadmin0","twitter_card":"summary_large_image","schema":{"@context":"https:\/\/schema.org","@graph":[{"@type":"Article","@id":"https:\/\/www.fiarebancaetica.coop\/ca\/nuevas-entidades-socias\/#article","isPartOf":{"@id":"https:\/\/www.fiarebancaetica.coop\/ca\/nuevas-entidades-socias\/"},"author":{"name":"crispyadmin0","@id":"https:\/\/www.fiarebancaetica.coop\/ca\/#\/schema\/person\/579841e89c804b5db05d9141bd9b8272"},"headline":"Nuevas entidades socias","datePublished":"2023-01-16T23:00:00+00:00","dateModified":"2024-02-21T13:52:46+00:00","mainEntityOfPage":{"@id":"https:\/\/www.fiarebancaetica.coop\/ca\/nuevas-entidades-socias\/"},"wordCount":1209,"commentCount":0,"image":{"@id":"https:\/\/www.fiarebancaetica.coop\/ca\/nuevas-entidades-socias\/#primaryimage"},"thumbnailUrl":"https:\/\/www.fiarebancaetica.coop\/app\/uploads\/sites\/2\/2023\/12\/nuevas-entidades-socias.jpg","articleSection":["Finances \u00e8tiques"],"inLanguage":"ca","potentialAction":[{"@type":"CommentAction","name":"Comment","target":["https:\/\/www.fiarebancaetica.coop\/ca\/nuevas-entidades-socias\/#respond"]}]},{"@type":"WebPage","@id":"https:\/\/www.fiarebancaetica.coop\/ca\/nuevas-entidades-socias\/","url":"https:\/\/www.fiarebancaetica.coop\/ca\/nuevas-entidades-socias\/","name":"Nuevas entidades socias - Fiare Banca Etica","isPartOf":{"@id":"https:\/\/www.fiarebancaetica.coop\/ca\/#website"},"primaryImageOfPage":{"@id":"https:\/\/www.fiarebancaetica.coop\/ca\/nuevas-entidades-socias\/#primaryimage"},"image":{"@id":"https:\/\/www.fiarebancaetica.coop\/ca\/nuevas-entidades-socias\/#primaryimage"},"thumbnailUrl":"https:\/\/www.fiarebancaetica.coop\/app\/uploads\/sites\/2\/2023\/12\/nuevas-entidades-socias.jpg","datePublished":"2023-01-16T23:00:00+00:00","dateModified":"2024-02-21T13:52:46+00:00","author":{"@id":"https:\/\/www.fiarebancaetica.coop\/ca\/#\/schema\/person\/579841e89c804b5db05d9141bd9b8272"},"breadcrumb":{"@id":"https:\/\/www.fiarebancaetica.coop\/ca\/nuevas-entidades-socias\/#breadcrumb"},"inLanguage":"ca","potentialAction":[{"@type":"ReadAction","target":["https:\/\/www.fiarebancaetica.coop\/ca\/nuevas-entidades-socias\/"]}]},{"@type":"ImageObject","inLanguage":"ca","@id":"https:\/\/www.fiarebancaetica.coop\/ca\/nuevas-entidades-socias\/#primaryimage","url":"https:\/\/www.fiarebancaetica.coop\/app\/uploads\/sites\/2\/2023\/12\/nuevas-entidades-socias.jpg","contentUrl":"https:\/\/www.fiarebancaetica.coop\/app\/uploads\/sites\/2\/2023\/12\/nuevas-entidades-socias.jpg","width":540,"height":240},{"@type":"BreadcrumbList","@id":"https:\/\/www.fiarebancaetica.coop\/ca\/nuevas-entidades-socias\/#breadcrumb","itemListElement":[{"@type":"ListItem","position":1,"name":"Home","item":"https:\/\/www.fiarebancaetica.coop\/ca\/"},{"@type":"ListItem","position":2,"name":"Nuevas entidades socias"}]},{"@type":"WebSite","@id":"https:\/\/www.fiarebancaetica.coop\/ca\/#website","url":"https:\/\/www.fiarebancaetica.coop\/ca\/","name":"Fiare Banca Etica","description":"","potentialAction":[{"@type":"SearchAction","target":{"@type":"EntryPoint","urlTemplate":"https:\/\/www.fiarebancaetica.coop\/ca\/?s={search_term_string}"},"query-input":{"@type":"PropertyValueSpecification","valueRequired":true,"valueName":"search_term_string"}}],"inLanguage":"ca"},{"@type":"Person","@id":"https:\/\/www.fiarebancaetica.coop\/ca\/#\/schema\/person\/579841e89c804b5db05d9141bd9b8272","name":"crispyadmin0","image":{"@type":"ImageObject","inLanguage":"ca","@id":"https:\/\/www.fiarebancaetica.coop\/ca\/#\/schema\/person\/image\/5f3a6b7786f32f4c35bd2b1a5a4698ea","url":"https:\/\/secure.gravatar.com\/avatar\/4d2cfb499d497b6d49da659fab7404b243a87fe8e40d2cf97a1cae48f677f5b2?s=96&d=mm&r=g","contentUrl":"https:\/\/secure.gravatar.com\/avatar\/4d2cfb499d497b6d49da659fab7404b243a87fe8e40d2cf97a1cae48f677f5b2?s=96&d=mm&r=g","caption":"crispyadmin0"},"sameAs":["crispyadmin0"]}]}},"_links":{"self":[{"href":"https:\/\/www.fiarebancaetica.coop\/ca\/wp-json\/wp\/v2\/posts\/343251","targetHints":{"allow":["GET"]}}],"collection":[{"href":"https:\/\/www.fiarebancaetica.coop\/ca\/wp-json\/wp\/v2\/posts"}],"about":[{"href":"https:\/\/www.fiarebancaetica.coop\/ca\/wp-json\/wp\/v2\/types\/post"}],"author":[{"embeddable":true,"href":"https:\/\/www.fiarebancaetica.coop\/ca\/wp-json\/wp\/v2\/users\/2"}],"replies":[{"embeddable":true,"href":"https:\/\/www.fiarebancaetica.coop\/ca\/wp-json\/wp\/v2\/comments?post=343251"}],"version-history":[{"count":2,"href":"https:\/\/www.fiarebancaetica.coop\/ca\/wp-json\/wp\/v2\/posts\/343251\/revisions"}],"predecessor-version":[{"id":355331,"href":"https:\/\/www.fiarebancaetica.coop\/ca\/wp-json\/wp\/v2\/posts\/343251\/revisions\/355331"}],"wp:featuredmedia":[{"embeddable":true,"href":"https:\/\/www.fiarebancaetica.coop\/ca\/wp-json\/wp\/v2\/media\/330304"}],"wp:attachment":[{"href":"https:\/\/www.fiarebancaetica.coop\/ca\/wp-json\/wp\/v2\/media?parent=343251"}],"wp:term":[{"taxonomy":"category","embeddable":true,"href":"https:\/\/www.fiarebancaetica.coop\/ca\/wp-json\/wp\/v2\/categories?post=343251"},{"taxonomy":"post_tag","embeddable":true,"href":"https:\/\/www.fiarebancaetica.coop\/ca\/wp-json\/wp\/v2\/tags?post=343251"},{"taxonomy":"author","embeddable":true,"href":"https:\/\/www.fiarebancaetica.coop\/ca\/wp-json\/wp\/v2\/coauthors?post=343251"}],"curies":[{"name":"wp","href":"https:\/\/api.w.org\/{rel}","templated":true}]}}