{"id":343332,"date":"2022-10-04T00:00:00","date_gmt":"2022-10-03T22:00:00","guid":{"rendered":"https:\/\/www.fiarebancaetica.coop\/noesso-da-el-paso-a-las-energias-renovables-de-la-mano-de-fiare-banca-etica\/"},"modified":"2024-02-21T14:53:53","modified_gmt":"2024-02-21T13:53:53","slug":"noesso-da-el-paso-a-las-energias-renovables-de-la-mano-de-fiare-banca-etica","status":"publish","type":"post","link":"https:\/\/www.fiarebancaetica.coop\/ca\/noesso-da-el-paso-a-las-energias-renovables-de-la-mano-de-fiare-banca-etica\/","title":{"rendered":"NOESSO da el paso a  las energ\u00edas renovables de la mano de Fiare Banca Etica"},"content":{"rendered":"\n\n<div class=\"wp-block-bancaetica-blocks-blocks-block-49\">\n    <div class=\"container-block-49\">\n\n        <div class=\"header-section \">\n                            <h1 class=\"section-title\"> Etica e cooperativa <\/h1>\n                                            <\/div>\n\n        \n        <div class=\"block-background\" style=\"background-image: url('https:\/\/www.fiarebancaetica.coop\/app\/uploads\/sites\/2\/2023\/12\/noesso-el-paso-las-energias-renovables-de-mano-de-fiare-banca-etica.jpg')\">\n                            <div class=\"tile\">\n                    <h1 class=\"image-title\"> NOESSO da el paso a  las energ\u00edas renovables de la mano de Fiare Banca Etica <\/h1>\n                <\/div>             <!-- end .tile -->\n            <div class=\"bottom-content\">\n                            <\/div> <!-- end .button-content -->\n        <\/div> <!-- end .block-background -->\n    <\/div> <!-- end .container -->\n<\/div> <!-- end wp-block-bancaetica-blocks-blocks-block-06 -->\n\n\n<div class=\"wrapper-crispybacon-class wrapper-crispybacon-class-boxed \">\n    <p>\n\t<a href=\"https:\/\/noesso.org\/\"><strong>NOESSO<\/strong><\/a> es una Asociaci\u00f3n que da una<strong> respuesta integral a quienes sufren alg\u00fan tipo de adicci\u00f3n<\/strong> o se encuentran en situaci\u00f3n de riesgo. Acompa\u00f1a el cambio de menores con problemas de conducta y genera itinerarios de inserci\u00f3n laboral para personas en situaci\u00f3n o riesgo de exclusi\u00f3n.<\/p>\n<p>\n\tLa entidad cuenta con <strong>Centros para la Inclusi\u00f3n de J\u00f3venes<\/strong> donde mediante intervenciones individualizadas e integrales desarrollan estrategias en los menores que les permitan&nbsp; superar los comportamientos conductuales disruptivos y posibilitar el aprendizaje de alternativas saludables y adecuadas a estos.<\/p>\n<p>\n\tTambi\u00e9n dispone de Viviendas de apoyo a la reinserci\u00f3n para facilitar una plena reintegraci\u00f3n en la sociedad a personas que precisan ayuda especializada para que esta sea efectiva y plena. Y centros con diferentes espacios habilitados para el desarrollo de actividades psicoterap\u00e9uticas y socio-educativas.<\/p>\n<p>\n\t2021 fue un a\u00f1o con un<strong> excelente impacto social <\/strong>donde <strong>m\u00e1s de 3000 personas han sido apoyadas<\/strong> por alguno de los recursos y programas de la entidad.<\/p>\n<h2>\n\tCompromiso con la sostenibilidad y la autoproducci\u00f3n de energ\u00eda limpia<\/h2>\n<p>\n\tLa Asociaci\u00f3n NOESSO se ha <strong>decantado por las energ\u00edas renovables y el cuidado por el medioambiente<\/strong>. A partir de ahora, dos de sus centros, el de menores Paco Fern\u00e1ndez en V\u00edcar, y la Comunidad Terap\u00e9utica La Quinta en Laujar de Andarax, tendr\u00e1n instalaciones de energ\u00eda sostenible. Las primeras actuaciones han estado dirigidas a generar el calentamiento del agua para uso y aseo personal, lo que ha tenido su reflejo directo en la factura del consumo el\u00e9ctrico mensual de ambos recursos.<\/p>\n<p>\n\tAdem\u00e1s se ha realizado una importante inversi\u00f3n con la instalaci\u00f3n de un kit solar para autoconsumo instant\u00e1neo en instalaciones conectadas a red. Equipos de potencia el\u00e9ctrica producida por los inversores fotovoltaicos para garantizar el autoconsumo instant\u00e1neo.<\/p>\n<h2>\n\t30% de ahorro<\/h2>\n<p>\n\tSeg\u00fan el c\u00e1lculo efectuado por la empresa ITESA, responsable del estudio previo e instalaci\u00f3n de los equipos, se ha estimado un ahorro aproximado del 30% de la factura el\u00e9ctrica atendiendo a las horas y producci\u00f3n solar. Este porcentaje equivaldr\u00eda al porcentaje de autoproducci\u00f3n mediante un sistema de placas fotovoltaicas.<\/p>\n<p>\n\t<strong><a href=\"https:\/\/noesso.org\/\">https:\/\/noesso.org<\/a><\/strong><\/p>\n<\/div>","protected":false},"excerpt":{"rendered":"<p>\n\tNOESSO es una Asociaci\u00f3n que da una respuesta integral a quienes sufren alg\u00fan tipo de adicci\u00f3n o se encuentran en situaci\u00f3n de riesgo. Acompa\u00f1a el cambio de menores con problemas de conducta y genera itinerarios de inserci\u00f3n laboral para personas en situaci\u00f3n o riesgo de exclusi\u00f3n.<\/p>\n","protected":false},"author":2,"featured_media":330208,"comment_status":"open","ping_status":"closed","sticky":false,"template":"","format":"standard","meta":{"_acf_changed":false,"footnotes":""},"categories":[11643],"tags":[],"coauthors":[],"class_list":["post-343332","post","type-post","status-publish","format-standard","has-post-thumbnail","hentry","category-finances-etiques"],"acf":[],"yoast_head":"<!-- This site is optimized with the Yoast SEO plugin v26.9 - https:\/\/yoast.com\/product\/yoast-seo-wordpress\/ -->\n<title>NOESSO da el paso a las energ\u00edas renovables de la mano de Fiare Banca Etica - Fiare Banca Etica<\/title>\n<meta name=\"robots\" content=\"index, follow, max-snippet:-1, max-image-preview:large, max-video-preview:-1\" \/>\n<link rel=\"canonical\" href=\"https:\/\/www.fiarebancaetica.coop\/ca\/noesso-da-el-paso-a-las-energias-renovables-de-la-mano-de-fiare-banca-etica\/\" \/>\n<meta property=\"og:locale\" content=\"ca_ES\" \/>\n<meta property=\"og:type\" content=\"article\" \/>\n<meta property=\"og:title\" content=\"NOESSO da el paso a las energ\u00edas renovables de la mano de Fiare Banca Etica - Fiare Banca Etica\" \/>\n<meta property=\"og:description\" content=\"NOESSO es una Asociaci\u00f3n que da una respuesta integral a quienes sufren alg\u00fan tipo de adicci\u00f3n o se encuentran en situaci\u00f3n de riesgo. Acompa\u00f1a el cambio de menores con problemas de conducta y genera itinerarios de inserci\u00f3n laboral para personas en situaci\u00f3n o riesgo de exclusi\u00f3n.\" \/>\n<meta property=\"og:url\" content=\"https:\/\/www.fiarebancaetica.coop\/ca\/noesso-da-el-paso-a-las-energias-renovables-de-la-mano-de-fiare-banca-etica\/\" \/>\n<meta property=\"og:site_name\" content=\"Fiare Banca Etica\" \/>\n<meta property=\"article:published_time\" content=\"2022-10-03T22:00:00+00:00\" \/>\n<meta property=\"article:modified_time\" content=\"2024-02-21T13:53:53+00:00\" \/>\n<meta property=\"og:image\" content=\"https:\/\/www.fiarebancaetica.coop\/app\/uploads\/sites\/2\/2023\/12\/noesso-el-paso-las-energias-renovables-de-mano-de-fiare-banca-etica.jpg\" \/>\n\t<meta property=\"og:image:width\" content=\"580\" \/>\n\t<meta property=\"og:image:height\" content=\"250\" \/>\n\t<meta property=\"og:image:type\" content=\"image\/jpeg\" \/>\n<meta name=\"author\" content=\"crispyadmin0\" \/>\n<meta name=\"twitter:card\" content=\"summary_large_image\" \/>\n<script type=\"application\/ld+json\" class=\"yoast-schema-graph\">{\"@context\":\"https:\/\/schema.org\",\"@graph\":[{\"@type\":\"Article\",\"@id\":\"https:\/\/www.fiarebancaetica.coop\/ca\/noesso-da-el-paso-a-las-energias-renovables-de-la-mano-de-fiare-banca-etica\/#article\",\"isPartOf\":{\"@id\":\"https:\/\/www.fiarebancaetica.coop\/ca\/noesso-da-el-paso-a-las-energias-renovables-de-la-mano-de-fiare-banca-etica\/\"},\"author\":{\"name\":\"crispyadmin0\",\"@id\":\"https:\/\/www.fiarebancaetica.coop\/ca\/#\/schema\/person\/579841e89c804b5db05d9141bd9b8272\"},\"headline\":\"NOESSO da el paso a las energ\u00edas renovables de la mano de Fiare Banca Etica\",\"datePublished\":\"2022-10-03T22:00:00+00:00\",\"dateModified\":\"2024-02-21T13:53:53+00:00\",\"mainEntityOfPage\":{\"@id\":\"https:\/\/www.fiarebancaetica.coop\/ca\/noesso-da-el-paso-a-las-energias-renovables-de-la-mano-de-fiare-banca-etica\/\"},\"wordCount\":390,\"commentCount\":0,\"image\":{\"@id\":\"https:\/\/www.fiarebancaetica.coop\/ca\/noesso-da-el-paso-a-las-energias-renovables-de-la-mano-de-fiare-banca-etica\/#primaryimage\"},\"thumbnailUrl\":\"https:\/\/www.fiarebancaetica.coop\/app\/uploads\/sites\/2\/2023\/12\/noesso-el-paso-las-energias-renovables-de-mano-de-fiare-banca-etica.jpg\",\"articleSection\":[\"Finances \u00e8tiques\"],\"inLanguage\":\"ca\",\"potentialAction\":[{\"@type\":\"CommentAction\",\"name\":\"Comment\",\"target\":[\"https:\/\/www.fiarebancaetica.coop\/ca\/noesso-da-el-paso-a-las-energias-renovables-de-la-mano-de-fiare-banca-etica\/#respond\"]}]},{\"@type\":\"WebPage\",\"@id\":\"https:\/\/www.fiarebancaetica.coop\/ca\/noesso-da-el-paso-a-las-energias-renovables-de-la-mano-de-fiare-banca-etica\/\",\"url\":\"https:\/\/www.fiarebancaetica.coop\/ca\/noesso-da-el-paso-a-las-energias-renovables-de-la-mano-de-fiare-banca-etica\/\",\"name\":\"NOESSO da el paso a las energ\u00edas renovables de la mano de Fiare Banca Etica - Fiare Banca Etica\",\"isPartOf\":{\"@id\":\"https:\/\/www.fiarebancaetica.coop\/ca\/#website\"},\"primaryImageOfPage\":{\"@id\":\"https:\/\/www.fiarebancaetica.coop\/ca\/noesso-da-el-paso-a-las-energias-renovables-de-la-mano-de-fiare-banca-etica\/#primaryimage\"},\"image\":{\"@id\":\"https:\/\/www.fiarebancaetica.coop\/ca\/noesso-da-el-paso-a-las-energias-renovables-de-la-mano-de-fiare-banca-etica\/#primaryimage\"},\"thumbnailUrl\":\"https:\/\/www.fiarebancaetica.coop\/app\/uploads\/sites\/2\/2023\/12\/noesso-el-paso-las-energias-renovables-de-mano-de-fiare-banca-etica.jpg\",\"datePublished\":\"2022-10-03T22:00:00+00:00\",\"dateModified\":\"2024-02-21T13:53:53+00:00\",\"author\":{\"@id\":\"https:\/\/www.fiarebancaetica.coop\/ca\/#\/schema\/person\/579841e89c804b5db05d9141bd9b8272\"},\"breadcrumb\":{\"@id\":\"https:\/\/www.fiarebancaetica.coop\/ca\/noesso-da-el-paso-a-las-energias-renovables-de-la-mano-de-fiare-banca-etica\/#breadcrumb\"},\"inLanguage\":\"ca\",\"potentialAction\":[{\"@type\":\"ReadAction\",\"target\":[\"https:\/\/www.fiarebancaetica.coop\/ca\/noesso-da-el-paso-a-las-energias-renovables-de-la-mano-de-fiare-banca-etica\/\"]}]},{\"@type\":\"ImageObject\",\"inLanguage\":\"ca\",\"@id\":\"https:\/\/www.fiarebancaetica.coop\/ca\/noesso-da-el-paso-a-las-energias-renovables-de-la-mano-de-fiare-banca-etica\/#primaryimage\",\"url\":\"https:\/\/www.fiarebancaetica.coop\/app\/uploads\/sites\/2\/2023\/12\/noesso-el-paso-las-energias-renovables-de-mano-de-fiare-banca-etica.jpg\",\"contentUrl\":\"https:\/\/www.fiarebancaetica.coop\/app\/uploads\/sites\/2\/2023\/12\/noesso-el-paso-las-energias-renovables-de-mano-de-fiare-banca-etica.jpg\",\"width\":580,\"height\":250},{\"@type\":\"BreadcrumbList\",\"@id\":\"https:\/\/www.fiarebancaetica.coop\/ca\/noesso-da-el-paso-a-las-energias-renovables-de-la-mano-de-fiare-banca-etica\/#breadcrumb\",\"itemListElement\":[{\"@type\":\"ListItem\",\"position\":1,\"name\":\"Home\",\"item\":\"https:\/\/www.fiarebancaetica.coop\/ca\/\"},{\"@type\":\"ListItem\",\"position\":2,\"name\":\"NOESSO da el paso a las energ\u00edas renovables de la mano de Fiare Banca Etica\"}]},{\"@type\":\"WebSite\",\"@id\":\"https:\/\/www.fiarebancaetica.coop\/ca\/#website\",\"url\":\"https:\/\/www.fiarebancaetica.coop\/ca\/\",\"name\":\"Fiare Banca Etica\",\"description\":\"\",\"potentialAction\":[{\"@type\":\"SearchAction\",\"target\":{\"@type\":\"EntryPoint\",\"urlTemplate\":\"https:\/\/www.fiarebancaetica.coop\/ca\/?s={search_term_string}\"},\"query-input\":{\"@type\":\"PropertyValueSpecification\",\"valueRequired\":true,\"valueName\":\"search_term_string\"}}],\"inLanguage\":\"ca\"},{\"@type\":\"Person\",\"@id\":\"https:\/\/www.fiarebancaetica.coop\/ca\/#\/schema\/person\/579841e89c804b5db05d9141bd9b8272\",\"name\":\"crispyadmin0\",\"image\":{\"@type\":\"ImageObject\",\"inLanguage\":\"ca\",\"@id\":\"https:\/\/www.fiarebancaetica.coop\/ca\/#\/schema\/person\/image\/5f3a6b7786f32f4c35bd2b1a5a4698ea\",\"url\":\"https:\/\/secure.gravatar.com\/avatar\/4d2cfb499d497b6d49da659fab7404b243a87fe8e40d2cf97a1cae48f677f5b2?s=96&d=mm&r=g\",\"contentUrl\":\"https:\/\/secure.gravatar.com\/avatar\/4d2cfb499d497b6d49da659fab7404b243a87fe8e40d2cf97a1cae48f677f5b2?s=96&d=mm&r=g\",\"caption\":\"crispyadmin0\"},\"sameAs\":[\"crispyadmin0\"]}]}<\/script>\n<!-- \/ Yoast SEO plugin. -->","yoast_head_json":{"title":"NOESSO da el paso a las energ\u00edas renovables de la mano de Fiare Banca Etica - Fiare Banca Etica","robots":{"index":"index","follow":"follow","max-snippet":"max-snippet:-1","max-image-preview":"max-image-preview:large","max-video-preview":"max-video-preview:-1"},"canonical":"https:\/\/www.fiarebancaetica.coop\/ca\/noesso-da-el-paso-a-las-energias-renovables-de-la-mano-de-fiare-banca-etica\/","og_locale":"ca_ES","og_type":"article","og_title":"NOESSO da el paso a las energ\u00edas renovables de la mano de Fiare Banca Etica - Fiare Banca Etica","og_description":"NOESSO es una Asociaci\u00f3n que da una respuesta integral a quienes sufren alg\u00fan tipo de adicci\u00f3n o se encuentran en situaci\u00f3n de riesgo. Acompa\u00f1a el cambio de menores con problemas de conducta y genera itinerarios de inserci\u00f3n laboral para personas en situaci\u00f3n o riesgo de exclusi\u00f3n.","og_url":"https:\/\/www.fiarebancaetica.coop\/ca\/noesso-da-el-paso-a-las-energias-renovables-de-la-mano-de-fiare-banca-etica\/","og_site_name":"Fiare Banca Etica","article_published_time":"2022-10-03T22:00:00+00:00","article_modified_time":"2024-02-21T13:53:53+00:00","og_image":[{"width":580,"height":250,"url":"https:\/\/www.fiarebancaetica.coop\/app\/uploads\/sites\/2\/2023\/12\/noesso-el-paso-las-energias-renovables-de-mano-de-fiare-banca-etica.jpg","type":"image\/jpeg"}],"author":"crispyadmin0","twitter_card":"summary_large_image","schema":{"@context":"https:\/\/schema.org","@graph":[{"@type":"Article","@id":"https:\/\/www.fiarebancaetica.coop\/ca\/noesso-da-el-paso-a-las-energias-renovables-de-la-mano-de-fiare-banca-etica\/#article","isPartOf":{"@id":"https:\/\/www.fiarebancaetica.coop\/ca\/noesso-da-el-paso-a-las-energias-renovables-de-la-mano-de-fiare-banca-etica\/"},"author":{"name":"crispyadmin0","@id":"https:\/\/www.fiarebancaetica.coop\/ca\/#\/schema\/person\/579841e89c804b5db05d9141bd9b8272"},"headline":"NOESSO da el paso a las energ\u00edas renovables de la mano de Fiare Banca Etica","datePublished":"2022-10-03T22:00:00+00:00","dateModified":"2024-02-21T13:53:53+00:00","mainEntityOfPage":{"@id":"https:\/\/www.fiarebancaetica.coop\/ca\/noesso-da-el-paso-a-las-energias-renovables-de-la-mano-de-fiare-banca-etica\/"},"wordCount":390,"commentCount":0,"image":{"@id":"https:\/\/www.fiarebancaetica.coop\/ca\/noesso-da-el-paso-a-las-energias-renovables-de-la-mano-de-fiare-banca-etica\/#primaryimage"},"thumbnailUrl":"https:\/\/www.fiarebancaetica.coop\/app\/uploads\/sites\/2\/2023\/12\/noesso-el-paso-las-energias-renovables-de-mano-de-fiare-banca-etica.jpg","articleSection":["Finances \u00e8tiques"],"inLanguage":"ca","potentialAction":[{"@type":"CommentAction","name":"Comment","target":["https:\/\/www.fiarebancaetica.coop\/ca\/noesso-da-el-paso-a-las-energias-renovables-de-la-mano-de-fiare-banca-etica\/#respond"]}]},{"@type":"WebPage","@id":"https:\/\/www.fiarebancaetica.coop\/ca\/noesso-da-el-paso-a-las-energias-renovables-de-la-mano-de-fiare-banca-etica\/","url":"https:\/\/www.fiarebancaetica.coop\/ca\/noesso-da-el-paso-a-las-energias-renovables-de-la-mano-de-fiare-banca-etica\/","name":"NOESSO da el paso a las energ\u00edas renovables de la mano de Fiare Banca Etica - Fiare Banca Etica","isPartOf":{"@id":"https:\/\/www.fiarebancaetica.coop\/ca\/#website"},"primaryImageOfPage":{"@id":"https:\/\/www.fiarebancaetica.coop\/ca\/noesso-da-el-paso-a-las-energias-renovables-de-la-mano-de-fiare-banca-etica\/#primaryimage"},"image":{"@id":"https:\/\/www.fiarebancaetica.coop\/ca\/noesso-da-el-paso-a-las-energias-renovables-de-la-mano-de-fiare-banca-etica\/#primaryimage"},"thumbnailUrl":"https:\/\/www.fiarebancaetica.coop\/app\/uploads\/sites\/2\/2023\/12\/noesso-el-paso-las-energias-renovables-de-mano-de-fiare-banca-etica.jpg","datePublished":"2022-10-03T22:00:00+00:00","dateModified":"2024-02-21T13:53:53+00:00","author":{"@id":"https:\/\/www.fiarebancaetica.coop\/ca\/#\/schema\/person\/579841e89c804b5db05d9141bd9b8272"},"breadcrumb":{"@id":"https:\/\/www.fiarebancaetica.coop\/ca\/noesso-da-el-paso-a-las-energias-renovables-de-la-mano-de-fiare-banca-etica\/#breadcrumb"},"inLanguage":"ca","potentialAction":[{"@type":"ReadAction","target":["https:\/\/www.fiarebancaetica.coop\/ca\/noesso-da-el-paso-a-las-energias-renovables-de-la-mano-de-fiare-banca-etica\/"]}]},{"@type":"ImageObject","inLanguage":"ca","@id":"https:\/\/www.fiarebancaetica.coop\/ca\/noesso-da-el-paso-a-las-energias-renovables-de-la-mano-de-fiare-banca-etica\/#primaryimage","url":"https:\/\/www.fiarebancaetica.coop\/app\/uploads\/sites\/2\/2023\/12\/noesso-el-paso-las-energias-renovables-de-mano-de-fiare-banca-etica.jpg","contentUrl":"https:\/\/www.fiarebancaetica.coop\/app\/uploads\/sites\/2\/2023\/12\/noesso-el-paso-las-energias-renovables-de-mano-de-fiare-banca-etica.jpg","width":580,"height":250},{"@type":"BreadcrumbList","@id":"https:\/\/www.fiarebancaetica.coop\/ca\/noesso-da-el-paso-a-las-energias-renovables-de-la-mano-de-fiare-banca-etica\/#breadcrumb","itemListElement":[{"@type":"ListItem","position":1,"name":"Home","item":"https:\/\/www.fiarebancaetica.coop\/ca\/"},{"@type":"ListItem","position":2,"name":"NOESSO da el paso a las energ\u00edas renovables de la mano de Fiare Banca Etica"}]},{"@type":"WebSite","@id":"https:\/\/www.fiarebancaetica.coop\/ca\/#website","url":"https:\/\/www.fiarebancaetica.coop\/ca\/","name":"Fiare Banca Etica","description":"","potentialAction":[{"@type":"SearchAction","target":{"@type":"EntryPoint","urlTemplate":"https:\/\/www.fiarebancaetica.coop\/ca\/?s={search_term_string}"},"query-input":{"@type":"PropertyValueSpecification","valueRequired":true,"valueName":"search_term_string"}}],"inLanguage":"ca"},{"@type":"Person","@id":"https:\/\/www.fiarebancaetica.coop\/ca\/#\/schema\/person\/579841e89c804b5db05d9141bd9b8272","name":"crispyadmin0","image":{"@type":"ImageObject","inLanguage":"ca","@id":"https:\/\/www.fiarebancaetica.coop\/ca\/#\/schema\/person\/image\/5f3a6b7786f32f4c35bd2b1a5a4698ea","url":"https:\/\/secure.gravatar.com\/avatar\/4d2cfb499d497b6d49da659fab7404b243a87fe8e40d2cf97a1cae48f677f5b2?s=96&d=mm&r=g","contentUrl":"https:\/\/secure.gravatar.com\/avatar\/4d2cfb499d497b6d49da659fab7404b243a87fe8e40d2cf97a1cae48f677f5b2?s=96&d=mm&r=g","caption":"crispyadmin0"},"sameAs":["crispyadmin0"]}]}},"_links":{"self":[{"href":"https:\/\/www.fiarebancaetica.coop\/ca\/wp-json\/wp\/v2\/posts\/343332","targetHints":{"allow":["GET"]}}],"collection":[{"href":"https:\/\/www.fiarebancaetica.coop\/ca\/wp-json\/wp\/v2\/posts"}],"about":[{"href":"https:\/\/www.fiarebancaetica.coop\/ca\/wp-json\/wp\/v2\/types\/post"}],"author":[{"embeddable":true,"href":"https:\/\/www.fiarebancaetica.coop\/ca\/wp-json\/wp\/v2\/users\/2"}],"replies":[{"embeddable":true,"href":"https:\/\/www.fiarebancaetica.coop\/ca\/wp-json\/wp\/v2\/comments?post=343332"}],"version-history":[{"count":1,"href":"https:\/\/www.fiarebancaetica.coop\/ca\/wp-json\/wp\/v2\/posts\/343332\/revisions"}],"predecessor-version":[{"id":355267,"href":"https:\/\/www.fiarebancaetica.coop\/ca\/wp-json\/wp\/v2\/posts\/343332\/revisions\/355267"}],"wp:featuredmedia":[{"embeddable":true,"href":"https:\/\/www.fiarebancaetica.coop\/ca\/wp-json\/wp\/v2\/media\/330208"}],"wp:attachment":[{"href":"https:\/\/www.fiarebancaetica.coop\/ca\/wp-json\/wp\/v2\/media?parent=343332"}],"wp:term":[{"taxonomy":"category","embeddable":true,"href":"https:\/\/www.fiarebancaetica.coop\/ca\/wp-json\/wp\/v2\/categories?post=343332"},{"taxonomy":"post_tag","embeddable":true,"href":"https:\/\/www.fiarebancaetica.coop\/ca\/wp-json\/wp\/v2\/tags?post=343332"},{"taxonomy":"author","embeddable":true,"href":"https:\/\/www.fiarebancaetica.coop\/ca\/wp-json\/wp\/v2\/coauthors?post=343332"}],"curies":[{"name":"wp","href":"https:\/\/api.w.org\/{rel}","templated":true}]}}