{"id":343398,"date":"2022-07-07T00:00:00","date_gmt":"2022-07-06T22:00:00","guid":{"rendered":"https:\/\/www.fiarebancaetica.coop\/desilusion-por-el-si-del-parlamento-ue-al-gas-y-las-nucleares-como-actividades-sostenibles\/"},"modified":"2024-02-21T14:56:51","modified_gmt":"2024-02-21T13:56:51","slug":"desilusion-por-el-si-del-parlamento-ue-al-gas-y-las-nucleares-como-actividades-sostenibles","status":"publish","type":"post","link":"https:\/\/www.fiarebancaetica.coop\/ca\/desilusion-por-el-si-del-parlamento-ue-al-gas-y-las-nucleares-como-actividades-sostenibles\/","title":{"rendered":"Desilusi\u00f3n por el S\u00ed del Parlamento UE al gas y las nucleares como actividades sostenibles"},"content":{"rendered":"\n\n<div class=\"wp-block-bancaetica-blocks-blocks-block-49\">\n    <div class=\"container-block-49\">\n\n        <div class=\"header-section \">\n                            <h1 class=\"section-title\"> Etica e cooperativa <\/h1>\n                                            <\/div>\n\n        \n        <div class=\"block-background\" style=\"background-image: url('https:\/\/www.fiarebancaetica.coop\/app\/uploads\/sites\/2\/2023\/12\/desilusion-por-el-si-del-parlamento-ue-gas-y-las-nucleares-como-actividades-sostenibles.jpg')\">\n                            <div class=\"tile\">\n                    <h1 class=\"image-title\"> Desilusi\u00f3n por el S\u00ed del Parlamento UE al gas y las nucleares como actividades sostenibles <\/h1>\n                <\/div>             <!-- end .tile -->\n            <div class=\"bottom-content\">\n                            <\/div> <!-- end .button-content -->\n        <\/div> <!-- end .block-background -->\n    <\/div> <!-- end .container -->\n<\/div> <!-- end wp-block-bancaetica-blocks-blocks-block-06 -->\n\n\n<div class=\"wrapper-crispybacon-class wrapper-crispybacon-class-boxed \">\n    <p><br \/>\n\t<strong>\u201cUna gran operaci\u00f3n de greenwashing, una tomadura de pelo para los inversores que creen en la transici\u00f3n ecol\u00f3gica\u201d, ha declarado&nbsp;<\/strong><strong>Anna Fasano presidenta de Banca Etica.&nbsp;<\/strong><\/p>\n<p>A partir de hoy, la financiaci\u00f3n del gas y la energ\u00eda nuclear se considerar\u00e1 sostenible en Europa. Con la votaci\u00f3n de hoy en el Parlamento Europeo, <strong>la energ\u00eda producida con gas y\/o nuclear entran oficialmente dentro de las actividades econ\u00f3micas consideradas &#8220;sostenibles&#8221;<\/strong>, tal y como propone la Comisi\u00f3n Europea.<\/p>\n<p>Con <strong>328 a favor del gas y la nuclear y 278 en contra<\/strong>, la votaci\u00f3n demostr\u00f3 que hab\u00eda una batalla y que una parte importante del Parlamento Europeo entendi\u00f3 que de esta forma queda en entredicho la coherencia y credibilidad de los compromisos asumidos en los foros internacionales para luchar contra el calentamiento global y promoviendo una transici\u00f3n energ\u00e9tica real.<\/p>\n<p>Las <strong>opiniones contrarias de los t\u00e9cnicos designados por la propia UE<\/strong>, las movilizaciones de activistas y todo el movimiento de las finanzas \u00e9ticas <strong>no fueron suficientes para evitar esto que, a nuestro juicio, es una incoherencia incre\u00edble.<\/strong><\/p>\n<p>Ahora los numerosos ahorradores e inversores europeos que quieran orientar sus recursos hacia proyectos verdes se encontrar\u00e1n ante la posibilidad concreta de invertir en productos que tambi\u00e9n contengan acciones de empresas activas en energ\u00eda nuclear y empresas que extraen y transportan gas f\u00f3sil.<\/p>\n<p>En los \u00faltimos d\u00edas, Fiare Banca Etica, la <a href=\"https:\/\/febea.org\/\">Federaci\u00f3n Europea de Bancos \u00c9ticos y Alternativos<\/a> (Febea), la <a href=\"https:\/\/www.gabv.org\/\">Global Alliance for Banking on Values<\/a> \u200b\u200b(Gabv) y las redes europeas de microfinanzas, MFC y EMN, hab\u00edan escrito a los eurodiputados para solicitar la exclusi\u00f3n del gas y la energ\u00eda nuclear de la llamada taxonom\u00eda verde, explicando que esta era la \u00fanica forma de salvaguardar la credibilidad del inmenso trabajo realizado por las instituciones de la UE en los \u00faltimos a\u00f1os para regular el sector financiero ESG.<\/p>\n<p>Hemos dejado claro en todos los sentidos que<strong> excluir el gas y la energ\u00eda nuclear de las inversiones sostenibles<\/strong> <strong>no habr\u00eda significado impedir la financiaci\u00f3n de estos sectores<\/strong>, que podr\u00edan haber seguido recaudando fondos sin la etiqueta de &#8220;sostenibles&#8221;.<\/p>\n<p>El Grupo Banca Etica seguir\u00e1 con la convicci\u00f3n de excluir de las inversiones las fuentes nucleares y f\u00f3siles como el gas y <strong>apostar por el desarrollo de las energ\u00edas renovables<\/strong> que, hasta el momento, representan la mejor opci\u00f3n para la transici\u00f3n ecol\u00f3gica y la independencia energ\u00e9tica de nuestro pa\u00eds y del Continente.<\/p>\n<p>Seguiremos <strong>marcando nuestra diferencia<\/strong> con respecto a quienes proponen como \u201cverdes\u201d productos financieros que contengan emisores pertenecientes a sectores y actividades que consideramos altamente nocivos o contaminantes, ahora tambi\u00e9n con la validaci\u00f3n de la UE.<\/p>\n<p>El papel de los ahorradores en la elecci\u00f3n de d\u00f3nde invertir el dinero es cada vez m\u00e1s importante. Esperamos que al menos la nueva legislaci\u00f3n se aplique con seriedad en la medida en que obligue a las empresas financieras a informar a los clientes si los productos vendidos como sostenibles tambi\u00e9n incluyen inversiones en gas y energ\u00eda nuclear.<\/p>\n<p>&nbsp;<\/p>\n<p>&nbsp;<\/p>\n<p><em>Foto de <a href=\"https:\/\/unsplash.com\/es\/@shaikhulud\">Maxim Tolchinskiy en Unsplash<\/a><\/em><\/p>\n<\/div>","protected":false},"excerpt":{"rendered":"<p>\u201cUna gran operaci\u00f3n de greenwashing, una tomadura de pelo para los inversores que creen en la transici\u00f3n ecol\u00f3gica\u201d,&nbsp;Anna Fasano, Banca Etica.<\/p>\n","protected":false},"author":2,"featured_media":330111,"comment_status":"open","ping_status":"closed","sticky":false,"template":"","format":"standard","meta":{"_acf_changed":false,"footnotes":""},"categories":[11643],"tags":[],"coauthors":[],"class_list":["post-343398","post","type-post","status-publish","format-standard","has-post-thumbnail","hentry","category-finances-etiques"],"acf":[],"yoast_head":"<!-- This site is optimized with the Yoast SEO plugin v26.9 - https:\/\/yoast.com\/product\/yoast-seo-wordpress\/ -->\n<title>Desilusi\u00f3n por el S\u00ed del Parlamento UE al gas y las nucleares como actividades sostenibles - Fiare Banca Etica<\/title>\n<meta name=\"robots\" content=\"index, follow, max-snippet:-1, max-image-preview:large, max-video-preview:-1\" \/>\n<link rel=\"canonical\" href=\"https:\/\/www.fiarebancaetica.coop\/ca\/desilusion-por-el-si-del-parlamento-ue-al-gas-y-las-nucleares-como-actividades-sostenibles\/\" \/>\n<meta property=\"og:locale\" content=\"ca_ES\" \/>\n<meta property=\"og:type\" content=\"article\" \/>\n<meta property=\"og:title\" content=\"Desilusi\u00f3n por el S\u00ed del Parlamento UE al gas y las nucleares como actividades sostenibles - Fiare Banca Etica\" \/>\n<meta property=\"og:description\" content=\"\u201cUna gran operaci\u00f3n de greenwashing, una tomadura de pelo para los inversores que creen en la transici\u00f3n ecol\u00f3gica\u201d,&nbsp;Anna Fasano, Banca Etica.\" \/>\n<meta property=\"og:url\" content=\"https:\/\/www.fiarebancaetica.coop\/ca\/desilusion-por-el-si-del-parlamento-ue-al-gas-y-las-nucleares-como-actividades-sostenibles\/\" \/>\n<meta property=\"og:site_name\" content=\"Fiare Banca Etica\" \/>\n<meta property=\"article:published_time\" content=\"2022-07-06T22:00:00+00:00\" \/>\n<meta property=\"article:modified_time\" content=\"2024-02-21T13:56:51+00:00\" \/>\n<meta property=\"og:image\" content=\"https:\/\/www.fiarebancaetica.coop\/app\/uploads\/sites\/2\/2023\/12\/desilusion-por-el-si-del-parlamento-ue-gas-y-las-nucleares-como-actividades-sostenibles.jpg\" \/>\n\t<meta property=\"og:image:width\" content=\"540\" \/>\n\t<meta property=\"og:image:height\" content=\"250\" \/>\n\t<meta property=\"og:image:type\" content=\"image\/jpeg\" \/>\n<meta name=\"author\" content=\"crispyadmin0\" \/>\n<meta name=\"twitter:card\" content=\"summary_large_image\" \/>\n<script type=\"application\/ld+json\" class=\"yoast-schema-graph\">{\"@context\":\"https:\/\/schema.org\",\"@graph\":[{\"@type\":\"Article\",\"@id\":\"https:\/\/www.fiarebancaetica.coop\/ca\/desilusion-por-el-si-del-parlamento-ue-al-gas-y-las-nucleares-como-actividades-sostenibles\/#article\",\"isPartOf\":{\"@id\":\"https:\/\/www.fiarebancaetica.coop\/ca\/desilusion-por-el-si-del-parlamento-ue-al-gas-y-las-nucleares-como-actividades-sostenibles\/\"},\"author\":{\"name\":\"crispyadmin0\",\"@id\":\"https:\/\/www.fiarebancaetica.coop\/ca\/#\/schema\/person\/579841e89c804b5db05d9141bd9b8272\"},\"headline\":\"Desilusi\u00f3n por el S\u00ed del Parlamento UE al gas y las nucleares como actividades sostenibles\",\"datePublished\":\"2022-07-06T22:00:00+00:00\",\"dateModified\":\"2024-02-21T13:56:51+00:00\",\"mainEntityOfPage\":{\"@id\":\"https:\/\/www.fiarebancaetica.coop\/ca\/desilusion-por-el-si-del-parlamento-ue-al-gas-y-las-nucleares-como-actividades-sostenibles\/\"},\"wordCount\":554,\"commentCount\":0,\"image\":{\"@id\":\"https:\/\/www.fiarebancaetica.coop\/ca\/desilusion-por-el-si-del-parlamento-ue-al-gas-y-las-nucleares-como-actividades-sostenibles\/#primaryimage\"},\"thumbnailUrl\":\"https:\/\/www.fiarebancaetica.coop\/app\/uploads\/sites\/2\/2023\/12\/desilusion-por-el-si-del-parlamento-ue-gas-y-las-nucleares-como-actividades-sostenibles.jpg\",\"articleSection\":[\"Finances \u00e8tiques\"],\"inLanguage\":\"ca\",\"potentialAction\":[{\"@type\":\"CommentAction\",\"name\":\"Comment\",\"target\":[\"https:\/\/www.fiarebancaetica.coop\/ca\/desilusion-por-el-si-del-parlamento-ue-al-gas-y-las-nucleares-como-actividades-sostenibles\/#respond\"]}]},{\"@type\":\"WebPage\",\"@id\":\"https:\/\/www.fiarebancaetica.coop\/ca\/desilusion-por-el-si-del-parlamento-ue-al-gas-y-las-nucleares-como-actividades-sostenibles\/\",\"url\":\"https:\/\/www.fiarebancaetica.coop\/ca\/desilusion-por-el-si-del-parlamento-ue-al-gas-y-las-nucleares-como-actividades-sostenibles\/\",\"name\":\"Desilusi\u00f3n por el S\u00ed del Parlamento UE al gas y las nucleares como actividades sostenibles - Fiare Banca Etica\",\"isPartOf\":{\"@id\":\"https:\/\/www.fiarebancaetica.coop\/ca\/#website\"},\"primaryImageOfPage\":{\"@id\":\"https:\/\/www.fiarebancaetica.coop\/ca\/desilusion-por-el-si-del-parlamento-ue-al-gas-y-las-nucleares-como-actividades-sostenibles\/#primaryimage\"},\"image\":{\"@id\":\"https:\/\/www.fiarebancaetica.coop\/ca\/desilusion-por-el-si-del-parlamento-ue-al-gas-y-las-nucleares-como-actividades-sostenibles\/#primaryimage\"},\"thumbnailUrl\":\"https:\/\/www.fiarebancaetica.coop\/app\/uploads\/sites\/2\/2023\/12\/desilusion-por-el-si-del-parlamento-ue-gas-y-las-nucleares-como-actividades-sostenibles.jpg\",\"datePublished\":\"2022-07-06T22:00:00+00:00\",\"dateModified\":\"2024-02-21T13:56:51+00:00\",\"author\":{\"@id\":\"https:\/\/www.fiarebancaetica.coop\/ca\/#\/schema\/person\/579841e89c804b5db05d9141bd9b8272\"},\"breadcrumb\":{\"@id\":\"https:\/\/www.fiarebancaetica.coop\/ca\/desilusion-por-el-si-del-parlamento-ue-al-gas-y-las-nucleares-como-actividades-sostenibles\/#breadcrumb\"},\"inLanguage\":\"ca\",\"potentialAction\":[{\"@type\":\"ReadAction\",\"target\":[\"https:\/\/www.fiarebancaetica.coop\/ca\/desilusion-por-el-si-del-parlamento-ue-al-gas-y-las-nucleares-como-actividades-sostenibles\/\"]}]},{\"@type\":\"ImageObject\",\"inLanguage\":\"ca\",\"@id\":\"https:\/\/www.fiarebancaetica.coop\/ca\/desilusion-por-el-si-del-parlamento-ue-al-gas-y-las-nucleares-como-actividades-sostenibles\/#primaryimage\",\"url\":\"https:\/\/www.fiarebancaetica.coop\/app\/uploads\/sites\/2\/2023\/12\/desilusion-por-el-si-del-parlamento-ue-gas-y-las-nucleares-como-actividades-sostenibles.jpg\",\"contentUrl\":\"https:\/\/www.fiarebancaetica.coop\/app\/uploads\/sites\/2\/2023\/12\/desilusion-por-el-si-del-parlamento-ue-gas-y-las-nucleares-como-actividades-sostenibles.jpg\",\"width\":540,\"height\":250},{\"@type\":\"BreadcrumbList\",\"@id\":\"https:\/\/www.fiarebancaetica.coop\/ca\/desilusion-por-el-si-del-parlamento-ue-al-gas-y-las-nucleares-como-actividades-sostenibles\/#breadcrumb\",\"itemListElement\":[{\"@type\":\"ListItem\",\"position\":1,\"name\":\"Home\",\"item\":\"https:\/\/www.fiarebancaetica.coop\/ca\/\"},{\"@type\":\"ListItem\",\"position\":2,\"name\":\"Desilusi\u00f3n por el S\u00ed del Parlamento UE al gas y las nucleares como actividades sostenibles\"}]},{\"@type\":\"WebSite\",\"@id\":\"https:\/\/www.fiarebancaetica.coop\/ca\/#website\",\"url\":\"https:\/\/www.fiarebancaetica.coop\/ca\/\",\"name\":\"Fiare Banca Etica\",\"description\":\"\",\"potentialAction\":[{\"@type\":\"SearchAction\",\"target\":{\"@type\":\"EntryPoint\",\"urlTemplate\":\"https:\/\/www.fiarebancaetica.coop\/ca\/?s={search_term_string}\"},\"query-input\":{\"@type\":\"PropertyValueSpecification\",\"valueRequired\":true,\"valueName\":\"search_term_string\"}}],\"inLanguage\":\"ca\"},{\"@type\":\"Person\",\"@id\":\"https:\/\/www.fiarebancaetica.coop\/ca\/#\/schema\/person\/579841e89c804b5db05d9141bd9b8272\",\"name\":\"crispyadmin0\",\"image\":{\"@type\":\"ImageObject\",\"inLanguage\":\"ca\",\"@id\":\"https:\/\/www.fiarebancaetica.coop\/ca\/#\/schema\/person\/image\/5f3a6b7786f32f4c35bd2b1a5a4698ea\",\"url\":\"https:\/\/secure.gravatar.com\/avatar\/4d2cfb499d497b6d49da659fab7404b243a87fe8e40d2cf97a1cae48f677f5b2?s=96&d=mm&r=g\",\"contentUrl\":\"https:\/\/secure.gravatar.com\/avatar\/4d2cfb499d497b6d49da659fab7404b243a87fe8e40d2cf97a1cae48f677f5b2?s=96&d=mm&r=g\",\"caption\":\"crispyadmin0\"},\"sameAs\":[\"crispyadmin0\"]}]}<\/script>\n<!-- \/ Yoast SEO plugin. -->","yoast_head_json":{"title":"Desilusi\u00f3n por el S\u00ed del Parlamento UE al gas y las nucleares como actividades sostenibles - Fiare Banca Etica","robots":{"index":"index","follow":"follow","max-snippet":"max-snippet:-1","max-image-preview":"max-image-preview:large","max-video-preview":"max-video-preview:-1"},"canonical":"https:\/\/www.fiarebancaetica.coop\/ca\/desilusion-por-el-si-del-parlamento-ue-al-gas-y-las-nucleares-como-actividades-sostenibles\/","og_locale":"ca_ES","og_type":"article","og_title":"Desilusi\u00f3n por el S\u00ed del Parlamento UE al gas y las nucleares como actividades sostenibles - Fiare Banca Etica","og_description":"\u201cUna gran operaci\u00f3n de greenwashing, una tomadura de pelo para los inversores que creen en la transici\u00f3n ecol\u00f3gica\u201d,&nbsp;Anna Fasano, Banca Etica.","og_url":"https:\/\/www.fiarebancaetica.coop\/ca\/desilusion-por-el-si-del-parlamento-ue-al-gas-y-las-nucleares-como-actividades-sostenibles\/","og_site_name":"Fiare Banca Etica","article_published_time":"2022-07-06T22:00:00+00:00","article_modified_time":"2024-02-21T13:56:51+00:00","og_image":[{"width":540,"height":250,"url":"https:\/\/www.fiarebancaetica.coop\/app\/uploads\/sites\/2\/2023\/12\/desilusion-por-el-si-del-parlamento-ue-gas-y-las-nucleares-como-actividades-sostenibles.jpg","type":"image\/jpeg"}],"author":"crispyadmin0","twitter_card":"summary_large_image","schema":{"@context":"https:\/\/schema.org","@graph":[{"@type":"Article","@id":"https:\/\/www.fiarebancaetica.coop\/ca\/desilusion-por-el-si-del-parlamento-ue-al-gas-y-las-nucleares-como-actividades-sostenibles\/#article","isPartOf":{"@id":"https:\/\/www.fiarebancaetica.coop\/ca\/desilusion-por-el-si-del-parlamento-ue-al-gas-y-las-nucleares-como-actividades-sostenibles\/"},"author":{"name":"crispyadmin0","@id":"https:\/\/www.fiarebancaetica.coop\/ca\/#\/schema\/person\/579841e89c804b5db05d9141bd9b8272"},"headline":"Desilusi\u00f3n por el S\u00ed del Parlamento UE al gas y las nucleares como actividades sostenibles","datePublished":"2022-07-06T22:00:00+00:00","dateModified":"2024-02-21T13:56:51+00:00","mainEntityOfPage":{"@id":"https:\/\/www.fiarebancaetica.coop\/ca\/desilusion-por-el-si-del-parlamento-ue-al-gas-y-las-nucleares-como-actividades-sostenibles\/"},"wordCount":554,"commentCount":0,"image":{"@id":"https:\/\/www.fiarebancaetica.coop\/ca\/desilusion-por-el-si-del-parlamento-ue-al-gas-y-las-nucleares-como-actividades-sostenibles\/#primaryimage"},"thumbnailUrl":"https:\/\/www.fiarebancaetica.coop\/app\/uploads\/sites\/2\/2023\/12\/desilusion-por-el-si-del-parlamento-ue-gas-y-las-nucleares-como-actividades-sostenibles.jpg","articleSection":["Finances \u00e8tiques"],"inLanguage":"ca","potentialAction":[{"@type":"CommentAction","name":"Comment","target":["https:\/\/www.fiarebancaetica.coop\/ca\/desilusion-por-el-si-del-parlamento-ue-al-gas-y-las-nucleares-como-actividades-sostenibles\/#respond"]}]},{"@type":"WebPage","@id":"https:\/\/www.fiarebancaetica.coop\/ca\/desilusion-por-el-si-del-parlamento-ue-al-gas-y-las-nucleares-como-actividades-sostenibles\/","url":"https:\/\/www.fiarebancaetica.coop\/ca\/desilusion-por-el-si-del-parlamento-ue-al-gas-y-las-nucleares-como-actividades-sostenibles\/","name":"Desilusi\u00f3n por el S\u00ed del Parlamento UE al gas y las nucleares como actividades sostenibles - Fiare Banca Etica","isPartOf":{"@id":"https:\/\/www.fiarebancaetica.coop\/ca\/#website"},"primaryImageOfPage":{"@id":"https:\/\/www.fiarebancaetica.coop\/ca\/desilusion-por-el-si-del-parlamento-ue-al-gas-y-las-nucleares-como-actividades-sostenibles\/#primaryimage"},"image":{"@id":"https:\/\/www.fiarebancaetica.coop\/ca\/desilusion-por-el-si-del-parlamento-ue-al-gas-y-las-nucleares-como-actividades-sostenibles\/#primaryimage"},"thumbnailUrl":"https:\/\/www.fiarebancaetica.coop\/app\/uploads\/sites\/2\/2023\/12\/desilusion-por-el-si-del-parlamento-ue-gas-y-las-nucleares-como-actividades-sostenibles.jpg","datePublished":"2022-07-06T22:00:00+00:00","dateModified":"2024-02-21T13:56:51+00:00","author":{"@id":"https:\/\/www.fiarebancaetica.coop\/ca\/#\/schema\/person\/579841e89c804b5db05d9141bd9b8272"},"breadcrumb":{"@id":"https:\/\/www.fiarebancaetica.coop\/ca\/desilusion-por-el-si-del-parlamento-ue-al-gas-y-las-nucleares-como-actividades-sostenibles\/#breadcrumb"},"inLanguage":"ca","potentialAction":[{"@type":"ReadAction","target":["https:\/\/www.fiarebancaetica.coop\/ca\/desilusion-por-el-si-del-parlamento-ue-al-gas-y-las-nucleares-como-actividades-sostenibles\/"]}]},{"@type":"ImageObject","inLanguage":"ca","@id":"https:\/\/www.fiarebancaetica.coop\/ca\/desilusion-por-el-si-del-parlamento-ue-al-gas-y-las-nucleares-como-actividades-sostenibles\/#primaryimage","url":"https:\/\/www.fiarebancaetica.coop\/app\/uploads\/sites\/2\/2023\/12\/desilusion-por-el-si-del-parlamento-ue-gas-y-las-nucleares-como-actividades-sostenibles.jpg","contentUrl":"https:\/\/www.fiarebancaetica.coop\/app\/uploads\/sites\/2\/2023\/12\/desilusion-por-el-si-del-parlamento-ue-gas-y-las-nucleares-como-actividades-sostenibles.jpg","width":540,"height":250},{"@type":"BreadcrumbList","@id":"https:\/\/www.fiarebancaetica.coop\/ca\/desilusion-por-el-si-del-parlamento-ue-al-gas-y-las-nucleares-como-actividades-sostenibles\/#breadcrumb","itemListElement":[{"@type":"ListItem","position":1,"name":"Home","item":"https:\/\/www.fiarebancaetica.coop\/ca\/"},{"@type":"ListItem","position":2,"name":"Desilusi\u00f3n por el S\u00ed del Parlamento UE al gas y las nucleares como actividades sostenibles"}]},{"@type":"WebSite","@id":"https:\/\/www.fiarebancaetica.coop\/ca\/#website","url":"https:\/\/www.fiarebancaetica.coop\/ca\/","name":"Fiare Banca Etica","description":"","potentialAction":[{"@type":"SearchAction","target":{"@type":"EntryPoint","urlTemplate":"https:\/\/www.fiarebancaetica.coop\/ca\/?s={search_term_string}"},"query-input":{"@type":"PropertyValueSpecification","valueRequired":true,"valueName":"search_term_string"}}],"inLanguage":"ca"},{"@type":"Person","@id":"https:\/\/www.fiarebancaetica.coop\/ca\/#\/schema\/person\/579841e89c804b5db05d9141bd9b8272","name":"crispyadmin0","image":{"@type":"ImageObject","inLanguage":"ca","@id":"https:\/\/www.fiarebancaetica.coop\/ca\/#\/schema\/person\/image\/5f3a6b7786f32f4c35bd2b1a5a4698ea","url":"https:\/\/secure.gravatar.com\/avatar\/4d2cfb499d497b6d49da659fab7404b243a87fe8e40d2cf97a1cae48f677f5b2?s=96&d=mm&r=g","contentUrl":"https:\/\/secure.gravatar.com\/avatar\/4d2cfb499d497b6d49da659fab7404b243a87fe8e40d2cf97a1cae48f677f5b2?s=96&d=mm&r=g","caption":"crispyadmin0"},"sameAs":["crispyadmin0"]}]}},"_links":{"self":[{"href":"https:\/\/www.fiarebancaetica.coop\/ca\/wp-json\/wp\/v2\/posts\/343398","targetHints":{"allow":["GET"]}}],"collection":[{"href":"https:\/\/www.fiarebancaetica.coop\/ca\/wp-json\/wp\/v2\/posts"}],"about":[{"href":"https:\/\/www.fiarebancaetica.coop\/ca\/wp-json\/wp\/v2\/types\/post"}],"author":[{"embeddable":true,"href":"https:\/\/www.fiarebancaetica.coop\/ca\/wp-json\/wp\/v2\/users\/2"}],"replies":[{"embeddable":true,"href":"https:\/\/www.fiarebancaetica.coop\/ca\/wp-json\/wp\/v2\/comments?post=343398"}],"version-history":[{"count":2,"href":"https:\/\/www.fiarebancaetica.coop\/ca\/wp-json\/wp\/v2\/posts\/343398\/revisions"}],"predecessor-version":[{"id":355199,"href":"https:\/\/www.fiarebancaetica.coop\/ca\/wp-json\/wp\/v2\/posts\/343398\/revisions\/355199"}],"wp:featuredmedia":[{"embeddable":true,"href":"https:\/\/www.fiarebancaetica.coop\/ca\/wp-json\/wp\/v2\/media\/330111"}],"wp:attachment":[{"href":"https:\/\/www.fiarebancaetica.coop\/ca\/wp-json\/wp\/v2\/media?parent=343398"}],"wp:term":[{"taxonomy":"category","embeddable":true,"href":"https:\/\/www.fiarebancaetica.coop\/ca\/wp-json\/wp\/v2\/categories?post=343398"},{"taxonomy":"post_tag","embeddable":true,"href":"https:\/\/www.fiarebancaetica.coop\/ca\/wp-json\/wp\/v2\/tags?post=343398"},{"taxonomy":"author","embeddable":true,"href":"https:\/\/www.fiarebancaetica.coop\/ca\/wp-json\/wp\/v2\/coauthors?post=343398"}],"curies":[{"name":"wp","href":"https:\/\/api.w.org\/{rel}","templated":true}]}}