{"id":343513,"date":"2022-04-07T00:00:00","date_gmt":"2022-04-06T22:00:00","guid":{"rendered":"https:\/\/www.fiarebancaetica.coop\/si-queremos-la-paz-no-financiemos-las-armas\/"},"modified":"2024-02-21T15:02:43","modified_gmt":"2024-02-21T14:02:43","slug":"si-queremos-la-paz-no-financiemos-las-armas","status":"publish","type":"post","link":"https:\/\/www.fiarebancaetica.coop\/ca\/si-queremos-la-paz-no-financiemos-las-armas\/","title":{"rendered":"Si queremos la paz, no financiemos las armas"},"content":{"rendered":"\n\n<div class=\"wp-block-bancaetica-blocks-blocks-block-49\">\n    <div class=\"container-block-49\">\n\n        <div class=\"header-section \">\n                            <h1 class=\"section-title\"> Etica e cooperativa <\/h1>\n                                            <\/div>\n\n        \n        <div class=\"block-background\" style=\"background-image: url('https:\/\/www.fiarebancaetica.coop\/app\/uploads\/sites\/2\/2023\/12\/si-queremos-paz-no-financiemos-las-armas.jpg')\">\n                            <div class=\"tile\">\n                    <h1 class=\"image-title\"> Si queremos la paz, no financiemos las armas <\/h1>\n                <\/div>             <!-- end .tile -->\n            <div class=\"bottom-content\">\n                            <\/div> <!-- end .button-content -->\n        <\/div> <!-- end .block-background -->\n    <\/div> <!-- end .container -->\n<\/div> <!-- end wp-block-bancaetica-blocks-blocks-block-06 -->\n\n\n<div class=\"wrapper-crispybacon-class wrapper-crispybacon-class-boxed \">\n    <p>El movimiento pacifista fue uno de los principales impulsores de las actuales finanzas \u00e9ticas y solidarias. Desgraciadamente, hoy nos toca seguir diciendo NO A LA GUERRA, ni en Ucrania ni en ninguna de las otras 34 regiones que en el mundo est\u00e1n sufriendo un conflicto armado y donde seg\u00fan ACNUR m\u00e1s de 80 millones de personas han sido desplazadas de sus hogares.<br \/>\n\t<br \/>\n\tM\u00e1s que nunca, debemos recordar que las guerras no se financian solas y que 3 de cada 4 armas no existir\u00edan si no fuera por el apoyo de instituciones financieras p\u00fablicas y privadas.<br \/>\n\t<br \/>\n\tLa Campa\u00f1a Banca Armada lleva 15 a\u00f1os denunciando esta situaci\u00f3n y elaborando informes que nos alertan a\u00f1o tras a\u00f1o sobre la financiaci\u00f3n de la industria armament\u00edstica por parte de las entidades financieras y aseguradoras.<br \/>\n\t<br \/>\n\tPero existen unas finanzas \u00e9ticamente orientadas que no s\u00f3lo excluyen a la industria de las armas de todas sus inversiones, sino que apuestan por una econom\u00eda que, lejos de destruir la vida, la sostiene.<br \/>\n\t&nbsp;<\/p>\n<p><strong>Campa\u00f1a Banca Armada<br \/>\n\tMesa de Finanzas \u00c9ticas<br \/>\n\tRed de Economia Alternativa y Solidaria \u2013 REAS Red de Redes<\/strong><\/p>\n<p>_______________________________________________________________<\/p>\n<p>SI VOLEM LA PAU, NO FINANCEM LES ARMES<\/p>\n<p>El moviment pacifista va ser un dels principals impulsors de les actuals finances \u00e8tiques i solid\u00e0ries.<\/p>\n<p>Desgraciadament, avui ens toca continuar dient NO A la GUERRA, ni a Ucra\u00efna ni a cap de les altres 34 regions del m\u00f3n que estan sofrint un conflicte armat i on segons ACNUR m\u00e9s de 80 milions de persones han estat despla\u00e7ades de les seves llars.<\/p>\n<p>Ara m\u00e9s que mai, hem de recordar que les guerres no es financen soles i que 3 de cada 4 armes no existirien si no fos pel suport d&#8217;institucions financeres p\u00fabliques i privades.<\/p>\n<p>Fa 15 anys que la Campanya Banca Armada denuncia aquesta situaci\u00f3 i elabora informes que ens alerten any rere any sobre el finan\u00e7ament de la ind\u00fastria armament\u00edstica per part de les entitats financeres i asseguradores.<\/p>\n<p>Per\u00f2 existeixen unes finances \u00e8ticament orientades que no nom\u00e9s exclouen a la ind\u00fastria de les armes de totes les seves inversions, sin\u00f3 que aposten per una economia que, en lloc de destruir la vida, la sost\u00e9.<\/p>\n<p><strong>Campanya Banca Armada<br \/>\n\tTaula de les Finances \u00c8tiques<br \/>\n\tREAS Red de Redes<\/strong><\/p>\n<p>_______________________________________________________________<\/p>\n<h1>\n\tSe queremos paz, non financiemos armas<\/h1>\n<p><br \/>\n\tO movemento pola paz foi un dos principais impulsores das actuais finanzas \u00e9ticas e solidarias.<br \/>\n\tPor desgraza, hoxe temos que seguir dicindo NON \u00c1 GUERRA, nin en Ucra\u00edna nin en ningunha das outras 34 rexi\u00f3ns do mundo que est\u00e1n a sufrir un conflito armado e onde, segundo ACNUR, m\u00e1is de 80 mill\u00f3ns de persoas foron desprazadas do seu fogar.<br \/>\n\t<br \/>\n\tM\u00e1is que nunca hai que lembrar que as guerras non se financian por si mesmas e que 3 de cada 4 armas non existir\u00edan se non fose polo apoio das entidades financeiras p\u00fablicas e privadas.<br \/>\n\t<br \/>\n\tA Campa\u00f1a da Banca Armada leva 15 anos denunciando esta situaci\u00f3n e elaborando informes que nos advirten ano tras ano sobre o financiamento da industria armament\u00edstica por parte de entidades financeiras e aseguradoras.<br \/>\n\t<br \/>\n\tPero hai unha finanza de orientaci\u00f3n \u00e9tica que non s\u00f3 excl\u00fae a industria armament\u00edstica de todos os seus investimentos, sen\u00f3n que aposta por unha econom\u00eda que, lonxe de destru\u00edr a vida, a sustenta.<br \/>\n\t<br \/>\n\t<strong>Campa\u00f1a de Banca Armada<br \/>\n\tMesa de Finanzas \u00c9ticas<br \/>\n\tRede de Econom\u00eda Alternativa e Solidaria \u2013 Rede de Redes REAS<\/strong><\/p>\n<p><strong style=\"font-size: 0.875em;\">_______________________________________________________________<\/strong><\/p>\n<h1>\n\t<br \/>\n\tBAKEA NAHI BADUGU, EZ DITZAGUN ARMAK FINANTZATU<\/h1>\n<p><br \/>\n\tMugimendu bakezalea gaur egungo finantza etiko eta solidarioen bultzatzaile nagusietako bat izan zen.<br \/>\n\tZoritxarrez, gaur ere GERRARI EZ esaten jarraitu beharra dugu. Ez Ukrainan, ez gatazka armatu bat pairatzen ari diren beste 34 eskualdeetan, 80 milioi pertsona baino gehiago beren etxeetatik aldenduta (ACNUR).<br \/>\n\tInoiz baino gehiago, gogoratu behar dugu gerrak ez direla bakarrik finantzatzen, eta 4 armatik 3 ez liratekeela existituko finantza-erakunde publiko eta pribatuen laguntzagatik ez balitz.<br \/>\n\tBadago etikoki kudeatutako finantza bat, armagintza bere inbertsio guztietatik kanpo utzi, eta suntsitu ordez bizitza zaintzen duen ekonomiaren alde egiten duena.<\/p>\n<p><strong>Campa\u00f1a Banca Armada<br \/>\n\tFinantza Etikoen Sistema Mahaia<br \/>\n\tRed de Economia Alternativa y Solidaria \u2013 REAS Red de Redes<\/strong><\/p>\n<p>&nbsp;<\/p>\n<\/div>","protected":false},"excerpt":{"rendered":"<p>El movimiento pacifista fue uno de los principales impulsores de las actuales finanzas \u00e9ticas y solidarias.<\/p>\n","protected":false},"author":2,"featured_media":330032,"comment_status":"open","ping_status":"closed","sticky":false,"template":"","format":"standard","meta":{"_acf_changed":false,"footnotes":""},"categories":[11643],"tags":[],"coauthors":[],"class_list":["post-343513","post","type-post","status-publish","format-standard","has-post-thumbnail","hentry","category-finances-etiques"],"acf":[],"yoast_head":"<!-- This site is optimized with the Yoast SEO plugin v26.9 - https:\/\/yoast.com\/product\/yoast-seo-wordpress\/ -->\n<title>Si queremos la paz, no financiemos las armas - Fiare Banca Etica<\/title>\n<meta name=\"robots\" content=\"index, follow, max-snippet:-1, max-image-preview:large, max-video-preview:-1\" \/>\n<link rel=\"canonical\" href=\"https:\/\/www.fiarebancaetica.coop\/ca\/si-queremos-la-paz-no-financiemos-las-armas\/\" \/>\n<meta property=\"og:locale\" content=\"ca_ES\" \/>\n<meta property=\"og:type\" content=\"article\" \/>\n<meta property=\"og:title\" content=\"Si queremos la paz, no financiemos las armas - Fiare Banca Etica\" \/>\n<meta property=\"og:description\" content=\"El movimiento pacifista fue uno de los principales impulsores de las actuales finanzas \u00e9ticas y solidarias.\" \/>\n<meta property=\"og:url\" content=\"https:\/\/www.fiarebancaetica.coop\/ca\/si-queremos-la-paz-no-financiemos-las-armas\/\" \/>\n<meta property=\"og:site_name\" content=\"Fiare Banca Etica\" \/>\n<meta property=\"article:published_time\" content=\"2022-04-06T22:00:00+00:00\" \/>\n<meta property=\"article:modified_time\" content=\"2024-02-21T14:02:43+00:00\" \/>\n<meta property=\"og:image\" content=\"https:\/\/www.fiarebancaetica.coop\/app\/uploads\/sites\/2\/2023\/12\/si-queremos-paz-no-financiemos-las-armas.jpg\" \/>\n\t<meta property=\"og:image:width\" content=\"1200\" \/>\n\t<meta property=\"og:image:height\" content=\"490\" \/>\n\t<meta property=\"og:image:type\" content=\"image\/jpeg\" \/>\n<meta name=\"author\" content=\"crispyadmin0\" \/>\n<meta name=\"twitter:card\" content=\"summary_large_image\" \/>\n<script type=\"application\/ld+json\" class=\"yoast-schema-graph\">{\"@context\":\"https:\/\/schema.org\",\"@graph\":[{\"@type\":\"Article\",\"@id\":\"https:\/\/www.fiarebancaetica.coop\/ca\/si-queremos-la-paz-no-financiemos-las-armas\/#article\",\"isPartOf\":{\"@id\":\"https:\/\/www.fiarebancaetica.coop\/ca\/si-queremos-la-paz-no-financiemos-las-armas\/\"},\"author\":{\"name\":\"crispyadmin0\",\"@id\":\"https:\/\/www.fiarebancaetica.coop\/ca\/#\/schema\/person\/579841e89c804b5db05d9141bd9b8272\"},\"headline\":\"Si queremos la paz, no financiemos las armas\",\"datePublished\":\"2022-04-06T22:00:00+00:00\",\"dateModified\":\"2024-02-21T14:02:43+00:00\",\"mainEntityOfPage\":{\"@id\":\"https:\/\/www.fiarebancaetica.coop\/ca\/si-queremos-la-paz-no-financiemos-las-armas\/\"},\"wordCount\":702,\"commentCount\":0,\"image\":{\"@id\":\"https:\/\/www.fiarebancaetica.coop\/ca\/si-queremos-la-paz-no-financiemos-las-armas\/#primaryimage\"},\"thumbnailUrl\":\"https:\/\/www.fiarebancaetica.coop\/app\/uploads\/sites\/2\/2023\/12\/si-queremos-paz-no-financiemos-las-armas.jpg\",\"articleSection\":[\"Finances \u00e8tiques\"],\"inLanguage\":\"ca\",\"potentialAction\":[{\"@type\":\"CommentAction\",\"name\":\"Comment\",\"target\":[\"https:\/\/www.fiarebancaetica.coop\/ca\/si-queremos-la-paz-no-financiemos-las-armas\/#respond\"]}]},{\"@type\":\"WebPage\",\"@id\":\"https:\/\/www.fiarebancaetica.coop\/ca\/si-queremos-la-paz-no-financiemos-las-armas\/\",\"url\":\"https:\/\/www.fiarebancaetica.coop\/ca\/si-queremos-la-paz-no-financiemos-las-armas\/\",\"name\":\"Si queremos la paz, no financiemos las armas - Fiare Banca Etica\",\"isPartOf\":{\"@id\":\"https:\/\/www.fiarebancaetica.coop\/ca\/#website\"},\"primaryImageOfPage\":{\"@id\":\"https:\/\/www.fiarebancaetica.coop\/ca\/si-queremos-la-paz-no-financiemos-las-armas\/#primaryimage\"},\"image\":{\"@id\":\"https:\/\/www.fiarebancaetica.coop\/ca\/si-queremos-la-paz-no-financiemos-las-armas\/#primaryimage\"},\"thumbnailUrl\":\"https:\/\/www.fiarebancaetica.coop\/app\/uploads\/sites\/2\/2023\/12\/si-queremos-paz-no-financiemos-las-armas.jpg\",\"datePublished\":\"2022-04-06T22:00:00+00:00\",\"dateModified\":\"2024-02-21T14:02:43+00:00\",\"author\":{\"@id\":\"https:\/\/www.fiarebancaetica.coop\/ca\/#\/schema\/person\/579841e89c804b5db05d9141bd9b8272\"},\"breadcrumb\":{\"@id\":\"https:\/\/www.fiarebancaetica.coop\/ca\/si-queremos-la-paz-no-financiemos-las-armas\/#breadcrumb\"},\"inLanguage\":\"ca\",\"potentialAction\":[{\"@type\":\"ReadAction\",\"target\":[\"https:\/\/www.fiarebancaetica.coop\/ca\/si-queremos-la-paz-no-financiemos-las-armas\/\"]}]},{\"@type\":\"ImageObject\",\"inLanguage\":\"ca\",\"@id\":\"https:\/\/www.fiarebancaetica.coop\/ca\/si-queremos-la-paz-no-financiemos-las-armas\/#primaryimage\",\"url\":\"https:\/\/www.fiarebancaetica.coop\/app\/uploads\/sites\/2\/2023\/12\/si-queremos-paz-no-financiemos-las-armas.jpg\",\"contentUrl\":\"https:\/\/www.fiarebancaetica.coop\/app\/uploads\/sites\/2\/2023\/12\/si-queremos-paz-no-financiemos-las-armas.jpg\",\"width\":1200,\"height\":490},{\"@type\":\"BreadcrumbList\",\"@id\":\"https:\/\/www.fiarebancaetica.coop\/ca\/si-queremos-la-paz-no-financiemos-las-armas\/#breadcrumb\",\"itemListElement\":[{\"@type\":\"ListItem\",\"position\":1,\"name\":\"Home\",\"item\":\"https:\/\/www.fiarebancaetica.coop\/ca\/\"},{\"@type\":\"ListItem\",\"position\":2,\"name\":\"Si queremos la paz, no financiemos las armas\"}]},{\"@type\":\"WebSite\",\"@id\":\"https:\/\/www.fiarebancaetica.coop\/ca\/#website\",\"url\":\"https:\/\/www.fiarebancaetica.coop\/ca\/\",\"name\":\"Fiare Banca Etica\",\"description\":\"\",\"potentialAction\":[{\"@type\":\"SearchAction\",\"target\":{\"@type\":\"EntryPoint\",\"urlTemplate\":\"https:\/\/www.fiarebancaetica.coop\/ca\/?s={search_term_string}\"},\"query-input\":{\"@type\":\"PropertyValueSpecification\",\"valueRequired\":true,\"valueName\":\"search_term_string\"}}],\"inLanguage\":\"ca\"},{\"@type\":\"Person\",\"@id\":\"https:\/\/www.fiarebancaetica.coop\/ca\/#\/schema\/person\/579841e89c804b5db05d9141bd9b8272\",\"name\":\"crispyadmin0\",\"image\":{\"@type\":\"ImageObject\",\"inLanguage\":\"ca\",\"@id\":\"https:\/\/www.fiarebancaetica.coop\/ca\/#\/schema\/person\/image\/5f3a6b7786f32f4c35bd2b1a5a4698ea\",\"url\":\"https:\/\/secure.gravatar.com\/avatar\/4d2cfb499d497b6d49da659fab7404b243a87fe8e40d2cf97a1cae48f677f5b2?s=96&d=mm&r=g\",\"contentUrl\":\"https:\/\/secure.gravatar.com\/avatar\/4d2cfb499d497b6d49da659fab7404b243a87fe8e40d2cf97a1cae48f677f5b2?s=96&d=mm&r=g\",\"caption\":\"crispyadmin0\"},\"sameAs\":[\"crispyadmin0\"]}]}<\/script>\n<!-- \/ Yoast SEO plugin. -->","yoast_head_json":{"title":"Si queremos la paz, no financiemos las armas - Fiare Banca Etica","robots":{"index":"index","follow":"follow","max-snippet":"max-snippet:-1","max-image-preview":"max-image-preview:large","max-video-preview":"max-video-preview:-1"},"canonical":"https:\/\/www.fiarebancaetica.coop\/ca\/si-queremos-la-paz-no-financiemos-las-armas\/","og_locale":"ca_ES","og_type":"article","og_title":"Si queremos la paz, no financiemos las armas - Fiare Banca Etica","og_description":"El movimiento pacifista fue uno de los principales impulsores de las actuales finanzas \u00e9ticas y solidarias.","og_url":"https:\/\/www.fiarebancaetica.coop\/ca\/si-queremos-la-paz-no-financiemos-las-armas\/","og_site_name":"Fiare Banca Etica","article_published_time":"2022-04-06T22:00:00+00:00","article_modified_time":"2024-02-21T14:02:43+00:00","og_image":[{"width":1200,"height":490,"url":"https:\/\/www.fiarebancaetica.coop\/app\/uploads\/sites\/2\/2023\/12\/si-queremos-paz-no-financiemos-las-armas.jpg","type":"image\/jpeg"}],"author":"crispyadmin0","twitter_card":"summary_large_image","schema":{"@context":"https:\/\/schema.org","@graph":[{"@type":"Article","@id":"https:\/\/www.fiarebancaetica.coop\/ca\/si-queremos-la-paz-no-financiemos-las-armas\/#article","isPartOf":{"@id":"https:\/\/www.fiarebancaetica.coop\/ca\/si-queremos-la-paz-no-financiemos-las-armas\/"},"author":{"name":"crispyadmin0","@id":"https:\/\/www.fiarebancaetica.coop\/ca\/#\/schema\/person\/579841e89c804b5db05d9141bd9b8272"},"headline":"Si queremos la paz, no financiemos las armas","datePublished":"2022-04-06T22:00:00+00:00","dateModified":"2024-02-21T14:02:43+00:00","mainEntityOfPage":{"@id":"https:\/\/www.fiarebancaetica.coop\/ca\/si-queremos-la-paz-no-financiemos-las-armas\/"},"wordCount":702,"commentCount":0,"image":{"@id":"https:\/\/www.fiarebancaetica.coop\/ca\/si-queremos-la-paz-no-financiemos-las-armas\/#primaryimage"},"thumbnailUrl":"https:\/\/www.fiarebancaetica.coop\/app\/uploads\/sites\/2\/2023\/12\/si-queremos-paz-no-financiemos-las-armas.jpg","articleSection":["Finances \u00e8tiques"],"inLanguage":"ca","potentialAction":[{"@type":"CommentAction","name":"Comment","target":["https:\/\/www.fiarebancaetica.coop\/ca\/si-queremos-la-paz-no-financiemos-las-armas\/#respond"]}]},{"@type":"WebPage","@id":"https:\/\/www.fiarebancaetica.coop\/ca\/si-queremos-la-paz-no-financiemos-las-armas\/","url":"https:\/\/www.fiarebancaetica.coop\/ca\/si-queremos-la-paz-no-financiemos-las-armas\/","name":"Si queremos la paz, no financiemos las armas - Fiare Banca Etica","isPartOf":{"@id":"https:\/\/www.fiarebancaetica.coop\/ca\/#website"},"primaryImageOfPage":{"@id":"https:\/\/www.fiarebancaetica.coop\/ca\/si-queremos-la-paz-no-financiemos-las-armas\/#primaryimage"},"image":{"@id":"https:\/\/www.fiarebancaetica.coop\/ca\/si-queremos-la-paz-no-financiemos-las-armas\/#primaryimage"},"thumbnailUrl":"https:\/\/www.fiarebancaetica.coop\/app\/uploads\/sites\/2\/2023\/12\/si-queremos-paz-no-financiemos-las-armas.jpg","datePublished":"2022-04-06T22:00:00+00:00","dateModified":"2024-02-21T14:02:43+00:00","author":{"@id":"https:\/\/www.fiarebancaetica.coop\/ca\/#\/schema\/person\/579841e89c804b5db05d9141bd9b8272"},"breadcrumb":{"@id":"https:\/\/www.fiarebancaetica.coop\/ca\/si-queremos-la-paz-no-financiemos-las-armas\/#breadcrumb"},"inLanguage":"ca","potentialAction":[{"@type":"ReadAction","target":["https:\/\/www.fiarebancaetica.coop\/ca\/si-queremos-la-paz-no-financiemos-las-armas\/"]}]},{"@type":"ImageObject","inLanguage":"ca","@id":"https:\/\/www.fiarebancaetica.coop\/ca\/si-queremos-la-paz-no-financiemos-las-armas\/#primaryimage","url":"https:\/\/www.fiarebancaetica.coop\/app\/uploads\/sites\/2\/2023\/12\/si-queremos-paz-no-financiemos-las-armas.jpg","contentUrl":"https:\/\/www.fiarebancaetica.coop\/app\/uploads\/sites\/2\/2023\/12\/si-queremos-paz-no-financiemos-las-armas.jpg","width":1200,"height":490},{"@type":"BreadcrumbList","@id":"https:\/\/www.fiarebancaetica.coop\/ca\/si-queremos-la-paz-no-financiemos-las-armas\/#breadcrumb","itemListElement":[{"@type":"ListItem","position":1,"name":"Home","item":"https:\/\/www.fiarebancaetica.coop\/ca\/"},{"@type":"ListItem","position":2,"name":"Si queremos la paz, no financiemos las armas"}]},{"@type":"WebSite","@id":"https:\/\/www.fiarebancaetica.coop\/ca\/#website","url":"https:\/\/www.fiarebancaetica.coop\/ca\/","name":"Fiare Banca Etica","description":"","potentialAction":[{"@type":"SearchAction","target":{"@type":"EntryPoint","urlTemplate":"https:\/\/www.fiarebancaetica.coop\/ca\/?s={search_term_string}"},"query-input":{"@type":"PropertyValueSpecification","valueRequired":true,"valueName":"search_term_string"}}],"inLanguage":"ca"},{"@type":"Person","@id":"https:\/\/www.fiarebancaetica.coop\/ca\/#\/schema\/person\/579841e89c804b5db05d9141bd9b8272","name":"crispyadmin0","image":{"@type":"ImageObject","inLanguage":"ca","@id":"https:\/\/www.fiarebancaetica.coop\/ca\/#\/schema\/person\/image\/5f3a6b7786f32f4c35bd2b1a5a4698ea","url":"https:\/\/secure.gravatar.com\/avatar\/4d2cfb499d497b6d49da659fab7404b243a87fe8e40d2cf97a1cae48f677f5b2?s=96&d=mm&r=g","contentUrl":"https:\/\/secure.gravatar.com\/avatar\/4d2cfb499d497b6d49da659fab7404b243a87fe8e40d2cf97a1cae48f677f5b2?s=96&d=mm&r=g","caption":"crispyadmin0"},"sameAs":["crispyadmin0"]}]}},"_links":{"self":[{"href":"https:\/\/www.fiarebancaetica.coop\/ca\/wp-json\/wp\/v2\/posts\/343513","targetHints":{"allow":["GET"]}}],"collection":[{"href":"https:\/\/www.fiarebancaetica.coop\/ca\/wp-json\/wp\/v2\/posts"}],"about":[{"href":"https:\/\/www.fiarebancaetica.coop\/ca\/wp-json\/wp\/v2\/types\/post"}],"author":[{"embeddable":true,"href":"https:\/\/www.fiarebancaetica.coop\/ca\/wp-json\/wp\/v2\/users\/2"}],"replies":[{"embeddable":true,"href":"https:\/\/www.fiarebancaetica.coop\/ca\/wp-json\/wp\/v2\/comments?post=343513"}],"version-history":[{"count":2,"href":"https:\/\/www.fiarebancaetica.coop\/ca\/wp-json\/wp\/v2\/posts\/343513\/revisions"}],"predecessor-version":[{"id":355144,"href":"https:\/\/www.fiarebancaetica.coop\/ca\/wp-json\/wp\/v2\/posts\/343513\/revisions\/355144"}],"wp:featuredmedia":[{"embeddable":true,"href":"https:\/\/www.fiarebancaetica.coop\/ca\/wp-json\/wp\/v2\/media\/330032"}],"wp:attachment":[{"href":"https:\/\/www.fiarebancaetica.coop\/ca\/wp-json\/wp\/v2\/media?parent=343513"}],"wp:term":[{"taxonomy":"category","embeddable":true,"href":"https:\/\/www.fiarebancaetica.coop\/ca\/wp-json\/wp\/v2\/categories?post=343513"},{"taxonomy":"post_tag","embeddable":true,"href":"https:\/\/www.fiarebancaetica.coop\/ca\/wp-json\/wp\/v2\/tags?post=343513"},{"taxonomy":"author","embeddable":true,"href":"https:\/\/www.fiarebancaetica.coop\/ca\/wp-json\/wp\/v2\/coauthors?post=343513"}],"curies":[{"name":"wp","href":"https:\/\/api.w.org\/{rel}","templated":true}]}}