{"id":343763,"date":"2021-09-27T00:00:00","date_gmt":"2021-09-26T22:00:00","guid":{"rendered":"https:\/\/www.fiarebancaetica.coop\/fiare-banca-etica-es-un-buen-socio-para-trabajar-por-su-compromiso-con-la-transformacion-social\/"},"modified":"2024-02-21T15:08:00","modified_gmt":"2024-02-21T14:08:00","slug":"fiare-banca-etica-es-un-buen-socio-para-trabajar-por-su-compromiso-con-la-transformacion-social","status":"publish","type":"post","link":"https:\/\/www.fiarebancaetica.coop\/ca\/fiare-banca-etica-es-un-buen-socio-para-trabajar-por-su-compromiso-con-la-transformacion-social\/","title":{"rendered":"Fiare Banca Etica es un buen socio para trabajar por su compromiso con la transformaci\u00f3n social"},"content":{"rendered":"\n\n<div class=\"wp-block-bancaetica-blocks-blocks-block-49\">\n    <div class=\"container-block-49\">\n\n        <div class=\"header-section \">\n                            <h1 class=\"section-title\"> Etica e cooperativa <\/h1>\n                                            <\/div>\n\n        \n        <div class=\"block-background\" style=\"background-image: url('https:\/\/www.fiarebancaetica.coop\/app\/uploads\/sites\/2\/2023\/12\/fiare-banca-etica-es-un-buen-socio-para-trabajar-por-su-compromiso-transformacion-social.jpg')\">\n                            <div class=\"tile\">\n                    <h1 class=\"image-title\"> Fiare Banca Etica es un buen socio para trabajar por su compromiso con la transformaci\u00f3n social <\/h1>\n                <\/div>             <!-- end .tile -->\n            <div class=\"bottom-content\">\n                            <\/div> <!-- end .button-content -->\n        <\/div> <!-- end .block-background -->\n    <\/div> <!-- end .container -->\n<\/div> <!-- end wp-block-bancaetica-blocks-blocks-block-06 -->\n\n\n<div class=\"wrapper-crispybacon-class wrapper-crispybacon-class-boxed \">\n    <div>\n\t<strong><em>Entrevistamos a Mar\u00eda Teresa Su\u00e1rez Vega, subdirectora general de participaci\u00f3n, desarrollo humano y territorial del <a href=\"https:\/\/www.gitanos.org\/\">Secretariado Gitano<\/a>.<\/em><\/strong><\/div>\n<h2>\n\tEl covid ha tenido un grave impacto social en la poblaci\u00f3n gitana, afectando a la alimentaci\u00f3n, al acceso de energ\u00eda, etc. \u00bfCu\u00e1les han sido las propuestas desde el Secretariado Gitano ante esta situaci\u00f3n?<\/h2>\n<p>2020 ha estado marcado por la pandemia y la crisis socio-sanitaria generada por la misma. Por ello, nos vimos obligados a adaptar nuestra intervenci\u00f3n a las condiciones impuestas por el confinamiento y las medidas de prevenci\u00f3n.<br \/>\n\t<br \/>\n\tCuando otros recursos estaban paralizados, pusimos en marcha iniciativas muy concretas para paliar la situaci\u00f3n de extrema urgencia que estaban viviendo miles de familias gitanas; lo primero que hicimos fue lanzar una <strong>encuesta a 11.000 de nuestros participantes para conocer sus necesidades.<\/strong><br \/>\n\tUn 40% de los hogares sufr\u00eda entonces <strong>problemas para hacer frente a necesidades b\u00e1sicas, incluida la alimentaci\u00f3n<\/strong>. Tambi\u00e9n, la desconexi\u00f3n de los ni\u00f1os y ni\u00f1as con sus centros escolares y el efecto concreto de la brecha digital.<\/p>\n<p><img decoding=\"async\" alt=\"\" src=\"http:\/\/www.fiarebancaetica.coop\/app\/uploads\/sites\/2\/2023\/12\/1-scaled.jpg\" style=\"width: 540px; height: 250px;\" \/><br \/>\n\t<br \/>\n\tTomamos la decisi\u00f3n de lanzar un <a href=\"https:\/\/www.gitanos.org\/actualidad\/archivo\/132030.html\">Fondo de Emergencia Social<\/a> con el que pudimos atender las <strong>necesidades b\u00e1sicas de 4.900 familias, con impacto en 20.700 personas, y a 1.600 ni\u00f1os y ni\u00f1as de 543 hogares<\/strong> que recibieron conexi\u00f3n de datos y equipamientos inform\u00e1ticos para continuar con su curso escolar.<\/p>\n<p>Adem\u00e1s, hemos acompa\u00f1ado a 16.779 personas en programas de lucha contra la Pobreza y la Exclusi\u00f3n y m\u00e1s de 8.000 familias han sido apoyadas a trav\u00e9s servicio de Informaci\u00f3n y Apoyo para la Tramitaci\u00f3n del Ingreso M\u00ednimo Vital.<\/p>\n<p>Todo lo hemos llevado adelante mientras d\u00e1bamos tambi\u00e9n continuidad al desarrollo de los distintos programas que coordinamos desde la FSG, centrados especialmente en la mejora de la empleabilidad de las personas gitanas y la promoci\u00f3n del \u00e9xito educativo del alumnado gitano.<\/p>\n<p><img decoding=\"async\" alt=\"\" src=\"http:\/\/www.fiarebancaetica.coop\/app\/uploads\/sites\/2\/2023\/12\/3-scaled.jpg\" style=\"width: 540px; height: 250px;\" \/><\/p>\n<h2>\n\t\u00bfCu\u00e1les son los retos actuales seg\u00fan vuestra opini\u00f3n de la comunidad gitana?<\/h2>\n<p>Aunque se ha avanzado mucho en los \u00faltimos 40 a\u00f1os, desafortunadamente, <strong>gran parte de la poblaci\u00f3n gitana sufre una fuerte desigualdad y desprotecci\u00f3n en el acceso a derechos econ\u00f3micos y sociales,<\/strong> en relaci\u00f3n al conjunto de la poblaci\u00f3n. El 46% es extremadamente pobre; la tasa de pobreza infantil se sit\u00faa en un 89% y la tasa de paro es de un 52% adem\u00e1s 6 de cada 10 ni\u00f1os y ni\u00f1as gitanos abandonan sus estudios antes de obtener el t\u00edtulo de la ESO.<br \/>\n\t<br \/>\n\tPara revertir esta situaci\u00f3n, <strong>es prioritario abordar el bajo nivel educativo que afecta a la poblaci\u00f3n gitana<\/strong> poniendo en marcha un Plan de choque contra el fracaso escolar del alumnado gitano que garantice que todos los j\u00f3venes gitanos y gitanas terminen al menos la educaci\u00f3n obligatoria; son tambi\u00e9n necesarias medidas espec\u00edficas para erradicar la alta incidencia de la pobreza extrema y la pobreza infantil en la poblaci\u00f3n gitana.<\/p>\n<p>Romper los c\u00edrculos de pobreza y exclusi\u00f3n social requiere de proyectos con una inversi\u00f3n a medio largo plazo, es necesario que por parte de administraci\u00f3n se pongan tambi\u00e9n en marcha pol\u00edticas activas de empleo en cuyo dise\u00f1o e implementaci\u00f3n se tengan en cuenta las necesidades de la poblaci\u00f3n gitana.<\/p>\n<h2>\n\tY sobre los estereotipos sobre los cuales cuesta tanto luchar, \u00bfqu\u00e9 avances y desaf\u00edos tenemos todav\u00eda por delante?<\/h2>\n<p>La<strong> lucha contra la discriminaci\u00f3n <\/strong>es otro de los principales retos a los que las personas gitanas tienen que enfrentarse en su d\u00eda a d\u00eda, la comunidad gitana es la gran desconocida para la sociedad mayoritaria y si se da a conocer suele ser fundamentalmente a trav\u00e9s de la difusi\u00f3n de estereotipos muy arraigados que no reflejan la diversidad de las personas gitanas y que provocan en gran medida actitudes discriminatorias.<\/p>\n<p>Este tipo de actitudes que pueden verse reflejadas en distintos \u00e1mbitos de la vida cotidiana pueden ser por ejemplo, la denegaci\u00f3n del acceso a un lugar de ocio, el rechazo a la hora de solicitar un puesto de trabajo, o incluso que te persigan en un supermercado por tener un aspecto determinado. Situaciones que se reducir\u00edan sustancialmente si, por un lado, tuvi\u00e9ramos un buen marco normativo que proteja a las v\u00edctimas de cualquier tipo de discriminaci\u00f3n; tambi\u00e9n la discriminaci\u00f3n racial o \u00e9tnica y por otro lado si se acabara con la difusi\u00f3n de estereotipos en determinados espacios como son los medios de comunicaci\u00f3n, los libros de texto, el cine o la literatura.<br \/>\n\t<br \/>\n\t<strong>Durante la pandemia hemos percibido c\u00f3mo las actitudes de rechazo hacia la comunidad gitana se han incrementado. <\/strong>Hemos asistido a un agravamiento de pr\u00e1cticas estigmatizadoras de los medios de comunicaci\u00f3n y tambi\u00e9n hemos vivido un recrudecimiento del discurso de odio contra la comunidad gitana, lo cual ha venido a demostrar hasta qu\u00e9 punto en momentos de crisis salen a relucir los prejuicios que desgraciadamente todav\u00eda existen sobre la poblaci\u00f3n gitana y que afectan directamente al ejercicio de sus derechos.<\/p>\n<p><img decoding=\"async\" alt=\"\" src=\"http:\/\/www.fiarebancaetica.coop\/app\/uploads\/sites\/2\/2023\/12\/4.jpg\" style=\"width: 540px; height: 250px;\" \/><\/p>\n<h2>\n\t\u00bfPor qu\u00e9 hab\u00e9is elegido trabajar con Fiare Banca Etica?<\/h2>\n<p>Por nuestra experiencia, podemos decir que las alianzas entre el tercer sector y la empresa privada se han consolidado mucho durante los \u00faltimos a\u00f1os, obteniendo muy buenos resultados en \u00e1mbito social. El \u00faltimo a\u00f1o, con la crisis sociosanitaria y econ\u00f3mica de la Covid 19, hemos comprobado una vez m\u00e1s que la colaboraci\u00f3n entre ambos sectores puede ser de gran ayuda para las personas en situaci\u00f3n de gran vulnerabilidad, algo que pudimos comprobar con la puesta en marcha del mencionado Fondo de Emergencia Social.<br \/>\n\t<br \/>\n\t<strong>Fiare Banca Etica nos parece un buen socio para trabajar, por ser un Banco cooperativo de referencia en Europa y por su compromiso con la transformaci\u00f3n social a trav\u00e9s del apoyo de proyectos del tercer sector, la econom\u00eda social y solidaria <\/strong>y la promoci\u00f3n de una cultura financiera. Adem\u00e1s, damos valor a su forma de involucrar a trabajadores y clientes en estos proyectos, de forma que sea un veh\u00edculo donde las personas que quieran puedan ayudar a quien m\u00e1s lo necesita.<\/p>\n<h2>\n\t\u00bfQu\u00e9 significa para vosotros ser socios de nuestro banco cooperativo?<\/h2>\n<p>Estamos muy ilusionados con esta colaboraci\u00f3n que comenzamos, ya que hemos comprobado que tenemos varias l\u00edneas de actuaci\u00f3n en las que podemos trabajar de forma conjunta, desarrollando iniciativas a favor de las personas gitanas que m\u00e1s lo necesitan.<br \/>\n\t<br \/>\n\tEl apoyo de Fiare Banca Etica a la hora de <strong>difundir nuestro trabajo e incluso apoyar directamente nuestros programas y poder involucrar a los trabajadores y clientes en lo que hacemos, nos parece muy importante para llegar a m\u00e1s personas, que nos conozcan y quieran unirse a nuestros proyectos.<\/strong> La construcci\u00f3n de una sociedad m\u00e1s justa y tolerante es responsabilidad de todos.<br \/>\n\t<br \/>\n\tEsta alianza supone reforzar los proyectos que en la Fundaci\u00f3n Secretariado Gitano desarrollamos, tanto de empleo, como de educaci\u00f3n o inclusi\u00f3n social y que suponen una palanca de cambio real en la vida de muchas personas gitanas.<\/p>\n<\/div>","protected":false},"excerpt":{"rendered":"<p>Entrevistamos a Mar\u00eda Teresa Su\u00e1rez Vega, subdirectora general de participaci\u00f3n, desarrollo humano y territorial del Secretariado Gitano.<br \/>\n\t&nbsp;<\/p>\n","protected":false},"author":2,"featured_media":329786,"comment_status":"open","ping_status":"closed","sticky":false,"template":"","format":"standard","meta":{"_acf_changed":false,"footnotes":""},"categories":[11643],"tags":[],"coauthors":[],"class_list":["post-343763","post","type-post","status-publish","format-standard","has-post-thumbnail","hentry","category-finances-etiques"],"acf":[],"yoast_head":"<!-- This site is optimized with the Yoast SEO plugin v26.9 - https:\/\/yoast.com\/product\/yoast-seo-wordpress\/ -->\n<title>Fiare Banca Etica es un buen socio para trabajar por su compromiso con la transformaci\u00f3n social - Fiare Banca Etica<\/title>\n<meta name=\"robots\" content=\"index, follow, max-snippet:-1, max-image-preview:large, max-video-preview:-1\" \/>\n<link rel=\"canonical\" href=\"https:\/\/www.fiarebancaetica.coop\/ca\/fiare-banca-etica-es-un-buen-socio-para-trabajar-por-su-compromiso-con-la-transformacion-social\/\" \/>\n<meta property=\"og:locale\" content=\"ca_ES\" \/>\n<meta property=\"og:type\" content=\"article\" \/>\n<meta property=\"og:title\" content=\"Fiare Banca Etica es un buen socio para trabajar por su compromiso con la transformaci\u00f3n social - Fiare Banca Etica\" \/>\n<meta property=\"og:description\" content=\"Entrevistamos a Mar\u00eda Teresa Su\u00e1rez Vega, subdirectora general de participaci\u00f3n, desarrollo humano y territorial del Secretariado Gitano. &nbsp;\" \/>\n<meta property=\"og:url\" content=\"https:\/\/www.fiarebancaetica.coop\/ca\/fiare-banca-etica-es-un-buen-socio-para-trabajar-por-su-compromiso-con-la-transformacion-social\/\" \/>\n<meta property=\"og:site_name\" content=\"Fiare Banca Etica\" \/>\n<meta property=\"article:published_time\" content=\"2021-09-26T22:00:00+00:00\" \/>\n<meta property=\"article:modified_time\" content=\"2024-02-21T14:08:00+00:00\" \/>\n<meta property=\"og:image\" content=\"https:\/\/www.fiarebancaetica.coop\/app\/uploads\/sites\/2\/2023\/12\/fiare-banca-etica-es-un-buen-socio-para-trabajar-por-su-compromiso-transformacion-social.jpg\" \/>\n\t<meta property=\"og:image:width\" content=\"540\" \/>\n\t<meta property=\"og:image:height\" content=\"250\" \/>\n\t<meta property=\"og:image:type\" content=\"image\/jpeg\" \/>\n<meta name=\"author\" content=\"crispyadmin0\" \/>\n<meta name=\"twitter:card\" content=\"summary_large_image\" \/>\n<script type=\"application\/ld+json\" class=\"yoast-schema-graph\">{\"@context\":\"https:\/\/schema.org\",\"@graph\":[{\"@type\":\"Article\",\"@id\":\"https:\/\/www.fiarebancaetica.coop\/ca\/fiare-banca-etica-es-un-buen-socio-para-trabajar-por-su-compromiso-con-la-transformacion-social\/#article\",\"isPartOf\":{\"@id\":\"https:\/\/www.fiarebancaetica.coop\/ca\/fiare-banca-etica-es-un-buen-socio-para-trabajar-por-su-compromiso-con-la-transformacion-social\/\"},\"author\":{\"name\":\"crispyadmin0\",\"@id\":\"https:\/\/www.fiarebancaetica.coop\/ca\/#\/schema\/person\/579841e89c804b5db05d9141bd9b8272\"},\"headline\":\"Fiare Banca Etica es un buen socio para trabajar por su compromiso con la transformaci\u00f3n social\",\"datePublished\":\"2021-09-26T22:00:00+00:00\",\"dateModified\":\"2024-02-21T14:08:00+00:00\",\"mainEntityOfPage\":{\"@id\":\"https:\/\/www.fiarebancaetica.coop\/ca\/fiare-banca-etica-es-un-buen-socio-para-trabajar-por-su-compromiso-con-la-transformacion-social\/\"},\"wordCount\":1216,\"commentCount\":0,\"image\":{\"@id\":\"https:\/\/www.fiarebancaetica.coop\/ca\/fiare-banca-etica-es-un-buen-socio-para-trabajar-por-su-compromiso-con-la-transformacion-social\/#primaryimage\"},\"thumbnailUrl\":\"https:\/\/www.fiarebancaetica.coop\/app\/uploads\/sites\/2\/2023\/12\/fiare-banca-etica-es-un-buen-socio-para-trabajar-por-su-compromiso-transformacion-social.jpg\",\"articleSection\":[\"Finances \u00e8tiques\"],\"inLanguage\":\"ca\",\"potentialAction\":[{\"@type\":\"CommentAction\",\"name\":\"Comment\",\"target\":[\"https:\/\/www.fiarebancaetica.coop\/ca\/fiare-banca-etica-es-un-buen-socio-para-trabajar-por-su-compromiso-con-la-transformacion-social\/#respond\"]}]},{\"@type\":\"WebPage\",\"@id\":\"https:\/\/www.fiarebancaetica.coop\/ca\/fiare-banca-etica-es-un-buen-socio-para-trabajar-por-su-compromiso-con-la-transformacion-social\/\",\"url\":\"https:\/\/www.fiarebancaetica.coop\/ca\/fiare-banca-etica-es-un-buen-socio-para-trabajar-por-su-compromiso-con-la-transformacion-social\/\",\"name\":\"Fiare Banca Etica es un buen socio para trabajar por su compromiso con la transformaci\u00f3n social - Fiare Banca Etica\",\"isPartOf\":{\"@id\":\"https:\/\/www.fiarebancaetica.coop\/ca\/#website\"},\"primaryImageOfPage\":{\"@id\":\"https:\/\/www.fiarebancaetica.coop\/ca\/fiare-banca-etica-es-un-buen-socio-para-trabajar-por-su-compromiso-con-la-transformacion-social\/#primaryimage\"},\"image\":{\"@id\":\"https:\/\/www.fiarebancaetica.coop\/ca\/fiare-banca-etica-es-un-buen-socio-para-trabajar-por-su-compromiso-con-la-transformacion-social\/#primaryimage\"},\"thumbnailUrl\":\"https:\/\/www.fiarebancaetica.coop\/app\/uploads\/sites\/2\/2023\/12\/fiare-banca-etica-es-un-buen-socio-para-trabajar-por-su-compromiso-transformacion-social.jpg\",\"datePublished\":\"2021-09-26T22:00:00+00:00\",\"dateModified\":\"2024-02-21T14:08:00+00:00\",\"author\":{\"@id\":\"https:\/\/www.fiarebancaetica.coop\/ca\/#\/schema\/person\/579841e89c804b5db05d9141bd9b8272\"},\"breadcrumb\":{\"@id\":\"https:\/\/www.fiarebancaetica.coop\/ca\/fiare-banca-etica-es-un-buen-socio-para-trabajar-por-su-compromiso-con-la-transformacion-social\/#breadcrumb\"},\"inLanguage\":\"ca\",\"potentialAction\":[{\"@type\":\"ReadAction\",\"target\":[\"https:\/\/www.fiarebancaetica.coop\/ca\/fiare-banca-etica-es-un-buen-socio-para-trabajar-por-su-compromiso-con-la-transformacion-social\/\"]}]},{\"@type\":\"ImageObject\",\"inLanguage\":\"ca\",\"@id\":\"https:\/\/www.fiarebancaetica.coop\/ca\/fiare-banca-etica-es-un-buen-socio-para-trabajar-por-su-compromiso-con-la-transformacion-social\/#primaryimage\",\"url\":\"https:\/\/www.fiarebancaetica.coop\/app\/uploads\/sites\/2\/2023\/12\/fiare-banca-etica-es-un-buen-socio-para-trabajar-por-su-compromiso-transformacion-social.jpg\",\"contentUrl\":\"https:\/\/www.fiarebancaetica.coop\/app\/uploads\/sites\/2\/2023\/12\/fiare-banca-etica-es-un-buen-socio-para-trabajar-por-su-compromiso-transformacion-social.jpg\",\"width\":540,\"height\":250},{\"@type\":\"BreadcrumbList\",\"@id\":\"https:\/\/www.fiarebancaetica.coop\/ca\/fiare-banca-etica-es-un-buen-socio-para-trabajar-por-su-compromiso-con-la-transformacion-social\/#breadcrumb\",\"itemListElement\":[{\"@type\":\"ListItem\",\"position\":1,\"name\":\"Home\",\"item\":\"https:\/\/www.fiarebancaetica.coop\/ca\/\"},{\"@type\":\"ListItem\",\"position\":2,\"name\":\"Fiare Banca Etica es un buen socio para trabajar por su compromiso con la transformaci\u00f3n social\"}]},{\"@type\":\"WebSite\",\"@id\":\"https:\/\/www.fiarebancaetica.coop\/ca\/#website\",\"url\":\"https:\/\/www.fiarebancaetica.coop\/ca\/\",\"name\":\"Fiare Banca Etica\",\"description\":\"\",\"potentialAction\":[{\"@type\":\"SearchAction\",\"target\":{\"@type\":\"EntryPoint\",\"urlTemplate\":\"https:\/\/www.fiarebancaetica.coop\/ca\/?s={search_term_string}\"},\"query-input\":{\"@type\":\"PropertyValueSpecification\",\"valueRequired\":true,\"valueName\":\"search_term_string\"}}],\"inLanguage\":\"ca\"},{\"@type\":\"Person\",\"@id\":\"https:\/\/www.fiarebancaetica.coop\/ca\/#\/schema\/person\/579841e89c804b5db05d9141bd9b8272\",\"name\":\"crispyadmin0\",\"image\":{\"@type\":\"ImageObject\",\"inLanguage\":\"ca\",\"@id\":\"https:\/\/www.fiarebancaetica.coop\/ca\/#\/schema\/person\/image\/5f3a6b7786f32f4c35bd2b1a5a4698ea\",\"url\":\"https:\/\/secure.gravatar.com\/avatar\/4d2cfb499d497b6d49da659fab7404b243a87fe8e40d2cf97a1cae48f677f5b2?s=96&d=mm&r=g\",\"contentUrl\":\"https:\/\/secure.gravatar.com\/avatar\/4d2cfb499d497b6d49da659fab7404b243a87fe8e40d2cf97a1cae48f677f5b2?s=96&d=mm&r=g\",\"caption\":\"crispyadmin0\"},\"sameAs\":[\"crispyadmin0\"]}]}<\/script>\n<!-- \/ Yoast SEO plugin. -->","yoast_head_json":{"title":"Fiare Banca Etica es un buen socio para trabajar por su compromiso con la transformaci\u00f3n social - Fiare Banca Etica","robots":{"index":"index","follow":"follow","max-snippet":"max-snippet:-1","max-image-preview":"max-image-preview:large","max-video-preview":"max-video-preview:-1"},"canonical":"https:\/\/www.fiarebancaetica.coop\/ca\/fiare-banca-etica-es-un-buen-socio-para-trabajar-por-su-compromiso-con-la-transformacion-social\/","og_locale":"ca_ES","og_type":"article","og_title":"Fiare Banca Etica es un buen socio para trabajar por su compromiso con la transformaci\u00f3n social - Fiare Banca Etica","og_description":"Entrevistamos a Mar\u00eda Teresa Su\u00e1rez Vega, subdirectora general de participaci\u00f3n, desarrollo humano y territorial del Secretariado Gitano. &nbsp;","og_url":"https:\/\/www.fiarebancaetica.coop\/ca\/fiare-banca-etica-es-un-buen-socio-para-trabajar-por-su-compromiso-con-la-transformacion-social\/","og_site_name":"Fiare Banca Etica","article_published_time":"2021-09-26T22:00:00+00:00","article_modified_time":"2024-02-21T14:08:00+00:00","og_image":[{"width":540,"height":250,"url":"https:\/\/www.fiarebancaetica.coop\/app\/uploads\/sites\/2\/2023\/12\/fiare-banca-etica-es-un-buen-socio-para-trabajar-por-su-compromiso-transformacion-social.jpg","type":"image\/jpeg"}],"author":"crispyadmin0","twitter_card":"summary_large_image","schema":{"@context":"https:\/\/schema.org","@graph":[{"@type":"Article","@id":"https:\/\/www.fiarebancaetica.coop\/ca\/fiare-banca-etica-es-un-buen-socio-para-trabajar-por-su-compromiso-con-la-transformacion-social\/#article","isPartOf":{"@id":"https:\/\/www.fiarebancaetica.coop\/ca\/fiare-banca-etica-es-un-buen-socio-para-trabajar-por-su-compromiso-con-la-transformacion-social\/"},"author":{"name":"crispyadmin0","@id":"https:\/\/www.fiarebancaetica.coop\/ca\/#\/schema\/person\/579841e89c804b5db05d9141bd9b8272"},"headline":"Fiare Banca Etica es un buen socio para trabajar por su compromiso con la transformaci\u00f3n social","datePublished":"2021-09-26T22:00:00+00:00","dateModified":"2024-02-21T14:08:00+00:00","mainEntityOfPage":{"@id":"https:\/\/www.fiarebancaetica.coop\/ca\/fiare-banca-etica-es-un-buen-socio-para-trabajar-por-su-compromiso-con-la-transformacion-social\/"},"wordCount":1216,"commentCount":0,"image":{"@id":"https:\/\/www.fiarebancaetica.coop\/ca\/fiare-banca-etica-es-un-buen-socio-para-trabajar-por-su-compromiso-con-la-transformacion-social\/#primaryimage"},"thumbnailUrl":"https:\/\/www.fiarebancaetica.coop\/app\/uploads\/sites\/2\/2023\/12\/fiare-banca-etica-es-un-buen-socio-para-trabajar-por-su-compromiso-transformacion-social.jpg","articleSection":["Finances \u00e8tiques"],"inLanguage":"ca","potentialAction":[{"@type":"CommentAction","name":"Comment","target":["https:\/\/www.fiarebancaetica.coop\/ca\/fiare-banca-etica-es-un-buen-socio-para-trabajar-por-su-compromiso-con-la-transformacion-social\/#respond"]}]},{"@type":"WebPage","@id":"https:\/\/www.fiarebancaetica.coop\/ca\/fiare-banca-etica-es-un-buen-socio-para-trabajar-por-su-compromiso-con-la-transformacion-social\/","url":"https:\/\/www.fiarebancaetica.coop\/ca\/fiare-banca-etica-es-un-buen-socio-para-trabajar-por-su-compromiso-con-la-transformacion-social\/","name":"Fiare Banca Etica es un buen socio para trabajar por su compromiso con la transformaci\u00f3n social - Fiare Banca Etica","isPartOf":{"@id":"https:\/\/www.fiarebancaetica.coop\/ca\/#website"},"primaryImageOfPage":{"@id":"https:\/\/www.fiarebancaetica.coop\/ca\/fiare-banca-etica-es-un-buen-socio-para-trabajar-por-su-compromiso-con-la-transformacion-social\/#primaryimage"},"image":{"@id":"https:\/\/www.fiarebancaetica.coop\/ca\/fiare-banca-etica-es-un-buen-socio-para-trabajar-por-su-compromiso-con-la-transformacion-social\/#primaryimage"},"thumbnailUrl":"https:\/\/www.fiarebancaetica.coop\/app\/uploads\/sites\/2\/2023\/12\/fiare-banca-etica-es-un-buen-socio-para-trabajar-por-su-compromiso-transformacion-social.jpg","datePublished":"2021-09-26T22:00:00+00:00","dateModified":"2024-02-21T14:08:00+00:00","author":{"@id":"https:\/\/www.fiarebancaetica.coop\/ca\/#\/schema\/person\/579841e89c804b5db05d9141bd9b8272"},"breadcrumb":{"@id":"https:\/\/www.fiarebancaetica.coop\/ca\/fiare-banca-etica-es-un-buen-socio-para-trabajar-por-su-compromiso-con-la-transformacion-social\/#breadcrumb"},"inLanguage":"ca","potentialAction":[{"@type":"ReadAction","target":["https:\/\/www.fiarebancaetica.coop\/ca\/fiare-banca-etica-es-un-buen-socio-para-trabajar-por-su-compromiso-con-la-transformacion-social\/"]}]},{"@type":"ImageObject","inLanguage":"ca","@id":"https:\/\/www.fiarebancaetica.coop\/ca\/fiare-banca-etica-es-un-buen-socio-para-trabajar-por-su-compromiso-con-la-transformacion-social\/#primaryimage","url":"https:\/\/www.fiarebancaetica.coop\/app\/uploads\/sites\/2\/2023\/12\/fiare-banca-etica-es-un-buen-socio-para-trabajar-por-su-compromiso-transformacion-social.jpg","contentUrl":"https:\/\/www.fiarebancaetica.coop\/app\/uploads\/sites\/2\/2023\/12\/fiare-banca-etica-es-un-buen-socio-para-trabajar-por-su-compromiso-transformacion-social.jpg","width":540,"height":250},{"@type":"BreadcrumbList","@id":"https:\/\/www.fiarebancaetica.coop\/ca\/fiare-banca-etica-es-un-buen-socio-para-trabajar-por-su-compromiso-con-la-transformacion-social\/#breadcrumb","itemListElement":[{"@type":"ListItem","position":1,"name":"Home","item":"https:\/\/www.fiarebancaetica.coop\/ca\/"},{"@type":"ListItem","position":2,"name":"Fiare Banca Etica es un buen socio para trabajar por su compromiso con la transformaci\u00f3n social"}]},{"@type":"WebSite","@id":"https:\/\/www.fiarebancaetica.coop\/ca\/#website","url":"https:\/\/www.fiarebancaetica.coop\/ca\/","name":"Fiare Banca Etica","description":"","potentialAction":[{"@type":"SearchAction","target":{"@type":"EntryPoint","urlTemplate":"https:\/\/www.fiarebancaetica.coop\/ca\/?s={search_term_string}"},"query-input":{"@type":"PropertyValueSpecification","valueRequired":true,"valueName":"search_term_string"}}],"inLanguage":"ca"},{"@type":"Person","@id":"https:\/\/www.fiarebancaetica.coop\/ca\/#\/schema\/person\/579841e89c804b5db05d9141bd9b8272","name":"crispyadmin0","image":{"@type":"ImageObject","inLanguage":"ca","@id":"https:\/\/www.fiarebancaetica.coop\/ca\/#\/schema\/person\/image\/5f3a6b7786f32f4c35bd2b1a5a4698ea","url":"https:\/\/secure.gravatar.com\/avatar\/4d2cfb499d497b6d49da659fab7404b243a87fe8e40d2cf97a1cae48f677f5b2?s=96&d=mm&r=g","contentUrl":"https:\/\/secure.gravatar.com\/avatar\/4d2cfb499d497b6d49da659fab7404b243a87fe8e40d2cf97a1cae48f677f5b2?s=96&d=mm&r=g","caption":"crispyadmin0"},"sameAs":["crispyadmin0"]}]}},"_links":{"self":[{"href":"https:\/\/www.fiarebancaetica.coop\/ca\/wp-json\/wp\/v2\/posts\/343763","targetHints":{"allow":["GET"]}}],"collection":[{"href":"https:\/\/www.fiarebancaetica.coop\/ca\/wp-json\/wp\/v2\/posts"}],"about":[{"href":"https:\/\/www.fiarebancaetica.coop\/ca\/wp-json\/wp\/v2\/types\/post"}],"author":[{"embeddable":true,"href":"https:\/\/www.fiarebancaetica.coop\/ca\/wp-json\/wp\/v2\/users\/2"}],"replies":[{"embeddable":true,"href":"https:\/\/www.fiarebancaetica.coop\/ca\/wp-json\/wp\/v2\/comments?post=343763"}],"version-history":[{"count":1,"href":"https:\/\/www.fiarebancaetica.coop\/ca\/wp-json\/wp\/v2\/posts\/343763\/revisions"}],"predecessor-version":[{"id":354978,"href":"https:\/\/www.fiarebancaetica.coop\/ca\/wp-json\/wp\/v2\/posts\/343763\/revisions\/354978"}],"wp:featuredmedia":[{"embeddable":true,"href":"https:\/\/www.fiarebancaetica.coop\/ca\/wp-json\/wp\/v2\/media\/329786"}],"wp:attachment":[{"href":"https:\/\/www.fiarebancaetica.coop\/ca\/wp-json\/wp\/v2\/media?parent=343763"}],"wp:term":[{"taxonomy":"category","embeddable":true,"href":"https:\/\/www.fiarebancaetica.coop\/ca\/wp-json\/wp\/v2\/categories?post=343763"},{"taxonomy":"post_tag","embeddable":true,"href":"https:\/\/www.fiarebancaetica.coop\/ca\/wp-json\/wp\/v2\/tags?post=343763"},{"taxonomy":"author","embeddable":true,"href":"https:\/\/www.fiarebancaetica.coop\/ca\/wp-json\/wp\/v2\/coauthors?post=343763"}],"curies":[{"name":"wp","href":"https:\/\/api.w.org\/{rel}","templated":true}]}}