{"id":343812,"date":"2021-08-16T00:00:00","date_gmt":"2021-08-15T22:00:00","guid":{"rendered":"https:\/\/www.fiarebancaetica.coop\/asamblea-extraordinaria-de-las-socias-y-socios-2021\/"},"modified":"2024-02-21T15:08:32","modified_gmt":"2024-02-21T14:08:32","slug":"asamblea-extraordinaria-de-las-socias-y-socios-2021","status":"publish","type":"post","link":"https:\/\/www.fiarebancaetica.coop\/ca\/asamblea-extraordinaria-de-las-socias-y-socios-2021\/","title":{"rendered":"Asamblea extraordinaria de las socias y socios 2021"},"content":{"rendered":"\n\n<div class=\"wp-block-bancaetica-blocks-blocks-block-49\">\n    <div class=\"container-block-49\">\n\n        <div class=\"header-section \">\n                            <h1 class=\"section-title\"> Etica e cooperativa <\/h1>\n                                            <\/div>\n\n        \n        <div class=\"block-background\" style=\"background-image: url('https:\/\/www.fiarebancaetica.coop\/app\/uploads\/sites\/2\/2023\/12\/asamblea-extraordinaria-de-las-socias-y-socios-2021.jpg')\">\n                            <div class=\"tile\">\n                    <h1 class=\"image-title\"> Asamblea extraordinaria de las socias y socios 2021 <\/h1>\n                <\/div>             <!-- end .tile -->\n            <div class=\"bottom-content\">\n                            <\/div> <!-- end .button-content -->\n        <\/div> <!-- end .block-background -->\n    <\/div> <!-- end .container -->\n<\/div> <!-- end wp-block-bancaetica-blocks-blocks-block-06 -->\n\n\n<div class=\"wrapper-crispybacon-class wrapper-crispybacon-class-boxed \">\n    <p><br \/>\n\tEl <strong>18 de septiembre 2021<\/strong> se celebrar\u00e1 la Asamblea Extraordinaria y Ordinaria de los Socios y Socias de Banca Etica para votar algunas actualizaciones:<\/p>\n<ul>\n\t<li>\n\t\tdel Estatuto,<\/li>\n\t<li>\n\t\tdel Reglamento asambleario,<\/li>\n\t<li>\n\t\tdel Pacto asociativo,<\/li>\n\t<li>\n\t\tdel Reglamento de los Portadores de Valor.<\/li>\n<\/ul>\n<p><strong>La asamblea tendr\u00e1 lugar:<\/strong><\/p>\n<ul>\n\t<li>\n\t\t<strong>online<\/strong>, en directo streaming, despu\u00e9s de haberse registrado en assemblea.bancaetica.it\/es<\/li>\n\t<li>\n\t\ten Palermo, en \u201ci Cantieri Culturali della Zisa de Via Paolo Gili 4\u201d, a las 10.30 horas, respetando las normas de participaci\u00f3n, a medida que vayan conoci\u00e9ndose, dictadas por la actual emergencia sanitaria;<\/li>\n<\/ul>\n<p>A partir del 9 de septiembre (hasta el 16) estar\u00e1n abiertas las inscripciones en <a href=\"http:\/\/assemblea.bancaetica.it\/es\">assemblea.bancaetica.it<\/a>\/es<\/p>\n<p><strong>La inscripci\u00f3n es:<\/strong><\/p>\n<ul>\n\t<li>\n\t\tobligatoria para quien desee votar online y seguir la asamblea en streaming;<\/li>\n\t<li>\n\t\trecomendable para quien quiera participar en persona, para poder definir las plazas en base a la normativa covid; las plazas se asignar\u00e1n siguiendo el orden de inscripci\u00f3n online.<\/li>\n\t<li>\n\t\tPodr\u00e1s participar tambi\u00e9n delegando tu voto a otra persona socia, opci\u00f3n admitida s\u00f3lo a aquellos\/as que participar\u00e1n en persona en Palermo.<\/li>\n\t<li>\n\t\tLas representaciones de personas jur\u00eddicas socias, sin embargo, podr\u00e1n a\u00f1adirse incluso con la votaci\u00f3n online.<\/li>\n<\/ul>\n<p>Te recordamos que esta modalidad se usaba ya antes de la emergencia Covid; se cancel\u00f3 temporalmente&nbsp; porque las \u00faltimas dos asambleas se celebraron s\u00f3lo online.<\/p>\n<p>Aqu\u00ed est\u00e1 el <a href=\"https:\/\/partecipazione.bancaetica.it\/media\/files\/assemblea-27\/BE_moduliAUTOCERTIFICAZIONE_ESP_09-2021_compilabile.pdf\"><strong>Formulario de Autocertificaci\u00f3n<\/strong><\/a> que puedes utilizar para:<\/p>\n<ul>\n\t<li>\n\t\tdelegar tu voto&nbsp; a un socio\/a que estar\u00e1 f\u00edsicamente presente en la asamblea en Palermo;<\/li>\n\t<li>\n\t\tla autorizaci\u00f3n para ser representado\/a (de personas jur\u00eddicas o de menores) que puede usar tanto quien est\u00e9 en Palermo como quien vote online.<\/li>\n<\/ul>\n<p>Las reglas para la participaci\u00f3n en persona en Palermo estar\u00e1n, en cualquier caso, subordinadas a la normativa para la contenci\u00f3n de la pandemia por Covid-19, comunicada a medida que vaya saliendo por las autoridades competentes.<\/p>\n<p><strong>PARA ASISTENCIA<\/strong><\/p>\n<ul>\n\t<li>\n\t\tEscribir a assembleasoci@bancaetica.com<\/li>\n\t<li>\n\t\tLlamar a +34 672 293 585 &#8211; 747857359<\/li>\n<\/ul>\n<\/div>","protected":false},"excerpt":{"rendered":"<p>El 18 de septiembre 2021 se celebrar\u00e1 la Asamblea Extraordinaria y Ordinaria de los Socios y Socias de Banca Etica para votar algunas actualizaciones.<\/p>\n","protected":false},"author":2,"featured_media":329750,"comment_status":"open","ping_status":"closed","sticky":false,"template":"","format":"standard","meta":{"_acf_changed":false,"footnotes":""},"categories":[11643],"tags":[],"coauthors":[],"class_list":["post-343812","post","type-post","status-publish","format-standard","has-post-thumbnail","hentry","category-finances-etiques"],"acf":[],"yoast_head":"<!-- This site is optimized with the Yoast SEO plugin v26.9 - https:\/\/yoast.com\/product\/yoast-seo-wordpress\/ -->\n<title>Asamblea extraordinaria de las socias y socios 2021 - Fiare Banca Etica<\/title>\n<meta name=\"robots\" content=\"index, follow, max-snippet:-1, max-image-preview:large, max-video-preview:-1\" \/>\n<link rel=\"canonical\" href=\"https:\/\/www.fiarebancaetica.coop\/ca\/asamblea-extraordinaria-de-las-socias-y-socios-2021\/\" \/>\n<meta property=\"og:locale\" content=\"ca_ES\" \/>\n<meta property=\"og:type\" content=\"article\" \/>\n<meta property=\"og:title\" content=\"Asamblea extraordinaria de las socias y socios 2021 - Fiare Banca Etica\" \/>\n<meta property=\"og:description\" content=\"El 18 de septiembre 2021 se celebrar\u00e1 la Asamblea Extraordinaria y Ordinaria de los Socios y Socias de Banca Etica para votar algunas actualizaciones.\" \/>\n<meta property=\"og:url\" content=\"https:\/\/www.fiarebancaetica.coop\/ca\/asamblea-extraordinaria-de-las-socias-y-socios-2021\/\" \/>\n<meta property=\"og:site_name\" content=\"Fiare Banca Etica\" \/>\n<meta property=\"article:published_time\" content=\"2021-08-15T22:00:00+00:00\" \/>\n<meta property=\"article:modified_time\" content=\"2024-02-21T14:08:32+00:00\" \/>\n<meta property=\"og:image\" content=\"https:\/\/www.fiarebancaetica.coop\/app\/uploads\/sites\/2\/2023\/12\/asamblea-extraordinaria-de-las-socias-y-socios-2021.jpg\" \/>\n\t<meta property=\"og:image:width\" content=\"540\" \/>\n\t<meta property=\"og:image:height\" content=\"250\" \/>\n\t<meta property=\"og:image:type\" content=\"image\/jpeg\" \/>\n<meta name=\"author\" content=\"crispyadmin0\" \/>\n<meta name=\"twitter:card\" content=\"summary_large_image\" \/>\n<script type=\"application\/ld+json\" class=\"yoast-schema-graph\">{\"@context\":\"https:\/\/schema.org\",\"@graph\":[{\"@type\":\"Article\",\"@id\":\"https:\/\/www.fiarebancaetica.coop\/ca\/asamblea-extraordinaria-de-las-socias-y-socios-2021\/#article\",\"isPartOf\":{\"@id\":\"https:\/\/www.fiarebancaetica.coop\/ca\/asamblea-extraordinaria-de-las-socias-y-socios-2021\/\"},\"author\":{\"name\":\"crispyadmin0\",\"@id\":\"https:\/\/www.fiarebancaetica.coop\/ca\/#\/schema\/person\/579841e89c804b5db05d9141bd9b8272\"},\"headline\":\"Asamblea extraordinaria de las socias y socios 2021\",\"datePublished\":\"2021-08-15T22:00:00+00:00\",\"dateModified\":\"2024-02-21T14:08:32+00:00\",\"mainEntityOfPage\":{\"@id\":\"https:\/\/www.fiarebancaetica.coop\/ca\/asamblea-extraordinaria-de-las-socias-y-socios-2021\/\"},\"wordCount\":334,\"commentCount\":0,\"image\":{\"@id\":\"https:\/\/www.fiarebancaetica.coop\/ca\/asamblea-extraordinaria-de-las-socias-y-socios-2021\/#primaryimage\"},\"thumbnailUrl\":\"https:\/\/www.fiarebancaetica.coop\/app\/uploads\/sites\/2\/2023\/12\/asamblea-extraordinaria-de-las-socias-y-socios-2021.jpg\",\"articleSection\":[\"Finances \u00e8tiques\"],\"inLanguage\":\"ca\",\"potentialAction\":[{\"@type\":\"CommentAction\",\"name\":\"Comment\",\"target\":[\"https:\/\/www.fiarebancaetica.coop\/ca\/asamblea-extraordinaria-de-las-socias-y-socios-2021\/#respond\"]}]},{\"@type\":\"WebPage\",\"@id\":\"https:\/\/www.fiarebancaetica.coop\/ca\/asamblea-extraordinaria-de-las-socias-y-socios-2021\/\",\"url\":\"https:\/\/www.fiarebancaetica.coop\/ca\/asamblea-extraordinaria-de-las-socias-y-socios-2021\/\",\"name\":\"Asamblea extraordinaria de las socias y socios 2021 - Fiare Banca Etica\",\"isPartOf\":{\"@id\":\"https:\/\/www.fiarebancaetica.coop\/ca\/#website\"},\"primaryImageOfPage\":{\"@id\":\"https:\/\/www.fiarebancaetica.coop\/ca\/asamblea-extraordinaria-de-las-socias-y-socios-2021\/#primaryimage\"},\"image\":{\"@id\":\"https:\/\/www.fiarebancaetica.coop\/ca\/asamblea-extraordinaria-de-las-socias-y-socios-2021\/#primaryimage\"},\"thumbnailUrl\":\"https:\/\/www.fiarebancaetica.coop\/app\/uploads\/sites\/2\/2023\/12\/asamblea-extraordinaria-de-las-socias-y-socios-2021.jpg\",\"datePublished\":\"2021-08-15T22:00:00+00:00\",\"dateModified\":\"2024-02-21T14:08:32+00:00\",\"author\":{\"@id\":\"https:\/\/www.fiarebancaetica.coop\/ca\/#\/schema\/person\/579841e89c804b5db05d9141bd9b8272\"},\"breadcrumb\":{\"@id\":\"https:\/\/www.fiarebancaetica.coop\/ca\/asamblea-extraordinaria-de-las-socias-y-socios-2021\/#breadcrumb\"},\"inLanguage\":\"ca\",\"potentialAction\":[{\"@type\":\"ReadAction\",\"target\":[\"https:\/\/www.fiarebancaetica.coop\/ca\/asamblea-extraordinaria-de-las-socias-y-socios-2021\/\"]}]},{\"@type\":\"ImageObject\",\"inLanguage\":\"ca\",\"@id\":\"https:\/\/www.fiarebancaetica.coop\/ca\/asamblea-extraordinaria-de-las-socias-y-socios-2021\/#primaryimage\",\"url\":\"https:\/\/www.fiarebancaetica.coop\/app\/uploads\/sites\/2\/2023\/12\/asamblea-extraordinaria-de-las-socias-y-socios-2021.jpg\",\"contentUrl\":\"https:\/\/www.fiarebancaetica.coop\/app\/uploads\/sites\/2\/2023\/12\/asamblea-extraordinaria-de-las-socias-y-socios-2021.jpg\",\"width\":540,\"height\":250},{\"@type\":\"BreadcrumbList\",\"@id\":\"https:\/\/www.fiarebancaetica.coop\/ca\/asamblea-extraordinaria-de-las-socias-y-socios-2021\/#breadcrumb\",\"itemListElement\":[{\"@type\":\"ListItem\",\"position\":1,\"name\":\"Home\",\"item\":\"https:\/\/www.fiarebancaetica.coop\/ca\/\"},{\"@type\":\"ListItem\",\"position\":2,\"name\":\"Asamblea extraordinaria de las socias y socios 2021\"}]},{\"@type\":\"WebSite\",\"@id\":\"https:\/\/www.fiarebancaetica.coop\/ca\/#website\",\"url\":\"https:\/\/www.fiarebancaetica.coop\/ca\/\",\"name\":\"Fiare Banca Etica\",\"description\":\"\",\"potentialAction\":[{\"@type\":\"SearchAction\",\"target\":{\"@type\":\"EntryPoint\",\"urlTemplate\":\"https:\/\/www.fiarebancaetica.coop\/ca\/?s={search_term_string}\"},\"query-input\":{\"@type\":\"PropertyValueSpecification\",\"valueRequired\":true,\"valueName\":\"search_term_string\"}}],\"inLanguage\":\"ca\"},{\"@type\":\"Person\",\"@id\":\"https:\/\/www.fiarebancaetica.coop\/ca\/#\/schema\/person\/579841e89c804b5db05d9141bd9b8272\",\"name\":\"crispyadmin0\",\"image\":{\"@type\":\"ImageObject\",\"inLanguage\":\"ca\",\"@id\":\"https:\/\/www.fiarebancaetica.coop\/ca\/#\/schema\/person\/image\/5f3a6b7786f32f4c35bd2b1a5a4698ea\",\"url\":\"https:\/\/secure.gravatar.com\/avatar\/4d2cfb499d497b6d49da659fab7404b243a87fe8e40d2cf97a1cae48f677f5b2?s=96&d=mm&r=g\",\"contentUrl\":\"https:\/\/secure.gravatar.com\/avatar\/4d2cfb499d497b6d49da659fab7404b243a87fe8e40d2cf97a1cae48f677f5b2?s=96&d=mm&r=g\",\"caption\":\"crispyadmin0\"},\"sameAs\":[\"crispyadmin0\"]}]}<\/script>\n<!-- \/ Yoast SEO plugin. -->","yoast_head_json":{"title":"Asamblea extraordinaria de las socias y socios 2021 - Fiare Banca Etica","robots":{"index":"index","follow":"follow","max-snippet":"max-snippet:-1","max-image-preview":"max-image-preview:large","max-video-preview":"max-video-preview:-1"},"canonical":"https:\/\/www.fiarebancaetica.coop\/ca\/asamblea-extraordinaria-de-las-socias-y-socios-2021\/","og_locale":"ca_ES","og_type":"article","og_title":"Asamblea extraordinaria de las socias y socios 2021 - Fiare Banca Etica","og_description":"El 18 de septiembre 2021 se celebrar\u00e1 la Asamblea Extraordinaria y Ordinaria de los Socios y Socias de Banca Etica para votar algunas actualizaciones.","og_url":"https:\/\/www.fiarebancaetica.coop\/ca\/asamblea-extraordinaria-de-las-socias-y-socios-2021\/","og_site_name":"Fiare Banca Etica","article_published_time":"2021-08-15T22:00:00+00:00","article_modified_time":"2024-02-21T14:08:32+00:00","og_image":[{"width":540,"height":250,"url":"https:\/\/www.fiarebancaetica.coop\/app\/uploads\/sites\/2\/2023\/12\/asamblea-extraordinaria-de-las-socias-y-socios-2021.jpg","type":"image\/jpeg"}],"author":"crispyadmin0","twitter_card":"summary_large_image","schema":{"@context":"https:\/\/schema.org","@graph":[{"@type":"Article","@id":"https:\/\/www.fiarebancaetica.coop\/ca\/asamblea-extraordinaria-de-las-socias-y-socios-2021\/#article","isPartOf":{"@id":"https:\/\/www.fiarebancaetica.coop\/ca\/asamblea-extraordinaria-de-las-socias-y-socios-2021\/"},"author":{"name":"crispyadmin0","@id":"https:\/\/www.fiarebancaetica.coop\/ca\/#\/schema\/person\/579841e89c804b5db05d9141bd9b8272"},"headline":"Asamblea extraordinaria de las socias y socios 2021","datePublished":"2021-08-15T22:00:00+00:00","dateModified":"2024-02-21T14:08:32+00:00","mainEntityOfPage":{"@id":"https:\/\/www.fiarebancaetica.coop\/ca\/asamblea-extraordinaria-de-las-socias-y-socios-2021\/"},"wordCount":334,"commentCount":0,"image":{"@id":"https:\/\/www.fiarebancaetica.coop\/ca\/asamblea-extraordinaria-de-las-socias-y-socios-2021\/#primaryimage"},"thumbnailUrl":"https:\/\/www.fiarebancaetica.coop\/app\/uploads\/sites\/2\/2023\/12\/asamblea-extraordinaria-de-las-socias-y-socios-2021.jpg","articleSection":["Finances \u00e8tiques"],"inLanguage":"ca","potentialAction":[{"@type":"CommentAction","name":"Comment","target":["https:\/\/www.fiarebancaetica.coop\/ca\/asamblea-extraordinaria-de-las-socias-y-socios-2021\/#respond"]}]},{"@type":"WebPage","@id":"https:\/\/www.fiarebancaetica.coop\/ca\/asamblea-extraordinaria-de-las-socias-y-socios-2021\/","url":"https:\/\/www.fiarebancaetica.coop\/ca\/asamblea-extraordinaria-de-las-socias-y-socios-2021\/","name":"Asamblea extraordinaria de las socias y socios 2021 - Fiare Banca Etica","isPartOf":{"@id":"https:\/\/www.fiarebancaetica.coop\/ca\/#website"},"primaryImageOfPage":{"@id":"https:\/\/www.fiarebancaetica.coop\/ca\/asamblea-extraordinaria-de-las-socias-y-socios-2021\/#primaryimage"},"image":{"@id":"https:\/\/www.fiarebancaetica.coop\/ca\/asamblea-extraordinaria-de-las-socias-y-socios-2021\/#primaryimage"},"thumbnailUrl":"https:\/\/www.fiarebancaetica.coop\/app\/uploads\/sites\/2\/2023\/12\/asamblea-extraordinaria-de-las-socias-y-socios-2021.jpg","datePublished":"2021-08-15T22:00:00+00:00","dateModified":"2024-02-21T14:08:32+00:00","author":{"@id":"https:\/\/www.fiarebancaetica.coop\/ca\/#\/schema\/person\/579841e89c804b5db05d9141bd9b8272"},"breadcrumb":{"@id":"https:\/\/www.fiarebancaetica.coop\/ca\/asamblea-extraordinaria-de-las-socias-y-socios-2021\/#breadcrumb"},"inLanguage":"ca","potentialAction":[{"@type":"ReadAction","target":["https:\/\/www.fiarebancaetica.coop\/ca\/asamblea-extraordinaria-de-las-socias-y-socios-2021\/"]}]},{"@type":"ImageObject","inLanguage":"ca","@id":"https:\/\/www.fiarebancaetica.coop\/ca\/asamblea-extraordinaria-de-las-socias-y-socios-2021\/#primaryimage","url":"https:\/\/www.fiarebancaetica.coop\/app\/uploads\/sites\/2\/2023\/12\/asamblea-extraordinaria-de-las-socias-y-socios-2021.jpg","contentUrl":"https:\/\/www.fiarebancaetica.coop\/app\/uploads\/sites\/2\/2023\/12\/asamblea-extraordinaria-de-las-socias-y-socios-2021.jpg","width":540,"height":250},{"@type":"BreadcrumbList","@id":"https:\/\/www.fiarebancaetica.coop\/ca\/asamblea-extraordinaria-de-las-socias-y-socios-2021\/#breadcrumb","itemListElement":[{"@type":"ListItem","position":1,"name":"Home","item":"https:\/\/www.fiarebancaetica.coop\/ca\/"},{"@type":"ListItem","position":2,"name":"Asamblea extraordinaria de las socias y socios 2021"}]},{"@type":"WebSite","@id":"https:\/\/www.fiarebancaetica.coop\/ca\/#website","url":"https:\/\/www.fiarebancaetica.coop\/ca\/","name":"Fiare Banca Etica","description":"","potentialAction":[{"@type":"SearchAction","target":{"@type":"EntryPoint","urlTemplate":"https:\/\/www.fiarebancaetica.coop\/ca\/?s={search_term_string}"},"query-input":{"@type":"PropertyValueSpecification","valueRequired":true,"valueName":"search_term_string"}}],"inLanguage":"ca"},{"@type":"Person","@id":"https:\/\/www.fiarebancaetica.coop\/ca\/#\/schema\/person\/579841e89c804b5db05d9141bd9b8272","name":"crispyadmin0","image":{"@type":"ImageObject","inLanguage":"ca","@id":"https:\/\/www.fiarebancaetica.coop\/ca\/#\/schema\/person\/image\/5f3a6b7786f32f4c35bd2b1a5a4698ea","url":"https:\/\/secure.gravatar.com\/avatar\/4d2cfb499d497b6d49da659fab7404b243a87fe8e40d2cf97a1cae48f677f5b2?s=96&d=mm&r=g","contentUrl":"https:\/\/secure.gravatar.com\/avatar\/4d2cfb499d497b6d49da659fab7404b243a87fe8e40d2cf97a1cae48f677f5b2?s=96&d=mm&r=g","caption":"crispyadmin0"},"sameAs":["crispyadmin0"]}]}},"_links":{"self":[{"href":"https:\/\/www.fiarebancaetica.coop\/ca\/wp-json\/wp\/v2\/posts\/343812","targetHints":{"allow":["GET"]}}],"collection":[{"href":"https:\/\/www.fiarebancaetica.coop\/ca\/wp-json\/wp\/v2\/posts"}],"about":[{"href":"https:\/\/www.fiarebancaetica.coop\/ca\/wp-json\/wp\/v2\/types\/post"}],"author":[{"embeddable":true,"href":"https:\/\/www.fiarebancaetica.coop\/ca\/wp-json\/wp\/v2\/users\/2"}],"replies":[{"embeddable":true,"href":"https:\/\/www.fiarebancaetica.coop\/ca\/wp-json\/wp\/v2\/comments?post=343812"}],"version-history":[{"count":2,"href":"https:\/\/www.fiarebancaetica.coop\/ca\/wp-json\/wp\/v2\/posts\/343812\/revisions"}],"predecessor-version":[{"id":354955,"href":"https:\/\/www.fiarebancaetica.coop\/ca\/wp-json\/wp\/v2\/posts\/343812\/revisions\/354955"}],"wp:featuredmedia":[{"embeddable":true,"href":"https:\/\/www.fiarebancaetica.coop\/ca\/wp-json\/wp\/v2\/media\/329750"}],"wp:attachment":[{"href":"https:\/\/www.fiarebancaetica.coop\/ca\/wp-json\/wp\/v2\/media?parent=343812"}],"wp:term":[{"taxonomy":"category","embeddable":true,"href":"https:\/\/www.fiarebancaetica.coop\/ca\/wp-json\/wp\/v2\/categories?post=343812"},{"taxonomy":"post_tag","embeddable":true,"href":"https:\/\/www.fiarebancaetica.coop\/ca\/wp-json\/wp\/v2\/tags?post=343812"},{"taxonomy":"author","embeddable":true,"href":"https:\/\/www.fiarebancaetica.coop\/ca\/wp-json\/wp\/v2\/coauthors?post=343812"}],"curies":[{"name":"wp","href":"https:\/\/api.w.org\/{rel}","templated":true}]}}