{"id":343872,"date":"2021-06-23T00:00:00","date_gmt":"2021-06-22T22:00:00","guid":{"rendered":"https:\/\/www.fiarebancaetica.coop\/cresud-otorga-nueva-financiacion-en-bolivia\/"},"modified":"2024-02-21T15:10:46","modified_gmt":"2024-02-21T14:10:46","slug":"cresud-otorga-nueva-financiacion-en-bolivia","status":"publish","type":"post","link":"https:\/\/www.fiarebancaetica.coop\/ca\/cresud-otorga-nueva-financiacion-en-bolivia\/","title":{"rendered":"Cresud otorga nueva financiaci\u00f3n en Bolivia"},"content":{"rendered":"\n\n<div class=\"wp-block-bancaetica-blocks-blocks-block-49\">\n    <div class=\"container-block-49\">\n\n        <div class=\"header-section \">\n                            <h1 class=\"section-title\"> Etica e cooperativa <\/h1>\n                                            <\/div>\n\n        \n        <div class=\"block-background\" style=\"background-image: url('https:\/\/www.fiarebancaetica.coop\/app\/uploads\/sites\/2\/2023\/12\/cresud-otorna-nueva-financiacion-en-bolivia.jpg')\">\n                            <div class=\"tile\">\n                    <h1 class=\"image-title\"> Cresud otorga nueva financiaci\u00f3n en Bolivia <\/h1>\n                <\/div>             <!-- end .tile -->\n            <div class=\"bottom-content\">\n                            <\/div> <!-- end .button-content -->\n        <\/div> <!-- end .block-background -->\n    <\/div> <!-- end .container -->\n<\/div> <!-- end wp-block-bancaetica-blocks-blocks-block-06 -->\n\n\n<div class=\"wrapper-crispybacon-class wrapper-crispybacon-class-boxed \">\n    <p>En&nbsp; octubre de 2019 <a href=\"https:\/\/www.fiarebancaetica.coop\/blog\/20-anos-de-microfinanzas-servicio-del-sur-del-mundo\"><strong>Cresud <\/strong><\/a>pas\u00f3 a formar parte del Grupo Banca Etica. Su misi\u00f3n es ofrecer <strong>recursos financieros y servicios de asistencia a organizaciones de microfinanzas<\/strong>, productores de comercio justo y sostenible, cooperativas, redes, asociaciones y ONG de Am\u00e9rica Latina, \u00c1frica y Asia.<br \/>\n\t<br \/>\n\tFundada en 1999 por Andrea Berrini, pionera de las finanzas \u00e9ticas en Italia, a partir de la conciencia de que en muchos pa\u00edses del <strong>Sur global millones de personas no ten\u00edan acceso a la financiaci\u00f3n.<\/strong> Cresud siempre ha operado recaudando recursos a trav\u00e9s de capital social, bonos o pr\u00e9stamos. Estos recursos se utilizan para<strong> apoyar a las organizaciones socias en el hemisferio sur<\/strong> que, a su vez, realizan operaciones de <strong>microcr\u00e9dito a clientes\/as finales<\/strong>.<br \/>\n\t<br \/>\n\tHace unos d\u00edas <strong>Cresud otorg\u00f3 un nuevo cr\u00e9dito en Bolivia.<\/strong> El pr\u00e9stamo, de 500.000 \u20ac, tiene como objetivo ampliar la cartera de microcr\u00e9ditos de <a href=\"https:\/\/www.idepro.org\/\"><strong>IDEPRO IFD<\/strong><\/a>, instituci\u00f3n microfinanciera que desde 1991 ha contribuido al crecimiento y diversificaci\u00f3n de los sectores productivo y microfinanciero en Bolivia, con el desarrollo e implementaci\u00f3n de productos y servicios innovadores. Este nuevo cr\u00e9dito tiene el objetivo de beneficiar a segmentos hasta ahora no considerados por el sistema bancario convencional. IDEPRO inici\u00f3 sus actividades en 1991 como Instituto para el Desarrollo de Peque\u00f1as Unidades Productivas (IDEPRO) con el apoyo del programa de Asistencia T\u00e9cnica de los Pa\u00edses Bajos. Internacional Organizaci\u00f3n del Trabajo (OIT).<br \/>\n\t<br \/>\n\tDesde 2016 opera como una Instituci\u00f3n de Desarrollo Financiero (DFI) sin fines de lucro, con una licencia de operaci\u00f3n regulada por la Autoridad de Supervisi\u00f3n del Sistema Financiero (ASFI).<strong> IDEPRO, que tiene su sede en La Paz,<\/strong> est\u00e1 organizado en 7 sucursales y 15 agencias distribuidas en los 9 departamentos de Bolivia y cuenta con 180 colaboradores. Sus clientes\/as son m\u00e1s de 11.000: <strong>micro y peque\u00f1os empresarios de zonas rurales y urbanas, peque\u00f1os productores, artesanos, empresarios y comerciantes, empleados, asalariados o aut\u00f3nomos.<\/strong><br \/>\n\t<br \/>\n\tA continuaci\u00f3n se muestra un video sobre IDEPRO<\/p>\n<p>&nbsp;<\/p>\n<p><iframe loading=\"lazy\" allowfullscreen=\"allowfullscreen\" frameborder=\"0\" height=\"315\" src=\"https:\/\/www.youtube.com\/embed\/23us64obGoI\" title=\"YouTube video player\" width=\"500\"><\/iframe><\/p>\n<p><br \/>\n\t&nbsp;<\/p>\n<p><em><strong>Foto de portada de Lesly Derksen, Mercado de La Paz<\/strong><\/em><\/p>\n<\/div>","protected":false},"excerpt":{"rendered":"<p>En&nbsp; octubre de 2019 Cresud pas\u00f3 a formar parte del Grupo Banca Etica. Su misi\u00f3n es ofrecer recursos financieros y servicios de asistencia a organizaciones de microfinanzas, productores de comercio justo y sostenible, cooperativas, redes, asociaciones y ONG de Am\u00e9rica Latina, \u00c1frica y Asia.<\/p>\n","protected":false},"author":2,"featured_media":329684,"comment_status":"open","ping_status":"closed","sticky":false,"template":"","format":"standard","meta":{"_acf_changed":false,"footnotes":""},"categories":[11662],"tags":[],"coauthors":[],"class_list":["post-343872","post","type-post","status-publish","format-standard","has-post-thumbnail","hentry","category-histories-dimpacte-positiu"],"acf":[],"yoast_head":"<!-- This site is optimized with the Yoast SEO plugin v26.9 - https:\/\/yoast.com\/product\/yoast-seo-wordpress\/ -->\n<title>Cresud otorga nueva financiaci\u00f3n en Bolivia - Fiare Banca Etica<\/title>\n<meta name=\"robots\" content=\"index, follow, max-snippet:-1, max-image-preview:large, max-video-preview:-1\" \/>\n<link rel=\"canonical\" href=\"https:\/\/www.fiarebancaetica.coop\/ca\/cresud-otorga-nueva-financiacion-en-bolivia\/\" \/>\n<meta property=\"og:locale\" content=\"ca_ES\" \/>\n<meta property=\"og:type\" content=\"article\" \/>\n<meta property=\"og:title\" content=\"Cresud otorga nueva financiaci\u00f3n en Bolivia - Fiare Banca Etica\" \/>\n<meta property=\"og:description\" content=\"En&nbsp; octubre de 2019 Cresud pas\u00f3 a formar parte del Grupo Banca Etica. Su misi\u00f3n es ofrecer recursos financieros y servicios de asistencia a organizaciones de microfinanzas, productores de comercio justo y sostenible, cooperativas, redes, asociaciones y ONG de Am\u00e9rica Latina, \u00c1frica y Asia.\" \/>\n<meta property=\"og:url\" content=\"https:\/\/www.fiarebancaetica.coop\/ca\/cresud-otorga-nueva-financiacion-en-bolivia\/\" \/>\n<meta property=\"og:site_name\" content=\"Fiare Banca Etica\" \/>\n<meta property=\"article:published_time\" content=\"2021-06-22T22:00:00+00:00\" \/>\n<meta property=\"article:modified_time\" content=\"2024-02-21T14:10:46+00:00\" \/>\n<meta property=\"og:image\" content=\"https:\/\/www.fiarebancaetica.coop\/app\/uploads\/sites\/2\/2023\/12\/cresud-otorna-nueva-financiacion-en-bolivia.jpg\" \/>\n\t<meta property=\"og:image:width\" content=\"540\" \/>\n\t<meta property=\"og:image:height\" content=\"250\" \/>\n\t<meta property=\"og:image:type\" content=\"image\/jpeg\" \/>\n<meta name=\"author\" content=\"crispyadmin0\" \/>\n<meta name=\"twitter:card\" content=\"summary_large_image\" \/>\n<script type=\"application\/ld+json\" class=\"yoast-schema-graph\">{\"@context\":\"https:\/\/schema.org\",\"@graph\":[{\"@type\":\"Article\",\"@id\":\"https:\/\/www.fiarebancaetica.coop\/ca\/cresud-otorga-nueva-financiacion-en-bolivia\/#article\",\"isPartOf\":{\"@id\":\"https:\/\/www.fiarebancaetica.coop\/ca\/cresud-otorga-nueva-financiacion-en-bolivia\/\"},\"author\":{\"name\":\"crispyadmin0\",\"@id\":\"https:\/\/www.fiarebancaetica.coop\/ca\/#\/schema\/person\/579841e89c804b5db05d9141bd9b8272\"},\"headline\":\"Cresud otorga nueva financiaci\u00f3n en Bolivia\",\"datePublished\":\"2021-06-22T22:00:00+00:00\",\"dateModified\":\"2024-02-21T14:10:46+00:00\",\"mainEntityOfPage\":{\"@id\":\"https:\/\/www.fiarebancaetica.coop\/ca\/cresud-otorga-nueva-financiacion-en-bolivia\/\"},\"wordCount\":353,\"commentCount\":0,\"image\":{\"@id\":\"https:\/\/www.fiarebancaetica.coop\/ca\/cresud-otorga-nueva-financiacion-en-bolivia\/#primaryimage\"},\"thumbnailUrl\":\"https:\/\/www.fiarebancaetica.coop\/app\/uploads\/sites\/2\/2023\/12\/cresud-otorna-nueva-financiacion-en-bolivia.jpg\",\"articleSection\":[\"Hist\u00f2ries d'impacte positiu\"],\"inLanguage\":\"ca\",\"potentialAction\":[{\"@type\":\"CommentAction\",\"name\":\"Comment\",\"target\":[\"https:\/\/www.fiarebancaetica.coop\/ca\/cresud-otorga-nueva-financiacion-en-bolivia\/#respond\"]}]},{\"@type\":\"WebPage\",\"@id\":\"https:\/\/www.fiarebancaetica.coop\/ca\/cresud-otorga-nueva-financiacion-en-bolivia\/\",\"url\":\"https:\/\/www.fiarebancaetica.coop\/ca\/cresud-otorga-nueva-financiacion-en-bolivia\/\",\"name\":\"Cresud otorga nueva financiaci\u00f3n en Bolivia - Fiare Banca Etica\",\"isPartOf\":{\"@id\":\"https:\/\/www.fiarebancaetica.coop\/ca\/#website\"},\"primaryImageOfPage\":{\"@id\":\"https:\/\/www.fiarebancaetica.coop\/ca\/cresud-otorga-nueva-financiacion-en-bolivia\/#primaryimage\"},\"image\":{\"@id\":\"https:\/\/www.fiarebancaetica.coop\/ca\/cresud-otorga-nueva-financiacion-en-bolivia\/#primaryimage\"},\"thumbnailUrl\":\"https:\/\/www.fiarebancaetica.coop\/app\/uploads\/sites\/2\/2023\/12\/cresud-otorna-nueva-financiacion-en-bolivia.jpg\",\"datePublished\":\"2021-06-22T22:00:00+00:00\",\"dateModified\":\"2024-02-21T14:10:46+00:00\",\"author\":{\"@id\":\"https:\/\/www.fiarebancaetica.coop\/ca\/#\/schema\/person\/579841e89c804b5db05d9141bd9b8272\"},\"breadcrumb\":{\"@id\":\"https:\/\/www.fiarebancaetica.coop\/ca\/cresud-otorga-nueva-financiacion-en-bolivia\/#breadcrumb\"},\"inLanguage\":\"ca\",\"potentialAction\":[{\"@type\":\"ReadAction\",\"target\":[\"https:\/\/www.fiarebancaetica.coop\/ca\/cresud-otorga-nueva-financiacion-en-bolivia\/\"]}]},{\"@type\":\"ImageObject\",\"inLanguage\":\"ca\",\"@id\":\"https:\/\/www.fiarebancaetica.coop\/ca\/cresud-otorga-nueva-financiacion-en-bolivia\/#primaryimage\",\"url\":\"https:\/\/www.fiarebancaetica.coop\/app\/uploads\/sites\/2\/2023\/12\/cresud-otorna-nueva-financiacion-en-bolivia.jpg\",\"contentUrl\":\"https:\/\/www.fiarebancaetica.coop\/app\/uploads\/sites\/2\/2023\/12\/cresud-otorna-nueva-financiacion-en-bolivia.jpg\",\"width\":540,\"height\":250},{\"@type\":\"BreadcrumbList\",\"@id\":\"https:\/\/www.fiarebancaetica.coop\/ca\/cresud-otorga-nueva-financiacion-en-bolivia\/#breadcrumb\",\"itemListElement\":[{\"@type\":\"ListItem\",\"position\":1,\"name\":\"Home\",\"item\":\"https:\/\/www.fiarebancaetica.coop\/ca\/\"},{\"@type\":\"ListItem\",\"position\":2,\"name\":\"Cresud otorga nueva financiaci\u00f3n en Bolivia\"}]},{\"@type\":\"WebSite\",\"@id\":\"https:\/\/www.fiarebancaetica.coop\/ca\/#website\",\"url\":\"https:\/\/www.fiarebancaetica.coop\/ca\/\",\"name\":\"Fiare Banca Etica\",\"description\":\"\",\"potentialAction\":[{\"@type\":\"SearchAction\",\"target\":{\"@type\":\"EntryPoint\",\"urlTemplate\":\"https:\/\/www.fiarebancaetica.coop\/ca\/?s={search_term_string}\"},\"query-input\":{\"@type\":\"PropertyValueSpecification\",\"valueRequired\":true,\"valueName\":\"search_term_string\"}}],\"inLanguage\":\"ca\"},{\"@type\":\"Person\",\"@id\":\"https:\/\/www.fiarebancaetica.coop\/ca\/#\/schema\/person\/579841e89c804b5db05d9141bd9b8272\",\"name\":\"crispyadmin0\",\"image\":{\"@type\":\"ImageObject\",\"inLanguage\":\"ca\",\"@id\":\"https:\/\/www.fiarebancaetica.coop\/ca\/#\/schema\/person\/image\/5f3a6b7786f32f4c35bd2b1a5a4698ea\",\"url\":\"https:\/\/secure.gravatar.com\/avatar\/4d2cfb499d497b6d49da659fab7404b243a87fe8e40d2cf97a1cae48f677f5b2?s=96&d=mm&r=g\",\"contentUrl\":\"https:\/\/secure.gravatar.com\/avatar\/4d2cfb499d497b6d49da659fab7404b243a87fe8e40d2cf97a1cae48f677f5b2?s=96&d=mm&r=g\",\"caption\":\"crispyadmin0\"},\"sameAs\":[\"crispyadmin0\"]}]}<\/script>\n<!-- \/ Yoast SEO plugin. -->","yoast_head_json":{"title":"Cresud otorga nueva financiaci\u00f3n en Bolivia - Fiare Banca Etica","robots":{"index":"index","follow":"follow","max-snippet":"max-snippet:-1","max-image-preview":"max-image-preview:large","max-video-preview":"max-video-preview:-1"},"canonical":"https:\/\/www.fiarebancaetica.coop\/ca\/cresud-otorga-nueva-financiacion-en-bolivia\/","og_locale":"ca_ES","og_type":"article","og_title":"Cresud otorga nueva financiaci\u00f3n en Bolivia - Fiare Banca Etica","og_description":"En&nbsp; octubre de 2019 Cresud pas\u00f3 a formar parte del Grupo Banca Etica. Su misi\u00f3n es ofrecer recursos financieros y servicios de asistencia a organizaciones de microfinanzas, productores de comercio justo y sostenible, cooperativas, redes, asociaciones y ONG de Am\u00e9rica Latina, \u00c1frica y Asia.","og_url":"https:\/\/www.fiarebancaetica.coop\/ca\/cresud-otorga-nueva-financiacion-en-bolivia\/","og_site_name":"Fiare Banca Etica","article_published_time":"2021-06-22T22:00:00+00:00","article_modified_time":"2024-02-21T14:10:46+00:00","og_image":[{"width":540,"height":250,"url":"https:\/\/www.fiarebancaetica.coop\/app\/uploads\/sites\/2\/2023\/12\/cresud-otorna-nueva-financiacion-en-bolivia.jpg","type":"image\/jpeg"}],"author":"crispyadmin0","twitter_card":"summary_large_image","schema":{"@context":"https:\/\/schema.org","@graph":[{"@type":"Article","@id":"https:\/\/www.fiarebancaetica.coop\/ca\/cresud-otorga-nueva-financiacion-en-bolivia\/#article","isPartOf":{"@id":"https:\/\/www.fiarebancaetica.coop\/ca\/cresud-otorga-nueva-financiacion-en-bolivia\/"},"author":{"name":"crispyadmin0","@id":"https:\/\/www.fiarebancaetica.coop\/ca\/#\/schema\/person\/579841e89c804b5db05d9141bd9b8272"},"headline":"Cresud otorga nueva financiaci\u00f3n en Bolivia","datePublished":"2021-06-22T22:00:00+00:00","dateModified":"2024-02-21T14:10:46+00:00","mainEntityOfPage":{"@id":"https:\/\/www.fiarebancaetica.coop\/ca\/cresud-otorga-nueva-financiacion-en-bolivia\/"},"wordCount":353,"commentCount":0,"image":{"@id":"https:\/\/www.fiarebancaetica.coop\/ca\/cresud-otorga-nueva-financiacion-en-bolivia\/#primaryimage"},"thumbnailUrl":"https:\/\/www.fiarebancaetica.coop\/app\/uploads\/sites\/2\/2023\/12\/cresud-otorna-nueva-financiacion-en-bolivia.jpg","articleSection":["Hist\u00f2ries d'impacte positiu"],"inLanguage":"ca","potentialAction":[{"@type":"CommentAction","name":"Comment","target":["https:\/\/www.fiarebancaetica.coop\/ca\/cresud-otorga-nueva-financiacion-en-bolivia\/#respond"]}]},{"@type":"WebPage","@id":"https:\/\/www.fiarebancaetica.coop\/ca\/cresud-otorga-nueva-financiacion-en-bolivia\/","url":"https:\/\/www.fiarebancaetica.coop\/ca\/cresud-otorga-nueva-financiacion-en-bolivia\/","name":"Cresud otorga nueva financiaci\u00f3n en Bolivia - Fiare Banca Etica","isPartOf":{"@id":"https:\/\/www.fiarebancaetica.coop\/ca\/#website"},"primaryImageOfPage":{"@id":"https:\/\/www.fiarebancaetica.coop\/ca\/cresud-otorga-nueva-financiacion-en-bolivia\/#primaryimage"},"image":{"@id":"https:\/\/www.fiarebancaetica.coop\/ca\/cresud-otorga-nueva-financiacion-en-bolivia\/#primaryimage"},"thumbnailUrl":"https:\/\/www.fiarebancaetica.coop\/app\/uploads\/sites\/2\/2023\/12\/cresud-otorna-nueva-financiacion-en-bolivia.jpg","datePublished":"2021-06-22T22:00:00+00:00","dateModified":"2024-02-21T14:10:46+00:00","author":{"@id":"https:\/\/www.fiarebancaetica.coop\/ca\/#\/schema\/person\/579841e89c804b5db05d9141bd9b8272"},"breadcrumb":{"@id":"https:\/\/www.fiarebancaetica.coop\/ca\/cresud-otorga-nueva-financiacion-en-bolivia\/#breadcrumb"},"inLanguage":"ca","potentialAction":[{"@type":"ReadAction","target":["https:\/\/www.fiarebancaetica.coop\/ca\/cresud-otorga-nueva-financiacion-en-bolivia\/"]}]},{"@type":"ImageObject","inLanguage":"ca","@id":"https:\/\/www.fiarebancaetica.coop\/ca\/cresud-otorga-nueva-financiacion-en-bolivia\/#primaryimage","url":"https:\/\/www.fiarebancaetica.coop\/app\/uploads\/sites\/2\/2023\/12\/cresud-otorna-nueva-financiacion-en-bolivia.jpg","contentUrl":"https:\/\/www.fiarebancaetica.coop\/app\/uploads\/sites\/2\/2023\/12\/cresud-otorna-nueva-financiacion-en-bolivia.jpg","width":540,"height":250},{"@type":"BreadcrumbList","@id":"https:\/\/www.fiarebancaetica.coop\/ca\/cresud-otorga-nueva-financiacion-en-bolivia\/#breadcrumb","itemListElement":[{"@type":"ListItem","position":1,"name":"Home","item":"https:\/\/www.fiarebancaetica.coop\/ca\/"},{"@type":"ListItem","position":2,"name":"Cresud otorga nueva financiaci\u00f3n en Bolivia"}]},{"@type":"WebSite","@id":"https:\/\/www.fiarebancaetica.coop\/ca\/#website","url":"https:\/\/www.fiarebancaetica.coop\/ca\/","name":"Fiare Banca Etica","description":"","potentialAction":[{"@type":"SearchAction","target":{"@type":"EntryPoint","urlTemplate":"https:\/\/www.fiarebancaetica.coop\/ca\/?s={search_term_string}"},"query-input":{"@type":"PropertyValueSpecification","valueRequired":true,"valueName":"search_term_string"}}],"inLanguage":"ca"},{"@type":"Person","@id":"https:\/\/www.fiarebancaetica.coop\/ca\/#\/schema\/person\/579841e89c804b5db05d9141bd9b8272","name":"crispyadmin0","image":{"@type":"ImageObject","inLanguage":"ca","@id":"https:\/\/www.fiarebancaetica.coop\/ca\/#\/schema\/person\/image\/5f3a6b7786f32f4c35bd2b1a5a4698ea","url":"https:\/\/secure.gravatar.com\/avatar\/4d2cfb499d497b6d49da659fab7404b243a87fe8e40d2cf97a1cae48f677f5b2?s=96&d=mm&r=g","contentUrl":"https:\/\/secure.gravatar.com\/avatar\/4d2cfb499d497b6d49da659fab7404b243a87fe8e40d2cf97a1cae48f677f5b2?s=96&d=mm&r=g","caption":"crispyadmin0"},"sameAs":["crispyadmin0"]}]}},"_links":{"self":[{"href":"https:\/\/www.fiarebancaetica.coop\/ca\/wp-json\/wp\/v2\/posts\/343872","targetHints":{"allow":["GET"]}}],"collection":[{"href":"https:\/\/www.fiarebancaetica.coop\/ca\/wp-json\/wp\/v2\/posts"}],"about":[{"href":"https:\/\/www.fiarebancaetica.coop\/ca\/wp-json\/wp\/v2\/types\/post"}],"author":[{"embeddable":true,"href":"https:\/\/www.fiarebancaetica.coop\/ca\/wp-json\/wp\/v2\/users\/2"}],"replies":[{"embeddable":true,"href":"https:\/\/www.fiarebancaetica.coop\/ca\/wp-json\/wp\/v2\/comments?post=343872"}],"version-history":[{"count":1,"href":"https:\/\/www.fiarebancaetica.coop\/ca\/wp-json\/wp\/v2\/posts\/343872\/revisions"}],"predecessor-version":[{"id":354911,"href":"https:\/\/www.fiarebancaetica.coop\/ca\/wp-json\/wp\/v2\/posts\/343872\/revisions\/354911"}],"wp:featuredmedia":[{"embeddable":true,"href":"https:\/\/www.fiarebancaetica.coop\/ca\/wp-json\/wp\/v2\/media\/329684"}],"wp:attachment":[{"href":"https:\/\/www.fiarebancaetica.coop\/ca\/wp-json\/wp\/v2\/media?parent=343872"}],"wp:term":[{"taxonomy":"category","embeddable":true,"href":"https:\/\/www.fiarebancaetica.coop\/ca\/wp-json\/wp\/v2\/categories?post=343872"},{"taxonomy":"post_tag","embeddable":true,"href":"https:\/\/www.fiarebancaetica.coop\/ca\/wp-json\/wp\/v2\/tags?post=343872"},{"taxonomy":"author","embeddable":true,"href":"https:\/\/www.fiarebancaetica.coop\/ca\/wp-json\/wp\/v2\/coauthors?post=343872"}],"curies":[{"name":"wp","href":"https:\/\/api.w.org\/{rel}","templated":true}]}}