{"id":344103,"date":"2020-11-17T00:00:00","date_gmt":"2020-11-16T23:00:00","guid":{"rendered":"https:\/\/www.fiarebancaetica.coop\/mujeres-y-finanzas-que-alzan-la-voz\/"},"modified":"2024-02-21T15:16:03","modified_gmt":"2024-02-21T14:16:03","slug":"mujeres-y-finanzas-que-alzan-la-voz","status":"publish","type":"post","link":"https:\/\/www.fiarebancaetica.coop\/ca\/mujeres-y-finanzas-que-alzan-la-voz\/","title":{"rendered":"Mujeres y Finanzas que alzan la voz"},"content":{"rendered":"\n\n<div class=\"wp-block-bancaetica-blocks-blocks-block-49\">\n    <div class=\"container-block-49\">\n\n        <div class=\"header-section \">\n                            <h1 class=\"section-title\"> Etica e cooperativa <\/h1>\n                                            <\/div>\n\n        \n        <div class=\"block-background\" style=\"background-image: url('https:\/\/www.fiarebancaetica.coop\/app\/uploads\/sites\/2\/2023\/12\/mujeres-y-finanzas-que-alzan-voz.jpg')\">\n                            <div class=\"tile\">\n                    <h1 class=\"image-title\"> Mujeres y Finanzas que alzan la voz <\/h1>\n                <\/div>             <!-- end .tile -->\n            <div class=\"bottom-content\">\n                            <\/div> <!-- end .button-content -->\n        <\/div> <!-- end .block-background -->\n    <\/div> <!-- end .container -->\n<\/div> <!-- end wp-block-bancaetica-blocks-blocks-block-06 -->\n\n\n<div class=\"wrapper-crispybacon-class wrapper-crispybacon-class-boxed \">\n    <p>El 23 de noviembre a las 18h tendr\u00e1 lugar la presentaci\u00f3n, con la presencia de la presidenta Anna Fasano, de un nuevo proyecto: <strong>Mujeres y Finanzas alzamos la voz.<\/strong><\/p>\n<p>Queremos <strong>visibilizar la energ\u00eda de las mujeres de Banca Etica<\/strong> y promover el papel de las mujeres del Grupo en el pasado, presente y sobre todo en el futuro. Es un proyecto del que nacer\u00e1 un ciclo de podcast para hablar sobre el dinero y las finanzas desde el punto de vista de las mujeres.<\/p>\n<p>A trav\u00e9s de vuestras aportaciones y reflexiones construiremos juntas un relato colectivo que nos acompa\u00f1ar\u00e1 hasta el 8 de marzo del 2021, d\u00eda internacional de las mujeres y fecha de apertura de la primera filial de Banca Etica en 1999.<\/p>\n<h2>\n\tPara conocer m\u00e1s sobre todos los detalles te esperamos:<\/h2>\n<ul>\n\t<li>\n\t\tLunes 23 noviembre<\/li>\n\t<li>\n\t\t18.00h<\/li>\n<\/ul>\n<p>Se realizar\u00e1 en esta sala de <a href=\"https:\/\/zoom.us\/j\/94957826934#success\">zoom&nbsp;<\/a><br \/>\n\tEl sistema prev\u00e9 la participaci\u00f3n de hasta 500 personas, te invitamos a iniciar sesi\u00f3n a tiempo para asegurarte poder entrar. La reuni\u00f3n tendr\u00e1 una duraci\u00f3n m\u00e1xima de 45 minutos.<\/p>\n<\/div>","protected":false},"excerpt":{"rendered":"<p>El 23 de noviembre a las 18h tendr\u00e1 lugar la presentaci\u00f3n, con la presencia de la presidenta Anna Fasano, de un nuevo proyecto: Mujeres y Finanzas alzamos la voz.<\/p>\n","protected":false},"author":2,"featured_media":329432,"comment_status":"open","ping_status":"closed","sticky":false,"template":"","format":"standard","meta":{"_acf_changed":false,"footnotes":""},"categories":[11643],"tags":[],"coauthors":[],"class_list":["post-344103","post","type-post","status-publish","format-standard","has-post-thumbnail","hentry","category-finances-etiques"],"acf":[],"yoast_head":"<!-- This site is optimized with the Yoast SEO plugin v26.9 - https:\/\/yoast.com\/product\/yoast-seo-wordpress\/ -->\n<title>Mujeres y Finanzas que alzan la voz - Fiare Banca Etica<\/title>\n<meta name=\"robots\" content=\"index, follow, max-snippet:-1, max-image-preview:large, max-video-preview:-1\" \/>\n<link rel=\"canonical\" href=\"https:\/\/www.fiarebancaetica.coop\/ca\/mujeres-y-finanzas-que-alzan-la-voz\/\" \/>\n<meta property=\"og:locale\" content=\"ca_ES\" \/>\n<meta property=\"og:type\" content=\"article\" \/>\n<meta property=\"og:title\" content=\"Mujeres y Finanzas que alzan la voz - Fiare Banca Etica\" \/>\n<meta property=\"og:description\" content=\"El 23 de noviembre a las 18h tendr\u00e1 lugar la presentaci\u00f3n, con la presencia de la presidenta Anna Fasano, de un nuevo proyecto: Mujeres y Finanzas alzamos la voz.\" \/>\n<meta property=\"og:url\" content=\"https:\/\/www.fiarebancaetica.coop\/ca\/mujeres-y-finanzas-que-alzan-la-voz\/\" \/>\n<meta property=\"og:site_name\" content=\"Fiare Banca Etica\" \/>\n<meta property=\"article:published_time\" content=\"2020-11-16T23:00:00+00:00\" \/>\n<meta property=\"article:modified_time\" content=\"2024-02-21T14:16:03+00:00\" \/>\n<meta property=\"og:image\" content=\"https:\/\/www.fiarebancaetica.coop\/app\/uploads\/sites\/2\/2023\/12\/mujeres-y-finanzas-que-alzan-voz.jpg\" \/>\n\t<meta property=\"og:image:width\" content=\"800\" \/>\n\t<meta property=\"og:image:height\" content=\"454\" \/>\n\t<meta property=\"og:image:type\" content=\"image\/jpeg\" \/>\n<meta name=\"author\" content=\"crispyadmin0\" \/>\n<meta name=\"twitter:card\" content=\"summary_large_image\" \/>\n<script type=\"application\/ld+json\" class=\"yoast-schema-graph\">{\"@context\":\"https:\/\/schema.org\",\"@graph\":[{\"@type\":\"Article\",\"@id\":\"https:\/\/www.fiarebancaetica.coop\/ca\/mujeres-y-finanzas-que-alzan-la-voz\/#article\",\"isPartOf\":{\"@id\":\"https:\/\/www.fiarebancaetica.coop\/ca\/mujeres-y-finanzas-que-alzan-la-voz\/\"},\"author\":{\"name\":\"crispyadmin0\",\"@id\":\"https:\/\/www.fiarebancaetica.coop\/ca\/#\/schema\/person\/579841e89c804b5db05d9141bd9b8272\"},\"headline\":\"Mujeres y Finanzas que alzan la voz\",\"datePublished\":\"2020-11-16T23:00:00+00:00\",\"dateModified\":\"2024-02-21T14:16:03+00:00\",\"mainEntityOfPage\":{\"@id\":\"https:\/\/www.fiarebancaetica.coop\/ca\/mujeres-y-finanzas-que-alzan-la-voz\/\"},\"wordCount\":185,\"commentCount\":0,\"image\":{\"@id\":\"https:\/\/www.fiarebancaetica.coop\/ca\/mujeres-y-finanzas-que-alzan-la-voz\/#primaryimage\"},\"thumbnailUrl\":\"https:\/\/www.fiarebancaetica.coop\/app\/uploads\/sites\/2\/2023\/12\/mujeres-y-finanzas-que-alzan-voz.jpg\",\"articleSection\":[\"Finances \u00e8tiques\"],\"inLanguage\":\"ca\",\"potentialAction\":[{\"@type\":\"CommentAction\",\"name\":\"Comment\",\"target\":[\"https:\/\/www.fiarebancaetica.coop\/ca\/mujeres-y-finanzas-que-alzan-la-voz\/#respond\"]}]},{\"@type\":\"WebPage\",\"@id\":\"https:\/\/www.fiarebancaetica.coop\/ca\/mujeres-y-finanzas-que-alzan-la-voz\/\",\"url\":\"https:\/\/www.fiarebancaetica.coop\/ca\/mujeres-y-finanzas-que-alzan-la-voz\/\",\"name\":\"Mujeres y Finanzas que alzan la voz - Fiare Banca Etica\",\"isPartOf\":{\"@id\":\"https:\/\/www.fiarebancaetica.coop\/ca\/#website\"},\"primaryImageOfPage\":{\"@id\":\"https:\/\/www.fiarebancaetica.coop\/ca\/mujeres-y-finanzas-que-alzan-la-voz\/#primaryimage\"},\"image\":{\"@id\":\"https:\/\/www.fiarebancaetica.coop\/ca\/mujeres-y-finanzas-que-alzan-la-voz\/#primaryimage\"},\"thumbnailUrl\":\"https:\/\/www.fiarebancaetica.coop\/app\/uploads\/sites\/2\/2023\/12\/mujeres-y-finanzas-que-alzan-voz.jpg\",\"datePublished\":\"2020-11-16T23:00:00+00:00\",\"dateModified\":\"2024-02-21T14:16:03+00:00\",\"author\":{\"@id\":\"https:\/\/www.fiarebancaetica.coop\/ca\/#\/schema\/person\/579841e89c804b5db05d9141bd9b8272\"},\"breadcrumb\":{\"@id\":\"https:\/\/www.fiarebancaetica.coop\/ca\/mujeres-y-finanzas-que-alzan-la-voz\/#breadcrumb\"},\"inLanguage\":\"ca\",\"potentialAction\":[{\"@type\":\"ReadAction\",\"target\":[\"https:\/\/www.fiarebancaetica.coop\/ca\/mujeres-y-finanzas-que-alzan-la-voz\/\"]}]},{\"@type\":\"ImageObject\",\"inLanguage\":\"ca\",\"@id\":\"https:\/\/www.fiarebancaetica.coop\/ca\/mujeres-y-finanzas-que-alzan-la-voz\/#primaryimage\",\"url\":\"https:\/\/www.fiarebancaetica.coop\/app\/uploads\/sites\/2\/2023\/12\/mujeres-y-finanzas-que-alzan-voz.jpg\",\"contentUrl\":\"https:\/\/www.fiarebancaetica.coop\/app\/uploads\/sites\/2\/2023\/12\/mujeres-y-finanzas-que-alzan-voz.jpg\",\"width\":800,\"height\":454},{\"@type\":\"BreadcrumbList\",\"@id\":\"https:\/\/www.fiarebancaetica.coop\/ca\/mujeres-y-finanzas-que-alzan-la-voz\/#breadcrumb\",\"itemListElement\":[{\"@type\":\"ListItem\",\"position\":1,\"name\":\"Home\",\"item\":\"https:\/\/www.fiarebancaetica.coop\/ca\/\"},{\"@type\":\"ListItem\",\"position\":2,\"name\":\"Mujeres y Finanzas que alzan la voz\"}]},{\"@type\":\"WebSite\",\"@id\":\"https:\/\/www.fiarebancaetica.coop\/ca\/#website\",\"url\":\"https:\/\/www.fiarebancaetica.coop\/ca\/\",\"name\":\"Fiare Banca Etica\",\"description\":\"\",\"potentialAction\":[{\"@type\":\"SearchAction\",\"target\":{\"@type\":\"EntryPoint\",\"urlTemplate\":\"https:\/\/www.fiarebancaetica.coop\/ca\/?s={search_term_string}\"},\"query-input\":{\"@type\":\"PropertyValueSpecification\",\"valueRequired\":true,\"valueName\":\"search_term_string\"}}],\"inLanguage\":\"ca\"},{\"@type\":\"Person\",\"@id\":\"https:\/\/www.fiarebancaetica.coop\/ca\/#\/schema\/person\/579841e89c804b5db05d9141bd9b8272\",\"name\":\"crispyadmin0\",\"image\":{\"@type\":\"ImageObject\",\"inLanguage\":\"ca\",\"@id\":\"https:\/\/www.fiarebancaetica.coop\/ca\/#\/schema\/person\/image\/5f3a6b7786f32f4c35bd2b1a5a4698ea\",\"url\":\"https:\/\/secure.gravatar.com\/avatar\/4d2cfb499d497b6d49da659fab7404b243a87fe8e40d2cf97a1cae48f677f5b2?s=96&d=mm&r=g\",\"contentUrl\":\"https:\/\/secure.gravatar.com\/avatar\/4d2cfb499d497b6d49da659fab7404b243a87fe8e40d2cf97a1cae48f677f5b2?s=96&d=mm&r=g\",\"caption\":\"crispyadmin0\"},\"sameAs\":[\"crispyadmin0\"]}]}<\/script>\n<!-- \/ Yoast SEO plugin. -->","yoast_head_json":{"title":"Mujeres y Finanzas que alzan la voz - Fiare Banca Etica","robots":{"index":"index","follow":"follow","max-snippet":"max-snippet:-1","max-image-preview":"max-image-preview:large","max-video-preview":"max-video-preview:-1"},"canonical":"https:\/\/www.fiarebancaetica.coop\/ca\/mujeres-y-finanzas-que-alzan-la-voz\/","og_locale":"ca_ES","og_type":"article","og_title":"Mujeres y Finanzas que alzan la voz - Fiare Banca Etica","og_description":"El 23 de noviembre a las 18h tendr\u00e1 lugar la presentaci\u00f3n, con la presencia de la presidenta Anna Fasano, de un nuevo proyecto: Mujeres y Finanzas alzamos la voz.","og_url":"https:\/\/www.fiarebancaetica.coop\/ca\/mujeres-y-finanzas-que-alzan-la-voz\/","og_site_name":"Fiare Banca Etica","article_published_time":"2020-11-16T23:00:00+00:00","article_modified_time":"2024-02-21T14:16:03+00:00","og_image":[{"width":800,"height":454,"url":"https:\/\/www.fiarebancaetica.coop\/app\/uploads\/sites\/2\/2023\/12\/mujeres-y-finanzas-que-alzan-voz.jpg","type":"image\/jpeg"}],"author":"crispyadmin0","twitter_card":"summary_large_image","schema":{"@context":"https:\/\/schema.org","@graph":[{"@type":"Article","@id":"https:\/\/www.fiarebancaetica.coop\/ca\/mujeres-y-finanzas-que-alzan-la-voz\/#article","isPartOf":{"@id":"https:\/\/www.fiarebancaetica.coop\/ca\/mujeres-y-finanzas-que-alzan-la-voz\/"},"author":{"name":"crispyadmin0","@id":"https:\/\/www.fiarebancaetica.coop\/ca\/#\/schema\/person\/579841e89c804b5db05d9141bd9b8272"},"headline":"Mujeres y Finanzas que alzan la voz","datePublished":"2020-11-16T23:00:00+00:00","dateModified":"2024-02-21T14:16:03+00:00","mainEntityOfPage":{"@id":"https:\/\/www.fiarebancaetica.coop\/ca\/mujeres-y-finanzas-que-alzan-la-voz\/"},"wordCount":185,"commentCount":0,"image":{"@id":"https:\/\/www.fiarebancaetica.coop\/ca\/mujeres-y-finanzas-que-alzan-la-voz\/#primaryimage"},"thumbnailUrl":"https:\/\/www.fiarebancaetica.coop\/app\/uploads\/sites\/2\/2023\/12\/mujeres-y-finanzas-que-alzan-voz.jpg","articleSection":["Finances \u00e8tiques"],"inLanguage":"ca","potentialAction":[{"@type":"CommentAction","name":"Comment","target":["https:\/\/www.fiarebancaetica.coop\/ca\/mujeres-y-finanzas-que-alzan-la-voz\/#respond"]}]},{"@type":"WebPage","@id":"https:\/\/www.fiarebancaetica.coop\/ca\/mujeres-y-finanzas-que-alzan-la-voz\/","url":"https:\/\/www.fiarebancaetica.coop\/ca\/mujeres-y-finanzas-que-alzan-la-voz\/","name":"Mujeres y Finanzas que alzan la voz - Fiare Banca Etica","isPartOf":{"@id":"https:\/\/www.fiarebancaetica.coop\/ca\/#website"},"primaryImageOfPage":{"@id":"https:\/\/www.fiarebancaetica.coop\/ca\/mujeres-y-finanzas-que-alzan-la-voz\/#primaryimage"},"image":{"@id":"https:\/\/www.fiarebancaetica.coop\/ca\/mujeres-y-finanzas-que-alzan-la-voz\/#primaryimage"},"thumbnailUrl":"https:\/\/www.fiarebancaetica.coop\/app\/uploads\/sites\/2\/2023\/12\/mujeres-y-finanzas-que-alzan-voz.jpg","datePublished":"2020-11-16T23:00:00+00:00","dateModified":"2024-02-21T14:16:03+00:00","author":{"@id":"https:\/\/www.fiarebancaetica.coop\/ca\/#\/schema\/person\/579841e89c804b5db05d9141bd9b8272"},"breadcrumb":{"@id":"https:\/\/www.fiarebancaetica.coop\/ca\/mujeres-y-finanzas-que-alzan-la-voz\/#breadcrumb"},"inLanguage":"ca","potentialAction":[{"@type":"ReadAction","target":["https:\/\/www.fiarebancaetica.coop\/ca\/mujeres-y-finanzas-que-alzan-la-voz\/"]}]},{"@type":"ImageObject","inLanguage":"ca","@id":"https:\/\/www.fiarebancaetica.coop\/ca\/mujeres-y-finanzas-que-alzan-la-voz\/#primaryimage","url":"https:\/\/www.fiarebancaetica.coop\/app\/uploads\/sites\/2\/2023\/12\/mujeres-y-finanzas-que-alzan-voz.jpg","contentUrl":"https:\/\/www.fiarebancaetica.coop\/app\/uploads\/sites\/2\/2023\/12\/mujeres-y-finanzas-que-alzan-voz.jpg","width":800,"height":454},{"@type":"BreadcrumbList","@id":"https:\/\/www.fiarebancaetica.coop\/ca\/mujeres-y-finanzas-que-alzan-la-voz\/#breadcrumb","itemListElement":[{"@type":"ListItem","position":1,"name":"Home","item":"https:\/\/www.fiarebancaetica.coop\/ca\/"},{"@type":"ListItem","position":2,"name":"Mujeres y Finanzas que alzan la voz"}]},{"@type":"WebSite","@id":"https:\/\/www.fiarebancaetica.coop\/ca\/#website","url":"https:\/\/www.fiarebancaetica.coop\/ca\/","name":"Fiare Banca Etica","description":"","potentialAction":[{"@type":"SearchAction","target":{"@type":"EntryPoint","urlTemplate":"https:\/\/www.fiarebancaetica.coop\/ca\/?s={search_term_string}"},"query-input":{"@type":"PropertyValueSpecification","valueRequired":true,"valueName":"search_term_string"}}],"inLanguage":"ca"},{"@type":"Person","@id":"https:\/\/www.fiarebancaetica.coop\/ca\/#\/schema\/person\/579841e89c804b5db05d9141bd9b8272","name":"crispyadmin0","image":{"@type":"ImageObject","inLanguage":"ca","@id":"https:\/\/www.fiarebancaetica.coop\/ca\/#\/schema\/person\/image\/5f3a6b7786f32f4c35bd2b1a5a4698ea","url":"https:\/\/secure.gravatar.com\/avatar\/4d2cfb499d497b6d49da659fab7404b243a87fe8e40d2cf97a1cae48f677f5b2?s=96&d=mm&r=g","contentUrl":"https:\/\/secure.gravatar.com\/avatar\/4d2cfb499d497b6d49da659fab7404b243a87fe8e40d2cf97a1cae48f677f5b2?s=96&d=mm&r=g","caption":"crispyadmin0"},"sameAs":["crispyadmin0"]}]}},"_links":{"self":[{"href":"https:\/\/www.fiarebancaetica.coop\/ca\/wp-json\/wp\/v2\/posts\/344103","targetHints":{"allow":["GET"]}}],"collection":[{"href":"https:\/\/www.fiarebancaetica.coop\/ca\/wp-json\/wp\/v2\/posts"}],"about":[{"href":"https:\/\/www.fiarebancaetica.coop\/ca\/wp-json\/wp\/v2\/types\/post"}],"author":[{"embeddable":true,"href":"https:\/\/www.fiarebancaetica.coop\/ca\/wp-json\/wp\/v2\/users\/2"}],"replies":[{"embeddable":true,"href":"https:\/\/www.fiarebancaetica.coop\/ca\/wp-json\/wp\/v2\/comments?post=344103"}],"version-history":[{"count":1,"href":"https:\/\/www.fiarebancaetica.coop\/ca\/wp-json\/wp\/v2\/posts\/344103\/revisions"}],"predecessor-version":[{"id":354743,"href":"https:\/\/www.fiarebancaetica.coop\/ca\/wp-json\/wp\/v2\/posts\/344103\/revisions\/354743"}],"wp:featuredmedia":[{"embeddable":true,"href":"https:\/\/www.fiarebancaetica.coop\/ca\/wp-json\/wp\/v2\/media\/329432"}],"wp:attachment":[{"href":"https:\/\/www.fiarebancaetica.coop\/ca\/wp-json\/wp\/v2\/media?parent=344103"}],"wp:term":[{"taxonomy":"category","embeddable":true,"href":"https:\/\/www.fiarebancaetica.coop\/ca\/wp-json\/wp\/v2\/categories?post=344103"},{"taxonomy":"post_tag","embeddable":true,"href":"https:\/\/www.fiarebancaetica.coop\/ca\/wp-json\/wp\/v2\/tags?post=344103"},{"taxonomy":"author","embeddable":true,"href":"https:\/\/www.fiarebancaetica.coop\/ca\/wp-json\/wp\/v2\/coauthors?post=344103"}],"curies":[{"name":"wp","href":"https:\/\/api.w.org\/{rel}","templated":true}]}}