{"id":344176,"date":"2020-10-05T00:00:00","date_gmt":"2020-10-04T22:00:00","guid":{"rendered":"https:\/\/www.fiarebancaetica.coop\/nuestra-clientela-valora-la-cercania-la-flexibilidad-y-la-escucha-activa\/"},"modified":"2024-02-21T15:16:56","modified_gmt":"2024-02-21T14:16:56","slug":"nuestra-clientela-valora-la-cercania-la-flexibilidad-y-la-escucha-activa","status":"publish","type":"post","link":"https:\/\/www.fiarebancaetica.coop\/ca\/nuestra-clientela-valora-la-cercania-la-flexibilidad-y-la-escucha-activa\/","title":{"rendered":"\u201cNuestra clientela valora la cercan\u00eda, la flexibilidad y la escucha activa\u201d"},"content":{"rendered":"\n\n<div class=\"wp-block-bancaetica-blocks-blocks-block-49\">\n    <div class=\"container-block-49\">\n\n        <div class=\"header-section \">\n                            <h1 class=\"section-title\"> Etica e cooperativa <\/h1>\n                                            <\/div>\n\n        \n        <div class=\"block-background\" style=\"background-image: url('https:\/\/www.fiarebancaetica.coop\/app\/uploads\/sites\/2\/2023\/12\/nuestra-clientela-valora-cercania-flexibilidad-y-escucha-activa.jpg')\">\n                            <div class=\"tile\">\n                    <h1 class=\"image-title\"> \u201cNuestra clientela valora la cercan\u00eda, la flexibilidad y la escucha activa\u201d <\/h1>\n                <\/div>             <!-- end .tile -->\n            <div class=\"bottom-content\">\n                            <\/div> <!-- end .button-content -->\n        <\/div> <!-- end .block-background -->\n    <\/div> <!-- end .container -->\n<\/div> <!-- end wp-block-bancaetica-blocks-blocks-block-06 -->\n\n\n<div class=\"wrapper-crispybacon-class wrapper-crispybacon-class-boxed \">\n    <p><a href=\"#eu\">Euskera<\/a><\/p>\n<p><strong>Entrevistamos a Alberto M\u00ednguez, director de la sucursal de Bilbao<\/strong>, sobre el contexto actual y las perspectivas y retos de futuro del sector.<\/p>\n<h2>\n\t\u00bfC\u00f3mo hab\u00e9is vivido la situaci\u00f3n desde el inicio de la crisis Covid19?<\/h2>\n<p>Con mucha intensidad, tanto en lo personal, como en lo profesional. Desde un primer momento hemos mirado hacia un desarrollo de la actividad bancaria segura, por lo que se implant\u00f3 r\u00e1pidamente el trabajo desde casa, dando tranquilidad a las compa\u00f1eras\/os de la oficina.<br \/>\n\tEsto nos ha permitido seguir desarrollando nuestra actividad con total intensidad.<br \/>\n\t<br \/>\n\tA su vez, hemos contactado con toda nuestra clientela que ten\u00eda una financiaci\u00f3n activa, de cara a <strong>trasladarles inicialmente un mensaje de tranquilidad<\/strong>: Fiare Banca Etica tiene <strong>herramientas para flexibilizar el impacto de sus financiaciones <\/strong>durante el periodo de confinamiento y adem\u00e1s tenemos un cat\u00e1logo de productos para afrontar las nuevas necesidades de financiaci\u00f3n surgidas por el par\u00f3n de la actividad.<br \/>\n\t<br \/>\n\tActualmente continuamos con estas medidas con el objetivo de ofrecer la financiaci\u00f3n necesaria para reforzar la situaci\u00f3n actual.<\/p>\n<h2>\n\t\u00bfQu\u00e9 percib\u00eds de las entidades con las que trabaj\u00e1is?<\/h2>\n<p>Tenemos varias realidades: Entidades que durante la fase de confinamiento inicial han visto incrementada su actividad, por servicios de atenciones a colectivos vulnerables, as\u00ed como entidades que han visto afectada su actividad, sea total o parcialmente.<br \/>\n\t<br \/>\n\tSin embargo, en ambas tipolog\u00edas existe una preocupaci\u00f3n que no difiere de la que se vive en la sociedad en general: la incertidumbre sobre el futuro es mayor que en tiempos pasados. La ca\u00edda de la recaudaci\u00f3n ha sido importante en la administraci\u00f3n p\u00fablica, por lo que sectores como la cooperaci\u00f3n internacional no tienen claro c\u00f3mo ser\u00e1n los nuevos presupuestos.<\/p>\n<h2>\n\t\u00bfQu\u00e9 crees que valoran los clientes de Fiare Banca Etica?<\/h2>\n<p>Una cuesti\u00f3n que hemos visto que valora nuestra clientela es la <strong>cercan\u00eda, la flexibilidad y la escucha activa<\/strong>.<br \/>\n\tTratamos de comprender muy bien <strong>cu\u00e1les son las necesidades financieras<\/strong> y desde ah\u00ed iniciamos nuestro trabajo para <strong>ofrecer una financiaci\u00f3n que se adapte a las necesidades<\/strong> reales de cada proyecto.<br \/>\n\t<br \/>\n\tDurante los momentos de inicio del confinamiento por la COVID19, los contactos realizados desde Fiare a todas las realidades financiadas ha permitido dar tranquilidad a las entidades para poder afrontar un periodo de recorte de cobros y de par\u00f3n de la actividad de una forma m\u00e1s tranquila.<\/p>\n<h2>\n\t\u00bfQu\u00e9 valores o formas de trabajo destacar\u00edas como esenciales para este momento?<\/h2>\n<p>Generar espacios de confianza en el que se pueda trabajar con el objetivo de dar una respuesta a las necesidades planteadas.<br \/>\n\tA ese espacio se llega a trav\u00e9s de la cercan\u00eda, consiguiendo un di\u00e1logo transparente que permite una relaci\u00f3n de mutuo crecimiento.<\/p>\n<h2>\n\t\u00bfComo banco qu\u00e9 ofrec\u00e9is a las entidades en esta situaci\u00f3n?<\/h2>\n<p>Saber que pueden contar con nosotros. <strong>Somos una entidad que escucha y que act\u00faa.<\/strong> Y que est\u00e1 actuando tambi\u00e9n en estos momentos de dificultad.<br \/>\n\tEn los \u00faltimos a\u00f1os se est\u00e1 produciendo un crecimiento de las personas que trabajamos en Fiare Banca Etica, con el fin de <strong>dar una respuesta cada vez m\u00e1s \u00e1gil, cercana y sostenida.<\/strong><\/p>\n<h2>\n\t\u00bfQu\u00e9 crees que os diferencia de una banca tradicional?<\/h2>\n<p>Partiendo de nuestra actividad, toda ella est\u00e1 encaminada a financiar un modelo econ\u00f3mico sostenible e inclusivo. Trabajamos con la Econom\u00eda social, como objetivo primordial.<br \/>\n\t<br \/>\n\tLas personas en el centro y desde ah\u00ed generamos interacciones tanto internas, con nuestra forma de organizarnos, como externas a la hora de desarrollar nuestra actividad bancaria.<br \/>\n\t<br \/>\n\tFiare Banca Etica somos un eslab\u00f3n m\u00e1s en la cadena de entidades y personas que trabajan d\u00eda a d\u00eda por <strong>generar valor social <\/strong>y desde nuestro trabajo como banca, escuchamos y ofrecemos la posibilidad de utilizar nuestros productos y servicios con el fin de <strong>fortalecer un uso responsable del dinero.<\/strong><br \/>\n\t<br \/>\n\tSomos una banca transparente, con un balance social en la que se desglosan los diferentes impactos de nuestra actividad.<br \/>\n\tEn cuanto a servicios para el d\u00eda a d\u00eda<strong> tenemos una gama amplia de productos y servicios con los que poder trabajar.<\/strong><\/p>\n<h2>\n\t\u00bfQu\u00e9 perspectivas ves de futuro y cu\u00e1les son las claves para afrontar los nuevos retos?<\/h2>\n<p>Creo que dentro de un contexto econ\u00f3mico y bancario a corto\/medio plazo complicado, Fiare Banca Etica se est\u00e1 consolidando como una realidad que est\u00e1 dejando de ser testimonial. <strong>Cada vez son m\u00e1s las personas y entidades que trabajan con nuestro banco.<\/strong> Dentro del contexto del impacto de la COVID19, estamos creciendo de una forma importante tanto en financiaci\u00f3n concedida, como en ahorro.<br \/>\n\t<br \/>\n\tSin embargo, la salida y reactivaci\u00f3n econ\u00f3mica no va a ser f\u00e1cil. En este momento, todav\u00eda de gran incertidumbre, las familias y las organizaciones, no saben c\u00f3mo arrancar\u00e1 este nuevo curso. Las cifras en Espa\u00f1a de personas afectadas por la COVID19 no se est\u00e1 reduciendo, generando una gran preocupaci\u00f3n para la econom\u00eda familiar y empresarial.<br \/>\n\t<br \/>\n\tPara las entidades que antes de la COVID19 estaban en una situaci\u00f3n dif\u00edcil, en general, va a ser muy complicado. Sin embargo, se abren tambi\u00e9n oportunidades.<br \/>\n\t<br \/>\n\tLas Administraciones p\u00fablicas tienen que afrontar tambi\u00e9n en estos momentos que es necesario reforzar un sistema social y sanitario fuerte. Incrementar los espacios de trabajo con la Econom\u00eda social ser\u00e1 fundamental. Por otra parte, ser\u00e1 necesario apoyar financieramente a las entidades en esta fase y desde el banco tenemos que estar atentos y estamos trabajando para ello.<br \/>\n\t<br \/>\n\t_______________________________________________________________________<\/p>\n<h1>\n\t<span><a id=\"eu\" name=\"eu\"><\/a>Gure bezeroak hurbiltasuna, malgutasuna eta entzute aktiboa da gehien eskertzen dutena&nbsp;<\/span><\/h1>\n<p>&nbsp;<\/p>\n<p><strong>Alberto Minguez Bilboko Bulegoaren Zuzendaria<\/strong><\/p>\n<h2>\n\tCovid-19ak eragindako krisia hasiz geroztik, nola bizi izan duzue egoera?<\/h2>\n<p>Intentsitate handiarekin, bai arlo pertsonalean, eta bai arlo profesionalean. Hasiera-hasieratik izan dugu xede banku-jarduera segurua garatzea, eta, beraz, berehala ezarri zen lana etxetik egiteko aukera, bulegoko lankideei lasaitasuna emateko.<br \/>\n\tHorri esker, gure jarduera intentsitate osoarekin egiten jarraitu ahal izan dugu.<br \/>\n\t<br \/>\n\tHorrezaz gain, finantzaketa aktibo bat zuten gure bezero guztiekin jarri gara harremanetan, hasiera batean lasaitasun-mezu bat helarazte aldera: Fiare Banca Eticak baditu tresnak, konfinamendu-aldiak bere finantzaketetan izandako eragina malgutzeko, eta, gainera, jarduera-etenaldiak sortutako finantzaketa-behar berriei aurre egiteko produktu-katalogo bat ere badugu.<br \/>\n\t<br \/>\n\tGaur egun, neurri horiekin jarraitzen dugu, egungo egoeran laguntzeko behar den finantzaketa eskaintzeko.<\/p>\n<h2>\n\tZuek hainbat erakunderekin egiten duzue lan, zer sumatzen duzu haien egoeraz?<\/h2>\n<p>Egoera desberdinak: erakunde batzuen jarduerak gora egin du hasierako konfinamendu-aldian, egoera ahuleko kolektiboei laguntza emateko zerbitzuengatik; eta beste erakunde batzuetan, berriz, jarduera eten egin da, erabat edo hein batean.<br \/>\n\tNolanahi ere, bi tipologietan dago kezka bera, gizartean oro har bizi dugun kezkarekin bat datorrena: etorkizunari buruzko ziurgabetasuna handiagoa da orain iraganean baino. Administrazio publikoan nabarmen egin du behera diru-bilketak; beraz, zenbait sektorek, hala nola nazioarteko lankidetzak, ez dute argi aurrekontu berriak nolakoak izango diren.<\/p>\n<h2>\n\tZure ustez, zer balioesten dute Fiare Banca Eticako bezeroek?<\/h2>\n<p>Ikusi dugu gure bezeroek balioesten duten alderdietako bat hurbiltasuna, malgutasuna eta entzute aktiboa dela.<br \/>\n\tBezeroek zer finantzaketa-premia dituzten ondo ulertzen saiatzen gara, eta hori abiapuntu hartuta hasten gara lanean, proiektu bakoitzaren benetako premietara egokitzen den finantzaketa eskaintzeko.<br \/>\n\tCOVID-19aren ondoriozko konfinamendu-aldiaren hasierako uneetan, Fiarek finantzatutako errealitate guztiekin izandako harremanei esker, lasaitasuna eman zaie erakundeei, kobrantza-murrizketen epealdiari eta jarduera-etenaldiari lasaiago aurre egin ahal izateko.<\/p>\n<h2>\n\tZer balio edo lan egiteko zer modu esango zenuke direla funtsezkoak une honetarako?<\/h2>\n<p>Konfiantzazko espazioak sortu behar dira, planteatutako beharrei erantzute aldera lan egin ahal izateko.<br \/>\n\tEspazio horretara hurbiltasuna erakutsiz iristen da, eta, hala, elkarrizketa gardena lortzen da, elkarren artean hazteko harremana ahalbidetzen duena.<\/p>\n<h2>\n\tBanku gisa, zer eskaintzen diezue erakundeei egoera honetan?<\/h2>\n<p>Hemen laguntzeko gaituztela jakitea. Entzuten dakien eta jarduten duen erakunde bat gara. Eta une zail hauetan ere jarduten ari dena.<br \/>\n\tAzken urteotan, Fiare BEn lan egiten dugun pertsonon kopurua hazten ari da, erantzunak gero eta arinagoak, hurbilagoak eta iraunkorragoak izan daitezen.<\/p>\n<h2>\n\tBanka tradizionalaren aldean, zure ustez, zerk egiten zaituzte desberdin?<\/h2>\n<p>Hasteko, gure jarduerak berak, jarduera guzti-guztia eredu ekonomiko jasangarri eta inklusibo bat finantzatzera bideratuta baitago. Ekonomia sozialarekin egiten dugu lan, funtsezko helburua den aldetik.<br \/>\n\t<br \/>\n\tPertsonak jartzen ditugu erdigunean, eta hori oinarri hartuta sortzen ditugu interakzioak, bai barruan gure antolatzeko moduaren bidez, eta bai kanpoan gure banku-jarduera garatzean.<br \/>\n\t<br \/>\n\tBalio soziala sortzeko egunez egun lan egiten duten erakunde eta pertsonen katean beste maila bat da Fiare BE, eta gure lanean, banku gisa, entzun egiten dugu, eta, gero, gure produktuak eta zerbitzuak erabiltzeko aukera eskaintzen dugu, diruaren erabilera arduratsua sustatze aldera.<br \/>\n\tBanku gardena gara, memoria soziala dugu, eta gure jardueraren eraginak memoria sozial horretan banakatzen dira.<br \/>\n\tInternet bidezko bankaren eguneko zerbitzuei dagokienez, produktu- eta zerbitzu-eskaintza zabala dugu, eta, beraz, haiekin lan egiteko aukera ematen dugu.<\/p>\n<h2>\n\tNola ikusten duzu etorkizuna? Zein dira erronka berriei aurre egiteko gakoak?<\/h2>\n<p>Ekonomiaren eta bankaren testuinguruan, uste dut korapilatsua izango dela epe ertain\/laburrera; Fiare BEk presentzia apala izateari utzi dio eta errealitate sendoa bihurtzen ari da. Gero eta pertsona eta erakunde gehiagok egiten dute lan Fiare Banka Eticarekin. COVID-19aren eraginaren testuinguruari dagokionez, nabarmen ari gara hazten, bai emandako finantzaketan, bai aurrezkian.<br \/>\n\t<br \/>\n\tNolanahi ere, egoera horretatik irtetea eta ekonomia suspertzea ez da erraza izango. Une honetan oraindik ere ziurgabetasun handia dago, familiek eta erakundeek ez dakite nola ekingo zaion urte-aldi berriari. COVID-19 gaitzarekin gaixotzen diren pertsonen kopuruak Espainian ez du behera egiten, eta horrek kezka handia eragiten du familien zein enpresen ekonomian.<br \/>\n\t<br \/>\n\tCOVID-19a baino lehen egoera zailean zeuden erakundeentzat, oro har, oso korapilatsua izango da. Hala ere, beste aukera batzuk ere sortzen dira.<br \/>\n\tAdministrazio publikoek ere kontuan izan behar dute une honetan ezinbestekoa dela gizarte- eta osasun-sistema sendo bat sustatzea. Ekonomia sozialarekin lan-esparru gehiago sortzea funtsezkoa izango da.<br \/>\n\t<br \/>\n\tBestalde, beharrezkoa izango da erakundeei fase honetan finantzaketan laguntzea, eta Fiare Banka Etican adi egon behar dugu, eta horretarako dihardugu lanean.<\/p>\n<\/div>","protected":false},"excerpt":{"rendered":"<p>Entrevistamos a Alberto, director de la sucursal de Fiare Banca Etica en Bilbao, sobre el contexto actual y las perspectivas y retos de futuro del sector.<\/p>\n","protected":false},"author":2,"featured_media":329366,"comment_status":"open","ping_status":"closed","sticky":false,"template":"","format":"standard","meta":{"_acf_changed":false,"footnotes":""},"categories":[11643],"tags":[],"coauthors":[],"class_list":["post-344176","post","type-post","status-publish","format-standard","has-post-thumbnail","hentry","category-finances-etiques"],"acf":[],"yoast_head":"<!-- This site is optimized with the Yoast SEO plugin v26.9 - https:\/\/yoast.com\/product\/yoast-seo-wordpress\/ -->\n<title>\u201cNuestra clientela valora la cercan\u00eda, la flexibilidad y la escucha activa\u201d - Fiare Banca Etica<\/title>\n<meta name=\"robots\" content=\"index, follow, max-snippet:-1, max-image-preview:large, max-video-preview:-1\" \/>\n<link rel=\"canonical\" href=\"https:\/\/www.fiarebancaetica.coop\/ca\/nuestra-clientela-valora-la-cercania-la-flexibilidad-y-la-escucha-activa\/\" \/>\n<meta property=\"og:locale\" content=\"ca_ES\" \/>\n<meta property=\"og:type\" content=\"article\" \/>\n<meta property=\"og:title\" content=\"\u201cNuestra clientela valora la cercan\u00eda, la flexibilidad y la escucha activa\u201d - Fiare Banca Etica\" \/>\n<meta property=\"og:description\" content=\"Entrevistamos a Alberto, director de la sucursal de Fiare Banca Etica en Bilbao, sobre el contexto actual y las perspectivas y retos de futuro del sector.\" \/>\n<meta property=\"og:url\" content=\"https:\/\/www.fiarebancaetica.coop\/ca\/nuestra-clientela-valora-la-cercania-la-flexibilidad-y-la-escucha-activa\/\" \/>\n<meta property=\"og:site_name\" content=\"Fiare Banca Etica\" \/>\n<meta property=\"article:published_time\" content=\"2020-10-04T22:00:00+00:00\" \/>\n<meta property=\"article:modified_time\" content=\"2024-02-21T14:16:56+00:00\" \/>\n<meta property=\"og:image\" content=\"https:\/\/www.fiarebancaetica.coop\/app\/uploads\/sites\/2\/2023\/12\/nuestra-clientela-valora-cercania-flexibilidad-y-escucha-activa.jpg\" \/>\n\t<meta property=\"og:image:width\" content=\"540\" \/>\n\t<meta property=\"og:image:height\" content=\"250\" \/>\n\t<meta property=\"og:image:type\" content=\"image\/jpeg\" \/>\n<meta name=\"author\" content=\"crispyadmin0\" \/>\n<meta name=\"twitter:card\" content=\"summary_large_image\" \/>\n<script type=\"application\/ld+json\" class=\"yoast-schema-graph\">{\"@context\":\"https:\/\/schema.org\",\"@graph\":[{\"@type\":\"Article\",\"@id\":\"https:\/\/www.fiarebancaetica.coop\/ca\/nuestra-clientela-valora-la-cercania-la-flexibilidad-y-la-escucha-activa\/#article\",\"isPartOf\":{\"@id\":\"https:\/\/www.fiarebancaetica.coop\/ca\/nuestra-clientela-valora-la-cercania-la-flexibilidad-y-la-escucha-activa\/\"},\"author\":{\"name\":\"crispyadmin0\",\"@id\":\"https:\/\/www.fiarebancaetica.coop\/ca\/#\/schema\/person\/579841e89c804b5db05d9141bd9b8272\"},\"headline\":\"\u201cNuestra clientela valora la cercan\u00eda, la flexibilidad y la escucha activa\u201d\",\"datePublished\":\"2020-10-04T22:00:00+00:00\",\"dateModified\":\"2024-02-21T14:16:56+00:00\",\"mainEntityOfPage\":{\"@id\":\"https:\/\/www.fiarebancaetica.coop\/ca\/nuestra-clientela-valora-la-cercania-la-flexibilidad-y-la-escucha-activa\/\"},\"wordCount\":1631,\"commentCount\":0,\"image\":{\"@id\":\"https:\/\/www.fiarebancaetica.coop\/ca\/nuestra-clientela-valora-la-cercania-la-flexibilidad-y-la-escucha-activa\/#primaryimage\"},\"thumbnailUrl\":\"https:\/\/www.fiarebancaetica.coop\/app\/uploads\/sites\/2\/2023\/12\/nuestra-clientela-valora-cercania-flexibilidad-y-escucha-activa.jpg\",\"articleSection\":[\"Finances \u00e8tiques\"],\"inLanguage\":\"ca\",\"potentialAction\":[{\"@type\":\"CommentAction\",\"name\":\"Comment\",\"target\":[\"https:\/\/www.fiarebancaetica.coop\/ca\/nuestra-clientela-valora-la-cercania-la-flexibilidad-y-la-escucha-activa\/#respond\"]}]},{\"@type\":\"WebPage\",\"@id\":\"https:\/\/www.fiarebancaetica.coop\/ca\/nuestra-clientela-valora-la-cercania-la-flexibilidad-y-la-escucha-activa\/\",\"url\":\"https:\/\/www.fiarebancaetica.coop\/ca\/nuestra-clientela-valora-la-cercania-la-flexibilidad-y-la-escucha-activa\/\",\"name\":\"\u201cNuestra clientela valora la cercan\u00eda, la flexibilidad y la escucha activa\u201d - Fiare Banca Etica\",\"isPartOf\":{\"@id\":\"https:\/\/www.fiarebancaetica.coop\/ca\/#website\"},\"primaryImageOfPage\":{\"@id\":\"https:\/\/www.fiarebancaetica.coop\/ca\/nuestra-clientela-valora-la-cercania-la-flexibilidad-y-la-escucha-activa\/#primaryimage\"},\"image\":{\"@id\":\"https:\/\/www.fiarebancaetica.coop\/ca\/nuestra-clientela-valora-la-cercania-la-flexibilidad-y-la-escucha-activa\/#primaryimage\"},\"thumbnailUrl\":\"https:\/\/www.fiarebancaetica.coop\/app\/uploads\/sites\/2\/2023\/12\/nuestra-clientela-valora-cercania-flexibilidad-y-escucha-activa.jpg\",\"datePublished\":\"2020-10-04T22:00:00+00:00\",\"dateModified\":\"2024-02-21T14:16:56+00:00\",\"author\":{\"@id\":\"https:\/\/www.fiarebancaetica.coop\/ca\/#\/schema\/person\/579841e89c804b5db05d9141bd9b8272\"},\"breadcrumb\":{\"@id\":\"https:\/\/www.fiarebancaetica.coop\/ca\/nuestra-clientela-valora-la-cercania-la-flexibilidad-y-la-escucha-activa\/#breadcrumb\"},\"inLanguage\":\"ca\",\"potentialAction\":[{\"@type\":\"ReadAction\",\"target\":[\"https:\/\/www.fiarebancaetica.coop\/ca\/nuestra-clientela-valora-la-cercania-la-flexibilidad-y-la-escucha-activa\/\"]}]},{\"@type\":\"ImageObject\",\"inLanguage\":\"ca\",\"@id\":\"https:\/\/www.fiarebancaetica.coop\/ca\/nuestra-clientela-valora-la-cercania-la-flexibilidad-y-la-escucha-activa\/#primaryimage\",\"url\":\"https:\/\/www.fiarebancaetica.coop\/app\/uploads\/sites\/2\/2023\/12\/nuestra-clientela-valora-cercania-flexibilidad-y-escucha-activa.jpg\",\"contentUrl\":\"https:\/\/www.fiarebancaetica.coop\/app\/uploads\/sites\/2\/2023\/12\/nuestra-clientela-valora-cercania-flexibilidad-y-escucha-activa.jpg\",\"width\":540,\"height\":250},{\"@type\":\"BreadcrumbList\",\"@id\":\"https:\/\/www.fiarebancaetica.coop\/ca\/nuestra-clientela-valora-la-cercania-la-flexibilidad-y-la-escucha-activa\/#breadcrumb\",\"itemListElement\":[{\"@type\":\"ListItem\",\"position\":1,\"name\":\"Home\",\"item\":\"https:\/\/www.fiarebancaetica.coop\/ca\/\"},{\"@type\":\"ListItem\",\"position\":2,\"name\":\"\u201cNuestra clientela valora la cercan\u00eda, la flexibilidad y la escucha activa\u201d\"}]},{\"@type\":\"WebSite\",\"@id\":\"https:\/\/www.fiarebancaetica.coop\/ca\/#website\",\"url\":\"https:\/\/www.fiarebancaetica.coop\/ca\/\",\"name\":\"Fiare Banca Etica\",\"description\":\"\",\"potentialAction\":[{\"@type\":\"SearchAction\",\"target\":{\"@type\":\"EntryPoint\",\"urlTemplate\":\"https:\/\/www.fiarebancaetica.coop\/ca\/?s={search_term_string}\"},\"query-input\":{\"@type\":\"PropertyValueSpecification\",\"valueRequired\":true,\"valueName\":\"search_term_string\"}}],\"inLanguage\":\"ca\"},{\"@type\":\"Person\",\"@id\":\"https:\/\/www.fiarebancaetica.coop\/ca\/#\/schema\/person\/579841e89c804b5db05d9141bd9b8272\",\"name\":\"crispyadmin0\",\"image\":{\"@type\":\"ImageObject\",\"inLanguage\":\"ca\",\"@id\":\"https:\/\/www.fiarebancaetica.coop\/ca\/#\/schema\/person\/image\/5f3a6b7786f32f4c35bd2b1a5a4698ea\",\"url\":\"https:\/\/secure.gravatar.com\/avatar\/4d2cfb499d497b6d49da659fab7404b243a87fe8e40d2cf97a1cae48f677f5b2?s=96&d=mm&r=g\",\"contentUrl\":\"https:\/\/secure.gravatar.com\/avatar\/4d2cfb499d497b6d49da659fab7404b243a87fe8e40d2cf97a1cae48f677f5b2?s=96&d=mm&r=g\",\"caption\":\"crispyadmin0\"},\"sameAs\":[\"crispyadmin0\"]}]}<\/script>\n<!-- \/ Yoast SEO plugin. -->","yoast_head_json":{"title":"\u201cNuestra clientela valora la cercan\u00eda, la flexibilidad y la escucha activa\u201d - Fiare Banca Etica","robots":{"index":"index","follow":"follow","max-snippet":"max-snippet:-1","max-image-preview":"max-image-preview:large","max-video-preview":"max-video-preview:-1"},"canonical":"https:\/\/www.fiarebancaetica.coop\/ca\/nuestra-clientela-valora-la-cercania-la-flexibilidad-y-la-escucha-activa\/","og_locale":"ca_ES","og_type":"article","og_title":"\u201cNuestra clientela valora la cercan\u00eda, la flexibilidad y la escucha activa\u201d - Fiare Banca Etica","og_description":"Entrevistamos a Alberto, director de la sucursal de Fiare Banca Etica en Bilbao, sobre el contexto actual y las perspectivas y retos de futuro del sector.","og_url":"https:\/\/www.fiarebancaetica.coop\/ca\/nuestra-clientela-valora-la-cercania-la-flexibilidad-y-la-escucha-activa\/","og_site_name":"Fiare Banca Etica","article_published_time":"2020-10-04T22:00:00+00:00","article_modified_time":"2024-02-21T14:16:56+00:00","og_image":[{"width":540,"height":250,"url":"https:\/\/www.fiarebancaetica.coop\/app\/uploads\/sites\/2\/2023\/12\/nuestra-clientela-valora-cercania-flexibilidad-y-escucha-activa.jpg","type":"image\/jpeg"}],"author":"crispyadmin0","twitter_card":"summary_large_image","schema":{"@context":"https:\/\/schema.org","@graph":[{"@type":"Article","@id":"https:\/\/www.fiarebancaetica.coop\/ca\/nuestra-clientela-valora-la-cercania-la-flexibilidad-y-la-escucha-activa\/#article","isPartOf":{"@id":"https:\/\/www.fiarebancaetica.coop\/ca\/nuestra-clientela-valora-la-cercania-la-flexibilidad-y-la-escucha-activa\/"},"author":{"name":"crispyadmin0","@id":"https:\/\/www.fiarebancaetica.coop\/ca\/#\/schema\/person\/579841e89c804b5db05d9141bd9b8272"},"headline":"\u201cNuestra clientela valora la cercan\u00eda, la flexibilidad y la escucha activa\u201d","datePublished":"2020-10-04T22:00:00+00:00","dateModified":"2024-02-21T14:16:56+00:00","mainEntityOfPage":{"@id":"https:\/\/www.fiarebancaetica.coop\/ca\/nuestra-clientela-valora-la-cercania-la-flexibilidad-y-la-escucha-activa\/"},"wordCount":1631,"commentCount":0,"image":{"@id":"https:\/\/www.fiarebancaetica.coop\/ca\/nuestra-clientela-valora-la-cercania-la-flexibilidad-y-la-escucha-activa\/#primaryimage"},"thumbnailUrl":"https:\/\/www.fiarebancaetica.coop\/app\/uploads\/sites\/2\/2023\/12\/nuestra-clientela-valora-cercania-flexibilidad-y-escucha-activa.jpg","articleSection":["Finances \u00e8tiques"],"inLanguage":"ca","potentialAction":[{"@type":"CommentAction","name":"Comment","target":["https:\/\/www.fiarebancaetica.coop\/ca\/nuestra-clientela-valora-la-cercania-la-flexibilidad-y-la-escucha-activa\/#respond"]}]},{"@type":"WebPage","@id":"https:\/\/www.fiarebancaetica.coop\/ca\/nuestra-clientela-valora-la-cercania-la-flexibilidad-y-la-escucha-activa\/","url":"https:\/\/www.fiarebancaetica.coop\/ca\/nuestra-clientela-valora-la-cercania-la-flexibilidad-y-la-escucha-activa\/","name":"\u201cNuestra clientela valora la cercan\u00eda, la flexibilidad y la escucha activa\u201d - Fiare Banca Etica","isPartOf":{"@id":"https:\/\/www.fiarebancaetica.coop\/ca\/#website"},"primaryImageOfPage":{"@id":"https:\/\/www.fiarebancaetica.coop\/ca\/nuestra-clientela-valora-la-cercania-la-flexibilidad-y-la-escucha-activa\/#primaryimage"},"image":{"@id":"https:\/\/www.fiarebancaetica.coop\/ca\/nuestra-clientela-valora-la-cercania-la-flexibilidad-y-la-escucha-activa\/#primaryimage"},"thumbnailUrl":"https:\/\/www.fiarebancaetica.coop\/app\/uploads\/sites\/2\/2023\/12\/nuestra-clientela-valora-cercania-flexibilidad-y-escucha-activa.jpg","datePublished":"2020-10-04T22:00:00+00:00","dateModified":"2024-02-21T14:16:56+00:00","author":{"@id":"https:\/\/www.fiarebancaetica.coop\/ca\/#\/schema\/person\/579841e89c804b5db05d9141bd9b8272"},"breadcrumb":{"@id":"https:\/\/www.fiarebancaetica.coop\/ca\/nuestra-clientela-valora-la-cercania-la-flexibilidad-y-la-escucha-activa\/#breadcrumb"},"inLanguage":"ca","potentialAction":[{"@type":"ReadAction","target":["https:\/\/www.fiarebancaetica.coop\/ca\/nuestra-clientela-valora-la-cercania-la-flexibilidad-y-la-escucha-activa\/"]}]},{"@type":"ImageObject","inLanguage":"ca","@id":"https:\/\/www.fiarebancaetica.coop\/ca\/nuestra-clientela-valora-la-cercania-la-flexibilidad-y-la-escucha-activa\/#primaryimage","url":"https:\/\/www.fiarebancaetica.coop\/app\/uploads\/sites\/2\/2023\/12\/nuestra-clientela-valora-cercania-flexibilidad-y-escucha-activa.jpg","contentUrl":"https:\/\/www.fiarebancaetica.coop\/app\/uploads\/sites\/2\/2023\/12\/nuestra-clientela-valora-cercania-flexibilidad-y-escucha-activa.jpg","width":540,"height":250},{"@type":"BreadcrumbList","@id":"https:\/\/www.fiarebancaetica.coop\/ca\/nuestra-clientela-valora-la-cercania-la-flexibilidad-y-la-escucha-activa\/#breadcrumb","itemListElement":[{"@type":"ListItem","position":1,"name":"Home","item":"https:\/\/www.fiarebancaetica.coop\/ca\/"},{"@type":"ListItem","position":2,"name":"\u201cNuestra clientela valora la cercan\u00eda, la flexibilidad y la escucha activa\u201d"}]},{"@type":"WebSite","@id":"https:\/\/www.fiarebancaetica.coop\/ca\/#website","url":"https:\/\/www.fiarebancaetica.coop\/ca\/","name":"Fiare Banca Etica","description":"","potentialAction":[{"@type":"SearchAction","target":{"@type":"EntryPoint","urlTemplate":"https:\/\/www.fiarebancaetica.coop\/ca\/?s={search_term_string}"},"query-input":{"@type":"PropertyValueSpecification","valueRequired":true,"valueName":"search_term_string"}}],"inLanguage":"ca"},{"@type":"Person","@id":"https:\/\/www.fiarebancaetica.coop\/ca\/#\/schema\/person\/579841e89c804b5db05d9141bd9b8272","name":"crispyadmin0","image":{"@type":"ImageObject","inLanguage":"ca","@id":"https:\/\/www.fiarebancaetica.coop\/ca\/#\/schema\/person\/image\/5f3a6b7786f32f4c35bd2b1a5a4698ea","url":"https:\/\/secure.gravatar.com\/avatar\/4d2cfb499d497b6d49da659fab7404b243a87fe8e40d2cf97a1cae48f677f5b2?s=96&d=mm&r=g","contentUrl":"https:\/\/secure.gravatar.com\/avatar\/4d2cfb499d497b6d49da659fab7404b243a87fe8e40d2cf97a1cae48f677f5b2?s=96&d=mm&r=g","caption":"crispyadmin0"},"sameAs":["crispyadmin0"]}]}},"_links":{"self":[{"href":"https:\/\/www.fiarebancaetica.coop\/ca\/wp-json\/wp\/v2\/posts\/344176","targetHints":{"allow":["GET"]}}],"collection":[{"href":"https:\/\/www.fiarebancaetica.coop\/ca\/wp-json\/wp\/v2\/posts"}],"about":[{"href":"https:\/\/www.fiarebancaetica.coop\/ca\/wp-json\/wp\/v2\/types\/post"}],"author":[{"embeddable":true,"href":"https:\/\/www.fiarebancaetica.coop\/ca\/wp-json\/wp\/v2\/users\/2"}],"replies":[{"embeddable":true,"href":"https:\/\/www.fiarebancaetica.coop\/ca\/wp-json\/wp\/v2\/comments?post=344176"}],"version-history":[{"count":1,"href":"https:\/\/www.fiarebancaetica.coop\/ca\/wp-json\/wp\/v2\/posts\/344176\/revisions"}],"predecessor-version":[{"id":354700,"href":"https:\/\/www.fiarebancaetica.coop\/ca\/wp-json\/wp\/v2\/posts\/344176\/revisions\/354700"}],"wp:featuredmedia":[{"embeddable":true,"href":"https:\/\/www.fiarebancaetica.coop\/ca\/wp-json\/wp\/v2\/media\/329366"}],"wp:attachment":[{"href":"https:\/\/www.fiarebancaetica.coop\/ca\/wp-json\/wp\/v2\/media?parent=344176"}],"wp:term":[{"taxonomy":"category","embeddable":true,"href":"https:\/\/www.fiarebancaetica.coop\/ca\/wp-json\/wp\/v2\/categories?post=344176"},{"taxonomy":"post_tag","embeddable":true,"href":"https:\/\/www.fiarebancaetica.coop\/ca\/wp-json\/wp\/v2\/tags?post=344176"},{"taxonomy":"author","embeddable":true,"href":"https:\/\/www.fiarebancaetica.coop\/ca\/wp-json\/wp\/v2\/coauthors?post=344176"}],"curies":[{"name":"wp","href":"https:\/\/api.w.org\/{rel}","templated":true}]}}