{"id":344263,"date":"2020-06-17T00:00:00","date_gmt":"2020-06-16T22:00:00","guid":{"rendered":"https:\/\/www.fiarebancaetica.coop\/amica-trabajo-autonomo-para-personas-diversas\/"},"modified":"2024-02-21T15:21:39","modified_gmt":"2024-02-21T14:21:39","slug":"amica-trabajo-autonomo-para-personas-diversas","status":"publish","type":"post","link":"https:\/\/www.fiarebancaetica.coop\/ca\/amica-trabajo-autonomo-para-personas-diversas\/","title":{"rendered":"AMICA: trabajo aut\u00f3nomo para personas diversas"},"content":{"rendered":"\n\n<div class=\"wp-block-bancaetica-blocks-blocks-block-49\">\n    <div class=\"container-block-49\">\n\n        <div class=\"header-section \">\n                            <h1 class=\"section-title\"> Etica e cooperativa <\/h1>\n                                            <\/div>\n\n        \n        <div class=\"block-background\" style=\"background-image: url('https:\/\/www.fiarebancaetica.coop\/app\/uploads\/sites\/2\/2023\/12\/amica-trabajo-autonomo-para-personas-diversas.jpg')\">\n                            <div class=\"tile\">\n                    <h1 class=\"image-title\"> AMICA: trabajo aut\u00f3nomo para personas diversas <\/h1>\n                <\/div>             <!-- end .tile -->\n            <div class=\"bottom-content\">\n                            <\/div> <!-- end .button-content -->\n        <\/div> <!-- end .block-background -->\n    <\/div> <!-- end .container -->\n<\/div> <!-- end wp-block-bancaetica-blocks-blocks-block-06 -->\n\n\n<div class=\"wrapper-crispybacon-class wrapper-crispybacon-class-boxed \">\n    <p>Han pasado 36 a\u00f1os desde que <a href=\"https:\/\/amica.es\/es\/\">Amica<\/a> puso en marcha su proyecto de integraci\u00f3n social y laboral en Cantabria. Desde entonces m\u00e1s de 8.000 personas con discapacidad han pasado por los servicios de formaci\u00f3n y orientaci\u00f3n laboral prestados por la asociaci\u00f3n\u2008a trav\u00e9s de las empresas de su centro especial de empleo (<a href=\"http:\/\/www.soemca.com\/web\/index.php\">Soemca<\/a>) y un alto porcentaje han conseguido un trabajo fuera.<\/p>\n<p>La iniciativa social con vocaci\u00f3n universal que naci\u00f3 en Torrelavega en 1984<strong> ha logrado innovar en la forma de entender la discapacidad,<\/strong> descubriendo las capacidades, en la forma de apoyar a las personas para que puedan ejercer sus derechos de ciudadan\u00eda viviendo en la comunidad.<\/p>\n<p>Siendo pionera en la creaci\u00f3n de oportunidades de empleo en el alquiler de ropa limpia para la hosteler\u00eda, tambi\u00e9n en las actividades medioambientales, tanto en la gesti\u00f3n de residuos, como en la recuperaci\u00f3n paisaj\u00edstica, y actualmente en la lucha contra el cambio clim\u00e1tico, la aplicaci\u00f3n de soluciones naturales a los entornos urbanos, industriales para combatir el calentamiento global, o la experimentaci\u00f3n bot\u00e1nica para apoyar la investigaci\u00f3n medicinal en la lucha contra el Covid-19.<\/p>\n<p>Con cada una de las <strong>personas con discapacidad<\/strong> se lleva a cabo un<strong> itinerario ajustado a sus intereses, necesidades y capacidades<\/strong> con el objetivo de favorecer su promoci\u00f3n personal y participaci\u00f3n social. Esta metodolog\u00eda de acompa\u00f1amiento est\u00e1 basada en un apoyo global e individualizado, en la que cada persona cuenta con un profesional de referencia que coordina las actuaciones necesarias para conseguir los objetivos personales, incluyendo el acercamiento a su entorno y la colaboraci\u00f3n familiar.<\/p>\n<p>Amica ha&nbsp;desarrollado un enorme despliegue de apoyos a m\u00e1s de 8.000 personas que ha atendido en sus a\u00f1os de historia, formando laboralmente a 4.000 de ellas y logrado m\u00e1s de 2.000 empleos en los propios centros y en inserci\u00f3n lograda en m\u00e1s de 150 empresas colaboradoras. Adem\u00e1s es parte de la <a href=\"https:\/\/www.cocemfe.es\/\">Confederaci\u00f3n Espa\u00f1ola de Personas con Discapacidad F\u00edsica y Org\u00e1nica.<\/a><\/p>\n<h2>\n\tIntegraci\u00f3n a trav\u00e9s de los servicios de lavander\u00eda<\/h2>\n<p>Soemca es un centro especial de empleo para personas con discapacidad que focaliza su labor en el \u00e1mbito del alquiler, confecci\u00f3n y lavado de ropa esencialmente para centros hospitalarios y hosteler\u00eda. Toda la ropa que se utiliza en buena parte de esas actividades, ya sean s\u00e1banas, manteles o uniformes, se confeccionan, lavan y planchan en instalaciones creadas por Amica.<\/p>\n<h2>\n\tInicios de esta iniciativa<\/h2>\n<p>Amica tiene sus <strong>or\u00edgenes en los a\u00f1os 80<\/strong>, cuando un grupo de padres y profesionales (psic\u00f3logos y terapeutas), decidieron organizarse en una asociaci\u00f3n que atendiera las necesidades de sus familiares con alguna discapacidad. En esa b\u00fasqueda para <strong>dotarles de una mayor autonom\u00eda<\/strong> faltaba dar un paso, el que les separa del mundo laboral.<br \/>\n\t<br \/>\n\tEl primer paso fue la creaci\u00f3n de un peque\u00f1o taller de confecci\u00f3n en el que empezaron a trabajar seis mujeres con discapacidades auditivas e intelectuales.<br \/>\n\tLos primeros encargos de ropa de cama para tiendas dieron paso, a una especializaci\u00f3n en ropa hospitalaria, equipamiento para hosteler\u00eda y uniformes de trabajo. Una actividad en la que actualmente trabajan muchas personas y que se ha convertido en el primer eslab\u00f3n de la cadena laboral dise\u00f1ada por los responsables de Soemca.<\/p>\n<h2>\n\tInnovaci\u00f3n cont\u00ednua<\/h2>\n<p>En su b\u00fasqueda de nichos de mercado para sus trabajadores, la direcci\u00f3n de este centro especial de empleo encontr\u00f3 un nuevo sector que, la lavander\u00eda industrial.<br \/>\n\t<br \/>\n\tAdem\u00e1s de las peque\u00f1as lavander\u00edas comerciales y de dos grandes plantas industriales, el grupo ofrece una variante a\u00fan m\u00e1s flexible: desplazar equipos de trabajo a los centros que as\u00ed lo deseen para realizar in situ el servicio de lavado y el mantenimiento. Con esta f\u00f3rmula gestiona las lavander\u00edas de varias residencias. Soemca\u2008tiene desplazados unos 50 trabajadores con discapacidad que conviven con la plantilla de varios centros.<br \/>\n\t<br \/>\n\tFiare Banca Etica, Amica y su centro especial de empleo Soemca han firmado <strong>operaciones de financiaci\u00f3n destinadas a apoyar las iniciativas sociales, laborales y de inclusi\u00f3n llevadas a cabo por la asociaci\u00f3n. <\/strong>La finalidad del pr\u00e9stamo ser\u00e1 favorecer las inversiones necesarias que permitan a Amica desarrollar sus proyectos a trav\u00e9s de la inversi\u00f3n en nuevo equipamiento para la lavander\u00eda, maquinaria para fabricar materiales para hospitales p\u00fablicos, para la desinfecci\u00f3n de ropa y equipos y fabricaci\u00f3n mascarillas y otros utensilios y obras en el centro especial de empleo. Todo para impulsar los proyectos de innovaci\u00f3n que se est\u00e1n llevando a cabo en Amica tras la pandemia.<\/p>\n<p>&nbsp;<\/p>\n<p><a href=\"https:\/\/amica.es\/es\/\"><strong>https:\/\/amica.es\/es\/<\/strong><\/a><\/p>\n<\/div>","protected":false},"excerpt":{"rendered":"<p>Han pasado 36 a\u00f1os desde que Amica puso en marcha su proyecto de integraci\u00f3n social y laboral en Cantabria. Desde entonces miles de personas con discapacidad han pasado por los servicios de formaci\u00f3n y orientaci\u00f3n laboral prestados por la asociaci\u00f3n\u2008a trav\u00e9s de las empresas de su centro especial de empleo (Soemca) y un alto porcentaje han conseguido un trabajo fuera.<\/p>\n","protected":false},"author":2,"featured_media":329240,"comment_status":"open","ping_status":"closed","sticky":false,"template":"","format":"standard","meta":{"_acf_changed":false,"footnotes":""},"categories":[11662],"tags":[],"coauthors":[],"class_list":["post-344263","post","type-post","status-publish","format-standard","has-post-thumbnail","hentry","category-histories-dimpacte-positiu"],"acf":[],"yoast_head":"<!-- This site is optimized with the Yoast SEO plugin v26.9 - https:\/\/yoast.com\/product\/yoast-seo-wordpress\/ -->\n<title>AMICA: trabajo aut\u00f3nomo para personas diversas - Fiare Banca Etica<\/title>\n<meta name=\"robots\" content=\"index, follow, max-snippet:-1, max-image-preview:large, max-video-preview:-1\" \/>\n<link rel=\"canonical\" href=\"https:\/\/www.fiarebancaetica.coop\/ca\/amica-trabajo-autonomo-para-personas-diversas\/\" \/>\n<meta property=\"og:locale\" content=\"ca_ES\" \/>\n<meta property=\"og:type\" content=\"article\" \/>\n<meta property=\"og:title\" content=\"AMICA: trabajo aut\u00f3nomo para personas diversas - Fiare Banca Etica\" \/>\n<meta property=\"og:description\" content=\"Han pasado 36 a\u00f1os desde que Amica puso en marcha su proyecto de integraci\u00f3n social y laboral en Cantabria. Desde entonces miles de personas con discapacidad han pasado por los servicios de formaci\u00f3n y orientaci\u00f3n laboral prestados por la asociaci\u00f3n\u2008a trav\u00e9s de las empresas de su centro especial de empleo (Soemca) y un alto porcentaje han conseguido un trabajo fuera.\" \/>\n<meta property=\"og:url\" content=\"https:\/\/www.fiarebancaetica.coop\/ca\/amica-trabajo-autonomo-para-personas-diversas\/\" \/>\n<meta property=\"og:site_name\" content=\"Fiare Banca Etica\" \/>\n<meta property=\"article:published_time\" content=\"2020-06-16T22:00:00+00:00\" \/>\n<meta property=\"article:modified_time\" content=\"2024-02-21T14:21:39+00:00\" \/>\n<meta property=\"og:image\" content=\"https:\/\/www.fiarebancaetica.coop\/app\/uploads\/sites\/2\/2023\/12\/amica-trabajo-autonomo-para-personas-diversas.jpg\" \/>\n\t<meta property=\"og:image:width\" content=\"540\" \/>\n\t<meta property=\"og:image:height\" content=\"250\" \/>\n\t<meta property=\"og:image:type\" content=\"image\/jpeg\" \/>\n<meta name=\"author\" content=\"crispyadmin0\" \/>\n<meta name=\"twitter:card\" content=\"summary_large_image\" \/>\n<script type=\"application\/ld+json\" class=\"yoast-schema-graph\">{\"@context\":\"https:\/\/schema.org\",\"@graph\":[{\"@type\":\"Article\",\"@id\":\"https:\/\/www.fiarebancaetica.coop\/ca\/amica-trabajo-autonomo-para-personas-diversas\/#article\",\"isPartOf\":{\"@id\":\"https:\/\/www.fiarebancaetica.coop\/ca\/amica-trabajo-autonomo-para-personas-diversas\/\"},\"author\":{\"name\":\"crispyadmin0\",\"@id\":\"https:\/\/www.fiarebancaetica.coop\/ca\/#\/schema\/person\/579841e89c804b5db05d9141bd9b8272\"},\"headline\":\"AMICA: trabajo aut\u00f3nomo para personas diversas\",\"datePublished\":\"2020-06-16T22:00:00+00:00\",\"dateModified\":\"2024-02-21T14:21:39+00:00\",\"mainEntityOfPage\":{\"@id\":\"https:\/\/www.fiarebancaetica.coop\/ca\/amica-trabajo-autonomo-para-personas-diversas\/\"},\"wordCount\":799,\"commentCount\":0,\"image\":{\"@id\":\"https:\/\/www.fiarebancaetica.coop\/ca\/amica-trabajo-autonomo-para-personas-diversas\/#primaryimage\"},\"thumbnailUrl\":\"https:\/\/www.fiarebancaetica.coop\/app\/uploads\/sites\/2\/2023\/12\/amica-trabajo-autonomo-para-personas-diversas.jpg\",\"articleSection\":[\"Hist\u00f2ries d'impacte positiu\"],\"inLanguage\":\"ca\",\"potentialAction\":[{\"@type\":\"CommentAction\",\"name\":\"Comment\",\"target\":[\"https:\/\/www.fiarebancaetica.coop\/ca\/amica-trabajo-autonomo-para-personas-diversas\/#respond\"]}]},{\"@type\":\"WebPage\",\"@id\":\"https:\/\/www.fiarebancaetica.coop\/ca\/amica-trabajo-autonomo-para-personas-diversas\/\",\"url\":\"https:\/\/www.fiarebancaetica.coop\/ca\/amica-trabajo-autonomo-para-personas-diversas\/\",\"name\":\"AMICA: trabajo aut\u00f3nomo para personas diversas - Fiare Banca Etica\",\"isPartOf\":{\"@id\":\"https:\/\/www.fiarebancaetica.coop\/ca\/#website\"},\"primaryImageOfPage\":{\"@id\":\"https:\/\/www.fiarebancaetica.coop\/ca\/amica-trabajo-autonomo-para-personas-diversas\/#primaryimage\"},\"image\":{\"@id\":\"https:\/\/www.fiarebancaetica.coop\/ca\/amica-trabajo-autonomo-para-personas-diversas\/#primaryimage\"},\"thumbnailUrl\":\"https:\/\/www.fiarebancaetica.coop\/app\/uploads\/sites\/2\/2023\/12\/amica-trabajo-autonomo-para-personas-diversas.jpg\",\"datePublished\":\"2020-06-16T22:00:00+00:00\",\"dateModified\":\"2024-02-21T14:21:39+00:00\",\"author\":{\"@id\":\"https:\/\/www.fiarebancaetica.coop\/ca\/#\/schema\/person\/579841e89c804b5db05d9141bd9b8272\"},\"breadcrumb\":{\"@id\":\"https:\/\/www.fiarebancaetica.coop\/ca\/amica-trabajo-autonomo-para-personas-diversas\/#breadcrumb\"},\"inLanguage\":\"ca\",\"potentialAction\":[{\"@type\":\"ReadAction\",\"target\":[\"https:\/\/www.fiarebancaetica.coop\/ca\/amica-trabajo-autonomo-para-personas-diversas\/\"]}]},{\"@type\":\"ImageObject\",\"inLanguage\":\"ca\",\"@id\":\"https:\/\/www.fiarebancaetica.coop\/ca\/amica-trabajo-autonomo-para-personas-diversas\/#primaryimage\",\"url\":\"https:\/\/www.fiarebancaetica.coop\/app\/uploads\/sites\/2\/2023\/12\/amica-trabajo-autonomo-para-personas-diversas.jpg\",\"contentUrl\":\"https:\/\/www.fiarebancaetica.coop\/app\/uploads\/sites\/2\/2023\/12\/amica-trabajo-autonomo-para-personas-diversas.jpg\",\"width\":540,\"height\":250},{\"@type\":\"BreadcrumbList\",\"@id\":\"https:\/\/www.fiarebancaetica.coop\/ca\/amica-trabajo-autonomo-para-personas-diversas\/#breadcrumb\",\"itemListElement\":[{\"@type\":\"ListItem\",\"position\":1,\"name\":\"Home\",\"item\":\"https:\/\/www.fiarebancaetica.coop\/ca\/\"},{\"@type\":\"ListItem\",\"position\":2,\"name\":\"AMICA: trabajo aut\u00f3nomo para personas diversas\"}]},{\"@type\":\"WebSite\",\"@id\":\"https:\/\/www.fiarebancaetica.coop\/ca\/#website\",\"url\":\"https:\/\/www.fiarebancaetica.coop\/ca\/\",\"name\":\"Fiare Banca Etica\",\"description\":\"\",\"potentialAction\":[{\"@type\":\"SearchAction\",\"target\":{\"@type\":\"EntryPoint\",\"urlTemplate\":\"https:\/\/www.fiarebancaetica.coop\/ca\/?s={search_term_string}\"},\"query-input\":{\"@type\":\"PropertyValueSpecification\",\"valueRequired\":true,\"valueName\":\"search_term_string\"}}],\"inLanguage\":\"ca\"},{\"@type\":\"Person\",\"@id\":\"https:\/\/www.fiarebancaetica.coop\/ca\/#\/schema\/person\/579841e89c804b5db05d9141bd9b8272\",\"name\":\"crispyadmin0\",\"image\":{\"@type\":\"ImageObject\",\"inLanguage\":\"ca\",\"@id\":\"https:\/\/www.fiarebancaetica.coop\/ca\/#\/schema\/person\/image\/5f3a6b7786f32f4c35bd2b1a5a4698ea\",\"url\":\"https:\/\/secure.gravatar.com\/avatar\/4d2cfb499d497b6d49da659fab7404b243a87fe8e40d2cf97a1cae48f677f5b2?s=96&d=mm&r=g\",\"contentUrl\":\"https:\/\/secure.gravatar.com\/avatar\/4d2cfb499d497b6d49da659fab7404b243a87fe8e40d2cf97a1cae48f677f5b2?s=96&d=mm&r=g\",\"caption\":\"crispyadmin0\"},\"sameAs\":[\"crispyadmin0\"]}]}<\/script>\n<!-- \/ Yoast SEO plugin. -->","yoast_head_json":{"title":"AMICA: trabajo aut\u00f3nomo para personas diversas - Fiare Banca Etica","robots":{"index":"index","follow":"follow","max-snippet":"max-snippet:-1","max-image-preview":"max-image-preview:large","max-video-preview":"max-video-preview:-1"},"canonical":"https:\/\/www.fiarebancaetica.coop\/ca\/amica-trabajo-autonomo-para-personas-diversas\/","og_locale":"ca_ES","og_type":"article","og_title":"AMICA: trabajo aut\u00f3nomo para personas diversas - Fiare Banca Etica","og_description":"Han pasado 36 a\u00f1os desde que Amica puso en marcha su proyecto de integraci\u00f3n social y laboral en Cantabria. Desde entonces miles de personas con discapacidad han pasado por los servicios de formaci\u00f3n y orientaci\u00f3n laboral prestados por la asociaci\u00f3n\u2008a trav\u00e9s de las empresas de su centro especial de empleo (Soemca) y un alto porcentaje han conseguido un trabajo fuera.","og_url":"https:\/\/www.fiarebancaetica.coop\/ca\/amica-trabajo-autonomo-para-personas-diversas\/","og_site_name":"Fiare Banca Etica","article_published_time":"2020-06-16T22:00:00+00:00","article_modified_time":"2024-02-21T14:21:39+00:00","og_image":[{"width":540,"height":250,"url":"https:\/\/www.fiarebancaetica.coop\/app\/uploads\/sites\/2\/2023\/12\/amica-trabajo-autonomo-para-personas-diversas.jpg","type":"image\/jpeg"}],"author":"crispyadmin0","twitter_card":"summary_large_image","schema":{"@context":"https:\/\/schema.org","@graph":[{"@type":"Article","@id":"https:\/\/www.fiarebancaetica.coop\/ca\/amica-trabajo-autonomo-para-personas-diversas\/#article","isPartOf":{"@id":"https:\/\/www.fiarebancaetica.coop\/ca\/amica-trabajo-autonomo-para-personas-diversas\/"},"author":{"name":"crispyadmin0","@id":"https:\/\/www.fiarebancaetica.coop\/ca\/#\/schema\/person\/579841e89c804b5db05d9141bd9b8272"},"headline":"AMICA: trabajo aut\u00f3nomo para personas diversas","datePublished":"2020-06-16T22:00:00+00:00","dateModified":"2024-02-21T14:21:39+00:00","mainEntityOfPage":{"@id":"https:\/\/www.fiarebancaetica.coop\/ca\/amica-trabajo-autonomo-para-personas-diversas\/"},"wordCount":799,"commentCount":0,"image":{"@id":"https:\/\/www.fiarebancaetica.coop\/ca\/amica-trabajo-autonomo-para-personas-diversas\/#primaryimage"},"thumbnailUrl":"https:\/\/www.fiarebancaetica.coop\/app\/uploads\/sites\/2\/2023\/12\/amica-trabajo-autonomo-para-personas-diversas.jpg","articleSection":["Hist\u00f2ries d'impacte positiu"],"inLanguage":"ca","potentialAction":[{"@type":"CommentAction","name":"Comment","target":["https:\/\/www.fiarebancaetica.coop\/ca\/amica-trabajo-autonomo-para-personas-diversas\/#respond"]}]},{"@type":"WebPage","@id":"https:\/\/www.fiarebancaetica.coop\/ca\/amica-trabajo-autonomo-para-personas-diversas\/","url":"https:\/\/www.fiarebancaetica.coop\/ca\/amica-trabajo-autonomo-para-personas-diversas\/","name":"AMICA: trabajo aut\u00f3nomo para personas diversas - Fiare Banca Etica","isPartOf":{"@id":"https:\/\/www.fiarebancaetica.coop\/ca\/#website"},"primaryImageOfPage":{"@id":"https:\/\/www.fiarebancaetica.coop\/ca\/amica-trabajo-autonomo-para-personas-diversas\/#primaryimage"},"image":{"@id":"https:\/\/www.fiarebancaetica.coop\/ca\/amica-trabajo-autonomo-para-personas-diversas\/#primaryimage"},"thumbnailUrl":"https:\/\/www.fiarebancaetica.coop\/app\/uploads\/sites\/2\/2023\/12\/amica-trabajo-autonomo-para-personas-diversas.jpg","datePublished":"2020-06-16T22:00:00+00:00","dateModified":"2024-02-21T14:21:39+00:00","author":{"@id":"https:\/\/www.fiarebancaetica.coop\/ca\/#\/schema\/person\/579841e89c804b5db05d9141bd9b8272"},"breadcrumb":{"@id":"https:\/\/www.fiarebancaetica.coop\/ca\/amica-trabajo-autonomo-para-personas-diversas\/#breadcrumb"},"inLanguage":"ca","potentialAction":[{"@type":"ReadAction","target":["https:\/\/www.fiarebancaetica.coop\/ca\/amica-trabajo-autonomo-para-personas-diversas\/"]}]},{"@type":"ImageObject","inLanguage":"ca","@id":"https:\/\/www.fiarebancaetica.coop\/ca\/amica-trabajo-autonomo-para-personas-diversas\/#primaryimage","url":"https:\/\/www.fiarebancaetica.coop\/app\/uploads\/sites\/2\/2023\/12\/amica-trabajo-autonomo-para-personas-diversas.jpg","contentUrl":"https:\/\/www.fiarebancaetica.coop\/app\/uploads\/sites\/2\/2023\/12\/amica-trabajo-autonomo-para-personas-diversas.jpg","width":540,"height":250},{"@type":"BreadcrumbList","@id":"https:\/\/www.fiarebancaetica.coop\/ca\/amica-trabajo-autonomo-para-personas-diversas\/#breadcrumb","itemListElement":[{"@type":"ListItem","position":1,"name":"Home","item":"https:\/\/www.fiarebancaetica.coop\/ca\/"},{"@type":"ListItem","position":2,"name":"AMICA: trabajo aut\u00f3nomo para personas diversas"}]},{"@type":"WebSite","@id":"https:\/\/www.fiarebancaetica.coop\/ca\/#website","url":"https:\/\/www.fiarebancaetica.coop\/ca\/","name":"Fiare Banca Etica","description":"","potentialAction":[{"@type":"SearchAction","target":{"@type":"EntryPoint","urlTemplate":"https:\/\/www.fiarebancaetica.coop\/ca\/?s={search_term_string}"},"query-input":{"@type":"PropertyValueSpecification","valueRequired":true,"valueName":"search_term_string"}}],"inLanguage":"ca"},{"@type":"Person","@id":"https:\/\/www.fiarebancaetica.coop\/ca\/#\/schema\/person\/579841e89c804b5db05d9141bd9b8272","name":"crispyadmin0","image":{"@type":"ImageObject","inLanguage":"ca","@id":"https:\/\/www.fiarebancaetica.coop\/ca\/#\/schema\/person\/image\/5f3a6b7786f32f4c35bd2b1a5a4698ea","url":"https:\/\/secure.gravatar.com\/avatar\/4d2cfb499d497b6d49da659fab7404b243a87fe8e40d2cf97a1cae48f677f5b2?s=96&d=mm&r=g","contentUrl":"https:\/\/secure.gravatar.com\/avatar\/4d2cfb499d497b6d49da659fab7404b243a87fe8e40d2cf97a1cae48f677f5b2?s=96&d=mm&r=g","caption":"crispyadmin0"},"sameAs":["crispyadmin0"]}]}},"_links":{"self":[{"href":"https:\/\/www.fiarebancaetica.coop\/ca\/wp-json\/wp\/v2\/posts\/344263","targetHints":{"allow":["GET"]}}],"collection":[{"href":"https:\/\/www.fiarebancaetica.coop\/ca\/wp-json\/wp\/v2\/posts"}],"about":[{"href":"https:\/\/www.fiarebancaetica.coop\/ca\/wp-json\/wp\/v2\/types\/post"}],"author":[{"embeddable":true,"href":"https:\/\/www.fiarebancaetica.coop\/ca\/wp-json\/wp\/v2\/users\/2"}],"replies":[{"embeddable":true,"href":"https:\/\/www.fiarebancaetica.coop\/ca\/wp-json\/wp\/v2\/comments?post=344263"}],"version-history":[{"count":2,"href":"https:\/\/www.fiarebancaetica.coop\/ca\/wp-json\/wp\/v2\/posts\/344263\/revisions"}],"predecessor-version":[{"id":354616,"href":"https:\/\/www.fiarebancaetica.coop\/ca\/wp-json\/wp\/v2\/posts\/344263\/revisions\/354616"}],"wp:featuredmedia":[{"embeddable":true,"href":"https:\/\/www.fiarebancaetica.coop\/ca\/wp-json\/wp\/v2\/media\/329240"}],"wp:attachment":[{"href":"https:\/\/www.fiarebancaetica.coop\/ca\/wp-json\/wp\/v2\/media?parent=344263"}],"wp:term":[{"taxonomy":"category","embeddable":true,"href":"https:\/\/www.fiarebancaetica.coop\/ca\/wp-json\/wp\/v2\/categories?post=344263"},{"taxonomy":"post_tag","embeddable":true,"href":"https:\/\/www.fiarebancaetica.coop\/ca\/wp-json\/wp\/v2\/tags?post=344263"},{"taxonomy":"author","embeddable":true,"href":"https:\/\/www.fiarebancaetica.coop\/ca\/wp-json\/wp\/v2\/coauthors?post=344263"}],"curies":[{"name":"wp","href":"https:\/\/api.w.org\/{rel}","templated":true}]}}