{"id":344330,"date":"2020-04-28T00:00:00","date_gmt":"2020-04-27T22:00:00","guid":{"rendered":"https:\/\/www.fiarebancaetica.coop\/pensando-en-pandemias-y-finanzas-eticas\/"},"modified":"2024-02-21T15:23:05","modified_gmt":"2024-02-21T14:23:05","slug":"pensando-en-pandemias-y-finanzas-eticas","status":"publish","type":"post","link":"https:\/\/www.fiarebancaetica.coop\/ca\/pensando-en-pandemias-y-finanzas-eticas\/","title":{"rendered":"Pensando en pandemias y finanzas \u00e9ticas"},"content":{"rendered":"\n\n<div class=\"wp-block-bancaetica-blocks-blocks-block-49\">\n    <div class=\"container-block-49\">\n\n        <div class=\"header-section \">\n                            <h1 class=\"section-title\"> Etica e cooperativa <\/h1>\n                                            <\/div>\n\n        \n        <div class=\"block-background\" style=\"background-image: url('https:\/\/www.fiarebancaetica.coop\/app\/uploads\/sites\/2\/2023\/12\/pensando-en-pandemias-y-finanzas-eticas.jpg')\">\n                            <div class=\"tile\">\n                    <h1 class=\"image-title\"> Pensando en pandemias y finanzas \u00e9ticas <\/h1>\n                <\/div>             <!-- end .tile -->\n            <div class=\"bottom-content\">\n                            <\/div> <!-- end .button-content -->\n        <\/div> <!-- end .block-background -->\n    <\/div> <!-- end .container -->\n<\/div> <!-- end wp-block-bancaetica-blocks-blocks-block-06 -->\n\n\n<div class=\"wrapper-crispybacon-class wrapper-crispybacon-class-boxed \">\n    <p><em><strong>Peru Sasia, vicepresidente de Banca Etica y presidente de la <a href=\"https:\/\/www.febea.org\/\">Federaci\u00f3n Europea de Banca \u00c9tica y Alternativa<\/a><\/strong><\/em><\/p>\n<div>\n\tExtracto del art\u00edculo. Desc\u00e1rgalo completo <a href=\"http:\/\/www.fiarebancaetica.coop\/sites\/fiarebancaetica.com\/files\/documenti\/\/pandemia-y-finanzas-eticas.pdf\">AQUI<\/a><a href=\"https:\/\/www.fiarebancaetica.coop\/sites\/fiarebancaetica.com\/files\/documenti\/\/pandemia-y-finanzas-eticas.pdf\">.<\/a><\/div>\n<p>Financiera, ecol\u00f3gica, sanitaria\u2026 estos \u00faltimos a\u00f1os estamos consiguiendo agotar los adjetivos para etiquetar las crisis globales. Aquellas que etiquetamos, claro. Porque hay otras que son tan permanentes que parece que ya no captan nuestra atenci\u00f3n, ni desde luego la de los medios de comunicaci\u00f3n.<br \/>\n\t<br \/>\n\tCrisis que, dicho sea de paso, nos siguen<strong> invitando a analizar lo que est\u00e1 ocurriendo<\/strong>. Nos invitan a mucho m\u00e1s, por supuesto. Hay demasiado dolor, temor e incertidumbre como para pensar solo en mirar la realidad, <strong>sin sentir la obligaci\u00f3n de incidir en ella<\/strong>. Quede dicho al menos antes de seguir con esta reflexi\u00f3n.<\/p>\n<p><br \/>\n\tLos \u00e1ngulos posibles para pensar sobre esta crisis son, obviamente, muy numerosos. La mayor\u00eda estaban ya presentes en otras crisis y, me temo, seguir\u00e1n est\u00e1ndolo en las que queden por venir: las consecuencias de una globalizaci\u00f3n desatada a merced de los intereses de los grandes actores econ\u00f3micos y pol\u00edticos, el riesgo y su preferencia por las personas y sectores m\u00e1s vulnerables, el valor -siempre bajo sospecha- de un sector p\u00fablico fuerte y responsable que vele por el bien com\u00fan, la necesidad de un tejido moral individual y colectivo capaz de cambiar nuestras prioridades como sociedad global, las limitaciones de un economicismo ciego a la solidaridad y la cooperaci\u00f3n o lo mucho que dependemos de personas \u2013la gran mayor\u00eda mujeres, no lo olvidemos- desarrollando tareas que el mercado no considera dignas de un reconocimiento correlativo a su aportaci\u00f3n al bienestar\u2026<\/p>\n<p>De muchas de ellas se habla y se seguir\u00e1 hablando durante bastante tiempo. Algunas quedar\u00e1n enterradas por ser sospechosas, una vez pasada la amenaza inmediata, de entra\u00f1ar \u201cpeligrosos devaneos ideol\u00f3gicos antisistema\u201d. Esperemos que unas pocas nos dejen al menos nuevas ense\u00f1anzas que -quiz\u00e1s esta vez s\u00ed- nos ayuden a ser personas mejores y mejores sociedades.<br \/>\n\t<br \/>\n\tLos diferentes puntos de an\u00e1lisis en el art\u00edculo son los siguientes:<\/p>\n<ul>\n\t<li>\n\t\tLas finanzas \u00e9ticas a examen<\/li>\n\t<li>\n\t\tAutonom\u00eda, lucro y cultura<\/li>\n\t<li>\n\t\tGobernanzas: el sentido profundo de la actividad cooperativa<\/li>\n\t<li>\n\t\tEl bien interno de las finanzas \u00e9ticas (1): Cr\u00e9dito para la econom\u00eda real<\/li>\n\t<li>\n\t\tEl bien interno de las finanzas \u00e9ticas (2): Mucho m\u00e1s que finanzas<\/li>\n\t<li>\n\t\tLas finanzas \u00e9ticas tras la pandemia<\/li>\n<\/ul>\n<p>Descarga el <a href=\"http:\/\/www.fiarebancaetica.coop\/sites\/fiarebancaetica.com\/files\/documenti\/\/pandemia-y-finanzas-eticas.pdf\">ART\u00cdCULO COMPLETO<\/a>.<\/p>\n<p>Foto Unsplash- Cheng Feng<\/p>\n<\/div>","protected":false},"excerpt":{"rendered":"<p>Financiera, ecol\u00f3gica, sanitaria\u2026 estos \u00faltimos a\u00f1os estamos consiguiendo agotar los adjetivos para etiquetar las crisis globales.<\/p>\n","protected":false},"author":2,"featured_media":329174,"comment_status":"open","ping_status":"closed","sticky":false,"template":"","format":"standard","meta":{"_acf_changed":false,"footnotes":""},"categories":[11643],"tags":[11857],"coauthors":[2891],"class_list":["post-344330","post","type-post","status-publish","format-standard","has-post-thumbnail","hentry","category-finances-etiques","tag-opinio"],"acf":[],"yoast_head":"<!-- This site is optimized with the Yoast SEO plugin v26.9 - https:\/\/yoast.com\/product\/yoast-seo-wordpress\/ -->\n<title>Pensando en pandemias y finanzas \u00e9ticas - Fiare Banca Etica<\/title>\n<meta name=\"robots\" content=\"index, follow, max-snippet:-1, max-image-preview:large, max-video-preview:-1\" \/>\n<link rel=\"canonical\" href=\"https:\/\/www.fiarebancaetica.coop\/ca\/pensando-en-pandemias-y-finanzas-eticas\/\" \/>\n<meta property=\"og:locale\" content=\"ca_ES\" \/>\n<meta property=\"og:type\" content=\"article\" \/>\n<meta property=\"og:title\" content=\"Pensando en pandemias y finanzas \u00e9ticas - Fiare Banca Etica\" \/>\n<meta property=\"og:description\" content=\"Financiera, ecol\u00f3gica, sanitaria\u2026 estos \u00faltimos a\u00f1os estamos consiguiendo agotar los adjetivos para etiquetar las crisis globales.\" \/>\n<meta property=\"og:url\" content=\"https:\/\/www.fiarebancaetica.coop\/ca\/pensando-en-pandemias-y-finanzas-eticas\/\" \/>\n<meta property=\"og:site_name\" content=\"Fiare Banca Etica\" \/>\n<meta property=\"article:published_time\" content=\"2020-04-27T22:00:00+00:00\" \/>\n<meta property=\"article:modified_time\" content=\"2024-02-21T14:23:05+00:00\" \/>\n<meta property=\"og:image\" content=\"https:\/\/www.fiarebancaetica.coop\/app\/uploads\/sites\/2\/2023\/12\/pensando-en-pandemias-y-finanzas-eticas.jpg\" \/>\n\t<meta property=\"og:image:width\" content=\"540\" \/>\n\t<meta property=\"og:image:height\" content=\"250\" \/>\n\t<meta property=\"og:image:type\" content=\"image\/jpeg\" \/>\n<meta name=\"author\" content=\"crispyadmin0\" \/>\n<meta name=\"twitter:card\" content=\"summary_large_image\" \/>\n<script type=\"application\/ld+json\" class=\"yoast-schema-graph\">{\"@context\":\"https:\/\/schema.org\",\"@graph\":[{\"@type\":\"Article\",\"@id\":\"https:\/\/www.fiarebancaetica.coop\/ca\/pensando-en-pandemias-y-finanzas-eticas\/#article\",\"isPartOf\":{\"@id\":\"https:\/\/www.fiarebancaetica.coop\/ca\/pensando-en-pandemias-y-finanzas-eticas\/\"},\"author\":{\"name\":\"crispyadmin0\",\"@id\":\"https:\/\/www.fiarebancaetica.coop\/ca\/#\/schema\/person\/579841e89c804b5db05d9141bd9b8272\"},\"headline\":\"Pensando en pandemias y finanzas \u00e9ticas\",\"datePublished\":\"2020-04-27T22:00:00+00:00\",\"dateModified\":\"2024-02-21T14:23:05+00:00\",\"mainEntityOfPage\":{\"@id\":\"https:\/\/www.fiarebancaetica.coop\/ca\/pensando-en-pandemias-y-finanzas-eticas\/\"},\"wordCount\":421,\"commentCount\":0,\"image\":{\"@id\":\"https:\/\/www.fiarebancaetica.coop\/ca\/pensando-en-pandemias-y-finanzas-eticas\/#primaryimage\"},\"thumbnailUrl\":\"https:\/\/www.fiarebancaetica.coop\/app\/uploads\/sites\/2\/2023\/12\/pensando-en-pandemias-y-finanzas-eticas.jpg\",\"keywords\":[\"Opini\u00f3\"],\"articleSection\":[\"Finances \u00e8tiques\"],\"inLanguage\":\"ca\",\"potentialAction\":[{\"@type\":\"CommentAction\",\"name\":\"Comment\",\"target\":[\"https:\/\/www.fiarebancaetica.coop\/ca\/pensando-en-pandemias-y-finanzas-eticas\/#respond\"]}]},{\"@type\":\"WebPage\",\"@id\":\"https:\/\/www.fiarebancaetica.coop\/ca\/pensando-en-pandemias-y-finanzas-eticas\/\",\"url\":\"https:\/\/www.fiarebancaetica.coop\/ca\/pensando-en-pandemias-y-finanzas-eticas\/\",\"name\":\"Pensando en pandemias y finanzas \u00e9ticas - Fiare Banca Etica\",\"isPartOf\":{\"@id\":\"https:\/\/www.fiarebancaetica.coop\/ca\/#website\"},\"primaryImageOfPage\":{\"@id\":\"https:\/\/www.fiarebancaetica.coop\/ca\/pensando-en-pandemias-y-finanzas-eticas\/#primaryimage\"},\"image\":{\"@id\":\"https:\/\/www.fiarebancaetica.coop\/ca\/pensando-en-pandemias-y-finanzas-eticas\/#primaryimage\"},\"thumbnailUrl\":\"https:\/\/www.fiarebancaetica.coop\/app\/uploads\/sites\/2\/2023\/12\/pensando-en-pandemias-y-finanzas-eticas.jpg\",\"datePublished\":\"2020-04-27T22:00:00+00:00\",\"dateModified\":\"2024-02-21T14:23:05+00:00\",\"author\":{\"@id\":\"https:\/\/www.fiarebancaetica.coop\/ca\/#\/schema\/person\/579841e89c804b5db05d9141bd9b8272\"},\"breadcrumb\":{\"@id\":\"https:\/\/www.fiarebancaetica.coop\/ca\/pensando-en-pandemias-y-finanzas-eticas\/#breadcrumb\"},\"inLanguage\":\"ca\",\"potentialAction\":[{\"@type\":\"ReadAction\",\"target\":[\"https:\/\/www.fiarebancaetica.coop\/ca\/pensando-en-pandemias-y-finanzas-eticas\/\"]}]},{\"@type\":\"ImageObject\",\"inLanguage\":\"ca\",\"@id\":\"https:\/\/www.fiarebancaetica.coop\/ca\/pensando-en-pandemias-y-finanzas-eticas\/#primaryimage\",\"url\":\"https:\/\/www.fiarebancaetica.coop\/app\/uploads\/sites\/2\/2023\/12\/pensando-en-pandemias-y-finanzas-eticas.jpg\",\"contentUrl\":\"https:\/\/www.fiarebancaetica.coop\/app\/uploads\/sites\/2\/2023\/12\/pensando-en-pandemias-y-finanzas-eticas.jpg\",\"width\":540,\"height\":250},{\"@type\":\"BreadcrumbList\",\"@id\":\"https:\/\/www.fiarebancaetica.coop\/ca\/pensando-en-pandemias-y-finanzas-eticas\/#breadcrumb\",\"itemListElement\":[{\"@type\":\"ListItem\",\"position\":1,\"name\":\"Home\",\"item\":\"https:\/\/www.fiarebancaetica.coop\/ca\/\"},{\"@type\":\"ListItem\",\"position\":2,\"name\":\"Pensando en pandemias y finanzas \u00e9ticas\"}]},{\"@type\":\"WebSite\",\"@id\":\"https:\/\/www.fiarebancaetica.coop\/ca\/#website\",\"url\":\"https:\/\/www.fiarebancaetica.coop\/ca\/\",\"name\":\"Fiare Banca Etica\",\"description\":\"\",\"potentialAction\":[{\"@type\":\"SearchAction\",\"target\":{\"@type\":\"EntryPoint\",\"urlTemplate\":\"https:\/\/www.fiarebancaetica.coop\/ca\/?s={search_term_string}\"},\"query-input\":{\"@type\":\"PropertyValueSpecification\",\"valueRequired\":true,\"valueName\":\"search_term_string\"}}],\"inLanguage\":\"ca\"},{\"@type\":\"Person\",\"@id\":\"https:\/\/www.fiarebancaetica.coop\/ca\/#\/schema\/person\/579841e89c804b5db05d9141bd9b8272\",\"name\":\"crispyadmin0\",\"image\":{\"@type\":\"ImageObject\",\"inLanguage\":\"ca\",\"@id\":\"https:\/\/www.fiarebancaetica.coop\/ca\/#\/schema\/person\/image\/5f3a6b7786f32f4c35bd2b1a5a4698ea\",\"url\":\"https:\/\/secure.gravatar.com\/avatar\/4d2cfb499d497b6d49da659fab7404b243a87fe8e40d2cf97a1cae48f677f5b2?s=96&d=mm&r=g\",\"contentUrl\":\"https:\/\/secure.gravatar.com\/avatar\/4d2cfb499d497b6d49da659fab7404b243a87fe8e40d2cf97a1cae48f677f5b2?s=96&d=mm&r=g\",\"caption\":\"crispyadmin0\"},\"sameAs\":[\"crispyadmin0\"]}]}<\/script>\n<!-- \/ Yoast SEO plugin. -->","yoast_head_json":{"title":"Pensando en pandemias y finanzas \u00e9ticas - Fiare Banca Etica","robots":{"index":"index","follow":"follow","max-snippet":"max-snippet:-1","max-image-preview":"max-image-preview:large","max-video-preview":"max-video-preview:-1"},"canonical":"https:\/\/www.fiarebancaetica.coop\/ca\/pensando-en-pandemias-y-finanzas-eticas\/","og_locale":"ca_ES","og_type":"article","og_title":"Pensando en pandemias y finanzas \u00e9ticas - Fiare Banca Etica","og_description":"Financiera, ecol\u00f3gica, sanitaria\u2026 estos \u00faltimos a\u00f1os estamos consiguiendo agotar los adjetivos para etiquetar las crisis globales.","og_url":"https:\/\/www.fiarebancaetica.coop\/ca\/pensando-en-pandemias-y-finanzas-eticas\/","og_site_name":"Fiare Banca Etica","article_published_time":"2020-04-27T22:00:00+00:00","article_modified_time":"2024-02-21T14:23:05+00:00","og_image":[{"width":540,"height":250,"url":"https:\/\/www.fiarebancaetica.coop\/app\/uploads\/sites\/2\/2023\/12\/pensando-en-pandemias-y-finanzas-eticas.jpg","type":"image\/jpeg"}],"author":"crispyadmin0","twitter_card":"summary_large_image","schema":{"@context":"https:\/\/schema.org","@graph":[{"@type":"Article","@id":"https:\/\/www.fiarebancaetica.coop\/ca\/pensando-en-pandemias-y-finanzas-eticas\/#article","isPartOf":{"@id":"https:\/\/www.fiarebancaetica.coop\/ca\/pensando-en-pandemias-y-finanzas-eticas\/"},"author":{"name":"crispyadmin0","@id":"https:\/\/www.fiarebancaetica.coop\/ca\/#\/schema\/person\/579841e89c804b5db05d9141bd9b8272"},"headline":"Pensando en pandemias y finanzas \u00e9ticas","datePublished":"2020-04-27T22:00:00+00:00","dateModified":"2024-02-21T14:23:05+00:00","mainEntityOfPage":{"@id":"https:\/\/www.fiarebancaetica.coop\/ca\/pensando-en-pandemias-y-finanzas-eticas\/"},"wordCount":421,"commentCount":0,"image":{"@id":"https:\/\/www.fiarebancaetica.coop\/ca\/pensando-en-pandemias-y-finanzas-eticas\/#primaryimage"},"thumbnailUrl":"https:\/\/www.fiarebancaetica.coop\/app\/uploads\/sites\/2\/2023\/12\/pensando-en-pandemias-y-finanzas-eticas.jpg","keywords":["Opini\u00f3"],"articleSection":["Finances \u00e8tiques"],"inLanguage":"ca","potentialAction":[{"@type":"CommentAction","name":"Comment","target":["https:\/\/www.fiarebancaetica.coop\/ca\/pensando-en-pandemias-y-finanzas-eticas\/#respond"]}]},{"@type":"WebPage","@id":"https:\/\/www.fiarebancaetica.coop\/ca\/pensando-en-pandemias-y-finanzas-eticas\/","url":"https:\/\/www.fiarebancaetica.coop\/ca\/pensando-en-pandemias-y-finanzas-eticas\/","name":"Pensando en pandemias y finanzas \u00e9ticas - Fiare Banca Etica","isPartOf":{"@id":"https:\/\/www.fiarebancaetica.coop\/ca\/#website"},"primaryImageOfPage":{"@id":"https:\/\/www.fiarebancaetica.coop\/ca\/pensando-en-pandemias-y-finanzas-eticas\/#primaryimage"},"image":{"@id":"https:\/\/www.fiarebancaetica.coop\/ca\/pensando-en-pandemias-y-finanzas-eticas\/#primaryimage"},"thumbnailUrl":"https:\/\/www.fiarebancaetica.coop\/app\/uploads\/sites\/2\/2023\/12\/pensando-en-pandemias-y-finanzas-eticas.jpg","datePublished":"2020-04-27T22:00:00+00:00","dateModified":"2024-02-21T14:23:05+00:00","author":{"@id":"https:\/\/www.fiarebancaetica.coop\/ca\/#\/schema\/person\/579841e89c804b5db05d9141bd9b8272"},"breadcrumb":{"@id":"https:\/\/www.fiarebancaetica.coop\/ca\/pensando-en-pandemias-y-finanzas-eticas\/#breadcrumb"},"inLanguage":"ca","potentialAction":[{"@type":"ReadAction","target":["https:\/\/www.fiarebancaetica.coop\/ca\/pensando-en-pandemias-y-finanzas-eticas\/"]}]},{"@type":"ImageObject","inLanguage":"ca","@id":"https:\/\/www.fiarebancaetica.coop\/ca\/pensando-en-pandemias-y-finanzas-eticas\/#primaryimage","url":"https:\/\/www.fiarebancaetica.coop\/app\/uploads\/sites\/2\/2023\/12\/pensando-en-pandemias-y-finanzas-eticas.jpg","contentUrl":"https:\/\/www.fiarebancaetica.coop\/app\/uploads\/sites\/2\/2023\/12\/pensando-en-pandemias-y-finanzas-eticas.jpg","width":540,"height":250},{"@type":"BreadcrumbList","@id":"https:\/\/www.fiarebancaetica.coop\/ca\/pensando-en-pandemias-y-finanzas-eticas\/#breadcrumb","itemListElement":[{"@type":"ListItem","position":1,"name":"Home","item":"https:\/\/www.fiarebancaetica.coop\/ca\/"},{"@type":"ListItem","position":2,"name":"Pensando en pandemias y finanzas \u00e9ticas"}]},{"@type":"WebSite","@id":"https:\/\/www.fiarebancaetica.coop\/ca\/#website","url":"https:\/\/www.fiarebancaetica.coop\/ca\/","name":"Fiare Banca Etica","description":"","potentialAction":[{"@type":"SearchAction","target":{"@type":"EntryPoint","urlTemplate":"https:\/\/www.fiarebancaetica.coop\/ca\/?s={search_term_string}"},"query-input":{"@type":"PropertyValueSpecification","valueRequired":true,"valueName":"search_term_string"}}],"inLanguage":"ca"},{"@type":"Person","@id":"https:\/\/www.fiarebancaetica.coop\/ca\/#\/schema\/person\/579841e89c804b5db05d9141bd9b8272","name":"crispyadmin0","image":{"@type":"ImageObject","inLanguage":"ca","@id":"https:\/\/www.fiarebancaetica.coop\/ca\/#\/schema\/person\/image\/5f3a6b7786f32f4c35bd2b1a5a4698ea","url":"https:\/\/secure.gravatar.com\/avatar\/4d2cfb499d497b6d49da659fab7404b243a87fe8e40d2cf97a1cae48f677f5b2?s=96&d=mm&r=g","contentUrl":"https:\/\/secure.gravatar.com\/avatar\/4d2cfb499d497b6d49da659fab7404b243a87fe8e40d2cf97a1cae48f677f5b2?s=96&d=mm&r=g","caption":"crispyadmin0"},"sameAs":["crispyadmin0"]}]}},"_links":{"self":[{"href":"https:\/\/www.fiarebancaetica.coop\/ca\/wp-json\/wp\/v2\/posts\/344330","targetHints":{"allow":["GET"]}}],"collection":[{"href":"https:\/\/www.fiarebancaetica.coop\/ca\/wp-json\/wp\/v2\/posts"}],"about":[{"href":"https:\/\/www.fiarebancaetica.coop\/ca\/wp-json\/wp\/v2\/types\/post"}],"author":[{"embeddable":true,"href":"https:\/\/www.fiarebancaetica.coop\/ca\/wp-json\/wp\/v2\/users\/2"}],"replies":[{"embeddable":true,"href":"https:\/\/www.fiarebancaetica.coop\/ca\/wp-json\/wp\/v2\/comments?post=344330"}],"version-history":[{"count":1,"href":"https:\/\/www.fiarebancaetica.coop\/ca\/wp-json\/wp\/v2\/posts\/344330\/revisions"}],"predecessor-version":[{"id":354570,"href":"https:\/\/www.fiarebancaetica.coop\/ca\/wp-json\/wp\/v2\/posts\/344330\/revisions\/354570"}],"wp:featuredmedia":[{"embeddable":true,"href":"https:\/\/www.fiarebancaetica.coop\/ca\/wp-json\/wp\/v2\/media\/329174"}],"wp:attachment":[{"href":"https:\/\/www.fiarebancaetica.coop\/ca\/wp-json\/wp\/v2\/media?parent=344330"}],"wp:term":[{"taxonomy":"category","embeddable":true,"href":"https:\/\/www.fiarebancaetica.coop\/ca\/wp-json\/wp\/v2\/categories?post=344330"},{"taxonomy":"post_tag","embeddable":true,"href":"https:\/\/www.fiarebancaetica.coop\/ca\/wp-json\/wp\/v2\/tags?post=344330"},{"taxonomy":"author","embeddable":true,"href":"https:\/\/www.fiarebancaetica.coop\/ca\/wp-json\/wp\/v2\/coauthors?post=344330"}],"curies":[{"name":"wp","href":"https:\/\/api.w.org\/{rel}","templated":true}]}}