{"id":344502,"date":"2019-12-13T14:21:11","date_gmt":"2019-12-13T13:21:11","guid":{"rendered":"https:\/\/www.fiarebancaetica.coop\/comienza-el-proceso-para-la-renovacion-del-comite-de-etica\/"},"modified":"2024-02-21T15:28:34","modified_gmt":"2024-02-21T14:28:34","slug":"comienza-el-proceso-para-la-renovacion-del-comite-de-etica","status":"publish","type":"post","link":"https:\/\/www.fiarebancaetica.coop\/ca\/comienza-el-proceso-para-la-renovacion-del-comite-de-etica\/","title":{"rendered":"Comienza el proceso para la renovaci\u00f3n del Comit\u00e9 de \u00c9tica"},"content":{"rendered":"\n\n<div class=\"wp-block-bancaetica-blocks-blocks-block-49\">\n    <div class=\"container-block-49\">\n\n        <div class=\"header-section \">\n                            <h1 class=\"section-title\"> Etica e cooperativa <\/h1>\n                                            <\/div>\n\n        \n        <div class=\"block-background\" style=\"background-image: url('https:\/\/www.fiarebancaetica.coop\/app\/uploads\/sites\/2\/2023\/12\/foto_per_comitato_etico_post-1.jpg')\">\n                            <div class=\"tile\">\n                    <h1 class=\"image-title\"> Comienza el proceso para la renovaci\u00f3n del Comit\u00e9 de \u00c9tica <\/h1>\n                <\/div>             <!-- end .tile -->\n            <div class=\"bottom-content\">\n                            <\/div> <!-- end .button-content -->\n        <\/div> <!-- end .block-background -->\n    <\/div> <!-- end .container -->\n<\/div> <!-- end wp-block-bancaetica-blocks-blocks-block-06 -->\n\n\n<div class=\"wrapper-crispybacon-class wrapper-crispybacon-class-boxed \">\n    <p>Estimada socia\/ estimado socio,<\/p>\n\n<p>El pr&oacute;ximo <strong>16 de mayo es una fecha importante. An&oacute;tala en tu agenda!<\/strong><\/p>\n\n<p>En <strong>la asamblea de Banca Etica<\/strong>, que tendr&aacute; lugar en Palermo, Valladolid y a distancia, <strong>se elegir&aacute; el nuevo Comit&eacute; de &Eacute;tica, &oacute;rgano compuesto por un m&aacute;ximo de 7 personas<\/strong> de reconocido perfil &eacute;tico y moral y que, de manera voluntaria, desarrolla una actividad de acompa&ntilde;amiento a Banca Etica para el cumplimiento de sus valores inspiradores y su misi&oacute;n.<\/p>\n\n<p><strong>El Comit&eacute; de &Eacute;tica tiene <\/strong>por lo tanto<strong> una funci&oacute;n consultiva y propositiva<\/strong>, <strong>a fin de que el banco pueda continuar su actividad seg&uacute;n sus principios &eacute;ticos, tal y como est&aacute; previsto en el art. 48 de nuestros estatutos.&nbsp;<\/strong><\/p>\n\n<p>No se trata por lo tanto de un &oacute;rgano de control. Para esta funci&oacute;n el banco tiene a disposici&oacute;n una Junta de Revisi&oacute;n, un Organismo de Vigilancia y los propios sistemas de control interno.&nbsp;<\/p>\n\n<p>Las personas candidatas pueden presentarse por medio de dos modalidades:<\/p>\n\n<p>&#8211; propuestas por los <strong><a href=\"https:\/\/partecipazione.bancaetica.it\/es\/blog\/95\/\">Portadores de Valor<\/a><\/strong>;<\/p>\n\n<p>&#8211; mediante recogida de firmas<\/p>\n\n<p>Si quieres profundizar aqu&iacute; tienes las informaciones detalladas relativas a los <strong><a href=\"https:\/\/partecipazione.bancaetica.it\/media\/documents\/requisitos_Comite_Etico_Banca_Etica_ES.pdf\">requisitos de las personas candidatas<\/a><\/strong> y las <strong><a href=\"https:\/\/partecipazione.bancaetica.it\/media\/documents\/Cronoprogramma_processo_elettorale_Comitato_Etico_ES_GsFRqcJ.pdf\">modalidades y plazos<\/a><\/strong> del proceso.<\/p>\n\n<p>La elecci&oacute;n se realizar&aacute; a partir de una lista &uacute;nica de personas, de las que resultar&aacute;n elegidas las 7 m&aacute;s votadas. Como se&ntilde;ala el art&iacute;culo 24 del Reglamento del Comit&eacute; de &Eacute;tica, se deber&aacute; garantizar que al menos&nbsp; \u2153 de los miembros pertenezcan al g&eacute;nero menos representado.&nbsp;<\/p>\n\n<p><strong>Te recordamos que el plazo final para la presentaci&oacute;n de candidaturas es el 15 de marzo.<\/strong><\/p>\n\n<p>Para cualquier solicitud de informaci&oacute;n seguid esta misma p&aacute;gina o bien escribid a <a href=\"mailto:elezioni.be@bancaetica.com\">elezioni.be@bancaetica.com<\/a><\/p>\n\n<p>Buena participaci&oacute;n!<\/p>\n<\/div>","protected":false},"excerpt":{"rendered":"<p>Guarda la fecha: 16 mayo 2020 &#8211; asamblea Banca Etica<\/p>\n<p>&nbsp;<\/p>\n","protected":false},"author":1,"featured_media":337198,"comment_status":"open","ping_status":"closed","sticky":false,"template":"","format":"standard","meta":{"_acf_changed":false,"footnotes":""},"categories":[11642],"tags":[],"coauthors":[],"class_list":["post-344502","post","type-post","status-publish","format-standard","has-post-thumbnail","hentry","category-etica-i-cooperativa"],"acf":[],"yoast_head":"<!-- This site is optimized with the Yoast SEO plugin v26.9 - https:\/\/yoast.com\/product\/yoast-seo-wordpress\/ -->\n<title>Comienza el proceso para la renovaci\u00f3n del Comit\u00e9 de \u00c9tica - Fiare Banca Etica<\/title>\n<meta name=\"robots\" content=\"index, follow, max-snippet:-1, max-image-preview:large, max-video-preview:-1\" \/>\n<link rel=\"canonical\" href=\"https:\/\/www.fiarebancaetica.coop\/ca\/comienza-el-proceso-para-la-renovacion-del-comite-de-etica\/\" \/>\n<meta property=\"og:locale\" content=\"ca_ES\" \/>\n<meta property=\"og:type\" content=\"article\" \/>\n<meta property=\"og:title\" content=\"Comienza el proceso para la renovaci\u00f3n del Comit\u00e9 de \u00c9tica - Fiare Banca Etica\" \/>\n<meta property=\"og:description\" content=\"Guarda la fecha: 16 mayo 2020 - asamblea Banca Etica &nbsp;\" \/>\n<meta property=\"og:url\" content=\"https:\/\/www.fiarebancaetica.coop\/ca\/comienza-el-proceso-para-la-renovacion-del-comite-de-etica\/\" \/>\n<meta property=\"og:site_name\" content=\"Fiare Banca Etica\" \/>\n<meta property=\"article:published_time\" content=\"2019-12-13T13:21:11+00:00\" \/>\n<meta property=\"article:modified_time\" content=\"2024-02-21T14:28:34+00:00\" \/>\n<meta property=\"og:image\" content=\"https:\/\/www.fiarebancaetica.coop\/app\/uploads\/sites\/2\/2023\/12\/foto_per_comitato_etico_post-1.jpg\" \/>\n\t<meta property=\"og:image:width\" content=\"900\" \/>\n\t<meta property=\"og:image:height\" content=\"600\" \/>\n\t<meta property=\"og:image:type\" content=\"image\/jpeg\" \/>\n<meta name=\"author\" content=\"DINOVA ES PF SOCIO\" \/>\n<meta name=\"twitter:card\" content=\"summary_large_image\" \/>\n<script type=\"application\/ld+json\" class=\"yoast-schema-graph\">{\"@context\":\"https:\/\/schema.org\",\"@graph\":[{\"@type\":\"Article\",\"@id\":\"https:\/\/www.fiarebancaetica.coop\/ca\/comienza-el-proceso-para-la-renovacion-del-comite-de-etica\/#article\",\"isPartOf\":{\"@id\":\"https:\/\/www.fiarebancaetica.coop\/ca\/comienza-el-proceso-para-la-renovacion-del-comite-de-etica\/\"},\"author\":{\"name\":\"DINOVA ES PF SOCIO\",\"@id\":\"https:\/\/www.fiarebancaetica.coop\/ca\/#\/schema\/person\/ace3bdacff4456335cf9d9d0f5b2da36\"},\"headline\":\"Comienza el proceso para la renovaci\u00f3n del Comit\u00e9 de \u00c9tica\",\"datePublished\":\"2019-12-13T13:21:11+00:00\",\"dateModified\":\"2024-02-21T14:28:34+00:00\",\"mainEntityOfPage\":{\"@id\":\"https:\/\/www.fiarebancaetica.coop\/ca\/comienza-el-proceso-para-la-renovacion-del-comite-de-etica\/\"},\"wordCount\":341,\"commentCount\":0,\"image\":{\"@id\":\"https:\/\/www.fiarebancaetica.coop\/ca\/comienza-el-proceso-para-la-renovacion-del-comite-de-etica\/#primaryimage\"},\"thumbnailUrl\":\"https:\/\/www.fiarebancaetica.coop\/app\/uploads\/sites\/2\/2023\/12\/foto_per_comitato_etico_post-1.jpg\",\"articleSection\":[\"\u00c8tica i cooperativa\"],\"inLanguage\":\"ca\",\"potentialAction\":[{\"@type\":\"CommentAction\",\"name\":\"Comment\",\"target\":[\"https:\/\/www.fiarebancaetica.coop\/ca\/comienza-el-proceso-para-la-renovacion-del-comite-de-etica\/#respond\"]}]},{\"@type\":\"WebPage\",\"@id\":\"https:\/\/www.fiarebancaetica.coop\/ca\/comienza-el-proceso-para-la-renovacion-del-comite-de-etica\/\",\"url\":\"https:\/\/www.fiarebancaetica.coop\/ca\/comienza-el-proceso-para-la-renovacion-del-comite-de-etica\/\",\"name\":\"Comienza el proceso para la renovaci\u00f3n del Comit\u00e9 de \u00c9tica - Fiare Banca Etica\",\"isPartOf\":{\"@id\":\"https:\/\/www.fiarebancaetica.coop\/ca\/#website\"},\"primaryImageOfPage\":{\"@id\":\"https:\/\/www.fiarebancaetica.coop\/ca\/comienza-el-proceso-para-la-renovacion-del-comite-de-etica\/#primaryimage\"},\"image\":{\"@id\":\"https:\/\/www.fiarebancaetica.coop\/ca\/comienza-el-proceso-para-la-renovacion-del-comite-de-etica\/#primaryimage\"},\"thumbnailUrl\":\"https:\/\/www.fiarebancaetica.coop\/app\/uploads\/sites\/2\/2023\/12\/foto_per_comitato_etico_post-1.jpg\",\"datePublished\":\"2019-12-13T13:21:11+00:00\",\"dateModified\":\"2024-02-21T14:28:34+00:00\",\"author\":{\"@id\":\"https:\/\/www.fiarebancaetica.coop\/ca\/#\/schema\/person\/ace3bdacff4456335cf9d9d0f5b2da36\"},\"breadcrumb\":{\"@id\":\"https:\/\/www.fiarebancaetica.coop\/ca\/comienza-el-proceso-para-la-renovacion-del-comite-de-etica\/#breadcrumb\"},\"inLanguage\":\"ca\",\"potentialAction\":[{\"@type\":\"ReadAction\",\"target\":[\"https:\/\/www.fiarebancaetica.coop\/ca\/comienza-el-proceso-para-la-renovacion-del-comite-de-etica\/\"]}]},{\"@type\":\"ImageObject\",\"inLanguage\":\"ca\",\"@id\":\"https:\/\/www.fiarebancaetica.coop\/ca\/comienza-el-proceso-para-la-renovacion-del-comite-de-etica\/#primaryimage\",\"url\":\"https:\/\/www.fiarebancaetica.coop\/app\/uploads\/sites\/2\/2023\/12\/foto_per_comitato_etico_post-1.jpg\",\"contentUrl\":\"https:\/\/www.fiarebancaetica.coop\/app\/uploads\/sites\/2\/2023\/12\/foto_per_comitato_etico_post-1.jpg\",\"width\":900,\"height\":600},{\"@type\":\"BreadcrumbList\",\"@id\":\"https:\/\/www.fiarebancaetica.coop\/ca\/comienza-el-proceso-para-la-renovacion-del-comite-de-etica\/#breadcrumb\",\"itemListElement\":[{\"@type\":\"ListItem\",\"position\":1,\"name\":\"Home\",\"item\":\"https:\/\/www.fiarebancaetica.coop\/ca\/\"},{\"@type\":\"ListItem\",\"position\":2,\"name\":\"Comienza el proceso para la renovaci\u00f3n del Comit\u00e9 de \u00c9tica\"}]},{\"@type\":\"WebSite\",\"@id\":\"https:\/\/www.fiarebancaetica.coop\/ca\/#website\",\"url\":\"https:\/\/www.fiarebancaetica.coop\/ca\/\",\"name\":\"Fiare Banca Etica\",\"description\":\"\",\"potentialAction\":[{\"@type\":\"SearchAction\",\"target\":{\"@type\":\"EntryPoint\",\"urlTemplate\":\"https:\/\/www.fiarebancaetica.coop\/ca\/?s={search_term_string}\"},\"query-input\":{\"@type\":\"PropertyValueSpecification\",\"valueRequired\":true,\"valueName\":\"search_term_string\"}}],\"inLanguage\":\"ca\"},{\"@type\":\"Person\",\"@id\":\"https:\/\/www.fiarebancaetica.coop\/ca\/#\/schema\/person\/ace3bdacff4456335cf9d9d0f5b2da36\",\"name\":\"DINOVA ES PF SOCIO\",\"image\":{\"@type\":\"ImageObject\",\"inLanguage\":\"ca\",\"@id\":\"https:\/\/www.fiarebancaetica.coop\/ca\/#\/schema\/person\/image\/d840c429252bc61049c4e64c1994d981\",\"url\":\"https:\/\/secure.gravatar.com\/avatar\/1ff124ae11584284b1a9b4fd44081c816c4e8746a16f7ea5c348c48fe02e7fce?s=96&d=mm&r=g\",\"contentUrl\":\"https:\/\/secure.gravatar.com\/avatar\/1ff124ae11584284b1a9b4fd44081c816c4e8746a16f7ea5c348c48fe02e7fce?s=96&d=mm&r=g\",\"caption\":\"DINOVA ES PF SOCIO\"},\"sameAs\":[\"https:\/\/wwwcoll.bancaetica.it\/wp\"]}]}<\/script>\n<!-- \/ Yoast SEO plugin. -->","yoast_head_json":{"title":"Comienza el proceso para la renovaci\u00f3n del Comit\u00e9 de \u00c9tica - Fiare Banca Etica","robots":{"index":"index","follow":"follow","max-snippet":"max-snippet:-1","max-image-preview":"max-image-preview:large","max-video-preview":"max-video-preview:-1"},"canonical":"https:\/\/www.fiarebancaetica.coop\/ca\/comienza-el-proceso-para-la-renovacion-del-comite-de-etica\/","og_locale":"ca_ES","og_type":"article","og_title":"Comienza el proceso para la renovaci\u00f3n del Comit\u00e9 de \u00c9tica - Fiare Banca Etica","og_description":"Guarda la fecha: 16 mayo 2020 - asamblea Banca Etica &nbsp;","og_url":"https:\/\/www.fiarebancaetica.coop\/ca\/comienza-el-proceso-para-la-renovacion-del-comite-de-etica\/","og_site_name":"Fiare Banca Etica","article_published_time":"2019-12-13T13:21:11+00:00","article_modified_time":"2024-02-21T14:28:34+00:00","og_image":[{"width":900,"height":600,"url":"https:\/\/www.fiarebancaetica.coop\/app\/uploads\/sites\/2\/2023\/12\/foto_per_comitato_etico_post-1.jpg","type":"image\/jpeg"}],"author":"DINOVA ES PF SOCIO","twitter_card":"summary_large_image","schema":{"@context":"https:\/\/schema.org","@graph":[{"@type":"Article","@id":"https:\/\/www.fiarebancaetica.coop\/ca\/comienza-el-proceso-para-la-renovacion-del-comite-de-etica\/#article","isPartOf":{"@id":"https:\/\/www.fiarebancaetica.coop\/ca\/comienza-el-proceso-para-la-renovacion-del-comite-de-etica\/"},"author":{"name":"DINOVA ES PF SOCIO","@id":"https:\/\/www.fiarebancaetica.coop\/ca\/#\/schema\/person\/ace3bdacff4456335cf9d9d0f5b2da36"},"headline":"Comienza el proceso para la renovaci\u00f3n del Comit\u00e9 de \u00c9tica","datePublished":"2019-12-13T13:21:11+00:00","dateModified":"2024-02-21T14:28:34+00:00","mainEntityOfPage":{"@id":"https:\/\/www.fiarebancaetica.coop\/ca\/comienza-el-proceso-para-la-renovacion-del-comite-de-etica\/"},"wordCount":341,"commentCount":0,"image":{"@id":"https:\/\/www.fiarebancaetica.coop\/ca\/comienza-el-proceso-para-la-renovacion-del-comite-de-etica\/#primaryimage"},"thumbnailUrl":"https:\/\/www.fiarebancaetica.coop\/app\/uploads\/sites\/2\/2023\/12\/foto_per_comitato_etico_post-1.jpg","articleSection":["\u00c8tica i cooperativa"],"inLanguage":"ca","potentialAction":[{"@type":"CommentAction","name":"Comment","target":["https:\/\/www.fiarebancaetica.coop\/ca\/comienza-el-proceso-para-la-renovacion-del-comite-de-etica\/#respond"]}]},{"@type":"WebPage","@id":"https:\/\/www.fiarebancaetica.coop\/ca\/comienza-el-proceso-para-la-renovacion-del-comite-de-etica\/","url":"https:\/\/www.fiarebancaetica.coop\/ca\/comienza-el-proceso-para-la-renovacion-del-comite-de-etica\/","name":"Comienza el proceso para la renovaci\u00f3n del Comit\u00e9 de \u00c9tica - Fiare Banca Etica","isPartOf":{"@id":"https:\/\/www.fiarebancaetica.coop\/ca\/#website"},"primaryImageOfPage":{"@id":"https:\/\/www.fiarebancaetica.coop\/ca\/comienza-el-proceso-para-la-renovacion-del-comite-de-etica\/#primaryimage"},"image":{"@id":"https:\/\/www.fiarebancaetica.coop\/ca\/comienza-el-proceso-para-la-renovacion-del-comite-de-etica\/#primaryimage"},"thumbnailUrl":"https:\/\/www.fiarebancaetica.coop\/app\/uploads\/sites\/2\/2023\/12\/foto_per_comitato_etico_post-1.jpg","datePublished":"2019-12-13T13:21:11+00:00","dateModified":"2024-02-21T14:28:34+00:00","author":{"@id":"https:\/\/www.fiarebancaetica.coop\/ca\/#\/schema\/person\/ace3bdacff4456335cf9d9d0f5b2da36"},"breadcrumb":{"@id":"https:\/\/www.fiarebancaetica.coop\/ca\/comienza-el-proceso-para-la-renovacion-del-comite-de-etica\/#breadcrumb"},"inLanguage":"ca","potentialAction":[{"@type":"ReadAction","target":["https:\/\/www.fiarebancaetica.coop\/ca\/comienza-el-proceso-para-la-renovacion-del-comite-de-etica\/"]}]},{"@type":"ImageObject","inLanguage":"ca","@id":"https:\/\/www.fiarebancaetica.coop\/ca\/comienza-el-proceso-para-la-renovacion-del-comite-de-etica\/#primaryimage","url":"https:\/\/www.fiarebancaetica.coop\/app\/uploads\/sites\/2\/2023\/12\/foto_per_comitato_etico_post-1.jpg","contentUrl":"https:\/\/www.fiarebancaetica.coop\/app\/uploads\/sites\/2\/2023\/12\/foto_per_comitato_etico_post-1.jpg","width":900,"height":600},{"@type":"BreadcrumbList","@id":"https:\/\/www.fiarebancaetica.coop\/ca\/comienza-el-proceso-para-la-renovacion-del-comite-de-etica\/#breadcrumb","itemListElement":[{"@type":"ListItem","position":1,"name":"Home","item":"https:\/\/www.fiarebancaetica.coop\/ca\/"},{"@type":"ListItem","position":2,"name":"Comienza el proceso para la renovaci\u00f3n del Comit\u00e9 de \u00c9tica"}]},{"@type":"WebSite","@id":"https:\/\/www.fiarebancaetica.coop\/ca\/#website","url":"https:\/\/www.fiarebancaetica.coop\/ca\/","name":"Fiare Banca Etica","description":"","potentialAction":[{"@type":"SearchAction","target":{"@type":"EntryPoint","urlTemplate":"https:\/\/www.fiarebancaetica.coop\/ca\/?s={search_term_string}"},"query-input":{"@type":"PropertyValueSpecification","valueRequired":true,"valueName":"search_term_string"}}],"inLanguage":"ca"},{"@type":"Person","@id":"https:\/\/www.fiarebancaetica.coop\/ca\/#\/schema\/person\/ace3bdacff4456335cf9d9d0f5b2da36","name":"DINOVA ES PF SOCIO","image":{"@type":"ImageObject","inLanguage":"ca","@id":"https:\/\/www.fiarebancaetica.coop\/ca\/#\/schema\/person\/image\/d840c429252bc61049c4e64c1994d981","url":"https:\/\/secure.gravatar.com\/avatar\/1ff124ae11584284b1a9b4fd44081c816c4e8746a16f7ea5c348c48fe02e7fce?s=96&d=mm&r=g","contentUrl":"https:\/\/secure.gravatar.com\/avatar\/1ff124ae11584284b1a9b4fd44081c816c4e8746a16f7ea5c348c48fe02e7fce?s=96&d=mm&r=g","caption":"DINOVA ES PF SOCIO"},"sameAs":["https:\/\/wwwcoll.bancaetica.it\/wp"]}]}},"_links":{"self":[{"href":"https:\/\/www.fiarebancaetica.coop\/ca\/wp-json\/wp\/v2\/posts\/344502","targetHints":{"allow":["GET"]}}],"collection":[{"href":"https:\/\/www.fiarebancaetica.coop\/ca\/wp-json\/wp\/v2\/posts"}],"about":[{"href":"https:\/\/www.fiarebancaetica.coop\/ca\/wp-json\/wp\/v2\/types\/post"}],"author":[{"embeddable":true,"href":"https:\/\/www.fiarebancaetica.coop\/ca\/wp-json\/wp\/v2\/users\/1"}],"replies":[{"embeddable":true,"href":"https:\/\/www.fiarebancaetica.coop\/ca\/wp-json\/wp\/v2\/comments?post=344502"}],"version-history":[{"count":1,"href":"https:\/\/www.fiarebancaetica.coop\/ca\/wp-json\/wp\/v2\/posts\/344502\/revisions"}],"predecessor-version":[{"id":355886,"href":"https:\/\/www.fiarebancaetica.coop\/ca\/wp-json\/wp\/v2\/posts\/344502\/revisions\/355886"}],"wp:featuredmedia":[{"embeddable":true,"href":"https:\/\/www.fiarebancaetica.coop\/ca\/wp-json\/wp\/v2\/media\/337198"}],"wp:attachment":[{"href":"https:\/\/www.fiarebancaetica.coop\/ca\/wp-json\/wp\/v2\/media?parent=344502"}],"wp:term":[{"taxonomy":"category","embeddable":true,"href":"https:\/\/www.fiarebancaetica.coop\/ca\/wp-json\/wp\/v2\/categories?post=344502"},{"taxonomy":"post_tag","embeddable":true,"href":"https:\/\/www.fiarebancaetica.coop\/ca\/wp-json\/wp\/v2\/tags?post=344502"},{"taxonomy":"author","embeddable":true,"href":"https:\/\/www.fiarebancaetica.coop\/ca\/wp-json\/wp\/v2\/coauthors?post=344502"}],"curies":[{"name":"wp","href":"https:\/\/api.w.org\/{rel}","templated":true}]}}