{"id":344526,"date":"2019-11-27T00:00:00","date_gmt":"2019-11-26T23:00:00","guid":{"rendered":"https:\/\/www.fiarebancaetica.coop\/galardonados-con-el-premio-horitzo-a-la-economia-social-solidaria\/"},"modified":"2024-02-21T15:28:56","modified_gmt":"2024-02-21T14:28:56","slug":"galardonados-con-el-premio-horitzo-a-la-economia-social-solidaria","status":"publish","type":"post","link":"https:\/\/www.fiarebancaetica.coop\/ca\/galardonados-con-el-premio-horitzo-a-la-economia-social-solidaria\/","title":{"rendered":"Galardonados con el Premio Horitz\u00f3 a la Econom\u00eda social solidaria"},"content":{"rendered":"\n\n<div class=\"wp-block-bancaetica-blocks-blocks-block-49\">\n    <div class=\"container-block-49\">\n\n        <div class=\"header-section \">\n                            <h1 class=\"section-title\"> Etica e cooperativa <\/h1>\n                                            <\/div>\n\n        \n        <div class=\"block-background\" style=\"background-image: url('https:\/\/www.fiarebancaetica.coop\/app\/uploads\/sites\/2\/2023\/12\/fiare-banca-etica-recibe-el-premio-horitzo-economia-social-solidaria.jpg')\">\n                            <div class=\"tile\">\n                    <h1 class=\"image-title\"> Galardonados con el Premio Horitz\u00f3 a la Econom\u00eda social solidaria <\/h1>\n                <\/div>             <!-- end .tile -->\n            <div class=\"bottom-content\">\n                            <\/div> <!-- end .button-content -->\n        <\/div> <!-- end .block-background -->\n    <\/div> <!-- end .container -->\n<\/div> <!-- end wp-block-bancaetica-blocks-blocks-block-06 -->\n\n\n<div class=\"wrapper-crispybacon-class wrapper-crispybacon-class-boxed \">\n    <p><a href=\"#ca\">Catal\u00e0<\/a><\/p>\n<p>El pasado s\u00e1bado la Fundaci\u00f3n Marp\u00ed entreg\u00f3&nbsp;<strong>los premios Horitz\u00f3<\/strong> con motivo del <strong>D\u00eda Internacional de las personas con discapacidad<\/strong>, que se conmemora el 3 de diciembre. Son los premios a la Solidaridad, la Integraci\u00f3n, la Participaci\u00f3n ciudadana y la Econom\u00eda Social y Solidaria. En esta edici\u00f3n<strong> Fiare Banca Etica ha sido premiada <\/strong>con este \u00faltimo galard\u00f3n por construir una entidad bancaria de finanzas \u00e9ticas al servicio de organizaciones que trabajan en el \u00e1mbito de la integraci\u00f3n de&nbsp; personas con discapacidad.<br \/>\n\t<br \/>\n\tSeg\u00fan explic\u00f3 el presidente de la organizadora de los premios, la Fundaci\u00f3n Marpi, Joaquim Burjons, \u201ces tambi\u00e9n un d\u00eda para dar las gracias a las entidades y personas que trabajan por la integraci\u00f3n de las personas con discapacidad\u201d.<\/p>\n<p><img decoding=\"async\" alt=\"\" src=\"http:\/\/www.fiarebancaetica.coop\/app\/uploads\/sites\/2\/2023\/12\/IMG-20191126-WA0015.jpg\" style=\"width: 550px; height: 336px;\" \/><br \/>\n\t<br \/>\n\tAl acto de entrega de los premios fue a recoger el galard\u00f3n&nbsp;<strong>Gabriel Abascal, socio hist\u00f3rico del banco.<\/strong>&nbsp;\u201cEstamos orgullosos de haber recibido este premio de la mano de una entidad como Fundaci\u00f3n Marpi, una instituci\u00f3n que atiende a personas con discapacidad intelectual y cuyo objetivo principal es la integraci\u00f3n laboral y social en la comarca del Maresme\u201d,&nbsp; como se\u00f1ala Abascal.<\/p>\n<p>Para finalizar el acto de entrega tuvo lugar la obra de teatro \u201clos fantasmas de Nadal\u201d.<\/p>\n<p>Para Fiare Banca Etica es un <strong>honor y un reconocimiento recibir un premio de una entidad miembro del banco.<\/strong><\/p>\n<h2>\n\t<span>Fundaci\u00f3n Marpi<\/span><\/h2>\n<p>La Fundaci\u00f3n Privada Marpi es una entidad sin \u00e1nimo de lucro que atiende a personas con discapacidad intelectual en la zona del Alt Maresme, y su objetivo principal es la integraci\u00f3n laboral y social. La Fundaci\u00f3n tiene la finalidad de que todos los aspectos de la vida est\u00e9n garantizados, trabajo, vivienda y ocio. Para llegar a estos fines la fundaci\u00f3n dispone de diferentes servicios y recursos, como los Hogares Residencias, que tienen el objetivo de dotar de un hogar a todos aquellos usuarios que no dispongan de \u00e9l, o el Taller Horizonte cuyo objetivo es insertar laboralmente a las personas discapacitadas. Este centro de trabajo especial cuenta en la actualidad con 55 personas contratadas.<\/p>\n<p>Marpi es una entIdad miembro en Catalunya de la ASESCAT (Associaci\u00f3 de Societats Laborals i Economia Social de Catalunya), que junto a otras entidades auton\u00f3micas de la Econom\u00eda Social en Asturias, Euskadi, Castilla-Le\u00f3n y Madrid est\u00e1n han impulsado la constituci\u00f3n a nivel estatal de LABORPAR (Federaci\u00f3n empresarial de Sociedades laborales y Empresas Participadas).&nbsp;&nbsp;<\/p>\n<p>__________________________________________________________________________<\/p>\n<h1>\n\tGuardonats amb el Premi Horitz\u00f3 a l&#8217;Economia social solid\u00e0ria<\/h1>\n<p>Dissabte la Fundaci\u00f3 Marpi va entregar els <strong>Premis Horitz\u00f3<\/strong> amb motiu del <strong>Dia Internacional de les persones amb discapacitat<\/strong> que es commemora el 3 de desembre. S\u00f3n els premis a la Solidaritat, la Integraci\u00f3 i Participaci\u00f3 Ciutadana i l&#8217;Economia Social i Solid\u00e0ria. En aquesta edici\u00f3 <strong>Fiare Banca Etica ha estat premiada amb aquest \u00faltim guard\u00f3<\/strong> per construir una entitat banc\u00e0ria de finances \u00e8tiques al servei d&#8217;organitzacions que treballen a l&#8217;\u00e0mbit de la integraci\u00f3 de persones amb discapacitat.<br \/>\n\t<br \/>\n\tSegons va explicar el president de la Fundaci\u00f3 Marp\u00ed, Joaquim Burjons, <strong>\u00ab\u00e9s tamb\u00e9 un dia per donar les gr\u00e0cies a totes les entitats i persones que treballen per la integraci\u00f3 de les persones amb discapacitat\u00bb.<\/strong><br \/>\n\t<br \/>\n\tA l&#8217;acte de lliurament dels premis va ser Gabriel Abascal, soci del banc, qui va recollir el guard\u00f3. \u201cEstem orgullosos d&#8217;haver rebut aquest guard\u00f3 de la m\u00e0 d&#8217;una entitat com a Fundaci\u00f3 Marpi, una instituci\u00f3 que at\u00e9n persones amb discapacitat intel\u2022lectual i l&#8217;objectiu principal de la qual \u00e9s la integraci\u00f3 laboral i social a la comarca del Maresme\u201d com senyala Abascal.<br \/>\n\t<br \/>\n\tPer finalitzar l\u2019acte es va representar l&#8217;obra de teatre &#8216;Els Fantasmes de Nadal&#8217;.<\/p>\n<p><img decoding=\"async\" alt=\"\" src=\"http:\/\/www.fiarebancaetica.coop\/app\/uploads\/sites\/2\/2023\/12\/IMG-20191126-WA0014.jpg\" style=\"width: 550px; height: 309px;\" \/><\/p>\n<h2>\n\tFundaci\u00f3 Marpi<\/h2>\n<p>La Fundaci\u00f3 Privada Marpi \u00e9s una entitat sense \u00e0nim de lucre que at\u00e9n persones amb discapacitat intel\u00b7lectual a la zona de l&#8217;Alt Maresme, i el seu objectiu principal \u00e9s la integraci\u00f3 laboral i social. La Fundaci\u00f3 t\u00e9 la missi\u00f3 que tots els aspectes de la vida estiguin garantits: treball, habitatge i oci. Per a arribar a aquestes finalitats la fundaci\u00f3 disposa de diferents serveis i recursos, com les Llars Resid\u00e8ncies, que tenen l&#8217;objectiu de dotar d&#8217;una llar a tots aquells usuaris que no disposin d&#8217;ell, o el Taller Horitz\u00f3 l&#8217;objectiu del qual \u00e9s inserir laboralment a les persones discapacitades. Aquest centre de treball especial compte en l&#8217;actualitat amb 55 persones contractades.<\/p>\n<p>Marpi \u00e9s una entitat membre a Catalunya de la ASESCAT (Associaci\u00f3 de Societats Laborals i Economia Social de Catalunya), que al costat d&#8217;altres entitats auton\u00f2miques de l&#8217;Economia Social a Ast\u00faries, Euskadi, Castella-Lle\u00f3 i Madrid estan han impulsat la constituci\u00f3 a nivell estatal de LABORPAR (Federaci\u00f3 empresarial de Societats laborals i Empreses Participades).<\/p>\n<\/div>","protected":false},"excerpt":{"rendered":"<p>El pasado s\u00e1bado la fundaci\u00f3n Marp\u00ed entreg\u00f3 los premios Horitz\u00f3 con motivo del D\u00eda Internacional de las personas con discapacidad, que se conmemora el 3 de diciembre. Son los premios a la Solidaridad, la Integraci\u00f3n, la Participaci\u00f3n ciudadana y la Econom\u00eda Social y Solidaria. En esta edici\u00f3n Fiare Banca Etica ha sido premiada con este \u00faltimo galard\u00f3n por construir una entidad cooperativa de finanzas \u00e9ticas al servicio de organizaciones que trabajan en el \u00e1mbito de la integraci\u00f3n de&nbsp; personas con discapacidad.<\/p>\n","protected":false},"author":2,"featured_media":328972,"comment_status":"open","ping_status":"closed","sticky":false,"template":"","format":"standard","meta":{"_acf_changed":false,"footnotes":""},"categories":[11643],"tags":[],"coauthors":[],"class_list":["post-344526","post","type-post","status-publish","format-standard","has-post-thumbnail","hentry","category-finances-etiques"],"acf":[],"yoast_head":"<!-- This site is optimized with the Yoast SEO plugin v26.9 - https:\/\/yoast.com\/product\/yoast-seo-wordpress\/ -->\n<title>Galardonados con el Premio Horitz\u00f3 a la Econom\u00eda social solidaria - Fiare Banca Etica<\/title>\n<meta name=\"robots\" content=\"index, follow, max-snippet:-1, max-image-preview:large, max-video-preview:-1\" \/>\n<link rel=\"canonical\" href=\"https:\/\/www.fiarebancaetica.coop\/ca\/galardonados-con-el-premio-horitzo-a-la-economia-social-solidaria\/\" \/>\n<meta property=\"og:locale\" content=\"ca_ES\" \/>\n<meta property=\"og:type\" content=\"article\" \/>\n<meta property=\"og:title\" content=\"Galardonados con el Premio Horitz\u00f3 a la Econom\u00eda social solidaria - Fiare Banca Etica\" \/>\n<meta property=\"og:description\" content=\"El pasado s\u00e1bado la fundaci\u00f3n Marp\u00ed entreg\u00f3 los premios Horitz\u00f3 con motivo del D\u00eda Internacional de las personas con discapacidad, que se conmemora el 3 de diciembre. Son los premios a la Solidaridad, la Integraci\u00f3n, la Participaci\u00f3n ciudadana y la Econom\u00eda Social y Solidaria. En esta edici\u00f3n Fiare Banca Etica ha sido premiada con este \u00faltimo galard\u00f3n por construir una entidad cooperativa de finanzas \u00e9ticas al servicio de organizaciones que trabajan en el \u00e1mbito de la integraci\u00f3n de&nbsp; personas con discapacidad.\" \/>\n<meta property=\"og:url\" content=\"https:\/\/www.fiarebancaetica.coop\/ca\/galardonados-con-el-premio-horitzo-a-la-economia-social-solidaria\/\" \/>\n<meta property=\"og:site_name\" content=\"Fiare Banca Etica\" \/>\n<meta property=\"article:published_time\" content=\"2019-11-26T23:00:00+00:00\" \/>\n<meta property=\"article:modified_time\" content=\"2024-02-21T14:28:56+00:00\" \/>\n<meta property=\"og:image\" content=\"https:\/\/www.fiarebancaetica.coop\/app\/uploads\/sites\/2\/2023\/12\/fiare-banca-etica-recibe-el-premio-horitzo-economia-social-solidaria.jpg\" \/>\n\t<meta property=\"og:image:width\" content=\"540\" \/>\n\t<meta property=\"og:image:height\" content=\"250\" \/>\n\t<meta property=\"og:image:type\" content=\"image\/jpeg\" \/>\n<meta name=\"author\" content=\"crispyadmin0\" \/>\n<meta name=\"twitter:card\" content=\"summary_large_image\" \/>\n<script type=\"application\/ld+json\" class=\"yoast-schema-graph\">{\"@context\":\"https:\/\/schema.org\",\"@graph\":[{\"@type\":\"Article\",\"@id\":\"https:\/\/www.fiarebancaetica.coop\/ca\/galardonados-con-el-premio-horitzo-a-la-economia-social-solidaria\/#article\",\"isPartOf\":{\"@id\":\"https:\/\/www.fiarebancaetica.coop\/ca\/galardonados-con-el-premio-horitzo-a-la-economia-social-solidaria\/\"},\"author\":{\"name\":\"crispyadmin0\",\"@id\":\"https:\/\/www.fiarebancaetica.coop\/ca\/#\/schema\/person\/579841e89c804b5db05d9141bd9b8272\"},\"headline\":\"Galardonados con el Premio Horitz\u00f3 a la Econom\u00eda social solidaria\",\"datePublished\":\"2019-11-26T23:00:00+00:00\",\"dateModified\":\"2024-02-21T14:28:56+00:00\",\"mainEntityOfPage\":{\"@id\":\"https:\/\/www.fiarebancaetica.coop\/ca\/galardonados-con-el-premio-horitzo-a-la-economia-social-solidaria\/\"},\"wordCount\":821,\"commentCount\":0,\"image\":{\"@id\":\"https:\/\/www.fiarebancaetica.coop\/ca\/galardonados-con-el-premio-horitzo-a-la-economia-social-solidaria\/#primaryimage\"},\"thumbnailUrl\":\"https:\/\/www.fiarebancaetica.coop\/app\/uploads\/sites\/2\/2023\/12\/fiare-banca-etica-recibe-el-premio-horitzo-economia-social-solidaria.jpg\",\"articleSection\":[\"Finances \u00e8tiques\"],\"inLanguage\":\"ca\",\"potentialAction\":[{\"@type\":\"CommentAction\",\"name\":\"Comment\",\"target\":[\"https:\/\/www.fiarebancaetica.coop\/ca\/galardonados-con-el-premio-horitzo-a-la-economia-social-solidaria\/#respond\"]}]},{\"@type\":\"WebPage\",\"@id\":\"https:\/\/www.fiarebancaetica.coop\/ca\/galardonados-con-el-premio-horitzo-a-la-economia-social-solidaria\/\",\"url\":\"https:\/\/www.fiarebancaetica.coop\/ca\/galardonados-con-el-premio-horitzo-a-la-economia-social-solidaria\/\",\"name\":\"Galardonados con el Premio Horitz\u00f3 a la Econom\u00eda social solidaria - Fiare Banca Etica\",\"isPartOf\":{\"@id\":\"https:\/\/www.fiarebancaetica.coop\/ca\/#website\"},\"primaryImageOfPage\":{\"@id\":\"https:\/\/www.fiarebancaetica.coop\/ca\/galardonados-con-el-premio-horitzo-a-la-economia-social-solidaria\/#primaryimage\"},\"image\":{\"@id\":\"https:\/\/www.fiarebancaetica.coop\/ca\/galardonados-con-el-premio-horitzo-a-la-economia-social-solidaria\/#primaryimage\"},\"thumbnailUrl\":\"https:\/\/www.fiarebancaetica.coop\/app\/uploads\/sites\/2\/2023\/12\/fiare-banca-etica-recibe-el-premio-horitzo-economia-social-solidaria.jpg\",\"datePublished\":\"2019-11-26T23:00:00+00:00\",\"dateModified\":\"2024-02-21T14:28:56+00:00\",\"author\":{\"@id\":\"https:\/\/www.fiarebancaetica.coop\/ca\/#\/schema\/person\/579841e89c804b5db05d9141bd9b8272\"},\"breadcrumb\":{\"@id\":\"https:\/\/www.fiarebancaetica.coop\/ca\/galardonados-con-el-premio-horitzo-a-la-economia-social-solidaria\/#breadcrumb\"},\"inLanguage\":\"ca\",\"potentialAction\":[{\"@type\":\"ReadAction\",\"target\":[\"https:\/\/www.fiarebancaetica.coop\/ca\/galardonados-con-el-premio-horitzo-a-la-economia-social-solidaria\/\"]}]},{\"@type\":\"ImageObject\",\"inLanguage\":\"ca\",\"@id\":\"https:\/\/www.fiarebancaetica.coop\/ca\/galardonados-con-el-premio-horitzo-a-la-economia-social-solidaria\/#primaryimage\",\"url\":\"https:\/\/www.fiarebancaetica.coop\/app\/uploads\/sites\/2\/2023\/12\/fiare-banca-etica-recibe-el-premio-horitzo-economia-social-solidaria.jpg\",\"contentUrl\":\"https:\/\/www.fiarebancaetica.coop\/app\/uploads\/sites\/2\/2023\/12\/fiare-banca-etica-recibe-el-premio-horitzo-economia-social-solidaria.jpg\",\"width\":540,\"height\":250},{\"@type\":\"BreadcrumbList\",\"@id\":\"https:\/\/www.fiarebancaetica.coop\/ca\/galardonados-con-el-premio-horitzo-a-la-economia-social-solidaria\/#breadcrumb\",\"itemListElement\":[{\"@type\":\"ListItem\",\"position\":1,\"name\":\"Home\",\"item\":\"https:\/\/www.fiarebancaetica.coop\/ca\/\"},{\"@type\":\"ListItem\",\"position\":2,\"name\":\"Galardonados con el Premio Horitz\u00f3 a la Econom\u00eda social solidaria\"}]},{\"@type\":\"WebSite\",\"@id\":\"https:\/\/www.fiarebancaetica.coop\/ca\/#website\",\"url\":\"https:\/\/www.fiarebancaetica.coop\/ca\/\",\"name\":\"Fiare Banca Etica\",\"description\":\"\",\"potentialAction\":[{\"@type\":\"SearchAction\",\"target\":{\"@type\":\"EntryPoint\",\"urlTemplate\":\"https:\/\/www.fiarebancaetica.coop\/ca\/?s={search_term_string}\"},\"query-input\":{\"@type\":\"PropertyValueSpecification\",\"valueRequired\":true,\"valueName\":\"search_term_string\"}}],\"inLanguage\":\"ca\"},{\"@type\":\"Person\",\"@id\":\"https:\/\/www.fiarebancaetica.coop\/ca\/#\/schema\/person\/579841e89c804b5db05d9141bd9b8272\",\"name\":\"crispyadmin0\",\"image\":{\"@type\":\"ImageObject\",\"inLanguage\":\"ca\",\"@id\":\"https:\/\/www.fiarebancaetica.coop\/ca\/#\/schema\/person\/image\/5f3a6b7786f32f4c35bd2b1a5a4698ea\",\"url\":\"https:\/\/secure.gravatar.com\/avatar\/4d2cfb499d497b6d49da659fab7404b243a87fe8e40d2cf97a1cae48f677f5b2?s=96&d=mm&r=g\",\"contentUrl\":\"https:\/\/secure.gravatar.com\/avatar\/4d2cfb499d497b6d49da659fab7404b243a87fe8e40d2cf97a1cae48f677f5b2?s=96&d=mm&r=g\",\"caption\":\"crispyadmin0\"},\"sameAs\":[\"crispyadmin0\"]}]}<\/script>\n<!-- \/ Yoast SEO plugin. -->","yoast_head_json":{"title":"Galardonados con el Premio Horitz\u00f3 a la Econom\u00eda social solidaria - Fiare Banca Etica","robots":{"index":"index","follow":"follow","max-snippet":"max-snippet:-1","max-image-preview":"max-image-preview:large","max-video-preview":"max-video-preview:-1"},"canonical":"https:\/\/www.fiarebancaetica.coop\/ca\/galardonados-con-el-premio-horitzo-a-la-economia-social-solidaria\/","og_locale":"ca_ES","og_type":"article","og_title":"Galardonados con el Premio Horitz\u00f3 a la Econom\u00eda social solidaria - Fiare Banca Etica","og_description":"El pasado s\u00e1bado la fundaci\u00f3n Marp\u00ed entreg\u00f3 los premios Horitz\u00f3 con motivo del D\u00eda Internacional de las personas con discapacidad, que se conmemora el 3 de diciembre. Son los premios a la Solidaridad, la Integraci\u00f3n, la Participaci\u00f3n ciudadana y la Econom\u00eda Social y Solidaria. En esta edici\u00f3n Fiare Banca Etica ha sido premiada con este \u00faltimo galard\u00f3n por construir una entidad cooperativa de finanzas \u00e9ticas al servicio de organizaciones que trabajan en el \u00e1mbito de la integraci\u00f3n de&nbsp; personas con discapacidad.","og_url":"https:\/\/www.fiarebancaetica.coop\/ca\/galardonados-con-el-premio-horitzo-a-la-economia-social-solidaria\/","og_site_name":"Fiare Banca Etica","article_published_time":"2019-11-26T23:00:00+00:00","article_modified_time":"2024-02-21T14:28:56+00:00","og_image":[{"width":540,"height":250,"url":"https:\/\/www.fiarebancaetica.coop\/app\/uploads\/sites\/2\/2023\/12\/fiare-banca-etica-recibe-el-premio-horitzo-economia-social-solidaria.jpg","type":"image\/jpeg"}],"author":"crispyadmin0","twitter_card":"summary_large_image","schema":{"@context":"https:\/\/schema.org","@graph":[{"@type":"Article","@id":"https:\/\/www.fiarebancaetica.coop\/ca\/galardonados-con-el-premio-horitzo-a-la-economia-social-solidaria\/#article","isPartOf":{"@id":"https:\/\/www.fiarebancaetica.coop\/ca\/galardonados-con-el-premio-horitzo-a-la-economia-social-solidaria\/"},"author":{"name":"crispyadmin0","@id":"https:\/\/www.fiarebancaetica.coop\/ca\/#\/schema\/person\/579841e89c804b5db05d9141bd9b8272"},"headline":"Galardonados con el Premio Horitz\u00f3 a la Econom\u00eda social solidaria","datePublished":"2019-11-26T23:00:00+00:00","dateModified":"2024-02-21T14:28:56+00:00","mainEntityOfPage":{"@id":"https:\/\/www.fiarebancaetica.coop\/ca\/galardonados-con-el-premio-horitzo-a-la-economia-social-solidaria\/"},"wordCount":821,"commentCount":0,"image":{"@id":"https:\/\/www.fiarebancaetica.coop\/ca\/galardonados-con-el-premio-horitzo-a-la-economia-social-solidaria\/#primaryimage"},"thumbnailUrl":"https:\/\/www.fiarebancaetica.coop\/app\/uploads\/sites\/2\/2023\/12\/fiare-banca-etica-recibe-el-premio-horitzo-economia-social-solidaria.jpg","articleSection":["Finances \u00e8tiques"],"inLanguage":"ca","potentialAction":[{"@type":"CommentAction","name":"Comment","target":["https:\/\/www.fiarebancaetica.coop\/ca\/galardonados-con-el-premio-horitzo-a-la-economia-social-solidaria\/#respond"]}]},{"@type":"WebPage","@id":"https:\/\/www.fiarebancaetica.coop\/ca\/galardonados-con-el-premio-horitzo-a-la-economia-social-solidaria\/","url":"https:\/\/www.fiarebancaetica.coop\/ca\/galardonados-con-el-premio-horitzo-a-la-economia-social-solidaria\/","name":"Galardonados con el Premio Horitz\u00f3 a la Econom\u00eda social solidaria - Fiare Banca Etica","isPartOf":{"@id":"https:\/\/www.fiarebancaetica.coop\/ca\/#website"},"primaryImageOfPage":{"@id":"https:\/\/www.fiarebancaetica.coop\/ca\/galardonados-con-el-premio-horitzo-a-la-economia-social-solidaria\/#primaryimage"},"image":{"@id":"https:\/\/www.fiarebancaetica.coop\/ca\/galardonados-con-el-premio-horitzo-a-la-economia-social-solidaria\/#primaryimage"},"thumbnailUrl":"https:\/\/www.fiarebancaetica.coop\/app\/uploads\/sites\/2\/2023\/12\/fiare-banca-etica-recibe-el-premio-horitzo-economia-social-solidaria.jpg","datePublished":"2019-11-26T23:00:00+00:00","dateModified":"2024-02-21T14:28:56+00:00","author":{"@id":"https:\/\/www.fiarebancaetica.coop\/ca\/#\/schema\/person\/579841e89c804b5db05d9141bd9b8272"},"breadcrumb":{"@id":"https:\/\/www.fiarebancaetica.coop\/ca\/galardonados-con-el-premio-horitzo-a-la-economia-social-solidaria\/#breadcrumb"},"inLanguage":"ca","potentialAction":[{"@type":"ReadAction","target":["https:\/\/www.fiarebancaetica.coop\/ca\/galardonados-con-el-premio-horitzo-a-la-economia-social-solidaria\/"]}]},{"@type":"ImageObject","inLanguage":"ca","@id":"https:\/\/www.fiarebancaetica.coop\/ca\/galardonados-con-el-premio-horitzo-a-la-economia-social-solidaria\/#primaryimage","url":"https:\/\/www.fiarebancaetica.coop\/app\/uploads\/sites\/2\/2023\/12\/fiare-banca-etica-recibe-el-premio-horitzo-economia-social-solidaria.jpg","contentUrl":"https:\/\/www.fiarebancaetica.coop\/app\/uploads\/sites\/2\/2023\/12\/fiare-banca-etica-recibe-el-premio-horitzo-economia-social-solidaria.jpg","width":540,"height":250},{"@type":"BreadcrumbList","@id":"https:\/\/www.fiarebancaetica.coop\/ca\/galardonados-con-el-premio-horitzo-a-la-economia-social-solidaria\/#breadcrumb","itemListElement":[{"@type":"ListItem","position":1,"name":"Home","item":"https:\/\/www.fiarebancaetica.coop\/ca\/"},{"@type":"ListItem","position":2,"name":"Galardonados con el Premio Horitz\u00f3 a la Econom\u00eda social solidaria"}]},{"@type":"WebSite","@id":"https:\/\/www.fiarebancaetica.coop\/ca\/#website","url":"https:\/\/www.fiarebancaetica.coop\/ca\/","name":"Fiare Banca Etica","description":"","potentialAction":[{"@type":"SearchAction","target":{"@type":"EntryPoint","urlTemplate":"https:\/\/www.fiarebancaetica.coop\/ca\/?s={search_term_string}"},"query-input":{"@type":"PropertyValueSpecification","valueRequired":true,"valueName":"search_term_string"}}],"inLanguage":"ca"},{"@type":"Person","@id":"https:\/\/www.fiarebancaetica.coop\/ca\/#\/schema\/person\/579841e89c804b5db05d9141bd9b8272","name":"crispyadmin0","image":{"@type":"ImageObject","inLanguage":"ca","@id":"https:\/\/www.fiarebancaetica.coop\/ca\/#\/schema\/person\/image\/5f3a6b7786f32f4c35bd2b1a5a4698ea","url":"https:\/\/secure.gravatar.com\/avatar\/4d2cfb499d497b6d49da659fab7404b243a87fe8e40d2cf97a1cae48f677f5b2?s=96&d=mm&r=g","contentUrl":"https:\/\/secure.gravatar.com\/avatar\/4d2cfb499d497b6d49da659fab7404b243a87fe8e40d2cf97a1cae48f677f5b2?s=96&d=mm&r=g","caption":"crispyadmin0"},"sameAs":["crispyadmin0"]}]}},"_links":{"self":[{"href":"https:\/\/www.fiarebancaetica.coop\/ca\/wp-json\/wp\/v2\/posts\/344526","targetHints":{"allow":["GET"]}}],"collection":[{"href":"https:\/\/www.fiarebancaetica.coop\/ca\/wp-json\/wp\/v2\/posts"}],"about":[{"href":"https:\/\/www.fiarebancaetica.coop\/ca\/wp-json\/wp\/v2\/types\/post"}],"author":[{"embeddable":true,"href":"https:\/\/www.fiarebancaetica.coop\/ca\/wp-json\/wp\/v2\/users\/2"}],"replies":[{"embeddable":true,"href":"https:\/\/www.fiarebancaetica.coop\/ca\/wp-json\/wp\/v2\/comments?post=344526"}],"version-history":[{"count":2,"href":"https:\/\/www.fiarebancaetica.coop\/ca\/wp-json\/wp\/v2\/posts\/344526\/revisions"}],"predecessor-version":[{"id":354433,"href":"https:\/\/www.fiarebancaetica.coop\/ca\/wp-json\/wp\/v2\/posts\/344526\/revisions\/354433"}],"wp:featuredmedia":[{"embeddable":true,"href":"https:\/\/www.fiarebancaetica.coop\/ca\/wp-json\/wp\/v2\/media\/328972"}],"wp:attachment":[{"href":"https:\/\/www.fiarebancaetica.coop\/ca\/wp-json\/wp\/v2\/media?parent=344526"}],"wp:term":[{"taxonomy":"category","embeddable":true,"href":"https:\/\/www.fiarebancaetica.coop\/ca\/wp-json\/wp\/v2\/categories?post=344526"},{"taxonomy":"post_tag","embeddable":true,"href":"https:\/\/www.fiarebancaetica.coop\/ca\/wp-json\/wp\/v2\/tags?post=344526"},{"taxonomy":"author","embeddable":true,"href":"https:\/\/www.fiarebancaetica.coop\/ca\/wp-json\/wp\/v2\/coauthors?post=344526"}],"curies":[{"name":"wp","href":"https:\/\/api.w.org\/{rel}","templated":true}]}}