{"id":344568,"date":"2019-10-23T00:00:00","date_gmt":"2019-10-22T22:00:00","guid":{"rendered":"https:\/\/www.fiarebancaetica.coop\/encuentro-de-personas-socias-2019\/"},"modified":"2024-02-21T15:29:32","modified_gmt":"2024-02-21T14:29:32","slug":"encuentro-de-personas-socias-2019","status":"publish","type":"post","link":"https:\/\/www.fiarebancaetica.coop\/ca\/encuentro-de-personas-socias-2019\/","title":{"rendered":"Encuentro de personas socias 2019"},"content":{"rendered":"\n\n<div class=\"wp-block-bancaetica-blocks-blocks-block-49\">\n    <div class=\"container-block-49\">\n\n        <div class=\"header-section \">\n                            <h1 class=\"section-title\"> Etica e cooperativa <\/h1>\n                                            <\/div>\n\n        \n        <div class=\"block-background\" style=\"background-image: url('https:\/\/www.fiarebancaetica.coop\/app\/uploads\/sites\/2\/2023\/12\/encuentro-de-coordinacion-de-personas-socias-en-buitrago.jpg')\">\n                            <div class=\"tile\">\n                    <h1 class=\"image-title\"> Encuentro de personas socias 2019 <\/h1>\n                <\/div>             <!-- end .tile -->\n            <div class=\"bottom-content\">\n                            <\/div> <!-- end .button-content -->\n        <\/div> <!-- end .block-background -->\n    <\/div> <!-- end .container -->\n<\/div> <!-- end wp-block-bancaetica-blocks-blocks-block-06 -->\n\n\n<div class=\"wrapper-crispybacon-class wrapper-crispybacon-class-boxed \">\n    <p>Los d\u00edas 19 y 20 de octubre ha tenido lugar el Encuentro de personas socias de Fiare Banca Etica, en Buitrago de Lozoya (Madrid). Es la primera vez que se han desarrollado unas jornadas en las que ha habido una representaci\u00f3n de los 3 portadores de valor: la coordinaci\u00f3n de \u00e1rea &#8211; 20 grupos de personas socias del territorio (GITs), la Mesa de Socias de Referencia, y las personas socias trabajadoras, que adem\u00e1s de tener sus espacios de trabajo paralelos este fin de semana, han podido compartir espacios m\u00e1s globales de reflexi\u00f3n junto con la presidenta, Anna Fasano y consejeros y con el director de Fiare BE, Alessandro Celoni.<\/p>\n<p>Este espacio de participaci\u00f3n y de construcci\u00f3n colectiva fue convocado con el objetivo de encontrar momentos para la reflexi\u00f3n, debate, intercambio de ideas entre los diferentes participantes del encuentro con el fin de impulsar la consolidaci\u00f3n y crecimiento de nuestro proyecto de finanzas \u00e9ticas.<\/p>\n<p>Durante las jornadas tambi\u00e9n tuvo lugar un espacio de encuentro y formaci\u00f3n con las personas coordinadoras de comunicaci\u00f3n de los grupos territoriales, donde se debati\u00f3 sobre el papel y retos futuros de \u00e9stos en la construcci\u00f3n del proyecto. A trav\u00e9s de diversas din\u00e1micas y actividades creativas se plantearon preguntas sobre el rol de los GITs en la comunicaci\u00f3n del banco. Las sesiones de trabajo se fueron sucediendo para ir abordando desde distintas din\u00e1micas los objetivos perseguidos, y en torno al tema de la Comunicaci\u00f3n. Hubo momentos de debate, de experiencias compartidas, de buenas pr\u00e1cticas y&nbsp; tambi\u00e9n retos y dificultades.<\/p>\n<h2>\n\tConstrucci\u00f3n colectiva<\/h2>\n<p>Los GITs son las manos, ojos y o\u00eddos del proyecto en los territorios, por lo que a trav\u00e9s de ellos podemos tomar conciencia de lo que somos, de nuestras dificultades y de nuestros logros, avanzando y construyendo de manera colectiva.&nbsp;<\/p>\n<p>Una de las demandas principales por parte de los diferentes interlocutores fue la de acercarnos hacia las personas m\u00e1s j\u00f3venes, buscando un espacio en nuestros \u00f3rganos para ellas, y escuchando su voz ante los nuevos retos del sistema. Para ello el banco ya est\u00e1 poniendo en marcha diferentes estrategias como por ejemplo la <a href=\"https:\/\/www.fiarebancaetica.coop\/blog\/encuentro-iberoamericano-de-jovenes-lideres-de-economia-social\">Escuela de J\u00f3venes L\u00edderes Iberoamericanos<\/a> que se celebr\u00f3 recientemente donde participaron personas j\u00f3venes escogidas desde nuestros GITs en los diferentes territorios.&nbsp;<\/p>\n<h2>\n\tEncuentro con la presidenta<\/h2>\n<p>En el espacio de encuentro de los Portadores de Valor con la presidenta de Banca Etica Anna Fasano, sirvi\u00f3 para compartir reflexiones ante los retos para seguir construyendo.<\/p>\n<p>Peru Sasia, Adriana Lamberto y Arola Farr\u00e9, vicepresidente del banco, y consejeras del banco, pusieron en valor en su presentaci\u00f3n el papel esencial de las personas socias en la construcci\u00f3n de nuestro proyecto cooperativo de finanzas \u00e9ticas, y el valor de encontrarnos peri\u00f3dicamente con el fin de escucharnos, debatir y orientar las necesidades y retos.&nbsp;Por su parte Anna Fasano, a\u00f1adi\u00f3 &#8220;Construimos respuestas ante los retos macro del sistema financiero, haciendo lobby en Europa y trabajando junto a nuestras organizaciones de base que desde lo local ponen en valor a las personas y el territorio&#8221;.<\/p>\n<p><img decoding=\"async\" alt=\"\" src=\"http:\/\/www.fiarebancaetica.coop\/app\/uploads\/sites\/2\/2023\/12\/buitragofotos.jpg\" style=\"width: 480px; height: 1098px;\" \/><\/p>\n<p>&nbsp;<\/p>\n<p>&nbsp;<\/p>\n<\/div>","protected":false},"excerpt":{"rendered":"<p>Los d\u00edas 19 y 20 de octubre ha tenido lugar el Encuentro de coordinaci\u00f3n de personas socias en Buitrago de Lozoya (Madrid), donde se han reunido m\u00e1s de 60 personas: Consejeros\/as, Coordinadores\/as, Responsables de comunicaci\u00f3n, Mesa de Socias de Referencia, personal del banco, los Portadores de valor y&nbsp; Anna Fasano, Presidenta de Banca Etica.<\/p>\n<p>&nbsp;<\/p>\n<p>&nbsp;<\/p>\n","protected":false},"author":2,"featured_media":328906,"comment_status":"open","ping_status":"closed","sticky":false,"template":"","format":"standard","meta":{"_acf_changed":false,"footnotes":""},"categories":[11643],"tags":[],"coauthors":[],"class_list":["post-344568","post","type-post","status-publish","format-standard","has-post-thumbnail","hentry","category-finances-etiques"],"acf":[],"yoast_head":"<!-- This site is optimized with the Yoast SEO plugin v26.9 - https:\/\/yoast.com\/product\/yoast-seo-wordpress\/ -->\n<title>Encuentro de personas socias 2019 - Fiare Banca Etica<\/title>\n<meta name=\"robots\" content=\"index, follow, max-snippet:-1, max-image-preview:large, max-video-preview:-1\" \/>\n<link rel=\"canonical\" href=\"https:\/\/www.fiarebancaetica.coop\/ca\/encuentro-de-personas-socias-2019\/\" \/>\n<meta property=\"og:locale\" content=\"ca_ES\" \/>\n<meta property=\"og:type\" content=\"article\" \/>\n<meta property=\"og:title\" content=\"Encuentro de personas socias 2019 - Fiare Banca Etica\" \/>\n<meta property=\"og:description\" content=\"Los d\u00edas 19 y 20 de octubre ha tenido lugar el Encuentro de coordinaci\u00f3n de personas socias en Buitrago de Lozoya (Madrid), donde se han reunido m\u00e1s de 60 personas: Consejeros\/as, Coordinadores\/as, Responsables de comunicaci\u00f3n, Mesa de Socias de Referencia, personal del banco, los Portadores de valor y&nbsp; Anna Fasano, Presidenta de Banca Etica. &nbsp; &nbsp;\" \/>\n<meta property=\"og:url\" content=\"https:\/\/www.fiarebancaetica.coop\/ca\/encuentro-de-personas-socias-2019\/\" \/>\n<meta property=\"og:site_name\" content=\"Fiare Banca Etica\" \/>\n<meta property=\"article:published_time\" content=\"2019-10-22T22:00:00+00:00\" \/>\n<meta property=\"article:modified_time\" content=\"2024-02-21T14:29:32+00:00\" \/>\n<meta property=\"og:image\" content=\"https:\/\/www.fiarebancaetica.coop\/app\/uploads\/sites\/2\/2023\/12\/encuentro-de-coordinacion-de-personas-socias-en-buitrago.jpg\" \/>\n\t<meta property=\"og:image:width\" content=\"540\" \/>\n\t<meta property=\"og:image:height\" content=\"250\" \/>\n\t<meta property=\"og:image:type\" content=\"image\/jpeg\" \/>\n<meta name=\"author\" content=\"crispyadmin0\" \/>\n<meta name=\"twitter:card\" content=\"summary_large_image\" \/>\n<script type=\"application\/ld+json\" class=\"yoast-schema-graph\">{\"@context\":\"https:\/\/schema.org\",\"@graph\":[{\"@type\":\"Article\",\"@id\":\"https:\/\/www.fiarebancaetica.coop\/ca\/encuentro-de-personas-socias-2019\/#article\",\"isPartOf\":{\"@id\":\"https:\/\/www.fiarebancaetica.coop\/ca\/encuentro-de-personas-socias-2019\/\"},\"author\":{\"name\":\"crispyadmin0\",\"@id\":\"https:\/\/www.fiarebancaetica.coop\/ca\/#\/schema\/person\/579841e89c804b5db05d9141bd9b8272\"},\"headline\":\"Encuentro de personas socias 2019\",\"datePublished\":\"2019-10-22T22:00:00+00:00\",\"dateModified\":\"2024-02-21T14:29:32+00:00\",\"mainEntityOfPage\":{\"@id\":\"https:\/\/www.fiarebancaetica.coop\/ca\/encuentro-de-personas-socias-2019\/\"},\"wordCount\":534,\"commentCount\":0,\"image\":{\"@id\":\"https:\/\/www.fiarebancaetica.coop\/ca\/encuentro-de-personas-socias-2019\/#primaryimage\"},\"thumbnailUrl\":\"https:\/\/www.fiarebancaetica.coop\/app\/uploads\/sites\/2\/2023\/12\/encuentro-de-coordinacion-de-personas-socias-en-buitrago.jpg\",\"articleSection\":[\"Finances \u00e8tiques\"],\"inLanguage\":\"ca\",\"potentialAction\":[{\"@type\":\"CommentAction\",\"name\":\"Comment\",\"target\":[\"https:\/\/www.fiarebancaetica.coop\/ca\/encuentro-de-personas-socias-2019\/#respond\"]}]},{\"@type\":\"WebPage\",\"@id\":\"https:\/\/www.fiarebancaetica.coop\/ca\/encuentro-de-personas-socias-2019\/\",\"url\":\"https:\/\/www.fiarebancaetica.coop\/ca\/encuentro-de-personas-socias-2019\/\",\"name\":\"Encuentro de personas socias 2019 - Fiare Banca Etica\",\"isPartOf\":{\"@id\":\"https:\/\/www.fiarebancaetica.coop\/ca\/#website\"},\"primaryImageOfPage\":{\"@id\":\"https:\/\/www.fiarebancaetica.coop\/ca\/encuentro-de-personas-socias-2019\/#primaryimage\"},\"image\":{\"@id\":\"https:\/\/www.fiarebancaetica.coop\/ca\/encuentro-de-personas-socias-2019\/#primaryimage\"},\"thumbnailUrl\":\"https:\/\/www.fiarebancaetica.coop\/app\/uploads\/sites\/2\/2023\/12\/encuentro-de-coordinacion-de-personas-socias-en-buitrago.jpg\",\"datePublished\":\"2019-10-22T22:00:00+00:00\",\"dateModified\":\"2024-02-21T14:29:32+00:00\",\"author\":{\"@id\":\"https:\/\/www.fiarebancaetica.coop\/ca\/#\/schema\/person\/579841e89c804b5db05d9141bd9b8272\"},\"breadcrumb\":{\"@id\":\"https:\/\/www.fiarebancaetica.coop\/ca\/encuentro-de-personas-socias-2019\/#breadcrumb\"},\"inLanguage\":\"ca\",\"potentialAction\":[{\"@type\":\"ReadAction\",\"target\":[\"https:\/\/www.fiarebancaetica.coop\/ca\/encuentro-de-personas-socias-2019\/\"]}]},{\"@type\":\"ImageObject\",\"inLanguage\":\"ca\",\"@id\":\"https:\/\/www.fiarebancaetica.coop\/ca\/encuentro-de-personas-socias-2019\/#primaryimage\",\"url\":\"https:\/\/www.fiarebancaetica.coop\/app\/uploads\/sites\/2\/2023\/12\/encuentro-de-coordinacion-de-personas-socias-en-buitrago.jpg\",\"contentUrl\":\"https:\/\/www.fiarebancaetica.coop\/app\/uploads\/sites\/2\/2023\/12\/encuentro-de-coordinacion-de-personas-socias-en-buitrago.jpg\",\"width\":540,\"height\":250},{\"@type\":\"BreadcrumbList\",\"@id\":\"https:\/\/www.fiarebancaetica.coop\/ca\/encuentro-de-personas-socias-2019\/#breadcrumb\",\"itemListElement\":[{\"@type\":\"ListItem\",\"position\":1,\"name\":\"Home\",\"item\":\"https:\/\/www.fiarebancaetica.coop\/ca\/\"},{\"@type\":\"ListItem\",\"position\":2,\"name\":\"Encuentro de personas socias 2019\"}]},{\"@type\":\"WebSite\",\"@id\":\"https:\/\/www.fiarebancaetica.coop\/ca\/#website\",\"url\":\"https:\/\/www.fiarebancaetica.coop\/ca\/\",\"name\":\"Fiare Banca Etica\",\"description\":\"\",\"potentialAction\":[{\"@type\":\"SearchAction\",\"target\":{\"@type\":\"EntryPoint\",\"urlTemplate\":\"https:\/\/www.fiarebancaetica.coop\/ca\/?s={search_term_string}\"},\"query-input\":{\"@type\":\"PropertyValueSpecification\",\"valueRequired\":true,\"valueName\":\"search_term_string\"}}],\"inLanguage\":\"ca\"},{\"@type\":\"Person\",\"@id\":\"https:\/\/www.fiarebancaetica.coop\/ca\/#\/schema\/person\/579841e89c804b5db05d9141bd9b8272\",\"name\":\"crispyadmin0\",\"image\":{\"@type\":\"ImageObject\",\"inLanguage\":\"ca\",\"@id\":\"https:\/\/www.fiarebancaetica.coop\/ca\/#\/schema\/person\/image\/5f3a6b7786f32f4c35bd2b1a5a4698ea\",\"url\":\"https:\/\/secure.gravatar.com\/avatar\/4d2cfb499d497b6d49da659fab7404b243a87fe8e40d2cf97a1cae48f677f5b2?s=96&d=mm&r=g\",\"contentUrl\":\"https:\/\/secure.gravatar.com\/avatar\/4d2cfb499d497b6d49da659fab7404b243a87fe8e40d2cf97a1cae48f677f5b2?s=96&d=mm&r=g\",\"caption\":\"crispyadmin0\"},\"sameAs\":[\"crispyadmin0\"]}]}<\/script>\n<!-- \/ Yoast SEO plugin. -->","yoast_head_json":{"title":"Encuentro de personas socias 2019 - Fiare Banca Etica","robots":{"index":"index","follow":"follow","max-snippet":"max-snippet:-1","max-image-preview":"max-image-preview:large","max-video-preview":"max-video-preview:-1"},"canonical":"https:\/\/www.fiarebancaetica.coop\/ca\/encuentro-de-personas-socias-2019\/","og_locale":"ca_ES","og_type":"article","og_title":"Encuentro de personas socias 2019 - Fiare Banca Etica","og_description":"Los d\u00edas 19 y 20 de octubre ha tenido lugar el Encuentro de coordinaci\u00f3n de personas socias en Buitrago de Lozoya (Madrid), donde se han reunido m\u00e1s de 60 personas: Consejeros\/as, Coordinadores\/as, Responsables de comunicaci\u00f3n, Mesa de Socias de Referencia, personal del banco, los Portadores de valor y&nbsp; Anna Fasano, Presidenta de Banca Etica. &nbsp; &nbsp;","og_url":"https:\/\/www.fiarebancaetica.coop\/ca\/encuentro-de-personas-socias-2019\/","og_site_name":"Fiare Banca Etica","article_published_time":"2019-10-22T22:00:00+00:00","article_modified_time":"2024-02-21T14:29:32+00:00","og_image":[{"width":540,"height":250,"url":"https:\/\/www.fiarebancaetica.coop\/app\/uploads\/sites\/2\/2023\/12\/encuentro-de-coordinacion-de-personas-socias-en-buitrago.jpg","type":"image\/jpeg"}],"author":"crispyadmin0","twitter_card":"summary_large_image","schema":{"@context":"https:\/\/schema.org","@graph":[{"@type":"Article","@id":"https:\/\/www.fiarebancaetica.coop\/ca\/encuentro-de-personas-socias-2019\/#article","isPartOf":{"@id":"https:\/\/www.fiarebancaetica.coop\/ca\/encuentro-de-personas-socias-2019\/"},"author":{"name":"crispyadmin0","@id":"https:\/\/www.fiarebancaetica.coop\/ca\/#\/schema\/person\/579841e89c804b5db05d9141bd9b8272"},"headline":"Encuentro de personas socias 2019","datePublished":"2019-10-22T22:00:00+00:00","dateModified":"2024-02-21T14:29:32+00:00","mainEntityOfPage":{"@id":"https:\/\/www.fiarebancaetica.coop\/ca\/encuentro-de-personas-socias-2019\/"},"wordCount":534,"commentCount":0,"image":{"@id":"https:\/\/www.fiarebancaetica.coop\/ca\/encuentro-de-personas-socias-2019\/#primaryimage"},"thumbnailUrl":"https:\/\/www.fiarebancaetica.coop\/app\/uploads\/sites\/2\/2023\/12\/encuentro-de-coordinacion-de-personas-socias-en-buitrago.jpg","articleSection":["Finances \u00e8tiques"],"inLanguage":"ca","potentialAction":[{"@type":"CommentAction","name":"Comment","target":["https:\/\/www.fiarebancaetica.coop\/ca\/encuentro-de-personas-socias-2019\/#respond"]}]},{"@type":"WebPage","@id":"https:\/\/www.fiarebancaetica.coop\/ca\/encuentro-de-personas-socias-2019\/","url":"https:\/\/www.fiarebancaetica.coop\/ca\/encuentro-de-personas-socias-2019\/","name":"Encuentro de personas socias 2019 - Fiare Banca Etica","isPartOf":{"@id":"https:\/\/www.fiarebancaetica.coop\/ca\/#website"},"primaryImageOfPage":{"@id":"https:\/\/www.fiarebancaetica.coop\/ca\/encuentro-de-personas-socias-2019\/#primaryimage"},"image":{"@id":"https:\/\/www.fiarebancaetica.coop\/ca\/encuentro-de-personas-socias-2019\/#primaryimage"},"thumbnailUrl":"https:\/\/www.fiarebancaetica.coop\/app\/uploads\/sites\/2\/2023\/12\/encuentro-de-coordinacion-de-personas-socias-en-buitrago.jpg","datePublished":"2019-10-22T22:00:00+00:00","dateModified":"2024-02-21T14:29:32+00:00","author":{"@id":"https:\/\/www.fiarebancaetica.coop\/ca\/#\/schema\/person\/579841e89c804b5db05d9141bd9b8272"},"breadcrumb":{"@id":"https:\/\/www.fiarebancaetica.coop\/ca\/encuentro-de-personas-socias-2019\/#breadcrumb"},"inLanguage":"ca","potentialAction":[{"@type":"ReadAction","target":["https:\/\/www.fiarebancaetica.coop\/ca\/encuentro-de-personas-socias-2019\/"]}]},{"@type":"ImageObject","inLanguage":"ca","@id":"https:\/\/www.fiarebancaetica.coop\/ca\/encuentro-de-personas-socias-2019\/#primaryimage","url":"https:\/\/www.fiarebancaetica.coop\/app\/uploads\/sites\/2\/2023\/12\/encuentro-de-coordinacion-de-personas-socias-en-buitrago.jpg","contentUrl":"https:\/\/www.fiarebancaetica.coop\/app\/uploads\/sites\/2\/2023\/12\/encuentro-de-coordinacion-de-personas-socias-en-buitrago.jpg","width":540,"height":250},{"@type":"BreadcrumbList","@id":"https:\/\/www.fiarebancaetica.coop\/ca\/encuentro-de-personas-socias-2019\/#breadcrumb","itemListElement":[{"@type":"ListItem","position":1,"name":"Home","item":"https:\/\/www.fiarebancaetica.coop\/ca\/"},{"@type":"ListItem","position":2,"name":"Encuentro de personas socias 2019"}]},{"@type":"WebSite","@id":"https:\/\/www.fiarebancaetica.coop\/ca\/#website","url":"https:\/\/www.fiarebancaetica.coop\/ca\/","name":"Fiare Banca Etica","description":"","potentialAction":[{"@type":"SearchAction","target":{"@type":"EntryPoint","urlTemplate":"https:\/\/www.fiarebancaetica.coop\/ca\/?s={search_term_string}"},"query-input":{"@type":"PropertyValueSpecification","valueRequired":true,"valueName":"search_term_string"}}],"inLanguage":"ca"},{"@type":"Person","@id":"https:\/\/www.fiarebancaetica.coop\/ca\/#\/schema\/person\/579841e89c804b5db05d9141bd9b8272","name":"crispyadmin0","image":{"@type":"ImageObject","inLanguage":"ca","@id":"https:\/\/www.fiarebancaetica.coop\/ca\/#\/schema\/person\/image\/5f3a6b7786f32f4c35bd2b1a5a4698ea","url":"https:\/\/secure.gravatar.com\/avatar\/4d2cfb499d497b6d49da659fab7404b243a87fe8e40d2cf97a1cae48f677f5b2?s=96&d=mm&r=g","contentUrl":"https:\/\/secure.gravatar.com\/avatar\/4d2cfb499d497b6d49da659fab7404b243a87fe8e40d2cf97a1cae48f677f5b2?s=96&d=mm&r=g","caption":"crispyadmin0"},"sameAs":["crispyadmin0"]}]}},"_links":{"self":[{"href":"https:\/\/www.fiarebancaetica.coop\/ca\/wp-json\/wp\/v2\/posts\/344568","targetHints":{"allow":["GET"]}}],"collection":[{"href":"https:\/\/www.fiarebancaetica.coop\/ca\/wp-json\/wp\/v2\/posts"}],"about":[{"href":"https:\/\/www.fiarebancaetica.coop\/ca\/wp-json\/wp\/v2\/types\/post"}],"author":[{"embeddable":true,"href":"https:\/\/www.fiarebancaetica.coop\/ca\/wp-json\/wp\/v2\/users\/2"}],"replies":[{"embeddable":true,"href":"https:\/\/www.fiarebancaetica.coop\/ca\/wp-json\/wp\/v2\/comments?post=344568"}],"version-history":[{"count":2,"href":"https:\/\/www.fiarebancaetica.coop\/ca\/wp-json\/wp\/v2\/posts\/344568\/revisions"}],"predecessor-version":[{"id":354389,"href":"https:\/\/www.fiarebancaetica.coop\/ca\/wp-json\/wp\/v2\/posts\/344568\/revisions\/354389"}],"wp:featuredmedia":[{"embeddable":true,"href":"https:\/\/www.fiarebancaetica.coop\/ca\/wp-json\/wp\/v2\/media\/328906"}],"wp:attachment":[{"href":"https:\/\/www.fiarebancaetica.coop\/ca\/wp-json\/wp\/v2\/media?parent=344568"}],"wp:term":[{"taxonomy":"category","embeddable":true,"href":"https:\/\/www.fiarebancaetica.coop\/ca\/wp-json\/wp\/v2\/categories?post=344568"},{"taxonomy":"post_tag","embeddable":true,"href":"https:\/\/www.fiarebancaetica.coop\/ca\/wp-json\/wp\/v2\/tags?post=344568"},{"taxonomy":"author","embeddable":true,"href":"https:\/\/www.fiarebancaetica.coop\/ca\/wp-json\/wp\/v2\/coauthors?post=344568"}],"curies":[{"name":"wp","href":"https:\/\/api.w.org\/{rel}","templated":true}]}}