{"id":344589,"date":"2019-09-30T07:03:37","date_gmt":"2019-09-30T05:03:37","guid":{"rendered":"https:\/\/www.fiarebancaetica.coop\/fundacion-finanzas-eticas-se-nombro-un-nuevo-consejo-de-direccion\/"},"modified":"2024-02-21T15:29:49","modified_gmt":"2024-02-21T14:29:49","slug":"fundacion-finanzas-eticas-se-nombro-un-nuevo-consejo-de-direccion","status":"publish","type":"post","link":"https:\/\/www.fiarebancaetica.coop\/ca\/fundacion-finanzas-eticas-se-nombro-un-nuevo-consejo-de-direccion\/","title":{"rendered":"Fundaci\u00f3n Finanzas Eticas: se nombr\u00f3 un nuevo Consejo de Direcci\u00f3n"},"content":{"rendered":"\n\n<div class=\"wp-block-bancaetica-blocks-blocks-block-49\">\n    <div class=\"container-block-49\">\n\n        <div class=\"header-section \">\n                            <h1 class=\"section-title\"> Etica e cooperativa <\/h1>\n                                            <\/div>\n\n        \n        <div class=\"block-background\" style=\"background-image: url('https:\/\/www.fiarebancaetica.coop\/app\/uploads\/sites\/2\/2023\/12\/marco_piccolo-1.jpg')\">\n                            <div class=\"tile\">\n                    <h1 class=\"image-title\"> Fundaci\u00f3n Finanzas Eticas: se nombr\u00f3 un nuevo Consejo de Direcci\u00f3n <\/h1>\n                <\/div>             <!-- end .tile -->\n            <div class=\"bottom-content\">\n                            <\/div> <!-- end .button-content -->\n        <\/div> <!-- end .block-background -->\n    <\/div> <!-- end .container -->\n<\/div> <!-- end wp-block-bancaetica-blocks-blocks-block-06 -->\n\n\n<div class=\"wrapper-crispybacon-class wrapper-crispybacon-class-boxed \">\n    <p>La<strong> Fundaci&oacute;n Finanzas &Eacute;ticas es la fundaci&oacute;n cultural en la que participa el Grupo Banca Etica, <\/strong>fundado hace 16 a&ntilde;os por Banca Etica y Etica Sgr para llevar a cabo actividades cr&iacute;ticas de accionistas en Italia y Europa; participar en campa&ntilde;as y redes italianas y europeas; llevar a cabo proyectos de educaci&oacute;n cr&iacute;tica en el &aacute;mbito financiero y realizar a cabo investigaciones y estudios a nivel internacional.<\/p>\n\n<p>En los &uacute;ltimos d&iacute;as, el nuevo Consejo<strong> <\/strong>de Direcci&oacute;n se ha establecido en Florencia, que ha elegido por unanimidad al nuevo presidente y vicepresidente de la Fundaci&oacute;n. El <strong>Presidente es Marco Piccolo<\/strong>, que abandon&oacute; su anterior cargo como encargado del Servicio de Estrategia y Comunicaci&oacute;n de Banca Etica; la Vicepresidenta es Elda dalla Bona, representante de las personas socias de Banca Etica en la zona noreste.<\/p>\n\n<p>El<strong> Consejo de Direcci&oacute;n<\/strong> est&aacute; compuesto por Marco Piccolo, Elda Dalla Bona, Andrea Baranes, Camilla Carabini, Adriana Lamberto Floristan, Pietro Ghetti, Luca Mattiazzi, Alessandro Messina, Giuditta Peliti, Francesca Rispoli y Soana Tortora. La primera diligencia del Consejo de Direcci&oacute;n fue el nombramiento de la <strong>Junta Ejecutiva<\/strong>, compuesto por el Presidente, Alessandro Messina (Director General de Banca Etica), Luca Mattiazzi (Director General de Etica Sgr), Giuditta Peliti, Representante de las personas socias de Banca Etica para el &Aacute;rea Central, y Camilla Carabini.<\/p>\n\n<p><em>&quot;Agradezco a mi predecesor Andrea Baranes la importante labor que ha realizado con la Fundaci&oacute;n en este &uacute;ltimo mandato<\/em>&quot;, <strong>afirma Marco Piccolo<\/strong>. &#8211; <em>Nos espera un oto&ntilde;o lleno de iniciativas y proyectos por realizar.<\/em><em> <\/em><em>En octubre, consolidamos nuestras relaciones con el prestigioso Instituto Universitario Europeo domiciliado en Fiesole, organizando el 22 de octubre un taller sobre la relaci&oacute;n entre los bancos y el clima &quot;<\/em><em><u>Banking on Climate: a path to Responsability&quot;<\/u><\/em><em>.<\/em><em> <\/em><em>El 7 de diciembre estaremos en As&iacute;s, donde organizaremos una conferencia en el Sacro Convento sobre la enc&iacute;clica Laudato Si y sus implicaciones en el campo de la econom&iacute;a y las finanzas.<\/em><em> <\/em><em>Tambi&eacute;n estamos preparando el 3&ordm; Informe sobre Finanzas &Eacute;ticas y Sostenibles en Europa, que este a&ntilde;o se centrar&aacute;, por primera vez, en las inversiones socialmente responsables en Europa y en las experiencias de participaci&oacute;n accionaria clave y activa; el informe se presentar&aacute; en Bruselas en el Consejo Europeo<\/em>.<\/p>\n\n<p>La Fundaci&oacute;n Finanzas &Eacute;ticas desarrolla desde hace 10 a&ntilde;os actividades de los accionistas claves en Italia y en Europa a trav&eacute;s de la red Shareholders for Change, compuesta por 11 miembros que invierten en m&aacute;s de 23.000 millones de euros y representan aproximadamente 140.000 millones de euros de activos gestionados; desde 2006 ha participado en m&aacute;s de 20 campa&ntilde;as y redes italianas e internacionales; ha llevado a cabo m&aacute;s de 100 intervenciones educativas, entre ellas, a trav&eacute;s de webinars y MOOCs, sobre los temas de la educaci&oacute;n cr&iacute;tica de las finanzas; publica investigaciones y estudios a nivel internacional.<\/p>\n<\/div>","protected":false},"excerpt":{"rendered":"<p>Un calendario lleno de iniciativas de educaci&oacute;n financiera, talleres sobre finanzas y clima, estudios sobre inversiones sostenibles en Europa y mucho m&aacute;s<\/p>\n<p>&nbsp;<\/p>\n","protected":false},"author":1,"featured_media":337203,"comment_status":"open","ping_status":"closed","sticky":false,"template":"","format":"standard","meta":{"_acf_changed":false,"footnotes":""},"categories":[11642],"tags":[],"coauthors":[],"class_list":["post-344589","post","type-post","status-publish","format-standard","has-post-thumbnail","hentry","category-etica-i-cooperativa"],"acf":[],"yoast_head":"<!-- This site is optimized with the Yoast SEO plugin v26.9 - https:\/\/yoast.com\/product\/yoast-seo-wordpress\/ -->\n<title>Fundaci\u00f3n Finanzas Eticas: se nombr\u00f3 un nuevo Consejo de Direcci\u00f3n - Fiare Banca Etica<\/title>\n<meta name=\"robots\" content=\"index, follow, max-snippet:-1, max-image-preview:large, max-video-preview:-1\" \/>\n<link rel=\"canonical\" href=\"https:\/\/www.fiarebancaetica.coop\/ca\/fundacion-finanzas-eticas-se-nombro-un-nuevo-consejo-de-direccion\/\" \/>\n<meta property=\"og:locale\" content=\"ca_ES\" \/>\n<meta property=\"og:type\" content=\"article\" \/>\n<meta property=\"og:title\" content=\"Fundaci\u00f3n Finanzas Eticas: se nombr\u00f3 un nuevo Consejo de Direcci\u00f3n - Fiare Banca Etica\" \/>\n<meta property=\"og:description\" content=\"Un calendario lleno de iniciativas de educaci&oacute;n financiera, talleres sobre finanzas y clima, estudios sobre inversiones sostenibles en Europa y mucho m&aacute;s &nbsp;\" \/>\n<meta property=\"og:url\" content=\"https:\/\/www.fiarebancaetica.coop\/ca\/fundacion-finanzas-eticas-se-nombro-un-nuevo-consejo-de-direccion\/\" \/>\n<meta property=\"og:site_name\" content=\"Fiare Banca Etica\" \/>\n<meta property=\"article:published_time\" content=\"2019-09-30T05:03:37+00:00\" \/>\n<meta property=\"article:modified_time\" content=\"2024-02-21T14:29:49+00:00\" \/>\n<meta property=\"og:image\" content=\"https:\/\/www.fiarebancaetica.coop\/app\/uploads\/sites\/2\/2023\/12\/marco_piccolo-1.jpg\" \/>\n\t<meta property=\"og:image:width\" content=\"900\" \/>\n\t<meta property=\"og:image:height\" content=\"600\" \/>\n\t<meta property=\"og:image:type\" content=\"image\/jpeg\" \/>\n<meta name=\"author\" content=\"DINOVA ES PF SOCIO\" \/>\n<meta name=\"twitter:card\" content=\"summary_large_image\" \/>\n<script type=\"application\/ld+json\" class=\"yoast-schema-graph\">{\"@context\":\"https:\/\/schema.org\",\"@graph\":[{\"@type\":\"Article\",\"@id\":\"https:\/\/www.fiarebancaetica.coop\/ca\/fundacion-finanzas-eticas-se-nombro-un-nuevo-consejo-de-direccion\/#article\",\"isPartOf\":{\"@id\":\"https:\/\/www.fiarebancaetica.coop\/ca\/fundacion-finanzas-eticas-se-nombro-un-nuevo-consejo-de-direccion\/\"},\"author\":{\"name\":\"DINOVA ES PF SOCIO\",\"@id\":\"https:\/\/www.fiarebancaetica.coop\/ca\/#\/schema\/person\/ace3bdacff4456335cf9d9d0f5b2da36\"},\"headline\":\"Fundaci\u00f3n Finanzas Eticas: se nombr\u00f3 un nuevo Consejo de Direcci\u00f3n\",\"datePublished\":\"2019-09-30T05:03:37+00:00\",\"dateModified\":\"2024-02-21T14:29:49+00:00\",\"mainEntityOfPage\":{\"@id\":\"https:\/\/www.fiarebancaetica.coop\/ca\/fundacion-finanzas-eticas-se-nombro-un-nuevo-consejo-de-direccion\/\"},\"wordCount\":544,\"commentCount\":0,\"image\":{\"@id\":\"https:\/\/www.fiarebancaetica.coop\/ca\/fundacion-finanzas-eticas-se-nombro-un-nuevo-consejo-de-direccion\/#primaryimage\"},\"thumbnailUrl\":\"https:\/\/www.fiarebancaetica.coop\/app\/uploads\/sites\/2\/2023\/12\/marco_piccolo-1.jpg\",\"articleSection\":[\"\u00c8tica i cooperativa\"],\"inLanguage\":\"ca\",\"potentialAction\":[{\"@type\":\"CommentAction\",\"name\":\"Comment\",\"target\":[\"https:\/\/www.fiarebancaetica.coop\/ca\/fundacion-finanzas-eticas-se-nombro-un-nuevo-consejo-de-direccion\/#respond\"]}]},{\"@type\":\"WebPage\",\"@id\":\"https:\/\/www.fiarebancaetica.coop\/ca\/fundacion-finanzas-eticas-se-nombro-un-nuevo-consejo-de-direccion\/\",\"url\":\"https:\/\/www.fiarebancaetica.coop\/ca\/fundacion-finanzas-eticas-se-nombro-un-nuevo-consejo-de-direccion\/\",\"name\":\"Fundaci\u00f3n Finanzas Eticas: se nombr\u00f3 un nuevo Consejo de Direcci\u00f3n - Fiare Banca Etica\",\"isPartOf\":{\"@id\":\"https:\/\/www.fiarebancaetica.coop\/ca\/#website\"},\"primaryImageOfPage\":{\"@id\":\"https:\/\/www.fiarebancaetica.coop\/ca\/fundacion-finanzas-eticas-se-nombro-un-nuevo-consejo-de-direccion\/#primaryimage\"},\"image\":{\"@id\":\"https:\/\/www.fiarebancaetica.coop\/ca\/fundacion-finanzas-eticas-se-nombro-un-nuevo-consejo-de-direccion\/#primaryimage\"},\"thumbnailUrl\":\"https:\/\/www.fiarebancaetica.coop\/app\/uploads\/sites\/2\/2023\/12\/marco_piccolo-1.jpg\",\"datePublished\":\"2019-09-30T05:03:37+00:00\",\"dateModified\":\"2024-02-21T14:29:49+00:00\",\"author\":{\"@id\":\"https:\/\/www.fiarebancaetica.coop\/ca\/#\/schema\/person\/ace3bdacff4456335cf9d9d0f5b2da36\"},\"breadcrumb\":{\"@id\":\"https:\/\/www.fiarebancaetica.coop\/ca\/fundacion-finanzas-eticas-se-nombro-un-nuevo-consejo-de-direccion\/#breadcrumb\"},\"inLanguage\":\"ca\",\"potentialAction\":[{\"@type\":\"ReadAction\",\"target\":[\"https:\/\/www.fiarebancaetica.coop\/ca\/fundacion-finanzas-eticas-se-nombro-un-nuevo-consejo-de-direccion\/\"]}]},{\"@type\":\"ImageObject\",\"inLanguage\":\"ca\",\"@id\":\"https:\/\/www.fiarebancaetica.coop\/ca\/fundacion-finanzas-eticas-se-nombro-un-nuevo-consejo-de-direccion\/#primaryimage\",\"url\":\"https:\/\/www.fiarebancaetica.coop\/app\/uploads\/sites\/2\/2023\/12\/marco_piccolo-1.jpg\",\"contentUrl\":\"https:\/\/www.fiarebancaetica.coop\/app\/uploads\/sites\/2\/2023\/12\/marco_piccolo-1.jpg\",\"width\":900,\"height\":600},{\"@type\":\"BreadcrumbList\",\"@id\":\"https:\/\/www.fiarebancaetica.coop\/ca\/fundacion-finanzas-eticas-se-nombro-un-nuevo-consejo-de-direccion\/#breadcrumb\",\"itemListElement\":[{\"@type\":\"ListItem\",\"position\":1,\"name\":\"Home\",\"item\":\"https:\/\/www.fiarebancaetica.coop\/ca\/\"},{\"@type\":\"ListItem\",\"position\":2,\"name\":\"Fundaci\u00f3n Finanzas Eticas: se nombr\u00f3 un nuevo Consejo de Direcci\u00f3n\"}]},{\"@type\":\"WebSite\",\"@id\":\"https:\/\/www.fiarebancaetica.coop\/ca\/#website\",\"url\":\"https:\/\/www.fiarebancaetica.coop\/ca\/\",\"name\":\"Fiare Banca Etica\",\"description\":\"\",\"potentialAction\":[{\"@type\":\"SearchAction\",\"target\":{\"@type\":\"EntryPoint\",\"urlTemplate\":\"https:\/\/www.fiarebancaetica.coop\/ca\/?s={search_term_string}\"},\"query-input\":{\"@type\":\"PropertyValueSpecification\",\"valueRequired\":true,\"valueName\":\"search_term_string\"}}],\"inLanguage\":\"ca\"},{\"@type\":\"Person\",\"@id\":\"https:\/\/www.fiarebancaetica.coop\/ca\/#\/schema\/person\/ace3bdacff4456335cf9d9d0f5b2da36\",\"name\":\"DINOVA ES PF SOCIO\",\"image\":{\"@type\":\"ImageObject\",\"inLanguage\":\"ca\",\"@id\":\"https:\/\/www.fiarebancaetica.coop\/ca\/#\/schema\/person\/image\/d840c429252bc61049c4e64c1994d981\",\"url\":\"https:\/\/secure.gravatar.com\/avatar\/1ff124ae11584284b1a9b4fd44081c816c4e8746a16f7ea5c348c48fe02e7fce?s=96&d=mm&r=g\",\"contentUrl\":\"https:\/\/secure.gravatar.com\/avatar\/1ff124ae11584284b1a9b4fd44081c816c4e8746a16f7ea5c348c48fe02e7fce?s=96&d=mm&r=g\",\"caption\":\"DINOVA ES PF SOCIO\"},\"sameAs\":[\"https:\/\/wwwcoll.bancaetica.it\/wp\"]}]}<\/script>\n<!-- \/ Yoast SEO plugin. -->","yoast_head_json":{"title":"Fundaci\u00f3n Finanzas Eticas: se nombr\u00f3 un nuevo Consejo de Direcci\u00f3n - Fiare Banca Etica","robots":{"index":"index","follow":"follow","max-snippet":"max-snippet:-1","max-image-preview":"max-image-preview:large","max-video-preview":"max-video-preview:-1"},"canonical":"https:\/\/www.fiarebancaetica.coop\/ca\/fundacion-finanzas-eticas-se-nombro-un-nuevo-consejo-de-direccion\/","og_locale":"ca_ES","og_type":"article","og_title":"Fundaci\u00f3n Finanzas Eticas: se nombr\u00f3 un nuevo Consejo de Direcci\u00f3n - Fiare Banca Etica","og_description":"Un calendario lleno de iniciativas de educaci&oacute;n financiera, talleres sobre finanzas y clima, estudios sobre inversiones sostenibles en Europa y mucho m&aacute;s &nbsp;","og_url":"https:\/\/www.fiarebancaetica.coop\/ca\/fundacion-finanzas-eticas-se-nombro-un-nuevo-consejo-de-direccion\/","og_site_name":"Fiare Banca Etica","article_published_time":"2019-09-30T05:03:37+00:00","article_modified_time":"2024-02-21T14:29:49+00:00","og_image":[{"width":900,"height":600,"url":"https:\/\/www.fiarebancaetica.coop\/app\/uploads\/sites\/2\/2023\/12\/marco_piccolo-1.jpg","type":"image\/jpeg"}],"author":"DINOVA ES PF SOCIO","twitter_card":"summary_large_image","schema":{"@context":"https:\/\/schema.org","@graph":[{"@type":"Article","@id":"https:\/\/www.fiarebancaetica.coop\/ca\/fundacion-finanzas-eticas-se-nombro-un-nuevo-consejo-de-direccion\/#article","isPartOf":{"@id":"https:\/\/www.fiarebancaetica.coop\/ca\/fundacion-finanzas-eticas-se-nombro-un-nuevo-consejo-de-direccion\/"},"author":{"name":"DINOVA ES PF SOCIO","@id":"https:\/\/www.fiarebancaetica.coop\/ca\/#\/schema\/person\/ace3bdacff4456335cf9d9d0f5b2da36"},"headline":"Fundaci\u00f3n Finanzas Eticas: se nombr\u00f3 un nuevo Consejo de Direcci\u00f3n","datePublished":"2019-09-30T05:03:37+00:00","dateModified":"2024-02-21T14:29:49+00:00","mainEntityOfPage":{"@id":"https:\/\/www.fiarebancaetica.coop\/ca\/fundacion-finanzas-eticas-se-nombro-un-nuevo-consejo-de-direccion\/"},"wordCount":544,"commentCount":0,"image":{"@id":"https:\/\/www.fiarebancaetica.coop\/ca\/fundacion-finanzas-eticas-se-nombro-un-nuevo-consejo-de-direccion\/#primaryimage"},"thumbnailUrl":"https:\/\/www.fiarebancaetica.coop\/app\/uploads\/sites\/2\/2023\/12\/marco_piccolo-1.jpg","articleSection":["\u00c8tica i cooperativa"],"inLanguage":"ca","potentialAction":[{"@type":"CommentAction","name":"Comment","target":["https:\/\/www.fiarebancaetica.coop\/ca\/fundacion-finanzas-eticas-se-nombro-un-nuevo-consejo-de-direccion\/#respond"]}]},{"@type":"WebPage","@id":"https:\/\/www.fiarebancaetica.coop\/ca\/fundacion-finanzas-eticas-se-nombro-un-nuevo-consejo-de-direccion\/","url":"https:\/\/www.fiarebancaetica.coop\/ca\/fundacion-finanzas-eticas-se-nombro-un-nuevo-consejo-de-direccion\/","name":"Fundaci\u00f3n Finanzas Eticas: se nombr\u00f3 un nuevo Consejo de Direcci\u00f3n - Fiare Banca Etica","isPartOf":{"@id":"https:\/\/www.fiarebancaetica.coop\/ca\/#website"},"primaryImageOfPage":{"@id":"https:\/\/www.fiarebancaetica.coop\/ca\/fundacion-finanzas-eticas-se-nombro-un-nuevo-consejo-de-direccion\/#primaryimage"},"image":{"@id":"https:\/\/www.fiarebancaetica.coop\/ca\/fundacion-finanzas-eticas-se-nombro-un-nuevo-consejo-de-direccion\/#primaryimage"},"thumbnailUrl":"https:\/\/www.fiarebancaetica.coop\/app\/uploads\/sites\/2\/2023\/12\/marco_piccolo-1.jpg","datePublished":"2019-09-30T05:03:37+00:00","dateModified":"2024-02-21T14:29:49+00:00","author":{"@id":"https:\/\/www.fiarebancaetica.coop\/ca\/#\/schema\/person\/ace3bdacff4456335cf9d9d0f5b2da36"},"breadcrumb":{"@id":"https:\/\/www.fiarebancaetica.coop\/ca\/fundacion-finanzas-eticas-se-nombro-un-nuevo-consejo-de-direccion\/#breadcrumb"},"inLanguage":"ca","potentialAction":[{"@type":"ReadAction","target":["https:\/\/www.fiarebancaetica.coop\/ca\/fundacion-finanzas-eticas-se-nombro-un-nuevo-consejo-de-direccion\/"]}]},{"@type":"ImageObject","inLanguage":"ca","@id":"https:\/\/www.fiarebancaetica.coop\/ca\/fundacion-finanzas-eticas-se-nombro-un-nuevo-consejo-de-direccion\/#primaryimage","url":"https:\/\/www.fiarebancaetica.coop\/app\/uploads\/sites\/2\/2023\/12\/marco_piccolo-1.jpg","contentUrl":"https:\/\/www.fiarebancaetica.coop\/app\/uploads\/sites\/2\/2023\/12\/marco_piccolo-1.jpg","width":900,"height":600},{"@type":"BreadcrumbList","@id":"https:\/\/www.fiarebancaetica.coop\/ca\/fundacion-finanzas-eticas-se-nombro-un-nuevo-consejo-de-direccion\/#breadcrumb","itemListElement":[{"@type":"ListItem","position":1,"name":"Home","item":"https:\/\/www.fiarebancaetica.coop\/ca\/"},{"@type":"ListItem","position":2,"name":"Fundaci\u00f3n Finanzas Eticas: se nombr\u00f3 un nuevo Consejo de Direcci\u00f3n"}]},{"@type":"WebSite","@id":"https:\/\/www.fiarebancaetica.coop\/ca\/#website","url":"https:\/\/www.fiarebancaetica.coop\/ca\/","name":"Fiare Banca Etica","description":"","potentialAction":[{"@type":"SearchAction","target":{"@type":"EntryPoint","urlTemplate":"https:\/\/www.fiarebancaetica.coop\/ca\/?s={search_term_string}"},"query-input":{"@type":"PropertyValueSpecification","valueRequired":true,"valueName":"search_term_string"}}],"inLanguage":"ca"},{"@type":"Person","@id":"https:\/\/www.fiarebancaetica.coop\/ca\/#\/schema\/person\/ace3bdacff4456335cf9d9d0f5b2da36","name":"DINOVA ES PF SOCIO","image":{"@type":"ImageObject","inLanguage":"ca","@id":"https:\/\/www.fiarebancaetica.coop\/ca\/#\/schema\/person\/image\/d840c429252bc61049c4e64c1994d981","url":"https:\/\/secure.gravatar.com\/avatar\/1ff124ae11584284b1a9b4fd44081c816c4e8746a16f7ea5c348c48fe02e7fce?s=96&d=mm&r=g","contentUrl":"https:\/\/secure.gravatar.com\/avatar\/1ff124ae11584284b1a9b4fd44081c816c4e8746a16f7ea5c348c48fe02e7fce?s=96&d=mm&r=g","caption":"DINOVA ES PF SOCIO"},"sameAs":["https:\/\/wwwcoll.bancaetica.it\/wp"]}]}},"_links":{"self":[{"href":"https:\/\/www.fiarebancaetica.coop\/ca\/wp-json\/wp\/v2\/posts\/344589","targetHints":{"allow":["GET"]}}],"collection":[{"href":"https:\/\/www.fiarebancaetica.coop\/ca\/wp-json\/wp\/v2\/posts"}],"about":[{"href":"https:\/\/www.fiarebancaetica.coop\/ca\/wp-json\/wp\/v2\/types\/post"}],"author":[{"embeddable":true,"href":"https:\/\/www.fiarebancaetica.coop\/ca\/wp-json\/wp\/v2\/users\/1"}],"replies":[{"embeddable":true,"href":"https:\/\/www.fiarebancaetica.coop\/ca\/wp-json\/wp\/v2\/comments?post=344589"}],"version-history":[{"count":2,"href":"https:\/\/www.fiarebancaetica.coop\/ca\/wp-json\/wp\/v2\/posts\/344589\/revisions"}],"predecessor-version":[{"id":355890,"href":"https:\/\/www.fiarebancaetica.coop\/ca\/wp-json\/wp\/v2\/posts\/344589\/revisions\/355890"}],"wp:featuredmedia":[{"embeddable":true,"href":"https:\/\/www.fiarebancaetica.coop\/ca\/wp-json\/wp\/v2\/media\/337203"}],"wp:attachment":[{"href":"https:\/\/www.fiarebancaetica.coop\/ca\/wp-json\/wp\/v2\/media?parent=344589"}],"wp:term":[{"taxonomy":"category","embeddable":true,"href":"https:\/\/www.fiarebancaetica.coop\/ca\/wp-json\/wp\/v2\/categories?post=344589"},{"taxonomy":"post_tag","embeddable":true,"href":"https:\/\/www.fiarebancaetica.coop\/ca\/wp-json\/wp\/v2\/tags?post=344589"},{"taxonomy":"author","embeddable":true,"href":"https:\/\/www.fiarebancaetica.coop\/ca\/wp-json\/wp\/v2\/coauthors?post=344589"}],"curies":[{"name":"wp","href":"https:\/\/api.w.org\/{rel}","templated":true}]}}