{"id":344596,"date":"2019-09-30T00:00:00","date_gmt":"2019-09-29T22:00:00","guid":{"rendered":"https:\/\/www.fiarebancaetica.coop\/empiezan-las-obras-de-las-viviendas-cooperativas-de-la-balma\/"},"modified":"2024-02-21T15:29:53","modified_gmt":"2024-02-21T14:29:53","slug":"empiezan-las-obras-de-las-viviendas-cooperativas-de-la-balma","status":"publish","type":"post","link":"https:\/\/www.fiarebancaetica.coop\/ca\/empiezan-las-obras-de-las-viviendas-cooperativas-de-la-balma\/","title":{"rendered":"Empiezan las obras de las viviendas cooperativas de la Balma"},"content":{"rendered":"\n\n<div class=\"wp-block-bancaetica-blocks-blocks-block-49\">\n    <div class=\"container-block-49\">\n\n        <div class=\"header-section \">\n                            <h1 class=\"section-title\"> Etica e cooperativa <\/h1>\n                                            <\/div>\n\n        \n        <div class=\"block-background\" style=\"background-image: url('https:\/\/www.fiarebancaetica.coop\/app\/uploads\/sites\/2\/2023\/12\/empiezan-las-obras-de-las-viviendas-cooperativas-de-balma.jpg')\">\n                            <div class=\"tile\">\n                    <h1 class=\"image-title\"> Empiezan las obras de las viviendas cooperativas de la Balma <\/h1>\n                <\/div>             <!-- end .tile -->\n            <div class=\"bottom-content\">\n                            <\/div> <!-- end .button-content -->\n        <\/div> <!-- end .block-background -->\n    <\/div> <!-- end .container -->\n<\/div> <!-- end wp-block-bancaetica-blocks-blocks-block-06 -->\n\n\n<div class=\"wrapper-crispybacon-class wrapper-crispybacon-class-boxed \">\n    <p><a href=\"#ca\">Catal\u00e0<\/a><\/p>\n<p><br \/>\n\tEl pasado 26 de setiembre, se llev\u00f3 a cabo el <strong>acto de inauguraci\u00f3n de las obras de construcci\u00f3n de las viviendas cooperativas de la Balma<\/strong>, proyecto que cuenta con el apoyo financiero de Fiare Banca Etica.&nbsp;Al acto de puesta de primera piedra asistieron Juan Garibi, director comercial y de estrategia de&nbsp; Fiare Banca Etica, Josep Vidal, director general de Econom\u00eda Social, el Tercer Sector, las Cooperativas y la Autoempresa, y la regidora de Vivienda y Rehabilitaci\u00f3n, Luc\u00eda Mart\u00edn.<\/p>\n<h2>\n\tUna iniciativa social rompedora<\/h2>\n<p><strong>Juan Garibi <\/strong>ha destacado que estas iniciativas <strong>\u201cno son f\u00e1ciles, y todos los pasos que hemos dado son m\u00e1s sencillos hechos de otra forma, pero hacemos lo que hacemos por el valor que tiene para la comunidad y por el ejemplo que podemos establecer\u201c<\/strong>. Josep Vidal, por su lado, ha destacado que \u201cque adem\u00e1s de cambiar el modelo de vivienda, estas iniciativas generan espacios de cooperaci\u00f3n en la ciudad y promueven la ayuda y la solidaridad\u201c.<\/p>\n<p>La regidora ha expresado que iniciativas como la de la Balma ayudar\u00e1n a crear \u201calgo que hoy no existe, un parque p\u00fablico de vivienda de alquiler\u201c, y ha valorado lo que representan estas iniciativas en el conjunto de la sociedad, \u201cayudan a promocionar una econom\u00eda social y solidaria\u201d.<\/p>\n<h2>\n\tCaracter\u00edsticas del edificio<\/h2>\n<p>De los proyectos ganadores de <strong>concurso de solares municipales destinados a vivienda cooperativa en cesi\u00f3n de uso<\/strong>, que hizo el Ayuntamiento de Barcelona en 2016, este es el primero que empieza a construirse. Se espera que el edificio est\u00e9 finalizado en 18 meses, cuando los vecinos podr\u00e1n instalarse.<br \/>\n\t<br \/>\n\tEl edificio proyectado <strong>en la propuesta conjunta de <a href=\"https:\/\/sostrecivic.coop\/qui-som\/\">Sostre C\u00edvic<\/a>&nbsp;y la cooperativa La Boqueria<\/strong> consta de 20 viviendas de las cuales una ser\u00e1 un piso puente para unidades de convivencia en proceso de reinserci\u00f3n social.<br \/>\n\t<br \/>\n\tLos<strong> espacios comunes <\/strong>y de transici\u00f3n son importantes ya que est\u00e1n<strong> dise\u00f1ados para incentivar las relaciones humanas<\/strong>, los encuentros espor\u00e1dicos y las <strong>actividades de la cooperativa <\/strong>en todo el edificio. La <strong>cubierta del edificio ser\u00e1 un espacio de descanso y ocio <\/strong>con zonas de sombra y huertos productivos.<br \/>\n\t<br \/>\n\tEl nuevo edificio deber\u00e1 integrarse en la vida del barrio y no aislarse, por eso, la cooperativa quiere compartir espacios con los vecinos y abrir\u00e1 la fachada principal y los espacios comunes al parque y zonas verdes del Cam\u00ed antic de Val\u00e8ncia.<br \/>\n\t<br \/>\n\tEl edificio est\u00e1 dise\u00f1ado para conseguir una <strong>reducci\u00f3n <\/strong>de la demanda en todos los <strong>consumos energ\u00e9ticos<\/strong>, y contar\u00e1 con una secci\u00f3n cambiante para poder ofrecer unas condiciones \u00f3ptimas a todos los habitantes y las diferentes condiciones de cada planta.<\/p>\n<h1>\n\t<a id=\"ca\" name=\"ca\"><\/a>Comencen les obres dels habitatges cooperatius de la Balma a Poblenou<\/h1>\n<p>El passat 26 de setembre es va dur a terme l\u2019<strong>acte d\u2019inauguraci\u00f3 de les obres de construcci\u00f3 dels habitatges cooperatius de la Balma, projecte que compte amb el suport financer de Fiare Banca Etica<\/strong>. A l\u2019acte de posada de la primera pedra van asistir Juan Garibi, director&nbsp; comercial i de estrat\u00e8gia Fiare Banca Etica, Josep Vidal, director general d\u2019Economia Social, el Tercer Sector, les Cooperatives i l\u2019Autoempresa, i la regidora d\u2019Habitatge i Rehabilitaci\u00f3 Luc\u00eda Mart\u00edn.<\/p>\n<h2>\n\tUna iniciativa social trencadora<\/h2>\n<p><strong>Juan Garibi <\/strong>ha destacat que aquestes iniciatives <strong>\u201cno son f\u00e0cils, i tots els passos son m\u00e9s senzills fets d\u2019una manera diferent, per\u00f2 fem el que fem pel valor que t\u00e9 per la comunitat i per l\u2019exemple que podem establir\u201d<\/strong>. Josep Vidal, per la seva banda, ha destacat que \u201cque a m\u00e9s de canviar el model d\u2019habitatge, aquestes iniciatives generen espais de cooperativitat a la ciutat i promouen l\u2019ajuda i la solidaritat\u201d.<\/p>\n<p>La regidora, ha expressat que iniciatives com la de la Balma ajudaran a crear \u201cuna cosa que avui no existeix, que \u00e9s un parc p\u00fablic d\u2019habitatge de lloguer\u201d, i ha valorat el que representen aquestes iniciatives en el conjunt de societat, \u201cajuden a promocionar una economia social i solid\u00e0ria\u201d.<\/p>\n<h2>\n\tCaracter\u00edstiques de l\u2019edifici<\/h2>\n<p>Dels <strong>projectes guanyadors del concurs de solars municipals destinats a habitatge cooperatiu en cessi\u00f3 d\u2019\u00fas<\/strong>, que l\u2019Ajuntament de Barcelona va fer, l\u2019any 2016,&nbsp; aquest ser\u00e0 el primer que comen\u00e7a a construir-se. S\u2019espera que l\u2019edifici pugui estar acabat en 18 mesos, quan els ve\u00efns podran instal\u2022lar-s\u2019hi.<\/p>\n<p>L\u2019edifici projectat en la <strong>proposta conjunta de <a href=\"https:\/\/sostrecivic.coop\/qui-som\/\">Sostre C\u00edvic<\/a> i la cooperativa La Boqueria<\/strong> consta de 20 habitatges, dels quals un es destinar\u00e0 com a pis pont per a unitats de conviv\u00e8ncia en proc\u00e9s de reinserci\u00f3 social.<br \/>\n\t<br \/>\n\tEls <strong>espais comuns<\/strong> i de transici\u00f3 son importants ja que <strong>estan dissenyats per incentivar les relacions humanes<\/strong>, les trobades espont\u00e0nies i les <strong>activitats de la cooperativa<\/strong> en tot l\u2019edifici. La <strong>coberta de l\u2019edifici ser\u00e0 un espai d\u2019esbarjo<\/strong> amb zones d\u2019ombra i horts productius.<br \/>\n\t<br \/>\n\tEl nou edifici ha d\u2019integrar-se en la vida del barri i no ser un element ali\u00e8 i a\u00efllat, per aix\u00f2, la cooperativa vol compartir espais amb els ve\u00efns i obre la fa\u00e7ana principal i els espais comuns al parc i eixos verds del Cam\u00ed antic de Val\u00e8ncia.<br \/>\n\t<br \/>\n\tL\u2019edifici est\u00e0 dissenyat per aconseguir una <strong>reducci\u00f3 <\/strong>de la demanada en tots els <strong>consums eneg\u00e8tics<\/strong>, i comptar\u00e0 amb una secci\u00f3 canviant per poder oferir unes condicions \u00f2ptimes a tots els habitatges tot i les diferents condicions de cada planta.<\/p>\n<\/div>","protected":false},"excerpt":{"rendered":"<p>El pasado 26 de setiembre, se llev\u00f3 a cabo el acto de inauguraci\u00f3n de las obras de construcci\u00f3n de las viviendas cooperativas de la Balma, proyecto que cuenta con el apoyo financiero de Fiare Banca Etica. El edificio contar\u00e1 con 20 pisos, de los cuales se destinar\u00e1 uno como piso puente para unidades de convivencia en proceso de reinserci\u00f3n social.<\/p>\n","protected":false},"author":2,"featured_media":328876,"comment_status":"open","ping_status":"closed","sticky":false,"template":"","format":"standard","meta":{"_acf_changed":false,"footnotes":""},"categories":[11662],"tags":[],"coauthors":[],"class_list":["post-344596","post","type-post","status-publish","format-standard","has-post-thumbnail","hentry","category-histories-dimpacte-positiu"],"acf":[],"yoast_head":"<!-- This site is optimized with the Yoast SEO plugin v26.9 - https:\/\/yoast.com\/product\/yoast-seo-wordpress\/ -->\n<title>Empiezan las obras de las viviendas cooperativas de la Balma - Fiare Banca Etica<\/title>\n<meta name=\"robots\" content=\"index, follow, max-snippet:-1, max-image-preview:large, max-video-preview:-1\" \/>\n<link rel=\"canonical\" href=\"https:\/\/www.fiarebancaetica.coop\/ca\/empiezan-las-obras-de-las-viviendas-cooperativas-de-la-balma\/\" \/>\n<meta property=\"og:locale\" content=\"ca_ES\" \/>\n<meta property=\"og:type\" content=\"article\" \/>\n<meta property=\"og:title\" content=\"Empiezan las obras de las viviendas cooperativas de la Balma - Fiare Banca Etica\" \/>\n<meta property=\"og:description\" content=\"El pasado 26 de setiembre, se llev\u00f3 a cabo el acto de inauguraci\u00f3n de las obras de construcci\u00f3n de las viviendas cooperativas de la Balma, proyecto que cuenta con el apoyo financiero de Fiare Banca Etica. El edificio contar\u00e1 con 20 pisos, de los cuales se destinar\u00e1 uno como piso puente para unidades de convivencia en proceso de reinserci\u00f3n social.\" \/>\n<meta property=\"og:url\" content=\"https:\/\/www.fiarebancaetica.coop\/ca\/empiezan-las-obras-de-las-viviendas-cooperativas-de-la-balma\/\" \/>\n<meta property=\"og:site_name\" content=\"Fiare Banca Etica\" \/>\n<meta property=\"article:published_time\" content=\"2019-09-29T22:00:00+00:00\" \/>\n<meta property=\"article:modified_time\" content=\"2024-02-21T14:29:53+00:00\" \/>\n<meta property=\"og:image\" content=\"https:\/\/www.fiarebancaetica.coop\/app\/uploads\/sites\/2\/2023\/12\/empiezan-las-obras-de-las-viviendas-cooperativas-de-balma.jpg\" \/>\n\t<meta property=\"og:image:width\" content=\"540\" \/>\n\t<meta property=\"og:image:height\" content=\"250\" \/>\n\t<meta property=\"og:image:type\" content=\"image\/jpeg\" \/>\n<meta name=\"author\" content=\"crispyadmin0\" \/>\n<meta name=\"twitter:card\" content=\"summary_large_image\" \/>\n<script type=\"application\/ld+json\" class=\"yoast-schema-graph\">{\"@context\":\"https:\/\/schema.org\",\"@graph\":[{\"@type\":\"Article\",\"@id\":\"https:\/\/www.fiarebancaetica.coop\/ca\/empiezan-las-obras-de-las-viviendas-cooperativas-de-la-balma\/#article\",\"isPartOf\":{\"@id\":\"https:\/\/www.fiarebancaetica.coop\/ca\/empiezan-las-obras-de-las-viviendas-cooperativas-de-la-balma\/\"},\"author\":{\"name\":\"crispyadmin0\",\"@id\":\"https:\/\/www.fiarebancaetica.coop\/ca\/#\/schema\/person\/579841e89c804b5db05d9141bd9b8272\"},\"headline\":\"Empiezan las obras de las viviendas cooperativas de la Balma\",\"datePublished\":\"2019-09-29T22:00:00+00:00\",\"dateModified\":\"2024-02-21T14:29:53+00:00\",\"mainEntityOfPage\":{\"@id\":\"https:\/\/www.fiarebancaetica.coop\/ca\/empiezan-las-obras-de-las-viviendas-cooperativas-de-la-balma\/\"},\"wordCount\":928,\"commentCount\":0,\"image\":{\"@id\":\"https:\/\/www.fiarebancaetica.coop\/ca\/empiezan-las-obras-de-las-viviendas-cooperativas-de-la-balma\/#primaryimage\"},\"thumbnailUrl\":\"https:\/\/www.fiarebancaetica.coop\/app\/uploads\/sites\/2\/2023\/12\/empiezan-las-obras-de-las-viviendas-cooperativas-de-balma.jpg\",\"articleSection\":[\"Hist\u00f2ries d'impacte positiu\"],\"inLanguage\":\"ca\",\"potentialAction\":[{\"@type\":\"CommentAction\",\"name\":\"Comment\",\"target\":[\"https:\/\/www.fiarebancaetica.coop\/ca\/empiezan-las-obras-de-las-viviendas-cooperativas-de-la-balma\/#respond\"]}]},{\"@type\":\"WebPage\",\"@id\":\"https:\/\/www.fiarebancaetica.coop\/ca\/empiezan-las-obras-de-las-viviendas-cooperativas-de-la-balma\/\",\"url\":\"https:\/\/www.fiarebancaetica.coop\/ca\/empiezan-las-obras-de-las-viviendas-cooperativas-de-la-balma\/\",\"name\":\"Empiezan las obras de las viviendas cooperativas de la Balma - Fiare Banca Etica\",\"isPartOf\":{\"@id\":\"https:\/\/www.fiarebancaetica.coop\/ca\/#website\"},\"primaryImageOfPage\":{\"@id\":\"https:\/\/www.fiarebancaetica.coop\/ca\/empiezan-las-obras-de-las-viviendas-cooperativas-de-la-balma\/#primaryimage\"},\"image\":{\"@id\":\"https:\/\/www.fiarebancaetica.coop\/ca\/empiezan-las-obras-de-las-viviendas-cooperativas-de-la-balma\/#primaryimage\"},\"thumbnailUrl\":\"https:\/\/www.fiarebancaetica.coop\/app\/uploads\/sites\/2\/2023\/12\/empiezan-las-obras-de-las-viviendas-cooperativas-de-balma.jpg\",\"datePublished\":\"2019-09-29T22:00:00+00:00\",\"dateModified\":\"2024-02-21T14:29:53+00:00\",\"author\":{\"@id\":\"https:\/\/www.fiarebancaetica.coop\/ca\/#\/schema\/person\/579841e89c804b5db05d9141bd9b8272\"},\"breadcrumb\":{\"@id\":\"https:\/\/www.fiarebancaetica.coop\/ca\/empiezan-las-obras-de-las-viviendas-cooperativas-de-la-balma\/#breadcrumb\"},\"inLanguage\":\"ca\",\"potentialAction\":[{\"@type\":\"ReadAction\",\"target\":[\"https:\/\/www.fiarebancaetica.coop\/ca\/empiezan-las-obras-de-las-viviendas-cooperativas-de-la-balma\/\"]}]},{\"@type\":\"ImageObject\",\"inLanguage\":\"ca\",\"@id\":\"https:\/\/www.fiarebancaetica.coop\/ca\/empiezan-las-obras-de-las-viviendas-cooperativas-de-la-balma\/#primaryimage\",\"url\":\"https:\/\/www.fiarebancaetica.coop\/app\/uploads\/sites\/2\/2023\/12\/empiezan-las-obras-de-las-viviendas-cooperativas-de-balma.jpg\",\"contentUrl\":\"https:\/\/www.fiarebancaetica.coop\/app\/uploads\/sites\/2\/2023\/12\/empiezan-las-obras-de-las-viviendas-cooperativas-de-balma.jpg\",\"width\":540,\"height\":250},{\"@type\":\"BreadcrumbList\",\"@id\":\"https:\/\/www.fiarebancaetica.coop\/ca\/empiezan-las-obras-de-las-viviendas-cooperativas-de-la-balma\/#breadcrumb\",\"itemListElement\":[{\"@type\":\"ListItem\",\"position\":1,\"name\":\"Home\",\"item\":\"https:\/\/www.fiarebancaetica.coop\/ca\/\"},{\"@type\":\"ListItem\",\"position\":2,\"name\":\"Empiezan las obras de las viviendas cooperativas de la Balma\"}]},{\"@type\":\"WebSite\",\"@id\":\"https:\/\/www.fiarebancaetica.coop\/ca\/#website\",\"url\":\"https:\/\/www.fiarebancaetica.coop\/ca\/\",\"name\":\"Fiare Banca Etica\",\"description\":\"\",\"potentialAction\":[{\"@type\":\"SearchAction\",\"target\":{\"@type\":\"EntryPoint\",\"urlTemplate\":\"https:\/\/www.fiarebancaetica.coop\/ca\/?s={search_term_string}\"},\"query-input\":{\"@type\":\"PropertyValueSpecification\",\"valueRequired\":true,\"valueName\":\"search_term_string\"}}],\"inLanguage\":\"ca\"},{\"@type\":\"Person\",\"@id\":\"https:\/\/www.fiarebancaetica.coop\/ca\/#\/schema\/person\/579841e89c804b5db05d9141bd9b8272\",\"name\":\"crispyadmin0\",\"image\":{\"@type\":\"ImageObject\",\"inLanguage\":\"ca\",\"@id\":\"https:\/\/www.fiarebancaetica.coop\/ca\/#\/schema\/person\/image\/5f3a6b7786f32f4c35bd2b1a5a4698ea\",\"url\":\"https:\/\/secure.gravatar.com\/avatar\/4d2cfb499d497b6d49da659fab7404b243a87fe8e40d2cf97a1cae48f677f5b2?s=96&d=mm&r=g\",\"contentUrl\":\"https:\/\/secure.gravatar.com\/avatar\/4d2cfb499d497b6d49da659fab7404b243a87fe8e40d2cf97a1cae48f677f5b2?s=96&d=mm&r=g\",\"caption\":\"crispyadmin0\"},\"sameAs\":[\"crispyadmin0\"]}]}<\/script>\n<!-- \/ Yoast SEO plugin. -->","yoast_head_json":{"title":"Empiezan las obras de las viviendas cooperativas de la Balma - Fiare Banca Etica","robots":{"index":"index","follow":"follow","max-snippet":"max-snippet:-1","max-image-preview":"max-image-preview:large","max-video-preview":"max-video-preview:-1"},"canonical":"https:\/\/www.fiarebancaetica.coop\/ca\/empiezan-las-obras-de-las-viviendas-cooperativas-de-la-balma\/","og_locale":"ca_ES","og_type":"article","og_title":"Empiezan las obras de las viviendas cooperativas de la Balma - Fiare Banca Etica","og_description":"El pasado 26 de setiembre, se llev\u00f3 a cabo el acto de inauguraci\u00f3n de las obras de construcci\u00f3n de las viviendas cooperativas de la Balma, proyecto que cuenta con el apoyo financiero de Fiare Banca Etica. El edificio contar\u00e1 con 20 pisos, de los cuales se destinar\u00e1 uno como piso puente para unidades de convivencia en proceso de reinserci\u00f3n social.","og_url":"https:\/\/www.fiarebancaetica.coop\/ca\/empiezan-las-obras-de-las-viviendas-cooperativas-de-la-balma\/","og_site_name":"Fiare Banca Etica","article_published_time":"2019-09-29T22:00:00+00:00","article_modified_time":"2024-02-21T14:29:53+00:00","og_image":[{"width":540,"height":250,"url":"https:\/\/www.fiarebancaetica.coop\/app\/uploads\/sites\/2\/2023\/12\/empiezan-las-obras-de-las-viviendas-cooperativas-de-balma.jpg","type":"image\/jpeg"}],"author":"crispyadmin0","twitter_card":"summary_large_image","schema":{"@context":"https:\/\/schema.org","@graph":[{"@type":"Article","@id":"https:\/\/www.fiarebancaetica.coop\/ca\/empiezan-las-obras-de-las-viviendas-cooperativas-de-la-balma\/#article","isPartOf":{"@id":"https:\/\/www.fiarebancaetica.coop\/ca\/empiezan-las-obras-de-las-viviendas-cooperativas-de-la-balma\/"},"author":{"name":"crispyadmin0","@id":"https:\/\/www.fiarebancaetica.coop\/ca\/#\/schema\/person\/579841e89c804b5db05d9141bd9b8272"},"headline":"Empiezan las obras de las viviendas cooperativas de la Balma","datePublished":"2019-09-29T22:00:00+00:00","dateModified":"2024-02-21T14:29:53+00:00","mainEntityOfPage":{"@id":"https:\/\/www.fiarebancaetica.coop\/ca\/empiezan-las-obras-de-las-viviendas-cooperativas-de-la-balma\/"},"wordCount":928,"commentCount":0,"image":{"@id":"https:\/\/www.fiarebancaetica.coop\/ca\/empiezan-las-obras-de-las-viviendas-cooperativas-de-la-balma\/#primaryimage"},"thumbnailUrl":"https:\/\/www.fiarebancaetica.coop\/app\/uploads\/sites\/2\/2023\/12\/empiezan-las-obras-de-las-viviendas-cooperativas-de-balma.jpg","articleSection":["Hist\u00f2ries d'impacte positiu"],"inLanguage":"ca","potentialAction":[{"@type":"CommentAction","name":"Comment","target":["https:\/\/www.fiarebancaetica.coop\/ca\/empiezan-las-obras-de-las-viviendas-cooperativas-de-la-balma\/#respond"]}]},{"@type":"WebPage","@id":"https:\/\/www.fiarebancaetica.coop\/ca\/empiezan-las-obras-de-las-viviendas-cooperativas-de-la-balma\/","url":"https:\/\/www.fiarebancaetica.coop\/ca\/empiezan-las-obras-de-las-viviendas-cooperativas-de-la-balma\/","name":"Empiezan las obras de las viviendas cooperativas de la Balma - Fiare Banca Etica","isPartOf":{"@id":"https:\/\/www.fiarebancaetica.coop\/ca\/#website"},"primaryImageOfPage":{"@id":"https:\/\/www.fiarebancaetica.coop\/ca\/empiezan-las-obras-de-las-viviendas-cooperativas-de-la-balma\/#primaryimage"},"image":{"@id":"https:\/\/www.fiarebancaetica.coop\/ca\/empiezan-las-obras-de-las-viviendas-cooperativas-de-la-balma\/#primaryimage"},"thumbnailUrl":"https:\/\/www.fiarebancaetica.coop\/app\/uploads\/sites\/2\/2023\/12\/empiezan-las-obras-de-las-viviendas-cooperativas-de-balma.jpg","datePublished":"2019-09-29T22:00:00+00:00","dateModified":"2024-02-21T14:29:53+00:00","author":{"@id":"https:\/\/www.fiarebancaetica.coop\/ca\/#\/schema\/person\/579841e89c804b5db05d9141bd9b8272"},"breadcrumb":{"@id":"https:\/\/www.fiarebancaetica.coop\/ca\/empiezan-las-obras-de-las-viviendas-cooperativas-de-la-balma\/#breadcrumb"},"inLanguage":"ca","potentialAction":[{"@type":"ReadAction","target":["https:\/\/www.fiarebancaetica.coop\/ca\/empiezan-las-obras-de-las-viviendas-cooperativas-de-la-balma\/"]}]},{"@type":"ImageObject","inLanguage":"ca","@id":"https:\/\/www.fiarebancaetica.coop\/ca\/empiezan-las-obras-de-las-viviendas-cooperativas-de-la-balma\/#primaryimage","url":"https:\/\/www.fiarebancaetica.coop\/app\/uploads\/sites\/2\/2023\/12\/empiezan-las-obras-de-las-viviendas-cooperativas-de-balma.jpg","contentUrl":"https:\/\/www.fiarebancaetica.coop\/app\/uploads\/sites\/2\/2023\/12\/empiezan-las-obras-de-las-viviendas-cooperativas-de-balma.jpg","width":540,"height":250},{"@type":"BreadcrumbList","@id":"https:\/\/www.fiarebancaetica.coop\/ca\/empiezan-las-obras-de-las-viviendas-cooperativas-de-la-balma\/#breadcrumb","itemListElement":[{"@type":"ListItem","position":1,"name":"Home","item":"https:\/\/www.fiarebancaetica.coop\/ca\/"},{"@type":"ListItem","position":2,"name":"Empiezan las obras de las viviendas cooperativas de la Balma"}]},{"@type":"WebSite","@id":"https:\/\/www.fiarebancaetica.coop\/ca\/#website","url":"https:\/\/www.fiarebancaetica.coop\/ca\/","name":"Fiare Banca Etica","description":"","potentialAction":[{"@type":"SearchAction","target":{"@type":"EntryPoint","urlTemplate":"https:\/\/www.fiarebancaetica.coop\/ca\/?s={search_term_string}"},"query-input":{"@type":"PropertyValueSpecification","valueRequired":true,"valueName":"search_term_string"}}],"inLanguage":"ca"},{"@type":"Person","@id":"https:\/\/www.fiarebancaetica.coop\/ca\/#\/schema\/person\/579841e89c804b5db05d9141bd9b8272","name":"crispyadmin0","image":{"@type":"ImageObject","inLanguage":"ca","@id":"https:\/\/www.fiarebancaetica.coop\/ca\/#\/schema\/person\/image\/5f3a6b7786f32f4c35bd2b1a5a4698ea","url":"https:\/\/secure.gravatar.com\/avatar\/4d2cfb499d497b6d49da659fab7404b243a87fe8e40d2cf97a1cae48f677f5b2?s=96&d=mm&r=g","contentUrl":"https:\/\/secure.gravatar.com\/avatar\/4d2cfb499d497b6d49da659fab7404b243a87fe8e40d2cf97a1cae48f677f5b2?s=96&d=mm&r=g","caption":"crispyadmin0"},"sameAs":["crispyadmin0"]}]}},"_links":{"self":[{"href":"https:\/\/www.fiarebancaetica.coop\/ca\/wp-json\/wp\/v2\/posts\/344596","targetHints":{"allow":["GET"]}}],"collection":[{"href":"https:\/\/www.fiarebancaetica.coop\/ca\/wp-json\/wp\/v2\/posts"}],"about":[{"href":"https:\/\/www.fiarebancaetica.coop\/ca\/wp-json\/wp\/v2\/types\/post"}],"author":[{"embeddable":true,"href":"https:\/\/www.fiarebancaetica.coop\/ca\/wp-json\/wp\/v2\/users\/2"}],"replies":[{"embeddable":true,"href":"https:\/\/www.fiarebancaetica.coop\/ca\/wp-json\/wp\/v2\/comments?post=344596"}],"version-history":[{"count":1,"href":"https:\/\/www.fiarebancaetica.coop\/ca\/wp-json\/wp\/v2\/posts\/344596\/revisions"}],"predecessor-version":[{"id":354370,"href":"https:\/\/www.fiarebancaetica.coop\/ca\/wp-json\/wp\/v2\/posts\/344596\/revisions\/354370"}],"wp:featuredmedia":[{"embeddable":true,"href":"https:\/\/www.fiarebancaetica.coop\/ca\/wp-json\/wp\/v2\/media\/328876"}],"wp:attachment":[{"href":"https:\/\/www.fiarebancaetica.coop\/ca\/wp-json\/wp\/v2\/media?parent=344596"}],"wp:term":[{"taxonomy":"category","embeddable":true,"href":"https:\/\/www.fiarebancaetica.coop\/ca\/wp-json\/wp\/v2\/categories?post=344596"},{"taxonomy":"post_tag","embeddable":true,"href":"https:\/\/www.fiarebancaetica.coop\/ca\/wp-json\/wp\/v2\/tags?post=344596"},{"taxonomy":"author","embeddable":true,"href":"https:\/\/www.fiarebancaetica.coop\/ca\/wp-json\/wp\/v2\/coauthors?post=344596"}],"curies":[{"name":"wp","href":"https:\/\/api.w.org\/{rel}","templated":true}]}}