{"id":344666,"date":"2019-06-25T00:00:00","date_gmt":"2019-06-24T22:00:00","guid":{"rendered":"https:\/\/www.fiarebancaetica.coop\/gaztaroa-sartu-historias-de-superacion-personal\/"},"modified":"2024-02-21T15:31:27","modified_gmt":"2024-02-21T14:31:27","slug":"gaztaroa-sartu-historias-de-superacion-personal","status":"publish","type":"post","link":"https:\/\/www.fiarebancaetica.coop\/ca\/gaztaroa-sartu-historias-de-superacion-personal\/","title":{"rendered":"Gaztaroa Sartu: Historias de superaci\u00f3n personal"},"content":{"rendered":"\n\n<div class=\"wp-block-bancaetica-blocks-blocks-block-49\">\n    <div class=\"container-block-49\">\n\n        <div class=\"header-section \">\n                            <h1 class=\"section-title\"> Etica e cooperativa <\/h1>\n                                            <\/div>\n\n        \n        <div class=\"block-background\" style=\"background-image: url('https:\/\/www.fiarebancaetica.coop\/app\/uploads\/sites\/2\/2023\/12\/gaztaroa-sartu-historias-de-superacion-personal.jpg')\">\n                            <div class=\"tile\">\n                    <h1 class=\"image-title\"> Gaztaroa Sartu: Historias de superaci\u00f3n personal <\/h1>\n                <\/div>             <!-- end .tile -->\n            <div class=\"bottom-content\">\n                            <\/div> <!-- end .button-content -->\n        <\/div> <!-- end .block-background -->\n    <\/div> <!-- end .container -->\n<\/div> <!-- end wp-block-bancaetica-blocks-blocks-block-06 -->\n\n\n<div class=\"wrapper-crispybacon-class wrapper-crispybacon-class-boxed \">\n    <p>La historia de Ana, nombre ficticio, es la historia de una de las muchas personas atendidas por Gaztaroa Sartu, una de las entidades que ha recibido financiaci\u00f3n de Fiare Banca Etica.<\/p>\n<p>Ana, mujer de 56 a\u00f1os, lleg\u00f3 derivada a la entidad por la trabajadora social hace ya m\u00e1s de 4 a\u00f1os. Gaztaroa Sartu, se dedica a trabajar en la lucha contra la marginaci\u00f3n y la exclusi\u00f3n social facilitando la incorporaci\u00f3n social de las personas.<\/p>\n<h2>\n\tPrimeros pasos<\/h2>\n<p>Ana, ya hab\u00eda tenido un primer contacto con los servicios sociales en los a\u00f1os noventa, pero no volvi\u00f3 a haber relaci\u00f3n alguna hasta el 2015. Licenciada y diplomada con varias carreras, estaba trabajando cuando se produjo el primer brote de su enfermedad de salud mental.<\/p>\n<p>Su vida familiar, con su pareja e hijo, qued\u00f3 truncada a ra\u00edz del brote, quedando el menor bajo la custodia del padre. Finalmente se procede a su ingreso voluntario, iniciando un tratamiento psiqui\u00e1trico continuado. A partir de ah\u00ed la trabajadora social de Gaztaroa Sartu consigue retomar la relaci\u00f3n con Ana y entrar en su vivienda.<\/p>\n<p>Ella consigue que vuelva a retomar su relaci\u00f3n con la familia y comienza un trabajo con el fin de conseguir diferentes objetivos, tanto sociales como econ\u00f3micos. Las actuaciones durante este tiempo fueron fundamentalmente en los \u00e1mbitos de la salud y lo personal.<\/p>\n<p>Ana al comenzar el programa se encuentra en una fase depresiva. Su salud psiqui\u00e1trica le produce muchas limitaciones. El trabajo realizado por la profesional fue dirigido a apoyarla y empoderarla. Hace terapia hasta 2016 donde entra en una fase estable y aprende a manejar la enfermedad. El objetivo en este momento es la b\u00fasqueda de actividades de ocio y tiempo libre en base a sus inquietudes personales. Se le reconoce una discapacidad del 25% por lo que tiene que ver c\u00f3mo le influir\u00e1 en el terreno laboral, pero comienza su b\u00fasqueda de posibilidades profesionales al mismo tiempo que va recibiendo formaci\u00f3n y realiza voluntariado.<\/p>\n<h2>\n\tConsiguiendo objetivos<\/h2>\n<p>En la medida que se va viendo mejor va participando en m\u00e1s actividades y propuestas. Colabora con la entidad impartiendo algunos talleres, lo que le ayuda a sentirse \u00fatil y reconocida, aumentando su autoestima. Esta colaboraci\u00f3n voluntaria tiene continuidad y es contrada algunas horas semanales.&nbsp; En 2018 se cierra el caso al haberse conseguido los objetivos.<\/p>\n<h2>\n\tGaztaroa, luchando contra la exclusi\u00f3n social<\/h2>\n<p>Gaztaroa es una entidad cuya visi\u00f3n de la reincorporaci\u00f3n social supone un cambio que implica tanto a la persona en situaci\u00f3n de marginaci\u00f3n como al colectivo de personas del que ha quedado al margen. Dando mucha importancia a dos ejes: la autonom\u00eda personal y la participaci\u00f3n social.<\/p>\n<h2>\n\tClaves del \u00e9xito de los programas<\/h2>\n<p>Sus claves de \u00e9xito se basan en que todas las actuaciones que se realizan pasan por la voluntariedad de la persona. En ocasiones se muestran reticentes, pero ah\u00ed est\u00e1 el trabajo de la educadora social, que anima, pone encima de la mesa ventajas e inconvenientes, hace acompa\u00f1amiento f\u00edsico y trabaja desde lo educativo, la adquisici\u00f3n de competencias personales.<\/p>\n<p>La Educadora social de referencia, con la metodolog\u00eda del acompa\u00f1amiento, est\u00e1 presente en todos los momentos en los que la persona lo necesita. Todo con el objetivo de facilitar la incorporaci\u00f3n social de las personas, promoviendo los cambios necesarios tanto en las personas que lo demandan como en la sociedad, para construir comunidades integradoras.<\/p>\n<p><a href=\"http:\/\/www.sartu.org\/es\/asociacion-gaztaroa-sartu-bilbao\">www.sartu.org\/es\/asociacion-gaztaroa-sartu-bilbao<\/a><\/p>\n<p>&nbsp;<\/p>\n<p>Fotograf\u00eda de&nbsp;<a href=\"https:\/\/unsplash.com\/photos\/UOwvwZ9Dy6w\">R\u00e9mi Walle<\/a><\/p>\n<\/div>","protected":false},"excerpt":{"rendered":"<p>La historia de Ana, nombre ficticio, es la historia de una de las muchas personas atendidas por Gaztaroa Sartu, una de las entidades que ha recibido financiaci\u00f3n de Fiare Banca Etica.<\/p>\n<p>Ana, mujer de 56 a\u00f1os, lleg\u00f3 derivada a la entidad por la trabajadora social hace ya m\u00e1s de 4 a\u00f1os. Gaztaroa Sartu, se dedica a trabajar en la lucha contra la marginaci\u00f3n y la exclusi\u00f3n social facilitando la incorporaci\u00f3n social de las personas.<\/p>\n","protected":false},"author":2,"featured_media":328774,"comment_status":"open","ping_status":"closed","sticky":false,"template":"","format":"standard","meta":{"_acf_changed":false,"footnotes":""},"categories":[11662],"tags":[],"coauthors":[],"class_list":["post-344666","post","type-post","status-publish","format-standard","has-post-thumbnail","hentry","category-histories-dimpacte-positiu"],"acf":[],"yoast_head":"<!-- This site is optimized with the Yoast SEO plugin v26.9 - https:\/\/yoast.com\/product\/yoast-seo-wordpress\/ -->\n<title>Gaztaroa Sartu: Historias de superaci\u00f3n personal - Fiare Banca Etica<\/title>\n<meta name=\"robots\" content=\"index, follow, max-snippet:-1, max-image-preview:large, max-video-preview:-1\" \/>\n<link rel=\"canonical\" href=\"https:\/\/www.fiarebancaetica.coop\/ca\/gaztaroa-sartu-historias-de-superacion-personal\/\" \/>\n<meta property=\"og:locale\" content=\"ca_ES\" \/>\n<meta property=\"og:type\" content=\"article\" \/>\n<meta property=\"og:title\" content=\"Gaztaroa Sartu: Historias de superaci\u00f3n personal - Fiare Banca Etica\" \/>\n<meta property=\"og:description\" content=\"La historia de Ana, nombre ficticio, es la historia de una de las muchas personas atendidas por Gaztaroa Sartu, una de las entidades que ha recibido financiaci\u00f3n de Fiare Banca Etica. Ana, mujer de 56 a\u00f1os, lleg\u00f3 derivada a la entidad por la trabajadora social hace ya m\u00e1s de 4 a\u00f1os. Gaztaroa Sartu, se dedica a trabajar en la lucha contra la marginaci\u00f3n y la exclusi\u00f3n social facilitando la incorporaci\u00f3n social de las personas.\" \/>\n<meta property=\"og:url\" content=\"https:\/\/www.fiarebancaetica.coop\/ca\/gaztaroa-sartu-historias-de-superacion-personal\/\" \/>\n<meta property=\"og:site_name\" content=\"Fiare Banca Etica\" \/>\n<meta property=\"article:published_time\" content=\"2019-06-24T22:00:00+00:00\" \/>\n<meta property=\"article:modified_time\" content=\"2024-02-21T14:31:27+00:00\" \/>\n<meta property=\"og:image\" content=\"https:\/\/www.fiarebancaetica.coop\/app\/uploads\/sites\/2\/2023\/12\/gaztaroa-sartu-historias-de-superacion-personal.jpg\" \/>\n\t<meta property=\"og:image:width\" content=\"540\" \/>\n\t<meta property=\"og:image:height\" content=\"340\" \/>\n\t<meta property=\"og:image:type\" content=\"image\/jpeg\" \/>\n<meta name=\"author\" content=\"crispyadmin0\" \/>\n<meta name=\"twitter:card\" content=\"summary_large_image\" \/>\n<script type=\"application\/ld+json\" class=\"yoast-schema-graph\">{\"@context\":\"https:\/\/schema.org\",\"@graph\":[{\"@type\":\"Article\",\"@id\":\"https:\/\/www.fiarebancaetica.coop\/ca\/gaztaroa-sartu-historias-de-superacion-personal\/#article\",\"isPartOf\":{\"@id\":\"https:\/\/www.fiarebancaetica.coop\/ca\/gaztaroa-sartu-historias-de-superacion-personal\/\"},\"author\":{\"name\":\"crispyadmin0\",\"@id\":\"https:\/\/www.fiarebancaetica.coop\/ca\/#\/schema\/person\/579841e89c804b5db05d9141bd9b8272\"},\"headline\":\"Gaztaroa Sartu: Historias de superaci\u00f3n personal\",\"datePublished\":\"2019-06-24T22:00:00+00:00\",\"dateModified\":\"2024-02-21T14:31:27+00:00\",\"mainEntityOfPage\":{\"@id\":\"https:\/\/www.fiarebancaetica.coop\/ca\/gaztaroa-sartu-historias-de-superacion-personal\/\"},\"wordCount\":601,\"commentCount\":0,\"image\":{\"@id\":\"https:\/\/www.fiarebancaetica.coop\/ca\/gaztaroa-sartu-historias-de-superacion-personal\/#primaryimage\"},\"thumbnailUrl\":\"https:\/\/www.fiarebancaetica.coop\/app\/uploads\/sites\/2\/2023\/12\/gaztaroa-sartu-historias-de-superacion-personal.jpg\",\"articleSection\":[\"Hist\u00f2ries d'impacte positiu\"],\"inLanguage\":\"ca\",\"potentialAction\":[{\"@type\":\"CommentAction\",\"name\":\"Comment\",\"target\":[\"https:\/\/www.fiarebancaetica.coop\/ca\/gaztaroa-sartu-historias-de-superacion-personal\/#respond\"]}]},{\"@type\":\"WebPage\",\"@id\":\"https:\/\/www.fiarebancaetica.coop\/ca\/gaztaroa-sartu-historias-de-superacion-personal\/\",\"url\":\"https:\/\/www.fiarebancaetica.coop\/ca\/gaztaroa-sartu-historias-de-superacion-personal\/\",\"name\":\"Gaztaroa Sartu: Historias de superaci\u00f3n personal - Fiare Banca Etica\",\"isPartOf\":{\"@id\":\"https:\/\/www.fiarebancaetica.coop\/ca\/#website\"},\"primaryImageOfPage\":{\"@id\":\"https:\/\/www.fiarebancaetica.coop\/ca\/gaztaroa-sartu-historias-de-superacion-personal\/#primaryimage\"},\"image\":{\"@id\":\"https:\/\/www.fiarebancaetica.coop\/ca\/gaztaroa-sartu-historias-de-superacion-personal\/#primaryimage\"},\"thumbnailUrl\":\"https:\/\/www.fiarebancaetica.coop\/app\/uploads\/sites\/2\/2023\/12\/gaztaroa-sartu-historias-de-superacion-personal.jpg\",\"datePublished\":\"2019-06-24T22:00:00+00:00\",\"dateModified\":\"2024-02-21T14:31:27+00:00\",\"author\":{\"@id\":\"https:\/\/www.fiarebancaetica.coop\/ca\/#\/schema\/person\/579841e89c804b5db05d9141bd9b8272\"},\"breadcrumb\":{\"@id\":\"https:\/\/www.fiarebancaetica.coop\/ca\/gaztaroa-sartu-historias-de-superacion-personal\/#breadcrumb\"},\"inLanguage\":\"ca\",\"potentialAction\":[{\"@type\":\"ReadAction\",\"target\":[\"https:\/\/www.fiarebancaetica.coop\/ca\/gaztaroa-sartu-historias-de-superacion-personal\/\"]}]},{\"@type\":\"ImageObject\",\"inLanguage\":\"ca\",\"@id\":\"https:\/\/www.fiarebancaetica.coop\/ca\/gaztaroa-sartu-historias-de-superacion-personal\/#primaryimage\",\"url\":\"https:\/\/www.fiarebancaetica.coop\/app\/uploads\/sites\/2\/2023\/12\/gaztaroa-sartu-historias-de-superacion-personal.jpg\",\"contentUrl\":\"https:\/\/www.fiarebancaetica.coop\/app\/uploads\/sites\/2\/2023\/12\/gaztaroa-sartu-historias-de-superacion-personal.jpg\",\"width\":540,\"height\":340},{\"@type\":\"BreadcrumbList\",\"@id\":\"https:\/\/www.fiarebancaetica.coop\/ca\/gaztaroa-sartu-historias-de-superacion-personal\/#breadcrumb\",\"itemListElement\":[{\"@type\":\"ListItem\",\"position\":1,\"name\":\"Home\",\"item\":\"https:\/\/www.fiarebancaetica.coop\/ca\/\"},{\"@type\":\"ListItem\",\"position\":2,\"name\":\"Gaztaroa Sartu: Historias de superaci\u00f3n personal\"}]},{\"@type\":\"WebSite\",\"@id\":\"https:\/\/www.fiarebancaetica.coop\/ca\/#website\",\"url\":\"https:\/\/www.fiarebancaetica.coop\/ca\/\",\"name\":\"Fiare Banca Etica\",\"description\":\"\",\"potentialAction\":[{\"@type\":\"SearchAction\",\"target\":{\"@type\":\"EntryPoint\",\"urlTemplate\":\"https:\/\/www.fiarebancaetica.coop\/ca\/?s={search_term_string}\"},\"query-input\":{\"@type\":\"PropertyValueSpecification\",\"valueRequired\":true,\"valueName\":\"search_term_string\"}}],\"inLanguage\":\"ca\"},{\"@type\":\"Person\",\"@id\":\"https:\/\/www.fiarebancaetica.coop\/ca\/#\/schema\/person\/579841e89c804b5db05d9141bd9b8272\",\"name\":\"crispyadmin0\",\"image\":{\"@type\":\"ImageObject\",\"inLanguage\":\"ca\",\"@id\":\"https:\/\/www.fiarebancaetica.coop\/ca\/#\/schema\/person\/image\/5f3a6b7786f32f4c35bd2b1a5a4698ea\",\"url\":\"https:\/\/secure.gravatar.com\/avatar\/4d2cfb499d497b6d49da659fab7404b243a87fe8e40d2cf97a1cae48f677f5b2?s=96&d=mm&r=g\",\"contentUrl\":\"https:\/\/secure.gravatar.com\/avatar\/4d2cfb499d497b6d49da659fab7404b243a87fe8e40d2cf97a1cae48f677f5b2?s=96&d=mm&r=g\",\"caption\":\"crispyadmin0\"},\"sameAs\":[\"crispyadmin0\"]}]}<\/script>\n<!-- \/ Yoast SEO plugin. -->","yoast_head_json":{"title":"Gaztaroa Sartu: Historias de superaci\u00f3n personal - Fiare Banca Etica","robots":{"index":"index","follow":"follow","max-snippet":"max-snippet:-1","max-image-preview":"max-image-preview:large","max-video-preview":"max-video-preview:-1"},"canonical":"https:\/\/www.fiarebancaetica.coop\/ca\/gaztaroa-sartu-historias-de-superacion-personal\/","og_locale":"ca_ES","og_type":"article","og_title":"Gaztaroa Sartu: Historias de superaci\u00f3n personal - Fiare Banca Etica","og_description":"La historia de Ana, nombre ficticio, es la historia de una de las muchas personas atendidas por Gaztaroa Sartu, una de las entidades que ha recibido financiaci\u00f3n de Fiare Banca Etica. Ana, mujer de 56 a\u00f1os, lleg\u00f3 derivada a la entidad por la trabajadora social hace ya m\u00e1s de 4 a\u00f1os. Gaztaroa Sartu, se dedica a trabajar en la lucha contra la marginaci\u00f3n y la exclusi\u00f3n social facilitando la incorporaci\u00f3n social de las personas.","og_url":"https:\/\/www.fiarebancaetica.coop\/ca\/gaztaroa-sartu-historias-de-superacion-personal\/","og_site_name":"Fiare Banca Etica","article_published_time":"2019-06-24T22:00:00+00:00","article_modified_time":"2024-02-21T14:31:27+00:00","og_image":[{"width":540,"height":340,"url":"https:\/\/www.fiarebancaetica.coop\/app\/uploads\/sites\/2\/2023\/12\/gaztaroa-sartu-historias-de-superacion-personal.jpg","type":"image\/jpeg"}],"author":"crispyadmin0","twitter_card":"summary_large_image","schema":{"@context":"https:\/\/schema.org","@graph":[{"@type":"Article","@id":"https:\/\/www.fiarebancaetica.coop\/ca\/gaztaroa-sartu-historias-de-superacion-personal\/#article","isPartOf":{"@id":"https:\/\/www.fiarebancaetica.coop\/ca\/gaztaroa-sartu-historias-de-superacion-personal\/"},"author":{"name":"crispyadmin0","@id":"https:\/\/www.fiarebancaetica.coop\/ca\/#\/schema\/person\/579841e89c804b5db05d9141bd9b8272"},"headline":"Gaztaroa Sartu: Historias de superaci\u00f3n personal","datePublished":"2019-06-24T22:00:00+00:00","dateModified":"2024-02-21T14:31:27+00:00","mainEntityOfPage":{"@id":"https:\/\/www.fiarebancaetica.coop\/ca\/gaztaroa-sartu-historias-de-superacion-personal\/"},"wordCount":601,"commentCount":0,"image":{"@id":"https:\/\/www.fiarebancaetica.coop\/ca\/gaztaroa-sartu-historias-de-superacion-personal\/#primaryimage"},"thumbnailUrl":"https:\/\/www.fiarebancaetica.coop\/app\/uploads\/sites\/2\/2023\/12\/gaztaroa-sartu-historias-de-superacion-personal.jpg","articleSection":["Hist\u00f2ries d'impacte positiu"],"inLanguage":"ca","potentialAction":[{"@type":"CommentAction","name":"Comment","target":["https:\/\/www.fiarebancaetica.coop\/ca\/gaztaroa-sartu-historias-de-superacion-personal\/#respond"]}]},{"@type":"WebPage","@id":"https:\/\/www.fiarebancaetica.coop\/ca\/gaztaroa-sartu-historias-de-superacion-personal\/","url":"https:\/\/www.fiarebancaetica.coop\/ca\/gaztaroa-sartu-historias-de-superacion-personal\/","name":"Gaztaroa Sartu: Historias de superaci\u00f3n personal - Fiare Banca Etica","isPartOf":{"@id":"https:\/\/www.fiarebancaetica.coop\/ca\/#website"},"primaryImageOfPage":{"@id":"https:\/\/www.fiarebancaetica.coop\/ca\/gaztaroa-sartu-historias-de-superacion-personal\/#primaryimage"},"image":{"@id":"https:\/\/www.fiarebancaetica.coop\/ca\/gaztaroa-sartu-historias-de-superacion-personal\/#primaryimage"},"thumbnailUrl":"https:\/\/www.fiarebancaetica.coop\/app\/uploads\/sites\/2\/2023\/12\/gaztaroa-sartu-historias-de-superacion-personal.jpg","datePublished":"2019-06-24T22:00:00+00:00","dateModified":"2024-02-21T14:31:27+00:00","author":{"@id":"https:\/\/www.fiarebancaetica.coop\/ca\/#\/schema\/person\/579841e89c804b5db05d9141bd9b8272"},"breadcrumb":{"@id":"https:\/\/www.fiarebancaetica.coop\/ca\/gaztaroa-sartu-historias-de-superacion-personal\/#breadcrumb"},"inLanguage":"ca","potentialAction":[{"@type":"ReadAction","target":["https:\/\/www.fiarebancaetica.coop\/ca\/gaztaroa-sartu-historias-de-superacion-personal\/"]}]},{"@type":"ImageObject","inLanguage":"ca","@id":"https:\/\/www.fiarebancaetica.coop\/ca\/gaztaroa-sartu-historias-de-superacion-personal\/#primaryimage","url":"https:\/\/www.fiarebancaetica.coop\/app\/uploads\/sites\/2\/2023\/12\/gaztaroa-sartu-historias-de-superacion-personal.jpg","contentUrl":"https:\/\/www.fiarebancaetica.coop\/app\/uploads\/sites\/2\/2023\/12\/gaztaroa-sartu-historias-de-superacion-personal.jpg","width":540,"height":340},{"@type":"BreadcrumbList","@id":"https:\/\/www.fiarebancaetica.coop\/ca\/gaztaroa-sartu-historias-de-superacion-personal\/#breadcrumb","itemListElement":[{"@type":"ListItem","position":1,"name":"Home","item":"https:\/\/www.fiarebancaetica.coop\/ca\/"},{"@type":"ListItem","position":2,"name":"Gaztaroa Sartu: Historias de superaci\u00f3n personal"}]},{"@type":"WebSite","@id":"https:\/\/www.fiarebancaetica.coop\/ca\/#website","url":"https:\/\/www.fiarebancaetica.coop\/ca\/","name":"Fiare Banca Etica","description":"","potentialAction":[{"@type":"SearchAction","target":{"@type":"EntryPoint","urlTemplate":"https:\/\/www.fiarebancaetica.coop\/ca\/?s={search_term_string}"},"query-input":{"@type":"PropertyValueSpecification","valueRequired":true,"valueName":"search_term_string"}}],"inLanguage":"ca"},{"@type":"Person","@id":"https:\/\/www.fiarebancaetica.coop\/ca\/#\/schema\/person\/579841e89c804b5db05d9141bd9b8272","name":"crispyadmin0","image":{"@type":"ImageObject","inLanguage":"ca","@id":"https:\/\/www.fiarebancaetica.coop\/ca\/#\/schema\/person\/image\/5f3a6b7786f32f4c35bd2b1a5a4698ea","url":"https:\/\/secure.gravatar.com\/avatar\/4d2cfb499d497b6d49da659fab7404b243a87fe8e40d2cf97a1cae48f677f5b2?s=96&d=mm&r=g","contentUrl":"https:\/\/secure.gravatar.com\/avatar\/4d2cfb499d497b6d49da659fab7404b243a87fe8e40d2cf97a1cae48f677f5b2?s=96&d=mm&r=g","caption":"crispyadmin0"},"sameAs":["crispyadmin0"]}]}},"_links":{"self":[{"href":"https:\/\/www.fiarebancaetica.coop\/ca\/wp-json\/wp\/v2\/posts\/344666","targetHints":{"allow":["GET"]}}],"collection":[{"href":"https:\/\/www.fiarebancaetica.coop\/ca\/wp-json\/wp\/v2\/posts"}],"about":[{"href":"https:\/\/www.fiarebancaetica.coop\/ca\/wp-json\/wp\/v2\/types\/post"}],"author":[{"embeddable":true,"href":"https:\/\/www.fiarebancaetica.coop\/ca\/wp-json\/wp\/v2\/users\/2"}],"replies":[{"embeddable":true,"href":"https:\/\/www.fiarebancaetica.coop\/ca\/wp-json\/wp\/v2\/comments?post=344666"}],"version-history":[{"count":1,"href":"https:\/\/www.fiarebancaetica.coop\/ca\/wp-json\/wp\/v2\/posts\/344666\/revisions"}],"predecessor-version":[{"id":354304,"href":"https:\/\/www.fiarebancaetica.coop\/ca\/wp-json\/wp\/v2\/posts\/344666\/revisions\/354304"}],"wp:featuredmedia":[{"embeddable":true,"href":"https:\/\/www.fiarebancaetica.coop\/ca\/wp-json\/wp\/v2\/media\/328774"}],"wp:attachment":[{"href":"https:\/\/www.fiarebancaetica.coop\/ca\/wp-json\/wp\/v2\/media?parent=344666"}],"wp:term":[{"taxonomy":"category","embeddable":true,"href":"https:\/\/www.fiarebancaetica.coop\/ca\/wp-json\/wp\/v2\/categories?post=344666"},{"taxonomy":"post_tag","embeddable":true,"href":"https:\/\/www.fiarebancaetica.coop\/ca\/wp-json\/wp\/v2\/tags?post=344666"},{"taxonomy":"author","embeddable":true,"href":"https:\/\/www.fiarebancaetica.coop\/ca\/wp-json\/wp\/v2\/coauthors?post=344666"}],"curies":[{"name":"wp","href":"https:\/\/api.w.org\/{rel}","templated":true}]}}