{"id":344683,"date":"2019-06-07T00:00:00","date_gmt":"2019-06-06T22:00:00","guid":{"rendered":"https:\/\/www.fiarebancaetica.coop\/este-verano-formate-en-finanzas-eticas\/"},"modified":"2024-02-21T15:31:39","modified_gmt":"2024-02-21T14:31:39","slug":"este-verano-formate-en-finanzas-eticas","status":"publish","type":"post","link":"https:\/\/www.fiarebancaetica.coop\/ca\/este-verano-formate-en-finanzas-eticas\/","title":{"rendered":"ESTE VERANO F\u00d3RMATE EN FINANZAS \u00c9TICAS"},"content":{"rendered":"\n\n<div class=\"wp-block-bancaetica-blocks-blocks-block-49\">\n    <div class=\"container-block-49\">\n\n        <div class=\"header-section \">\n                            <h1 class=\"section-title\"> Etica e cooperativa <\/h1>\n                                            <\/div>\n\n        \n        <div class=\"block-background\" style=\"background-image: url('https:\/\/www.fiarebancaetica.coop\/app\/uploads\/sites\/2\/2023\/12\/este-verano-formate-en-finanzas-eticas.jpg')\">\n                            <div class=\"tile\">\n                    <h1 class=\"image-title\"> ESTE VERANO F\u00d3RMATE EN FINANZAS \u00c9TICAS <\/h1>\n                <\/div>             <!-- end .tile -->\n            <div class=\"bottom-content\">\n                            <\/div> <!-- end .button-content -->\n        <\/div> <!-- end .block-background -->\n    <\/div> <!-- end .container -->\n<\/div> <!-- end wp-block-bancaetica-blocks-blocks-block-06 -->\n\n\n<div class=\"wrapper-crispybacon-class wrapper-crispybacon-class-boxed \">\n    <p><br \/>\n\tEst\u00e1 llegando a su fin el curso escolar, pero el verano puede ser un buen momento para quienes desean adquirir nuevas habilidades y conocimientos, tambi\u00e9n en el campo de las finanzas \u00e9ticas.<\/p>\n<h2>\n\tPrimer curso de Finanzas \u00c9ticas en la Universidad de BCN<\/h2>\n<p>La <strong>Universidad de Barcelona y la Fundaci\u00f3n Finanzas \u00c9ticas<\/strong> ponen en marcha el primer curso sobre finanzas \u00e9ticas dirigido a la comunidad universitaria en Catalu\u00f1a. El curso, que tiene un reconocimiento de dos cr\u00e9ditos, se ofrecer\u00e1 en modalidad semi-presencial entre los d\u00edas 2 y 25 de julio.<\/p>\n<p>El nuevo curso representa un paso m\u00e1s de la Universidad de Barcelona en el camino de <strong>incorporar las materias relacionadas con la econom\u00eda social y solidaria y las finanzas \u00e9ticas en las aulas. <\/strong>Y se suma a otras iniciativas promovidas desde la Universidad catalana como lo F\u00f3rum de Econom\u00eda Social y el curso de fomento del cooperativismo de Aracoop.<\/p>\n<p>Por su parte la Fundaci\u00f3n Finanzas \u00c9ticas, responsable de los contenidos del curso y del campus virtual que apoya, estrena con esta colaboraci\u00f3n su l\u00ednea de trabajo con universidades con el objetivo normalizar la presencia de estas tem\u00e1ticas en el \u00e1mbito universitario.<\/p>\n<p>El curso forma parte del proyecto <strong>&#8220;Llevamos las finanzas \u00e9ticas a las aulas&#8221; <\/strong>impulsado entre la Fundaci\u00f3n Fundaci\u00f3n Finanzas \u00c9ticas y FETS con la colaboraci\u00f3n de la Generalitat de Catalu\u00f1a y el Ayuntamiento de Barcelona.<\/p>\n<p>La perspectiva que incorpora el curso sobre las finanzas \u00e9ticas es integral. Seg\u00fan Jordi Ib\u00e1\u00f1ez, director de la Fundaci\u00f3n, &#8220;<strong>no podemos entender las finanzas \u00e9ticas sin una mirada cr\u00edtica al conjunto del orden econ\u00f3mico imperando<\/strong>&#8221; por eso, entre los diez m\u00f3dulos que componen la asignatura, adem\u00e1s de examinar los principios y pr\u00e1cticas de las finanzas \u00e9ticas, tambi\u00e9n encontramos miradas alternativas en los sistemas de creaci\u00f3n del dinero, a las relaciones comerciales internacionales, o a las necesidades de reforma del sistema financiero.<\/p>\n<p>La vice-decana de la Facultad de Econom\u00eda y Empresa, Nuria Rodr\u00edguez, ha afirmado tambi\u00e9n que &#8220;la perspectiva es tambi\u00e9n integradora en relaci\u00f3n a la econom\u00eda social y solidaria, los principios de la cual son indisociables a las finanzas \u00e9ticas&#8221;.<\/p>\n<p>La Fundaci\u00f3n Finanzas \u00c9ticas es entidad fundadora de Fiare Banca Etica y parte del grupo Banca Etica. Trabaja en los \u00e1mbitos de la educaci\u00f3n cr\u00edtica a las finanzas, el activismo econ\u00f3mico y la actividad financiera alternativa. Adem\u00e1s la Fundaci\u00f3n para llevar a cabo sus objetivos es socia de REAS Red de Redes, de la Federaci\u00f3n Europea de Bancas \u00c9ticas y Alternativas, de Finance Watch y de la red de accionariado cr\u00edtico Shareholders For Change e impulsa entre otros el portal sobre econom\u00eda cr\u00edtica <a href=\"http:\/\/www.valorsocial.info\"><strong>www.valorsocial.info<\/strong><\/a><\/p>\n<p>Las personas interesadas pueden <strong>matricularse<\/strong> a este curso a trav\u00e9s de la <strong>secretar\u00eda administrativa de la Universitat de Barcelona<\/strong>. Toda la informaci\u00f3n del curso se puede encontrar <a href=\"https:\/\/finanzaseticas.net\/wp-content\/uploads\/2019\/06\/CAT-presentaci%C3%B3n-del-curso-finanzas-para-una-econom%C3%ADa-alternativa.pdf\">en este enlace.<\/a><\/p>\n<h2>\n\tCurso online gratuito en el MIT: Instituto de Tecnolog\u00eda de Massachusetts<\/h2>\n<p>El prestigioso&nbsp;<a href=\"http:\/\/www.mit.edu\/\"><strong>Instituto de Tecnolog\u00eda de Massachusetts<\/strong><\/a>, en colaboraci\u00f3n con la <a href=\"http:\/\/www.gabv.org\/\"><strong>Global Alliance for Banking on Values<\/strong><\/a>, la red global de bancos \u00e9ticos y sostenibles, de la que formamos parte, propone una nueva edici\u00f3n del curso en l\u00ednea gratuito dedicado a las finanzas como herramienta para el desarrollo sostenible y la cooperaci\u00f3n.<br \/>\n\t<br \/>\n\tEl curso examina el <strong>funcionamiento, las estrategias y el potencial de los bancos \u00e9ticos<\/strong> y sostenibles que utilizan el capital y las finanzas como una herramienta para abordar los desaf\u00edos sociales y ecol\u00f3gicos.<br \/>\n\t<br \/>\n\tUna oportunidad para todos aquellos que quieran entender el papel de los bancos como intermediarios en nuestra econom\u00eda y c\u00f3mo pueden explotar esta posici\u00f3n para producir cambios sociales, ambientales y econ\u00f3micos positivos.<br \/>\n\t<br \/>\n\tLos profesores de este curso han trabajado durante m\u00e1s de 15 a\u00f1os en bancos de todo el mundo, as\u00ed como en las \u00e1reas de desarrollo comunitario, democracia econ\u00f3mica y cambio social.<br \/>\n\t<br \/>\n\tNo se requieren conocimientos previos de finanzas o banca para seguir el curso.<\/p>\n<p><strong>Lo que aprender\u00e1s<\/strong><\/p>\n<ul>\n\t<li>\n\t\tLos principios fundamentales de la financiaci\u00f3n \u00e9tica y sostenible.<\/li>\n\t<li>\n\t\tC\u00f3mo se puede utilizar el financiamiento como herramienta para el cambio social y ambiental.<\/li>\n\t<li>\n\t\tEl impacto de las diferentes formas bancarias en el bienestar social.<\/li>\n\t<li>\n\t\tEl futuro de las tecnolog\u00edas bancarias y financieras aplicadas a la financiaci\u00f3n \u00e9tica y sostenible.<\/li>\n<\/ul>\n<p><strong>Puedes inscribirte gratu\u00edtamente <\/strong><a href=\"https:\/\/www.edx.org\/course\/just-money-banking-as-if-society-mattered-2\">aqu\u00ed<\/a><\/p>\n<\/div>","protected":false},"excerpt":{"rendered":"<p>Est\u00e1 llegando a su fin el curso escolar, pero el verano puede ser un buen momento&nbsp; para quienes desean adquirir nuevas habilidades y conocimientos, tambi\u00e9n en el campo de las finanzas \u00e9ticas.<\/p>\n","protected":false},"author":2,"featured_media":328756,"comment_status":"open","ping_status":"closed","sticky":false,"template":"","format":"standard","meta":{"_acf_changed":false,"footnotes":""},"categories":[11643],"tags":[],"coauthors":[],"class_list":["post-344683","post","type-post","status-publish","format-standard","has-post-thumbnail","hentry","category-finances-etiques"],"acf":[],"yoast_head":"<!-- This site is optimized with the Yoast SEO plugin v26.9 - https:\/\/yoast.com\/product\/yoast-seo-wordpress\/ -->\n<title>ESTE VERANO F\u00d3RMATE EN FINANZAS \u00c9TICAS - Fiare Banca Etica<\/title>\n<meta name=\"robots\" content=\"index, follow, max-snippet:-1, max-image-preview:large, max-video-preview:-1\" \/>\n<link rel=\"canonical\" href=\"https:\/\/www.fiarebancaetica.coop\/ca\/este-verano-formate-en-finanzas-eticas\/\" \/>\n<meta property=\"og:locale\" content=\"ca_ES\" \/>\n<meta property=\"og:type\" content=\"article\" \/>\n<meta property=\"og:title\" content=\"ESTE VERANO F\u00d3RMATE EN FINANZAS \u00c9TICAS - Fiare Banca Etica\" \/>\n<meta property=\"og:description\" content=\"Est\u00e1 llegando a su fin el curso escolar, pero el verano puede ser un buen momento&nbsp; para quienes desean adquirir nuevas habilidades y conocimientos, tambi\u00e9n en el campo de las finanzas \u00e9ticas.\" \/>\n<meta property=\"og:url\" content=\"https:\/\/www.fiarebancaetica.coop\/ca\/este-verano-formate-en-finanzas-eticas\/\" \/>\n<meta property=\"og:site_name\" content=\"Fiare Banca Etica\" \/>\n<meta property=\"article:published_time\" content=\"2019-06-06T22:00:00+00:00\" \/>\n<meta property=\"article:modified_time\" content=\"2024-02-21T14:31:39+00:00\" \/>\n<meta property=\"og:image\" content=\"https:\/\/www.fiarebancaetica.coop\/app\/uploads\/sites\/2\/2023\/12\/este-verano-formate-en-finanzas-eticas.jpg\" \/>\n\t<meta property=\"og:image:width\" content=\"540\" \/>\n\t<meta property=\"og:image:height\" content=\"250\" \/>\n\t<meta property=\"og:image:type\" content=\"image\/jpeg\" \/>\n<meta name=\"author\" content=\"crispyadmin0\" \/>\n<meta name=\"twitter:card\" content=\"summary_large_image\" \/>\n<script type=\"application\/ld+json\" class=\"yoast-schema-graph\">{\"@context\":\"https:\/\/schema.org\",\"@graph\":[{\"@type\":\"Article\",\"@id\":\"https:\/\/www.fiarebancaetica.coop\/ca\/este-verano-formate-en-finanzas-eticas\/#article\",\"isPartOf\":{\"@id\":\"https:\/\/www.fiarebancaetica.coop\/ca\/este-verano-formate-en-finanzas-eticas\/\"},\"author\":{\"name\":\"crispyadmin0\",\"@id\":\"https:\/\/www.fiarebancaetica.coop\/ca\/#\/schema\/person\/579841e89c804b5db05d9141bd9b8272\"},\"headline\":\"ESTE VERANO F\u00d3RMATE EN FINANZAS \u00c9TICAS\",\"datePublished\":\"2019-06-06T22:00:00+00:00\",\"dateModified\":\"2024-02-21T14:31:39+00:00\",\"mainEntityOfPage\":{\"@id\":\"https:\/\/www.fiarebancaetica.coop\/ca\/este-verano-formate-en-finanzas-eticas\/\"},\"wordCount\":761,\"commentCount\":0,\"image\":{\"@id\":\"https:\/\/www.fiarebancaetica.coop\/ca\/este-verano-formate-en-finanzas-eticas\/#primaryimage\"},\"thumbnailUrl\":\"https:\/\/www.fiarebancaetica.coop\/app\/uploads\/sites\/2\/2023\/12\/este-verano-formate-en-finanzas-eticas.jpg\",\"articleSection\":[\"Finances \u00e8tiques\"],\"inLanguage\":\"ca\",\"potentialAction\":[{\"@type\":\"CommentAction\",\"name\":\"Comment\",\"target\":[\"https:\/\/www.fiarebancaetica.coop\/ca\/este-verano-formate-en-finanzas-eticas\/#respond\"]}]},{\"@type\":\"WebPage\",\"@id\":\"https:\/\/www.fiarebancaetica.coop\/ca\/este-verano-formate-en-finanzas-eticas\/\",\"url\":\"https:\/\/www.fiarebancaetica.coop\/ca\/este-verano-formate-en-finanzas-eticas\/\",\"name\":\"ESTE VERANO F\u00d3RMATE EN FINANZAS \u00c9TICAS - Fiare Banca Etica\",\"isPartOf\":{\"@id\":\"https:\/\/www.fiarebancaetica.coop\/ca\/#website\"},\"primaryImageOfPage\":{\"@id\":\"https:\/\/www.fiarebancaetica.coop\/ca\/este-verano-formate-en-finanzas-eticas\/#primaryimage\"},\"image\":{\"@id\":\"https:\/\/www.fiarebancaetica.coop\/ca\/este-verano-formate-en-finanzas-eticas\/#primaryimage\"},\"thumbnailUrl\":\"https:\/\/www.fiarebancaetica.coop\/app\/uploads\/sites\/2\/2023\/12\/este-verano-formate-en-finanzas-eticas.jpg\",\"datePublished\":\"2019-06-06T22:00:00+00:00\",\"dateModified\":\"2024-02-21T14:31:39+00:00\",\"author\":{\"@id\":\"https:\/\/www.fiarebancaetica.coop\/ca\/#\/schema\/person\/579841e89c804b5db05d9141bd9b8272\"},\"breadcrumb\":{\"@id\":\"https:\/\/www.fiarebancaetica.coop\/ca\/este-verano-formate-en-finanzas-eticas\/#breadcrumb\"},\"inLanguage\":\"ca\",\"potentialAction\":[{\"@type\":\"ReadAction\",\"target\":[\"https:\/\/www.fiarebancaetica.coop\/ca\/este-verano-formate-en-finanzas-eticas\/\"]}]},{\"@type\":\"ImageObject\",\"inLanguage\":\"ca\",\"@id\":\"https:\/\/www.fiarebancaetica.coop\/ca\/este-verano-formate-en-finanzas-eticas\/#primaryimage\",\"url\":\"https:\/\/www.fiarebancaetica.coop\/app\/uploads\/sites\/2\/2023\/12\/este-verano-formate-en-finanzas-eticas.jpg\",\"contentUrl\":\"https:\/\/www.fiarebancaetica.coop\/app\/uploads\/sites\/2\/2023\/12\/este-verano-formate-en-finanzas-eticas.jpg\",\"width\":540,\"height\":250},{\"@type\":\"BreadcrumbList\",\"@id\":\"https:\/\/www.fiarebancaetica.coop\/ca\/este-verano-formate-en-finanzas-eticas\/#breadcrumb\",\"itemListElement\":[{\"@type\":\"ListItem\",\"position\":1,\"name\":\"Home\",\"item\":\"https:\/\/www.fiarebancaetica.coop\/ca\/\"},{\"@type\":\"ListItem\",\"position\":2,\"name\":\"ESTE VERANO F\u00d3RMATE EN FINANZAS \u00c9TICAS\"}]},{\"@type\":\"WebSite\",\"@id\":\"https:\/\/www.fiarebancaetica.coop\/ca\/#website\",\"url\":\"https:\/\/www.fiarebancaetica.coop\/ca\/\",\"name\":\"Fiare Banca Etica\",\"description\":\"\",\"potentialAction\":[{\"@type\":\"SearchAction\",\"target\":{\"@type\":\"EntryPoint\",\"urlTemplate\":\"https:\/\/www.fiarebancaetica.coop\/ca\/?s={search_term_string}\"},\"query-input\":{\"@type\":\"PropertyValueSpecification\",\"valueRequired\":true,\"valueName\":\"search_term_string\"}}],\"inLanguage\":\"ca\"},{\"@type\":\"Person\",\"@id\":\"https:\/\/www.fiarebancaetica.coop\/ca\/#\/schema\/person\/579841e89c804b5db05d9141bd9b8272\",\"name\":\"crispyadmin0\",\"image\":{\"@type\":\"ImageObject\",\"inLanguage\":\"ca\",\"@id\":\"https:\/\/www.fiarebancaetica.coop\/ca\/#\/schema\/person\/image\/5f3a6b7786f32f4c35bd2b1a5a4698ea\",\"url\":\"https:\/\/secure.gravatar.com\/avatar\/4d2cfb499d497b6d49da659fab7404b243a87fe8e40d2cf97a1cae48f677f5b2?s=96&d=mm&r=g\",\"contentUrl\":\"https:\/\/secure.gravatar.com\/avatar\/4d2cfb499d497b6d49da659fab7404b243a87fe8e40d2cf97a1cae48f677f5b2?s=96&d=mm&r=g\",\"caption\":\"crispyadmin0\"},\"sameAs\":[\"crispyadmin0\"]}]}<\/script>\n<!-- \/ Yoast SEO plugin. -->","yoast_head_json":{"title":"ESTE VERANO F\u00d3RMATE EN FINANZAS \u00c9TICAS - Fiare Banca Etica","robots":{"index":"index","follow":"follow","max-snippet":"max-snippet:-1","max-image-preview":"max-image-preview:large","max-video-preview":"max-video-preview:-1"},"canonical":"https:\/\/www.fiarebancaetica.coop\/ca\/este-verano-formate-en-finanzas-eticas\/","og_locale":"ca_ES","og_type":"article","og_title":"ESTE VERANO F\u00d3RMATE EN FINANZAS \u00c9TICAS - Fiare Banca Etica","og_description":"Est\u00e1 llegando a su fin el curso escolar, pero el verano puede ser un buen momento&nbsp; para quienes desean adquirir nuevas habilidades y conocimientos, tambi\u00e9n en el campo de las finanzas \u00e9ticas.","og_url":"https:\/\/www.fiarebancaetica.coop\/ca\/este-verano-formate-en-finanzas-eticas\/","og_site_name":"Fiare Banca Etica","article_published_time":"2019-06-06T22:00:00+00:00","article_modified_time":"2024-02-21T14:31:39+00:00","og_image":[{"width":540,"height":250,"url":"https:\/\/www.fiarebancaetica.coop\/app\/uploads\/sites\/2\/2023\/12\/este-verano-formate-en-finanzas-eticas.jpg","type":"image\/jpeg"}],"author":"crispyadmin0","twitter_card":"summary_large_image","schema":{"@context":"https:\/\/schema.org","@graph":[{"@type":"Article","@id":"https:\/\/www.fiarebancaetica.coop\/ca\/este-verano-formate-en-finanzas-eticas\/#article","isPartOf":{"@id":"https:\/\/www.fiarebancaetica.coop\/ca\/este-verano-formate-en-finanzas-eticas\/"},"author":{"name":"crispyadmin0","@id":"https:\/\/www.fiarebancaetica.coop\/ca\/#\/schema\/person\/579841e89c804b5db05d9141bd9b8272"},"headline":"ESTE VERANO F\u00d3RMATE EN FINANZAS \u00c9TICAS","datePublished":"2019-06-06T22:00:00+00:00","dateModified":"2024-02-21T14:31:39+00:00","mainEntityOfPage":{"@id":"https:\/\/www.fiarebancaetica.coop\/ca\/este-verano-formate-en-finanzas-eticas\/"},"wordCount":761,"commentCount":0,"image":{"@id":"https:\/\/www.fiarebancaetica.coop\/ca\/este-verano-formate-en-finanzas-eticas\/#primaryimage"},"thumbnailUrl":"https:\/\/www.fiarebancaetica.coop\/app\/uploads\/sites\/2\/2023\/12\/este-verano-formate-en-finanzas-eticas.jpg","articleSection":["Finances \u00e8tiques"],"inLanguage":"ca","potentialAction":[{"@type":"CommentAction","name":"Comment","target":["https:\/\/www.fiarebancaetica.coop\/ca\/este-verano-formate-en-finanzas-eticas\/#respond"]}]},{"@type":"WebPage","@id":"https:\/\/www.fiarebancaetica.coop\/ca\/este-verano-formate-en-finanzas-eticas\/","url":"https:\/\/www.fiarebancaetica.coop\/ca\/este-verano-formate-en-finanzas-eticas\/","name":"ESTE VERANO F\u00d3RMATE EN FINANZAS \u00c9TICAS - Fiare Banca Etica","isPartOf":{"@id":"https:\/\/www.fiarebancaetica.coop\/ca\/#website"},"primaryImageOfPage":{"@id":"https:\/\/www.fiarebancaetica.coop\/ca\/este-verano-formate-en-finanzas-eticas\/#primaryimage"},"image":{"@id":"https:\/\/www.fiarebancaetica.coop\/ca\/este-verano-formate-en-finanzas-eticas\/#primaryimage"},"thumbnailUrl":"https:\/\/www.fiarebancaetica.coop\/app\/uploads\/sites\/2\/2023\/12\/este-verano-formate-en-finanzas-eticas.jpg","datePublished":"2019-06-06T22:00:00+00:00","dateModified":"2024-02-21T14:31:39+00:00","author":{"@id":"https:\/\/www.fiarebancaetica.coop\/ca\/#\/schema\/person\/579841e89c804b5db05d9141bd9b8272"},"breadcrumb":{"@id":"https:\/\/www.fiarebancaetica.coop\/ca\/este-verano-formate-en-finanzas-eticas\/#breadcrumb"},"inLanguage":"ca","potentialAction":[{"@type":"ReadAction","target":["https:\/\/www.fiarebancaetica.coop\/ca\/este-verano-formate-en-finanzas-eticas\/"]}]},{"@type":"ImageObject","inLanguage":"ca","@id":"https:\/\/www.fiarebancaetica.coop\/ca\/este-verano-formate-en-finanzas-eticas\/#primaryimage","url":"https:\/\/www.fiarebancaetica.coop\/app\/uploads\/sites\/2\/2023\/12\/este-verano-formate-en-finanzas-eticas.jpg","contentUrl":"https:\/\/www.fiarebancaetica.coop\/app\/uploads\/sites\/2\/2023\/12\/este-verano-formate-en-finanzas-eticas.jpg","width":540,"height":250},{"@type":"BreadcrumbList","@id":"https:\/\/www.fiarebancaetica.coop\/ca\/este-verano-formate-en-finanzas-eticas\/#breadcrumb","itemListElement":[{"@type":"ListItem","position":1,"name":"Home","item":"https:\/\/www.fiarebancaetica.coop\/ca\/"},{"@type":"ListItem","position":2,"name":"ESTE VERANO F\u00d3RMATE EN FINANZAS \u00c9TICAS"}]},{"@type":"WebSite","@id":"https:\/\/www.fiarebancaetica.coop\/ca\/#website","url":"https:\/\/www.fiarebancaetica.coop\/ca\/","name":"Fiare Banca Etica","description":"","potentialAction":[{"@type":"SearchAction","target":{"@type":"EntryPoint","urlTemplate":"https:\/\/www.fiarebancaetica.coop\/ca\/?s={search_term_string}"},"query-input":{"@type":"PropertyValueSpecification","valueRequired":true,"valueName":"search_term_string"}}],"inLanguage":"ca"},{"@type":"Person","@id":"https:\/\/www.fiarebancaetica.coop\/ca\/#\/schema\/person\/579841e89c804b5db05d9141bd9b8272","name":"crispyadmin0","image":{"@type":"ImageObject","inLanguage":"ca","@id":"https:\/\/www.fiarebancaetica.coop\/ca\/#\/schema\/person\/image\/5f3a6b7786f32f4c35bd2b1a5a4698ea","url":"https:\/\/secure.gravatar.com\/avatar\/4d2cfb499d497b6d49da659fab7404b243a87fe8e40d2cf97a1cae48f677f5b2?s=96&d=mm&r=g","contentUrl":"https:\/\/secure.gravatar.com\/avatar\/4d2cfb499d497b6d49da659fab7404b243a87fe8e40d2cf97a1cae48f677f5b2?s=96&d=mm&r=g","caption":"crispyadmin0"},"sameAs":["crispyadmin0"]}]}},"_links":{"self":[{"href":"https:\/\/www.fiarebancaetica.coop\/ca\/wp-json\/wp\/v2\/posts\/344683","targetHints":{"allow":["GET"]}}],"collection":[{"href":"https:\/\/www.fiarebancaetica.coop\/ca\/wp-json\/wp\/v2\/posts"}],"about":[{"href":"https:\/\/www.fiarebancaetica.coop\/ca\/wp-json\/wp\/v2\/types\/post"}],"author":[{"embeddable":true,"href":"https:\/\/www.fiarebancaetica.coop\/ca\/wp-json\/wp\/v2\/users\/2"}],"replies":[{"embeddable":true,"href":"https:\/\/www.fiarebancaetica.coop\/ca\/wp-json\/wp\/v2\/comments?post=344683"}],"version-history":[{"count":2,"href":"https:\/\/www.fiarebancaetica.coop\/ca\/wp-json\/wp\/v2\/posts\/344683\/revisions"}],"predecessor-version":[{"id":354294,"href":"https:\/\/www.fiarebancaetica.coop\/ca\/wp-json\/wp\/v2\/posts\/344683\/revisions\/354294"}],"wp:featuredmedia":[{"embeddable":true,"href":"https:\/\/www.fiarebancaetica.coop\/ca\/wp-json\/wp\/v2\/media\/328756"}],"wp:attachment":[{"href":"https:\/\/www.fiarebancaetica.coop\/ca\/wp-json\/wp\/v2\/media?parent=344683"}],"wp:term":[{"taxonomy":"category","embeddable":true,"href":"https:\/\/www.fiarebancaetica.coop\/ca\/wp-json\/wp\/v2\/categories?post=344683"},{"taxonomy":"post_tag","embeddable":true,"href":"https:\/\/www.fiarebancaetica.coop\/ca\/wp-json\/wp\/v2\/tags?post=344683"},{"taxonomy":"author","embeddable":true,"href":"https:\/\/www.fiarebancaetica.coop\/ca\/wp-json\/wp\/v2\/coauthors?post=344683"}],"curies":[{"name":"wp","href":"https:\/\/api.w.org\/{rel}","templated":true}]}}