{"id":344722,"date":"2019-05-14T00:00:00","date_gmt":"2019-05-13T22:00:00","guid":{"rendered":"https:\/\/www.fiarebancaetica.coop\/los-seguros-como-herramienta-de-solidaridad\/"},"modified":"2024-02-21T15:33:52","modified_gmt":"2024-02-21T14:33:52","slug":"los-seguros-como-herramienta-de-solidaridad","status":"publish","type":"post","link":"https:\/\/www.fiarebancaetica.coop\/ca\/los-seguros-como-herramienta-de-solidaridad\/","title":{"rendered":"Los seguros como herramienta de solidaridad"},"content":{"rendered":"\n\n<div class=\"wp-block-bancaetica-blocks-blocks-block-49\">\n    <div class=\"container-block-49\">\n\n        <div class=\"header-section \">\n                            <h1 class=\"section-title\"> Etica e cooperativa <\/h1>\n                                            <\/div>\n\n        \n        <div class=\"block-background\" style=\"background-image: url('https:\/\/www.fiarebancaetica.coop\/app\/uploads\/sites\/2\/2023\/12\/los-seguros-como-herramienta-de-solidaridad.jpg')\">\n                            <div class=\"tile\">\n                    <h1 class=\"image-title\"> Los seguros como herramienta de solidaridad <\/h1>\n                <\/div>             <!-- end .tile -->\n            <div class=\"bottom-content\">\n                            <\/div> <!-- end .button-content -->\n        <\/div> <!-- end .block-background -->\n    <\/div> <!-- end .container -->\n<\/div> <!-- end wp-block-bancaetica-blocks-blocks-block-06 -->\n\n\n<div class=\"wrapper-crispybacon-class wrapper-crispybacon-class-boxed \">\n    <p><a href=\"#ca\">Catal\u00e0<\/a><\/p>\n<p><em><strong>Entrevista a Alfonso Bolado d&#8217;Ar\u00e7 Cooperativa<\/strong><\/em><\/p>\n<h2>\n\t\u00bfDe d\u00f3nde naci\u00f3 la necesidad de crear Ar\u00e7&nbsp; y con qu\u00e9 objetivos?<\/h2>\n<p>Ar\u00e7 nace de la iniciativa de un conjunto de personas profesionales, del \u00e1mbito del seguro y otros sectores, que en&nbsp; los 80, decidieron poner en com\u00fan habilidades, conocimientos, convicciones y un punto de locura para arrancar un proyecto empresarial cooperativo como instrumento de transformaci\u00f3n social. Tiempo despu\u00e9s y con los compa\u00f1eros de SERYES, creamos CAES como proyecto de intercooperaci\u00f3n con el objetivo de visibilizar y promover una cultura aseguradora \u00e9tica.<br \/>\n\t<br \/>\n\tNuestra propuesta pasa por hacer del seguro una herramienta de solidaridad \u00fatil para las personas y las comunidades, generadora de una riqueza socioecon\u00f3mica que garantice la sostenibilidad social y ambiental y transformadora de la realidad social, pol\u00edtica y econ\u00f3mica, entendiendo que son dimensiones indisociables.<\/p>\n<h2>\n\t\u00bfCu\u00e1les son los principales valores sobre los cuales trabaj\u00e1is?<\/h2>\n<p>Subscribimos todos y cada uno de los principios y valores del movimiento cooperativo, pero entendemos que la pr\u00e1ctica de los valores tiene que ser cr\u00edtica, y por esta raz\u00f3n cada realidad cooperativa acaba desarrollando su \u00e9tica concreta. En nuestro caso, tienen especial relevancia los valores que alimentan los principios de<\/p>\n<ul>\n\t<li>\n\t\tParticipaci\u00f3n: colectivizaci\u00f3n, gesti\u00f3n democr\u00e1tica y equidad<\/li>\n\t<li>\n\t\tAutonom\u00eda: responsabilidad, autogesti\u00f3n e independencia organizativa<\/li>\n\t<li>\n\t\tIntercooperaci\u00f3n: solidaridad, trabajo en red e inter\u00e9s com\u00fan.<\/li>\n<\/ul>\n<h2>\n\t\u00bfQu\u00e9 servicios ofrec\u00e9is a personas y entidades?<\/h2>\n<p>Ar\u00e7 Cooperativa ofrece servicios de mediaci\u00f3n de seguros individuales, gesti\u00f3n de programas integrales de seguro y servicios de consultor\u00eda, formaci\u00f3n y acompa\u00f1amiento en la gesti\u00f3n de riesgos con la idea de situar las necesidades de personas y colectivos como eje de nuestra actividad econ\u00f3mica.<\/p>\n<h2>\n\t\u00bfEntre vuestros retos se encuentra tejer una alianza con la Econom\u00eda Social y Solidaria? \u00bfC\u00f3mo lo hac\u00e9is?<\/h2>\n<p>El reto no es tejer alianzas sino hacer evidente d\u00eda detr\u00e1s d\u00eda que Ar\u00e7 Cooperativa somos Econom\u00eda Solidaria. Somos Finanzas \u00c9ticas y entendemos nuestra actividad como un instrumento al servicio de la consolidaci\u00f3n del mercado social. Tenemos una intensa vida comunitaria y intercooperativa y en 2018 hemos aportado m\u00e1s del 5% de nuestro presupuesto a la consolidaci\u00f3n de colectivos y organizaci\u00f3n de la econom\u00eda social y solidaria.<\/p>\n<h2>\n\tSois socios y clientes de Fiare Banca Etica. \u00bfQu\u00e9 supone para Ar\u00e7 trabajar con un banco como Fiare Banca Etica?<\/h2>\n<p>Fiare Banca Etica es una herramienta construida colectivamente con un mont\u00f3n de personas y organizaciones amigas y trabajar es avanzar juntos&nbsp; en la lucha por una sociedad justa, solidaria y sostenible.<\/p>\n<p><a href=\"https:\/\/arc.coop\/es\/\">https:\/\/arc.coop\/es\/<\/a><\/p>\n<p>_________________________________________________________<\/p>\n<h1>\n\t<a id=\"ca\" name=\"ca\"><\/a>Les assegurances com a eina de solidaritat<\/h1>\n<p><em><strong>Entrevista a Alfonso Bolado d&#8217;Ar\u00e7 Cooperativa<\/strong><\/em><\/p>\n<h2>\n\tD&#8217;on va n\u00e9ixer la necessitat de crear Ar\u00e7 assegurances i amb quins objectius?<\/h2>\n<p>Ar\u00e7 Cooperativa \u00e9s iniciativa d\u2019un conjunt de persones professionals de l\u2019asseguran\u00e7a i altres sectors que a primers dels 80 van decidir posar en com\u00fa habilitats, coneixements, conviccions i un punt de bogeria per arrencar un projecte empresarial cooperatiu com a instrument de transformaci\u00f3 social. Temps despr\u00e9s i amb els companys de SERYES, consitu\u00efm CAES com a projecte d\u2019intercooperaci\u00f3 amb l\u2019objecte de visibilitzar i promoure una cultura asseguradora \u00e8ticament orientada. La nostra proposta passa per fer de l\u2019asseguran\u00e7a una eina de solidaritat \u00fatil per les persones i les comunitats, generadora d\u2019una riquesa socioecon\u00f2mica que garanteixi la sostenibilitat social i ambiental i transformadora de la realitat social, pol\u00edtica i econ\u00f2mica, entenent que s\u00f3n dimensions indissociables.<\/p>\n<h2>\n\tQuins s\u00f3n els principals valors sobre els quals treballeu?<\/h2>\n<p>Subscrivim tots i cadascun dels principis i valors del moviment cooperatiu, per\u00f2 entenem que la pr\u00e0ctica dels valors ha de ser cr\u00edtica, i per aquesta ra\u00f3 cada realitat cooperativa acaba desenvolupant la seva \u00e8tica concreta. En el nostre cas, tenen especial rellev\u00e0ncia els valors<br \/>\n\tque alimenten els principis de<\/p>\n<ul>\n\t<li>\n\t\tParticipaci\u00f3: col\u00b7lectivitzaci\u00f3, gesti\u00f3 democr\u00e0tica i equitat<\/li>\n\t<li>\n\t\tAutonomia: responsabilitat, autogesti\u00f3 i independ\u00e8ncia organitzativa<\/li>\n\t<li>\n\t\tInterccooperaci\u00f3: solidaritat, treball en xarxa i inter\u00e9s comunitari<\/li>\n<\/ul>\n<h2>\n\tQuins serveis oferiu a persones i entitats?<\/h2>\n<p>Ar\u00e7 Cooperativa ofereix serveis de mediaci\u00f3 d\u2019assegurances individuals, gesti\u00f3 de programes integrals d\u2019asseguran\u00e7a i serveis de consultoria, formaci\u00f3 i acompanyament en la gesti\u00f3 de riscos amb la idea de situar les necessitats de persones i col\u00b7lectius com a eix de la nostra activitat econ\u00f2mica.<\/p>\n<h2>\n\tEntre els vostres reptes es troba teixir una alian\u00e7a amb l&#8217;Economia Social i Solid\u00e0ria? Com ho feu?<\/h2>\n<p>El repte no \u00e9s teixir aliances sin\u00f3 fer evident dia rere dia que Ar\u00e7 Cooperativa som Economia Solid\u00e0ria. Som finan\u00e7a \u00e8tica i entenem la nostra activitat com un instrument al servei de la consolidaci\u00f3 del mercat social. Tenim una intensa vida comunit\u00e0ria i intercooperativa i l\u2019any 2018 hem aportat m\u00e9s del 5% del nostre pressupost a la consolidaci\u00f3 de col\u00b7lectius i organitzacion de l\u2019economia social i solid\u00e0ria<\/p>\n<h2>\n\tSou socis i clients de Fiare Banca \u00c8tica. \u00bfQu\u00e8 suposa per a Ar\u00e7 treballar amb un banc com Fiare Banca Etica?<\/h2>\n<p>Fiare Banca Etica \u00e9s una eina construida col\u00b7lectivament amb una pila de persones i organitzacions amigues i treballar-hi \u00e9s avan\u00e7ar plegats en la lluita per una societat justa, solid\u00e0ria i sostenible.<\/p>\n<p>&nbsp;<\/p>\n<p><a href=\"https:\/\/arc.coop\/es\/\">https:\/\/arc.coop\/es\/<\/a><\/p>\n<\/div>","protected":false},"excerpt":{"rendered":"<p>\u00bfDe d\u00f3nde naci\u00f3 la necesidad de crear Ar\u00e7&nbsp; y con qu\u00e9 objetivos?<br \/>\n\tAr\u00e7&nbsp; nace de la iniciativa de un conjunto de personas profesionales del \u00e1mbito del seguro y otros sectores que en&nbsp; los 80 decidieron poner en com\u00fan habilidades, conocimientos, convicciones y un punto de locura para arrancar un proyecto empresarial cooperativo como instrumento de transformaci\u00f3n social. Tiempo despu\u00e9s y con los compa\u00f1eros de SERYES, creamos CAES como proyecto de intercooperaci\u00f3n con el objetivo de visibilizar y promover una cultura aseguradora \u00e9tica.<\/p>\n","protected":false},"author":2,"featured_media":328714,"comment_status":"open","ping_status":"closed","sticky":false,"template":"","format":"standard","meta":{"_acf_changed":false,"footnotes":""},"categories":[11643],"tags":[],"coauthors":[],"class_list":["post-344722","post","type-post","status-publish","format-standard","has-post-thumbnail","hentry","category-finances-etiques"],"acf":[],"yoast_head":"<!-- This site is optimized with the Yoast SEO plugin v26.9 - https:\/\/yoast.com\/product\/yoast-seo-wordpress\/ -->\n<title>Los seguros como herramienta de solidaridad - Fiare Banca Etica<\/title>\n<meta name=\"robots\" content=\"index, follow, max-snippet:-1, max-image-preview:large, max-video-preview:-1\" \/>\n<link rel=\"canonical\" href=\"https:\/\/www.fiarebancaetica.coop\/ca\/los-seguros-como-herramienta-de-solidaridad\/\" \/>\n<meta property=\"og:locale\" content=\"ca_ES\" \/>\n<meta property=\"og:type\" content=\"article\" \/>\n<meta property=\"og:title\" content=\"Los seguros como herramienta de solidaridad - Fiare Banca Etica\" \/>\n<meta property=\"og:description\" content=\"\u00bfDe d\u00f3nde naci\u00f3 la necesidad de crear Ar\u00e7&nbsp; y con qu\u00e9 objetivos? Ar\u00e7&nbsp; nace de la iniciativa de un conjunto de personas profesionales del \u00e1mbito del seguro y otros sectores que en&nbsp; los 80 decidieron poner en com\u00fan habilidades, conocimientos, convicciones y un punto de locura para arrancar un proyecto empresarial cooperativo como instrumento de transformaci\u00f3n social. Tiempo despu\u00e9s y con los compa\u00f1eros de SERYES, creamos CAES como proyecto de intercooperaci\u00f3n con el objetivo de visibilizar y promover una cultura aseguradora \u00e9tica.\" \/>\n<meta property=\"og:url\" content=\"https:\/\/www.fiarebancaetica.coop\/ca\/los-seguros-como-herramienta-de-solidaridad\/\" \/>\n<meta property=\"og:site_name\" content=\"Fiare Banca Etica\" \/>\n<meta property=\"article:published_time\" content=\"2019-05-13T22:00:00+00:00\" \/>\n<meta property=\"article:modified_time\" content=\"2024-02-21T14:33:52+00:00\" \/>\n<meta property=\"og:image\" content=\"https:\/\/www.fiarebancaetica.coop\/app\/uploads\/sites\/2\/2023\/12\/los-seguros-como-herramienta-de-solidaridad.jpg\" \/>\n\t<meta property=\"og:image:width\" content=\"540\" \/>\n\t<meta property=\"og:image:height\" content=\"250\" \/>\n\t<meta property=\"og:image:type\" content=\"image\/jpeg\" \/>\n<meta name=\"author\" content=\"crispyadmin0\" \/>\n<meta name=\"twitter:card\" content=\"summary_large_image\" \/>\n<script type=\"application\/ld+json\" class=\"yoast-schema-graph\">{\"@context\":\"https:\/\/schema.org\",\"@graph\":[{\"@type\":\"Article\",\"@id\":\"https:\/\/www.fiarebancaetica.coop\/ca\/los-seguros-como-herramienta-de-solidaridad\/#article\",\"isPartOf\":{\"@id\":\"https:\/\/www.fiarebancaetica.coop\/ca\/los-seguros-como-herramienta-de-solidaridad\/\"},\"author\":{\"name\":\"crispyadmin0\",\"@id\":\"https:\/\/www.fiarebancaetica.coop\/ca\/#\/schema\/person\/579841e89c804b5db05d9141bd9b8272\"},\"headline\":\"Los seguros como herramienta de solidaridad\",\"datePublished\":\"2019-05-13T22:00:00+00:00\",\"dateModified\":\"2024-02-21T14:33:52+00:00\",\"mainEntityOfPage\":{\"@id\":\"https:\/\/www.fiarebancaetica.coop\/ca\/los-seguros-como-herramienta-de-solidaridad\/\"},\"wordCount\":903,\"commentCount\":0,\"image\":{\"@id\":\"https:\/\/www.fiarebancaetica.coop\/ca\/los-seguros-como-herramienta-de-solidaridad\/#primaryimage\"},\"thumbnailUrl\":\"https:\/\/www.fiarebancaetica.coop\/app\/uploads\/sites\/2\/2023\/12\/los-seguros-como-herramienta-de-solidaridad.jpg\",\"articleSection\":[\"Finances \u00e8tiques\"],\"inLanguage\":\"ca\",\"potentialAction\":[{\"@type\":\"CommentAction\",\"name\":\"Comment\",\"target\":[\"https:\/\/www.fiarebancaetica.coop\/ca\/los-seguros-como-herramienta-de-solidaridad\/#respond\"]}]},{\"@type\":\"WebPage\",\"@id\":\"https:\/\/www.fiarebancaetica.coop\/ca\/los-seguros-como-herramienta-de-solidaridad\/\",\"url\":\"https:\/\/www.fiarebancaetica.coop\/ca\/los-seguros-como-herramienta-de-solidaridad\/\",\"name\":\"Los seguros como herramienta de solidaridad - Fiare Banca Etica\",\"isPartOf\":{\"@id\":\"https:\/\/www.fiarebancaetica.coop\/ca\/#website\"},\"primaryImageOfPage\":{\"@id\":\"https:\/\/www.fiarebancaetica.coop\/ca\/los-seguros-como-herramienta-de-solidaridad\/#primaryimage\"},\"image\":{\"@id\":\"https:\/\/www.fiarebancaetica.coop\/ca\/los-seguros-como-herramienta-de-solidaridad\/#primaryimage\"},\"thumbnailUrl\":\"https:\/\/www.fiarebancaetica.coop\/app\/uploads\/sites\/2\/2023\/12\/los-seguros-como-herramienta-de-solidaridad.jpg\",\"datePublished\":\"2019-05-13T22:00:00+00:00\",\"dateModified\":\"2024-02-21T14:33:52+00:00\",\"author\":{\"@id\":\"https:\/\/www.fiarebancaetica.coop\/ca\/#\/schema\/person\/579841e89c804b5db05d9141bd9b8272\"},\"breadcrumb\":{\"@id\":\"https:\/\/www.fiarebancaetica.coop\/ca\/los-seguros-como-herramienta-de-solidaridad\/#breadcrumb\"},\"inLanguage\":\"ca\",\"potentialAction\":[{\"@type\":\"ReadAction\",\"target\":[\"https:\/\/www.fiarebancaetica.coop\/ca\/los-seguros-como-herramienta-de-solidaridad\/\"]}]},{\"@type\":\"ImageObject\",\"inLanguage\":\"ca\",\"@id\":\"https:\/\/www.fiarebancaetica.coop\/ca\/los-seguros-como-herramienta-de-solidaridad\/#primaryimage\",\"url\":\"https:\/\/www.fiarebancaetica.coop\/app\/uploads\/sites\/2\/2023\/12\/los-seguros-como-herramienta-de-solidaridad.jpg\",\"contentUrl\":\"https:\/\/www.fiarebancaetica.coop\/app\/uploads\/sites\/2\/2023\/12\/los-seguros-como-herramienta-de-solidaridad.jpg\",\"width\":540,\"height\":250},{\"@type\":\"BreadcrumbList\",\"@id\":\"https:\/\/www.fiarebancaetica.coop\/ca\/los-seguros-como-herramienta-de-solidaridad\/#breadcrumb\",\"itemListElement\":[{\"@type\":\"ListItem\",\"position\":1,\"name\":\"Home\",\"item\":\"https:\/\/www.fiarebancaetica.coop\/ca\/\"},{\"@type\":\"ListItem\",\"position\":2,\"name\":\"Los seguros como herramienta de solidaridad\"}]},{\"@type\":\"WebSite\",\"@id\":\"https:\/\/www.fiarebancaetica.coop\/ca\/#website\",\"url\":\"https:\/\/www.fiarebancaetica.coop\/ca\/\",\"name\":\"Fiare Banca Etica\",\"description\":\"\",\"potentialAction\":[{\"@type\":\"SearchAction\",\"target\":{\"@type\":\"EntryPoint\",\"urlTemplate\":\"https:\/\/www.fiarebancaetica.coop\/ca\/?s={search_term_string}\"},\"query-input\":{\"@type\":\"PropertyValueSpecification\",\"valueRequired\":true,\"valueName\":\"search_term_string\"}}],\"inLanguage\":\"ca\"},{\"@type\":\"Person\",\"@id\":\"https:\/\/www.fiarebancaetica.coop\/ca\/#\/schema\/person\/579841e89c804b5db05d9141bd9b8272\",\"name\":\"crispyadmin0\",\"image\":{\"@type\":\"ImageObject\",\"inLanguage\":\"ca\",\"@id\":\"https:\/\/www.fiarebancaetica.coop\/ca\/#\/schema\/person\/image\/5f3a6b7786f32f4c35bd2b1a5a4698ea\",\"url\":\"https:\/\/secure.gravatar.com\/avatar\/4d2cfb499d497b6d49da659fab7404b243a87fe8e40d2cf97a1cae48f677f5b2?s=96&d=mm&r=g\",\"contentUrl\":\"https:\/\/secure.gravatar.com\/avatar\/4d2cfb499d497b6d49da659fab7404b243a87fe8e40d2cf97a1cae48f677f5b2?s=96&d=mm&r=g\",\"caption\":\"crispyadmin0\"},\"sameAs\":[\"crispyadmin0\"]}]}<\/script>\n<!-- \/ Yoast SEO plugin. -->","yoast_head_json":{"title":"Los seguros como herramienta de solidaridad - Fiare Banca Etica","robots":{"index":"index","follow":"follow","max-snippet":"max-snippet:-1","max-image-preview":"max-image-preview:large","max-video-preview":"max-video-preview:-1"},"canonical":"https:\/\/www.fiarebancaetica.coop\/ca\/los-seguros-como-herramienta-de-solidaridad\/","og_locale":"ca_ES","og_type":"article","og_title":"Los seguros como herramienta de solidaridad - Fiare Banca Etica","og_description":"\u00bfDe d\u00f3nde naci\u00f3 la necesidad de crear Ar\u00e7&nbsp; y con qu\u00e9 objetivos? Ar\u00e7&nbsp; nace de la iniciativa de un conjunto de personas profesionales del \u00e1mbito del seguro y otros sectores que en&nbsp; los 80 decidieron poner en com\u00fan habilidades, conocimientos, convicciones y un punto de locura para arrancar un proyecto empresarial cooperativo como instrumento de transformaci\u00f3n social. Tiempo despu\u00e9s y con los compa\u00f1eros de SERYES, creamos CAES como proyecto de intercooperaci\u00f3n con el objetivo de visibilizar y promover una cultura aseguradora \u00e9tica.","og_url":"https:\/\/www.fiarebancaetica.coop\/ca\/los-seguros-como-herramienta-de-solidaridad\/","og_site_name":"Fiare Banca Etica","article_published_time":"2019-05-13T22:00:00+00:00","article_modified_time":"2024-02-21T14:33:52+00:00","og_image":[{"width":540,"height":250,"url":"https:\/\/www.fiarebancaetica.coop\/app\/uploads\/sites\/2\/2023\/12\/los-seguros-como-herramienta-de-solidaridad.jpg","type":"image\/jpeg"}],"author":"crispyadmin0","twitter_card":"summary_large_image","schema":{"@context":"https:\/\/schema.org","@graph":[{"@type":"Article","@id":"https:\/\/www.fiarebancaetica.coop\/ca\/los-seguros-como-herramienta-de-solidaridad\/#article","isPartOf":{"@id":"https:\/\/www.fiarebancaetica.coop\/ca\/los-seguros-como-herramienta-de-solidaridad\/"},"author":{"name":"crispyadmin0","@id":"https:\/\/www.fiarebancaetica.coop\/ca\/#\/schema\/person\/579841e89c804b5db05d9141bd9b8272"},"headline":"Los seguros como herramienta de solidaridad","datePublished":"2019-05-13T22:00:00+00:00","dateModified":"2024-02-21T14:33:52+00:00","mainEntityOfPage":{"@id":"https:\/\/www.fiarebancaetica.coop\/ca\/los-seguros-como-herramienta-de-solidaridad\/"},"wordCount":903,"commentCount":0,"image":{"@id":"https:\/\/www.fiarebancaetica.coop\/ca\/los-seguros-como-herramienta-de-solidaridad\/#primaryimage"},"thumbnailUrl":"https:\/\/www.fiarebancaetica.coop\/app\/uploads\/sites\/2\/2023\/12\/los-seguros-como-herramienta-de-solidaridad.jpg","articleSection":["Finances \u00e8tiques"],"inLanguage":"ca","potentialAction":[{"@type":"CommentAction","name":"Comment","target":["https:\/\/www.fiarebancaetica.coop\/ca\/los-seguros-como-herramienta-de-solidaridad\/#respond"]}]},{"@type":"WebPage","@id":"https:\/\/www.fiarebancaetica.coop\/ca\/los-seguros-como-herramienta-de-solidaridad\/","url":"https:\/\/www.fiarebancaetica.coop\/ca\/los-seguros-como-herramienta-de-solidaridad\/","name":"Los seguros como herramienta de solidaridad - Fiare Banca Etica","isPartOf":{"@id":"https:\/\/www.fiarebancaetica.coop\/ca\/#website"},"primaryImageOfPage":{"@id":"https:\/\/www.fiarebancaetica.coop\/ca\/los-seguros-como-herramienta-de-solidaridad\/#primaryimage"},"image":{"@id":"https:\/\/www.fiarebancaetica.coop\/ca\/los-seguros-como-herramienta-de-solidaridad\/#primaryimage"},"thumbnailUrl":"https:\/\/www.fiarebancaetica.coop\/app\/uploads\/sites\/2\/2023\/12\/los-seguros-como-herramienta-de-solidaridad.jpg","datePublished":"2019-05-13T22:00:00+00:00","dateModified":"2024-02-21T14:33:52+00:00","author":{"@id":"https:\/\/www.fiarebancaetica.coop\/ca\/#\/schema\/person\/579841e89c804b5db05d9141bd9b8272"},"breadcrumb":{"@id":"https:\/\/www.fiarebancaetica.coop\/ca\/los-seguros-como-herramienta-de-solidaridad\/#breadcrumb"},"inLanguage":"ca","potentialAction":[{"@type":"ReadAction","target":["https:\/\/www.fiarebancaetica.coop\/ca\/los-seguros-como-herramienta-de-solidaridad\/"]}]},{"@type":"ImageObject","inLanguage":"ca","@id":"https:\/\/www.fiarebancaetica.coop\/ca\/los-seguros-como-herramienta-de-solidaridad\/#primaryimage","url":"https:\/\/www.fiarebancaetica.coop\/app\/uploads\/sites\/2\/2023\/12\/los-seguros-como-herramienta-de-solidaridad.jpg","contentUrl":"https:\/\/www.fiarebancaetica.coop\/app\/uploads\/sites\/2\/2023\/12\/los-seguros-como-herramienta-de-solidaridad.jpg","width":540,"height":250},{"@type":"BreadcrumbList","@id":"https:\/\/www.fiarebancaetica.coop\/ca\/los-seguros-como-herramienta-de-solidaridad\/#breadcrumb","itemListElement":[{"@type":"ListItem","position":1,"name":"Home","item":"https:\/\/www.fiarebancaetica.coop\/ca\/"},{"@type":"ListItem","position":2,"name":"Los seguros como herramienta de solidaridad"}]},{"@type":"WebSite","@id":"https:\/\/www.fiarebancaetica.coop\/ca\/#website","url":"https:\/\/www.fiarebancaetica.coop\/ca\/","name":"Fiare Banca Etica","description":"","potentialAction":[{"@type":"SearchAction","target":{"@type":"EntryPoint","urlTemplate":"https:\/\/www.fiarebancaetica.coop\/ca\/?s={search_term_string}"},"query-input":{"@type":"PropertyValueSpecification","valueRequired":true,"valueName":"search_term_string"}}],"inLanguage":"ca"},{"@type":"Person","@id":"https:\/\/www.fiarebancaetica.coop\/ca\/#\/schema\/person\/579841e89c804b5db05d9141bd9b8272","name":"crispyadmin0","image":{"@type":"ImageObject","inLanguage":"ca","@id":"https:\/\/www.fiarebancaetica.coop\/ca\/#\/schema\/person\/image\/5f3a6b7786f32f4c35bd2b1a5a4698ea","url":"https:\/\/secure.gravatar.com\/avatar\/4d2cfb499d497b6d49da659fab7404b243a87fe8e40d2cf97a1cae48f677f5b2?s=96&d=mm&r=g","contentUrl":"https:\/\/secure.gravatar.com\/avatar\/4d2cfb499d497b6d49da659fab7404b243a87fe8e40d2cf97a1cae48f677f5b2?s=96&d=mm&r=g","caption":"crispyadmin0"},"sameAs":["crispyadmin0"]}]}},"_links":{"self":[{"href":"https:\/\/www.fiarebancaetica.coop\/ca\/wp-json\/wp\/v2\/posts\/344722","targetHints":{"allow":["GET"]}}],"collection":[{"href":"https:\/\/www.fiarebancaetica.coop\/ca\/wp-json\/wp\/v2\/posts"}],"about":[{"href":"https:\/\/www.fiarebancaetica.coop\/ca\/wp-json\/wp\/v2\/types\/post"}],"author":[{"embeddable":true,"href":"https:\/\/www.fiarebancaetica.coop\/ca\/wp-json\/wp\/v2\/users\/2"}],"replies":[{"embeddable":true,"href":"https:\/\/www.fiarebancaetica.coop\/ca\/wp-json\/wp\/v2\/comments?post=344722"}],"version-history":[{"count":1,"href":"https:\/\/www.fiarebancaetica.coop\/ca\/wp-json\/wp\/v2\/posts\/344722\/revisions"}],"predecessor-version":[{"id":354266,"href":"https:\/\/www.fiarebancaetica.coop\/ca\/wp-json\/wp\/v2\/posts\/344722\/revisions\/354266"}],"wp:featuredmedia":[{"embeddable":true,"href":"https:\/\/www.fiarebancaetica.coop\/ca\/wp-json\/wp\/v2\/media\/328714"}],"wp:attachment":[{"href":"https:\/\/www.fiarebancaetica.coop\/ca\/wp-json\/wp\/v2\/media?parent=344722"}],"wp:term":[{"taxonomy":"category","embeddable":true,"href":"https:\/\/www.fiarebancaetica.coop\/ca\/wp-json\/wp\/v2\/categories?post=344722"},{"taxonomy":"post_tag","embeddable":true,"href":"https:\/\/www.fiarebancaetica.coop\/ca\/wp-json\/wp\/v2\/tags?post=344722"},{"taxonomy":"author","embeddable":true,"href":"https:\/\/www.fiarebancaetica.coop\/ca\/wp-json\/wp\/v2\/coauthors?post=344722"}],"curies":[{"name":"wp","href":"https:\/\/api.w.org\/{rel}","templated":true}]}}