{"id":344750,"date":"2019-04-25T00:00:00","date_gmt":"2019-04-24T22:00:00","guid":{"rendered":"https:\/\/www.fiarebancaetica.coop\/medio-siglo-trabajando-por-la-integracion\/"},"modified":"2024-02-21T15:34:20","modified_gmt":"2024-02-21T14:34:20","slug":"medio-siglo-trabajando-por-la-integracion","status":"publish","type":"post","link":"https:\/\/www.fiarebancaetica.coop\/ca\/medio-siglo-trabajando-por-la-integracion\/","title":{"rendered":"Medio siglo trabajando por la integraci\u00f3n"},"content":{"rendered":"\n\n<div class=\"wp-block-bancaetica-blocks-blocks-block-49\">\n    <div class=\"container-block-49\">\n\n        <div class=\"header-section \">\n                            <h1 class=\"section-title\"> Etica e cooperativa <\/h1>\n                                            <\/div>\n\n        \n        <div class=\"block-background\" style=\"background-image: url('https:\/\/www.fiarebancaetica.coop\/app\/uploads\/sites\/2\/2023\/12\/medio-siglo-trabajando-por-integracion.jpg')\">\n                            <div class=\"tile\">\n                    <h1 class=\"image-title\"> Medio siglo trabajando por la integraci\u00f3n <\/h1>\n                <\/div>             <!-- end .tile -->\n            <div class=\"bottom-content\">\n                            <\/div> <!-- end .button-content -->\n        <\/div> <!-- end .block-background -->\n    <\/div> <!-- end .container -->\n<\/div> <!-- end wp-block-bancaetica-blocks-blocks-block-06 -->\n\n\n<div class=\"wrapper-crispybacon-class wrapper-crispybacon-class-boxed \">\n    <p><a href=\"#ca\">Catal\u00e0<\/a><\/p>\n<p>Los or\u00edgenes del grupo TEB se remontan al a\u00f1o 1965, cuando algunas <strong>familias se juntaron para iniciar un taller escuela <\/strong>que sirviese para reivindicar los <strong>derechos de las personas con discapacidad intelectual<\/strong>. Tres a\u00f1os despu\u00e9s el Ayuntamiento de Barcelona les cedi\u00f3 un local, donde hoy hay uno de los centros ocupacionales de TEB.<br \/>\n\t<br \/>\n\tDesde los a\u00f1os sesenta la situaci\u00f3n ha cambiado mucho, se han ampliado los servicios que ofrecen y han ido construyendo una red de centros especiales de trabajo, centros ocupacionales, servicios de vivienda especializada, servicios de inserci\u00f3n laboral, fundaci\u00f3n tutelar, clubes deportivos, etc. Aunque los principios y los valores son los mismos, trabajar para <strong>conseguir una vida inclusiva, socialmente y laboralmente,<\/strong> para las personas con discapacidad intelectual, facilitarles el mayor grado de autonom\u00eda, de satisfacci\u00f3n personal y de calidad de vida, as\u00ed como dar apoyo a las familias.<br \/>\n\t<br \/>\n\tActualmente, <strong>8 cooperativas<\/strong>, sin \u00e1nimo de lucro, <strong>forman parte del grupo TEB<\/strong>: TEB Barcelona, TEB Vall\u00e9s, TEB Habitatge, TEB Verd, TEB Solucions, TEB Bellvitge, TEB Gesti\u00f3 y el Taller Escuela de Barcelona.<\/p>\n<h2>\n\tPrincipios acompa\u00f1ados de n\u00fameros<\/h2>\n<p>Des de ese local en la Barceloneta, el grupo TEB ha ido creciendo y tejiendo una red que refleja el paso de los a\u00f1os y el trabajo hecho. Actualmente, el grupo de cooperativas da trabajo a 650 personas con discapacidad y servicios asistenciales y residenciales a 250 usuarios. M\u00e1s de 200 profesionales dan soporte a la estructura del TEB y ayudan en el desarrollo y las funciones de cinco Centros Especiales de Trabajo, cinco Centros Ocupacionales, cuatro entidades de ocio, dos fundaciones y una asociaci\u00f3n de familias. Todas estas actividades repartidas en los m\u00e1s de 20.000 m\u00b2&nbsp; de instalaciones industriales de las que disponen. TEB ha recibido una l\u00ednea de financiaci\u00f3n de Fiare Banca Etica.<\/p>\n<p><a href=\"http:\/\/www.teb.org\/es\/\">http:\/\/www.teb.org\/es\/<\/a><\/p>\n<p><a id=\"ca\" name=\"ca\"><\/a>____________________________________________________<\/p>\n<h1>\n\tMitja cent\u00faria treballant per la integraci\u00f3<\/h1>\n<p>Els or\u00edgens del grup TEB es remunten a l\u2019any 1965, quan algunes <strong>fam\u00edlies es van ajuntar per iniciar un taller escola que serv\u00eds per reivindicar els drets de les persones amb discapacitat intel\u2022lectual<\/strong>. Tres anys despr\u00e9s l\u2019ajuntament de Barcelona els va cedir un local, on avui hi ha un dels centres ocupacional de TEB.<br \/>\n\t<br \/>\n\tDes dels anys seixanta la situaci\u00f3 ha canviat molt, s\u2019han ampliat els serveis que ofereixen i han anat construint una xarxa de centres especials de treball, centres ocupacionals, serveis d\u2019habitatge especialitzat, serveis d&#8217;inserci\u00f3 laboral, fundaci\u00f3 tutelar, clubs esportius, etc. Tot i aix\u00f2, els principis i els valors s\u00f3n els mateixos, treballar per aconseguir una vida inclusiva, socialment i laboralment, per les persones amb discapacitat intel\u2022lectual, facilitar-los-hi el major grau d\u2019autonomia, de satisfacci\u00f3 personal i de qualitat de vida, aix\u00ed com donar suport a les fam\u00edlies.<br \/>\n\t<br \/>\n\tActualment, <strong>8 cooperatives<\/strong>, sense \u00e0nim de lucre, <strong>formen part del grup TEB<\/strong>: TEB Barcelona, TEB Vall\u00e9s, TEB Habitatge, TEB Verd, TEB Solucions, TEB Bellvitge, TEB Gesti\u00f3 i el Taller Escola Barcelona.<\/p>\n<h2>\n\tPrincipis acompanyats de n\u00fameros<\/h2>\n<p>Des d\u2019aquell local a la Barceloneta, el grup TEB ha anat creixent i teixint una xarxa que reflecteix els pas dels anys i la feina feta. Actualment, el grup de cooperatives d\u00f3na lloc de treball a 650 persones amb discapacitat i serveis assistencials i residencials a 250 usuaris. M\u00e9s de 200 professionals donen suport a l\u2019estructura del TEB i ajuden en el desenvolupament i les funcions de cinc Centres Especials de Treball, cinc Centres Ocupacionals, quatre entitats d\u2019oci, dues fundacions i una associaci\u00f3 de fam\u00edlies. Totes aquestes activitats repartides en els m\u00e9s de 20.000 m2 d\u2019instal\u2022lacions industrials dels que disposen. TEB ha rebut una l\u00ednia de finan\u00e7ament de Fiare Banca Etica.<\/p>\n<p><a href=\"http:\/\/www.teb.org\">http:\/\/www.teb.org<\/a><\/p>\n<\/div>","protected":false},"excerpt":{"rendered":"<p>Los or\u00edgenes del grupo TEB se remontan al a\u00f1o 1965, cuando algunas familias se juntaron para iniciar un taller escuela que sirviese para reivindicar los derechos de las personas con discapacidad intelectual. Tres a\u00f1os despu\u00e9s el ayuntamiento de Barcelona les cedi\u00f3 un local, donde hoy hay uno de los centros ocupacionales de TEB. Desde los a\u00f1os sesenta la situaci\u00f3n ha cambado mucho, se han ampliado los servicios que ofrecen y han ido construyendo una red de centros especiales de trabajo, centros ocupacionales, servicios de vivienda especializada, servicios de inserci\u00f3n laboral, fundaci\u00f3n tutelar, clubes deportivos, etc. Aunque los principios y los valores son los mismos, trabajar para conseguir una vida inclusiva, socialmente y laboralmente, para las personas con discapacidad intelectual, facilitarles el mayor grado de autonom\u00eda, de satisfacci\u00f3n personal y de calidad de vida, as\u00ed como dar apoyo a las familias. Actualmente, 8 cooperativas, sin \u00e1nimo de lucro, forman parte del grupo TEB: TEB Barcelona, TEB Vall\u00e9s, TEB Habitatge, TEB Verd, TEB Solucions, TEB Bellvitge, TEB Gesti\u00f3 y el Taller Escuela de Barcelona.<\/p>\n<p>&nbsp;<\/p>\n","protected":false},"author":2,"featured_media":328690,"comment_status":"open","ping_status":"closed","sticky":false,"template":"","format":"standard","meta":{"_acf_changed":false,"footnotes":""},"categories":[11643],"tags":[],"coauthors":[],"class_list":["post-344750","post","type-post","status-publish","format-standard","has-post-thumbnail","hentry","category-finances-etiques"],"acf":[],"yoast_head":"<!-- This site is optimized with the Yoast SEO plugin v26.9 - https:\/\/yoast.com\/product\/yoast-seo-wordpress\/ -->\n<title>Medio siglo trabajando por la integraci\u00f3n - Fiare Banca Etica<\/title>\n<meta name=\"robots\" content=\"index, follow, max-snippet:-1, max-image-preview:large, max-video-preview:-1\" \/>\n<link rel=\"canonical\" href=\"https:\/\/www.fiarebancaetica.coop\/ca\/medio-siglo-trabajando-por-la-integracion\/\" \/>\n<meta property=\"og:locale\" content=\"ca_ES\" \/>\n<meta property=\"og:type\" content=\"article\" \/>\n<meta property=\"og:title\" content=\"Medio siglo trabajando por la integraci\u00f3n - Fiare Banca Etica\" \/>\n<meta property=\"og:description\" content=\"Los or\u00edgenes del grupo TEB se remontan al a\u00f1o 1965, cuando algunas familias se juntaron para iniciar un taller escuela que sirviese para reivindicar los derechos de las personas con discapacidad intelectual. Tres a\u00f1os despu\u00e9s el ayuntamiento de Barcelona les cedi\u00f3 un local, donde hoy hay uno de los centros ocupacionales de TEB. Desde los a\u00f1os sesenta la situaci\u00f3n ha cambado mucho, se han ampliado los servicios que ofrecen y han ido construyendo una red de centros especiales de trabajo, centros ocupacionales, servicios de vivienda especializada, servicios de inserci\u00f3n laboral, fundaci\u00f3n tutelar, clubes deportivos, etc. Aunque los principios y los valores son los mismos, trabajar para conseguir una vida inclusiva, socialmente y laboralmente, para las personas con discapacidad intelectual, facilitarles el mayor grado de autonom\u00eda, de satisfacci\u00f3n personal y de calidad de vida, as\u00ed como dar apoyo a las familias. Actualmente, 8 cooperativas, sin \u00e1nimo de lucro, forman parte del grupo TEB: TEB Barcelona, TEB Vall\u00e9s, TEB Habitatge, TEB Verd, TEB Solucions, TEB Bellvitge, TEB Gesti\u00f3 y el Taller Escuela de Barcelona. &nbsp;\" \/>\n<meta property=\"og:url\" content=\"https:\/\/www.fiarebancaetica.coop\/ca\/medio-siglo-trabajando-por-la-integracion\/\" \/>\n<meta property=\"og:site_name\" content=\"Fiare Banca Etica\" \/>\n<meta property=\"article:published_time\" content=\"2019-04-24T22:00:00+00:00\" \/>\n<meta property=\"article:modified_time\" content=\"2024-02-21T14:34:20+00:00\" \/>\n<meta property=\"og:image\" content=\"https:\/\/www.fiarebancaetica.coop\/app\/uploads\/sites\/2\/2023\/12\/medio-siglo-trabajando-por-integracion.jpg\" \/>\n\t<meta property=\"og:image:width\" content=\"540\" \/>\n\t<meta property=\"og:image:height\" content=\"250\" \/>\n\t<meta property=\"og:image:type\" content=\"image\/jpeg\" \/>\n<meta name=\"author\" content=\"crispyadmin0\" \/>\n<meta name=\"twitter:card\" content=\"summary_large_image\" \/>\n<script type=\"application\/ld+json\" class=\"yoast-schema-graph\">{\"@context\":\"https:\/\/schema.org\",\"@graph\":[{\"@type\":\"Article\",\"@id\":\"https:\/\/www.fiarebancaetica.coop\/ca\/medio-siglo-trabajando-por-la-integracion\/#article\",\"isPartOf\":{\"@id\":\"https:\/\/www.fiarebancaetica.coop\/ca\/medio-siglo-trabajando-por-la-integracion\/\"},\"author\":{\"name\":\"crispyadmin0\",\"@id\":\"https:\/\/www.fiarebancaetica.coop\/ca\/#\/schema\/person\/579841e89c804b5db05d9141bd9b8272\"},\"headline\":\"Medio siglo trabajando por la integraci\u00f3n\",\"datePublished\":\"2019-04-24T22:00:00+00:00\",\"dateModified\":\"2024-02-21T14:34:20+00:00\",\"mainEntityOfPage\":{\"@id\":\"https:\/\/www.fiarebancaetica.coop\/ca\/medio-siglo-trabajando-por-la-integracion\/\"},\"wordCount\":635,\"commentCount\":0,\"image\":{\"@id\":\"https:\/\/www.fiarebancaetica.coop\/ca\/medio-siglo-trabajando-por-la-integracion\/#primaryimage\"},\"thumbnailUrl\":\"https:\/\/www.fiarebancaetica.coop\/app\/uploads\/sites\/2\/2023\/12\/medio-siglo-trabajando-por-integracion.jpg\",\"articleSection\":[\"Finances \u00e8tiques\"],\"inLanguage\":\"ca\",\"potentialAction\":[{\"@type\":\"CommentAction\",\"name\":\"Comment\",\"target\":[\"https:\/\/www.fiarebancaetica.coop\/ca\/medio-siglo-trabajando-por-la-integracion\/#respond\"]}]},{\"@type\":\"WebPage\",\"@id\":\"https:\/\/www.fiarebancaetica.coop\/ca\/medio-siglo-trabajando-por-la-integracion\/\",\"url\":\"https:\/\/www.fiarebancaetica.coop\/ca\/medio-siglo-trabajando-por-la-integracion\/\",\"name\":\"Medio siglo trabajando por la integraci\u00f3n - Fiare Banca Etica\",\"isPartOf\":{\"@id\":\"https:\/\/www.fiarebancaetica.coop\/ca\/#website\"},\"primaryImageOfPage\":{\"@id\":\"https:\/\/www.fiarebancaetica.coop\/ca\/medio-siglo-trabajando-por-la-integracion\/#primaryimage\"},\"image\":{\"@id\":\"https:\/\/www.fiarebancaetica.coop\/ca\/medio-siglo-trabajando-por-la-integracion\/#primaryimage\"},\"thumbnailUrl\":\"https:\/\/www.fiarebancaetica.coop\/app\/uploads\/sites\/2\/2023\/12\/medio-siglo-trabajando-por-integracion.jpg\",\"datePublished\":\"2019-04-24T22:00:00+00:00\",\"dateModified\":\"2024-02-21T14:34:20+00:00\",\"author\":{\"@id\":\"https:\/\/www.fiarebancaetica.coop\/ca\/#\/schema\/person\/579841e89c804b5db05d9141bd9b8272\"},\"breadcrumb\":{\"@id\":\"https:\/\/www.fiarebancaetica.coop\/ca\/medio-siglo-trabajando-por-la-integracion\/#breadcrumb\"},\"inLanguage\":\"ca\",\"potentialAction\":[{\"@type\":\"ReadAction\",\"target\":[\"https:\/\/www.fiarebancaetica.coop\/ca\/medio-siglo-trabajando-por-la-integracion\/\"]}]},{\"@type\":\"ImageObject\",\"inLanguage\":\"ca\",\"@id\":\"https:\/\/www.fiarebancaetica.coop\/ca\/medio-siglo-trabajando-por-la-integracion\/#primaryimage\",\"url\":\"https:\/\/www.fiarebancaetica.coop\/app\/uploads\/sites\/2\/2023\/12\/medio-siglo-trabajando-por-integracion.jpg\",\"contentUrl\":\"https:\/\/www.fiarebancaetica.coop\/app\/uploads\/sites\/2\/2023\/12\/medio-siglo-trabajando-por-integracion.jpg\",\"width\":540,\"height\":250},{\"@type\":\"BreadcrumbList\",\"@id\":\"https:\/\/www.fiarebancaetica.coop\/ca\/medio-siglo-trabajando-por-la-integracion\/#breadcrumb\",\"itemListElement\":[{\"@type\":\"ListItem\",\"position\":1,\"name\":\"Home\",\"item\":\"https:\/\/www.fiarebancaetica.coop\/ca\/\"},{\"@type\":\"ListItem\",\"position\":2,\"name\":\"Medio siglo trabajando por la integraci\u00f3n\"}]},{\"@type\":\"WebSite\",\"@id\":\"https:\/\/www.fiarebancaetica.coop\/ca\/#website\",\"url\":\"https:\/\/www.fiarebancaetica.coop\/ca\/\",\"name\":\"Fiare Banca Etica\",\"description\":\"\",\"potentialAction\":[{\"@type\":\"SearchAction\",\"target\":{\"@type\":\"EntryPoint\",\"urlTemplate\":\"https:\/\/www.fiarebancaetica.coop\/ca\/?s={search_term_string}\"},\"query-input\":{\"@type\":\"PropertyValueSpecification\",\"valueRequired\":true,\"valueName\":\"search_term_string\"}}],\"inLanguage\":\"ca\"},{\"@type\":\"Person\",\"@id\":\"https:\/\/www.fiarebancaetica.coop\/ca\/#\/schema\/person\/579841e89c804b5db05d9141bd9b8272\",\"name\":\"crispyadmin0\",\"image\":{\"@type\":\"ImageObject\",\"inLanguage\":\"ca\",\"@id\":\"https:\/\/www.fiarebancaetica.coop\/ca\/#\/schema\/person\/image\/5f3a6b7786f32f4c35bd2b1a5a4698ea\",\"url\":\"https:\/\/secure.gravatar.com\/avatar\/4d2cfb499d497b6d49da659fab7404b243a87fe8e40d2cf97a1cae48f677f5b2?s=96&d=mm&r=g\",\"contentUrl\":\"https:\/\/secure.gravatar.com\/avatar\/4d2cfb499d497b6d49da659fab7404b243a87fe8e40d2cf97a1cae48f677f5b2?s=96&d=mm&r=g\",\"caption\":\"crispyadmin0\"},\"sameAs\":[\"crispyadmin0\"]}]}<\/script>\n<!-- \/ Yoast SEO plugin. -->","yoast_head_json":{"title":"Medio siglo trabajando por la integraci\u00f3n - Fiare Banca Etica","robots":{"index":"index","follow":"follow","max-snippet":"max-snippet:-1","max-image-preview":"max-image-preview:large","max-video-preview":"max-video-preview:-1"},"canonical":"https:\/\/www.fiarebancaetica.coop\/ca\/medio-siglo-trabajando-por-la-integracion\/","og_locale":"ca_ES","og_type":"article","og_title":"Medio siglo trabajando por la integraci\u00f3n - Fiare Banca Etica","og_description":"Los or\u00edgenes del grupo TEB se remontan al a\u00f1o 1965, cuando algunas familias se juntaron para iniciar un taller escuela que sirviese para reivindicar los derechos de las personas con discapacidad intelectual. Tres a\u00f1os despu\u00e9s el ayuntamiento de Barcelona les cedi\u00f3 un local, donde hoy hay uno de los centros ocupacionales de TEB. Desde los a\u00f1os sesenta la situaci\u00f3n ha cambado mucho, se han ampliado los servicios que ofrecen y han ido construyendo una red de centros especiales de trabajo, centros ocupacionales, servicios de vivienda especializada, servicios de inserci\u00f3n laboral, fundaci\u00f3n tutelar, clubes deportivos, etc. Aunque los principios y los valores son los mismos, trabajar para conseguir una vida inclusiva, socialmente y laboralmente, para las personas con discapacidad intelectual, facilitarles el mayor grado de autonom\u00eda, de satisfacci\u00f3n personal y de calidad de vida, as\u00ed como dar apoyo a las familias. Actualmente, 8 cooperativas, sin \u00e1nimo de lucro, forman parte del grupo TEB: TEB Barcelona, TEB Vall\u00e9s, TEB Habitatge, TEB Verd, TEB Solucions, TEB Bellvitge, TEB Gesti\u00f3 y el Taller Escuela de Barcelona. &nbsp;","og_url":"https:\/\/www.fiarebancaetica.coop\/ca\/medio-siglo-trabajando-por-la-integracion\/","og_site_name":"Fiare Banca Etica","article_published_time":"2019-04-24T22:00:00+00:00","article_modified_time":"2024-02-21T14:34:20+00:00","og_image":[{"width":540,"height":250,"url":"https:\/\/www.fiarebancaetica.coop\/app\/uploads\/sites\/2\/2023\/12\/medio-siglo-trabajando-por-integracion.jpg","type":"image\/jpeg"}],"author":"crispyadmin0","twitter_card":"summary_large_image","schema":{"@context":"https:\/\/schema.org","@graph":[{"@type":"Article","@id":"https:\/\/www.fiarebancaetica.coop\/ca\/medio-siglo-trabajando-por-la-integracion\/#article","isPartOf":{"@id":"https:\/\/www.fiarebancaetica.coop\/ca\/medio-siglo-trabajando-por-la-integracion\/"},"author":{"name":"crispyadmin0","@id":"https:\/\/www.fiarebancaetica.coop\/ca\/#\/schema\/person\/579841e89c804b5db05d9141bd9b8272"},"headline":"Medio siglo trabajando por la integraci\u00f3n","datePublished":"2019-04-24T22:00:00+00:00","dateModified":"2024-02-21T14:34:20+00:00","mainEntityOfPage":{"@id":"https:\/\/www.fiarebancaetica.coop\/ca\/medio-siglo-trabajando-por-la-integracion\/"},"wordCount":635,"commentCount":0,"image":{"@id":"https:\/\/www.fiarebancaetica.coop\/ca\/medio-siglo-trabajando-por-la-integracion\/#primaryimage"},"thumbnailUrl":"https:\/\/www.fiarebancaetica.coop\/app\/uploads\/sites\/2\/2023\/12\/medio-siglo-trabajando-por-integracion.jpg","articleSection":["Finances \u00e8tiques"],"inLanguage":"ca","potentialAction":[{"@type":"CommentAction","name":"Comment","target":["https:\/\/www.fiarebancaetica.coop\/ca\/medio-siglo-trabajando-por-la-integracion\/#respond"]}]},{"@type":"WebPage","@id":"https:\/\/www.fiarebancaetica.coop\/ca\/medio-siglo-trabajando-por-la-integracion\/","url":"https:\/\/www.fiarebancaetica.coop\/ca\/medio-siglo-trabajando-por-la-integracion\/","name":"Medio siglo trabajando por la integraci\u00f3n - Fiare Banca Etica","isPartOf":{"@id":"https:\/\/www.fiarebancaetica.coop\/ca\/#website"},"primaryImageOfPage":{"@id":"https:\/\/www.fiarebancaetica.coop\/ca\/medio-siglo-trabajando-por-la-integracion\/#primaryimage"},"image":{"@id":"https:\/\/www.fiarebancaetica.coop\/ca\/medio-siglo-trabajando-por-la-integracion\/#primaryimage"},"thumbnailUrl":"https:\/\/www.fiarebancaetica.coop\/app\/uploads\/sites\/2\/2023\/12\/medio-siglo-trabajando-por-integracion.jpg","datePublished":"2019-04-24T22:00:00+00:00","dateModified":"2024-02-21T14:34:20+00:00","author":{"@id":"https:\/\/www.fiarebancaetica.coop\/ca\/#\/schema\/person\/579841e89c804b5db05d9141bd9b8272"},"breadcrumb":{"@id":"https:\/\/www.fiarebancaetica.coop\/ca\/medio-siglo-trabajando-por-la-integracion\/#breadcrumb"},"inLanguage":"ca","potentialAction":[{"@type":"ReadAction","target":["https:\/\/www.fiarebancaetica.coop\/ca\/medio-siglo-trabajando-por-la-integracion\/"]}]},{"@type":"ImageObject","inLanguage":"ca","@id":"https:\/\/www.fiarebancaetica.coop\/ca\/medio-siglo-trabajando-por-la-integracion\/#primaryimage","url":"https:\/\/www.fiarebancaetica.coop\/app\/uploads\/sites\/2\/2023\/12\/medio-siglo-trabajando-por-integracion.jpg","contentUrl":"https:\/\/www.fiarebancaetica.coop\/app\/uploads\/sites\/2\/2023\/12\/medio-siglo-trabajando-por-integracion.jpg","width":540,"height":250},{"@type":"BreadcrumbList","@id":"https:\/\/www.fiarebancaetica.coop\/ca\/medio-siglo-trabajando-por-la-integracion\/#breadcrumb","itemListElement":[{"@type":"ListItem","position":1,"name":"Home","item":"https:\/\/www.fiarebancaetica.coop\/ca\/"},{"@type":"ListItem","position":2,"name":"Medio siglo trabajando por la integraci\u00f3n"}]},{"@type":"WebSite","@id":"https:\/\/www.fiarebancaetica.coop\/ca\/#website","url":"https:\/\/www.fiarebancaetica.coop\/ca\/","name":"Fiare Banca Etica","description":"","potentialAction":[{"@type":"SearchAction","target":{"@type":"EntryPoint","urlTemplate":"https:\/\/www.fiarebancaetica.coop\/ca\/?s={search_term_string}"},"query-input":{"@type":"PropertyValueSpecification","valueRequired":true,"valueName":"search_term_string"}}],"inLanguage":"ca"},{"@type":"Person","@id":"https:\/\/www.fiarebancaetica.coop\/ca\/#\/schema\/person\/579841e89c804b5db05d9141bd9b8272","name":"crispyadmin0","image":{"@type":"ImageObject","inLanguage":"ca","@id":"https:\/\/www.fiarebancaetica.coop\/ca\/#\/schema\/person\/image\/5f3a6b7786f32f4c35bd2b1a5a4698ea","url":"https:\/\/secure.gravatar.com\/avatar\/4d2cfb499d497b6d49da659fab7404b243a87fe8e40d2cf97a1cae48f677f5b2?s=96&d=mm&r=g","contentUrl":"https:\/\/secure.gravatar.com\/avatar\/4d2cfb499d497b6d49da659fab7404b243a87fe8e40d2cf97a1cae48f677f5b2?s=96&d=mm&r=g","caption":"crispyadmin0"},"sameAs":["crispyadmin0"]}]}},"_links":{"self":[{"href":"https:\/\/www.fiarebancaetica.coop\/ca\/wp-json\/wp\/v2\/posts\/344750","targetHints":{"allow":["GET"]}}],"collection":[{"href":"https:\/\/www.fiarebancaetica.coop\/ca\/wp-json\/wp\/v2\/posts"}],"about":[{"href":"https:\/\/www.fiarebancaetica.coop\/ca\/wp-json\/wp\/v2\/types\/post"}],"author":[{"embeddable":true,"href":"https:\/\/www.fiarebancaetica.coop\/ca\/wp-json\/wp\/v2\/users\/2"}],"replies":[{"embeddable":true,"href":"https:\/\/www.fiarebancaetica.coop\/ca\/wp-json\/wp\/v2\/comments?post=344750"}],"version-history":[{"count":1,"href":"https:\/\/www.fiarebancaetica.coop\/ca\/wp-json\/wp\/v2\/posts\/344750\/revisions"}],"predecessor-version":[{"id":354248,"href":"https:\/\/www.fiarebancaetica.coop\/ca\/wp-json\/wp\/v2\/posts\/344750\/revisions\/354248"}],"wp:featuredmedia":[{"embeddable":true,"href":"https:\/\/www.fiarebancaetica.coop\/ca\/wp-json\/wp\/v2\/media\/328690"}],"wp:attachment":[{"href":"https:\/\/www.fiarebancaetica.coop\/ca\/wp-json\/wp\/v2\/media?parent=344750"}],"wp:term":[{"taxonomy":"category","embeddable":true,"href":"https:\/\/www.fiarebancaetica.coop\/ca\/wp-json\/wp\/v2\/categories?post=344750"},{"taxonomy":"post_tag","embeddable":true,"href":"https:\/\/www.fiarebancaetica.coop\/ca\/wp-json\/wp\/v2\/tags?post=344750"},{"taxonomy":"author","embeddable":true,"href":"https:\/\/www.fiarebancaetica.coop\/ca\/wp-json\/wp\/v2\/coauthors?post=344750"}],"curies":[{"name":"wp","href":"https:\/\/api.w.org\/{rel}","templated":true}]}}