{"id":345061,"date":"2018-09-18T00:00:00","date_gmt":"2018-09-17T22:00:00","guid":{"rendered":"https:\/\/www.fiarebancaetica.coop\/la-veu-de-les-entitats-la-voz-de-las-entidades-federacio-de-cooperatives-de-treball\/"},"modified":"2024-02-21T15:41:37","modified_gmt":"2024-02-21T14:41:37","slug":"la-veu-de-les-entitats-la-voz-de-las-entidades-federacio-de-cooperatives-de-treball","status":"publish","type":"post","link":"https:\/\/www.fiarebancaetica.coop\/ca\/la-veu-de-les-entitats-la-voz-de-las-entidades-federacio-de-cooperatives-de-treball\/","title":{"rendered":"La veu de les entitats \/ La voz de las entidades &#8211; Federaci\u00f3 de Cooperatives de Treball"},"content":{"rendered":"\n\n<div class=\"wp-block-bancaetica-blocks-blocks-block-49\">\n    <div class=\"container-block-49\">\n\n        <div class=\"header-section \">\n                            <h1 class=\"section-title\"> Etica e cooperativa <\/h1>\n                                            <\/div>\n\n        \n        <div class=\"block-background\" style=\"background-image: url('https:\/\/www.fiarebancaetica.coop\/app\/uploads\/sites\/2\/2023\/12\/voz-de-las-entidades-federacio-de-cooperatives-de-treball.jpg')\">\n                            <div class=\"tile\">\n                    <h1 class=\"image-title\"> La veu de les entitats \/ La voz de las entidades &#8211; Federaci\u00f3 de Cooperatives de Treball <\/h1>\n                <\/div>             <!-- end .tile -->\n            <div class=\"bottom-content\">\n                            <\/div> <!-- end .button-content -->\n        <\/div> <!-- end .block-background -->\n    <\/div> <!-- end .container -->\n<\/div> <!-- end wp-block-bancaetica-blocks-blocks-block-06 -->\n\n\n<div class=\"wrapper-crispybacon-class wrapper-crispybacon-class-boxed \">\n    <h4>\n\t&nbsp;<\/h4>\n<p><a href=\"#cast\">Leer en castellano<\/a><\/p>\n<h4>\n\t<em><strong>ENTREVISTA A L\u2019OLGA RUIZ DE LA FEDERACI\u00d3 DE COOPERATIVES DE TREBALL<\/strong><\/em><\/h4>\n<h2>\n\tQu\u00e8 busqueu en un banc en el moment de triar qui porta la vostra operativitat quotidiana?<\/h2>\n<p>Per a la Federaci\u00f3 de Cooperatives de Treball de Catalunya \u00e9s molt important comptar amb la m\u00e0xima agilitat en la tramitaci\u00f3 i per descomptat un tracte proper i hum\u00e0, que sigui personalitzat. Aix\u00f2 \u00e9s exactament el que trobem sempre a Fiare Banca \u00c8tica.<\/p>\n<h2>\n\tQuins serveis esteu utilitzant amb Fiare Banca Etica?<\/h2>\n<p>Utilitzem pr\u00e0cticament tots els serveis de Fiare Banca \u00c8tica i podem dir que tota la nostra operativa financera la fem amb ells. Utilitzem de forma constant serveis com l\u2019enviament d&#8217;arxius de transfer\u00e8ncies, de n\u00f2mines, de cobraments massius i tamb\u00e9 de domiciliacions de cobraments amb les administracions p\u00fabliques.<\/p>\n<h2>\n\tCom valoreu la relaci\u00f3?<\/h2>\n<p>De forma molt positiva. La Federaci\u00f3 de Cooperatives de Treball de Catalunya \u00e9s s\u00f2cia de Fiare Banca \u00c8tica entre d\u2019altres raons perqu\u00e8 valorem el fet de poder participar en un projecte de democr\u00e0cia econ\u00f2mica. Com a usuaris, a m\u00e9s, la relaci\u00f3 entre Fiare Banca \u00c8tica i la Federaci\u00f3 de Cooperatives de Treball de Catalunya \u00e9s molt propera i la veritat \u00e9s que totes les q\u00fcestions es resolen sempre r\u00e0pidament per part de les persones que ens atenen, que ens acompanyen i ens donen suport quan el necessitem.<\/p>\n<h2>\n\tPer qu\u00e8 feu aquesta aposta?<\/h2>\n<p>Per a la Federaci\u00f3 de Cooperatives de Treball de Catalunya \u00e9s essencial contribuir a una eina de transformaci\u00f3 social a trav\u00e9s del finan\u00e7ament com ho \u00e9s Fiare Banca \u00c8tica. Tenim una cultura compartida pel que fa als valors com la transpar\u00e8ncia, la participaci\u00f3 i la democr\u00e0cia i tamb\u00e9 la consci\u00e8ncia que tota decisi\u00f3 econ\u00f2mica \u00e9s una decisi\u00f3 \u00e8tica. Donant suport a Fiare contribu\u00efm a la seva independ\u00e8ncia de grans grups economicofinancers i fomentem el desenvolupament d\u2019un projecte de finances \u00e8tiques.<\/p>\n<p><br \/>\n\t<strong><a href=\"https:\/\/www.cooperativestreball.coop\/\">www.cooperativestreball.coop<\/a><\/strong><\/p>\n<h4>\n\t_________________________________<br \/>\n\t<br \/>\n\t&nbsp;<\/h4>\n<h4>\n\t&nbsp;<\/h4>\n<h4>\n\t<br \/>\n\t<br \/>\n\t<em><strong>ENTREVISTA A OLGA RUIZ DE LA FEDERACI\u00d3N DE COOPERATIVAS DE TRABAJO<\/strong><\/em><br \/>\n\t&nbsp;<\/h4>\n<h2>\n\t<a id=\"cast\" name=\"cast\"><\/a>\u00bfQu\u00e9 busc\u00e1is en un banco en el momento de elegir qui\u00e9n lleva vuestra operatividad cotidiana?<\/h2>\n<p>Para la Federaci\u00f3n de Cooperativas de Trabajo de Catalu\u00f1a es muy importante contar con la m\u00e1xima agilidad en la tramitaci\u00f3n y por supuesto un trato cercano y humano, que sea personalizado. Esto es exactamente el que encontramos siempre a Fiare Banca Etica.<\/p>\n<h2>\n\t\u00bfQu\u00e9 servicios est\u00e1is utilizando con Fiare Banca Etica?<\/h2>\n<p>Utilizamos pr\u00e1cticamente todos los servicios de Fiare Banca Etica y podemos decir que toda nuestra operativa financiera la hacemos con ellos. Utilizamos de forma constante servicios como el env\u00edo de archivos de transferencias, de n\u00f3minas, de cobros masivos y tambi\u00e9n de domiciliaciones de cobros con las administraciones p\u00fablicas.<\/p>\n<h2>\n\t\u00bfC\u00f3mo valor\u00e1is la relaci\u00f3n?<\/h2>\n<p>De forma muy positiva. La Federaci\u00f3n de Cooperativas de Trabajo de Catalu\u00f1a es socia de Fiare Banca Etica entre otros razones porque valoramos el hecho de poder participar en un proyecto de democracia econ\u00f3mica. Como usuarios, adem\u00e1s, la relaci\u00f3n entre Fiare Banca Etica y la Federaci\u00f3n de Cooperativas de Trabajo de Catalu\u00f1a es muy cercana y todas las cuestiones se resuelven siempre r\u00e1pidamente por parte de las personas que nos atienden, que nos acompa\u00f1an y nos apoyan cuando lo necesitamos.<\/p>\n<h2>\n\t\u00bfPor qu\u00e9 hac\u00e9is esta apuesta?<\/h2>\n<p>Para la Federaci\u00f3n de Cooperativas de Trabajo de Catalu\u00f1a es esencial contribuir a una herramienta de transformaci\u00f3n social a trav\u00e9s de la financiaci\u00f3n como lo es Fiare Banca Etica. Tenemos una cultura compartida en cuanto a los valores como la transparencia, la participaci\u00f3n y la democracia y tambi\u00e9n la conciencia que toda decisi\u00f3n econ\u00f3mica es una decisi\u00f3n \u00e9tica. Apoyando a Fiare contribuimos a su independencia de grandes grupos econ\u00f3mico-financieros y fomentamos el desarrollo de un proyecto de finanzas \u00e9ticas.<\/p>\n<p><a href=\"http:\/\/www.cooperativestreball.coop\"><strong>www.cooperativestreball.coop<\/strong><\/a><\/p>\n<\/div>","protected":false},"excerpt":{"rendered":"<p>Entrevista a l&#8217;Olga Ruiz de la Federaci\u00f3 de cooperatives de treball<\/p>\n","protected":false},"author":2,"featured_media":328352,"comment_status":"open","ping_status":"closed","sticky":false,"template":"","format":"standard","meta":{"_acf_changed":false,"footnotes":""},"categories":[11643],"tags":[],"coauthors":[],"class_list":["post-345061","post","type-post","status-publish","format-standard","has-post-thumbnail","hentry","category-finances-etiques"],"acf":[],"yoast_head":"<!-- This site is optimized with the Yoast SEO plugin v26.9 - https:\/\/yoast.com\/product\/yoast-seo-wordpress\/ -->\n<title>La veu de les entitats \/ La voz de las entidades - Federaci\u00f3 de Cooperatives de Treball - Fiare Banca Etica<\/title>\n<meta name=\"robots\" content=\"index, follow, max-snippet:-1, max-image-preview:large, max-video-preview:-1\" \/>\n<link rel=\"canonical\" href=\"https:\/\/www.fiarebancaetica.coop\/ca\/la-veu-de-les-entitats-la-voz-de-las-entidades-federacio-de-cooperatives-de-treball\/\" \/>\n<meta property=\"og:locale\" content=\"ca_ES\" \/>\n<meta property=\"og:type\" content=\"article\" \/>\n<meta property=\"og:title\" content=\"La veu de les entitats \/ La voz de las entidades - Federaci\u00f3 de Cooperatives de Treball - Fiare Banca Etica\" \/>\n<meta property=\"og:description\" content=\"Entrevista a l&#039;Olga Ruiz de la Federaci\u00f3 de cooperatives de treball\" \/>\n<meta property=\"og:url\" content=\"https:\/\/www.fiarebancaetica.coop\/ca\/la-veu-de-les-entitats-la-voz-de-las-entidades-federacio-de-cooperatives-de-treball\/\" \/>\n<meta property=\"og:site_name\" content=\"Fiare Banca Etica\" \/>\n<meta property=\"article:published_time\" content=\"2018-09-17T22:00:00+00:00\" \/>\n<meta property=\"article:modified_time\" content=\"2024-02-21T14:41:37+00:00\" \/>\n<meta property=\"og:image\" content=\"https:\/\/www.fiarebancaetica.coop\/app\/uploads\/sites\/2\/2023\/12\/voz-de-las-entidades-federacio-de-cooperatives-de-treball.jpg\" \/>\n\t<meta property=\"og:image:width\" content=\"591\" \/>\n\t<meta property=\"og:image:height\" content=\"299\" \/>\n\t<meta property=\"og:image:type\" content=\"image\/jpeg\" \/>\n<meta name=\"author\" content=\"crispyadmin0\" \/>\n<meta name=\"twitter:card\" content=\"summary_large_image\" \/>\n<script type=\"application\/ld+json\" class=\"yoast-schema-graph\">{\"@context\":\"https:\/\/schema.org\",\"@graph\":[{\"@type\":\"Article\",\"@id\":\"https:\/\/www.fiarebancaetica.coop\/ca\/la-veu-de-les-entitats-la-voz-de-las-entidades-federacio-de-cooperatives-de-treball\/#article\",\"isPartOf\":{\"@id\":\"https:\/\/www.fiarebancaetica.coop\/ca\/la-veu-de-les-entitats-la-voz-de-las-entidades-federacio-de-cooperatives-de-treball\/\"},\"author\":{\"name\":\"crispyadmin0\",\"@id\":\"https:\/\/www.fiarebancaetica.coop\/ca\/#\/schema\/person\/579841e89c804b5db05d9141bd9b8272\"},\"headline\":\"La veu de les entitats \/ La voz de las entidades &#8211; Federaci\u00f3 de Cooperatives de Treball\",\"datePublished\":\"2018-09-17T22:00:00+00:00\",\"dateModified\":\"2024-02-21T14:41:37+00:00\",\"mainEntityOfPage\":{\"@id\":\"https:\/\/www.fiarebancaetica.coop\/ca\/la-veu-de-les-entitats-la-voz-de-las-entidades-federacio-de-cooperatives-de-treball\/\"},\"wordCount\":683,\"commentCount\":0,\"image\":{\"@id\":\"https:\/\/www.fiarebancaetica.coop\/ca\/la-veu-de-les-entitats-la-voz-de-las-entidades-federacio-de-cooperatives-de-treball\/#primaryimage\"},\"thumbnailUrl\":\"https:\/\/www.fiarebancaetica.coop\/app\/uploads\/sites\/2\/2023\/12\/voz-de-las-entidades-federacio-de-cooperatives-de-treball.jpg\",\"articleSection\":[\"Finances \u00e8tiques\"],\"inLanguage\":\"ca\",\"potentialAction\":[{\"@type\":\"CommentAction\",\"name\":\"Comment\",\"target\":[\"https:\/\/www.fiarebancaetica.coop\/ca\/la-veu-de-les-entitats-la-voz-de-las-entidades-federacio-de-cooperatives-de-treball\/#respond\"]}]},{\"@type\":\"WebPage\",\"@id\":\"https:\/\/www.fiarebancaetica.coop\/ca\/la-veu-de-les-entitats-la-voz-de-las-entidades-federacio-de-cooperatives-de-treball\/\",\"url\":\"https:\/\/www.fiarebancaetica.coop\/ca\/la-veu-de-les-entitats-la-voz-de-las-entidades-federacio-de-cooperatives-de-treball\/\",\"name\":\"La veu de les entitats \/ La voz de las entidades - Federaci\u00f3 de Cooperatives de Treball - Fiare Banca Etica\",\"isPartOf\":{\"@id\":\"https:\/\/www.fiarebancaetica.coop\/ca\/#website\"},\"primaryImageOfPage\":{\"@id\":\"https:\/\/www.fiarebancaetica.coop\/ca\/la-veu-de-les-entitats-la-voz-de-las-entidades-federacio-de-cooperatives-de-treball\/#primaryimage\"},\"image\":{\"@id\":\"https:\/\/www.fiarebancaetica.coop\/ca\/la-veu-de-les-entitats-la-voz-de-las-entidades-federacio-de-cooperatives-de-treball\/#primaryimage\"},\"thumbnailUrl\":\"https:\/\/www.fiarebancaetica.coop\/app\/uploads\/sites\/2\/2023\/12\/voz-de-las-entidades-federacio-de-cooperatives-de-treball.jpg\",\"datePublished\":\"2018-09-17T22:00:00+00:00\",\"dateModified\":\"2024-02-21T14:41:37+00:00\",\"author\":{\"@id\":\"https:\/\/www.fiarebancaetica.coop\/ca\/#\/schema\/person\/579841e89c804b5db05d9141bd9b8272\"},\"breadcrumb\":{\"@id\":\"https:\/\/www.fiarebancaetica.coop\/ca\/la-veu-de-les-entitats-la-voz-de-las-entidades-federacio-de-cooperatives-de-treball\/#breadcrumb\"},\"inLanguage\":\"ca\",\"potentialAction\":[{\"@type\":\"ReadAction\",\"target\":[\"https:\/\/www.fiarebancaetica.coop\/ca\/la-veu-de-les-entitats-la-voz-de-las-entidades-federacio-de-cooperatives-de-treball\/\"]}]},{\"@type\":\"ImageObject\",\"inLanguage\":\"ca\",\"@id\":\"https:\/\/www.fiarebancaetica.coop\/ca\/la-veu-de-les-entitats-la-voz-de-las-entidades-federacio-de-cooperatives-de-treball\/#primaryimage\",\"url\":\"https:\/\/www.fiarebancaetica.coop\/app\/uploads\/sites\/2\/2023\/12\/voz-de-las-entidades-federacio-de-cooperatives-de-treball.jpg\",\"contentUrl\":\"https:\/\/www.fiarebancaetica.coop\/app\/uploads\/sites\/2\/2023\/12\/voz-de-las-entidades-federacio-de-cooperatives-de-treball.jpg\",\"width\":591,\"height\":299},{\"@type\":\"BreadcrumbList\",\"@id\":\"https:\/\/www.fiarebancaetica.coop\/ca\/la-veu-de-les-entitats-la-voz-de-las-entidades-federacio-de-cooperatives-de-treball\/#breadcrumb\",\"itemListElement\":[{\"@type\":\"ListItem\",\"position\":1,\"name\":\"Home\",\"item\":\"https:\/\/www.fiarebancaetica.coop\/ca\/\"},{\"@type\":\"ListItem\",\"position\":2,\"name\":\"La veu de les entitats \/ La voz de las entidades &#8211; Federaci\u00f3 de Cooperatives de Treball\"}]},{\"@type\":\"WebSite\",\"@id\":\"https:\/\/www.fiarebancaetica.coop\/ca\/#website\",\"url\":\"https:\/\/www.fiarebancaetica.coop\/ca\/\",\"name\":\"Fiare Banca Etica\",\"description\":\"\",\"potentialAction\":[{\"@type\":\"SearchAction\",\"target\":{\"@type\":\"EntryPoint\",\"urlTemplate\":\"https:\/\/www.fiarebancaetica.coop\/ca\/?s={search_term_string}\"},\"query-input\":{\"@type\":\"PropertyValueSpecification\",\"valueRequired\":true,\"valueName\":\"search_term_string\"}}],\"inLanguage\":\"ca\"},{\"@type\":\"Person\",\"@id\":\"https:\/\/www.fiarebancaetica.coop\/ca\/#\/schema\/person\/579841e89c804b5db05d9141bd9b8272\",\"name\":\"crispyadmin0\",\"image\":{\"@type\":\"ImageObject\",\"inLanguage\":\"ca\",\"@id\":\"https:\/\/www.fiarebancaetica.coop\/ca\/#\/schema\/person\/image\/5f3a6b7786f32f4c35bd2b1a5a4698ea\",\"url\":\"https:\/\/secure.gravatar.com\/avatar\/4d2cfb499d497b6d49da659fab7404b243a87fe8e40d2cf97a1cae48f677f5b2?s=96&d=mm&r=g\",\"contentUrl\":\"https:\/\/secure.gravatar.com\/avatar\/4d2cfb499d497b6d49da659fab7404b243a87fe8e40d2cf97a1cae48f677f5b2?s=96&d=mm&r=g\",\"caption\":\"crispyadmin0\"},\"sameAs\":[\"crispyadmin0\"]}]}<\/script>\n<!-- \/ Yoast SEO plugin. -->","yoast_head_json":{"title":"La veu de les entitats \/ La voz de las entidades - Federaci\u00f3 de Cooperatives de Treball - Fiare Banca Etica","robots":{"index":"index","follow":"follow","max-snippet":"max-snippet:-1","max-image-preview":"max-image-preview:large","max-video-preview":"max-video-preview:-1"},"canonical":"https:\/\/www.fiarebancaetica.coop\/ca\/la-veu-de-les-entitats-la-voz-de-las-entidades-federacio-de-cooperatives-de-treball\/","og_locale":"ca_ES","og_type":"article","og_title":"La veu de les entitats \/ La voz de las entidades - Federaci\u00f3 de Cooperatives de Treball - Fiare Banca Etica","og_description":"Entrevista a l'Olga Ruiz de la Federaci\u00f3 de cooperatives de treball","og_url":"https:\/\/www.fiarebancaetica.coop\/ca\/la-veu-de-les-entitats-la-voz-de-las-entidades-federacio-de-cooperatives-de-treball\/","og_site_name":"Fiare Banca Etica","article_published_time":"2018-09-17T22:00:00+00:00","article_modified_time":"2024-02-21T14:41:37+00:00","og_image":[{"width":591,"height":299,"url":"https:\/\/www.fiarebancaetica.coop\/app\/uploads\/sites\/2\/2023\/12\/voz-de-las-entidades-federacio-de-cooperatives-de-treball.jpg","type":"image\/jpeg"}],"author":"crispyadmin0","twitter_card":"summary_large_image","schema":{"@context":"https:\/\/schema.org","@graph":[{"@type":"Article","@id":"https:\/\/www.fiarebancaetica.coop\/ca\/la-veu-de-les-entitats-la-voz-de-las-entidades-federacio-de-cooperatives-de-treball\/#article","isPartOf":{"@id":"https:\/\/www.fiarebancaetica.coop\/ca\/la-veu-de-les-entitats-la-voz-de-las-entidades-federacio-de-cooperatives-de-treball\/"},"author":{"name":"crispyadmin0","@id":"https:\/\/www.fiarebancaetica.coop\/ca\/#\/schema\/person\/579841e89c804b5db05d9141bd9b8272"},"headline":"La veu de les entitats \/ La voz de las entidades &#8211; Federaci\u00f3 de Cooperatives de Treball","datePublished":"2018-09-17T22:00:00+00:00","dateModified":"2024-02-21T14:41:37+00:00","mainEntityOfPage":{"@id":"https:\/\/www.fiarebancaetica.coop\/ca\/la-veu-de-les-entitats-la-voz-de-las-entidades-federacio-de-cooperatives-de-treball\/"},"wordCount":683,"commentCount":0,"image":{"@id":"https:\/\/www.fiarebancaetica.coop\/ca\/la-veu-de-les-entitats-la-voz-de-las-entidades-federacio-de-cooperatives-de-treball\/#primaryimage"},"thumbnailUrl":"https:\/\/www.fiarebancaetica.coop\/app\/uploads\/sites\/2\/2023\/12\/voz-de-las-entidades-federacio-de-cooperatives-de-treball.jpg","articleSection":["Finances \u00e8tiques"],"inLanguage":"ca","potentialAction":[{"@type":"CommentAction","name":"Comment","target":["https:\/\/www.fiarebancaetica.coop\/ca\/la-veu-de-les-entitats-la-voz-de-las-entidades-federacio-de-cooperatives-de-treball\/#respond"]}]},{"@type":"WebPage","@id":"https:\/\/www.fiarebancaetica.coop\/ca\/la-veu-de-les-entitats-la-voz-de-las-entidades-federacio-de-cooperatives-de-treball\/","url":"https:\/\/www.fiarebancaetica.coop\/ca\/la-veu-de-les-entitats-la-voz-de-las-entidades-federacio-de-cooperatives-de-treball\/","name":"La veu de les entitats \/ La voz de las entidades - Federaci\u00f3 de Cooperatives de Treball - Fiare Banca Etica","isPartOf":{"@id":"https:\/\/www.fiarebancaetica.coop\/ca\/#website"},"primaryImageOfPage":{"@id":"https:\/\/www.fiarebancaetica.coop\/ca\/la-veu-de-les-entitats-la-voz-de-las-entidades-federacio-de-cooperatives-de-treball\/#primaryimage"},"image":{"@id":"https:\/\/www.fiarebancaetica.coop\/ca\/la-veu-de-les-entitats-la-voz-de-las-entidades-federacio-de-cooperatives-de-treball\/#primaryimage"},"thumbnailUrl":"https:\/\/www.fiarebancaetica.coop\/app\/uploads\/sites\/2\/2023\/12\/voz-de-las-entidades-federacio-de-cooperatives-de-treball.jpg","datePublished":"2018-09-17T22:00:00+00:00","dateModified":"2024-02-21T14:41:37+00:00","author":{"@id":"https:\/\/www.fiarebancaetica.coop\/ca\/#\/schema\/person\/579841e89c804b5db05d9141bd9b8272"},"breadcrumb":{"@id":"https:\/\/www.fiarebancaetica.coop\/ca\/la-veu-de-les-entitats-la-voz-de-las-entidades-federacio-de-cooperatives-de-treball\/#breadcrumb"},"inLanguage":"ca","potentialAction":[{"@type":"ReadAction","target":["https:\/\/www.fiarebancaetica.coop\/ca\/la-veu-de-les-entitats-la-voz-de-las-entidades-federacio-de-cooperatives-de-treball\/"]}]},{"@type":"ImageObject","inLanguage":"ca","@id":"https:\/\/www.fiarebancaetica.coop\/ca\/la-veu-de-les-entitats-la-voz-de-las-entidades-federacio-de-cooperatives-de-treball\/#primaryimage","url":"https:\/\/www.fiarebancaetica.coop\/app\/uploads\/sites\/2\/2023\/12\/voz-de-las-entidades-federacio-de-cooperatives-de-treball.jpg","contentUrl":"https:\/\/www.fiarebancaetica.coop\/app\/uploads\/sites\/2\/2023\/12\/voz-de-las-entidades-federacio-de-cooperatives-de-treball.jpg","width":591,"height":299},{"@type":"BreadcrumbList","@id":"https:\/\/www.fiarebancaetica.coop\/ca\/la-veu-de-les-entitats-la-voz-de-las-entidades-federacio-de-cooperatives-de-treball\/#breadcrumb","itemListElement":[{"@type":"ListItem","position":1,"name":"Home","item":"https:\/\/www.fiarebancaetica.coop\/ca\/"},{"@type":"ListItem","position":2,"name":"La veu de les entitats \/ La voz de las entidades &#8211; Federaci\u00f3 de Cooperatives de Treball"}]},{"@type":"WebSite","@id":"https:\/\/www.fiarebancaetica.coop\/ca\/#website","url":"https:\/\/www.fiarebancaetica.coop\/ca\/","name":"Fiare Banca Etica","description":"","potentialAction":[{"@type":"SearchAction","target":{"@type":"EntryPoint","urlTemplate":"https:\/\/www.fiarebancaetica.coop\/ca\/?s={search_term_string}"},"query-input":{"@type":"PropertyValueSpecification","valueRequired":true,"valueName":"search_term_string"}}],"inLanguage":"ca"},{"@type":"Person","@id":"https:\/\/www.fiarebancaetica.coop\/ca\/#\/schema\/person\/579841e89c804b5db05d9141bd9b8272","name":"crispyadmin0","image":{"@type":"ImageObject","inLanguage":"ca","@id":"https:\/\/www.fiarebancaetica.coop\/ca\/#\/schema\/person\/image\/5f3a6b7786f32f4c35bd2b1a5a4698ea","url":"https:\/\/secure.gravatar.com\/avatar\/4d2cfb499d497b6d49da659fab7404b243a87fe8e40d2cf97a1cae48f677f5b2?s=96&d=mm&r=g","contentUrl":"https:\/\/secure.gravatar.com\/avatar\/4d2cfb499d497b6d49da659fab7404b243a87fe8e40d2cf97a1cae48f677f5b2?s=96&d=mm&r=g","caption":"crispyadmin0"},"sameAs":["crispyadmin0"]}]}},"_links":{"self":[{"href":"https:\/\/www.fiarebancaetica.coop\/ca\/wp-json\/wp\/v2\/posts\/345061","targetHints":{"allow":["GET"]}}],"collection":[{"href":"https:\/\/www.fiarebancaetica.coop\/ca\/wp-json\/wp\/v2\/posts"}],"about":[{"href":"https:\/\/www.fiarebancaetica.coop\/ca\/wp-json\/wp\/v2\/types\/post"}],"author":[{"embeddable":true,"href":"https:\/\/www.fiarebancaetica.coop\/ca\/wp-json\/wp\/v2\/users\/2"}],"replies":[{"embeddable":true,"href":"https:\/\/www.fiarebancaetica.coop\/ca\/wp-json\/wp\/v2\/comments?post=345061"}],"version-history":[{"count":2,"href":"https:\/\/www.fiarebancaetica.coop\/ca\/wp-json\/wp\/v2\/posts\/345061\/revisions"}],"predecessor-version":[{"id":354019,"href":"https:\/\/www.fiarebancaetica.coop\/ca\/wp-json\/wp\/v2\/posts\/345061\/revisions\/354019"}],"wp:featuredmedia":[{"embeddable":true,"href":"https:\/\/www.fiarebancaetica.coop\/ca\/wp-json\/wp\/v2\/media\/328352"}],"wp:attachment":[{"href":"https:\/\/www.fiarebancaetica.coop\/ca\/wp-json\/wp\/v2\/media?parent=345061"}],"wp:term":[{"taxonomy":"category","embeddable":true,"href":"https:\/\/www.fiarebancaetica.coop\/ca\/wp-json\/wp\/v2\/categories?post=345061"},{"taxonomy":"post_tag","embeddable":true,"href":"https:\/\/www.fiarebancaetica.coop\/ca\/wp-json\/wp\/v2\/tags?post=345061"},{"taxonomy":"author","embeddable":true,"href":"https:\/\/www.fiarebancaetica.coop\/ca\/wp-json\/wp\/v2\/coauthors?post=345061"}],"curies":[{"name":"wp","href":"https:\/\/api.w.org\/{rel}","templated":true}]}}