{"id":345114,"date":"2018-07-13T00:00:00","date_gmt":"2018-07-12T22:00:00","guid":{"rendered":"https:\/\/www.fiarebancaetica.coop\/cambiar-las-finanzas-para-financiar-el-cambio\/"},"modified":"2024-02-21T15:42:39","modified_gmt":"2024-02-21T14:42:39","slug":"cambiar-las-finanzas-para-financiar-el-cambio","status":"publish","type":"post","link":"https:\/\/www.fiarebancaetica.coop\/ca\/cambiar-las-finanzas-para-financiar-el-cambio\/","title":{"rendered":"Cambiar las finanzas para financiar el cambio"},"content":{"rendered":"\n\n<div class=\"wp-block-bancaetica-blocks-blocks-block-49\">\n    <div class=\"container-block-49\">\n\n        <div class=\"header-section \">\n                            <h1 class=\"section-title\"> Etica e cooperativa <\/h1>\n                                            <\/div>\n\n        \n        <div class=\"block-background\" style=\"background-image: url('https:\/\/www.fiarebancaetica.coop\/app\/uploads\/sites\/2\/2023\/12\/cambiar-las-finanzas-para-financiar-el-cambio.jpg')\">\n                            <div class=\"tile\">\n                    <h1 class=\"image-title\"> Cambiar las finanzas para financiar el cambio <\/h1>\n                <\/div>             <!-- end .tile -->\n            <div class=\"bottom-content\">\n                            <\/div> <!-- end .button-content -->\n        <\/div> <!-- end .block-background -->\n    <\/div> <!-- end .container -->\n<\/div> <!-- end wp-block-bancaetica-blocks-blocks-block-06 -->\n\n\n<div class=\"wrapper-crispybacon-class wrapper-crispybacon-class-boxed \">\n    <p><br \/>\n\t<strong>&#8220;Cambiar las finanzas para financiar el cambio&#8221;.<\/strong> Con el este eslogan empezaba la <a href=\"https:\/\/www.social-banking.org\/education\/upcoming\/\">Escuela de Verano del Institute for Social Banking<\/a> en Barcelona.<br \/>\n\tFundaci\u00f3n Fiare y <a href=\"http:\/\/www.febea.org\/\">FEBEA <\/a>presentaron ayer en Barcelona, durante la 11\u00aa edici\u00f3n de la Summer School del Institute for Social Banking, un taller sobre c\u00f3mo emergen los bancos \u00e9ticos y su desempe\u00f1o social y econ\u00f3mico.<br \/>\n\t<br \/>\n\tEn el taller, <strong>Peru Sasia como presidente de FEBEA<\/strong> (Federaci\u00f3n Europea de Bancas \u00c9ticas y Alternativas), <strong>present\u00f3 los pilares sobre los que se sostienen este modelo de bancos.<\/strong> En opini\u00f3n de Peru Sasia, \u201cla legitimidad de estos proyectos es esencial y se construye sobre la base de la participaci\u00f3n ciudadana y la implicaci\u00f3n de las redes de la sociedad civil m\u00e1s comprometida en la transformaci\u00f3n econ\u00f3mica. Adem\u00e1s es fundamental mantener viva la motivaci\u00f3n de todos los grupos de inter\u00e9s y la capacidad de tejer trabajo en red con otras organizaciones y sectores&#8221;.<br \/>\n\t<br \/>\n\tEn el taller se constat\u00f3 por otra parte las enormes dificultades que tienen los nuevos proyectos que se est\u00e1n construyendo en Europa para conseguir licencia bancaria. Por eso, se subray\u00f3 la necesidad de incrementar los esfuerzos en tareas de relaci\u00f3n e incidencia con los reguladores y la importancia de destacar el mejor desempe\u00f1o social y econ\u00f3mico que los bancos \u00e9ticos han demostrado en los \u00faltimos diez a\u00f1os en un contexto de crisis social, econ\u00f3mica y financiera.<br \/>\n\t<br \/>\n\tEn este sentido, Jordi Ib\u00e1\u00f1ez, director de la Fundaci\u00f3n, present\u00f3 un avance de los principales resultados del <strong>estudio realizado junto con la Fundaci\u00f3n Finanza Etica italiana <a href=\"https:\/\/www.fiarebancaetica.coop\/blog\/las-finanzas-eticas-constituyen-el-5-del-pib-europeo\">\u201cInforme sobre las finanzas \u00e9ticas en Europa<\/a>\u201d.<\/strong> Un estudio que se presentar\u00e1 en Valladolid y en Barcelona el pr\u00f3ximo Oto\u00f1o.&nbsp;<br \/>\n\t<br \/>\n\tEl estudio revela que los bancos \u00e9ticos europeos est\u00e1n realizando de forma mucho m\u00e1s eficaz su tarea social de intermediaci\u00f3n financiera: as\u00ed un 80% de sus recursos disponibles se dedican al pr\u00e9stamo mientras que la banca sist\u00e9mica dedica mayoritariamente sus recursos a la especulaci\u00f3n, derivando de ellos, tan solo, un 38% al pr\u00e9stamo a econom\u00eda real. Tambi\u00e9n los \u00edndices de solvencia y la baja morosidad revelan la gran fortaleza y estabilidad econ\u00f3mica del sector a pesar de su menor tama\u00f1o en relaci\u00f3n con la banca tradicional.<br \/>\n\t<br \/>\n\t<strong>La Summer School del Institute for Social Banking,<\/strong> que ha sido realizada con el apoyo del Ayuntamiento de Barcelona y Triodos Bank, ha acogido durante esta semana a <strong>80 personas relacionadas con las finanzas \u00e9ticas<\/strong> provenientes mayoritariamente de Europa (entre ellas 4 personas del grupo Banca Etica) aunque tambi\u00e9n de otros continentes. La presente edici\u00f3n se ha centrado en el tema \u201ccambiar las finanzas para financiar el cambio: la banca social como camino a seguir\u201d, y ha recogido aportaciones tanto del mundo acad\u00e9mico como de otros expertos y&nbsp; profesionales del sector.<br \/>\n\t<br \/>\n\t<strong>La Fundaci\u00f3n Fiare present\u00f3,<\/strong> tambi\u00e9n, en la sesi\u00f3n inaugural una <strong>ponencia sobre la situaci\u00f3n de las Finanzas \u00e9ticas en Espa\u00f1a <\/strong>y acogi\u00f3 a un grupo de trabajo en la sede de las oficinas de la Fundaci\u00f3n y del banco para explicar el proyecto conjunto del Grupo Banca Etica a los participantes.<\/p>\n<\/div>","protected":false},"excerpt":{"rendered":"<p>&#8220;Cambiar las finanzas para financiar el cambio&#8221;. Con el este eslogan empezaba la Escuela de Verano del Institute for Social Banking en Barcelona.<br \/>\n\tFundaci\u00f3n Fiare y FEBEA presentaron ayer en Barcelona, durante la 11\u00aa edici\u00f3n de la Summer School del Institute for Social Banking, un taller sobre c\u00f3mo emergen los bancos \u00e9ticos y su desempe\u00f1o social y econ\u00f3mico.<\/p>\n","protected":false},"author":2,"featured_media":326147,"comment_status":"open","ping_status":"closed","sticky":false,"template":"","format":"standard","meta":{"_acf_changed":false,"footnotes":""},"categories":[11643],"tags":[],"coauthors":[],"class_list":["post-345114","post","type-post","status-publish","format-standard","has-post-thumbnail","hentry","category-finances-etiques"],"acf":[],"yoast_head":"<!-- This site is optimized with the Yoast SEO plugin v26.9 - https:\/\/yoast.com\/product\/yoast-seo-wordpress\/ -->\n<title>Cambiar las finanzas para financiar el cambio - Fiare Banca Etica<\/title>\n<meta name=\"robots\" content=\"index, follow, max-snippet:-1, max-image-preview:large, max-video-preview:-1\" \/>\n<link rel=\"canonical\" href=\"https:\/\/www.fiarebancaetica.coop\/ca\/cambiar-las-finanzas-para-financiar-el-cambio\/\" \/>\n<meta property=\"og:locale\" content=\"ca_ES\" \/>\n<meta property=\"og:type\" content=\"article\" \/>\n<meta property=\"og:title\" content=\"Cambiar las finanzas para financiar el cambio - Fiare Banca Etica\" \/>\n<meta property=\"og:description\" content=\"&quot;Cambiar las finanzas para financiar el cambio&quot;. Con el este eslogan empezaba la Escuela de Verano del Institute for Social Banking en Barcelona. Fundaci\u00f3n Fiare y FEBEA presentaron ayer en Barcelona, durante la 11\u00aa edici\u00f3n de la Summer School del Institute for Social Banking, un taller sobre c\u00f3mo emergen los bancos \u00e9ticos y su desempe\u00f1o social y econ\u00f3mico.\" \/>\n<meta property=\"og:url\" content=\"https:\/\/www.fiarebancaetica.coop\/ca\/cambiar-las-finanzas-para-financiar-el-cambio\/\" \/>\n<meta property=\"og:site_name\" content=\"Fiare Banca Etica\" \/>\n<meta property=\"article:published_time\" content=\"2018-07-12T22:00:00+00:00\" \/>\n<meta property=\"article:modified_time\" content=\"2024-02-21T14:42:39+00:00\" \/>\n<meta property=\"og:image\" content=\"https:\/\/www.fiarebancaetica.coop\/app\/uploads\/sites\/2\/2023\/12\/cambiar-las-finanzas-para-financiar-el-cambio.jpg\" \/>\n\t<meta property=\"og:image:width\" content=\"591\" \/>\n\t<meta property=\"og:image:height\" content=\"299\" \/>\n\t<meta property=\"og:image:type\" content=\"image\/jpeg\" \/>\n<meta name=\"author\" content=\"crispyadmin0\" \/>\n<meta name=\"twitter:card\" content=\"summary_large_image\" \/>\n<script type=\"application\/ld+json\" class=\"yoast-schema-graph\">{\"@context\":\"https:\/\/schema.org\",\"@graph\":[{\"@type\":\"Article\",\"@id\":\"https:\/\/www.fiarebancaetica.coop\/ca\/cambiar-las-finanzas-para-financiar-el-cambio\/#article\",\"isPartOf\":{\"@id\":\"https:\/\/www.fiarebancaetica.coop\/ca\/cambiar-las-finanzas-para-financiar-el-cambio\/\"},\"author\":{\"name\":\"crispyadmin0\",\"@id\":\"https:\/\/www.fiarebancaetica.coop\/ca\/#\/schema\/person\/579841e89c804b5db05d9141bd9b8272\"},\"headline\":\"Cambiar las finanzas para financiar el cambio\",\"datePublished\":\"2018-07-12T22:00:00+00:00\",\"dateModified\":\"2024-02-21T14:42:39+00:00\",\"mainEntityOfPage\":{\"@id\":\"https:\/\/www.fiarebancaetica.coop\/ca\/cambiar-las-finanzas-para-financiar-el-cambio\/\"},\"wordCount\":551,\"commentCount\":0,\"image\":{\"@id\":\"https:\/\/www.fiarebancaetica.coop\/ca\/cambiar-las-finanzas-para-financiar-el-cambio\/#primaryimage\"},\"thumbnailUrl\":\"https:\/\/www.fiarebancaetica.coop\/app\/uploads\/sites\/2\/2023\/12\/cambiar-las-finanzas-para-financiar-el-cambio.jpg\",\"articleSection\":[\"Finances \u00e8tiques\"],\"inLanguage\":\"ca\",\"potentialAction\":[{\"@type\":\"CommentAction\",\"name\":\"Comment\",\"target\":[\"https:\/\/www.fiarebancaetica.coop\/ca\/cambiar-las-finanzas-para-financiar-el-cambio\/#respond\"]}]},{\"@type\":\"WebPage\",\"@id\":\"https:\/\/www.fiarebancaetica.coop\/ca\/cambiar-las-finanzas-para-financiar-el-cambio\/\",\"url\":\"https:\/\/www.fiarebancaetica.coop\/ca\/cambiar-las-finanzas-para-financiar-el-cambio\/\",\"name\":\"Cambiar las finanzas para financiar el cambio - Fiare Banca Etica\",\"isPartOf\":{\"@id\":\"https:\/\/www.fiarebancaetica.coop\/ca\/#website\"},\"primaryImageOfPage\":{\"@id\":\"https:\/\/www.fiarebancaetica.coop\/ca\/cambiar-las-finanzas-para-financiar-el-cambio\/#primaryimage\"},\"image\":{\"@id\":\"https:\/\/www.fiarebancaetica.coop\/ca\/cambiar-las-finanzas-para-financiar-el-cambio\/#primaryimage\"},\"thumbnailUrl\":\"https:\/\/www.fiarebancaetica.coop\/app\/uploads\/sites\/2\/2023\/12\/cambiar-las-finanzas-para-financiar-el-cambio.jpg\",\"datePublished\":\"2018-07-12T22:00:00+00:00\",\"dateModified\":\"2024-02-21T14:42:39+00:00\",\"author\":{\"@id\":\"https:\/\/www.fiarebancaetica.coop\/ca\/#\/schema\/person\/579841e89c804b5db05d9141bd9b8272\"},\"breadcrumb\":{\"@id\":\"https:\/\/www.fiarebancaetica.coop\/ca\/cambiar-las-finanzas-para-financiar-el-cambio\/#breadcrumb\"},\"inLanguage\":\"ca\",\"potentialAction\":[{\"@type\":\"ReadAction\",\"target\":[\"https:\/\/www.fiarebancaetica.coop\/ca\/cambiar-las-finanzas-para-financiar-el-cambio\/\"]}]},{\"@type\":\"ImageObject\",\"inLanguage\":\"ca\",\"@id\":\"https:\/\/www.fiarebancaetica.coop\/ca\/cambiar-las-finanzas-para-financiar-el-cambio\/#primaryimage\",\"url\":\"https:\/\/www.fiarebancaetica.coop\/app\/uploads\/sites\/2\/2023\/12\/cambiar-las-finanzas-para-financiar-el-cambio.jpg\",\"contentUrl\":\"https:\/\/www.fiarebancaetica.coop\/app\/uploads\/sites\/2\/2023\/12\/cambiar-las-finanzas-para-financiar-el-cambio.jpg\",\"width\":591,\"height\":299},{\"@type\":\"BreadcrumbList\",\"@id\":\"https:\/\/www.fiarebancaetica.coop\/ca\/cambiar-las-finanzas-para-financiar-el-cambio\/#breadcrumb\",\"itemListElement\":[{\"@type\":\"ListItem\",\"position\":1,\"name\":\"Home\",\"item\":\"https:\/\/www.fiarebancaetica.coop\/ca\/\"},{\"@type\":\"ListItem\",\"position\":2,\"name\":\"Cambiar las finanzas para financiar el cambio\"}]},{\"@type\":\"WebSite\",\"@id\":\"https:\/\/www.fiarebancaetica.coop\/ca\/#website\",\"url\":\"https:\/\/www.fiarebancaetica.coop\/ca\/\",\"name\":\"Fiare Banca Etica\",\"description\":\"\",\"potentialAction\":[{\"@type\":\"SearchAction\",\"target\":{\"@type\":\"EntryPoint\",\"urlTemplate\":\"https:\/\/www.fiarebancaetica.coop\/ca\/?s={search_term_string}\"},\"query-input\":{\"@type\":\"PropertyValueSpecification\",\"valueRequired\":true,\"valueName\":\"search_term_string\"}}],\"inLanguage\":\"ca\"},{\"@type\":\"Person\",\"@id\":\"https:\/\/www.fiarebancaetica.coop\/ca\/#\/schema\/person\/579841e89c804b5db05d9141bd9b8272\",\"name\":\"crispyadmin0\",\"image\":{\"@type\":\"ImageObject\",\"inLanguage\":\"ca\",\"@id\":\"https:\/\/www.fiarebancaetica.coop\/ca\/#\/schema\/person\/image\/5f3a6b7786f32f4c35bd2b1a5a4698ea\",\"url\":\"https:\/\/secure.gravatar.com\/avatar\/4d2cfb499d497b6d49da659fab7404b243a87fe8e40d2cf97a1cae48f677f5b2?s=96&d=mm&r=g\",\"contentUrl\":\"https:\/\/secure.gravatar.com\/avatar\/4d2cfb499d497b6d49da659fab7404b243a87fe8e40d2cf97a1cae48f677f5b2?s=96&d=mm&r=g\",\"caption\":\"crispyadmin0\"},\"sameAs\":[\"crispyadmin0\"]}]}<\/script>\n<!-- \/ Yoast SEO plugin. -->","yoast_head_json":{"title":"Cambiar las finanzas para financiar el cambio - Fiare Banca Etica","robots":{"index":"index","follow":"follow","max-snippet":"max-snippet:-1","max-image-preview":"max-image-preview:large","max-video-preview":"max-video-preview:-1"},"canonical":"https:\/\/www.fiarebancaetica.coop\/ca\/cambiar-las-finanzas-para-financiar-el-cambio\/","og_locale":"ca_ES","og_type":"article","og_title":"Cambiar las finanzas para financiar el cambio - Fiare Banca Etica","og_description":"\"Cambiar las finanzas para financiar el cambio\". Con el este eslogan empezaba la Escuela de Verano del Institute for Social Banking en Barcelona. Fundaci\u00f3n Fiare y FEBEA presentaron ayer en Barcelona, durante la 11\u00aa edici\u00f3n de la Summer School del Institute for Social Banking, un taller sobre c\u00f3mo emergen los bancos \u00e9ticos y su desempe\u00f1o social y econ\u00f3mico.","og_url":"https:\/\/www.fiarebancaetica.coop\/ca\/cambiar-las-finanzas-para-financiar-el-cambio\/","og_site_name":"Fiare Banca Etica","article_published_time":"2018-07-12T22:00:00+00:00","article_modified_time":"2024-02-21T14:42:39+00:00","og_image":[{"width":591,"height":299,"url":"https:\/\/www.fiarebancaetica.coop\/app\/uploads\/sites\/2\/2023\/12\/cambiar-las-finanzas-para-financiar-el-cambio.jpg","type":"image\/jpeg"}],"author":"crispyadmin0","twitter_card":"summary_large_image","schema":{"@context":"https:\/\/schema.org","@graph":[{"@type":"Article","@id":"https:\/\/www.fiarebancaetica.coop\/ca\/cambiar-las-finanzas-para-financiar-el-cambio\/#article","isPartOf":{"@id":"https:\/\/www.fiarebancaetica.coop\/ca\/cambiar-las-finanzas-para-financiar-el-cambio\/"},"author":{"name":"crispyadmin0","@id":"https:\/\/www.fiarebancaetica.coop\/ca\/#\/schema\/person\/579841e89c804b5db05d9141bd9b8272"},"headline":"Cambiar las finanzas para financiar el cambio","datePublished":"2018-07-12T22:00:00+00:00","dateModified":"2024-02-21T14:42:39+00:00","mainEntityOfPage":{"@id":"https:\/\/www.fiarebancaetica.coop\/ca\/cambiar-las-finanzas-para-financiar-el-cambio\/"},"wordCount":551,"commentCount":0,"image":{"@id":"https:\/\/www.fiarebancaetica.coop\/ca\/cambiar-las-finanzas-para-financiar-el-cambio\/#primaryimage"},"thumbnailUrl":"https:\/\/www.fiarebancaetica.coop\/app\/uploads\/sites\/2\/2023\/12\/cambiar-las-finanzas-para-financiar-el-cambio.jpg","articleSection":["Finances \u00e8tiques"],"inLanguage":"ca","potentialAction":[{"@type":"CommentAction","name":"Comment","target":["https:\/\/www.fiarebancaetica.coop\/ca\/cambiar-las-finanzas-para-financiar-el-cambio\/#respond"]}]},{"@type":"WebPage","@id":"https:\/\/www.fiarebancaetica.coop\/ca\/cambiar-las-finanzas-para-financiar-el-cambio\/","url":"https:\/\/www.fiarebancaetica.coop\/ca\/cambiar-las-finanzas-para-financiar-el-cambio\/","name":"Cambiar las finanzas para financiar el cambio - Fiare Banca Etica","isPartOf":{"@id":"https:\/\/www.fiarebancaetica.coop\/ca\/#website"},"primaryImageOfPage":{"@id":"https:\/\/www.fiarebancaetica.coop\/ca\/cambiar-las-finanzas-para-financiar-el-cambio\/#primaryimage"},"image":{"@id":"https:\/\/www.fiarebancaetica.coop\/ca\/cambiar-las-finanzas-para-financiar-el-cambio\/#primaryimage"},"thumbnailUrl":"https:\/\/www.fiarebancaetica.coop\/app\/uploads\/sites\/2\/2023\/12\/cambiar-las-finanzas-para-financiar-el-cambio.jpg","datePublished":"2018-07-12T22:00:00+00:00","dateModified":"2024-02-21T14:42:39+00:00","author":{"@id":"https:\/\/www.fiarebancaetica.coop\/ca\/#\/schema\/person\/579841e89c804b5db05d9141bd9b8272"},"breadcrumb":{"@id":"https:\/\/www.fiarebancaetica.coop\/ca\/cambiar-las-finanzas-para-financiar-el-cambio\/#breadcrumb"},"inLanguage":"ca","potentialAction":[{"@type":"ReadAction","target":["https:\/\/www.fiarebancaetica.coop\/ca\/cambiar-las-finanzas-para-financiar-el-cambio\/"]}]},{"@type":"ImageObject","inLanguage":"ca","@id":"https:\/\/www.fiarebancaetica.coop\/ca\/cambiar-las-finanzas-para-financiar-el-cambio\/#primaryimage","url":"https:\/\/www.fiarebancaetica.coop\/app\/uploads\/sites\/2\/2023\/12\/cambiar-las-finanzas-para-financiar-el-cambio.jpg","contentUrl":"https:\/\/www.fiarebancaetica.coop\/app\/uploads\/sites\/2\/2023\/12\/cambiar-las-finanzas-para-financiar-el-cambio.jpg","width":591,"height":299},{"@type":"BreadcrumbList","@id":"https:\/\/www.fiarebancaetica.coop\/ca\/cambiar-las-finanzas-para-financiar-el-cambio\/#breadcrumb","itemListElement":[{"@type":"ListItem","position":1,"name":"Home","item":"https:\/\/www.fiarebancaetica.coop\/ca\/"},{"@type":"ListItem","position":2,"name":"Cambiar las finanzas para financiar el cambio"}]},{"@type":"WebSite","@id":"https:\/\/www.fiarebancaetica.coop\/ca\/#website","url":"https:\/\/www.fiarebancaetica.coop\/ca\/","name":"Fiare Banca Etica","description":"","potentialAction":[{"@type":"SearchAction","target":{"@type":"EntryPoint","urlTemplate":"https:\/\/www.fiarebancaetica.coop\/ca\/?s={search_term_string}"},"query-input":{"@type":"PropertyValueSpecification","valueRequired":true,"valueName":"search_term_string"}}],"inLanguage":"ca"},{"@type":"Person","@id":"https:\/\/www.fiarebancaetica.coop\/ca\/#\/schema\/person\/579841e89c804b5db05d9141bd9b8272","name":"crispyadmin0","image":{"@type":"ImageObject","inLanguage":"ca","@id":"https:\/\/www.fiarebancaetica.coop\/ca\/#\/schema\/person\/image\/5f3a6b7786f32f4c35bd2b1a5a4698ea","url":"https:\/\/secure.gravatar.com\/avatar\/4d2cfb499d497b6d49da659fab7404b243a87fe8e40d2cf97a1cae48f677f5b2?s=96&d=mm&r=g","contentUrl":"https:\/\/secure.gravatar.com\/avatar\/4d2cfb499d497b6d49da659fab7404b243a87fe8e40d2cf97a1cae48f677f5b2?s=96&d=mm&r=g","caption":"crispyadmin0"},"sameAs":["crispyadmin0"]}]}},"_links":{"self":[{"href":"https:\/\/www.fiarebancaetica.coop\/ca\/wp-json\/wp\/v2\/posts\/345114","targetHints":{"allow":["GET"]}}],"collection":[{"href":"https:\/\/www.fiarebancaetica.coop\/ca\/wp-json\/wp\/v2\/posts"}],"about":[{"href":"https:\/\/www.fiarebancaetica.coop\/ca\/wp-json\/wp\/v2\/types\/post"}],"author":[{"embeddable":true,"href":"https:\/\/www.fiarebancaetica.coop\/ca\/wp-json\/wp\/v2\/users\/2"}],"replies":[{"embeddable":true,"href":"https:\/\/www.fiarebancaetica.coop\/ca\/wp-json\/wp\/v2\/comments?post=345114"}],"version-history":[{"count":2,"href":"https:\/\/www.fiarebancaetica.coop\/ca\/wp-json\/wp\/v2\/posts\/345114\/revisions"}],"predecessor-version":[{"id":353958,"href":"https:\/\/www.fiarebancaetica.coop\/ca\/wp-json\/wp\/v2\/posts\/345114\/revisions\/353958"}],"wp:featuredmedia":[{"embeddable":true,"href":"https:\/\/www.fiarebancaetica.coop\/ca\/wp-json\/wp\/v2\/media\/326147"}],"wp:attachment":[{"href":"https:\/\/www.fiarebancaetica.coop\/ca\/wp-json\/wp\/v2\/media?parent=345114"}],"wp:term":[{"taxonomy":"category","embeddable":true,"href":"https:\/\/www.fiarebancaetica.coop\/ca\/wp-json\/wp\/v2\/categories?post=345114"},{"taxonomy":"post_tag","embeddable":true,"href":"https:\/\/www.fiarebancaetica.coop\/ca\/wp-json\/wp\/v2\/tags?post=345114"},{"taxonomy":"author","embeddable":true,"href":"https:\/\/www.fiarebancaetica.coop\/ca\/wp-json\/wp\/v2\/coauthors?post=345114"}],"curies":[{"name":"wp","href":"https:\/\/api.w.org\/{rel}","templated":true}]}}