{"id":345337,"date":"2018-03-05T00:00:00","date_gmt":"2018-03-04T23:00:00","guid":{"rendered":"https:\/\/www.fiarebancaetica.coop\/de-la-denuncia-a-la-sororidad-8-de-marzo\/"},"modified":"2024-02-21T15:48:07","modified_gmt":"2024-02-21T14:48:07","slug":"de-la-denuncia-a-la-sororidad-8-de-marzo","status":"publish","type":"post","link":"https:\/\/www.fiarebancaetica.coop\/ca\/de-la-denuncia-a-la-sororidad-8-de-marzo\/","title":{"rendered":"DE LA DENUNCIA A LA SORORIDAD: 8 de marzo"},"content":{"rendered":"\n\n<div class=\"wp-block-bancaetica-blocks-blocks-block-49\">\n    <div class=\"container-block-49\">\n\n        <div class=\"header-section \">\n                            <h1 class=\"section-title\"> Etica e cooperativa <\/h1>\n                                            <\/div>\n\n        \n        <div class=\"block-background\" style=\"background-image: url('https:\/\/www.fiarebancaetica.coop\/app\/uploads\/sites\/2\/2023\/12\/de-denuncia-sororidad-8-de-marzo.jpg')\">\n                            <div class=\"tile\">\n                    <h1 class=\"image-title\"> DE LA DENUNCIA A LA SORORIDAD: 8 de marzo <\/h1>\n                <\/div>             <!-- end .tile -->\n            <div class=\"bottom-content\">\n                            <\/div> <!-- end .button-content -->\n        <\/div> <!-- end .block-background -->\n    <\/div> <!-- end .container -->\n<\/div> <!-- end wp-block-bancaetica-blocks-blocks-block-06 -->\n\n\n<div class=\"wrapper-crispybacon-class wrapper-crispybacon-class-boxed \">\n    <p>El 8 de marzo es el d\u00eda internacional de las mujeres, y es el d\u00eda en el cual Banca Etica decidi\u00f3 iniciar su operatividad como banco hace 19 a\u00f1os.<br \/>\n\t<br \/>\n\tEl 8 de marzo es un d\u00eda que nos plantea preguntas sobre las graves disparidades entre los g\u00e9neros en la sociedad en la que vivimos. Un conflicto que es cultural, social, de derechos y econ\u00f3mico.<br \/>\n\t<br \/>\n\tComo banco reconocemos la importancia de la igualdad, como muestra la composici\u00f3n de nuestro Consejo de Administraci\u00f3n o de nuestro Comit\u00e9 de \u00c9tica, pero sabemos, como el mismo Comit\u00e9 de \u00c9tica nos ha recordado en un informe del a\u00f1o pasado, que podemos hacer m\u00e1s. En nuestro <a href=\"https:\/\/balancesocial.fiarebancaetica.coop\/\">balance social <\/a>analizamos cada a\u00f1o nuestros resultados entorno a la igualdad de g\u00e9nero y encontramos luces y sombras. Luces en los organismos pol\u00edticos y representativos y sombras en la estructura operativa. Es algo de lo que somos conscientes y en lo que seguimos trabajando.<br \/>\n\t<br \/>\n\tQueremos aprovechar este d\u00eda para compartir unas reflexiones surgidas de <strong>Maria Victoria de Diego Rivas (Toyi), socia y coordinadora de la Mesa de las Socias de Referencia<\/strong>&nbsp;de Fiare Banca Etica, un espacio que re\u00fane a parte de la organizaciones fundadoras del \u00e1rea Fiare en todo el pa\u00eds.<\/p>\n<h3>\n\t\u00bfQu\u00e9 significado tiene la huelga convocada el d\u00eda internacional de las mujeres?<\/h3>\n<p><br \/>\n\tLa huelga que se plantea este 8 de marzo de 2018 responde por primera vez al movimiento feminista de base internacionalista.<br \/>\n\t<br \/>\n\tEl discurso con com\u00fan denominador en todo el planeta es \u201cBASTA YA de discriminaci\u00f3n en todos los \u00f3rdenes de la vida\u201d, el reclamo de la igualdad, donde la mujer por el s\u00f3lo hecho de serlo ya se encuentra en condici\u00f3n de desigualdad, afecta a todas las esferas de la vida, desde la consideraci\u00f3n laboral, social, pol\u00edtica y familiar.<br \/>\n\t<br \/>\n\tTodos los escenarios adolecen de su falta de igualdad, cuando no decir invisibilizaci\u00f3n y agresividad, hasta llegar incluso a atentar a las propias vidas de muchas mujeres y ni\u00f1as, no s\u00f3lo en actos de violencia sino tambi\u00e9n de asesinato.<\/p>\n<h3>\n\t\u00bfQu\u00e9 relaciones hay entre la econom\u00eda y la igualdad de g\u00e9nero?<\/h3>\n<p>El crecimiento de la econom\u00eda especulativa no s\u00f3lo no nos lleva al bienestar de las personas, sino que atenta manifiestamente contra el crecimiento y el sostenimiento de la propia vida. Econom\u00eda y finanzas son \u00e1mbitos culturalmente masculinos y como tales reflejan una l\u00f3gica agresiva y orientada al poder. Varios estudios demuestran como las empresas con m\u00e1s mujeres ponen m\u00e1s atenci\u00f3n a las consecuencias sociales y medioambientales de las actividades econ\u00f3micas.<br \/>\n\t<br \/>\n\tLas finanzas tradicionales que operan bajo la l\u00f3gica masculina est\u00e1n lejos de la econom\u00eda real y de la vida de las personas, sin embargo una visi\u00f3n feminista puede contribuir a acercarlas al conjunto de la poblaci\u00f3n.<br \/>\n\t<br \/>\n\tRepensar la filosof\u00eda y la econom\u00eda de los cuidados como seres ecodependientes e interdependientes que somos, como explica muy bien Yayo Herrero, importante feminista y antrop\u00f3loga, nos dar\u00e1n la dimensi\u00f3n humana de todo el espectro relacional de las personas, de las mujeres y de las ni\u00f1as.<br \/>\n\t<br \/>\n\tEl compromiso expresado en el objetivo n\u00ba 5 de Desarrollo Sostenible y para la prosperidad de las sociedades, se centra en conseguir <strong>LA IGUALDAD DE G\u00c9NERO<\/strong>, y pasa por dar fuerza a movimientos como los que tendr\u00e1n lugar el pr\u00f3ximo 8 de marzo a nivel internacional.<br \/>\n\t<br \/>\n\tNuestra civilizaci\u00f3n necesita ese salto cualitativo para estar en sinton\u00eda con la vida. Una econom\u00eda con perspectiva feminista, en fin, favorece el trabajo basado en la cooperaci\u00f3n, el respeto y la igualdad entre las personas.<\/p>\n<h3>\n\tEn este \u00faltimo a\u00f1o hemos visto, a nivel internacional, varias denuncias en varios niveles de la sociedad sobre la violencia que afecta las mujeres. \u00bfCrees que estas denuncias sean bastantes para producir un cambio?<\/h3>\n<p>Es preciso pasar de la denuncia que se viene haciendo en todas las esferas de la sociedad patriarcal y heterosexual, con diferentes formas de dominaci\u00f3n y exclusi\u00f3n frente a las mujeres y ni\u00f1as. Esta denuncia ya no es suficiente, hay que pasar de la denuncia a la SORORIDAD.<br \/>\n\t<br \/>\n\tLas mujeres tambi\u00e9n, hoy en d\u00eda, adultas, j\u00f3venes y ni\u00f1as son presa f\u00e1cil de las actitudes y estereotipos machistas, que se despliegan a trav\u00e9s de las nuevas tecnolog\u00edas. Ya no basta con denunciar, hay que ser FEMINISTA para no sucumbir ante las continuas trampas del sistema patriarcal, tramposamente disfrazado de modernidad y progreso.<br \/>\n\t<br \/>\n\tLa transmisi\u00f3n de experiencias y actitudes de mujeres que nos han precedido y de las que actualmente se insertan en el espacio tiempo de este siglo XXI, es parte de SER de la forma colectiva femenina, y de ESTAR en el mundo tejiendo redes de mujeres sabias.<br \/>\n\tEl mundo debe conocer el valor de la SORORIDAD como enfoque cultural de g\u00e9nero.<\/p>\n<h3>\n\t\u00bfDe d\u00f3nde viene y qu\u00e9 perspectiva tiene el t\u00e9rmino sororidad?<\/h3>\n<p><strong>La sororidad es una alianza feminista entre las mujeres para cambiar la vida y el mundo en sentido justo y libertario.<\/strong> As\u00cd lo expresa Marcela Legarde en su \u201cDiccionario Feminista\u201d. Marcela Legarde es antrop\u00f3loga y pol\u00edtica mejicana.<br \/>\n\t<br \/>\n\tEn lat\u00edn soror-sororis, hermana, en franc\u00e9s sororite, en italiano sororita, y en ingl\u00e9s sisterhood, se relacionan con las formas de affidamento del colectivo de la librer\u00eda de mujeres de Mil\u00e1n, al propiciar la confianza el reconocimiento rec\u00edproco de la autoridad y el apoyo entre mujeres.<br \/>\n\t<br \/>\n\tSigue diciendo Marcela: \u201cla SORORIDAD es una dimensi\u00f3n \u00e9tica pol\u00edtica y pr\u00e1ctica del feminismo contempor\u00e1neo. Es una experiencia de mujeres que conduce a la b\u00fasqueda de relaciones positivas y a la alianza existencial y pol\u00edtica cuerpo a cuerpo, subjetividad a subjetividad para contribuir con acciones espec\u00edficas a la eliminaci\u00f3n de todas las formas de opresi\u00f3n social y al apoyo mutuo para lograr el poder\u00edo gen\u00e9rico de todas y al empoderamiento vital de cada mujer.\u201d<br \/>\n\t<br \/>\n\tPor eso el valor intr\u00ednseco de estar presente este 8 de marzo, en este movimiento que afecta a toda la civilizaci\u00f3n al hacernos conscientes de los desaf\u00edos, propuestas y alianzas para buscar relaciones nuevas, para con las personas, y para con el planeta.<br \/>\n\t<br \/>\n\tSumar y crear v\u00ednculos. Asumir que cada una es un eslab\u00f3n en el encuentro con muchas otras y as\u00ed de manera sin fin. La sororidad es un pacto pol\u00edtico entre iguales.<br \/>\n\t<br \/>\n\tBASTA YA de tanto expolio relacional, f\u00edsico y emocional, en la educaci\u00f3n, en el trabajo, en el sistema econ\u00f3mico y pol\u00edtico. Hay que poner LA VIDA en el centro de las relaciones y manifestaciones, culturales, econ\u00f3micas y pol\u00edticas.<br \/>\n\t<br \/>\n\tNosotras las mujeres dentro del compromiso con las <strong>FINANZAS \u00c9TICAS<\/strong>, nos sumamos a este compromiso y pacto por la igualdad, y la justicia social.<\/p>\n<\/div>","protected":false},"excerpt":{"rendered":"<p>\n\tEl 8 de marzo es el d\u00eda internacional de las mujeres, y es el d\u00eda en el cual Banca Etica decidi\u00f3 iniciar su operatividad como banco hace 19 a\u00f1os.<\/p>\n<p>\tEl 8 de marzo es un d\u00eda que nos plantea preguntas profundas sobre las graves disparidades entre los g\u00e9neros en la sociedad en la que vivimos. Un conflicto que es cultural, social, de derechos y econ\u00f3mico.<\/p>\n<p>\tComo banco reconocemos la importancia de la igualdad, como muestra la composici\u00f3n de nuestro Consejo de Administraci\u00f3n o de nuestro Comit\u00e9 de \u00c9tica, pero sabemos, como el mismo Comit\u00e9 de \u00c9tica nos ha recordado en un informe del a\u00f1o pasado, que podemos hacer m\u00e1s. En nuestro<a href=\"https:\/\/balancesocial.fiarebancaetica.coop\/\"> balance social <\/a>analizamos cada a\u00f1o nuestros resultados entorno a la igualdad de g\u00e9nero y encontramos luces y sombras. Luces en los organismos pol\u00edticos y representativos y sombras en la estructura operativa. Es algo de lo que somos conscientes y en lo que seguimos trabajando.<\/p>\n","protected":false},"author":2,"featured_media":325980,"comment_status":"open","ping_status":"closed","sticky":false,"template":"","format":"standard","meta":{"_acf_changed":false,"footnotes":""},"categories":[11643],"tags":[],"coauthors":[],"class_list":["post-345337","post","type-post","status-publish","format-standard","has-post-thumbnail","hentry","category-finances-etiques"],"acf":[],"yoast_head":"<!-- This site is optimized with the Yoast SEO plugin v26.9 - https:\/\/yoast.com\/product\/yoast-seo-wordpress\/ -->\n<title>DE LA DENUNCIA A LA SORORIDAD: 8 de marzo - Fiare Banca Etica<\/title>\n<meta name=\"robots\" content=\"index, follow, max-snippet:-1, max-image-preview:large, max-video-preview:-1\" \/>\n<link rel=\"canonical\" href=\"https:\/\/www.fiarebancaetica.coop\/ca\/de-la-denuncia-a-la-sororidad-8-de-marzo\/\" \/>\n<meta property=\"og:locale\" content=\"ca_ES\" \/>\n<meta property=\"og:type\" content=\"article\" \/>\n<meta property=\"og:title\" content=\"DE LA DENUNCIA A LA SORORIDAD: 8 de marzo - Fiare Banca Etica\" \/>\n<meta property=\"og:description\" content=\"El 8 de marzo es el d\u00eda internacional de las mujeres, y es el d\u00eda en el cual Banca Etica decidi\u00f3 iniciar su operatividad como banco hace 19 a\u00f1os.  El 8 de marzo es un d\u00eda que nos plantea preguntas profundas sobre las graves disparidades entre los g\u00e9neros en la sociedad en la que vivimos. Un conflicto que es cultural, social, de derechos y econ\u00f3mico.  Como banco reconocemos la importancia de la igualdad, como muestra la composici\u00f3n de nuestro Consejo de Administraci\u00f3n o de nuestro Comit\u00e9 de \u00c9tica, pero sabemos, como el mismo Comit\u00e9 de \u00c9tica nos ha recordado en un informe del a\u00f1o pasado, que podemos hacer m\u00e1s. En nuestro balance social analizamos cada a\u00f1o nuestros resultados entorno a la igualdad de g\u00e9nero y encontramos luces y sombras. Luces en los organismos pol\u00edticos y representativos y sombras en la estructura operativa. Es algo de lo que somos conscientes y en lo que seguimos trabajando.\" \/>\n<meta property=\"og:url\" content=\"https:\/\/www.fiarebancaetica.coop\/ca\/de-la-denuncia-a-la-sororidad-8-de-marzo\/\" \/>\n<meta property=\"og:site_name\" content=\"Fiare Banca Etica\" \/>\n<meta property=\"article:published_time\" content=\"2018-03-04T23:00:00+00:00\" \/>\n<meta property=\"article:modified_time\" content=\"2024-02-21T14:48:07+00:00\" \/>\n<meta property=\"og:image\" content=\"https:\/\/www.fiarebancaetica.coop\/app\/uploads\/sites\/2\/2023\/12\/de-denuncia-sororidad-8-de-marzo.jpg\" \/>\n\t<meta property=\"og:image:width\" content=\"1200\" \/>\n\t<meta property=\"og:image:height\" content=\"800\" \/>\n\t<meta property=\"og:image:type\" content=\"image\/jpeg\" \/>\n<meta name=\"author\" content=\"crispyadmin0\" \/>\n<meta name=\"twitter:card\" content=\"summary_large_image\" \/>\n<script type=\"application\/ld+json\" class=\"yoast-schema-graph\">{\"@context\":\"https:\/\/schema.org\",\"@graph\":[{\"@type\":\"Article\",\"@id\":\"https:\/\/www.fiarebancaetica.coop\/ca\/de-la-denuncia-a-la-sororidad-8-de-marzo\/#article\",\"isPartOf\":{\"@id\":\"https:\/\/www.fiarebancaetica.coop\/ca\/de-la-denuncia-a-la-sororidad-8-de-marzo\/\"},\"author\":{\"name\":\"crispyadmin0\",\"@id\":\"https:\/\/www.fiarebancaetica.coop\/ca\/#\/schema\/person\/579841e89c804b5db05d9141bd9b8272\"},\"headline\":\"DE LA DENUNCIA A LA SORORIDAD: 8 de marzo\",\"datePublished\":\"2018-03-04T23:00:00+00:00\",\"dateModified\":\"2024-02-21T14:48:07+00:00\",\"mainEntityOfPage\":{\"@id\":\"https:\/\/www.fiarebancaetica.coop\/ca\/de-la-denuncia-a-la-sororidad-8-de-marzo\/\"},\"wordCount\":1176,\"commentCount\":0,\"image\":{\"@id\":\"https:\/\/www.fiarebancaetica.coop\/ca\/de-la-denuncia-a-la-sororidad-8-de-marzo\/#primaryimage\"},\"thumbnailUrl\":\"https:\/\/www.fiarebancaetica.coop\/app\/uploads\/sites\/2\/2023\/12\/de-denuncia-sororidad-8-de-marzo.jpg\",\"articleSection\":[\"Finances \u00e8tiques\"],\"inLanguage\":\"ca\",\"potentialAction\":[{\"@type\":\"CommentAction\",\"name\":\"Comment\",\"target\":[\"https:\/\/www.fiarebancaetica.coop\/ca\/de-la-denuncia-a-la-sororidad-8-de-marzo\/#respond\"]}]},{\"@type\":\"WebPage\",\"@id\":\"https:\/\/www.fiarebancaetica.coop\/ca\/de-la-denuncia-a-la-sororidad-8-de-marzo\/\",\"url\":\"https:\/\/www.fiarebancaetica.coop\/ca\/de-la-denuncia-a-la-sororidad-8-de-marzo\/\",\"name\":\"DE LA DENUNCIA A LA SORORIDAD: 8 de marzo - Fiare Banca Etica\",\"isPartOf\":{\"@id\":\"https:\/\/www.fiarebancaetica.coop\/ca\/#website\"},\"primaryImageOfPage\":{\"@id\":\"https:\/\/www.fiarebancaetica.coop\/ca\/de-la-denuncia-a-la-sororidad-8-de-marzo\/#primaryimage\"},\"image\":{\"@id\":\"https:\/\/www.fiarebancaetica.coop\/ca\/de-la-denuncia-a-la-sororidad-8-de-marzo\/#primaryimage\"},\"thumbnailUrl\":\"https:\/\/www.fiarebancaetica.coop\/app\/uploads\/sites\/2\/2023\/12\/de-denuncia-sororidad-8-de-marzo.jpg\",\"datePublished\":\"2018-03-04T23:00:00+00:00\",\"dateModified\":\"2024-02-21T14:48:07+00:00\",\"author\":{\"@id\":\"https:\/\/www.fiarebancaetica.coop\/ca\/#\/schema\/person\/579841e89c804b5db05d9141bd9b8272\"},\"breadcrumb\":{\"@id\":\"https:\/\/www.fiarebancaetica.coop\/ca\/de-la-denuncia-a-la-sororidad-8-de-marzo\/#breadcrumb\"},\"inLanguage\":\"ca\",\"potentialAction\":[{\"@type\":\"ReadAction\",\"target\":[\"https:\/\/www.fiarebancaetica.coop\/ca\/de-la-denuncia-a-la-sororidad-8-de-marzo\/\"]}]},{\"@type\":\"ImageObject\",\"inLanguage\":\"ca\",\"@id\":\"https:\/\/www.fiarebancaetica.coop\/ca\/de-la-denuncia-a-la-sororidad-8-de-marzo\/#primaryimage\",\"url\":\"https:\/\/www.fiarebancaetica.coop\/app\/uploads\/sites\/2\/2023\/12\/de-denuncia-sororidad-8-de-marzo.jpg\",\"contentUrl\":\"https:\/\/www.fiarebancaetica.coop\/app\/uploads\/sites\/2\/2023\/12\/de-denuncia-sororidad-8-de-marzo.jpg\",\"width\":1200,\"height\":800},{\"@type\":\"BreadcrumbList\",\"@id\":\"https:\/\/www.fiarebancaetica.coop\/ca\/de-la-denuncia-a-la-sororidad-8-de-marzo\/#breadcrumb\",\"itemListElement\":[{\"@type\":\"ListItem\",\"position\":1,\"name\":\"Home\",\"item\":\"https:\/\/www.fiarebancaetica.coop\/ca\/\"},{\"@type\":\"ListItem\",\"position\":2,\"name\":\"DE LA DENUNCIA A LA SORORIDAD: 8 de marzo\"}]},{\"@type\":\"WebSite\",\"@id\":\"https:\/\/www.fiarebancaetica.coop\/ca\/#website\",\"url\":\"https:\/\/www.fiarebancaetica.coop\/ca\/\",\"name\":\"Fiare Banca Etica\",\"description\":\"\",\"potentialAction\":[{\"@type\":\"SearchAction\",\"target\":{\"@type\":\"EntryPoint\",\"urlTemplate\":\"https:\/\/www.fiarebancaetica.coop\/ca\/?s={search_term_string}\"},\"query-input\":{\"@type\":\"PropertyValueSpecification\",\"valueRequired\":true,\"valueName\":\"search_term_string\"}}],\"inLanguage\":\"ca\"},{\"@type\":\"Person\",\"@id\":\"https:\/\/www.fiarebancaetica.coop\/ca\/#\/schema\/person\/579841e89c804b5db05d9141bd9b8272\",\"name\":\"crispyadmin0\",\"image\":{\"@type\":\"ImageObject\",\"inLanguage\":\"ca\",\"@id\":\"https:\/\/www.fiarebancaetica.coop\/ca\/#\/schema\/person\/image\/5f3a6b7786f32f4c35bd2b1a5a4698ea\",\"url\":\"https:\/\/secure.gravatar.com\/avatar\/4d2cfb499d497b6d49da659fab7404b243a87fe8e40d2cf97a1cae48f677f5b2?s=96&d=mm&r=g\",\"contentUrl\":\"https:\/\/secure.gravatar.com\/avatar\/4d2cfb499d497b6d49da659fab7404b243a87fe8e40d2cf97a1cae48f677f5b2?s=96&d=mm&r=g\",\"caption\":\"crispyadmin0\"},\"sameAs\":[\"crispyadmin0\"]}]}<\/script>\n<!-- \/ Yoast SEO plugin. -->","yoast_head_json":{"title":"DE LA DENUNCIA A LA SORORIDAD: 8 de marzo - Fiare Banca Etica","robots":{"index":"index","follow":"follow","max-snippet":"max-snippet:-1","max-image-preview":"max-image-preview:large","max-video-preview":"max-video-preview:-1"},"canonical":"https:\/\/www.fiarebancaetica.coop\/ca\/de-la-denuncia-a-la-sororidad-8-de-marzo\/","og_locale":"ca_ES","og_type":"article","og_title":"DE LA DENUNCIA A LA SORORIDAD: 8 de marzo - Fiare Banca Etica","og_description":"El 8 de marzo es el d\u00eda internacional de las mujeres, y es el d\u00eda en el cual Banca Etica decidi\u00f3 iniciar su operatividad como banco hace 19 a\u00f1os.  El 8 de marzo es un d\u00eda que nos plantea preguntas profundas sobre las graves disparidades entre los g\u00e9neros en la sociedad en la que vivimos. Un conflicto que es cultural, social, de derechos y econ\u00f3mico.  Como banco reconocemos la importancia de la igualdad, como muestra la composici\u00f3n de nuestro Consejo de Administraci\u00f3n o de nuestro Comit\u00e9 de \u00c9tica, pero sabemos, como el mismo Comit\u00e9 de \u00c9tica nos ha recordado en un informe del a\u00f1o pasado, que podemos hacer m\u00e1s. En nuestro balance social analizamos cada a\u00f1o nuestros resultados entorno a la igualdad de g\u00e9nero y encontramos luces y sombras. Luces en los organismos pol\u00edticos y representativos y sombras en la estructura operativa. Es algo de lo que somos conscientes y en lo que seguimos trabajando.","og_url":"https:\/\/www.fiarebancaetica.coop\/ca\/de-la-denuncia-a-la-sororidad-8-de-marzo\/","og_site_name":"Fiare Banca Etica","article_published_time":"2018-03-04T23:00:00+00:00","article_modified_time":"2024-02-21T14:48:07+00:00","og_image":[{"width":1200,"height":800,"url":"https:\/\/www.fiarebancaetica.coop\/app\/uploads\/sites\/2\/2023\/12\/de-denuncia-sororidad-8-de-marzo.jpg","type":"image\/jpeg"}],"author":"crispyadmin0","twitter_card":"summary_large_image","schema":{"@context":"https:\/\/schema.org","@graph":[{"@type":"Article","@id":"https:\/\/www.fiarebancaetica.coop\/ca\/de-la-denuncia-a-la-sororidad-8-de-marzo\/#article","isPartOf":{"@id":"https:\/\/www.fiarebancaetica.coop\/ca\/de-la-denuncia-a-la-sororidad-8-de-marzo\/"},"author":{"name":"crispyadmin0","@id":"https:\/\/www.fiarebancaetica.coop\/ca\/#\/schema\/person\/579841e89c804b5db05d9141bd9b8272"},"headline":"DE LA DENUNCIA A LA SORORIDAD: 8 de marzo","datePublished":"2018-03-04T23:00:00+00:00","dateModified":"2024-02-21T14:48:07+00:00","mainEntityOfPage":{"@id":"https:\/\/www.fiarebancaetica.coop\/ca\/de-la-denuncia-a-la-sororidad-8-de-marzo\/"},"wordCount":1176,"commentCount":0,"image":{"@id":"https:\/\/www.fiarebancaetica.coop\/ca\/de-la-denuncia-a-la-sororidad-8-de-marzo\/#primaryimage"},"thumbnailUrl":"https:\/\/www.fiarebancaetica.coop\/app\/uploads\/sites\/2\/2023\/12\/de-denuncia-sororidad-8-de-marzo.jpg","articleSection":["Finances \u00e8tiques"],"inLanguage":"ca","potentialAction":[{"@type":"CommentAction","name":"Comment","target":["https:\/\/www.fiarebancaetica.coop\/ca\/de-la-denuncia-a-la-sororidad-8-de-marzo\/#respond"]}]},{"@type":"WebPage","@id":"https:\/\/www.fiarebancaetica.coop\/ca\/de-la-denuncia-a-la-sororidad-8-de-marzo\/","url":"https:\/\/www.fiarebancaetica.coop\/ca\/de-la-denuncia-a-la-sororidad-8-de-marzo\/","name":"DE LA DENUNCIA A LA SORORIDAD: 8 de marzo - Fiare Banca Etica","isPartOf":{"@id":"https:\/\/www.fiarebancaetica.coop\/ca\/#website"},"primaryImageOfPage":{"@id":"https:\/\/www.fiarebancaetica.coop\/ca\/de-la-denuncia-a-la-sororidad-8-de-marzo\/#primaryimage"},"image":{"@id":"https:\/\/www.fiarebancaetica.coop\/ca\/de-la-denuncia-a-la-sororidad-8-de-marzo\/#primaryimage"},"thumbnailUrl":"https:\/\/www.fiarebancaetica.coop\/app\/uploads\/sites\/2\/2023\/12\/de-denuncia-sororidad-8-de-marzo.jpg","datePublished":"2018-03-04T23:00:00+00:00","dateModified":"2024-02-21T14:48:07+00:00","author":{"@id":"https:\/\/www.fiarebancaetica.coop\/ca\/#\/schema\/person\/579841e89c804b5db05d9141bd9b8272"},"breadcrumb":{"@id":"https:\/\/www.fiarebancaetica.coop\/ca\/de-la-denuncia-a-la-sororidad-8-de-marzo\/#breadcrumb"},"inLanguage":"ca","potentialAction":[{"@type":"ReadAction","target":["https:\/\/www.fiarebancaetica.coop\/ca\/de-la-denuncia-a-la-sororidad-8-de-marzo\/"]}]},{"@type":"ImageObject","inLanguage":"ca","@id":"https:\/\/www.fiarebancaetica.coop\/ca\/de-la-denuncia-a-la-sororidad-8-de-marzo\/#primaryimage","url":"https:\/\/www.fiarebancaetica.coop\/app\/uploads\/sites\/2\/2023\/12\/de-denuncia-sororidad-8-de-marzo.jpg","contentUrl":"https:\/\/www.fiarebancaetica.coop\/app\/uploads\/sites\/2\/2023\/12\/de-denuncia-sororidad-8-de-marzo.jpg","width":1200,"height":800},{"@type":"BreadcrumbList","@id":"https:\/\/www.fiarebancaetica.coop\/ca\/de-la-denuncia-a-la-sororidad-8-de-marzo\/#breadcrumb","itemListElement":[{"@type":"ListItem","position":1,"name":"Home","item":"https:\/\/www.fiarebancaetica.coop\/ca\/"},{"@type":"ListItem","position":2,"name":"DE LA DENUNCIA A LA SORORIDAD: 8 de marzo"}]},{"@type":"WebSite","@id":"https:\/\/www.fiarebancaetica.coop\/ca\/#website","url":"https:\/\/www.fiarebancaetica.coop\/ca\/","name":"Fiare Banca Etica","description":"","potentialAction":[{"@type":"SearchAction","target":{"@type":"EntryPoint","urlTemplate":"https:\/\/www.fiarebancaetica.coop\/ca\/?s={search_term_string}"},"query-input":{"@type":"PropertyValueSpecification","valueRequired":true,"valueName":"search_term_string"}}],"inLanguage":"ca"},{"@type":"Person","@id":"https:\/\/www.fiarebancaetica.coop\/ca\/#\/schema\/person\/579841e89c804b5db05d9141bd9b8272","name":"crispyadmin0","image":{"@type":"ImageObject","inLanguage":"ca","@id":"https:\/\/www.fiarebancaetica.coop\/ca\/#\/schema\/person\/image\/5f3a6b7786f32f4c35bd2b1a5a4698ea","url":"https:\/\/secure.gravatar.com\/avatar\/4d2cfb499d497b6d49da659fab7404b243a87fe8e40d2cf97a1cae48f677f5b2?s=96&d=mm&r=g","contentUrl":"https:\/\/secure.gravatar.com\/avatar\/4d2cfb499d497b6d49da659fab7404b243a87fe8e40d2cf97a1cae48f677f5b2?s=96&d=mm&r=g","caption":"crispyadmin0"},"sameAs":["crispyadmin0"]}]}},"_links":{"self":[{"href":"https:\/\/www.fiarebancaetica.coop\/ca\/wp-json\/wp\/v2\/posts\/345337","targetHints":{"allow":["GET"]}}],"collection":[{"href":"https:\/\/www.fiarebancaetica.coop\/ca\/wp-json\/wp\/v2\/posts"}],"about":[{"href":"https:\/\/www.fiarebancaetica.coop\/ca\/wp-json\/wp\/v2\/types\/post"}],"author":[{"embeddable":true,"href":"https:\/\/www.fiarebancaetica.coop\/ca\/wp-json\/wp\/v2\/users\/2"}],"replies":[{"embeddable":true,"href":"https:\/\/www.fiarebancaetica.coop\/ca\/wp-json\/wp\/v2\/comments?post=345337"}],"version-history":[{"count":2,"href":"https:\/\/www.fiarebancaetica.coop\/ca\/wp-json\/wp\/v2\/posts\/345337\/revisions"}],"predecessor-version":[{"id":353837,"href":"https:\/\/www.fiarebancaetica.coop\/ca\/wp-json\/wp\/v2\/posts\/345337\/revisions\/353837"}],"wp:featuredmedia":[{"embeddable":true,"href":"https:\/\/www.fiarebancaetica.coop\/ca\/wp-json\/wp\/v2\/media\/325980"}],"wp:attachment":[{"href":"https:\/\/www.fiarebancaetica.coop\/ca\/wp-json\/wp\/v2\/media?parent=345337"}],"wp:term":[{"taxonomy":"category","embeddable":true,"href":"https:\/\/www.fiarebancaetica.coop\/ca\/wp-json\/wp\/v2\/categories?post=345337"},{"taxonomy":"post_tag","embeddable":true,"href":"https:\/\/www.fiarebancaetica.coop\/ca\/wp-json\/wp\/v2\/tags?post=345337"},{"taxonomy":"author","embeddable":true,"href":"https:\/\/www.fiarebancaetica.coop\/ca\/wp-json\/wp\/v2\/coauthors?post=345337"}],"curies":[{"name":"wp","href":"https:\/\/api.w.org\/{rel}","templated":true}]}}