{"id":345461,"date":"2018-01-08T00:00:00","date_gmt":"2018-01-07T23:00:00","guid":{"rendered":"https:\/\/www.fiarebancaetica.coop\/la-dimension-internacional-de-fiare-banca-etica\/"},"modified":"2024-02-21T15:50:16","modified_gmt":"2024-02-21T14:50:16","slug":"la-dimension-internacional-de-fiare-banca-etica","status":"publish","type":"post","link":"https:\/\/www.fiarebancaetica.coop\/ca\/la-dimension-internacional-de-fiare-banca-etica\/","title":{"rendered":"La dimensi\u00f3n Internacional de Fiare Banca Etica"},"content":{"rendered":"\n\n<div class=\"wp-block-bancaetica-blocks-blocks-block-49\">\n    <div class=\"container-block-49\">\n\n        <div class=\"header-section \">\n                            <h1 class=\"section-title\"> Etica e cooperativa <\/h1>\n                                            <\/div>\n\n        \n        <div class=\"block-background\" style=\"background-image: url('https:\/\/www.fiarebancaetica.coop\/app\/uploads\/sites\/2\/2023\/12\/dimension-internacional-de-fiare-banca-etica.jpg')\">\n                            <div class=\"tile\">\n                    <h1 class=\"image-title\"> La dimensi\u00f3n Internacional de Fiare Banca Etica <\/h1>\n                <\/div>             <!-- end .tile -->\n            <div class=\"bottom-content\">\n                            <\/div> <!-- end .button-content -->\n        <\/div> <!-- end .block-background -->\n    <\/div> <!-- end .container -->\n<\/div> <!-- end wp-block-bancaetica-blocks-blocks-block-06 -->\n\n\n<div class=\"wrapper-crispybacon-class wrapper-crispybacon-class-boxed \">\n    <p>Para poder reflexionar hoy sobre la dimensi\u00f3n internacional de Fiare Banca Etica es necesario, en primer lugar, reconocer la intensa y variada actividad que venimos desarrollando en los \u00faltimos a\u00f1os en este nivel. Quiz\u00e1s el elemento m\u00e1s significativo, y el que sin duda m\u00e1s desaf\u00edos nos plantea a todos, es la internacionalizaci\u00f3n de nuestra operativa financiera al constituirnos como entidad que opera establecida en dos pa\u00edses europeos. Pero, siendo este hecho de una evidente trascendencia, nuestra dimensi\u00f3n internacional no se reduce a \u00e9l, ni mucho menos.<br \/>\n\t<br \/>\n\tDe hecho, en Fiare Banca Etica hemos venido desarrollando pr\u00e1cticamente desde el comienzo<strong> actividades de impacto internacional a muchos otros niveles<\/strong>. Desde las alianzas comerciales con otras entidades financieras que operan internacionalmente, hasta los acuerdos con instituciones de la UE como el Fondo Europeo de Inversiones, pasando por la actividad de incidencia pol\u00edtica y cultural desarrollada por nuestras fundaciones y muchos de nuestros socios de referencia, la actividad con impacto internacional ha sido a lo largo de nuestra historia muy rica y diversa, ampliando a trav\u00e9s de todo este abanico de actividades la difusi\u00f3n de un modelo alternativo de hacer finanzas que ha demostrado (y as\u00ed se reconoce tambi\u00e9n internacionalmente) su valor y solidez.<br \/>\n\t<br \/>\n\tUna de las consecuencias de la apuesta decidida por la consolidaci\u00f3n a nivel europeo de nuestra propuesta de finanzas \u00e9ticas fue la creaci\u00f3n en 2001, junto con las entidades francesas Cr\u00e9dit Coop\u00e9ratif, Caisse Solidaire du Nord Pas-de-Calais y La Nef, las belgas Cr\u00e9dal y Hefboom y la polaca TISE, de la Federaci\u00f3n europea de banca \u00e9tica y alternativa (FEBEA). El desarrollo de <strong>FEBEA<\/strong> desde entonces ha supuesto un factor decisivo en la institucionalizaci\u00f3n internacional de nuestro modelo, que ha tenido continuidad con la creaci\u00f3n en 2009 de la <strong>Global Alliance for Banking on Values <\/strong>(GABV), que re\u00fane a entidades bancarias de todo el mundo.<br \/>\n\t<br \/>\n\tNuestra condici\u00f3n de propuesta financiera alternativa que se desenvuelve en el \u00e1mbito internacional, nos obliga hoy a plantearnos abiertamente algunas preguntas: <strong>\u00bfQu\u00e9 supone para nosotros este nuevo escenario? \u00bfC\u00f3mo debemos desarrollar en este contexto nuestra misi\u00f3n? \u00bfC\u00f3mo conseguir que nuestra base social participe en estos procesos? \u00bfCu\u00e1l es el nivel razonable de implicaci\u00f3n en este tipo de actividades?<\/strong> No podemos olvidar que el \u00e1mbito internacional exige una visi\u00f3n pol\u00edtica y de gesti\u00f3n diferente (muchas veces orientada al largo plazo) y nos desaf\u00eda a adquirir nuevas competencias que afectan a todos los Portadores de Valor. Es una actividad que, es necesario reconocer, supone en ocasiones apuestas sin retorno comercial inmediato y comporta nuevos riesgos que surgen de factores como la mayor visibilidad en espacios en los que no estamos implantados territorialmente, o la valoraci\u00f3n de oportunidades que requieren alianzas con organizaciones con las que compartimos algunas cosas&#8230; y quiz\u00e1s otras no. Tambi\u00e9n supone redoblar esfuerzos por comunicar el valor de implicarse en proyectos y actividades que, en principio, pueden resultar alejados de nuestra base social, que puede pensar que se trata de aventuras que se alejan de nuestra misi\u00f3n fundamental.<br \/>\n\t<br \/>\n\tConociendo los riesgos y las oportunidades, es importante reconocer que no podemos dar la espalda a una dimensi\u00f3n que es cada vez en mayor medida el ecosistema en el que se desenvuelve nuestra actividad y que no se aleja, sino que actualiza, la misi\u00f3n de Fiare Banca Etica de transformar el espacio financiero y los modos en los que la ciudadan\u00eda se relaciona con \u00e9l. En este sentido, la estrategia de Fiare Banca Etica para los pr\u00f3ximos a\u00f1os hace hincapi\u00e9 en la importancia de las actividades de incidencia pol\u00edtica, culturales y financieras a nivel internacional, reconociendo el valor de las redes internacionales a las que pertenecemos y resaltando la necesidad de un mayor compromiso en algunas de ellas. La presidencia de FEBEA y la participaci\u00f3n en los consejos de <strong>GABV y Finance Watch<\/strong> han constituido apuestas realizadas en esa l\u00ednea en los \u00faltimos meses, como tambi\u00e9n lo ha sido la creaci\u00f3n el pasado diciembre, a iniciativa de la Fondazione Finanza Etica y la participaci\u00f3n como socias fundadoras de Etica SGR y la Fundaci\u00f3n Fiare, de la red de accionariado cr\u00edtico <strong>Shareholders for Change.<\/strong><br \/>\n\t<br \/>\n\tEn definitiva, hoy podemos decir que la dimensi\u00f3n internacional se nos impone y no debemos ignorarla. Como dec\u00eda, en Fiare Banca Etica no podemos olvidar que somos un modelo consolidado, cuyo valor como alternativa se reconoce internacionalmente, y eso nos responsabiliza para participar (e incluso liderar en algunos casos) procesos de diseminaci\u00f3n de este modelo. El desaf\u00edo (que no es peque\u00f1o, desde luego) es saber gestionar adecuadamente nuestro papel, midiendo los esfuerzos e implicando a todos los elementos de nuestro sistema, entendiendo que hoy es un elemento ineludible de nuestra misi\u00f3n.<\/p>\n<p><em><strong>Peru Sasia<br \/>\n\tConsejero de Banca Etica<br \/>\n\tPresidente de Febea<\/strong><\/em><\/p>\n<\/div>","protected":false},"excerpt":{"rendered":"<p>Para poder reflexionar hoy sobre la dimensi\u00f3n internacional de Fiare Banca Etica es necesario, en primer lugar, reconocer la intensa y variada actividad que venimos desarrollando en los \u00faltimos a\u00f1os en este nivel. Quiz\u00e1s el elemento m\u00e1s significativo, y el que sin duda m\u00e1s desaf\u00edos nos plantea a todos, es la internacionalizaci\u00f3n de nuestra operativa financiera al constituirnos como entidad que opera establecida en dos pa\u00edses europeos. Pero, siendo este hecho de una evidente trascendencia, nuestra dimensi\u00f3n internacional no se reduce a \u00e9l, ni mucho menos.<br \/>\n\t&nbsp;<\/p>\n<p>&nbsp;<\/p>\n<p>&nbsp;<\/p>\n","protected":false},"author":2,"featured_media":325914,"comment_status":"open","ping_status":"closed","sticky":false,"template":"","format":"standard","meta":{"_acf_changed":false,"footnotes":""},"categories":[11643],"tags":[],"coauthors":[],"class_list":["post-345461","post","type-post","status-publish","format-standard","has-post-thumbnail","hentry","category-finances-etiques"],"acf":[],"yoast_head":"<!-- This site is optimized with the Yoast SEO plugin v26.9 - https:\/\/yoast.com\/product\/yoast-seo-wordpress\/ -->\n<title>La dimensi\u00f3n Internacional de Fiare Banca Etica - Fiare Banca Etica<\/title>\n<meta name=\"robots\" content=\"index, follow, max-snippet:-1, max-image-preview:large, max-video-preview:-1\" \/>\n<link rel=\"canonical\" href=\"https:\/\/www.fiarebancaetica.coop\/ca\/la-dimension-internacional-de-fiare-banca-etica\/\" \/>\n<meta property=\"og:locale\" content=\"ca_ES\" \/>\n<meta property=\"og:type\" content=\"article\" \/>\n<meta property=\"og:title\" content=\"La dimensi\u00f3n Internacional de Fiare Banca Etica - Fiare Banca Etica\" \/>\n<meta property=\"og:description\" content=\"Para poder reflexionar hoy sobre la dimensi\u00f3n internacional de Fiare Banca Etica es necesario, en primer lugar, reconocer la intensa y variada actividad que venimos desarrollando en los \u00faltimos a\u00f1os en este nivel. Quiz\u00e1s el elemento m\u00e1s significativo, y el que sin duda m\u00e1s desaf\u00edos nos plantea a todos, es la internacionalizaci\u00f3n de nuestra operativa financiera al constituirnos como entidad que opera establecida en dos pa\u00edses europeos. Pero, siendo este hecho de una evidente trascendencia, nuestra dimensi\u00f3n internacional no se reduce a \u00e9l, ni mucho menos. &nbsp; &nbsp; &nbsp;\" \/>\n<meta property=\"og:url\" content=\"https:\/\/www.fiarebancaetica.coop\/ca\/la-dimension-internacional-de-fiare-banca-etica\/\" \/>\n<meta property=\"og:site_name\" content=\"Fiare Banca Etica\" \/>\n<meta property=\"article:published_time\" content=\"2018-01-07T23:00:00+00:00\" \/>\n<meta property=\"article:modified_time\" content=\"2024-02-21T14:50:16+00:00\" \/>\n<meta property=\"og:image\" content=\"https:\/\/www.fiarebancaetica.coop\/app\/uploads\/sites\/2\/2023\/12\/dimension-internacional-de-fiare-banca-etica.jpg\" \/>\n\t<meta property=\"og:image:width\" content=\"591\" \/>\n\t<meta property=\"og:image:height\" content=\"299\" \/>\n\t<meta property=\"og:image:type\" content=\"image\/jpeg\" \/>\n<meta name=\"author\" content=\"crispyadmin0\" \/>\n<meta name=\"twitter:card\" content=\"summary_large_image\" \/>\n<script type=\"application\/ld+json\" class=\"yoast-schema-graph\">{\"@context\":\"https:\/\/schema.org\",\"@graph\":[{\"@type\":\"Article\",\"@id\":\"https:\/\/www.fiarebancaetica.coop\/ca\/la-dimension-internacional-de-fiare-banca-etica\/#article\",\"isPartOf\":{\"@id\":\"https:\/\/www.fiarebancaetica.coop\/ca\/la-dimension-internacional-de-fiare-banca-etica\/\"},\"author\":{\"name\":\"crispyadmin0\",\"@id\":\"https:\/\/www.fiarebancaetica.coop\/ca\/#\/schema\/person\/579841e89c804b5db05d9141bd9b8272\"},\"headline\":\"La dimensi\u00f3n Internacional de Fiare Banca Etica\",\"datePublished\":\"2018-01-07T23:00:00+00:00\",\"dateModified\":\"2024-02-21T14:50:16+00:00\",\"mainEntityOfPage\":{\"@id\":\"https:\/\/www.fiarebancaetica.coop\/ca\/la-dimension-internacional-de-fiare-banca-etica\/\"},\"wordCount\":838,\"commentCount\":0,\"image\":{\"@id\":\"https:\/\/www.fiarebancaetica.coop\/ca\/la-dimension-internacional-de-fiare-banca-etica\/#primaryimage\"},\"thumbnailUrl\":\"https:\/\/www.fiarebancaetica.coop\/app\/uploads\/sites\/2\/2023\/12\/dimension-internacional-de-fiare-banca-etica.jpg\",\"articleSection\":[\"Finances \u00e8tiques\"],\"inLanguage\":\"ca\",\"potentialAction\":[{\"@type\":\"CommentAction\",\"name\":\"Comment\",\"target\":[\"https:\/\/www.fiarebancaetica.coop\/ca\/la-dimension-internacional-de-fiare-banca-etica\/#respond\"]}]},{\"@type\":\"WebPage\",\"@id\":\"https:\/\/www.fiarebancaetica.coop\/ca\/la-dimension-internacional-de-fiare-banca-etica\/\",\"url\":\"https:\/\/www.fiarebancaetica.coop\/ca\/la-dimension-internacional-de-fiare-banca-etica\/\",\"name\":\"La dimensi\u00f3n Internacional de Fiare Banca Etica - Fiare Banca Etica\",\"isPartOf\":{\"@id\":\"https:\/\/www.fiarebancaetica.coop\/ca\/#website\"},\"primaryImageOfPage\":{\"@id\":\"https:\/\/www.fiarebancaetica.coop\/ca\/la-dimension-internacional-de-fiare-banca-etica\/#primaryimage\"},\"image\":{\"@id\":\"https:\/\/www.fiarebancaetica.coop\/ca\/la-dimension-internacional-de-fiare-banca-etica\/#primaryimage\"},\"thumbnailUrl\":\"https:\/\/www.fiarebancaetica.coop\/app\/uploads\/sites\/2\/2023\/12\/dimension-internacional-de-fiare-banca-etica.jpg\",\"datePublished\":\"2018-01-07T23:00:00+00:00\",\"dateModified\":\"2024-02-21T14:50:16+00:00\",\"author\":{\"@id\":\"https:\/\/www.fiarebancaetica.coop\/ca\/#\/schema\/person\/579841e89c804b5db05d9141bd9b8272\"},\"breadcrumb\":{\"@id\":\"https:\/\/www.fiarebancaetica.coop\/ca\/la-dimension-internacional-de-fiare-banca-etica\/#breadcrumb\"},\"inLanguage\":\"ca\",\"potentialAction\":[{\"@type\":\"ReadAction\",\"target\":[\"https:\/\/www.fiarebancaetica.coop\/ca\/la-dimension-internacional-de-fiare-banca-etica\/\"]}]},{\"@type\":\"ImageObject\",\"inLanguage\":\"ca\",\"@id\":\"https:\/\/www.fiarebancaetica.coop\/ca\/la-dimension-internacional-de-fiare-banca-etica\/#primaryimage\",\"url\":\"https:\/\/www.fiarebancaetica.coop\/app\/uploads\/sites\/2\/2023\/12\/dimension-internacional-de-fiare-banca-etica.jpg\",\"contentUrl\":\"https:\/\/www.fiarebancaetica.coop\/app\/uploads\/sites\/2\/2023\/12\/dimension-internacional-de-fiare-banca-etica.jpg\",\"width\":591,\"height\":299},{\"@type\":\"BreadcrumbList\",\"@id\":\"https:\/\/www.fiarebancaetica.coop\/ca\/la-dimension-internacional-de-fiare-banca-etica\/#breadcrumb\",\"itemListElement\":[{\"@type\":\"ListItem\",\"position\":1,\"name\":\"Home\",\"item\":\"https:\/\/www.fiarebancaetica.coop\/ca\/\"},{\"@type\":\"ListItem\",\"position\":2,\"name\":\"La dimensi\u00f3n Internacional de Fiare Banca Etica\"}]},{\"@type\":\"WebSite\",\"@id\":\"https:\/\/www.fiarebancaetica.coop\/ca\/#website\",\"url\":\"https:\/\/www.fiarebancaetica.coop\/ca\/\",\"name\":\"Fiare Banca Etica\",\"description\":\"\",\"potentialAction\":[{\"@type\":\"SearchAction\",\"target\":{\"@type\":\"EntryPoint\",\"urlTemplate\":\"https:\/\/www.fiarebancaetica.coop\/ca\/?s={search_term_string}\"},\"query-input\":{\"@type\":\"PropertyValueSpecification\",\"valueRequired\":true,\"valueName\":\"search_term_string\"}}],\"inLanguage\":\"ca\"},{\"@type\":\"Person\",\"@id\":\"https:\/\/www.fiarebancaetica.coop\/ca\/#\/schema\/person\/579841e89c804b5db05d9141bd9b8272\",\"name\":\"crispyadmin0\",\"image\":{\"@type\":\"ImageObject\",\"inLanguage\":\"ca\",\"@id\":\"https:\/\/www.fiarebancaetica.coop\/ca\/#\/schema\/person\/image\/5f3a6b7786f32f4c35bd2b1a5a4698ea\",\"url\":\"https:\/\/secure.gravatar.com\/avatar\/4d2cfb499d497b6d49da659fab7404b243a87fe8e40d2cf97a1cae48f677f5b2?s=96&d=mm&r=g\",\"contentUrl\":\"https:\/\/secure.gravatar.com\/avatar\/4d2cfb499d497b6d49da659fab7404b243a87fe8e40d2cf97a1cae48f677f5b2?s=96&d=mm&r=g\",\"caption\":\"crispyadmin0\"},\"sameAs\":[\"crispyadmin0\"]}]}<\/script>\n<!-- \/ Yoast SEO plugin. -->","yoast_head_json":{"title":"La dimensi\u00f3n Internacional de Fiare Banca Etica - Fiare Banca Etica","robots":{"index":"index","follow":"follow","max-snippet":"max-snippet:-1","max-image-preview":"max-image-preview:large","max-video-preview":"max-video-preview:-1"},"canonical":"https:\/\/www.fiarebancaetica.coop\/ca\/la-dimension-internacional-de-fiare-banca-etica\/","og_locale":"ca_ES","og_type":"article","og_title":"La dimensi\u00f3n Internacional de Fiare Banca Etica - Fiare Banca Etica","og_description":"Para poder reflexionar hoy sobre la dimensi\u00f3n internacional de Fiare Banca Etica es necesario, en primer lugar, reconocer la intensa y variada actividad que venimos desarrollando en los \u00faltimos a\u00f1os en este nivel. Quiz\u00e1s el elemento m\u00e1s significativo, y el que sin duda m\u00e1s desaf\u00edos nos plantea a todos, es la internacionalizaci\u00f3n de nuestra operativa financiera al constituirnos como entidad que opera establecida en dos pa\u00edses europeos. Pero, siendo este hecho de una evidente trascendencia, nuestra dimensi\u00f3n internacional no se reduce a \u00e9l, ni mucho menos. &nbsp; &nbsp; &nbsp;","og_url":"https:\/\/www.fiarebancaetica.coop\/ca\/la-dimension-internacional-de-fiare-banca-etica\/","og_site_name":"Fiare Banca Etica","article_published_time":"2018-01-07T23:00:00+00:00","article_modified_time":"2024-02-21T14:50:16+00:00","og_image":[{"width":591,"height":299,"url":"https:\/\/www.fiarebancaetica.coop\/app\/uploads\/sites\/2\/2023\/12\/dimension-internacional-de-fiare-banca-etica.jpg","type":"image\/jpeg"}],"author":"crispyadmin0","twitter_card":"summary_large_image","schema":{"@context":"https:\/\/schema.org","@graph":[{"@type":"Article","@id":"https:\/\/www.fiarebancaetica.coop\/ca\/la-dimension-internacional-de-fiare-banca-etica\/#article","isPartOf":{"@id":"https:\/\/www.fiarebancaetica.coop\/ca\/la-dimension-internacional-de-fiare-banca-etica\/"},"author":{"name":"crispyadmin0","@id":"https:\/\/www.fiarebancaetica.coop\/ca\/#\/schema\/person\/579841e89c804b5db05d9141bd9b8272"},"headline":"La dimensi\u00f3n Internacional de Fiare Banca Etica","datePublished":"2018-01-07T23:00:00+00:00","dateModified":"2024-02-21T14:50:16+00:00","mainEntityOfPage":{"@id":"https:\/\/www.fiarebancaetica.coop\/ca\/la-dimension-internacional-de-fiare-banca-etica\/"},"wordCount":838,"commentCount":0,"image":{"@id":"https:\/\/www.fiarebancaetica.coop\/ca\/la-dimension-internacional-de-fiare-banca-etica\/#primaryimage"},"thumbnailUrl":"https:\/\/www.fiarebancaetica.coop\/app\/uploads\/sites\/2\/2023\/12\/dimension-internacional-de-fiare-banca-etica.jpg","articleSection":["Finances \u00e8tiques"],"inLanguage":"ca","potentialAction":[{"@type":"CommentAction","name":"Comment","target":["https:\/\/www.fiarebancaetica.coop\/ca\/la-dimension-internacional-de-fiare-banca-etica\/#respond"]}]},{"@type":"WebPage","@id":"https:\/\/www.fiarebancaetica.coop\/ca\/la-dimension-internacional-de-fiare-banca-etica\/","url":"https:\/\/www.fiarebancaetica.coop\/ca\/la-dimension-internacional-de-fiare-banca-etica\/","name":"La dimensi\u00f3n Internacional de Fiare Banca Etica - Fiare Banca Etica","isPartOf":{"@id":"https:\/\/www.fiarebancaetica.coop\/ca\/#website"},"primaryImageOfPage":{"@id":"https:\/\/www.fiarebancaetica.coop\/ca\/la-dimension-internacional-de-fiare-banca-etica\/#primaryimage"},"image":{"@id":"https:\/\/www.fiarebancaetica.coop\/ca\/la-dimension-internacional-de-fiare-banca-etica\/#primaryimage"},"thumbnailUrl":"https:\/\/www.fiarebancaetica.coop\/app\/uploads\/sites\/2\/2023\/12\/dimension-internacional-de-fiare-banca-etica.jpg","datePublished":"2018-01-07T23:00:00+00:00","dateModified":"2024-02-21T14:50:16+00:00","author":{"@id":"https:\/\/www.fiarebancaetica.coop\/ca\/#\/schema\/person\/579841e89c804b5db05d9141bd9b8272"},"breadcrumb":{"@id":"https:\/\/www.fiarebancaetica.coop\/ca\/la-dimension-internacional-de-fiare-banca-etica\/#breadcrumb"},"inLanguage":"ca","potentialAction":[{"@type":"ReadAction","target":["https:\/\/www.fiarebancaetica.coop\/ca\/la-dimension-internacional-de-fiare-banca-etica\/"]}]},{"@type":"ImageObject","inLanguage":"ca","@id":"https:\/\/www.fiarebancaetica.coop\/ca\/la-dimension-internacional-de-fiare-banca-etica\/#primaryimage","url":"https:\/\/www.fiarebancaetica.coop\/app\/uploads\/sites\/2\/2023\/12\/dimension-internacional-de-fiare-banca-etica.jpg","contentUrl":"https:\/\/www.fiarebancaetica.coop\/app\/uploads\/sites\/2\/2023\/12\/dimension-internacional-de-fiare-banca-etica.jpg","width":591,"height":299},{"@type":"BreadcrumbList","@id":"https:\/\/www.fiarebancaetica.coop\/ca\/la-dimension-internacional-de-fiare-banca-etica\/#breadcrumb","itemListElement":[{"@type":"ListItem","position":1,"name":"Home","item":"https:\/\/www.fiarebancaetica.coop\/ca\/"},{"@type":"ListItem","position":2,"name":"La dimensi\u00f3n Internacional de Fiare Banca Etica"}]},{"@type":"WebSite","@id":"https:\/\/www.fiarebancaetica.coop\/ca\/#website","url":"https:\/\/www.fiarebancaetica.coop\/ca\/","name":"Fiare Banca Etica","description":"","potentialAction":[{"@type":"SearchAction","target":{"@type":"EntryPoint","urlTemplate":"https:\/\/www.fiarebancaetica.coop\/ca\/?s={search_term_string}"},"query-input":{"@type":"PropertyValueSpecification","valueRequired":true,"valueName":"search_term_string"}}],"inLanguage":"ca"},{"@type":"Person","@id":"https:\/\/www.fiarebancaetica.coop\/ca\/#\/schema\/person\/579841e89c804b5db05d9141bd9b8272","name":"crispyadmin0","image":{"@type":"ImageObject","inLanguage":"ca","@id":"https:\/\/www.fiarebancaetica.coop\/ca\/#\/schema\/person\/image\/5f3a6b7786f32f4c35bd2b1a5a4698ea","url":"https:\/\/secure.gravatar.com\/avatar\/4d2cfb499d497b6d49da659fab7404b243a87fe8e40d2cf97a1cae48f677f5b2?s=96&d=mm&r=g","contentUrl":"https:\/\/secure.gravatar.com\/avatar\/4d2cfb499d497b6d49da659fab7404b243a87fe8e40d2cf97a1cae48f677f5b2?s=96&d=mm&r=g","caption":"crispyadmin0"},"sameAs":["crispyadmin0"]}]}},"_links":{"self":[{"href":"https:\/\/www.fiarebancaetica.coop\/ca\/wp-json\/wp\/v2\/posts\/345461","targetHints":{"allow":["GET"]}}],"collection":[{"href":"https:\/\/www.fiarebancaetica.coop\/ca\/wp-json\/wp\/v2\/posts"}],"about":[{"href":"https:\/\/www.fiarebancaetica.coop\/ca\/wp-json\/wp\/v2\/types\/post"}],"author":[{"embeddable":true,"href":"https:\/\/www.fiarebancaetica.coop\/ca\/wp-json\/wp\/v2\/users\/2"}],"replies":[{"embeddable":true,"href":"https:\/\/www.fiarebancaetica.coop\/ca\/wp-json\/wp\/v2\/comments?post=345461"}],"version-history":[{"count":1,"href":"https:\/\/www.fiarebancaetica.coop\/ca\/wp-json\/wp\/v2\/posts\/345461\/revisions"}],"predecessor-version":[{"id":353793,"href":"https:\/\/www.fiarebancaetica.coop\/ca\/wp-json\/wp\/v2\/posts\/345461\/revisions\/353793"}],"wp:featuredmedia":[{"embeddable":true,"href":"https:\/\/www.fiarebancaetica.coop\/ca\/wp-json\/wp\/v2\/media\/325914"}],"wp:attachment":[{"href":"https:\/\/www.fiarebancaetica.coop\/ca\/wp-json\/wp\/v2\/media?parent=345461"}],"wp:term":[{"taxonomy":"category","embeddable":true,"href":"https:\/\/www.fiarebancaetica.coop\/ca\/wp-json\/wp\/v2\/categories?post=345461"},{"taxonomy":"post_tag","embeddable":true,"href":"https:\/\/www.fiarebancaetica.coop\/ca\/wp-json\/wp\/v2\/tags?post=345461"},{"taxonomy":"author","embeddable":true,"href":"https:\/\/www.fiarebancaetica.coop\/ca\/wp-json\/wp\/v2\/coauthors?post=345461"}],"curies":[{"name":"wp","href":"https:\/\/api.w.org\/{rel}","templated":true}]}}