{"id":345472,"date":"2018-01-08T00:00:00","date_gmt":"2018-01-07T23:00:00","guid":{"rendered":"https:\/\/www.fiarebancaetica.coop\/la-dimensio-internacional-de-fiare-banca-etica\/"},"modified":"2024-02-21T15:50:09","modified_gmt":"2024-02-21T14:50:09","slug":"la-dimensio-internacional-de-fiare-banca-etica","status":"publish","type":"post","link":"https:\/\/www.fiarebancaetica.coop\/ca\/la-dimensio-internacional-de-fiare-banca-etica\/","title":{"rendered":"La dimensi\u00f3 internacional de Fiare Banca Etica"},"content":{"rendered":"\n\n<div class=\"wp-block-bancaetica-blocks-blocks-block-49\">\n    <div class=\"container-block-49\">\n\n        <div class=\"header-section \">\n                            <h1 class=\"section-title\"> Etica e cooperativa <\/h1>\n                                            <\/div>\n\n        \n        <div class=\"block-background\" style=\"background-image: url('https:\/\/www.fiarebancaetica.coop\/app\/uploads\/sites\/2\/2023\/12\/dimension-internacional-de-fiare-banca-etica.jpg')\">\n                            <div class=\"tile\">\n                    <h1 class=\"image-title\"> La dimensi\u00f3 internacional de Fiare Banca Etica <\/h1>\n                <\/div>             <!-- end .tile -->\n            <div class=\"bottom-content\">\n                            <\/div> <!-- end .button-content -->\n        <\/div> <!-- end .block-background -->\n    <\/div> <!-- end .container -->\n<\/div> <!-- end wp-block-bancaetica-blocks-blocks-block-06 -->\n\n\n<div class=\"wrapper-crispybacon-class wrapper-crispybacon-class-boxed \">\n    <p>Per poder reflexionar avui sobre la dimensi\u00f3 internacional de Fiare Banca Etica cal, primer de tot, recon\u00e8ixer la intensa i variada activitat que hem desenvolupat els \u00faltims anys en aquest nivell. Potser l\u2019element m\u00e9s significatiu, i el que sens dubte m\u00e9s desafiaments ens obre a tots, \u00e9s la internacionalitzaci\u00f3 de la nostra operativa financera en constituir-nos com a entitat que actua establerta en dos pa\u00efsos europeus. Per\u00f2, sent aquest fet d\u2019una transcend\u00e8ncia evident, la nostra dimensi\u00f3 internacional no s\u2019hi redueix, ni de bon tros.<br \/>\n\t<br \/>\n\tDe fet, a Fiare Banca Etica hem desenvolupat gaireb\u00e9 des del comen\u00e7ament activitats d\u2019impacte internacional en molts altres nivells. Des de les aliances comercials amb altres entitats financeres que actuen internacionalment, fins als acords amb institucions de la UE com el Fons Europeu d\u2019Inversions, passant per l\u2019activitat d\u2019incid\u00e8ncia pol\u00edtica i cultural desplegada per les nostres fundacions i molts dels nostres socis de refer\u00e8ncia, l\u2019activitat amb impacte internacional ha estat molt rica i diversa al llarg de la nostra hist\u00f2ria, i ha ampliat a trav\u00e9s de tot aquest ventall d\u2019activitats la difusi\u00f3 d\u2019un model alternatiu de fer finances que ha demostrat (i aix\u00ed es reconeix tamb\u00e9 internacionalment) el seu valor i la seva solidesa.<br \/>\n\t<br \/>\n\tUna de les conseq\u00fc\u00e8ncies de l\u2019aposta decidida per la consolidaci\u00f3 de la nostra proposta de finances \u00e8tiques a escala europea va ser la creaci\u00f3, el 2001, juntament amb les entitats franceses Cr\u00e9dit Coop\u00e9ratif, Caisse Solidaire du Nord Pas-de-Calais i La Nef, les belgues Cr\u00e9dal i Hefboom i la polonesa TISE, de la Federaci\u00f3 Europea de Banca \u00c8tica i Alternativa (FEBEA). El desenvolupament de FEBEA des d\u2019aleshores ha estat un factor decisiu en la institucionalitzaci\u00f3 internacional del nostre model, que ha tingut continu\u00eftat amb la creaci\u00f3, el 2009, de la Global Alliance for Banking on Values (GABV), que aplega entitats banc\u00e0ries d\u2019arreu del m\u00f3n.<br \/>\n\t<br \/>\n\tLa nostra condici\u00f3 de proposta financera alternativa que es desenvolupa en l\u2019\u00e0mbit internacional, ens obliga avui a fer-nos obertament algunes preguntes: Qu\u00e8 implica per a nosaltres aquest nou escenari? Com hem de desplegar la nostra missi\u00f3 en aquest context? Com aconseguir que la nostra base social participi en aquests processos? Quin \u00e9s el nivell raonable d\u2019implicaci\u00f3 en aquest tipus d\u2019activitats? No podem oblidar que l\u2019\u00e0mbit internacional demana una visi\u00f3 pol\u00edtica i de gesti\u00f3 diferent (molts cops orientada al llarg termini) i ens desafia a adquirir noves compet\u00e8ncies que afecten tots els portadors de valor. \u00c9s una activitat que, cal recon\u00e8ixer-ho, comporta de vegades apostes sense retorn comercial immediat i implica nous riscos que sorgeixen de factors com la m\u00e9s alta visibilitat en espais en qu\u00e8 no estem implantats territorialment, o la valoraci\u00f3 d\u2019oportunitats que requereixen aliances amb organitzacions amb les quals compartim algunes coses&#8230; i potser no altres. Tamb\u00e9 comporta redoblar esfor\u00e7os per comunicar el valor d\u2019implicar-se en projectes i activitats que, en principi, poden resultar allunyats de la nostra base social, la qual pot pensar que s\u00f3n aventures que s\u2019aparten de la nostra missi\u00f3 fonamental.<br \/>\n\t<br \/>\n\tSabent-ne els riscos i les oportunitats, \u00e9s important recon\u00e8ixer que no podem estar d\u2019esquena a una dimensi\u00f3 que \u00e9s cada cop m\u00e9s l\u2019ecosistema en qu\u00e8 es desplega la nostra activitat, i que no s\u2019allunya (sin\u00f3 que l\u2019actualitza) de la missi\u00f3 de Fiare Banca Etica de transformar l\u2019espai financer i les maneres com la ciutadania s\u2019hi relaciona. En aquest sentit, l\u2019estrat\u00e8gia de Fiare Banca Etica per als anys vinents recalca la import\u00e0ncia de les activitats d\u2019incid\u00e8ncia pol\u00edtica, les culturals i les financeres a escala internacional, reconeix el valor de les xarxes internacionals a les quals pertanyem i remarca la necessitat d\u2019un comprom\u00eds m\u00e9s fort en algunes d\u2019aquestes. La presid\u00e8ncia de FEBEA i la participaci\u00f3 en els consells de GABV i Finance Watch han esdevingut apostes fetes en aquesta l\u00ednia els \u00faltims mesos, com tamb\u00e9 ho ha estat la creaci\u00f3 el desembre passat, a iniciativa de la Fondazione Finanza Etica i la participaci\u00f3 com a s\u00f2cies fundadores d\u2019Etica SGR i la Fundaci\u00f3 Fiare, de la xarxa d\u2019accionariat cr\u00edtic Shareholders for Change.<br \/>\n\t<br \/>\n\tEn definitiva, avui podem dir que la dimensi\u00f3 internacional se\u2019ns imposa i no hem d\u2019ignorar-la. Com deia, a Fiare Banca Etica no podem oblidar que som un model consolidat, el valor del qual com a alternativa es reconeix internacionalment, i aix\u00f2 ens responsabilitza per participar (i fins i tot liderar en alguns casos) en processos de disseminaci\u00f3 d\u2019aquest model. El repte (que no \u00e9s petit, no cal dir-ho) \u00e9s saber gestionar adequadament el nostre paper, mesurant els esfor\u00e7os i implicant-hi tots els elements del nostre sistema, amb el benent\u00e8s que avui \u00e9s un element ineludible de la nostra missi\u00f3.<br \/>\n\t<br \/>\n\t<em><strong>Peru Sasia<br \/>\n\tConseller de Banca Etica<br \/>\n\tPresident de FEBEA<\/strong><\/em><\/p>\n<\/div>","protected":false},"excerpt":{"rendered":"<p>Per poder reflexionar avui sobre la dimensi\u00f3 internacional de Fiare Banca Etica cal, primer de tot, recon\u00e8ixer la intensa i variada activitat que hem desenvolupat els \u00faltims anys en aquest nivell. Potser l\u2019element m\u00e9s significatiu, i el que sens dubte m\u00e9s desafiaments ens obre a tots, \u00e9s la internacionalitzaci\u00f3 de la nostra operativa financera en constituir-nos com a entitat que actua establerta en dos pa\u00efsos europeus. Per\u00f2, sent aquest fet d\u2019una transcend\u00e8ncia evident, la nostra dimensi\u00f3 internacional no s\u2019hi redueix, ni de bon tros.<br \/>\n\t&nbsp;<\/p>\n<p>&nbsp;<\/p>\n<p>&nbsp;<\/p>\n","protected":false},"author":2,"featured_media":325914,"comment_status":"open","ping_status":"closed","sticky":false,"template":"","format":"standard","meta":{"_acf_changed":false,"footnotes":""},"categories":[11643],"tags":[],"coauthors":[],"class_list":["post-345472","post","type-post","status-publish","format-standard","has-post-thumbnail","hentry","category-finances-etiques"],"acf":[],"yoast_head":"<!-- This site is optimized with the Yoast SEO plugin v26.9 - https:\/\/yoast.com\/product\/yoast-seo-wordpress\/ -->\n<title>La dimensi\u00f3 internacional de Fiare Banca Etica - Fiare Banca Etica<\/title>\n<meta name=\"robots\" content=\"index, follow, max-snippet:-1, max-image-preview:large, max-video-preview:-1\" \/>\n<link rel=\"canonical\" href=\"https:\/\/www.fiarebancaetica.coop\/ca\/la-dimensio-internacional-de-fiare-banca-etica\/\" \/>\n<meta property=\"og:locale\" content=\"ca_ES\" \/>\n<meta property=\"og:type\" content=\"article\" \/>\n<meta property=\"og:title\" content=\"La dimensi\u00f3 internacional de Fiare Banca Etica - Fiare Banca Etica\" \/>\n<meta property=\"og:description\" content=\"Per poder reflexionar avui sobre la dimensi\u00f3 internacional de Fiare Banca Etica cal, primer de tot, recon\u00e8ixer la intensa i variada activitat que hem desenvolupat els \u00faltims anys en aquest nivell. Potser l\u2019element m\u00e9s significatiu, i el que sens dubte m\u00e9s desafiaments ens obre a tots, \u00e9s la internacionalitzaci\u00f3 de la nostra operativa financera en constituir-nos com a entitat que actua establerta en dos pa\u00efsos europeus. Per\u00f2, sent aquest fet d\u2019una transcend\u00e8ncia evident, la nostra dimensi\u00f3 internacional no s\u2019hi redueix, ni de bon tros. &nbsp; &nbsp; &nbsp;\" \/>\n<meta property=\"og:url\" content=\"https:\/\/www.fiarebancaetica.coop\/ca\/la-dimensio-internacional-de-fiare-banca-etica\/\" \/>\n<meta property=\"og:site_name\" content=\"Fiare Banca Etica\" \/>\n<meta property=\"article:published_time\" content=\"2018-01-07T23:00:00+00:00\" \/>\n<meta property=\"article:modified_time\" content=\"2024-02-21T14:50:09+00:00\" \/>\n<meta property=\"og:image\" content=\"https:\/\/www.fiarebancaetica.coop\/app\/uploads\/sites\/2\/2023\/12\/dimension-internacional-de-fiare-banca-etica.jpg\" \/>\n\t<meta property=\"og:image:width\" content=\"591\" \/>\n\t<meta property=\"og:image:height\" content=\"299\" \/>\n\t<meta property=\"og:image:type\" content=\"image\/jpeg\" \/>\n<meta name=\"author\" content=\"crispyadmin0\" \/>\n<meta name=\"twitter:card\" content=\"summary_large_image\" \/>\n<script type=\"application\/ld+json\" class=\"yoast-schema-graph\">{\"@context\":\"https:\/\/schema.org\",\"@graph\":[{\"@type\":\"Article\",\"@id\":\"https:\/\/www.fiarebancaetica.coop\/ca\/la-dimensio-internacional-de-fiare-banca-etica\/#article\",\"isPartOf\":{\"@id\":\"https:\/\/www.fiarebancaetica.coop\/ca\/la-dimensio-internacional-de-fiare-banca-etica\/\"},\"author\":{\"name\":\"crispyadmin0\",\"@id\":\"https:\/\/www.fiarebancaetica.coop\/ca\/#\/schema\/person\/579841e89c804b5db05d9141bd9b8272\"},\"headline\":\"La dimensi\u00f3 internacional de Fiare Banca Etica\",\"datePublished\":\"2018-01-07T23:00:00+00:00\",\"dateModified\":\"2024-02-21T14:50:09+00:00\",\"mainEntityOfPage\":{\"@id\":\"https:\/\/www.fiarebancaetica.coop\/ca\/la-dimensio-internacional-de-fiare-banca-etica\/\"},\"wordCount\":841,\"commentCount\":0,\"image\":{\"@id\":\"https:\/\/www.fiarebancaetica.coop\/ca\/la-dimensio-internacional-de-fiare-banca-etica\/#primaryimage\"},\"thumbnailUrl\":\"https:\/\/www.fiarebancaetica.coop\/app\/uploads\/sites\/2\/2023\/12\/dimension-internacional-de-fiare-banca-etica.jpg\",\"articleSection\":[\"Finances \u00e8tiques\"],\"inLanguage\":\"ca\",\"potentialAction\":[{\"@type\":\"CommentAction\",\"name\":\"Comment\",\"target\":[\"https:\/\/www.fiarebancaetica.coop\/ca\/la-dimensio-internacional-de-fiare-banca-etica\/#respond\"]}]},{\"@type\":\"WebPage\",\"@id\":\"https:\/\/www.fiarebancaetica.coop\/ca\/la-dimensio-internacional-de-fiare-banca-etica\/\",\"url\":\"https:\/\/www.fiarebancaetica.coop\/ca\/la-dimensio-internacional-de-fiare-banca-etica\/\",\"name\":\"La dimensi\u00f3 internacional de Fiare Banca Etica - Fiare Banca Etica\",\"isPartOf\":{\"@id\":\"https:\/\/www.fiarebancaetica.coop\/ca\/#website\"},\"primaryImageOfPage\":{\"@id\":\"https:\/\/www.fiarebancaetica.coop\/ca\/la-dimensio-internacional-de-fiare-banca-etica\/#primaryimage\"},\"image\":{\"@id\":\"https:\/\/www.fiarebancaetica.coop\/ca\/la-dimensio-internacional-de-fiare-banca-etica\/#primaryimage\"},\"thumbnailUrl\":\"https:\/\/www.fiarebancaetica.coop\/app\/uploads\/sites\/2\/2023\/12\/dimension-internacional-de-fiare-banca-etica.jpg\",\"datePublished\":\"2018-01-07T23:00:00+00:00\",\"dateModified\":\"2024-02-21T14:50:09+00:00\",\"author\":{\"@id\":\"https:\/\/www.fiarebancaetica.coop\/ca\/#\/schema\/person\/579841e89c804b5db05d9141bd9b8272\"},\"breadcrumb\":{\"@id\":\"https:\/\/www.fiarebancaetica.coop\/ca\/la-dimensio-internacional-de-fiare-banca-etica\/#breadcrumb\"},\"inLanguage\":\"ca\",\"potentialAction\":[{\"@type\":\"ReadAction\",\"target\":[\"https:\/\/www.fiarebancaetica.coop\/ca\/la-dimensio-internacional-de-fiare-banca-etica\/\"]}]},{\"@type\":\"ImageObject\",\"inLanguage\":\"ca\",\"@id\":\"https:\/\/www.fiarebancaetica.coop\/ca\/la-dimensio-internacional-de-fiare-banca-etica\/#primaryimage\",\"url\":\"https:\/\/www.fiarebancaetica.coop\/app\/uploads\/sites\/2\/2023\/12\/dimension-internacional-de-fiare-banca-etica.jpg\",\"contentUrl\":\"https:\/\/www.fiarebancaetica.coop\/app\/uploads\/sites\/2\/2023\/12\/dimension-internacional-de-fiare-banca-etica.jpg\",\"width\":591,\"height\":299},{\"@type\":\"BreadcrumbList\",\"@id\":\"https:\/\/www.fiarebancaetica.coop\/ca\/la-dimensio-internacional-de-fiare-banca-etica\/#breadcrumb\",\"itemListElement\":[{\"@type\":\"ListItem\",\"position\":1,\"name\":\"Home\",\"item\":\"https:\/\/www.fiarebancaetica.coop\/ca\/\"},{\"@type\":\"ListItem\",\"position\":2,\"name\":\"La dimensi\u00f3 internacional de Fiare Banca Etica\"}]},{\"@type\":\"WebSite\",\"@id\":\"https:\/\/www.fiarebancaetica.coop\/ca\/#website\",\"url\":\"https:\/\/www.fiarebancaetica.coop\/ca\/\",\"name\":\"Fiare Banca Etica\",\"description\":\"\",\"potentialAction\":[{\"@type\":\"SearchAction\",\"target\":{\"@type\":\"EntryPoint\",\"urlTemplate\":\"https:\/\/www.fiarebancaetica.coop\/ca\/?s={search_term_string}\"},\"query-input\":{\"@type\":\"PropertyValueSpecification\",\"valueRequired\":true,\"valueName\":\"search_term_string\"}}],\"inLanguage\":\"ca\"},{\"@type\":\"Person\",\"@id\":\"https:\/\/www.fiarebancaetica.coop\/ca\/#\/schema\/person\/579841e89c804b5db05d9141bd9b8272\",\"name\":\"crispyadmin0\",\"image\":{\"@type\":\"ImageObject\",\"inLanguage\":\"ca\",\"@id\":\"https:\/\/www.fiarebancaetica.coop\/ca\/#\/schema\/person\/image\/5f3a6b7786f32f4c35bd2b1a5a4698ea\",\"url\":\"https:\/\/secure.gravatar.com\/avatar\/4d2cfb499d497b6d49da659fab7404b243a87fe8e40d2cf97a1cae48f677f5b2?s=96&d=mm&r=g\",\"contentUrl\":\"https:\/\/secure.gravatar.com\/avatar\/4d2cfb499d497b6d49da659fab7404b243a87fe8e40d2cf97a1cae48f677f5b2?s=96&d=mm&r=g\",\"caption\":\"crispyadmin0\"},\"sameAs\":[\"crispyadmin0\"]}]}<\/script>\n<!-- \/ Yoast SEO plugin. -->","yoast_head_json":{"title":"La dimensi\u00f3 internacional de Fiare Banca Etica - Fiare Banca Etica","robots":{"index":"index","follow":"follow","max-snippet":"max-snippet:-1","max-image-preview":"max-image-preview:large","max-video-preview":"max-video-preview:-1"},"canonical":"https:\/\/www.fiarebancaetica.coop\/ca\/la-dimensio-internacional-de-fiare-banca-etica\/","og_locale":"ca_ES","og_type":"article","og_title":"La dimensi\u00f3 internacional de Fiare Banca Etica - Fiare Banca Etica","og_description":"Per poder reflexionar avui sobre la dimensi\u00f3 internacional de Fiare Banca Etica cal, primer de tot, recon\u00e8ixer la intensa i variada activitat que hem desenvolupat els \u00faltims anys en aquest nivell. Potser l\u2019element m\u00e9s significatiu, i el que sens dubte m\u00e9s desafiaments ens obre a tots, \u00e9s la internacionalitzaci\u00f3 de la nostra operativa financera en constituir-nos com a entitat que actua establerta en dos pa\u00efsos europeus. Per\u00f2, sent aquest fet d\u2019una transcend\u00e8ncia evident, la nostra dimensi\u00f3 internacional no s\u2019hi redueix, ni de bon tros. &nbsp; &nbsp; &nbsp;","og_url":"https:\/\/www.fiarebancaetica.coop\/ca\/la-dimensio-internacional-de-fiare-banca-etica\/","og_site_name":"Fiare Banca Etica","article_published_time":"2018-01-07T23:00:00+00:00","article_modified_time":"2024-02-21T14:50:09+00:00","og_image":[{"width":591,"height":299,"url":"https:\/\/www.fiarebancaetica.coop\/app\/uploads\/sites\/2\/2023\/12\/dimension-internacional-de-fiare-banca-etica.jpg","type":"image\/jpeg"}],"author":"crispyadmin0","twitter_card":"summary_large_image","schema":{"@context":"https:\/\/schema.org","@graph":[{"@type":"Article","@id":"https:\/\/www.fiarebancaetica.coop\/ca\/la-dimensio-internacional-de-fiare-banca-etica\/#article","isPartOf":{"@id":"https:\/\/www.fiarebancaetica.coop\/ca\/la-dimensio-internacional-de-fiare-banca-etica\/"},"author":{"name":"crispyadmin0","@id":"https:\/\/www.fiarebancaetica.coop\/ca\/#\/schema\/person\/579841e89c804b5db05d9141bd9b8272"},"headline":"La dimensi\u00f3 internacional de Fiare Banca Etica","datePublished":"2018-01-07T23:00:00+00:00","dateModified":"2024-02-21T14:50:09+00:00","mainEntityOfPage":{"@id":"https:\/\/www.fiarebancaetica.coop\/ca\/la-dimensio-internacional-de-fiare-banca-etica\/"},"wordCount":841,"commentCount":0,"image":{"@id":"https:\/\/www.fiarebancaetica.coop\/ca\/la-dimensio-internacional-de-fiare-banca-etica\/#primaryimage"},"thumbnailUrl":"https:\/\/www.fiarebancaetica.coop\/app\/uploads\/sites\/2\/2023\/12\/dimension-internacional-de-fiare-banca-etica.jpg","articleSection":["Finances \u00e8tiques"],"inLanguage":"ca","potentialAction":[{"@type":"CommentAction","name":"Comment","target":["https:\/\/www.fiarebancaetica.coop\/ca\/la-dimensio-internacional-de-fiare-banca-etica\/#respond"]}]},{"@type":"WebPage","@id":"https:\/\/www.fiarebancaetica.coop\/ca\/la-dimensio-internacional-de-fiare-banca-etica\/","url":"https:\/\/www.fiarebancaetica.coop\/ca\/la-dimensio-internacional-de-fiare-banca-etica\/","name":"La dimensi\u00f3 internacional de Fiare Banca Etica - Fiare Banca Etica","isPartOf":{"@id":"https:\/\/www.fiarebancaetica.coop\/ca\/#website"},"primaryImageOfPage":{"@id":"https:\/\/www.fiarebancaetica.coop\/ca\/la-dimensio-internacional-de-fiare-banca-etica\/#primaryimage"},"image":{"@id":"https:\/\/www.fiarebancaetica.coop\/ca\/la-dimensio-internacional-de-fiare-banca-etica\/#primaryimage"},"thumbnailUrl":"https:\/\/www.fiarebancaetica.coop\/app\/uploads\/sites\/2\/2023\/12\/dimension-internacional-de-fiare-banca-etica.jpg","datePublished":"2018-01-07T23:00:00+00:00","dateModified":"2024-02-21T14:50:09+00:00","author":{"@id":"https:\/\/www.fiarebancaetica.coop\/ca\/#\/schema\/person\/579841e89c804b5db05d9141bd9b8272"},"breadcrumb":{"@id":"https:\/\/www.fiarebancaetica.coop\/ca\/la-dimensio-internacional-de-fiare-banca-etica\/#breadcrumb"},"inLanguage":"ca","potentialAction":[{"@type":"ReadAction","target":["https:\/\/www.fiarebancaetica.coop\/ca\/la-dimensio-internacional-de-fiare-banca-etica\/"]}]},{"@type":"ImageObject","inLanguage":"ca","@id":"https:\/\/www.fiarebancaetica.coop\/ca\/la-dimensio-internacional-de-fiare-banca-etica\/#primaryimage","url":"https:\/\/www.fiarebancaetica.coop\/app\/uploads\/sites\/2\/2023\/12\/dimension-internacional-de-fiare-banca-etica.jpg","contentUrl":"https:\/\/www.fiarebancaetica.coop\/app\/uploads\/sites\/2\/2023\/12\/dimension-internacional-de-fiare-banca-etica.jpg","width":591,"height":299},{"@type":"BreadcrumbList","@id":"https:\/\/www.fiarebancaetica.coop\/ca\/la-dimensio-internacional-de-fiare-banca-etica\/#breadcrumb","itemListElement":[{"@type":"ListItem","position":1,"name":"Home","item":"https:\/\/www.fiarebancaetica.coop\/ca\/"},{"@type":"ListItem","position":2,"name":"La dimensi\u00f3 internacional de Fiare Banca Etica"}]},{"@type":"WebSite","@id":"https:\/\/www.fiarebancaetica.coop\/ca\/#website","url":"https:\/\/www.fiarebancaetica.coop\/ca\/","name":"Fiare Banca Etica","description":"","potentialAction":[{"@type":"SearchAction","target":{"@type":"EntryPoint","urlTemplate":"https:\/\/www.fiarebancaetica.coop\/ca\/?s={search_term_string}"},"query-input":{"@type":"PropertyValueSpecification","valueRequired":true,"valueName":"search_term_string"}}],"inLanguage":"ca"},{"@type":"Person","@id":"https:\/\/www.fiarebancaetica.coop\/ca\/#\/schema\/person\/579841e89c804b5db05d9141bd9b8272","name":"crispyadmin0","image":{"@type":"ImageObject","inLanguage":"ca","@id":"https:\/\/www.fiarebancaetica.coop\/ca\/#\/schema\/person\/image\/5f3a6b7786f32f4c35bd2b1a5a4698ea","url":"https:\/\/secure.gravatar.com\/avatar\/4d2cfb499d497b6d49da659fab7404b243a87fe8e40d2cf97a1cae48f677f5b2?s=96&d=mm&r=g","contentUrl":"https:\/\/secure.gravatar.com\/avatar\/4d2cfb499d497b6d49da659fab7404b243a87fe8e40d2cf97a1cae48f677f5b2?s=96&d=mm&r=g","caption":"crispyadmin0"},"sameAs":["crispyadmin0"]}]}},"_links":{"self":[{"href":"https:\/\/www.fiarebancaetica.coop\/ca\/wp-json\/wp\/v2\/posts\/345472","targetHints":{"allow":["GET"]}}],"collection":[{"href":"https:\/\/www.fiarebancaetica.coop\/ca\/wp-json\/wp\/v2\/posts"}],"about":[{"href":"https:\/\/www.fiarebancaetica.coop\/ca\/wp-json\/wp\/v2\/types\/post"}],"author":[{"embeddable":true,"href":"https:\/\/www.fiarebancaetica.coop\/ca\/wp-json\/wp\/v2\/users\/2"}],"replies":[{"embeddable":true,"href":"https:\/\/www.fiarebancaetica.coop\/ca\/wp-json\/wp\/v2\/comments?post=345472"}],"version-history":[{"count":1,"href":"https:\/\/www.fiarebancaetica.coop\/ca\/wp-json\/wp\/v2\/posts\/345472\/revisions"}],"predecessor-version":[{"id":353856,"href":"https:\/\/www.fiarebancaetica.coop\/ca\/wp-json\/wp\/v2\/posts\/345472\/revisions\/353856"}],"wp:featuredmedia":[{"embeddable":true,"href":"https:\/\/www.fiarebancaetica.coop\/ca\/wp-json\/wp\/v2\/media\/325914"}],"wp:attachment":[{"href":"https:\/\/www.fiarebancaetica.coop\/ca\/wp-json\/wp\/v2\/media?parent=345472"}],"wp:term":[{"taxonomy":"category","embeddable":true,"href":"https:\/\/www.fiarebancaetica.coop\/ca\/wp-json\/wp\/v2\/categories?post=345472"},{"taxonomy":"post_tag","embeddable":true,"href":"https:\/\/www.fiarebancaetica.coop\/ca\/wp-json\/wp\/v2\/tags?post=345472"},{"taxonomy":"author","embeddable":true,"href":"https:\/\/www.fiarebancaetica.coop\/ca\/wp-json\/wp\/v2\/coauthors?post=345472"}],"curies":[{"name":"wp","href":"https:\/\/api.w.org\/{rel}","templated":true}]}}