{"id":345524,"date":"2017-11-27T00:00:00","date_gmt":"2017-11-26T23:00:00","guid":{"rendered":"https:\/\/www.fiarebancaetica.coop\/el-camino-de-la-economia-social-y-solidaria\/"},"modified":"2024-02-21T15:50:53","modified_gmt":"2024-02-21T14:50:53","slug":"el-camino-de-la-economia-social-y-solidaria","status":"publish","type":"post","link":"https:\/\/www.fiarebancaetica.coop\/ca\/el-camino-de-la-economia-social-y-solidaria\/","title":{"rendered":"El camino de la Econom\u00eda Social y Solidaria"},"content":{"rendered":"\n\n<div class=\"wp-block-bancaetica-blocks-blocks-block-49\">\n    <div class=\"container-block-49\">\n\n        <div class=\"header-section \">\n                            <h1 class=\"section-title\"> Etica e cooperativa <\/h1>\n                                            <\/div>\n\n        \n        <div class=\"block-background\" style=\"background-image: url('https:\/\/www.fiarebancaetica.coop\/app\/uploads\/sites\/2\/2023\/12\/el-camino-de-economia-social-y-solidaria_0.jpg')\">\n                            <div class=\"tile\">\n                    <h1 class=\"image-title\"> El camino de la Econom\u00eda Social y Solidaria <\/h1>\n                <\/div>             <!-- end .tile -->\n            <div class=\"bottom-content\">\n                            <\/div> <!-- end .button-content -->\n        <\/div> <!-- end .block-background -->\n    <\/div> <!-- end .container -->\n<\/div> <!-- end wp-block-bancaetica-blocks-blocks-block-06 -->\n\n\n<div class=\"wrapper-crispybacon-class wrapper-crispybacon-class-boxed \">\n    <h4>\n\t<a href=\"#cat\">catal\u00e0<\/a>&nbsp;&nbsp;<a href=\"#ga\">galego<\/a>&nbsp; &nbsp;<a href=\"#eu\">euskera<\/a><\/h4>\n<p><em><strong>por Ugo Biggeri<\/strong><\/em><\/p>\n<p>La econom\u00eda social y solidaria tiene buenas oportunidades de desarrollo y de influencia en la econom\u00eda actual. A lo largo de los a\u00f1os que llevo en este sector he observado una evoluci\u00f3n muy positiva de este modelo econ\u00f3mico transformador que pretende crear una sociedad m\u00e1s justa.<\/p>\n<p>En este camino he descubierto una riqueza incre\u00edble de personas y organizaciones ilusionadas por un cambio social.&nbsp; Sin embargo esta fuerza est\u00e1 oculta y parece ser menor incluso para los&nbsp; mismos miembros de la econom\u00eda&nbsp; social y&nbsp; solidaria.<\/p>\n<h3>\n\t<strong>El primer reto que la econom\u00eda social y solidaria tiene por delante es descubrir su propia fuerza<\/strong><\/h3>\n<p>Las diferentes formas y organizaciones del sector a veces no se reconocen entre ellas por diferentes motivos. Por un lado los medios de comunicaci\u00f3n apenas dan cobertura a noticias vinculadas al sector; en segundo lugar tienen una discriminaci\u00f3n ideol\u00f3gica y acad\u00e9mica: se presenta como una econom\u00eda de caridad, no de justicia, como una econom\u00eda que no puede funcionar y no como una econom\u00eda diferente. Y por \u00faltimo, parte de los actores est\u00e1n desunidos entre s\u00ed y no aceptan ser parte de una idea com\u00fan de cambio.<\/p>\n<p>Es muy importante tener una visi\u00f3n global sobre el mundo que queremos construir y crear una biodiversidad de empresas sociales y solidarias que sean el motor del cambio cultural necesario.<\/p>\n<p><strong>Algunas l\u00edneas de trabajo a potenciar creo que deber\u00edan apuntar hacia:<\/strong><\/p>\n<ul>\n\t<li>\n\t\tPotenciar el trabajo en red. REAS Red de Redes es un buen ejemplo. En Italia no existe un red tan amplia.&nbsp;<\/li>\n\t<li>\n\t\tBuscar conexiones comerciales, tambi\u00e9n simb\u00f3licas, entre los actores y clientes de las redes y fomentar la utilizaci\u00f3n de la econom\u00eda solidaria en todos los sectores.<\/li>\n\t<li>\n\t\tPresentarse de una forma m\u00e1s unida a la ciudadan\u00eda trabajando sobre los aspectos participativos, tambi\u00e9n utilizando las nuevas oportunidades de la era digital.<\/li>\n<\/ul>\n<h3>\n\t<strong>El segundo reto es la eficiencia social y medioambiental<\/strong><\/h3>\n<p>A trav\u00e9s de un ejemplo expondr\u00e9 la idea. Las finanzas \u00e9ticas tienen un objetivo doble: quieren mostrar al mundo que el ahorro puede ser un bien com\u00fan y en consecuencia es posible hacer actividad bancaria con impacto positivo.<\/p>\n<p>El segundo objetivo es m\u00e1s importante: mostrar que una empresa puede funcionar bien si su objetivo no es econ\u00f3mico sino social, medioambiental y cultural. Una empresa donde las cuentas econ\u00f3micas deben funcionar pero no son el objetivo principal de la empresa. Esto es lo que las realidades de la econom\u00eda social y solidaria hacen todos los d\u00edas, pero exactamente esto es lo que la teor\u00eda econ\u00f3mica cl\u00e1sica desconoce.<\/p>\n<p>Nuestro reto, m\u00e1s all\u00e1 de lo econ\u00f3mico, si queremos cambiar el mundo es medir el impacto que tenemos, evaluar a\u00f1o tras a\u00f1o, las relaciones que construimos y el resultado final de nuestro trabajo.<br \/>\n\tLa palabra eficiencia no nos gusta porque se asocia a la eficiencia econ\u00f3mica que en nuestra experiencia amenaza a la social pero la eficiencia en el impacto social y medioambiental es lo que queremos. En cambio nos sirve para mostrar que la econom\u00eda social y solidaria es una nueva forma de econom\u00eda.&nbsp;&nbsp;&nbsp;&nbsp;&nbsp;&nbsp;&nbsp;&nbsp;&nbsp;&nbsp;&nbsp;&nbsp;&nbsp;&nbsp;&nbsp;&nbsp;&nbsp;&nbsp;&nbsp;&nbsp;&nbsp;&nbsp;&nbsp;&nbsp;&nbsp;&nbsp;&nbsp;&nbsp;&nbsp;<\/p>\n<h3>\n\t<strong>Finalmente el tercer reto es el pol\u00edtico estrat\u00e9gico<\/strong><\/h3>\n<p>Estamos en un momento contradictorio. Las finanzas gobiernan el mundo, el modelo cooperativo cl\u00e1sico est\u00e1 distanciado del mundo pol\u00edtico que, influenciado por las ideas de la econom\u00eda liberal, no reconoce por igual las actividades econ\u00f3micas con impacto social positivo.&nbsp;<\/p>\n<p>Se necesita un apoyo fuerte a las realidades cooperativas locales y nuevas por parte de las administraciones, el mundo bancario cooperativo en Italia y en Espa\u00f1a est\u00e1 en v\u00edas de destrucci\u00f3n por los cambios legislativos y por la p\u00e9rdida de ideales de las mismas cooperativas bancarias que se han distanciado de la participaci\u00f3n de sus bases y objetivos sociales.&nbsp;<\/p>\n<p>Conceptos como mutualidad, solidaridad, cooperaci\u00f3n parecen haber perdido el significado para los j\u00f3venes. Cuesta reconocer los valores de la econom\u00eda solidaria en las pr\u00e1cticas siempre&nbsp; difusas de la \u201csharing economy\u201d muy vinculadas a lo digital, sobre todo en la forma de gobernanza y tipo de propiedad.<\/p>\n<p>La experiencia de Fiare Banca Etica muestra que se puede influir en la econom\u00eda y tambi\u00e9n ser una cooperativa, donde la participaci\u00f3n sea un valor.&nbsp; Precisamente la participaci\u00f3n en un mundo de transformaci\u00f3n digital es uno de los desaf\u00edos.&nbsp; Continuar apostando por la participaci\u00f3n es uno de los valores y caracteres fundamentales de las organizaciones de la econom\u00eda social y solidaria.<br \/>\n\t&nbsp;&nbsp;&nbsp;&nbsp;&nbsp;&nbsp;&nbsp;&nbsp;&nbsp;&nbsp;&nbsp;&nbsp;&nbsp;&nbsp;&nbsp;&nbsp;&nbsp;&nbsp;&nbsp;&nbsp;&nbsp;&nbsp;&nbsp;&nbsp;&nbsp;&nbsp;&nbsp;&nbsp;&nbsp;&nbsp;&nbsp;&nbsp;&nbsp;&nbsp;&nbsp;&nbsp;&nbsp;&nbsp;&nbsp;&nbsp;&nbsp;&nbsp;&nbsp;&nbsp;&nbsp;&nbsp;&nbsp;&nbsp;&nbsp;&nbsp;&nbsp;&nbsp;&nbsp;&nbsp;&nbsp;&nbsp;&nbsp;&nbsp;&nbsp;&nbsp;&nbsp;&nbsp;&nbsp;&nbsp;&nbsp;&nbsp;&nbsp;&nbsp;&nbsp;&nbsp;&nbsp;&nbsp;&nbsp;&nbsp;&nbsp;&nbsp;&nbsp;&nbsp;&nbsp;&nbsp;&nbsp;&nbsp;&nbsp;&nbsp;&nbsp;&nbsp;&nbsp;&nbsp;&nbsp;&nbsp;&nbsp;&nbsp;&nbsp;&nbsp;&nbsp;&nbsp;&nbsp;&nbsp;&nbsp;&nbsp;&nbsp;&nbsp;&nbsp;&nbsp;&nbsp;&nbsp;&nbsp;&nbsp;&nbsp;&nbsp;&nbsp;&nbsp;&nbsp;&nbsp;&nbsp;&nbsp;&nbsp;&nbsp;&nbsp;&nbsp;&nbsp;&nbsp;&nbsp;&nbsp;&nbsp;&nbsp;&nbsp;&nbsp;&nbsp;&nbsp;&nbsp;&nbsp;&nbsp;&nbsp;&nbsp;&nbsp;&nbsp;&nbsp;&nbsp;&nbsp;&nbsp;&nbsp;&nbsp;&nbsp;&nbsp;&nbsp;&nbsp;&nbsp;&nbsp;&nbsp;&nbsp;&nbsp;&nbsp;&nbsp;&nbsp;&nbsp;&nbsp;&nbsp;&nbsp;&nbsp;&nbsp;&nbsp;&nbsp;&nbsp;&nbsp;&nbsp;&nbsp;&nbsp;&nbsp;&nbsp;&nbsp;&nbsp;&nbsp;&nbsp;&nbsp;&nbsp;&nbsp;&nbsp;&nbsp;&nbsp;&nbsp;&nbsp;&nbsp;&nbsp;&nbsp;&nbsp;&nbsp;&nbsp;&nbsp;&nbsp;&nbsp;&nbsp;&nbsp;&nbsp;&nbsp;&nbsp;&nbsp;&nbsp;&nbsp;&nbsp;&nbsp;&nbsp;&nbsp;&nbsp;&nbsp;&nbsp;&nbsp;&nbsp;&nbsp;&nbsp;&nbsp;&nbsp;&nbsp;<br \/>\n\t<strong>(Extracto de la conferencia de presentaci\u00f3n de El Valor del Dinero, U.Biggeri, en Murcia )<\/strong><\/p>\n<p><strong>_____________________________________________________________________<\/strong><\/p>\n<h2>\n\t<strong><a id=\"eu\" name=\"eu\"><\/a>Ekonomia sozial eta solidarioaren bidea (Ugo Biggeri)<\/strong><\/h2>\n<p>Ekonomia sozial eta solidarioak garatzeko eta egungo ekonomian eragiteko aukera onak ditu. Sektore honetan daramatzadan urteetan ikusi dudanez, gizarte justuago bat sortzea xede duen eredu ekonomiko eraldatzaile horrek oso bilakaera positiboa izan du.<\/p>\n<p>Orain arteko ibilbidea izugarri aberasgarria izan da, gizartea aldatzearekin amets egiten duten hainbat lagun eta erakunde ezagutu baititut. Alabaina, indar hori ezkutuan dago, eta are apalagoa dirudi ekonomia sozial eta solidarioko kideentzat berentzat.<\/p>\n<h3>\n\tEkonomia sozial eta solidarioaren hurrengo erronka nagusia da haren indarraz jabetzea<\/h3>\n<p>Batzuetan, sektoreko hainbat forma eta erakundek ez dute elkar ezagutzen, hainbat arrazoi direla eta. Batetik, komunikabideek ia ez dute sektoreari buruzko albisteen berri ematen, eta bestetik, diskriminazio ideologikoa eta akademikoa egiten dute: karitatezko ekonomia bat dela diote \u2013eta ez justiziazkoa\u2013, funtzionatu ezin duen ekonomia bat \u2013eta ez ekonomia desberdin bat\u2013. Azkenik, aktoreetako batzuk ez daude batuta, eta ez dute aldaketaren ideia komun baten parte izan nahi.<\/p>\n<p>Oso garrantzitsua da eraiki nahi dugun munduaren ikuspegi orokor bat izatea, bai eta beharrezko aldaketa kulturala eragingo duten enpresa sozial eta solidarioen bioaniztasun bat sortzea ere.<\/p>\n<p>Helburu hauetara bideratuta egon behar lukete sustatu beharreko lan-ildo batzuek:<br \/>\n\tSareko lana bultzatzea. REAS Red de Redes adibide ona da. Italian ez dago hain sare zabalik.&nbsp;<br \/>\n\tLotura komertzialak bilatzea, baita sinbolikoak ere, sareetako aktoreen eta bezeroen artean, eta ekonomia solidarioa sektore guztietan erabil dadin sustatzea.<br \/>\n\tBatuago aurkeztea herritarren aurrean, alderdi partizipatiboak landuz eta aro digitaleko aukera berriak baliatuz.<\/p>\n<h3>\n\tBigarren erronka gizarte- eta ingurumen-eraginkortasuna da<\/h3>\n<p>Adibide batekin azalduko dut ideia hau. Finantza etikoek bi helburu dituzte: lehena da munduari erakustea aurreztea ondasun komun bat izan daitekeela, eta beraz, banku-jarduerek eragin positiboa izan dezaketela.<\/p>\n<p>Bigarren helburua garrantzitsuagoa da: erakustea enpresa batek ondo funtziona dezakeela xede ekonomikoa beharrean soziala, ingurumenekoa eta kulturala badu. Enpresa horretan, kontu ekonomikoek funtzionatu egin behar dute, baina ez dira enpresaren helburu nagusia. Hori da ekonomia sozial eta solidarioko errealitateek egunero egiten dutena, eta horixe da, hain zuzen ere, teoria ekonomiko klasikoak ez dakiena.<\/p>\n<p>Mundua aldatu nahi badugu, gure erronka, alderdi ekonomikoaz gain, zer inpaktu dugun neurtzea da, urtero-urtero ebaluatzea zer harreman eraikitzen ditugun eta zein den gure lanaren azken emaitza.<br \/>\n\t<br \/>\n\tEraginkortasun hitza ez dugu atsegin, eraginkortasun ekonomikoarekin lotzen baita; horrek, gure esperientzian, gizarte-eraginkortasuna mehatxatzen du, baina benetan nahi duguna gizarte- eta ingurumen-inpaktuaren eraginkortasuna da. Hala eta guztiz ere, ekonomia sozial eta solidarioa ekonomia-modu berri bat dela erakusteko balio digu.&nbsp;&nbsp;&nbsp;&nbsp;&nbsp;&nbsp;&nbsp;&nbsp;&nbsp;&nbsp;&nbsp;&nbsp;&nbsp;&nbsp;&nbsp;&nbsp;&nbsp;&nbsp;&nbsp;&nbsp;&nbsp;&nbsp;&nbsp;&nbsp;&nbsp;&nbsp;&nbsp;&nbsp;&nbsp;<\/p>\n<h3>\n\tAzkenik, hirugarren erronka politiko-estrategikoa da<\/h3>\n<div>\n\tUne kontraesankor batean gaude. Finantzek gobernatzen dute mundua, eredu kooperatibo klasikoa mundu politikotik bereizita dago, eta azken horrek, ekonomia liberaleko ideien eraginez, ez ditu modu berean aintzat hartzen inpaktu sozial positiboa duten jarduera ekonomikoak.&nbsp;<\/div>\n<p>Administrazioek babes sendoa eman behar diete tokiko errealitate kooperatibo berriei; Italian eta Espainian, banku-mundu kooperatiboa suntsitzeko bidean dago, lege-aldaketengatik ez ezik, banku-kooperatibek idealak galdu dituztelako eta beren oinarrien parte-hartzetik eta helburu sozialetatik aldendu direlako.&nbsp;<\/p>\n<p>Badirudi mutualitate, solidaritate, kooperazio eta halako kontzeptuek esanahia galdu dutela gazteentzat. Zaila da ekonomia solidarioaren balioak ikustea \u201csharing economy\u201d delakoaren jardunbide lausoetan; arlo digitalari oso lotuta daude, gobernantza-moduari eta jabetza-motari dagokienez, batik bat.<\/p>\n<p>Fiare Banca Eticaren esperientziak erakusten du parte-hartzea baliotzat duen kooperatiba batek ekonomian eragina izan dezakeela. Hain zuzen ere, eraldaketa digital betean dagoen mundu batean, parte-hartzea da erronketako bat. Parte-hartzearen alde egiten jarraitzea da ekonomia sozial eta solidarioko erakundeen funtsezko balio eta ezaugarrietako bat.<br \/>\n\t&nbsp;&nbsp;&nbsp;&nbsp;&nbsp;&nbsp;&nbsp;&nbsp;&nbsp;&nbsp;&nbsp;&nbsp;&nbsp;&nbsp;&nbsp;&nbsp;&nbsp;&nbsp;&nbsp;&nbsp;&nbsp;&nbsp;&nbsp;&nbsp;&nbsp;&nbsp;&nbsp;&nbsp;&nbsp;&nbsp;&nbsp;&nbsp;&nbsp;&nbsp;&nbsp;&nbsp;&nbsp;&nbsp;&nbsp;&nbsp;&nbsp;&nbsp;&nbsp;&nbsp;&nbsp;&nbsp;&nbsp;&nbsp;&nbsp;&nbsp;&nbsp;&nbsp;&nbsp;&nbsp;&nbsp;&nbsp;&nbsp;&nbsp;&nbsp;&nbsp;&nbsp;&nbsp;&nbsp;&nbsp;&nbsp;&nbsp;&nbsp;&nbsp;&nbsp;&nbsp;&nbsp;&nbsp;&nbsp;&nbsp;&nbsp;&nbsp;&nbsp;&nbsp;&nbsp;&nbsp;&nbsp;&nbsp;&nbsp;&nbsp;&nbsp;&nbsp;&nbsp;&nbsp;&nbsp;&nbsp;&nbsp;&nbsp;&nbsp;&nbsp;&nbsp;&nbsp;&nbsp;&nbsp;&nbsp;&nbsp;&nbsp;&nbsp;&nbsp;&nbsp;&nbsp;&nbsp;&nbsp;&nbsp;&nbsp;&nbsp;&nbsp;&nbsp;&nbsp;&nbsp;&nbsp;&nbsp;&nbsp;&nbsp;&nbsp;&nbsp;&nbsp;&nbsp;&nbsp;&nbsp;&nbsp;&nbsp;&nbsp;&nbsp;&nbsp;&nbsp;&nbsp;&nbsp;&nbsp;&nbsp;&nbsp;<strong>&nbsp;&nbsp;&nbsp;&nbsp;&nbsp;&nbsp;&nbsp;&nbsp;&nbsp;&nbsp;&nbsp;&nbsp;&nbsp;&nbsp;&nbsp;&nbsp;&nbsp;&nbsp;&nbsp;&nbsp;&nbsp;&nbsp;&nbsp;&nbsp;&nbsp;&nbsp;&nbsp;&nbsp;&nbsp;&nbsp;&nbsp;&nbsp;&nbsp;&nbsp;&nbsp;&nbsp;&nbsp;&nbsp;&nbsp;&nbsp;&nbsp;&nbsp;&nbsp;&nbsp;&nbsp;&nbsp;&nbsp;&nbsp;&nbsp;&nbsp;&nbsp;&nbsp;&nbsp;&nbsp;&nbsp;&nbsp;&nbsp;&nbsp;&nbsp;&nbsp;&nbsp;&nbsp;&nbsp;&nbsp;&nbsp;&nbsp;&nbsp;&nbsp;&nbsp;&nbsp;&nbsp;&nbsp;&nbsp;&nbsp;&nbsp;&nbsp;&nbsp;<br \/>\n\t(U. Biggeri-k Murtzian egindako El Valor del Dinero lanaren aurkezpen-hitzaldiaren laburpena.)<\/strong><\/p>\n<p><strong>_____________________________________________________________________<\/strong><\/p>\n<p>&nbsp;<\/p>\n<h2>\n\t<a id=\"cat\" name=\"cat\"><\/a>El cam\u00ed de l\u2019economia social i solid\u00e0ria, per Ugo Biggeri<\/h2>\n<p><br \/>\n\tL\u2019economia social i solid\u00e0ria t\u00e9 bones oportunitats de desenvolupament i d\u2019influ\u00e8ncia dins l\u2019economia actual. Tot al llarg dels anys que fa que soc en aquest sector he observat una evoluci\u00f3 molt positiva d\u2019aquest model econ\u00f2mic transformador que pret\u00e9n crear una societat m\u00e9s justa.<\/p>\n<p>En aquest cam\u00ed he descobert una riquesa incre\u00efble de persones i organitzacions i\u0140lusionades en un canvi social.&nbsp; Tanmateix, aquesta for\u00e7a est\u00e0 oculta i sembla que \u00e9s m\u00e9s feble fins i tot per als&nbsp; mateixos membres de l\u2019economia&nbsp; social i&nbsp; solid\u00e0ria.<\/p>\n<h3>\n\tEl primer repte que l\u2019economia social i solid\u00e0ria t\u00e9 al davant \u00e9s descobrir la pr\u00f2pia for\u00e7a<\/h3>\n<p>Les diferents formes i organitzacions del sector de vegades no es reconeixen entre elles per diversos motius. D\u2019una banda, els mitjans de comunicaci\u00f3 amb prou feines cobreixen not\u00edcies vinculades al sector. En segon lloc, pateixen una discriminaci\u00f3 ideol\u00f2gica i acad\u00e8mica: es presenta com una economia de caritat, no de just\u00edcia, com una economia que no pot funcionar i no com una economia diferent. I, per acabar, part dels actors estan desunits entre ells i no accepten ser part d\u2019una idea comuna de canvi.<\/p>\n<p>\u00c9s molt important tenir una visi\u00f3 global sobre el m\u00f3n que volem construir i crear una biodiversitat d\u2019empreses socials i solid\u00e0ries que siguin el motor del canvi cultural necessari.<\/p>\n<p><strong>Algunes l\u00ednies de treball a potenciar crec que haurien d\u2019apuntar cap a:<\/strong><\/p>\n<p>\u2022 Potenciar el treball en xarxa. REAS Red de Redes n\u2019\u00e9s un bon exemple. A It\u00e0lia no existeix una xarxa tan \u00e0mplia.&nbsp;<br \/>\n\t\u2022 Buscar connexions comercials, tamb\u00e9 simb\u00f2liques, entre actors i clients de les xarxes, i fomentar la utilitzaci\u00f3 de l\u2019economia solid\u00e0ria en tots els sectors.<br \/>\n\t\u2022 Presentar-se d\u2019una manera m\u00e9s unida a la ciutadania treballant en els aspectes participatius, tamb\u00e9 utilitzant les noves oportunitats de l\u2019era digital.<\/p>\n<h3>\n\tEl segon repte \u00e9s l\u2019efici\u00e8ncia social i mediambiental<\/h3>\n<p>A trav\u00e9s d\u2019un exemple exposar\u00e9 la idea. Les finances \u00e8tiques tenen un objectiu doble: volen mostrar al m\u00f3n que l\u2019estalvi pot ser un b\u00e9 com\u00fa i que en conseq\u00fc\u00e8ncia es pot fer activitat banc\u00e0ria amb impacte positiu.<\/p>\n<p>El segon objectiu \u00e9s m\u00e9s important: mostrar que una empresa pot funcionar b\u00e9 si el seu objectiu no \u00e9s econ\u00f2mic sin\u00f3 social, mediambiental i cultural. Una empresa on els comptes econ\u00f2mics han de funcionar per\u00f2 no s\u00f3n l\u2019objectiu principal de l\u2019empresa. Aix\u00f2 \u00e9s el que les realitats de l\u2019economia social i solid\u00e0ria fan cada dia, per\u00f2 justament aix\u00f2 \u00e9s el que la teoria econ\u00f2mica cl\u00e0ssica desconeix.<\/p>\n<p>El nostre repte, m\u00e9s enll\u00e0 de l\u2019econ\u00f2mic, si volem canviar el m\u00f3n, \u00e9s mesurar l\u2019impacte que tenim, avaluar any rere any les relacions que constru\u00efm i el resultat final de la nostra feina.<\/p>\n<p>La paraula efici\u00e8ncia no ens agrada perqu\u00e8 s\u2019associa a l\u2019efici\u00e8ncia econ\u00f2mica, que en la nostra experi\u00e8ncia amena\u00e7a la social, per\u00f2 \u00e9s l\u2019efici\u00e8ncia en l\u2019impacte social i mediambiental el que volem. En canvi, ens serveix per mostrar que l\u2019economia social i solid\u00e0ria \u00e9s una nova forma d\u2019economia.<\/p>\n<h3>\n\tFinalment, el tercer repte \u00e9s el pol\u00edtic estrat\u00e8gic<\/h3>\n<p>Som en un moment contradictori. Les finances governen el m\u00f3n, el model cooperatiu cl\u00e0ssic est\u00e0 distanciat del m\u00f3n pol\u00edtic que, influ\u00eft per les idees de l\u2019economia liberal, no reconeix de la mateixa manera les activitats econ\u00f2miques amb impacte social positiu.&nbsp;<\/p>\n<p>Cal un suport fort a les realitats cooperatives locals i noves per part de les administracions. El m\u00f3n bancari cooperatiu a It\u00e0lia i a Espanya est\u00e0 en vies de destrucci\u00f3 pels canvis legislatius i per la p\u00e8rdua d\u2019ideals de les mateixes cooperatives banc\u00e0ries, que s\u2019han distanciat de la participaci\u00f3 de les seves bases i els seus objectius socials.&nbsp;<\/p>\n<p>Conceptes com mutualitat, solidaritat, cooperaci\u00f3 semblen haver perdut el significat per als joves. Costa recon\u00e8ixer els valors de l\u2019economia solid\u00e0ria en les pr\u00e0ctiques sempre&nbsp; difuses de la sharing economy, molt vinculades al m\u00f3n digital, sobretot en la forma de governan\u00e7a i el tipus de propietat.<\/p>\n<p>L\u2019experi\u00e8ncia de Fiare Banca Etica mostra que es pot influir en l\u2019economia i tamb\u00e9 ser una cooperativa, en la qual la participaci\u00f3 sigui un valor.&nbsp; Justament la participaci\u00f3 en un m\u00f3n de transformaci\u00f3 digital \u00e9s un dels desafiaments.&nbsp; Continuar apostant per la participaci\u00f3 \u00e9s un dels valors i car\u00e0cters fonamentals de les organitzacions de l\u2019economia social i solid\u00e0ria.<\/p>\n<p><br \/>\n\t<strong>(Extracte de la confer\u00e8ncia de presentaci\u00f3 d\u2019El valor dels diners, U.Biggeri, a M\u00farcia.)<\/strong><\/p>\n<p><strong>_____________________________________________________________________<\/strong><\/p>\n<h2>\n\t<a id=\"ga\" name=\"ga\"><\/a>O cami\u00f1o da Econom\u00eda Social e Solidaria, por Ugo Biggeri<\/h2>\n<p>A econom\u00eda social e solidaria ten boas oportunidades de desenvolvemento e de influencia na econom\u00eda actual. Ao longo dos anos que levo neste sector, observei unha evoluci\u00f3n moi positiva deste modelo econ\u00f3mico transformador que pretende crear unha sociedade m\u00e1is xusta.<\/p>\n<p>Neste cami\u00f1o descubr\u00edn unha riqueza incrible de persoas e organizaci\u00f3ns ilusionadas por un cambio social. Por\u00e9n, esta forza est\u00e1 oculta e semella ser menor mesmo para os propios membros da econom\u00eda social e solidaria.<\/p>\n<h3>\n\tO primeiro reto que a econom\u00eda social e solidaria ten por diante \u00e9 descubrir a s\u00faa propia forza<\/h3>\n<p>As diferentes formas e organizaci\u00f3ns do sector \u00e1s veces non se reco\u00f1ecen entre elas por diferentes motivos. Dunha banda, os medios de comunicaci\u00f3n apenas dan coberturas a novas ligadas co sector; doutra, te\u00f1en unha discriminaci\u00f3n ideol\u00f3xica e acad\u00e9mica: pres\u00e9ntase como unha econom\u00eda de caridade, non de xustiza, como unha econom\u00eda que non pode funcionar e non como unha econom\u00eda diferente. E, por \u00faltimo, parte dos actores est\u00e1n desunidos entre si e non aceptan ser parte dunha idea com\u00fan de cambio.<\/p>\n<p>\u00c9 moi importante ter unha visi\u00f3n global sobre o mundo que queremos constru\u00edr e crear unha biodiversidade de empresas sociais e solidarias que sexan o motor do cambio cultural necesario.<\/p>\n<p><strong>Algunhas li\u00f1as de traballo que se deben potenciar penso que deber\u00edan apuntar cara a:<\/strong><br \/>\n\t\u2022 Potenciar o traballo en rede. REAS Red de Redes \u00e9 un bo exemplo. En Italia non existe unha rede tan ampla.&nbsp;<br \/>\n\t\u2022 Procurar conexi\u00f3ns comerciais, tam\u00e9n simb\u00f3licas, entre os actores e clientes das redes e fomentar a utilizaci\u00f3n da econom\u00eda solidaria en todos os sectores.<br \/>\n\t\u2022 Presentarse dunha forma m\u00e1is unida \u00e1 cidadan\u00eda, traballando nos aspectos participativos e utilizando tam\u00e9n as novas oportunidades da era dixital.<\/p>\n<h3>\n\tO segundo reto \u00e9 a eficiencia social e ambiental<\/h3>\n<p>Exporei a idea cun exemplo. As finanzas \u00e9ticas te\u00f1en un obxectivo dobre: queren amosar ao mundo que o aforro pode ser un ben com\u00fan e que, en consecuencia, \u00e9 posible facer actividade bancaria cun impacto positivo.<\/p>\n<p>O segundo obxectivo \u00e9 m\u00e1is importante: amosar que unha empresa pode funcionar ben se o seu obxectivo non \u00e9 econ\u00f3mico sen\u00f3n social, ambiental e cultural. Unha empresa na que as contas econ\u00f3micas deben funcionar, mais que non son o obxectivo principal da empresa. Isto \u00e9 o que as realidades da econom\u00eda social e solidaria fan todos os d\u00edas, pero exactamente isto \u00e9 o que a teor\u00eda econ\u00f3mica cl\u00e1sica desco\u00f1ece.<\/p>\n<p>O noso reto, al\u00e9n do econ\u00f3mico, se queremos cambiar o mundo, \u00e9 medir o impacto que temos, avaliar, ano tras ano, as relaci\u00f3ns que constru\u00edmos e o resultado final do noso traballo.<\/p>\n<p>A palabra \u00abeficiencia\u00bb non nos gusta porque se asocia \u00e1 eficiencia econ\u00f3mica, que na nosa experiencia ameaza \u00e1 social, mais a eficiencia no impacto social e ambiental \u00e9 o que queremos. En cambio, s\u00e9rvenos para amosar que a econom\u00eda social e solidaria \u00e9 unha nova forma de econom\u00eda.&nbsp;&nbsp;&nbsp;&nbsp;&nbsp;&nbsp;&nbsp;&nbsp;&nbsp;&nbsp;&nbsp;&nbsp;&nbsp;&nbsp;&nbsp;&nbsp;&nbsp;&nbsp;&nbsp;&nbsp;&nbsp;&nbsp;&nbsp;&nbsp;&nbsp;&nbsp;&nbsp;&nbsp;&nbsp;<\/p>\n<h3>\n\tFinalmente, o terceiro reto \u00e9 o pol\u00edtico-estrat\u00e9xico<\/h3>\n<p>Estamos nun momento contraditorio. As finanzas gobernan o mundo, o modelo cooperativo cl\u00e1sico est\u00e1 distanciado do mundo pol\u00edtico que, influenciado polas ideas da econom\u00eda liberal, non reco\u00f1ece por igual as actividades econ\u00f3micas con impacto social positivo.&nbsp;<\/p>\n<p>C\u00f3mpre un apoio forte \u00e1s realidades cooperativas locais e novas por parte das administraci\u00f3ns. O mundo bancario cooperativo en Italia e en Espa\u00f1a est\u00e1 en v\u00edas de destruci\u00f3n polos cambios lexislativos e pola perda de ideais das mesmas cooperativas bancarias que se distanciaron da participaci\u00f3n das s\u00faas bases e dos seus obxectivos sociais.&nbsp;<\/p>\n<p>Conceptos como mutualidade, solidariedade ou cooperaci\u00f3n semella que perderon o significado para a mocidade. Custa reco\u00f1ecer os valores da econom\u00eda solidaria nas pr\u00e1cticas sempre difusas da econom\u00eda colaborativa, moi ligadas ao dixital, sobre todo na forma de gobernanza e no tipo de propiedade.<\/p>\n<p>A experiencia de Fiare Banca Etica amosa que se pode influ\u00edr na econom\u00eda e tam\u00e9n ser unha cooperativa, na que a participaci\u00f3n \u00e9 un valor. A participaci\u00f3n nun mundo de transformaci\u00f3n dixital \u00e9 precisamente un dos desaf\u00edos. Continuar a apostar pola participaci\u00f3n \u00e9 un dos valores e caracteres fundamentais das organizaci\u00f3ns da econom\u00eda social e solidaria.<br \/>\n\t&nbsp;&nbsp;&nbsp;&nbsp;&nbsp;&nbsp;&nbsp;&nbsp;&nbsp;&nbsp;&nbsp;&nbsp;&nbsp;&nbsp;&nbsp;&nbsp;&nbsp;&nbsp;&nbsp;&nbsp;&nbsp;&nbsp;&nbsp;&nbsp;&nbsp;&nbsp;&nbsp;&nbsp;&nbsp;&nbsp;&nbsp;&nbsp;&nbsp;&nbsp;&nbsp;&nbsp;&nbsp;&nbsp;&nbsp;&nbsp;&nbsp;&nbsp;&nbsp;&nbsp;&nbsp;&nbsp;&nbsp;&nbsp;&nbsp;&nbsp;&nbsp;&nbsp;&nbsp;&nbsp;&nbsp;&nbsp;&nbsp;&nbsp;&nbsp;&nbsp;&nbsp;&nbsp;&nbsp;&nbsp;&nbsp;&nbsp;&nbsp;&nbsp;&nbsp;&nbsp;&nbsp;&nbsp;&nbsp;&nbsp;&nbsp;&nbsp;&nbsp;&nbsp;&nbsp;&nbsp;&nbsp;&nbsp;&nbsp;&nbsp;&nbsp;&nbsp;&nbsp;&nbsp;&nbsp;&nbsp;&nbsp;&nbsp;&nbsp;&nbsp;&nbsp;&nbsp;&nbsp;&nbsp;&nbsp;&nbsp;&nbsp;&nbsp;&nbsp;&nbsp;&nbsp;&nbsp;&nbsp;&nbsp;&nbsp;&nbsp;&nbsp;&nbsp;&nbsp;&nbsp;&nbsp;&nbsp;&nbsp;&nbsp;&nbsp;&nbsp;&nbsp;&nbsp;&nbsp;&nbsp;&nbsp;&nbsp;&nbsp;&nbsp;&nbsp;&nbsp;&nbsp;&nbsp;&nbsp;&nbsp;&nbsp;&nbsp;&nbsp;&nbsp;&nbsp;&nbsp;&nbsp;&nbsp;&nbsp;&nbsp;&nbsp;&nbsp;&nbsp;&nbsp;&nbsp;&nbsp;&nbsp;&nbsp;&nbsp;&nbsp;&nbsp;&nbsp;&nbsp;&nbsp;&nbsp;&nbsp;&nbsp;&nbsp;&nbsp;&nbsp;&nbsp;&nbsp;&nbsp;&nbsp;&nbsp;&nbsp;&nbsp;&nbsp;&nbsp;&nbsp;&nbsp;&nbsp;&nbsp;&nbsp;&nbsp;&nbsp;&nbsp;&nbsp;&nbsp;&nbsp;&nbsp;&nbsp;&nbsp;&nbsp;&nbsp;&nbsp;&nbsp;&nbsp;&nbsp;&nbsp;&nbsp;&nbsp;&nbsp;&nbsp;&nbsp;&nbsp;&nbsp;&nbsp;&nbsp;&nbsp;&nbsp;&nbsp;&nbsp;&nbsp;&nbsp;&nbsp;&nbsp;&nbsp;<br \/>\n\t<strong>(Extracto da conferencia de presentaci\u00f3n de El valor del dinero, de U. Biggeri, en Murcia.)<\/strong><\/p>\n<p>&nbsp;<\/p>\n<p>&nbsp;<\/p>\n<\/div>","protected":false},"excerpt":{"rendered":"<p>La econom\u00eda social y solidaria tiene buenas oportunidades de desarrollo y de influencia en la econom\u00eda actual. A lo largo de los a\u00f1os que llevo en este sector he observado una evoluci\u00f3n muy positiva de este modelo econ\u00f3mico transformador que pretende crear una sociedad m\u00e1s justa.<\/p>\n<p>En este camino he descubierto una riqueza incre\u00edble de personas y organizaciones ilusionadas por un cambio social.&nbsp; Sin embargo esta fuerza est\u00e1 oculta y parece ser menor incluso para los&nbsp; mismos miembros de la econom\u00eda&nbsp; social y&nbsp; solidaria.<\/p>\n","protected":false},"author":2,"featured_media":325866,"comment_status":"open","ping_status":"closed","sticky":false,"template":"","format":"standard","meta":{"_acf_changed":false,"footnotes":""},"categories":[11643],"tags":[],"coauthors":[],"class_list":["post-345524","post","type-post","status-publish","format-standard","has-post-thumbnail","hentry","category-finances-etiques"],"acf":[],"yoast_head":"<!-- This site is optimized with the Yoast SEO plugin v26.9 - https:\/\/yoast.com\/product\/yoast-seo-wordpress\/ -->\n<title>El camino de la Econom\u00eda Social y Solidaria - Fiare Banca Etica<\/title>\n<meta name=\"robots\" content=\"index, follow, max-snippet:-1, max-image-preview:large, max-video-preview:-1\" \/>\n<link rel=\"canonical\" href=\"https:\/\/www.fiarebancaetica.coop\/ca\/el-camino-de-la-economia-social-y-solidaria\/\" \/>\n<meta property=\"og:locale\" content=\"ca_ES\" \/>\n<meta property=\"og:type\" content=\"article\" \/>\n<meta property=\"og:title\" content=\"El camino de la Econom\u00eda Social y Solidaria - Fiare Banca Etica\" \/>\n<meta property=\"og:description\" content=\"La econom\u00eda social y solidaria tiene buenas oportunidades de desarrollo y de influencia en la econom\u00eda actual. A lo largo de los a\u00f1os que llevo en este sector he observado una evoluci\u00f3n muy positiva de este modelo econ\u00f3mico transformador que pretende crear una sociedad m\u00e1s justa. En este camino he descubierto una riqueza incre\u00edble de personas y organizaciones ilusionadas por un cambio social.&nbsp; Sin embargo esta fuerza est\u00e1 oculta y parece ser menor incluso para los&nbsp; mismos miembros de la econom\u00eda&nbsp; social y&nbsp; solidaria.\" \/>\n<meta property=\"og:url\" content=\"https:\/\/www.fiarebancaetica.coop\/ca\/el-camino-de-la-economia-social-y-solidaria\/\" \/>\n<meta property=\"og:site_name\" content=\"Fiare Banca Etica\" \/>\n<meta property=\"article:published_time\" content=\"2017-11-26T23:00:00+00:00\" \/>\n<meta property=\"article:modified_time\" content=\"2024-02-21T14:50:53+00:00\" \/>\n<meta property=\"og:image\" content=\"https:\/\/www.fiarebancaetica.coop\/app\/uploads\/sites\/2\/2023\/12\/el-camino-de-economia-social-y-solidaria_0.jpg\" \/>\n\t<meta property=\"og:image:width\" content=\"591\" \/>\n\t<meta property=\"og:image:height\" content=\"299\" \/>\n\t<meta property=\"og:image:type\" content=\"image\/jpeg\" \/>\n<meta name=\"author\" content=\"crispyadmin0\" \/>\n<meta name=\"twitter:card\" content=\"summary_large_image\" \/>\n<script type=\"application\/ld+json\" class=\"yoast-schema-graph\">{\"@context\":\"https:\/\/schema.org\",\"@graph\":[{\"@type\":\"Article\",\"@id\":\"https:\/\/www.fiarebancaetica.coop\/ca\/el-camino-de-la-economia-social-y-solidaria\/#article\",\"isPartOf\":{\"@id\":\"https:\/\/www.fiarebancaetica.coop\/ca\/el-camino-de-la-economia-social-y-solidaria\/\"},\"author\":{\"name\":\"crispyadmin0\",\"@id\":\"https:\/\/www.fiarebancaetica.coop\/ca\/#\/schema\/person\/579841e89c804b5db05d9141bd9b8272\"},\"headline\":\"El camino de la Econom\u00eda Social y Solidaria\",\"datePublished\":\"2017-11-26T23:00:00+00:00\",\"dateModified\":\"2024-02-21T14:50:53+00:00\",\"mainEntityOfPage\":{\"@id\":\"https:\/\/www.fiarebancaetica.coop\/ca\/el-camino-de-la-economia-social-y-solidaria\/\"},\"wordCount\":3696,\"commentCount\":0,\"image\":{\"@id\":\"https:\/\/www.fiarebancaetica.coop\/ca\/el-camino-de-la-economia-social-y-solidaria\/#primaryimage\"},\"thumbnailUrl\":\"https:\/\/www.fiarebancaetica.coop\/app\/uploads\/sites\/2\/2023\/12\/el-camino-de-economia-social-y-solidaria_0.jpg\",\"articleSection\":[\"Finances \u00e8tiques\"],\"inLanguage\":\"ca\",\"potentialAction\":[{\"@type\":\"CommentAction\",\"name\":\"Comment\",\"target\":[\"https:\/\/www.fiarebancaetica.coop\/ca\/el-camino-de-la-economia-social-y-solidaria\/#respond\"]}]},{\"@type\":\"WebPage\",\"@id\":\"https:\/\/www.fiarebancaetica.coop\/ca\/el-camino-de-la-economia-social-y-solidaria\/\",\"url\":\"https:\/\/www.fiarebancaetica.coop\/ca\/el-camino-de-la-economia-social-y-solidaria\/\",\"name\":\"El camino de la Econom\u00eda Social y Solidaria - Fiare Banca Etica\",\"isPartOf\":{\"@id\":\"https:\/\/www.fiarebancaetica.coop\/ca\/#website\"},\"primaryImageOfPage\":{\"@id\":\"https:\/\/www.fiarebancaetica.coop\/ca\/el-camino-de-la-economia-social-y-solidaria\/#primaryimage\"},\"image\":{\"@id\":\"https:\/\/www.fiarebancaetica.coop\/ca\/el-camino-de-la-economia-social-y-solidaria\/#primaryimage\"},\"thumbnailUrl\":\"https:\/\/www.fiarebancaetica.coop\/app\/uploads\/sites\/2\/2023\/12\/el-camino-de-economia-social-y-solidaria_0.jpg\",\"datePublished\":\"2017-11-26T23:00:00+00:00\",\"dateModified\":\"2024-02-21T14:50:53+00:00\",\"author\":{\"@id\":\"https:\/\/www.fiarebancaetica.coop\/ca\/#\/schema\/person\/579841e89c804b5db05d9141bd9b8272\"},\"breadcrumb\":{\"@id\":\"https:\/\/www.fiarebancaetica.coop\/ca\/el-camino-de-la-economia-social-y-solidaria\/#breadcrumb\"},\"inLanguage\":\"ca\",\"potentialAction\":[{\"@type\":\"ReadAction\",\"target\":[\"https:\/\/www.fiarebancaetica.coop\/ca\/el-camino-de-la-economia-social-y-solidaria\/\"]}]},{\"@type\":\"ImageObject\",\"inLanguage\":\"ca\",\"@id\":\"https:\/\/www.fiarebancaetica.coop\/ca\/el-camino-de-la-economia-social-y-solidaria\/#primaryimage\",\"url\":\"https:\/\/www.fiarebancaetica.coop\/app\/uploads\/sites\/2\/2023\/12\/el-camino-de-economia-social-y-solidaria_0.jpg\",\"contentUrl\":\"https:\/\/www.fiarebancaetica.coop\/app\/uploads\/sites\/2\/2023\/12\/el-camino-de-economia-social-y-solidaria_0.jpg\",\"width\":591,\"height\":299},{\"@type\":\"BreadcrumbList\",\"@id\":\"https:\/\/www.fiarebancaetica.coop\/ca\/el-camino-de-la-economia-social-y-solidaria\/#breadcrumb\",\"itemListElement\":[{\"@type\":\"ListItem\",\"position\":1,\"name\":\"Home\",\"item\":\"https:\/\/www.fiarebancaetica.coop\/ca\/\"},{\"@type\":\"ListItem\",\"position\":2,\"name\":\"El camino de la Econom\u00eda Social y Solidaria\"}]},{\"@type\":\"WebSite\",\"@id\":\"https:\/\/www.fiarebancaetica.coop\/ca\/#website\",\"url\":\"https:\/\/www.fiarebancaetica.coop\/ca\/\",\"name\":\"Fiare Banca Etica\",\"description\":\"\",\"potentialAction\":[{\"@type\":\"SearchAction\",\"target\":{\"@type\":\"EntryPoint\",\"urlTemplate\":\"https:\/\/www.fiarebancaetica.coop\/ca\/?s={search_term_string}\"},\"query-input\":{\"@type\":\"PropertyValueSpecification\",\"valueRequired\":true,\"valueName\":\"search_term_string\"}}],\"inLanguage\":\"ca\"},{\"@type\":\"Person\",\"@id\":\"https:\/\/www.fiarebancaetica.coop\/ca\/#\/schema\/person\/579841e89c804b5db05d9141bd9b8272\",\"name\":\"crispyadmin0\",\"image\":{\"@type\":\"ImageObject\",\"inLanguage\":\"ca\",\"@id\":\"https:\/\/www.fiarebancaetica.coop\/ca\/#\/schema\/person\/image\/5f3a6b7786f32f4c35bd2b1a5a4698ea\",\"url\":\"https:\/\/secure.gravatar.com\/avatar\/4d2cfb499d497b6d49da659fab7404b243a87fe8e40d2cf97a1cae48f677f5b2?s=96&d=mm&r=g\",\"contentUrl\":\"https:\/\/secure.gravatar.com\/avatar\/4d2cfb499d497b6d49da659fab7404b243a87fe8e40d2cf97a1cae48f677f5b2?s=96&d=mm&r=g\",\"caption\":\"crispyadmin0\"},\"sameAs\":[\"crispyadmin0\"]}]}<\/script>\n<!-- \/ Yoast SEO plugin. -->","yoast_head_json":{"title":"El camino de la Econom\u00eda Social y Solidaria - Fiare Banca Etica","robots":{"index":"index","follow":"follow","max-snippet":"max-snippet:-1","max-image-preview":"max-image-preview:large","max-video-preview":"max-video-preview:-1"},"canonical":"https:\/\/www.fiarebancaetica.coop\/ca\/el-camino-de-la-economia-social-y-solidaria\/","og_locale":"ca_ES","og_type":"article","og_title":"El camino de la Econom\u00eda Social y Solidaria - Fiare Banca Etica","og_description":"La econom\u00eda social y solidaria tiene buenas oportunidades de desarrollo y de influencia en la econom\u00eda actual. A lo largo de los a\u00f1os que llevo en este sector he observado una evoluci\u00f3n muy positiva de este modelo econ\u00f3mico transformador que pretende crear una sociedad m\u00e1s justa. En este camino he descubierto una riqueza incre\u00edble de personas y organizaciones ilusionadas por un cambio social.&nbsp; Sin embargo esta fuerza est\u00e1 oculta y parece ser menor incluso para los&nbsp; mismos miembros de la econom\u00eda&nbsp; social y&nbsp; solidaria.","og_url":"https:\/\/www.fiarebancaetica.coop\/ca\/el-camino-de-la-economia-social-y-solidaria\/","og_site_name":"Fiare Banca Etica","article_published_time":"2017-11-26T23:00:00+00:00","article_modified_time":"2024-02-21T14:50:53+00:00","og_image":[{"width":591,"height":299,"url":"https:\/\/www.fiarebancaetica.coop\/app\/uploads\/sites\/2\/2023\/12\/el-camino-de-economia-social-y-solidaria_0.jpg","type":"image\/jpeg"}],"author":"crispyadmin0","twitter_card":"summary_large_image","schema":{"@context":"https:\/\/schema.org","@graph":[{"@type":"Article","@id":"https:\/\/www.fiarebancaetica.coop\/ca\/el-camino-de-la-economia-social-y-solidaria\/#article","isPartOf":{"@id":"https:\/\/www.fiarebancaetica.coop\/ca\/el-camino-de-la-economia-social-y-solidaria\/"},"author":{"name":"crispyadmin0","@id":"https:\/\/www.fiarebancaetica.coop\/ca\/#\/schema\/person\/579841e89c804b5db05d9141bd9b8272"},"headline":"El camino de la Econom\u00eda Social y Solidaria","datePublished":"2017-11-26T23:00:00+00:00","dateModified":"2024-02-21T14:50:53+00:00","mainEntityOfPage":{"@id":"https:\/\/www.fiarebancaetica.coop\/ca\/el-camino-de-la-economia-social-y-solidaria\/"},"wordCount":3696,"commentCount":0,"image":{"@id":"https:\/\/www.fiarebancaetica.coop\/ca\/el-camino-de-la-economia-social-y-solidaria\/#primaryimage"},"thumbnailUrl":"https:\/\/www.fiarebancaetica.coop\/app\/uploads\/sites\/2\/2023\/12\/el-camino-de-economia-social-y-solidaria_0.jpg","articleSection":["Finances \u00e8tiques"],"inLanguage":"ca","potentialAction":[{"@type":"CommentAction","name":"Comment","target":["https:\/\/www.fiarebancaetica.coop\/ca\/el-camino-de-la-economia-social-y-solidaria\/#respond"]}]},{"@type":"WebPage","@id":"https:\/\/www.fiarebancaetica.coop\/ca\/el-camino-de-la-economia-social-y-solidaria\/","url":"https:\/\/www.fiarebancaetica.coop\/ca\/el-camino-de-la-economia-social-y-solidaria\/","name":"El camino de la Econom\u00eda Social y Solidaria - Fiare Banca Etica","isPartOf":{"@id":"https:\/\/www.fiarebancaetica.coop\/ca\/#website"},"primaryImageOfPage":{"@id":"https:\/\/www.fiarebancaetica.coop\/ca\/el-camino-de-la-economia-social-y-solidaria\/#primaryimage"},"image":{"@id":"https:\/\/www.fiarebancaetica.coop\/ca\/el-camino-de-la-economia-social-y-solidaria\/#primaryimage"},"thumbnailUrl":"https:\/\/www.fiarebancaetica.coop\/app\/uploads\/sites\/2\/2023\/12\/el-camino-de-economia-social-y-solidaria_0.jpg","datePublished":"2017-11-26T23:00:00+00:00","dateModified":"2024-02-21T14:50:53+00:00","author":{"@id":"https:\/\/www.fiarebancaetica.coop\/ca\/#\/schema\/person\/579841e89c804b5db05d9141bd9b8272"},"breadcrumb":{"@id":"https:\/\/www.fiarebancaetica.coop\/ca\/el-camino-de-la-economia-social-y-solidaria\/#breadcrumb"},"inLanguage":"ca","potentialAction":[{"@type":"ReadAction","target":["https:\/\/www.fiarebancaetica.coop\/ca\/el-camino-de-la-economia-social-y-solidaria\/"]}]},{"@type":"ImageObject","inLanguage":"ca","@id":"https:\/\/www.fiarebancaetica.coop\/ca\/el-camino-de-la-economia-social-y-solidaria\/#primaryimage","url":"https:\/\/www.fiarebancaetica.coop\/app\/uploads\/sites\/2\/2023\/12\/el-camino-de-economia-social-y-solidaria_0.jpg","contentUrl":"https:\/\/www.fiarebancaetica.coop\/app\/uploads\/sites\/2\/2023\/12\/el-camino-de-economia-social-y-solidaria_0.jpg","width":591,"height":299},{"@type":"BreadcrumbList","@id":"https:\/\/www.fiarebancaetica.coop\/ca\/el-camino-de-la-economia-social-y-solidaria\/#breadcrumb","itemListElement":[{"@type":"ListItem","position":1,"name":"Home","item":"https:\/\/www.fiarebancaetica.coop\/ca\/"},{"@type":"ListItem","position":2,"name":"El camino de la Econom\u00eda Social y Solidaria"}]},{"@type":"WebSite","@id":"https:\/\/www.fiarebancaetica.coop\/ca\/#website","url":"https:\/\/www.fiarebancaetica.coop\/ca\/","name":"Fiare Banca Etica","description":"","potentialAction":[{"@type":"SearchAction","target":{"@type":"EntryPoint","urlTemplate":"https:\/\/www.fiarebancaetica.coop\/ca\/?s={search_term_string}"},"query-input":{"@type":"PropertyValueSpecification","valueRequired":true,"valueName":"search_term_string"}}],"inLanguage":"ca"},{"@type":"Person","@id":"https:\/\/www.fiarebancaetica.coop\/ca\/#\/schema\/person\/579841e89c804b5db05d9141bd9b8272","name":"crispyadmin0","image":{"@type":"ImageObject","inLanguage":"ca","@id":"https:\/\/www.fiarebancaetica.coop\/ca\/#\/schema\/person\/image\/5f3a6b7786f32f4c35bd2b1a5a4698ea","url":"https:\/\/secure.gravatar.com\/avatar\/4d2cfb499d497b6d49da659fab7404b243a87fe8e40d2cf97a1cae48f677f5b2?s=96&d=mm&r=g","contentUrl":"https:\/\/secure.gravatar.com\/avatar\/4d2cfb499d497b6d49da659fab7404b243a87fe8e40d2cf97a1cae48f677f5b2?s=96&d=mm&r=g","caption":"crispyadmin0"},"sameAs":["crispyadmin0"]}]}},"_links":{"self":[{"href":"https:\/\/www.fiarebancaetica.coop\/ca\/wp-json\/wp\/v2\/posts\/345524","targetHints":{"allow":["GET"]}}],"collection":[{"href":"https:\/\/www.fiarebancaetica.coop\/ca\/wp-json\/wp\/v2\/posts"}],"about":[{"href":"https:\/\/www.fiarebancaetica.coop\/ca\/wp-json\/wp\/v2\/types\/post"}],"author":[{"embeddable":true,"href":"https:\/\/www.fiarebancaetica.coop\/ca\/wp-json\/wp\/v2\/users\/2"}],"replies":[{"embeddable":true,"href":"https:\/\/www.fiarebancaetica.coop\/ca\/wp-json\/wp\/v2\/comments?post=345524"}],"version-history":[{"count":1,"href":"https:\/\/www.fiarebancaetica.coop\/ca\/wp-json\/wp\/v2\/posts\/345524\/revisions"}],"predecessor-version":[{"id":353761,"href":"https:\/\/www.fiarebancaetica.coop\/ca\/wp-json\/wp\/v2\/posts\/345524\/revisions\/353761"}],"wp:featuredmedia":[{"embeddable":true,"href":"https:\/\/www.fiarebancaetica.coop\/ca\/wp-json\/wp\/v2\/media\/325866"}],"wp:attachment":[{"href":"https:\/\/www.fiarebancaetica.coop\/ca\/wp-json\/wp\/v2\/media?parent=345524"}],"wp:term":[{"taxonomy":"category","embeddable":true,"href":"https:\/\/www.fiarebancaetica.coop\/ca\/wp-json\/wp\/v2\/categories?post=345524"},{"taxonomy":"post_tag","embeddable":true,"href":"https:\/\/www.fiarebancaetica.coop\/ca\/wp-json\/wp\/v2\/tags?post=345524"},{"taxonomy":"author","embeddable":true,"href":"https:\/\/www.fiarebancaetica.coop\/ca\/wp-json\/wp\/v2\/coauthors?post=345524"}],"curies":[{"name":"wp","href":"https:\/\/api.w.org\/{rel}","templated":true}]}}