{"id":345548,"date":"2017-11-10T00:00:00","date_gmt":"2017-11-09T23:00:00","guid":{"rendered":"https:\/\/www.fiarebancaetica.coop\/el-parlamento-europeo-a-favor-de-las-finanzas-eticas-y-sostenibles-y-la-economia-social\/"},"modified":"2024-02-21T15:52:02","modified_gmt":"2024-02-21T14:52:02","slug":"el-parlamento-europeo-a-favor-de-las-finanzas-eticas-y-sostenibles-y-la-economia-social","status":"publish","type":"post","link":"https:\/\/www.fiarebancaetica.coop\/ca\/el-parlamento-europeo-a-favor-de-las-finanzas-eticas-y-sostenibles-y-la-economia-social\/","title":{"rendered":"El Parlamento Europeo a favor de las finanzas \u00e9ticas y sostenibles y la econom\u00eda social"},"content":{"rendered":"\n\n<div class=\"wp-block-bancaetica-blocks-blocks-block-49\">\n    <div class=\"container-block-49\">\n\n        <div class=\"header-section \">\n                            <h1 class=\"section-title\"> Etica e cooperativa <\/h1>\n                                            <\/div>\n\n        \n        <div class=\"block-background\" style=\"background-image: url('https:\/\/www.fiarebancaetica.coop\/app\/uploads\/sites\/2\/2023\/12\/el-parlamento-europeo-favor-de-las-finanzas-eticas-y-sostenibles-y-economia-social.jpeg')\">\n                            <div class=\"tile\">\n                    <h1 class=\"image-title\"> El Parlamento Europeo a favor de las finanzas \u00e9ticas y sostenibles y la econom\u00eda social <\/h1>\n                <\/div>             <!-- end .tile -->\n            <div class=\"bottom-content\">\n                            <\/div> <!-- end .button-content -->\n        <\/div> <!-- end .block-background -->\n    <\/div> <!-- end .container -->\n<\/div> <!-- end wp-block-bancaetica-blocks-blocks-block-06 -->\n\n\n<div class=\"wrapper-crispybacon-class wrapper-crispybacon-class-boxed \">\n    <p>El Parlamento y la Comisi\u00f3n Europea podr\u00e1n apoyar las empresas sociales de la UE facilit\u00e1ndoles el acceso al cr\u00e9dito mediante la adopci\u00f3n de medidas que lo haga menos gravoso para el banco y mediante la concesi\u00f3n de financiaci\u00f3n a organizaciones y empresas que desarrollan proyectos en favor del bien com\u00fan en los \u00e1mbitos ambiental y social.<\/p>\n<p>Roberto Gualtieri, Presidente de la Comisi\u00f3n de Asuntos Econ\u00f3micos y Monetarios del Parlamento Europeo, ha anunciado este compromiso durante el encuentro \u00abFinanzas \u00e9ticas y sostenibles para el futuro de Europa\u00bb celebrado el 8 de noviembre en el Parlamento Europeo de Bruselas a iniciativa de las eurodiputadas Patrizia Toia y Silvia Costa.<\/p>\n<p>\u00abSiempre he estado convencida de que la econom\u00eda debe basarse en valores solidarios por lo que este a\u00f1o he promovido la creaci\u00f3n del Intergrupo Parlamentario sobre Econom\u00eda Social. La crisis econ\u00f3mica nos ha dado la raz\u00f3n al hacer evidente el p\u00e9simo rendimiento de las finanzas meramente especulativas frente a la resiliencia de la econom\u00eda social. As\u00ed, hoy pedimos que las instituciones europeas sigan el precedente sentado por el Parlamento Italiano y act\u00faen para llegar a un reconocimiento formal de experiencias de \u00e9xito comola de Banca Etica, facilitando el acceso al cr\u00e9dito a quienes invierten en proyectos ambientales y sociales\u00bb, ha dicho Patrizia Toia.<\/p>\n<p>\u00abComo ya hicimos con la inclusi\u00f3n de las empresas sociales en las pol\u00edticas industriales europeas, ahora que el pacto bancario es inminente, ha llegado tambi\u00e9n el momento de incluir en las pol\u00edticas europeas para el sector financiero a los intermediarios financieros sociales, que ofrecen cr\u00e9dito a sujetos que otros bancos frecuentemente consideran no financiables. Debemos reconocer que estos intermediarios desarrollan un papel \u00fanico y fundamental en la Uni\u00f3n Europea y en su relaci\u00f3n con terceros pa\u00edses, como atestigua el acuerdo firmado ayer en el Parlamento Europeo en presencia del Embajador de Apulia entre Banca Etica, Microfinance Center y Coopest para proyectos de microfinanciaci\u00f3n en Europa del Este\u00bb, ha a\u00f1adido Silvia Costa.<\/p>\n<p>El encuentro del 8 de noviembre tambi\u00e9n ha tenido entre sus protagonistas a Banca Etica: su presidente, Ugo Biggeri, y Peru Sasia, miembro de su Consejo de Administraci\u00f3n, han ilustrado esta experiencia de finanzas \u00e9ticas en Italia y Espa\u00f1a y el proceso que ha llevado al Parlamento Italiano a aprobar una ley de las finanzas \u00e9ticas y sostenibles pionera en Europa.<\/p>\n<p>\u00abLos bancos \u00e9ticos o sostenibles son bancos a todos los efectos que, adem\u00e1s de los requisitos de la legislaci\u00f3n, incluyen procedimientos en sus estrategias propias y en su gesti\u00f3n y sistemas de control que les permiten verificar si est\u00e1n consiguiendo los objetivos sociales y ambientales de los que se han dotado.<br \/>\n\tAs\u00ed pues, son bancos que limitan voluntariamente sus propias oportunidades de mercado pero que tienen un rendimiento y una solidez que muestran una tendencia mejor que los bancos sist\u00e9micos.<br \/>\n\t<br \/>\n\tPor lo tanto, nos parece importante que las instituciones europeas reconozcan que se puede valorar e incentivar las inversiones sociales y ambientales\u00bb, ha explicado el presidente de Banca Etica, Ugo Biggeri. El Parlamento Italiano introdujo hace un a\u00f1o una norma que define las finanzas \u00e9ticas y sostenibles, reconociendo su positivo impacto econ\u00f3mico y social. Si se aprobara una normativa similar a nivel europeo, los beneficios ser\u00edan evidentes en lo que respecta al apoyo al crecimiento sostenible, la inclusi\u00f3n y las necesidades de las personas. El cr\u00e9dito concedido por las entidades adheridas a la Alianza Global por una Banca con Valores (Gabv) suma m\u00e1s de 110.000 millones de euros: estas finanzas de orientaci\u00f3n \u00e9tica podr\u00edan tener un impacto a\u00fan m\u00e1s elevado si contaran con el apoyo de las instituciones europeas\u00bb.&nbsp;<\/p>\n<p>\u00abA nivel europeo, los bancos adheridos a la Federaci\u00f3n Europea de Bancos \u00c9ticos y Alternativos (FEBEA) financian la econom\u00eda social con m\u00e1s de 30.000 millones de euros. Las instituciones financieras adheridas a la Red Europea de Microfinanzas (REM) y al Microfinance Center (MFC) conceden 1.500 millones de euros. Junto a ellos, Banca Etica financia especialmente el emprendimiento juvenil y femenino en Europa del Este. Se firmaron acuerdos espec\u00edficos con la REM el pasado mes de junio en Venecia y con el MFC en el encuentro celebrado ayer en Bruselas\u00bb, ha a\u00f1adido Peru Sasia, miembro del Consejo de Administraci\u00f3n de Banca Etica, delegado para Espa\u00f1a y presidente de Febea.<\/p>\n<p>As\u00ed, las finanzas \u00e9ticas y sostenibles se presentan como uno de los pilares de los que dispone la Uni\u00f3n para construir una Europa m\u00e1s inclusiva, cercana a las personas j\u00f3venes y promotora de soluciones ambientales y sociales innovadoras y caracterizada por ejercer un papel de l\u00edder innovador a nivel mundial tal y como indica el Libro blanco sobre el futuro de Europa.<\/p>\n<\/div>","protected":false},"excerpt":{"rendered":"<p>El Parlamento y la Comisi\u00f3n Europea podr\u00e1n apoyar las empresas sociales de la UE facilit\u00e1ndoles el acceso al cr\u00e9dito mediante la adopci\u00f3n de un \u00abfactor de apoyo social\u00bb que lo haga menos gravoso para el banco y mediante la concesi\u00f3n de financiaci\u00f3n a organizaciones y empresas que desarrollan proyectos en favor del bien com\u00fan en los \u00e1mbitos ambiental y social.<\/p>\n","protected":false},"author":2,"featured_media":325836,"comment_status":"open","ping_status":"closed","sticky":false,"template":"","format":"standard","meta":{"_acf_changed":false,"footnotes":""},"categories":[11643],"tags":[],"coauthors":[],"class_list":["post-345548","post","type-post","status-publish","format-standard","has-post-thumbnail","hentry","category-finances-etiques"],"acf":[],"yoast_head":"<!-- This site is optimized with the Yoast SEO plugin v26.9 - https:\/\/yoast.com\/product\/yoast-seo-wordpress\/ -->\n<title>El Parlamento Europeo a favor de las finanzas \u00e9ticas y sostenibles y la econom\u00eda social - Fiare Banca Etica<\/title>\n<meta name=\"robots\" content=\"index, follow, max-snippet:-1, max-image-preview:large, max-video-preview:-1\" \/>\n<link rel=\"canonical\" href=\"https:\/\/www.fiarebancaetica.coop\/ca\/el-parlamento-europeo-a-favor-de-las-finanzas-eticas-y-sostenibles-y-la-economia-social\/\" \/>\n<meta property=\"og:locale\" content=\"ca_ES\" \/>\n<meta property=\"og:type\" content=\"article\" \/>\n<meta property=\"og:title\" content=\"El Parlamento Europeo a favor de las finanzas \u00e9ticas y sostenibles y la econom\u00eda social - Fiare Banca Etica\" \/>\n<meta property=\"og:description\" content=\"El Parlamento y la Comisi\u00f3n Europea podr\u00e1n apoyar las empresas sociales de la UE facilit\u00e1ndoles el acceso al cr\u00e9dito mediante la adopci\u00f3n de un \u00abfactor de apoyo social\u00bb que lo haga menos gravoso para el banco y mediante la concesi\u00f3n de financiaci\u00f3n a organizaciones y empresas que desarrollan proyectos en favor del bien com\u00fan en los \u00e1mbitos ambiental y social.\" \/>\n<meta property=\"og:url\" content=\"https:\/\/www.fiarebancaetica.coop\/ca\/el-parlamento-europeo-a-favor-de-las-finanzas-eticas-y-sostenibles-y-la-economia-social\/\" \/>\n<meta property=\"og:site_name\" content=\"Fiare Banca Etica\" \/>\n<meta property=\"article:published_time\" content=\"2017-11-09T23:00:00+00:00\" \/>\n<meta property=\"article:modified_time\" content=\"2024-02-21T14:52:02+00:00\" \/>\n<meta property=\"og:image\" content=\"https:\/\/www.fiarebancaetica.coop\/app\/uploads\/sites\/2\/2023\/12\/el-parlamento-europeo-favor-de-las-finanzas-eticas-y-sostenibles-y-economia-social.jpeg\" \/>\n\t<meta property=\"og:image:width\" content=\"540\" \/>\n\t<meta property=\"og:image:height\" content=\"189\" \/>\n\t<meta property=\"og:image:type\" content=\"image\/jpeg\" \/>\n<meta name=\"author\" content=\"crispyadmin0\" \/>\n<meta name=\"twitter:card\" content=\"summary_large_image\" \/>\n<script type=\"application\/ld+json\" class=\"yoast-schema-graph\">{\"@context\":\"https:\/\/schema.org\",\"@graph\":[{\"@type\":\"Article\",\"@id\":\"https:\/\/www.fiarebancaetica.coop\/ca\/el-parlamento-europeo-a-favor-de-las-finanzas-eticas-y-sostenibles-y-la-economia-social\/#article\",\"isPartOf\":{\"@id\":\"https:\/\/www.fiarebancaetica.coop\/ca\/el-parlamento-europeo-a-favor-de-las-finanzas-eticas-y-sostenibles-y-la-economia-social\/\"},\"author\":{\"name\":\"crispyadmin0\",\"@id\":\"https:\/\/www.fiarebancaetica.coop\/ca\/#\/schema\/person\/579841e89c804b5db05d9141bd9b8272\"},\"headline\":\"El Parlamento Europeo a favor de las finanzas \u00e9ticas y sostenibles y la econom\u00eda social\",\"datePublished\":\"2017-11-09T23:00:00+00:00\",\"dateModified\":\"2024-02-21T14:52:02+00:00\",\"mainEntityOfPage\":{\"@id\":\"https:\/\/www.fiarebancaetica.coop\/ca\/el-parlamento-europeo-a-favor-de-las-finanzas-eticas-y-sostenibles-y-la-economia-social\/\"},\"wordCount\":832,\"commentCount\":0,\"image\":{\"@id\":\"https:\/\/www.fiarebancaetica.coop\/ca\/el-parlamento-europeo-a-favor-de-las-finanzas-eticas-y-sostenibles-y-la-economia-social\/#primaryimage\"},\"thumbnailUrl\":\"https:\/\/www.fiarebancaetica.coop\/app\/uploads\/sites\/2\/2023\/12\/el-parlamento-europeo-favor-de-las-finanzas-eticas-y-sostenibles-y-economia-social.jpeg\",\"articleSection\":[\"Finances \u00e8tiques\"],\"inLanguage\":\"ca\",\"potentialAction\":[{\"@type\":\"CommentAction\",\"name\":\"Comment\",\"target\":[\"https:\/\/www.fiarebancaetica.coop\/ca\/el-parlamento-europeo-a-favor-de-las-finanzas-eticas-y-sostenibles-y-la-economia-social\/#respond\"]}]},{\"@type\":\"WebPage\",\"@id\":\"https:\/\/www.fiarebancaetica.coop\/ca\/el-parlamento-europeo-a-favor-de-las-finanzas-eticas-y-sostenibles-y-la-economia-social\/\",\"url\":\"https:\/\/www.fiarebancaetica.coop\/ca\/el-parlamento-europeo-a-favor-de-las-finanzas-eticas-y-sostenibles-y-la-economia-social\/\",\"name\":\"El Parlamento Europeo a favor de las finanzas \u00e9ticas y sostenibles y la econom\u00eda social - Fiare Banca Etica\",\"isPartOf\":{\"@id\":\"https:\/\/www.fiarebancaetica.coop\/ca\/#website\"},\"primaryImageOfPage\":{\"@id\":\"https:\/\/www.fiarebancaetica.coop\/ca\/el-parlamento-europeo-a-favor-de-las-finanzas-eticas-y-sostenibles-y-la-economia-social\/#primaryimage\"},\"image\":{\"@id\":\"https:\/\/www.fiarebancaetica.coop\/ca\/el-parlamento-europeo-a-favor-de-las-finanzas-eticas-y-sostenibles-y-la-economia-social\/#primaryimage\"},\"thumbnailUrl\":\"https:\/\/www.fiarebancaetica.coop\/app\/uploads\/sites\/2\/2023\/12\/el-parlamento-europeo-favor-de-las-finanzas-eticas-y-sostenibles-y-economia-social.jpeg\",\"datePublished\":\"2017-11-09T23:00:00+00:00\",\"dateModified\":\"2024-02-21T14:52:02+00:00\",\"author\":{\"@id\":\"https:\/\/www.fiarebancaetica.coop\/ca\/#\/schema\/person\/579841e89c804b5db05d9141bd9b8272\"},\"breadcrumb\":{\"@id\":\"https:\/\/www.fiarebancaetica.coop\/ca\/el-parlamento-europeo-a-favor-de-las-finanzas-eticas-y-sostenibles-y-la-economia-social\/#breadcrumb\"},\"inLanguage\":\"ca\",\"potentialAction\":[{\"@type\":\"ReadAction\",\"target\":[\"https:\/\/www.fiarebancaetica.coop\/ca\/el-parlamento-europeo-a-favor-de-las-finanzas-eticas-y-sostenibles-y-la-economia-social\/\"]}]},{\"@type\":\"ImageObject\",\"inLanguage\":\"ca\",\"@id\":\"https:\/\/www.fiarebancaetica.coop\/ca\/el-parlamento-europeo-a-favor-de-las-finanzas-eticas-y-sostenibles-y-la-economia-social\/#primaryimage\",\"url\":\"https:\/\/www.fiarebancaetica.coop\/app\/uploads\/sites\/2\/2023\/12\/el-parlamento-europeo-favor-de-las-finanzas-eticas-y-sostenibles-y-economia-social.jpeg\",\"contentUrl\":\"https:\/\/www.fiarebancaetica.coop\/app\/uploads\/sites\/2\/2023\/12\/el-parlamento-europeo-favor-de-las-finanzas-eticas-y-sostenibles-y-economia-social.jpeg\",\"width\":540,\"height\":189},{\"@type\":\"BreadcrumbList\",\"@id\":\"https:\/\/www.fiarebancaetica.coop\/ca\/el-parlamento-europeo-a-favor-de-las-finanzas-eticas-y-sostenibles-y-la-economia-social\/#breadcrumb\",\"itemListElement\":[{\"@type\":\"ListItem\",\"position\":1,\"name\":\"Home\",\"item\":\"https:\/\/www.fiarebancaetica.coop\/ca\/\"},{\"@type\":\"ListItem\",\"position\":2,\"name\":\"El Parlamento Europeo a favor de las finanzas \u00e9ticas y sostenibles y la econom\u00eda social\"}]},{\"@type\":\"WebSite\",\"@id\":\"https:\/\/www.fiarebancaetica.coop\/ca\/#website\",\"url\":\"https:\/\/www.fiarebancaetica.coop\/ca\/\",\"name\":\"Fiare Banca Etica\",\"description\":\"\",\"potentialAction\":[{\"@type\":\"SearchAction\",\"target\":{\"@type\":\"EntryPoint\",\"urlTemplate\":\"https:\/\/www.fiarebancaetica.coop\/ca\/?s={search_term_string}\"},\"query-input\":{\"@type\":\"PropertyValueSpecification\",\"valueRequired\":true,\"valueName\":\"search_term_string\"}}],\"inLanguage\":\"ca\"},{\"@type\":\"Person\",\"@id\":\"https:\/\/www.fiarebancaetica.coop\/ca\/#\/schema\/person\/579841e89c804b5db05d9141bd9b8272\",\"name\":\"crispyadmin0\",\"image\":{\"@type\":\"ImageObject\",\"inLanguage\":\"ca\",\"@id\":\"https:\/\/www.fiarebancaetica.coop\/ca\/#\/schema\/person\/image\/5f3a6b7786f32f4c35bd2b1a5a4698ea\",\"url\":\"https:\/\/secure.gravatar.com\/avatar\/4d2cfb499d497b6d49da659fab7404b243a87fe8e40d2cf97a1cae48f677f5b2?s=96&d=mm&r=g\",\"contentUrl\":\"https:\/\/secure.gravatar.com\/avatar\/4d2cfb499d497b6d49da659fab7404b243a87fe8e40d2cf97a1cae48f677f5b2?s=96&d=mm&r=g\",\"caption\":\"crispyadmin0\"},\"sameAs\":[\"crispyadmin0\"]}]}<\/script>\n<!-- \/ Yoast SEO plugin. -->","yoast_head_json":{"title":"El Parlamento Europeo a favor de las finanzas \u00e9ticas y sostenibles y la econom\u00eda social - Fiare Banca Etica","robots":{"index":"index","follow":"follow","max-snippet":"max-snippet:-1","max-image-preview":"max-image-preview:large","max-video-preview":"max-video-preview:-1"},"canonical":"https:\/\/www.fiarebancaetica.coop\/ca\/el-parlamento-europeo-a-favor-de-las-finanzas-eticas-y-sostenibles-y-la-economia-social\/","og_locale":"ca_ES","og_type":"article","og_title":"El Parlamento Europeo a favor de las finanzas \u00e9ticas y sostenibles y la econom\u00eda social - Fiare Banca Etica","og_description":"El Parlamento y la Comisi\u00f3n Europea podr\u00e1n apoyar las empresas sociales de la UE facilit\u00e1ndoles el acceso al cr\u00e9dito mediante la adopci\u00f3n de un \u00abfactor de apoyo social\u00bb que lo haga menos gravoso para el banco y mediante la concesi\u00f3n de financiaci\u00f3n a organizaciones y empresas que desarrollan proyectos en favor del bien com\u00fan en los \u00e1mbitos ambiental y social.","og_url":"https:\/\/www.fiarebancaetica.coop\/ca\/el-parlamento-europeo-a-favor-de-las-finanzas-eticas-y-sostenibles-y-la-economia-social\/","og_site_name":"Fiare Banca Etica","article_published_time":"2017-11-09T23:00:00+00:00","article_modified_time":"2024-02-21T14:52:02+00:00","og_image":[{"width":540,"height":189,"url":"https:\/\/www.fiarebancaetica.coop\/app\/uploads\/sites\/2\/2023\/12\/el-parlamento-europeo-favor-de-las-finanzas-eticas-y-sostenibles-y-economia-social.jpeg","type":"image\/jpeg"}],"author":"crispyadmin0","twitter_card":"summary_large_image","schema":{"@context":"https:\/\/schema.org","@graph":[{"@type":"Article","@id":"https:\/\/www.fiarebancaetica.coop\/ca\/el-parlamento-europeo-a-favor-de-las-finanzas-eticas-y-sostenibles-y-la-economia-social\/#article","isPartOf":{"@id":"https:\/\/www.fiarebancaetica.coop\/ca\/el-parlamento-europeo-a-favor-de-las-finanzas-eticas-y-sostenibles-y-la-economia-social\/"},"author":{"name":"crispyadmin0","@id":"https:\/\/www.fiarebancaetica.coop\/ca\/#\/schema\/person\/579841e89c804b5db05d9141bd9b8272"},"headline":"El Parlamento Europeo a favor de las finanzas \u00e9ticas y sostenibles y la econom\u00eda social","datePublished":"2017-11-09T23:00:00+00:00","dateModified":"2024-02-21T14:52:02+00:00","mainEntityOfPage":{"@id":"https:\/\/www.fiarebancaetica.coop\/ca\/el-parlamento-europeo-a-favor-de-las-finanzas-eticas-y-sostenibles-y-la-economia-social\/"},"wordCount":832,"commentCount":0,"image":{"@id":"https:\/\/www.fiarebancaetica.coop\/ca\/el-parlamento-europeo-a-favor-de-las-finanzas-eticas-y-sostenibles-y-la-economia-social\/#primaryimage"},"thumbnailUrl":"https:\/\/www.fiarebancaetica.coop\/app\/uploads\/sites\/2\/2023\/12\/el-parlamento-europeo-favor-de-las-finanzas-eticas-y-sostenibles-y-economia-social.jpeg","articleSection":["Finances \u00e8tiques"],"inLanguage":"ca","potentialAction":[{"@type":"CommentAction","name":"Comment","target":["https:\/\/www.fiarebancaetica.coop\/ca\/el-parlamento-europeo-a-favor-de-las-finanzas-eticas-y-sostenibles-y-la-economia-social\/#respond"]}]},{"@type":"WebPage","@id":"https:\/\/www.fiarebancaetica.coop\/ca\/el-parlamento-europeo-a-favor-de-las-finanzas-eticas-y-sostenibles-y-la-economia-social\/","url":"https:\/\/www.fiarebancaetica.coop\/ca\/el-parlamento-europeo-a-favor-de-las-finanzas-eticas-y-sostenibles-y-la-economia-social\/","name":"El Parlamento Europeo a favor de las finanzas \u00e9ticas y sostenibles y la econom\u00eda social - Fiare Banca Etica","isPartOf":{"@id":"https:\/\/www.fiarebancaetica.coop\/ca\/#website"},"primaryImageOfPage":{"@id":"https:\/\/www.fiarebancaetica.coop\/ca\/el-parlamento-europeo-a-favor-de-las-finanzas-eticas-y-sostenibles-y-la-economia-social\/#primaryimage"},"image":{"@id":"https:\/\/www.fiarebancaetica.coop\/ca\/el-parlamento-europeo-a-favor-de-las-finanzas-eticas-y-sostenibles-y-la-economia-social\/#primaryimage"},"thumbnailUrl":"https:\/\/www.fiarebancaetica.coop\/app\/uploads\/sites\/2\/2023\/12\/el-parlamento-europeo-favor-de-las-finanzas-eticas-y-sostenibles-y-economia-social.jpeg","datePublished":"2017-11-09T23:00:00+00:00","dateModified":"2024-02-21T14:52:02+00:00","author":{"@id":"https:\/\/www.fiarebancaetica.coop\/ca\/#\/schema\/person\/579841e89c804b5db05d9141bd9b8272"},"breadcrumb":{"@id":"https:\/\/www.fiarebancaetica.coop\/ca\/el-parlamento-europeo-a-favor-de-las-finanzas-eticas-y-sostenibles-y-la-economia-social\/#breadcrumb"},"inLanguage":"ca","potentialAction":[{"@type":"ReadAction","target":["https:\/\/www.fiarebancaetica.coop\/ca\/el-parlamento-europeo-a-favor-de-las-finanzas-eticas-y-sostenibles-y-la-economia-social\/"]}]},{"@type":"ImageObject","inLanguage":"ca","@id":"https:\/\/www.fiarebancaetica.coop\/ca\/el-parlamento-europeo-a-favor-de-las-finanzas-eticas-y-sostenibles-y-la-economia-social\/#primaryimage","url":"https:\/\/www.fiarebancaetica.coop\/app\/uploads\/sites\/2\/2023\/12\/el-parlamento-europeo-favor-de-las-finanzas-eticas-y-sostenibles-y-economia-social.jpeg","contentUrl":"https:\/\/www.fiarebancaetica.coop\/app\/uploads\/sites\/2\/2023\/12\/el-parlamento-europeo-favor-de-las-finanzas-eticas-y-sostenibles-y-economia-social.jpeg","width":540,"height":189},{"@type":"BreadcrumbList","@id":"https:\/\/www.fiarebancaetica.coop\/ca\/el-parlamento-europeo-a-favor-de-las-finanzas-eticas-y-sostenibles-y-la-economia-social\/#breadcrumb","itemListElement":[{"@type":"ListItem","position":1,"name":"Home","item":"https:\/\/www.fiarebancaetica.coop\/ca\/"},{"@type":"ListItem","position":2,"name":"El Parlamento Europeo a favor de las finanzas \u00e9ticas y sostenibles y la econom\u00eda social"}]},{"@type":"WebSite","@id":"https:\/\/www.fiarebancaetica.coop\/ca\/#website","url":"https:\/\/www.fiarebancaetica.coop\/ca\/","name":"Fiare Banca Etica","description":"","potentialAction":[{"@type":"SearchAction","target":{"@type":"EntryPoint","urlTemplate":"https:\/\/www.fiarebancaetica.coop\/ca\/?s={search_term_string}"},"query-input":{"@type":"PropertyValueSpecification","valueRequired":true,"valueName":"search_term_string"}}],"inLanguage":"ca"},{"@type":"Person","@id":"https:\/\/www.fiarebancaetica.coop\/ca\/#\/schema\/person\/579841e89c804b5db05d9141bd9b8272","name":"crispyadmin0","image":{"@type":"ImageObject","inLanguage":"ca","@id":"https:\/\/www.fiarebancaetica.coop\/ca\/#\/schema\/person\/image\/5f3a6b7786f32f4c35bd2b1a5a4698ea","url":"https:\/\/secure.gravatar.com\/avatar\/4d2cfb499d497b6d49da659fab7404b243a87fe8e40d2cf97a1cae48f677f5b2?s=96&d=mm&r=g","contentUrl":"https:\/\/secure.gravatar.com\/avatar\/4d2cfb499d497b6d49da659fab7404b243a87fe8e40d2cf97a1cae48f677f5b2?s=96&d=mm&r=g","caption":"crispyadmin0"},"sameAs":["crispyadmin0"]}]}},"_links":{"self":[{"href":"https:\/\/www.fiarebancaetica.coop\/ca\/wp-json\/wp\/v2\/posts\/345548","targetHints":{"allow":["GET"]}}],"collection":[{"href":"https:\/\/www.fiarebancaetica.coop\/ca\/wp-json\/wp\/v2\/posts"}],"about":[{"href":"https:\/\/www.fiarebancaetica.coop\/ca\/wp-json\/wp\/v2\/types\/post"}],"author":[{"embeddable":true,"href":"https:\/\/www.fiarebancaetica.coop\/ca\/wp-json\/wp\/v2\/users\/2"}],"replies":[{"embeddable":true,"href":"https:\/\/www.fiarebancaetica.coop\/ca\/wp-json\/wp\/v2\/comments?post=345548"}],"version-history":[{"count":2,"href":"https:\/\/www.fiarebancaetica.coop\/ca\/wp-json\/wp\/v2\/posts\/345548\/revisions"}],"predecessor-version":[{"id":353741,"href":"https:\/\/www.fiarebancaetica.coop\/ca\/wp-json\/wp\/v2\/posts\/345548\/revisions\/353741"}],"wp:featuredmedia":[{"embeddable":true,"href":"https:\/\/www.fiarebancaetica.coop\/ca\/wp-json\/wp\/v2\/media\/325836"}],"wp:attachment":[{"href":"https:\/\/www.fiarebancaetica.coop\/ca\/wp-json\/wp\/v2\/media?parent=345548"}],"wp:term":[{"taxonomy":"category","embeddable":true,"href":"https:\/\/www.fiarebancaetica.coop\/ca\/wp-json\/wp\/v2\/categories?post=345548"},{"taxonomy":"post_tag","embeddable":true,"href":"https:\/\/www.fiarebancaetica.coop\/ca\/wp-json\/wp\/v2\/tags?post=345548"},{"taxonomy":"author","embeddable":true,"href":"https:\/\/www.fiarebancaetica.coop\/ca\/wp-json\/wp\/v2\/coauthors?post=345548"}],"curies":[{"name":"wp","href":"https:\/\/api.w.org\/{rel}","templated":true}]}}