{"id":345573,"date":"2017-10-20T00:00:00","date_gmt":"2017-10-19T22:00:00","guid":{"rendered":"https:\/\/www.fiarebancaetica.coop\/20-octubre-dia-europeo-de-las-microfinanzas\/"},"modified":"2024-02-21T15:52:19","modified_gmt":"2024-02-21T14:52:19","slug":"20-octubre-dia-europeo-de-las-microfinanzas","status":"publish","type":"post","link":"https:\/\/www.fiarebancaetica.coop\/ca\/20-octubre-dia-europeo-de-las-microfinanzas\/","title":{"rendered":"20 Octubre -D\u00eda Europeo de las Microfinanzas"},"content":{"rendered":"\n\n<div class=\"wp-block-bancaetica-blocks-blocks-block-49\">\n    <div class=\"container-block-49\">\n\n        <div class=\"header-section \">\n                            <h1 class=\"section-title\"> Etica e cooperativa <\/h1>\n                                            <\/div>\n\n        \n        <div class=\"block-background\" style=\"background-image: url('https:\/\/www.fiarebancaetica.coop\/app\/uploads\/sites\/2\/2023\/12\/20-octubre-dia-europeo-de-las-microfinanzas.jpg')\">\n                            <div class=\"tile\">\n                    <h1 class=\"image-title\"> 20 Octubre -D\u00eda Europeo de las Microfinanzas <\/h1>\n                <\/div>             <!-- end .tile -->\n            <div class=\"bottom-content\">\n                            <\/div> <!-- end .button-content -->\n        <\/div> <!-- end .block-background -->\n    <\/div> <!-- end .container -->\n<\/div> <!-- end wp-block-bancaetica-blocks-blocks-block-06 -->\n\n\n<div class=\"wrapper-crispybacon-class wrapper-crispybacon-class-boxed \">\n    <p>Hoy se celebra la tercera edici\u00f3n del <a href=\"http:\/\/www.european-microfinance.org\/index.php?&amp;rub=activities&amp;pg=third-european-microfinance-day\">D\u00eda Europeo de las Microfinanzas <\/a>(European Microfinance Day), organizado por la <a href=\"http:\/\/www.european-microfinance.org\/\">Red Europea de Microfinanzas&nbsp; European Microfinance Network<\/a> (EMN), que agrupa 85 instituciones de 23 pa\u00edses europeos diferentes, todos unidos en el empe\u00f1o de desarrollar las microfinanzas como instrumento de inclusi\u00f3n social y desarrollo econ\u00f3mico sostenible.<\/p>\n<p>&nbsp;<\/p>\n<div class=\"media_embed\" height=\"315px\" width=\"482px\">\n\t<iframe loading=\"lazy\" frameborder=\"0\" height=\"315px\" src=\"https:\/\/www.youtube.com\/embed\/aYbth7LFzds\" width=\"482px\"><\/iframe><\/div>\n<p>Esta jornada de movilizaci\u00f3n busca difundir<strong> la potencialidad de las microfinanzas<\/strong> como respuesta a algunos de los desaf\u00edos que est\u00e1 afrontando Europa: reforzar la cohesi\u00f3n social, hacer crecer la cultura financiera, crear oportunidades de trabajo apoyando el autoempleo, especialmente para las mujeres, los y las j\u00f3venes y las personas inmigrantes.<br \/>\n\t<br \/>\n\tFiare Banca Etica es uno de los componentes de esta red y, especialmente en Italia, llevamos adquiriendo una experiencia importante desde 2001, habiendo financiado m\u00e1s de 3.400 proyectos de microfinanciaci\u00f3n por un total de aproximadamente 23,6 millones de euros.<br \/>\n\t<br \/>\n\tHoy invitamos a todos aquellos y aquellas que trabajan en instituciones de microfinanzas o en redes nacidas gracias a las microfinanzas a que compartan su testimonio para hacer saber a Europa que los <strong>microcr\u00e9ditos funcionan y pueden ser un instrumento muy eficaz de pol\u00edtica social y econ\u00f3mica.<\/strong><br \/>\n\t<br \/>\n\tUsemos los hashtag<strong> #EMD17 #FairFinanceForAll y #ScelgoBancaEtica<\/strong> para hacer o\u00edr nuestra voz.<\/p>\n<\/div>","protected":false},"excerpt":{"rendered":"<p>Hoy se celebra la tercera edici\u00f3n del D\u00eda Europeo de las Microfinanzas (European Microfinance Day), organizado por la Red Europea de Microfinanzas&nbsp; European Microfinance Network (EMN), que agrupa 85 instituciones de 23 pa\u00edses europeos diferentes, todos unidos en el empe\u00f1o de desarrollar las microfinanzas como instrumento de inclusi\u00f3n social y desarrollo econ\u00f3mico sostenible.<\/p>\n","protected":false},"author":2,"featured_media":325812,"comment_status":"open","ping_status":"closed","sticky":false,"template":"","format":"standard","meta":{"_acf_changed":false,"footnotes":""},"categories":[11643],"tags":[],"coauthors":[],"class_list":["post-345573","post","type-post","status-publish","format-standard","has-post-thumbnail","hentry","category-finances-etiques"],"acf":[],"yoast_head":"<!-- This site is optimized with the Yoast SEO plugin v26.9 - https:\/\/yoast.com\/product\/yoast-seo-wordpress\/ -->\n<title>20 Octubre -D\u00eda Europeo de las Microfinanzas - Fiare Banca Etica<\/title>\n<meta name=\"robots\" content=\"index, follow, max-snippet:-1, max-image-preview:large, max-video-preview:-1\" \/>\n<link rel=\"canonical\" href=\"https:\/\/www.fiarebancaetica.coop\/ca\/20-octubre-dia-europeo-de-las-microfinanzas\/\" \/>\n<meta property=\"og:locale\" content=\"ca_ES\" \/>\n<meta property=\"og:type\" content=\"article\" \/>\n<meta property=\"og:title\" content=\"20 Octubre -D\u00eda Europeo de las Microfinanzas - Fiare Banca Etica\" \/>\n<meta property=\"og:description\" content=\"Hoy se celebra la tercera edici\u00f3n del D\u00eda Europeo de las Microfinanzas (European Microfinance Day), organizado por la Red Europea de Microfinanzas&nbsp; European Microfinance Network (EMN), que agrupa 85 instituciones de 23 pa\u00edses europeos diferentes, todos unidos en el empe\u00f1o de desarrollar las microfinanzas como instrumento de inclusi\u00f3n social y desarrollo econ\u00f3mico sostenible.\" \/>\n<meta property=\"og:url\" content=\"https:\/\/www.fiarebancaetica.coop\/ca\/20-octubre-dia-europeo-de-las-microfinanzas\/\" \/>\n<meta property=\"og:site_name\" content=\"Fiare Banca Etica\" \/>\n<meta property=\"article:published_time\" content=\"2017-10-19T22:00:00+00:00\" \/>\n<meta property=\"article:modified_time\" content=\"2024-02-21T14:52:19+00:00\" \/>\n<meta property=\"og:image\" content=\"https:\/\/www.fiarebancaetica.coop\/app\/uploads\/sites\/2\/2023\/12\/20-octubre-dia-europeo-de-las-microfinanzas.jpg\" \/>\n\t<meta property=\"og:image:width\" content=\"540\" \/>\n\t<meta property=\"og:image:height\" content=\"189\" \/>\n\t<meta property=\"og:image:type\" content=\"image\/jpeg\" \/>\n<meta name=\"author\" content=\"crispyadmin0\" \/>\n<meta name=\"twitter:card\" content=\"summary_large_image\" \/>\n<script type=\"application\/ld+json\" class=\"yoast-schema-graph\">{\"@context\":\"https:\/\/schema.org\",\"@graph\":[{\"@type\":\"Article\",\"@id\":\"https:\/\/www.fiarebancaetica.coop\/ca\/20-octubre-dia-europeo-de-las-microfinanzas\/#article\",\"isPartOf\":{\"@id\":\"https:\/\/www.fiarebancaetica.coop\/ca\/20-octubre-dia-europeo-de-las-microfinanzas\/\"},\"author\":{\"name\":\"crispyadmin0\",\"@id\":\"https:\/\/www.fiarebancaetica.coop\/ca\/#\/schema\/person\/579841e89c804b5db05d9141bd9b8272\"},\"headline\":\"20 Octubre -D\u00eda Europeo de las Microfinanzas\",\"datePublished\":\"2017-10-19T22:00:00+00:00\",\"dateModified\":\"2024-02-21T14:52:19+00:00\",\"mainEntityOfPage\":{\"@id\":\"https:\/\/www.fiarebancaetica.coop\/ca\/20-octubre-dia-europeo-de-las-microfinanzas\/\"},\"wordCount\":221,\"commentCount\":0,\"image\":{\"@id\":\"https:\/\/www.fiarebancaetica.coop\/ca\/20-octubre-dia-europeo-de-las-microfinanzas\/#primaryimage\"},\"thumbnailUrl\":\"https:\/\/www.fiarebancaetica.coop\/app\/uploads\/sites\/2\/2023\/12\/20-octubre-dia-europeo-de-las-microfinanzas.jpg\",\"articleSection\":[\"Finances \u00e8tiques\"],\"inLanguage\":\"ca\",\"potentialAction\":[{\"@type\":\"CommentAction\",\"name\":\"Comment\",\"target\":[\"https:\/\/www.fiarebancaetica.coop\/ca\/20-octubre-dia-europeo-de-las-microfinanzas\/#respond\"]}]},{\"@type\":\"WebPage\",\"@id\":\"https:\/\/www.fiarebancaetica.coop\/ca\/20-octubre-dia-europeo-de-las-microfinanzas\/\",\"url\":\"https:\/\/www.fiarebancaetica.coop\/ca\/20-octubre-dia-europeo-de-las-microfinanzas\/\",\"name\":\"20 Octubre -D\u00eda Europeo de las Microfinanzas - Fiare Banca Etica\",\"isPartOf\":{\"@id\":\"https:\/\/www.fiarebancaetica.coop\/ca\/#website\"},\"primaryImageOfPage\":{\"@id\":\"https:\/\/www.fiarebancaetica.coop\/ca\/20-octubre-dia-europeo-de-las-microfinanzas\/#primaryimage\"},\"image\":{\"@id\":\"https:\/\/www.fiarebancaetica.coop\/ca\/20-octubre-dia-europeo-de-las-microfinanzas\/#primaryimage\"},\"thumbnailUrl\":\"https:\/\/www.fiarebancaetica.coop\/app\/uploads\/sites\/2\/2023\/12\/20-octubre-dia-europeo-de-las-microfinanzas.jpg\",\"datePublished\":\"2017-10-19T22:00:00+00:00\",\"dateModified\":\"2024-02-21T14:52:19+00:00\",\"author\":{\"@id\":\"https:\/\/www.fiarebancaetica.coop\/ca\/#\/schema\/person\/579841e89c804b5db05d9141bd9b8272\"},\"breadcrumb\":{\"@id\":\"https:\/\/www.fiarebancaetica.coop\/ca\/20-octubre-dia-europeo-de-las-microfinanzas\/#breadcrumb\"},\"inLanguage\":\"ca\",\"potentialAction\":[{\"@type\":\"ReadAction\",\"target\":[\"https:\/\/www.fiarebancaetica.coop\/ca\/20-octubre-dia-europeo-de-las-microfinanzas\/\"]}]},{\"@type\":\"ImageObject\",\"inLanguage\":\"ca\",\"@id\":\"https:\/\/www.fiarebancaetica.coop\/ca\/20-octubre-dia-europeo-de-las-microfinanzas\/#primaryimage\",\"url\":\"https:\/\/www.fiarebancaetica.coop\/app\/uploads\/sites\/2\/2023\/12\/20-octubre-dia-europeo-de-las-microfinanzas.jpg\",\"contentUrl\":\"https:\/\/www.fiarebancaetica.coop\/app\/uploads\/sites\/2\/2023\/12\/20-octubre-dia-europeo-de-las-microfinanzas.jpg\",\"width\":540,\"height\":189},{\"@type\":\"BreadcrumbList\",\"@id\":\"https:\/\/www.fiarebancaetica.coop\/ca\/20-octubre-dia-europeo-de-las-microfinanzas\/#breadcrumb\",\"itemListElement\":[{\"@type\":\"ListItem\",\"position\":1,\"name\":\"Home\",\"item\":\"https:\/\/www.fiarebancaetica.coop\/ca\/\"},{\"@type\":\"ListItem\",\"position\":2,\"name\":\"20 Octubre -D\u00eda Europeo de las Microfinanzas\"}]},{\"@type\":\"WebSite\",\"@id\":\"https:\/\/www.fiarebancaetica.coop\/ca\/#website\",\"url\":\"https:\/\/www.fiarebancaetica.coop\/ca\/\",\"name\":\"Fiare Banca Etica\",\"description\":\"\",\"potentialAction\":[{\"@type\":\"SearchAction\",\"target\":{\"@type\":\"EntryPoint\",\"urlTemplate\":\"https:\/\/www.fiarebancaetica.coop\/ca\/?s={search_term_string}\"},\"query-input\":{\"@type\":\"PropertyValueSpecification\",\"valueRequired\":true,\"valueName\":\"search_term_string\"}}],\"inLanguage\":\"ca\"},{\"@type\":\"Person\",\"@id\":\"https:\/\/www.fiarebancaetica.coop\/ca\/#\/schema\/person\/579841e89c804b5db05d9141bd9b8272\",\"name\":\"crispyadmin0\",\"image\":{\"@type\":\"ImageObject\",\"inLanguage\":\"ca\",\"@id\":\"https:\/\/www.fiarebancaetica.coop\/ca\/#\/schema\/person\/image\/5f3a6b7786f32f4c35bd2b1a5a4698ea\",\"url\":\"https:\/\/secure.gravatar.com\/avatar\/4d2cfb499d497b6d49da659fab7404b243a87fe8e40d2cf97a1cae48f677f5b2?s=96&d=mm&r=g\",\"contentUrl\":\"https:\/\/secure.gravatar.com\/avatar\/4d2cfb499d497b6d49da659fab7404b243a87fe8e40d2cf97a1cae48f677f5b2?s=96&d=mm&r=g\",\"caption\":\"crispyadmin0\"},\"sameAs\":[\"crispyadmin0\"]}]}<\/script>\n<!-- \/ Yoast SEO plugin. -->","yoast_head_json":{"title":"20 Octubre -D\u00eda Europeo de las Microfinanzas - Fiare Banca Etica","robots":{"index":"index","follow":"follow","max-snippet":"max-snippet:-1","max-image-preview":"max-image-preview:large","max-video-preview":"max-video-preview:-1"},"canonical":"https:\/\/www.fiarebancaetica.coop\/ca\/20-octubre-dia-europeo-de-las-microfinanzas\/","og_locale":"ca_ES","og_type":"article","og_title":"20 Octubre -D\u00eda Europeo de las Microfinanzas - Fiare Banca Etica","og_description":"Hoy se celebra la tercera edici\u00f3n del D\u00eda Europeo de las Microfinanzas (European Microfinance Day), organizado por la Red Europea de Microfinanzas&nbsp; European Microfinance Network (EMN), que agrupa 85 instituciones de 23 pa\u00edses europeos diferentes, todos unidos en el empe\u00f1o de desarrollar las microfinanzas como instrumento de inclusi\u00f3n social y desarrollo econ\u00f3mico sostenible.","og_url":"https:\/\/www.fiarebancaetica.coop\/ca\/20-octubre-dia-europeo-de-las-microfinanzas\/","og_site_name":"Fiare Banca Etica","article_published_time":"2017-10-19T22:00:00+00:00","article_modified_time":"2024-02-21T14:52:19+00:00","og_image":[{"width":540,"height":189,"url":"https:\/\/www.fiarebancaetica.coop\/app\/uploads\/sites\/2\/2023\/12\/20-octubre-dia-europeo-de-las-microfinanzas.jpg","type":"image\/jpeg"}],"author":"crispyadmin0","twitter_card":"summary_large_image","schema":{"@context":"https:\/\/schema.org","@graph":[{"@type":"Article","@id":"https:\/\/www.fiarebancaetica.coop\/ca\/20-octubre-dia-europeo-de-las-microfinanzas\/#article","isPartOf":{"@id":"https:\/\/www.fiarebancaetica.coop\/ca\/20-octubre-dia-europeo-de-las-microfinanzas\/"},"author":{"name":"crispyadmin0","@id":"https:\/\/www.fiarebancaetica.coop\/ca\/#\/schema\/person\/579841e89c804b5db05d9141bd9b8272"},"headline":"20 Octubre -D\u00eda Europeo de las Microfinanzas","datePublished":"2017-10-19T22:00:00+00:00","dateModified":"2024-02-21T14:52:19+00:00","mainEntityOfPage":{"@id":"https:\/\/www.fiarebancaetica.coop\/ca\/20-octubre-dia-europeo-de-las-microfinanzas\/"},"wordCount":221,"commentCount":0,"image":{"@id":"https:\/\/www.fiarebancaetica.coop\/ca\/20-octubre-dia-europeo-de-las-microfinanzas\/#primaryimage"},"thumbnailUrl":"https:\/\/www.fiarebancaetica.coop\/app\/uploads\/sites\/2\/2023\/12\/20-octubre-dia-europeo-de-las-microfinanzas.jpg","articleSection":["Finances \u00e8tiques"],"inLanguage":"ca","potentialAction":[{"@type":"CommentAction","name":"Comment","target":["https:\/\/www.fiarebancaetica.coop\/ca\/20-octubre-dia-europeo-de-las-microfinanzas\/#respond"]}]},{"@type":"WebPage","@id":"https:\/\/www.fiarebancaetica.coop\/ca\/20-octubre-dia-europeo-de-las-microfinanzas\/","url":"https:\/\/www.fiarebancaetica.coop\/ca\/20-octubre-dia-europeo-de-las-microfinanzas\/","name":"20 Octubre -D\u00eda Europeo de las Microfinanzas - Fiare Banca Etica","isPartOf":{"@id":"https:\/\/www.fiarebancaetica.coop\/ca\/#website"},"primaryImageOfPage":{"@id":"https:\/\/www.fiarebancaetica.coop\/ca\/20-octubre-dia-europeo-de-las-microfinanzas\/#primaryimage"},"image":{"@id":"https:\/\/www.fiarebancaetica.coop\/ca\/20-octubre-dia-europeo-de-las-microfinanzas\/#primaryimage"},"thumbnailUrl":"https:\/\/www.fiarebancaetica.coop\/app\/uploads\/sites\/2\/2023\/12\/20-octubre-dia-europeo-de-las-microfinanzas.jpg","datePublished":"2017-10-19T22:00:00+00:00","dateModified":"2024-02-21T14:52:19+00:00","author":{"@id":"https:\/\/www.fiarebancaetica.coop\/ca\/#\/schema\/person\/579841e89c804b5db05d9141bd9b8272"},"breadcrumb":{"@id":"https:\/\/www.fiarebancaetica.coop\/ca\/20-octubre-dia-europeo-de-las-microfinanzas\/#breadcrumb"},"inLanguage":"ca","potentialAction":[{"@type":"ReadAction","target":["https:\/\/www.fiarebancaetica.coop\/ca\/20-octubre-dia-europeo-de-las-microfinanzas\/"]}]},{"@type":"ImageObject","inLanguage":"ca","@id":"https:\/\/www.fiarebancaetica.coop\/ca\/20-octubre-dia-europeo-de-las-microfinanzas\/#primaryimage","url":"https:\/\/www.fiarebancaetica.coop\/app\/uploads\/sites\/2\/2023\/12\/20-octubre-dia-europeo-de-las-microfinanzas.jpg","contentUrl":"https:\/\/www.fiarebancaetica.coop\/app\/uploads\/sites\/2\/2023\/12\/20-octubre-dia-europeo-de-las-microfinanzas.jpg","width":540,"height":189},{"@type":"BreadcrumbList","@id":"https:\/\/www.fiarebancaetica.coop\/ca\/20-octubre-dia-europeo-de-las-microfinanzas\/#breadcrumb","itemListElement":[{"@type":"ListItem","position":1,"name":"Home","item":"https:\/\/www.fiarebancaetica.coop\/ca\/"},{"@type":"ListItem","position":2,"name":"20 Octubre -D\u00eda Europeo de las Microfinanzas"}]},{"@type":"WebSite","@id":"https:\/\/www.fiarebancaetica.coop\/ca\/#website","url":"https:\/\/www.fiarebancaetica.coop\/ca\/","name":"Fiare Banca Etica","description":"","potentialAction":[{"@type":"SearchAction","target":{"@type":"EntryPoint","urlTemplate":"https:\/\/www.fiarebancaetica.coop\/ca\/?s={search_term_string}"},"query-input":{"@type":"PropertyValueSpecification","valueRequired":true,"valueName":"search_term_string"}}],"inLanguage":"ca"},{"@type":"Person","@id":"https:\/\/www.fiarebancaetica.coop\/ca\/#\/schema\/person\/579841e89c804b5db05d9141bd9b8272","name":"crispyadmin0","image":{"@type":"ImageObject","inLanguage":"ca","@id":"https:\/\/www.fiarebancaetica.coop\/ca\/#\/schema\/person\/image\/5f3a6b7786f32f4c35bd2b1a5a4698ea","url":"https:\/\/secure.gravatar.com\/avatar\/4d2cfb499d497b6d49da659fab7404b243a87fe8e40d2cf97a1cae48f677f5b2?s=96&d=mm&r=g","contentUrl":"https:\/\/secure.gravatar.com\/avatar\/4d2cfb499d497b6d49da659fab7404b243a87fe8e40d2cf97a1cae48f677f5b2?s=96&d=mm&r=g","caption":"crispyadmin0"},"sameAs":["crispyadmin0"]}]}},"_links":{"self":[{"href":"https:\/\/www.fiarebancaetica.coop\/ca\/wp-json\/wp\/v2\/posts\/345573","targetHints":{"allow":["GET"]}}],"collection":[{"href":"https:\/\/www.fiarebancaetica.coop\/ca\/wp-json\/wp\/v2\/posts"}],"about":[{"href":"https:\/\/www.fiarebancaetica.coop\/ca\/wp-json\/wp\/v2\/types\/post"}],"author":[{"embeddable":true,"href":"https:\/\/www.fiarebancaetica.coop\/ca\/wp-json\/wp\/v2\/users\/2"}],"replies":[{"embeddable":true,"href":"https:\/\/www.fiarebancaetica.coop\/ca\/wp-json\/wp\/v2\/comments?post=345573"}],"version-history":[{"count":1,"href":"https:\/\/www.fiarebancaetica.coop\/ca\/wp-json\/wp\/v2\/posts\/345573\/revisions"}],"predecessor-version":[{"id":353723,"href":"https:\/\/www.fiarebancaetica.coop\/ca\/wp-json\/wp\/v2\/posts\/345573\/revisions\/353723"}],"wp:featuredmedia":[{"embeddable":true,"href":"https:\/\/www.fiarebancaetica.coop\/ca\/wp-json\/wp\/v2\/media\/325812"}],"wp:attachment":[{"href":"https:\/\/www.fiarebancaetica.coop\/ca\/wp-json\/wp\/v2\/media?parent=345573"}],"wp:term":[{"taxonomy":"category","embeddable":true,"href":"https:\/\/www.fiarebancaetica.coop\/ca\/wp-json\/wp\/v2\/categories?post=345573"},{"taxonomy":"post_tag","embeddable":true,"href":"https:\/\/www.fiarebancaetica.coop\/ca\/wp-json\/wp\/v2\/tags?post=345573"},{"taxonomy":"author","embeddable":true,"href":"https:\/\/www.fiarebancaetica.coop\/ca\/wp-json\/wp\/v2\/coauthors?post=345573"}],"curies":[{"name":"wp","href":"https:\/\/api.w.org\/{rel}","templated":true}]}}