{"id":345594,"date":"2017-09-28T00:00:00","date_gmt":"2017-09-27T22:00:00","guid":{"rendered":"https:\/\/www.fiarebancaetica.coop\/ultimos-proyectos-financiados-por-fiare\/"},"modified":"2024-02-21T15:52:35","modified_gmt":"2024-02-21T14:52:35","slug":"ultimos-proyectos-financiados-por-fiare","status":"publish","type":"post","link":"https:\/\/www.fiarebancaetica.coop\/ca\/ultimos-proyectos-financiados-por-fiare\/","title":{"rendered":"\u00daltimos proyectos financiados por Fiare"},"content":{"rendered":"\n\n<div class=\"wp-block-bancaetica-blocks-blocks-block-49\">\n    <div class=\"container-block-49\">\n\n        <div class=\"header-section \">\n                            <h1 class=\"section-title\"> Etica e cooperativa <\/h1>\n                                            <\/div>\n\n        \n        <div class=\"block-background\" style=\"background-image: url('https:\/\/www.fiarebancaetica.coop\/app\/uploads\/sites\/2\/2023\/12\/ultimos-proyectos-financiados-por-fiare.jpg')\">\n                            <div class=\"tile\">\n                    <h1 class=\"image-title\"> \u00daltimos proyectos financiados por Fiare <\/h1>\n                <\/div>             <!-- end .tile -->\n            <div class=\"bottom-content\">\n                            <\/div> <!-- end .button-content -->\n        <\/div> <!-- end .block-background -->\n    <\/div> <!-- end .container -->\n<\/div> <!-- end wp-block-bancaetica-blocks-blocks-block-06 -->\n\n\n<div class=\"wrapper-crispybacon-class wrapper-crispybacon-class-boxed \">\n    <p>Durante el mes de julio y agosto Fiare Banca Etica ha apoyado el desarrollo de proyectos de agricultura, cultura, educaci\u00f3n e inserci\u00f3n laboral de personas desfavorecidas en los diferentes territorios.<\/p>\n<h2>\n\tFundacio Catalana de L&#8217;Esplai &#8211; Barcelona<\/h2>\n<p>Es una entidad aconfesional surgida en el a\u00f1o 1966 en el entorno de un barrio marginal que tenia como objetivo la educaci\u00f3n de los j\u00f3venes y los ni\u00f1os en el tiempo libre. Actualmente son 81 esplais en los que se acompa\u00f1an a m\u00e1s de 13 mil ni\u00f1os. Se da apoyo a estos Esplais tanto desde el punto de vista de apoyo a la gesti\u00f3n y formaci\u00f3n como desde el punto de vista de equipamientos, a partir de la intermediaci\u00f3n y en algunos casos oferta propia, de casas de colonias, terrenos de acampada y albergues. Su \u00e1mbito de actuaci\u00f3n se ha ampliado a adolescentes especialmente en el \u00e1mbito de la integraci\u00f3n socio laboral de colectivos en riesgo de exclusi\u00f3n. Se apoya a otras entidades del tercer sector y a escuelas p\u00fablicas a partir de la prestaci\u00f3n de servicios de formaci\u00f3n a monitores, servicios de oferta de actividades (extraescolares, comedores, monitoreo de colonias, etc.).<\/p>\n<p><a href=\"https:\/\/fundesplai.org\/\"><strong>https:\/\/fundesplai.org\/<\/strong><\/a><\/p>\n<h2>\n\tSocietat Cooperativa Agroecologica Camp d&#8217;elx La Camperola &#8211; Alicante<\/h2>\n<p>La Camperola es una cooperativa que promueve la producci\u00f3n y el consumo alimentario ecol\u00f3gico desde hace m\u00e1s de tres a\u00f1os. Las actividades principales que desarrollan son: la producci\u00f3n directa de frutas y hortalizas en una finca agraria, el intercambio o adquisici\u00f3n a otros productores locales y la comercializaci\u00f3n. Disponen de una tienda en Santa Pola y en proyecto: la puesta en marcha de una tienda en Elche.<\/p>\n<p><strong><a href=\"http:\/\/lacamperola.org\/\">http:\/\/lacamperola.org<\/a><\/strong><\/p>\n<h2>\n\tAsociaci\u00f3n Suyae &#8211; Madrid<\/h2>\n<p>La asociaci\u00f3n tiene como objetivo principal realizar intervenci\u00f3n socioeducativa con j\u00f3venes y familias desde una perspectiva de prevenci\u00f3n y de promoci\u00f3n, actuando en situaciones de dificultad, riesgo, conflicto y\/o exclusi\u00f3n social. Las \u00e1reas de trabajo son: el Empleo y formaci\u00f3n cuya finalidad es la inserci\u00f3n, intervenci\u00f3n social: con menores j\u00f3venes y familias y con madres adolescentes, seguimiento de agrupaciones juveniles de la calle como por ejemplo &#8220;Bandas Latinas&#8221;, acompa\u00f1amiento escolar en primaria, formaci\u00f3n en secundaria, actividades extraescolares, cursos de mediaci\u00f3n social y escuela de familia; y sensibilizaci\u00f3n, actividades comunitarias y trabajo en red.<\/p>\n<p><strong><a href=\"http:\/\/suyae.org\">suyae.org<\/a><\/strong><\/p>\n<h2>\n\tIsonorte Empleo SL &#8211; Santa Cruz de Tenerife<\/h2>\n<p>Es una empresa de inserci\u00f3n laboral de personas en exclusi\u00f3n social a trav\u00e9s de actividades respetuosas con el medio ambiente como son las producciones ecol\u00f3gicas &#8211; sobre todo de huevos -, verduras, una tienda de enmarcado de cuadros, comercio justo y venta de productos locales, as\u00ed como la gesti\u00f3n de residuos org\u00e1nicos para convertirlos en compost. Forman parte de algunas redes: AERESS, EAPN y REAS.<\/p>\n<p><a href=\"http:\/\/www.economiasolidaria.org\/isonorte_empleo\">http:\/\/www.economiasolidaria.org\/isonorte_empleo<\/a><\/p>\n<h2>\n\tAsociaci\u00f3n Traperos Huelva &#8211; Huelva<\/h2>\n<p>Es un colectivo que gestiona personas en riesgo de exclusi\u00f3n social que pretenden vivir de su trabajo y que ese trabajo sea la recogida, clasificaci\u00f3n, tratamiento, recuperaci\u00f3n, reciclaje de aquello que a otros ya no les sirve.Desde el 2015 han empezado a trabajar desde tres pilares: la actividad econ\u00f3mica, la actividad pedag\u00f3gica y social y la actividad ecol\u00f3gica y solidaria. Son la primera entidad andaluza catalogada como gestora de residuos.<\/p>\n<p><br \/>\n\t<strong><a href=\"https:\/\/emaushuelva.es\">https:\/\/emaushuelva.es<\/a><\/strong><\/p>\n<h2>\n\t&nbsp;<\/h2>\n<h2>\n\tFundaci\u00f3n Traperos de Emaus \u2013 Navarra<\/h2>\n<p>Esta fundaci\u00f3n trabaja para la inserci\u00f3n socio laboral de personas en situaci\u00f3n de riesgo de exclusi\u00f3n. Trabajan en el sector de la recogida, clasificaci\u00f3n y venta de objetos provenientes de desechos: realizan la recogida, recuperaci\u00f3n y reciclaje de diferentes objetos, principalmente en 12 mancomunidades de Navarra.<\/p>\n<p><a href=\"http:\/\/www.emausnavarra.org\">www.emausnavarra.org<\/a><\/p>\n<p>&nbsp;<\/p>\n<h2>\n\tEma\u00fas Bilbao S. Coop. de Iniciativa Social<\/h2>\n<p>Es la entidad visible de un grupo de entidades que trabajan para la inserci\u00f3n de colectivos en situaci\u00f3n o en riesgo de exclusi\u00f3n social a trav\u00e9s del desarrollo de actividades de servicios medioambientales y de acuerdo a los valores de la econom\u00eda social y solidaria. Las empresas de inserci\u00f3n promovidas por Ema\u00fas Bilbao son 5, entre las cuales se encuentran:<\/p>\n<h4>\n\tEmaus Servicios Medioambientales S.L.U. &#8211; Bizkaia<\/h4>\n<p>La actividad de esta empresa de inserci\u00f3n se centra en la recogida, transporte y gesti\u00f3n de residuos s\u00f3lidos urbanos. Entre sus clientes hay tanto p\u00fablicos (ayuntamientos), como privados institucionales y privados personas f\u00edsicas, al igual que Kide Emaus SL.<\/p>\n<h4>\n\tEmaus Movilidad Sostenible S.L.U. &#8211; Bizkaia&nbsp;<\/h4>\n<p>El objeto social de esta sociedad de inserci\u00f3n son los servicios de movilidad sostenible y entre ellos el servicio de pr\u00e9stamo automatizado de bicicletas, adem\u00e1s del comercio de productos recuperados procedentes de la recogida de residuos s\u00f3lidos urbanos.<\/p>\n<h4>\n\tKide Emaus S.L. &#8211; Bizkaia<\/h4>\n<p>Su actividad es la recogida, reciclaje y reutilizaci\u00f3n de residuos urbanos a trav\u00e9s de la venta. Realiza actividades similares a las entidades anteriores solo que el la provincia de Alava. Adem\u00e1s de lo anterior complementa sus servicios con la venta de productos de Comercio justo.<\/p>\n<p><a href=\"http:\/\/www.emausnavarra.org\">www.emausnavarra.org<\/a><\/p>\n<h2>\n\tMinyons Escoltes i Guies Sant Jordi de Catalunya \u2013 Barcelona<\/h2>\n<p>Es una asociaci\u00f3n son \u00e1nimo de lucro cuya misi\u00f3n es educar a los ni\u00f1os y los j\u00f3venes a trav\u00e9s del m\u00e9todo Escucha y gu\u00eda, haci\u00e9ndoles protagonistas de su crecimiento personal, para que se conviertan en personas activas, conscientes y comprometidas con la sociedad. Existe afiliaci\u00f3n muy fuerte al movimiento scout internacional y a distintos movimientos del territorio.<\/p>\n<p><a href=\"http:\/\/www.escoltesiguies.cat\">www.escoltesiguies.cat<\/a><\/p>\n<h2>\n\tEscola Goar S.L.U \u2013 Barcelona&nbsp;<\/h2>\n<p>Es una escuela concertada que ofreciendo educaci\u00f3n en todas las etapas, desde infantil hasta bachillerato, busca que su alumnado se comprometa con la sociedad actual y que puedan participar de manera cr\u00edtica y aut\u00f3noma. Creada y arraigada en Catalu\u00f1a, es una escuela comprometida en el uso adecuado y educativo de las nuevas tecnolog\u00edas.<\/p>\n<p><a href=\"http:\/\/www.escolagoar.cat\/\">www.escolagoar.cat<\/a><\/p>\n<h2>\n\tAsociaci\u00f3n de Educadores Las Alamedillas \u2013 Madrid&nbsp;<\/h2>\n<p>Esta organizaci\u00f3n de iniciativa social est\u00e1 formada por un grupo de profesionales que se hace eco de la necesidad de responder a los retos educativos y sociales de nuestro entorno. El \u00e1mbito de trabajo de esta asociaci\u00f3n es la inserci\u00f3n socio-laboral, los proyectos de desarrollo personal, la formaci\u00f3n para el empleo, los programas de participaci\u00f3n infantil, la intervenci\u00f3n en centros docentes o el trabajo social.<\/p>\n<p><a href=\"http:\/\/www.alamedillas.org\/alamedillas\">www.alamedillas.org\/alamedillas<\/a><\/p>\n<h2>\n\tUni\u00f3n de Agricultores y Ganaderos de Sevilla (COAG) \u2013 Sevilla<\/h2>\n<p>COAG Sevilla, es una uni\u00f3n provincial de La Coordinadora de Organizaciones de Agricultores y Ganaderos, primera organizaci\u00f3n agraria profesional de \u00e1mbito estatal (1977). Es una organizaci\u00f3n plural, independiente y reivindicativa que defiende los intereses del modelo social y profesional de agricultura y da servicio a m\u00e1s de 150.000 agricultores y ganaderos a trav\u00e9s de sus 220 oficinas en todo el territorio nacional.<\/p>\n<p><a href=\"http:\/\/www.coagandalucia.com\">www.coagandalucia.com<\/a><\/p>\n<h2>\n\tB-Polemic \u2013 Associacio per a la Promocio i Practica del Pole Dance \u2013 Barcelona<\/h2>\n<p>Esta asociaci\u00f3n realiza diferentes actividades f\u00edsicas. Principalmente hacen pole, una disciplina de danza acrob\u00e1tica y deportiva y que utiliza la barra como elemento principal. BPolemic nace con la vocaci\u00f3n de generar impacto social positivo en los colectivos desfavorecidos, como mujeres o ni\u00f1as maltratadas y mujeres encarceladas. Dan cursos gratuitos de pole a las presas de la c\u00e1rcel y a ni\u00f1os y adolescentes de los diferentes CRAE de la ciudad.<\/p>\n<p><a href=\"http:\/\/www.bpolemic.org\/impacto-social\">www.bpolemic.org\/impacto-social<\/a><\/p>\n<h2>\n\tAsociaci\u00f3n Candelita \u2013 Madrid<\/h2>\n<p>Su objetivo principal es incrementar los niveles de igualdad de oportunidades de todos aquellos colectivos que sufren los efectos de las distintas formas de discriminaci\u00f3n social. Mediante diferentes programas buscan la forma de dar la mejor atenci\u00f3n a todos los colectivos en riesgo de exclusi\u00f3n social a trav\u00e9s de la formaci\u00f3n, asesoramiento y acompa\u00f1amiento a las personas. Tambi\u00e9n desarrollan actividades de sensibilizaci\u00f3n que promueven la educaci\u00f3n y convivencia intercultural.<\/p>\n<p><a href=\"http:\/\/www.candelita.org\">www.candelita.org<\/a><\/p>\n<h2>\n\tEscuela Mayrit Sdad Coop Madrile\u00f1a \u2013 Madrid&nbsp;<\/h2>\n<p>Es un centro homologado de educaci\u00f3n infantil y primaria biling\u00fce en Madrid. El proyecto pedag\u00f3gico se basa en la pedagog\u00eda activa. Proponen una educaci\u00f3n hol\u00edstica, activa, personalizada; una educaci\u00f3n en y para la paz y la libertad, una educaci\u00f3n democr\u00e1tica, biling\u00fce y vertebrada desde el respeto al medioambiente.<\/p>\n<p><a href=\"http:\/\/mayritescuelaactiva.org\">http:\/\/mayritescuelaactiva.org<\/a><\/p>\n<p>&nbsp;<\/p>\n<p>&nbsp;<\/p>\n<\/div>","protected":false},"excerpt":{"rendered":"<p>Durante el mes de julio y agosto Fiare Banca Etica ha apoyado el desarrollo de proyectos de agricultura, cultura, educaci\u00f3n e inserci\u00f3n laboral de personas desfavorecidas en los diferentes territorios.<\/p>\n","protected":false},"author":2,"featured_media":325758,"comment_status":"open","ping_status":"closed","sticky":false,"template":"","format":"standard","meta":{"_acf_changed":false,"footnotes":""},"categories":[11662],"tags":[],"coauthors":[],"class_list":["post-345594","post","type-post","status-publish","format-standard","has-post-thumbnail","hentry","category-histories-dimpacte-positiu"],"acf":[],"yoast_head":"<!-- This site is optimized with the Yoast SEO plugin v26.9 - https:\/\/yoast.com\/product\/yoast-seo-wordpress\/ -->\n<title>\u00daltimos proyectos financiados por Fiare - Fiare Banca Etica<\/title>\n<meta name=\"robots\" content=\"index, follow, max-snippet:-1, max-image-preview:large, max-video-preview:-1\" \/>\n<link rel=\"canonical\" href=\"https:\/\/www.fiarebancaetica.coop\/ca\/ultimos-proyectos-financiados-por-fiare\/\" \/>\n<meta property=\"og:locale\" content=\"ca_ES\" \/>\n<meta property=\"og:type\" content=\"article\" \/>\n<meta property=\"og:title\" content=\"\u00daltimos proyectos financiados por Fiare - Fiare Banca Etica\" \/>\n<meta property=\"og:description\" content=\"Durante el mes de julio y agosto Fiare Banca Etica ha apoyado el desarrollo de proyectos de agricultura, cultura, educaci\u00f3n e inserci\u00f3n laboral de personas desfavorecidas en los diferentes territorios.\" \/>\n<meta property=\"og:url\" content=\"https:\/\/www.fiarebancaetica.coop\/ca\/ultimos-proyectos-financiados-por-fiare\/\" \/>\n<meta property=\"og:site_name\" content=\"Fiare Banca Etica\" \/>\n<meta property=\"article:published_time\" content=\"2017-09-27T22:00:00+00:00\" \/>\n<meta property=\"article:modified_time\" content=\"2024-02-21T14:52:35+00:00\" \/>\n<meta property=\"og:image\" content=\"https:\/\/www.fiarebancaetica.coop\/app\/uploads\/sites\/2\/2023\/12\/ultimos-proyectos-financiados-por-fiare.jpg\" \/>\n\t<meta property=\"og:image:width\" content=\"591\" \/>\n\t<meta property=\"og:image:height\" content=\"299\" \/>\n\t<meta property=\"og:image:type\" content=\"image\/jpeg\" \/>\n<meta name=\"author\" content=\"crispyadmin0\" \/>\n<meta name=\"twitter:card\" content=\"summary_large_image\" \/>\n<script type=\"application\/ld+json\" class=\"yoast-schema-graph\">{\"@context\":\"https:\/\/schema.org\",\"@graph\":[{\"@type\":\"Article\",\"@id\":\"https:\/\/www.fiarebancaetica.coop\/ca\/ultimos-proyectos-financiados-por-fiare\/#article\",\"isPartOf\":{\"@id\":\"https:\/\/www.fiarebancaetica.coop\/ca\/ultimos-proyectos-financiados-por-fiare\/\"},\"author\":{\"name\":\"crispyadmin0\",\"@id\":\"https:\/\/www.fiarebancaetica.coop\/ca\/#\/schema\/person\/579841e89c804b5db05d9141bd9b8272\"},\"headline\":\"\u00daltimos proyectos financiados por Fiare\",\"datePublished\":\"2017-09-27T22:00:00+00:00\",\"dateModified\":\"2024-02-21T14:52:35+00:00\",\"mainEntityOfPage\":{\"@id\":\"https:\/\/www.fiarebancaetica.coop\/ca\/ultimos-proyectos-financiados-por-fiare\/\"},\"wordCount\":1434,\"commentCount\":0,\"image\":{\"@id\":\"https:\/\/www.fiarebancaetica.coop\/ca\/ultimos-proyectos-financiados-por-fiare\/#primaryimage\"},\"thumbnailUrl\":\"https:\/\/www.fiarebancaetica.coop\/app\/uploads\/sites\/2\/2023\/12\/ultimos-proyectos-financiados-por-fiare.jpg\",\"articleSection\":[\"Hist\u00f2ries d'impacte positiu\"],\"inLanguage\":\"ca\",\"potentialAction\":[{\"@type\":\"CommentAction\",\"name\":\"Comment\",\"target\":[\"https:\/\/www.fiarebancaetica.coop\/ca\/ultimos-proyectos-financiados-por-fiare\/#respond\"]}]},{\"@type\":\"WebPage\",\"@id\":\"https:\/\/www.fiarebancaetica.coop\/ca\/ultimos-proyectos-financiados-por-fiare\/\",\"url\":\"https:\/\/www.fiarebancaetica.coop\/ca\/ultimos-proyectos-financiados-por-fiare\/\",\"name\":\"\u00daltimos proyectos financiados por Fiare - Fiare Banca Etica\",\"isPartOf\":{\"@id\":\"https:\/\/www.fiarebancaetica.coop\/ca\/#website\"},\"primaryImageOfPage\":{\"@id\":\"https:\/\/www.fiarebancaetica.coop\/ca\/ultimos-proyectos-financiados-por-fiare\/#primaryimage\"},\"image\":{\"@id\":\"https:\/\/www.fiarebancaetica.coop\/ca\/ultimos-proyectos-financiados-por-fiare\/#primaryimage\"},\"thumbnailUrl\":\"https:\/\/www.fiarebancaetica.coop\/app\/uploads\/sites\/2\/2023\/12\/ultimos-proyectos-financiados-por-fiare.jpg\",\"datePublished\":\"2017-09-27T22:00:00+00:00\",\"dateModified\":\"2024-02-21T14:52:35+00:00\",\"author\":{\"@id\":\"https:\/\/www.fiarebancaetica.coop\/ca\/#\/schema\/person\/579841e89c804b5db05d9141bd9b8272\"},\"breadcrumb\":{\"@id\":\"https:\/\/www.fiarebancaetica.coop\/ca\/ultimos-proyectos-financiados-por-fiare\/#breadcrumb\"},\"inLanguage\":\"ca\",\"potentialAction\":[{\"@type\":\"ReadAction\",\"target\":[\"https:\/\/www.fiarebancaetica.coop\/ca\/ultimos-proyectos-financiados-por-fiare\/\"]}]},{\"@type\":\"ImageObject\",\"inLanguage\":\"ca\",\"@id\":\"https:\/\/www.fiarebancaetica.coop\/ca\/ultimos-proyectos-financiados-por-fiare\/#primaryimage\",\"url\":\"https:\/\/www.fiarebancaetica.coop\/app\/uploads\/sites\/2\/2023\/12\/ultimos-proyectos-financiados-por-fiare.jpg\",\"contentUrl\":\"https:\/\/www.fiarebancaetica.coop\/app\/uploads\/sites\/2\/2023\/12\/ultimos-proyectos-financiados-por-fiare.jpg\",\"width\":591,\"height\":299},{\"@type\":\"BreadcrumbList\",\"@id\":\"https:\/\/www.fiarebancaetica.coop\/ca\/ultimos-proyectos-financiados-por-fiare\/#breadcrumb\",\"itemListElement\":[{\"@type\":\"ListItem\",\"position\":1,\"name\":\"Home\",\"item\":\"https:\/\/www.fiarebancaetica.coop\/ca\/\"},{\"@type\":\"ListItem\",\"position\":2,\"name\":\"\u00daltimos proyectos financiados por Fiare\"}]},{\"@type\":\"WebSite\",\"@id\":\"https:\/\/www.fiarebancaetica.coop\/ca\/#website\",\"url\":\"https:\/\/www.fiarebancaetica.coop\/ca\/\",\"name\":\"Fiare Banca Etica\",\"description\":\"\",\"potentialAction\":[{\"@type\":\"SearchAction\",\"target\":{\"@type\":\"EntryPoint\",\"urlTemplate\":\"https:\/\/www.fiarebancaetica.coop\/ca\/?s={search_term_string}\"},\"query-input\":{\"@type\":\"PropertyValueSpecification\",\"valueRequired\":true,\"valueName\":\"search_term_string\"}}],\"inLanguage\":\"ca\"},{\"@type\":\"Person\",\"@id\":\"https:\/\/www.fiarebancaetica.coop\/ca\/#\/schema\/person\/579841e89c804b5db05d9141bd9b8272\",\"name\":\"crispyadmin0\",\"image\":{\"@type\":\"ImageObject\",\"inLanguage\":\"ca\",\"@id\":\"https:\/\/www.fiarebancaetica.coop\/ca\/#\/schema\/person\/image\/5f3a6b7786f32f4c35bd2b1a5a4698ea\",\"url\":\"https:\/\/secure.gravatar.com\/avatar\/4d2cfb499d497b6d49da659fab7404b243a87fe8e40d2cf97a1cae48f677f5b2?s=96&d=mm&r=g\",\"contentUrl\":\"https:\/\/secure.gravatar.com\/avatar\/4d2cfb499d497b6d49da659fab7404b243a87fe8e40d2cf97a1cae48f677f5b2?s=96&d=mm&r=g\",\"caption\":\"crispyadmin0\"},\"sameAs\":[\"crispyadmin0\"]}]}<\/script>\n<!-- \/ Yoast SEO plugin. -->","yoast_head_json":{"title":"\u00daltimos proyectos financiados por Fiare - Fiare Banca Etica","robots":{"index":"index","follow":"follow","max-snippet":"max-snippet:-1","max-image-preview":"max-image-preview:large","max-video-preview":"max-video-preview:-1"},"canonical":"https:\/\/www.fiarebancaetica.coop\/ca\/ultimos-proyectos-financiados-por-fiare\/","og_locale":"ca_ES","og_type":"article","og_title":"\u00daltimos proyectos financiados por Fiare - Fiare Banca Etica","og_description":"Durante el mes de julio y agosto Fiare Banca Etica ha apoyado el desarrollo de proyectos de agricultura, cultura, educaci\u00f3n e inserci\u00f3n laboral de personas desfavorecidas en los diferentes territorios.","og_url":"https:\/\/www.fiarebancaetica.coop\/ca\/ultimos-proyectos-financiados-por-fiare\/","og_site_name":"Fiare Banca Etica","article_published_time":"2017-09-27T22:00:00+00:00","article_modified_time":"2024-02-21T14:52:35+00:00","og_image":[{"width":591,"height":299,"url":"https:\/\/www.fiarebancaetica.coop\/app\/uploads\/sites\/2\/2023\/12\/ultimos-proyectos-financiados-por-fiare.jpg","type":"image\/jpeg"}],"author":"crispyadmin0","twitter_card":"summary_large_image","schema":{"@context":"https:\/\/schema.org","@graph":[{"@type":"Article","@id":"https:\/\/www.fiarebancaetica.coop\/ca\/ultimos-proyectos-financiados-por-fiare\/#article","isPartOf":{"@id":"https:\/\/www.fiarebancaetica.coop\/ca\/ultimos-proyectos-financiados-por-fiare\/"},"author":{"name":"crispyadmin0","@id":"https:\/\/www.fiarebancaetica.coop\/ca\/#\/schema\/person\/579841e89c804b5db05d9141bd9b8272"},"headline":"\u00daltimos proyectos financiados por Fiare","datePublished":"2017-09-27T22:00:00+00:00","dateModified":"2024-02-21T14:52:35+00:00","mainEntityOfPage":{"@id":"https:\/\/www.fiarebancaetica.coop\/ca\/ultimos-proyectos-financiados-por-fiare\/"},"wordCount":1434,"commentCount":0,"image":{"@id":"https:\/\/www.fiarebancaetica.coop\/ca\/ultimos-proyectos-financiados-por-fiare\/#primaryimage"},"thumbnailUrl":"https:\/\/www.fiarebancaetica.coop\/app\/uploads\/sites\/2\/2023\/12\/ultimos-proyectos-financiados-por-fiare.jpg","articleSection":["Hist\u00f2ries d'impacte positiu"],"inLanguage":"ca","potentialAction":[{"@type":"CommentAction","name":"Comment","target":["https:\/\/www.fiarebancaetica.coop\/ca\/ultimos-proyectos-financiados-por-fiare\/#respond"]}]},{"@type":"WebPage","@id":"https:\/\/www.fiarebancaetica.coop\/ca\/ultimos-proyectos-financiados-por-fiare\/","url":"https:\/\/www.fiarebancaetica.coop\/ca\/ultimos-proyectos-financiados-por-fiare\/","name":"\u00daltimos proyectos financiados por Fiare - Fiare Banca Etica","isPartOf":{"@id":"https:\/\/www.fiarebancaetica.coop\/ca\/#website"},"primaryImageOfPage":{"@id":"https:\/\/www.fiarebancaetica.coop\/ca\/ultimos-proyectos-financiados-por-fiare\/#primaryimage"},"image":{"@id":"https:\/\/www.fiarebancaetica.coop\/ca\/ultimos-proyectos-financiados-por-fiare\/#primaryimage"},"thumbnailUrl":"https:\/\/www.fiarebancaetica.coop\/app\/uploads\/sites\/2\/2023\/12\/ultimos-proyectos-financiados-por-fiare.jpg","datePublished":"2017-09-27T22:00:00+00:00","dateModified":"2024-02-21T14:52:35+00:00","author":{"@id":"https:\/\/www.fiarebancaetica.coop\/ca\/#\/schema\/person\/579841e89c804b5db05d9141bd9b8272"},"breadcrumb":{"@id":"https:\/\/www.fiarebancaetica.coop\/ca\/ultimos-proyectos-financiados-por-fiare\/#breadcrumb"},"inLanguage":"ca","potentialAction":[{"@type":"ReadAction","target":["https:\/\/www.fiarebancaetica.coop\/ca\/ultimos-proyectos-financiados-por-fiare\/"]}]},{"@type":"ImageObject","inLanguage":"ca","@id":"https:\/\/www.fiarebancaetica.coop\/ca\/ultimos-proyectos-financiados-por-fiare\/#primaryimage","url":"https:\/\/www.fiarebancaetica.coop\/app\/uploads\/sites\/2\/2023\/12\/ultimos-proyectos-financiados-por-fiare.jpg","contentUrl":"https:\/\/www.fiarebancaetica.coop\/app\/uploads\/sites\/2\/2023\/12\/ultimos-proyectos-financiados-por-fiare.jpg","width":591,"height":299},{"@type":"BreadcrumbList","@id":"https:\/\/www.fiarebancaetica.coop\/ca\/ultimos-proyectos-financiados-por-fiare\/#breadcrumb","itemListElement":[{"@type":"ListItem","position":1,"name":"Home","item":"https:\/\/www.fiarebancaetica.coop\/ca\/"},{"@type":"ListItem","position":2,"name":"\u00daltimos proyectos financiados por Fiare"}]},{"@type":"WebSite","@id":"https:\/\/www.fiarebancaetica.coop\/ca\/#website","url":"https:\/\/www.fiarebancaetica.coop\/ca\/","name":"Fiare Banca Etica","description":"","potentialAction":[{"@type":"SearchAction","target":{"@type":"EntryPoint","urlTemplate":"https:\/\/www.fiarebancaetica.coop\/ca\/?s={search_term_string}"},"query-input":{"@type":"PropertyValueSpecification","valueRequired":true,"valueName":"search_term_string"}}],"inLanguage":"ca"},{"@type":"Person","@id":"https:\/\/www.fiarebancaetica.coop\/ca\/#\/schema\/person\/579841e89c804b5db05d9141bd9b8272","name":"crispyadmin0","image":{"@type":"ImageObject","inLanguage":"ca","@id":"https:\/\/www.fiarebancaetica.coop\/ca\/#\/schema\/person\/image\/5f3a6b7786f32f4c35bd2b1a5a4698ea","url":"https:\/\/secure.gravatar.com\/avatar\/4d2cfb499d497b6d49da659fab7404b243a87fe8e40d2cf97a1cae48f677f5b2?s=96&d=mm&r=g","contentUrl":"https:\/\/secure.gravatar.com\/avatar\/4d2cfb499d497b6d49da659fab7404b243a87fe8e40d2cf97a1cae48f677f5b2?s=96&d=mm&r=g","caption":"crispyadmin0"},"sameAs":["crispyadmin0"]}]}},"_links":{"self":[{"href":"https:\/\/www.fiarebancaetica.coop\/ca\/wp-json\/wp\/v2\/posts\/345594","targetHints":{"allow":["GET"]}}],"collection":[{"href":"https:\/\/www.fiarebancaetica.coop\/ca\/wp-json\/wp\/v2\/posts"}],"about":[{"href":"https:\/\/www.fiarebancaetica.coop\/ca\/wp-json\/wp\/v2\/types\/post"}],"author":[{"embeddable":true,"href":"https:\/\/www.fiarebancaetica.coop\/ca\/wp-json\/wp\/v2\/users\/2"}],"replies":[{"embeddable":true,"href":"https:\/\/www.fiarebancaetica.coop\/ca\/wp-json\/wp\/v2\/comments?post=345594"}],"version-history":[{"count":1,"href":"https:\/\/www.fiarebancaetica.coop\/ca\/wp-json\/wp\/v2\/posts\/345594\/revisions"}],"predecessor-version":[{"id":353687,"href":"https:\/\/www.fiarebancaetica.coop\/ca\/wp-json\/wp\/v2\/posts\/345594\/revisions\/353687"}],"wp:featuredmedia":[{"embeddable":true,"href":"https:\/\/www.fiarebancaetica.coop\/ca\/wp-json\/wp\/v2\/media\/325758"}],"wp:attachment":[{"href":"https:\/\/www.fiarebancaetica.coop\/ca\/wp-json\/wp\/v2\/media?parent=345594"}],"wp:term":[{"taxonomy":"category","embeddable":true,"href":"https:\/\/www.fiarebancaetica.coop\/ca\/wp-json\/wp\/v2\/categories?post=345594"},{"taxonomy":"post_tag","embeddable":true,"href":"https:\/\/www.fiarebancaetica.coop\/ca\/wp-json\/wp\/v2\/tags?post=345594"},{"taxonomy":"author","embeddable":true,"href":"https:\/\/www.fiarebancaetica.coop\/ca\/wp-json\/wp\/v2\/coauthors?post=345594"}],"curies":[{"name":"wp","href":"https:\/\/api.w.org\/{rel}","templated":true}]}}