{"id":345622,"date":"2017-07-25T00:00:00","date_gmt":"2017-07-24T22:00:00","guid":{"rendered":"https:\/\/www.fiarebancaetica.coop\/nuestros-proyectos-financiados-son-noticia\/"},"modified":"2024-02-21T15:52:58","modified_gmt":"2024-02-21T14:52:58","slug":"nuestros-proyectos-financiados-son-noticia","status":"publish","type":"post","link":"https:\/\/www.fiarebancaetica.coop\/ca\/nuestros-proyectos-financiados-son-noticia\/","title":{"rendered":"Nuestros proyectos financiados son noticia"},"content":{"rendered":"\n\n<div class=\"wp-block-bancaetica-blocks-blocks-block-49\">\n    <div class=\"container-block-49\">\n\n        <div class=\"header-section \">\n                            <h1 class=\"section-title\"> Etica e cooperativa <\/h1>\n                                            <\/div>\n\n        \n        <div class=\"block-background\" style=\"background-image: url('https:\/\/www.fiarebancaetica.coop\/app\/uploads\/sites\/2\/2023\/12\/nuestros-proyectos-financiados-son-noticia_0.jpg')\">\n                            <div class=\"tile\">\n                    <h1 class=\"image-title\"> Nuestros proyectos financiados son noticia <\/h1>\n                <\/div>             <!-- end .tile -->\n            <div class=\"bottom-content\">\n                            <\/div> <!-- end .button-content -->\n        <\/div> <!-- end .block-background -->\n    <\/div> <!-- end .container -->\n<\/div> <!-- end wp-block-bancaetica-blocks-blocks-block-06 -->\n\n\n<div class=\"wrapper-crispybacon-class wrapper-crispybacon-class-boxed \">\n    <p>Durante el mes de julio algunos de &nbsp;nuestros proyectos financiados han sido noticia por su innovaci\u00f3n, por su importante valor social y medioambiental, por su aportaci\u00f3n a la comunidad y por sus \u00e9xitos durante a\u00f1os de trabajo. Aqu\u00ed os dejamos algunas de las noticias de este mes.<\/p>\n<h3>\n\tFundaci\u00f3n Deixalles, el \u00e9xito de la inserci\u00f3n laboral a trav\u00e9s de actividades medioambientales.<\/h3>\n<p><em><strong>Diario de Mallorca<\/strong><\/em><\/p>\n<p><br \/>\n\tUn total de 212 personas en situaci\u00f3n de exclusi\u00f3n social participaron en los itinerarios de inserci\u00f3n de la Fundaci\u00f3n Deixalles durante el pasado a\u00f1o. Adem\u00e1s, de \u00e9stas, cerca de un 40 por ciento se ha insertado laboralmente.<br \/>\n\t<br \/>\n\tAs\u00ed lo refleja la memoria de la Fundaci\u00f3n del 2016, que destaca tambi\u00e9n que se recogieron 2.780 toneladas de residuos en 2016, un 38 por ciento m\u00e1s que el a\u00f1o anterior. De \u00e9stos, se reutilizaron un 77 por ciento y un 12 por ciento se recicl\u00f3.<br \/>\n\t<br \/>\n\tEstas toneladas supusieron un ahorro de emisiones de CO2 equivalente al CO2 que absorben 1,5 millones de \u00e1rboles durante un a\u00f1o o a la retirada de la circulaci\u00f3n de m\u00e1s de 5.000 coches en un a\u00f1o, seg\u00fan ha comunicado la asociaci\u00f3n.<br \/>\n\t<br \/>\n\t<a href=\"http:\/\/www.diariodemallorca.es\/mallorca\/2017\/07\/19\/77-atendidos-deixalles-mejora-competencias\/1233686.html\">Lee la noticia completa del Diario de Mallorca aqu\u00ed<\/a><br \/>\n\t&nbsp;<\/p>\n<h3>\n\tKoopera convierte residuos textiles en paneles aislantes para la construcci\u00f3n<\/h3>\n<p><em><strong>Diario ABC<\/strong><\/em><\/p>\n<p><br \/>\n\tEn los pr\u00f3ximos tres a\u00f1os, la empresa de econom\u00eda social Koopera espera transformar 345 toneladas de residuos de algod\u00f3n en 119.000 metros cuadrados de paneles aislantes para el sector de la construcci\u00f3n. Esto permitir\u00eda, introducir de nuevo en la econom\u00eda materiales que de otro modo ser\u00edan desechados, y hacerlo con un producto cuyo impacto ambiental es menor que el de otros materiales para usos similares.<br \/>\n\t<br \/>\n\tAs\u00ed, el proyecto Koopmat Acustic permitir\u00e1 dar una nueva vida a una parte de las 18.000 toneladas de textil posconsumo (no reutilizable) que Koopera recupera cada a\u00f1o en las 11 provincias en las que dispone de contenedores para la recogida selectiva. El proyecto prev\u00e9 emplear el 50% del algod\u00f3n (blanco y de color) no reutilizable para la elaboraci\u00f3n de los paneles aislantes.<br \/>\n\t<br \/>\n\tPara ello, Koopera ha dise\u00f1ado un proceso de selecci\u00f3n y tratamiento del material que comienza en su planta Koopera Reusing Center, ubicada en Mungia (Bizkaia). En ella se lleva a cabo, a trav\u00e9s de un sistema automatizado de clasificaci\u00f3n por reconocimiento de voz, la separaci\u00f3n de la ropa seg\u00fan su calidad.<br \/>\n\tEl nuevo proyecto, que cuenta con el apoyo de la Sociedad P\u00fablica de Gesti\u00f3n Ambiental del Gobierno Vasco (Ihobe), har\u00e1 posible generar nuevos puestos de trabajo para personas en situaci\u00f3n de vulnerabilidad al mismo tiempo que impulsa la \u201ceconom\u00eda circular\u201d, mediante la reutilizaci\u00f3n de materias primas.<br \/>\n\t<br \/>\n\t<a href=\"http:\/\/agencias.abc.es\/agencias\/noticia.asp?noticia=2548755\">Lee la noticia completa del ABC aqu\u00ed <\/a><\/p>\n<h3>\n\t<br \/>\n\tPlan piloto para la mejora postural de los ni\u00f1os<\/h3>\n<p><em><strong>Diario Regi\u00f37<\/strong><\/em><\/p>\n<p><br \/>\n\tEl Consejo Comarcal del Bergued\u00e0 (Catalu\u00f1a) impulsa para el pr\u00f3ximo a\u00f1o escolar un proyecto para dotar de alzas reposapi\u00e9s las sillas de los alumnos que lo necesiten en los centros de educaci\u00f3n primaria de la comarca, dentro de un plan piloto para mejorar la higiene postural de la infancia, que no tocan con los pies el suelo. Un hecho que, si no se corrige, puede derivar en problemas de salud de la espalda, por ejemplo.<br \/>\n\tSe trata de una iniciativa surgida de la Associaci\u00f3 Sala Puigverd, que apuesta por mejorar la salud de los alumnos de las escuelas a partir de la educaci\u00f3n de la atenci\u00f3n de uno mismo.<br \/>\n\tEl programa tiene un presupuesto de 23.500 euros que se espera que llegue a un total de 2.400 alumnos de los 31 municipios de la comarca.<br \/>\n\t<br \/>\n\t<a href=\"http:\/\/regio7.cat\/bergueda\/2017\/06\/29\/consell-comarcal-impulsa-pla-pilot\/422225.html\">Lee la noticia completa de Regi\u00f3 7 aqu\u00ed<\/a><\/p>\n<\/div>","protected":false},"excerpt":{"rendered":"<p>Durante el mes de julio algunos de nuestros proyectos financiados han sido noticia por su innovaci\u00f3n, por su importante valor social y medioambiental, por su aportaci\u00f3n a la comunidad y por sus \u00e9xitos durante a\u00f1os de trabajo. Aqu\u00ed os dejamos algunas de las noticias de este mes.<\/p>\n","protected":false},"author":2,"featured_media":325752,"comment_status":"open","ping_status":"closed","sticky":false,"template":"","format":"standard","meta":{"_acf_changed":false,"footnotes":""},"categories":[11643],"tags":[],"coauthors":[],"class_list":["post-345622","post","type-post","status-publish","format-standard","has-post-thumbnail","hentry","category-finances-etiques"],"acf":[],"yoast_head":"<!-- This site is optimized with the Yoast SEO plugin v26.9 - https:\/\/yoast.com\/product\/yoast-seo-wordpress\/ -->\n<title>Nuestros proyectos financiados son noticia - Fiare Banca Etica<\/title>\n<meta name=\"robots\" content=\"index, follow, max-snippet:-1, max-image-preview:large, max-video-preview:-1\" \/>\n<link rel=\"canonical\" href=\"https:\/\/www.fiarebancaetica.coop\/ca\/nuestros-proyectos-financiados-son-noticia\/\" \/>\n<meta property=\"og:locale\" content=\"ca_ES\" \/>\n<meta property=\"og:type\" content=\"article\" \/>\n<meta property=\"og:title\" content=\"Nuestros proyectos financiados son noticia - Fiare Banca Etica\" \/>\n<meta property=\"og:description\" content=\"Durante el mes de julio algunos de nuestros proyectos financiados han sido noticia por su innovaci\u00f3n, por su importante valor social y medioambiental, por su aportaci\u00f3n a la comunidad y por sus \u00e9xitos durante a\u00f1os de trabajo. Aqu\u00ed os dejamos algunas de las noticias de este mes.\" \/>\n<meta property=\"og:url\" content=\"https:\/\/www.fiarebancaetica.coop\/ca\/nuestros-proyectos-financiados-son-noticia\/\" \/>\n<meta property=\"og:site_name\" content=\"Fiare Banca Etica\" \/>\n<meta property=\"article:published_time\" content=\"2017-07-24T22:00:00+00:00\" \/>\n<meta property=\"article:modified_time\" content=\"2024-02-21T14:52:58+00:00\" \/>\n<meta property=\"og:image\" content=\"https:\/\/www.fiarebancaetica.coop\/app\/uploads\/sites\/2\/2023\/12\/nuestros-proyectos-financiados-son-noticia_0.jpg\" \/>\n\t<meta property=\"og:image:width\" content=\"591\" \/>\n\t<meta property=\"og:image:height\" content=\"299\" \/>\n\t<meta property=\"og:image:type\" content=\"image\/jpeg\" \/>\n<meta name=\"author\" content=\"crispyadmin0\" \/>\n<meta name=\"twitter:card\" content=\"summary_large_image\" \/>\n<script type=\"application\/ld+json\" class=\"yoast-schema-graph\">{\"@context\":\"https:\/\/schema.org\",\"@graph\":[{\"@type\":\"Article\",\"@id\":\"https:\/\/www.fiarebancaetica.coop\/ca\/nuestros-proyectos-financiados-son-noticia\/#article\",\"isPartOf\":{\"@id\":\"https:\/\/www.fiarebancaetica.coop\/ca\/nuestros-proyectos-financiados-son-noticia\/\"},\"author\":{\"name\":\"crispyadmin0\",\"@id\":\"https:\/\/www.fiarebancaetica.coop\/ca\/#\/schema\/person\/579841e89c804b5db05d9141bd9b8272\"},\"headline\":\"Nuestros proyectos financiados son noticia\",\"datePublished\":\"2017-07-24T22:00:00+00:00\",\"dateModified\":\"2024-02-21T14:52:58+00:00\",\"mainEntityOfPage\":{\"@id\":\"https:\/\/www.fiarebancaetica.coop\/ca\/nuestros-proyectos-financiados-son-noticia\/\"},\"wordCount\":634,\"commentCount\":0,\"image\":{\"@id\":\"https:\/\/www.fiarebancaetica.coop\/ca\/nuestros-proyectos-financiados-son-noticia\/#primaryimage\"},\"thumbnailUrl\":\"https:\/\/www.fiarebancaetica.coop\/app\/uploads\/sites\/2\/2023\/12\/nuestros-proyectos-financiados-son-noticia_0.jpg\",\"articleSection\":[\"Finances \u00e8tiques\"],\"inLanguage\":\"ca\",\"potentialAction\":[{\"@type\":\"CommentAction\",\"name\":\"Comment\",\"target\":[\"https:\/\/www.fiarebancaetica.coop\/ca\/nuestros-proyectos-financiados-son-noticia\/#respond\"]}]},{\"@type\":\"WebPage\",\"@id\":\"https:\/\/www.fiarebancaetica.coop\/ca\/nuestros-proyectos-financiados-son-noticia\/\",\"url\":\"https:\/\/www.fiarebancaetica.coop\/ca\/nuestros-proyectos-financiados-son-noticia\/\",\"name\":\"Nuestros proyectos financiados son noticia - Fiare Banca Etica\",\"isPartOf\":{\"@id\":\"https:\/\/www.fiarebancaetica.coop\/ca\/#website\"},\"primaryImageOfPage\":{\"@id\":\"https:\/\/www.fiarebancaetica.coop\/ca\/nuestros-proyectos-financiados-son-noticia\/#primaryimage\"},\"image\":{\"@id\":\"https:\/\/www.fiarebancaetica.coop\/ca\/nuestros-proyectos-financiados-son-noticia\/#primaryimage\"},\"thumbnailUrl\":\"https:\/\/www.fiarebancaetica.coop\/app\/uploads\/sites\/2\/2023\/12\/nuestros-proyectos-financiados-son-noticia_0.jpg\",\"datePublished\":\"2017-07-24T22:00:00+00:00\",\"dateModified\":\"2024-02-21T14:52:58+00:00\",\"author\":{\"@id\":\"https:\/\/www.fiarebancaetica.coop\/ca\/#\/schema\/person\/579841e89c804b5db05d9141bd9b8272\"},\"breadcrumb\":{\"@id\":\"https:\/\/www.fiarebancaetica.coop\/ca\/nuestros-proyectos-financiados-son-noticia\/#breadcrumb\"},\"inLanguage\":\"ca\",\"potentialAction\":[{\"@type\":\"ReadAction\",\"target\":[\"https:\/\/www.fiarebancaetica.coop\/ca\/nuestros-proyectos-financiados-son-noticia\/\"]}]},{\"@type\":\"ImageObject\",\"inLanguage\":\"ca\",\"@id\":\"https:\/\/www.fiarebancaetica.coop\/ca\/nuestros-proyectos-financiados-son-noticia\/#primaryimage\",\"url\":\"https:\/\/www.fiarebancaetica.coop\/app\/uploads\/sites\/2\/2023\/12\/nuestros-proyectos-financiados-son-noticia_0.jpg\",\"contentUrl\":\"https:\/\/www.fiarebancaetica.coop\/app\/uploads\/sites\/2\/2023\/12\/nuestros-proyectos-financiados-son-noticia_0.jpg\",\"width\":591,\"height\":299},{\"@type\":\"BreadcrumbList\",\"@id\":\"https:\/\/www.fiarebancaetica.coop\/ca\/nuestros-proyectos-financiados-son-noticia\/#breadcrumb\",\"itemListElement\":[{\"@type\":\"ListItem\",\"position\":1,\"name\":\"Home\",\"item\":\"https:\/\/www.fiarebancaetica.coop\/ca\/\"},{\"@type\":\"ListItem\",\"position\":2,\"name\":\"Nuestros proyectos financiados son noticia\"}]},{\"@type\":\"WebSite\",\"@id\":\"https:\/\/www.fiarebancaetica.coop\/ca\/#website\",\"url\":\"https:\/\/www.fiarebancaetica.coop\/ca\/\",\"name\":\"Fiare Banca Etica\",\"description\":\"\",\"potentialAction\":[{\"@type\":\"SearchAction\",\"target\":{\"@type\":\"EntryPoint\",\"urlTemplate\":\"https:\/\/www.fiarebancaetica.coop\/ca\/?s={search_term_string}\"},\"query-input\":{\"@type\":\"PropertyValueSpecification\",\"valueRequired\":true,\"valueName\":\"search_term_string\"}}],\"inLanguage\":\"ca\"},{\"@type\":\"Person\",\"@id\":\"https:\/\/www.fiarebancaetica.coop\/ca\/#\/schema\/person\/579841e89c804b5db05d9141bd9b8272\",\"name\":\"crispyadmin0\",\"image\":{\"@type\":\"ImageObject\",\"inLanguage\":\"ca\",\"@id\":\"https:\/\/www.fiarebancaetica.coop\/ca\/#\/schema\/person\/image\/5f3a6b7786f32f4c35bd2b1a5a4698ea\",\"url\":\"https:\/\/secure.gravatar.com\/avatar\/4d2cfb499d497b6d49da659fab7404b243a87fe8e40d2cf97a1cae48f677f5b2?s=96&d=mm&r=g\",\"contentUrl\":\"https:\/\/secure.gravatar.com\/avatar\/4d2cfb499d497b6d49da659fab7404b243a87fe8e40d2cf97a1cae48f677f5b2?s=96&d=mm&r=g\",\"caption\":\"crispyadmin0\"},\"sameAs\":[\"crispyadmin0\"]}]}<\/script>\n<!-- \/ Yoast SEO plugin. -->","yoast_head_json":{"title":"Nuestros proyectos financiados son noticia - Fiare Banca Etica","robots":{"index":"index","follow":"follow","max-snippet":"max-snippet:-1","max-image-preview":"max-image-preview:large","max-video-preview":"max-video-preview:-1"},"canonical":"https:\/\/www.fiarebancaetica.coop\/ca\/nuestros-proyectos-financiados-son-noticia\/","og_locale":"ca_ES","og_type":"article","og_title":"Nuestros proyectos financiados son noticia - Fiare Banca Etica","og_description":"Durante el mes de julio algunos de nuestros proyectos financiados han sido noticia por su innovaci\u00f3n, por su importante valor social y medioambiental, por su aportaci\u00f3n a la comunidad y por sus \u00e9xitos durante a\u00f1os de trabajo. Aqu\u00ed os dejamos algunas de las noticias de este mes.","og_url":"https:\/\/www.fiarebancaetica.coop\/ca\/nuestros-proyectos-financiados-son-noticia\/","og_site_name":"Fiare Banca Etica","article_published_time":"2017-07-24T22:00:00+00:00","article_modified_time":"2024-02-21T14:52:58+00:00","og_image":[{"width":591,"height":299,"url":"https:\/\/www.fiarebancaetica.coop\/app\/uploads\/sites\/2\/2023\/12\/nuestros-proyectos-financiados-son-noticia_0.jpg","type":"image\/jpeg"}],"author":"crispyadmin0","twitter_card":"summary_large_image","schema":{"@context":"https:\/\/schema.org","@graph":[{"@type":"Article","@id":"https:\/\/www.fiarebancaetica.coop\/ca\/nuestros-proyectos-financiados-son-noticia\/#article","isPartOf":{"@id":"https:\/\/www.fiarebancaetica.coop\/ca\/nuestros-proyectos-financiados-son-noticia\/"},"author":{"name":"crispyadmin0","@id":"https:\/\/www.fiarebancaetica.coop\/ca\/#\/schema\/person\/579841e89c804b5db05d9141bd9b8272"},"headline":"Nuestros proyectos financiados son noticia","datePublished":"2017-07-24T22:00:00+00:00","dateModified":"2024-02-21T14:52:58+00:00","mainEntityOfPage":{"@id":"https:\/\/www.fiarebancaetica.coop\/ca\/nuestros-proyectos-financiados-son-noticia\/"},"wordCount":634,"commentCount":0,"image":{"@id":"https:\/\/www.fiarebancaetica.coop\/ca\/nuestros-proyectos-financiados-son-noticia\/#primaryimage"},"thumbnailUrl":"https:\/\/www.fiarebancaetica.coop\/app\/uploads\/sites\/2\/2023\/12\/nuestros-proyectos-financiados-son-noticia_0.jpg","articleSection":["Finances \u00e8tiques"],"inLanguage":"ca","potentialAction":[{"@type":"CommentAction","name":"Comment","target":["https:\/\/www.fiarebancaetica.coop\/ca\/nuestros-proyectos-financiados-son-noticia\/#respond"]}]},{"@type":"WebPage","@id":"https:\/\/www.fiarebancaetica.coop\/ca\/nuestros-proyectos-financiados-son-noticia\/","url":"https:\/\/www.fiarebancaetica.coop\/ca\/nuestros-proyectos-financiados-son-noticia\/","name":"Nuestros proyectos financiados son noticia - Fiare Banca Etica","isPartOf":{"@id":"https:\/\/www.fiarebancaetica.coop\/ca\/#website"},"primaryImageOfPage":{"@id":"https:\/\/www.fiarebancaetica.coop\/ca\/nuestros-proyectos-financiados-son-noticia\/#primaryimage"},"image":{"@id":"https:\/\/www.fiarebancaetica.coop\/ca\/nuestros-proyectos-financiados-son-noticia\/#primaryimage"},"thumbnailUrl":"https:\/\/www.fiarebancaetica.coop\/app\/uploads\/sites\/2\/2023\/12\/nuestros-proyectos-financiados-son-noticia_0.jpg","datePublished":"2017-07-24T22:00:00+00:00","dateModified":"2024-02-21T14:52:58+00:00","author":{"@id":"https:\/\/www.fiarebancaetica.coop\/ca\/#\/schema\/person\/579841e89c804b5db05d9141bd9b8272"},"breadcrumb":{"@id":"https:\/\/www.fiarebancaetica.coop\/ca\/nuestros-proyectos-financiados-son-noticia\/#breadcrumb"},"inLanguage":"ca","potentialAction":[{"@type":"ReadAction","target":["https:\/\/www.fiarebancaetica.coop\/ca\/nuestros-proyectos-financiados-son-noticia\/"]}]},{"@type":"ImageObject","inLanguage":"ca","@id":"https:\/\/www.fiarebancaetica.coop\/ca\/nuestros-proyectos-financiados-son-noticia\/#primaryimage","url":"https:\/\/www.fiarebancaetica.coop\/app\/uploads\/sites\/2\/2023\/12\/nuestros-proyectos-financiados-son-noticia_0.jpg","contentUrl":"https:\/\/www.fiarebancaetica.coop\/app\/uploads\/sites\/2\/2023\/12\/nuestros-proyectos-financiados-son-noticia_0.jpg","width":591,"height":299},{"@type":"BreadcrumbList","@id":"https:\/\/www.fiarebancaetica.coop\/ca\/nuestros-proyectos-financiados-son-noticia\/#breadcrumb","itemListElement":[{"@type":"ListItem","position":1,"name":"Home","item":"https:\/\/www.fiarebancaetica.coop\/ca\/"},{"@type":"ListItem","position":2,"name":"Nuestros proyectos financiados son noticia"}]},{"@type":"WebSite","@id":"https:\/\/www.fiarebancaetica.coop\/ca\/#website","url":"https:\/\/www.fiarebancaetica.coop\/ca\/","name":"Fiare Banca Etica","description":"","potentialAction":[{"@type":"SearchAction","target":{"@type":"EntryPoint","urlTemplate":"https:\/\/www.fiarebancaetica.coop\/ca\/?s={search_term_string}"},"query-input":{"@type":"PropertyValueSpecification","valueRequired":true,"valueName":"search_term_string"}}],"inLanguage":"ca"},{"@type":"Person","@id":"https:\/\/www.fiarebancaetica.coop\/ca\/#\/schema\/person\/579841e89c804b5db05d9141bd9b8272","name":"crispyadmin0","image":{"@type":"ImageObject","inLanguage":"ca","@id":"https:\/\/www.fiarebancaetica.coop\/ca\/#\/schema\/person\/image\/5f3a6b7786f32f4c35bd2b1a5a4698ea","url":"https:\/\/secure.gravatar.com\/avatar\/4d2cfb499d497b6d49da659fab7404b243a87fe8e40d2cf97a1cae48f677f5b2?s=96&d=mm&r=g","contentUrl":"https:\/\/secure.gravatar.com\/avatar\/4d2cfb499d497b6d49da659fab7404b243a87fe8e40d2cf97a1cae48f677f5b2?s=96&d=mm&r=g","caption":"crispyadmin0"},"sameAs":["crispyadmin0"]}]}},"_links":{"self":[{"href":"https:\/\/www.fiarebancaetica.coop\/ca\/wp-json\/wp\/v2\/posts\/345622","targetHints":{"allow":["GET"]}}],"collection":[{"href":"https:\/\/www.fiarebancaetica.coop\/ca\/wp-json\/wp\/v2\/posts"}],"about":[{"href":"https:\/\/www.fiarebancaetica.coop\/ca\/wp-json\/wp\/v2\/types\/post"}],"author":[{"embeddable":true,"href":"https:\/\/www.fiarebancaetica.coop\/ca\/wp-json\/wp\/v2\/users\/2"}],"replies":[{"embeddable":true,"href":"https:\/\/www.fiarebancaetica.coop\/ca\/wp-json\/wp\/v2\/comments?post=345622"}],"version-history":[{"count":2,"href":"https:\/\/www.fiarebancaetica.coop\/ca\/wp-json\/wp\/v2\/posts\/345622\/revisions"}],"predecessor-version":[{"id":353684,"href":"https:\/\/www.fiarebancaetica.coop\/ca\/wp-json\/wp\/v2\/posts\/345622\/revisions\/353684"}],"wp:featuredmedia":[{"embeddable":true,"href":"https:\/\/www.fiarebancaetica.coop\/ca\/wp-json\/wp\/v2\/media\/325752"}],"wp:attachment":[{"href":"https:\/\/www.fiarebancaetica.coop\/ca\/wp-json\/wp\/v2\/media?parent=345622"}],"wp:term":[{"taxonomy":"category","embeddable":true,"href":"https:\/\/www.fiarebancaetica.coop\/ca\/wp-json\/wp\/v2\/categories?post=345622"},{"taxonomy":"post_tag","embeddable":true,"href":"https:\/\/www.fiarebancaetica.coop\/ca\/wp-json\/wp\/v2\/tags?post=345622"},{"taxonomy":"author","embeddable":true,"href":"https:\/\/www.fiarebancaetica.coop\/ca\/wp-json\/wp\/v2\/coauthors?post=345622"}],"curies":[{"name":"wp","href":"https:\/\/api.w.org\/{rel}","templated":true}]}}