{"id":345720,"date":"2017-05-23T00:00:00","date_gmt":"2017-05-22T22:00:00","guid":{"rendered":"https:\/\/www.fiarebancaetica.coop\/fiare-galardonada-en-los-premios-jacint-dunyo-de-la-fundacio-roca-gales\/"},"modified":"2024-02-21T15:55:13","modified_gmt":"2024-02-21T14:55:13","slug":"fiare-galardonada-en-los-premios-jacint-dunyo-de-la-fundacio-roca-gales","status":"publish","type":"post","link":"https:\/\/www.fiarebancaetica.coop\/ca\/fiare-galardonada-en-los-premios-jacint-dunyo-de-la-fundacio-roca-gales\/","title":{"rendered":"Fiare galardonada en los premios Jacint Duny\u00f3 de la Fundaci\u00f3 Roca Gal\u00e8s"},"content":{"rendered":"\n\n<div class=\"wp-block-bancaetica-blocks-blocks-block-49\">\n    <div class=\"container-block-49\">\n\n        <div class=\"header-section \">\n                            <h1 class=\"section-title\"> Etica e cooperativa <\/h1>\n                                            <\/div>\n\n        \n        <div class=\"block-background\" style=\"background-image: url('https:\/\/www.fiarebancaetica.coop\/app\/uploads\/sites\/2\/2023\/12\/fiare-galardonada-en-los-premios-jacint-dunyo-de-fundacio-roca-gales-scaled.jpg')\">\n                            <div class=\"tile\">\n                    <h1 class=\"image-title\"> Fiare galardonada en los premios Jacint Duny\u00f3 de la Fundaci\u00f3 Roca Gal\u00e8s <\/h1>\n                <\/div>             <!-- end .tile -->\n            <div class=\"bottom-content\">\n                            <\/div> <!-- end .button-content -->\n        <\/div> <!-- end .block-background -->\n    <\/div> <!-- end .container -->\n<\/div> <!-- end wp-block-bancaetica-blocks-blocks-block-06 -->\n\n\n<div class=\"wrapper-crispybacon-class wrapper-crispybacon-class-boxed \">\n    <p><a href=\"#cat\">Catal\u00e0<\/a><\/p>\n<p>Fiare Banca Etica fue galardonada el pasado viernes con el \u00e1ccesit del 25.\u00ba premio Jacinto Duny\u00f3 otorgado por la Fundaci\u00f3n Roca y Gal\u00e8s en reconocimiento a la tarea de fomento del cooperativismo y de la econom\u00eda social y solidaria. El primer premio recay\u00f3 en el Col\u00b7lectiu Ronda.<\/p>\n<p>En el acto de entrega de los premios, celebrado en el Ateneo Barcelon\u00e9s, tambi\u00e9n se entreg\u00f3 la ayuda a trabajos de investigaci\u00f3n en cooperativismo, el 19\u00ba Premio Albert P\u00e9rez-Bastardas sobre medio ambiente, educaci\u00f3n ambiental y sostenibilidad y el 8\u00ba Premio Benet Vigo sobre bienestar social.<\/p>\n<p>El acto finaliz\u00f3 con la obra de teatro La Asamblea\u201d, a cargo la de compa\u00f1\u00eda )@e( espacio en construcci\u00f3n. Un proyecto de las cooperativas Coop de Ma y Timbal.<\/p>\n<p>La edici\u00f3n de los <strong>Premios Fundaci\u00f3 Roca Gal\u00e8s 2017 <\/strong>quiere reconocer p\u00fablicamente la importante tarea social que desarrollan las entidades y empresas de econom\u00eda social y solidaria en Catalunya. Estos galardones est\u00e1n pensados para premiar los proyectos y\/o trayectorias de personas, asociaciones, empresas e instituciones cuyo objetivo es trabajar y promover el cooperativismo, el respeto por el medio ambiente y el bienestar social.<\/p>\n<h2>\n\t<br \/>\n\tFiare Galardonada amb l&#8217;acc\u00e8sit del 25\u00e8 premi Jacint Duny\u00f3 de la fundaci\u00f3 Roca Gal\u00e8s &nbsp;<a id=\"cat\" name=\"cat\"><\/a><\/h2>\n<p>Fiare Banca Etica va ser guardonada el passat divendres amb l&#8217;acc\u00e8ssit del 25\u00e8. Premi Jacint Duny\u00f3 atorgat per la Fundaci\u00f3 Roca i Gal\u00e8s en reconeixement a la tasca de foment del cooperativisme i de l&#8217;economia social i solid\u00e0ria. El primer premi va recaure al Col\u00b7lectiu Ronda.<\/p>\n<p>A l&#8217;acte d&#8217;entrega dels premis, celebrat a l&#8217;Ateneu Barcelon\u00e8s, tamb\u00e9 es va entregar el 3r ajut a treballs de recerca en cooperativisme, el 19\u00e8 Premi Albert P\u00e9rez-Bastardas sobre medi ambient, educaci\u00f3 ambiental i sostenibilitat i el 8\u00e8 Premi Benet Vigo sobre benestar social.<\/p>\n<p>L&#8217;acte va finalitzar amb l&#8217;obra de teatre L\u2019Assemblea\u201d, a c\u00e0rrec la de companyia )e( espai en construcci\u00f3. Un projecte de les cooperatives Coop de M\u00e0 i el Timbal.<\/p>\n<p>L\u2019edici\u00f3 dels Premis Fundaci\u00f3 Roca Gal\u00e8s 2017 vol recon\u00e8ixer p\u00fablicament la tasca social important que desenvolupen les entitats i empreses de l\u2019economia social i solid\u00e0ria a Catalunya. Aquests guardons estan pensats per a premiar els projectes i\/o traject\u00f2ries de persones, associacions, empreses i institucions l\u2019objectiu de les quals sigui treballar i promoure el cooperativisme, el respecte pel medi ambient i el benestar social.<\/p>\n<\/div>","protected":false},"excerpt":{"rendered":"<p>Fiare Banca Etica fue galardonada el pasado viernes con el \u00e1ccesit del 25.\u00ba premio Jacinto Duny\u00f3 otorgado por la Fundaci\u00f3n Roca y Gal\u00e8s en reconocimiento a la tarea de fomento del cooperativismo y de la econom\u00eda social y solidaria. El primer premio recay\u00f3 en el Col\u00b7lectiu Ronda.<\/p>\n","protected":false},"author":2,"featured_media":325648,"comment_status":"open","ping_status":"closed","sticky":false,"template":"","format":"standard","meta":{"_acf_changed":false,"footnotes":""},"categories":[11643],"tags":[],"coauthors":[],"class_list":["post-345720","post","type-post","status-publish","format-standard","has-post-thumbnail","hentry","category-finances-etiques"],"acf":[],"yoast_head":"<!-- This site is optimized with the Yoast SEO plugin v26.9 - https:\/\/yoast.com\/product\/yoast-seo-wordpress\/ -->\n<title>Fiare galardonada en los premios Jacint Duny\u00f3 de la Fundaci\u00f3 Roca Gal\u00e8s - Fiare Banca Etica<\/title>\n<meta name=\"robots\" content=\"index, follow, max-snippet:-1, max-image-preview:large, max-video-preview:-1\" \/>\n<link rel=\"canonical\" href=\"https:\/\/www.fiarebancaetica.coop\/ca\/fiare-galardonada-en-los-premios-jacint-dunyo-de-la-fundacio-roca-gales\/\" \/>\n<meta property=\"og:locale\" content=\"ca_ES\" \/>\n<meta property=\"og:type\" content=\"article\" \/>\n<meta property=\"og:title\" content=\"Fiare galardonada en los premios Jacint Duny\u00f3 de la Fundaci\u00f3 Roca Gal\u00e8s - Fiare Banca Etica\" \/>\n<meta property=\"og:description\" content=\"Fiare Banca Etica fue galardonada el pasado viernes con el \u00e1ccesit del 25.\u00ba premio Jacinto Duny\u00f3 otorgado por la Fundaci\u00f3n Roca y Gal\u00e8s en reconocimiento a la tarea de fomento del cooperativismo y de la econom\u00eda social y solidaria. El primer premio recay\u00f3 en el Col\u00b7lectiu Ronda.\" \/>\n<meta property=\"og:url\" content=\"https:\/\/www.fiarebancaetica.coop\/ca\/fiare-galardonada-en-los-premios-jacint-dunyo-de-la-fundacio-roca-gales\/\" \/>\n<meta property=\"og:site_name\" content=\"Fiare Banca Etica\" \/>\n<meta property=\"article:published_time\" content=\"2017-05-22T22:00:00+00:00\" \/>\n<meta property=\"article:modified_time\" content=\"2024-02-21T14:55:13+00:00\" \/>\n<meta property=\"og:image\" content=\"https:\/\/www.fiarebancaetica.coop\/app\/uploads\/sites\/2\/2023\/12\/fiare-galardonada-en-los-premios-jacint-dunyo-de-fundacio-roca-gales-scaled.jpg\" \/>\n\t<meta property=\"og:image:width\" content=\"2560\" \/>\n\t<meta property=\"og:image:height\" content=\"1176\" \/>\n\t<meta property=\"og:image:type\" content=\"image\/jpeg\" \/>\n<meta name=\"author\" content=\"crispyadmin0\" \/>\n<meta name=\"twitter:card\" content=\"summary_large_image\" \/>\n<script type=\"application\/ld+json\" class=\"yoast-schema-graph\">{\"@context\":\"https:\/\/schema.org\",\"@graph\":[{\"@type\":\"Article\",\"@id\":\"https:\/\/www.fiarebancaetica.coop\/ca\/fiare-galardonada-en-los-premios-jacint-dunyo-de-la-fundacio-roca-gales\/#article\",\"isPartOf\":{\"@id\":\"https:\/\/www.fiarebancaetica.coop\/ca\/fiare-galardonada-en-los-premios-jacint-dunyo-de-la-fundacio-roca-gales\/\"},\"author\":{\"name\":\"crispyadmin0\",\"@id\":\"https:\/\/www.fiarebancaetica.coop\/ca\/#\/schema\/person\/579841e89c804b5db05d9141bd9b8272\"},\"headline\":\"Fiare galardonada en los premios Jacint Duny\u00f3 de la Fundaci\u00f3 Roca Gal\u00e8s\",\"datePublished\":\"2017-05-22T22:00:00+00:00\",\"dateModified\":\"2024-02-21T14:55:13+00:00\",\"mainEntityOfPage\":{\"@id\":\"https:\/\/www.fiarebancaetica.coop\/ca\/fiare-galardonada-en-los-premios-jacint-dunyo-de-la-fundacio-roca-gales\/\"},\"wordCount\":428,\"commentCount\":0,\"image\":{\"@id\":\"https:\/\/www.fiarebancaetica.coop\/ca\/fiare-galardonada-en-los-premios-jacint-dunyo-de-la-fundacio-roca-gales\/#primaryimage\"},\"thumbnailUrl\":\"https:\/\/www.fiarebancaetica.coop\/app\/uploads\/sites\/2\/2023\/12\/fiare-galardonada-en-los-premios-jacint-dunyo-de-fundacio-roca-gales-scaled.jpg\",\"articleSection\":[\"Finances \u00e8tiques\"],\"inLanguage\":\"ca\",\"potentialAction\":[{\"@type\":\"CommentAction\",\"name\":\"Comment\",\"target\":[\"https:\/\/www.fiarebancaetica.coop\/ca\/fiare-galardonada-en-los-premios-jacint-dunyo-de-la-fundacio-roca-gales\/#respond\"]}]},{\"@type\":\"WebPage\",\"@id\":\"https:\/\/www.fiarebancaetica.coop\/ca\/fiare-galardonada-en-los-premios-jacint-dunyo-de-la-fundacio-roca-gales\/\",\"url\":\"https:\/\/www.fiarebancaetica.coop\/ca\/fiare-galardonada-en-los-premios-jacint-dunyo-de-la-fundacio-roca-gales\/\",\"name\":\"Fiare galardonada en los premios Jacint Duny\u00f3 de la Fundaci\u00f3 Roca Gal\u00e8s - Fiare Banca Etica\",\"isPartOf\":{\"@id\":\"https:\/\/www.fiarebancaetica.coop\/ca\/#website\"},\"primaryImageOfPage\":{\"@id\":\"https:\/\/www.fiarebancaetica.coop\/ca\/fiare-galardonada-en-los-premios-jacint-dunyo-de-la-fundacio-roca-gales\/#primaryimage\"},\"image\":{\"@id\":\"https:\/\/www.fiarebancaetica.coop\/ca\/fiare-galardonada-en-los-premios-jacint-dunyo-de-la-fundacio-roca-gales\/#primaryimage\"},\"thumbnailUrl\":\"https:\/\/www.fiarebancaetica.coop\/app\/uploads\/sites\/2\/2023\/12\/fiare-galardonada-en-los-premios-jacint-dunyo-de-fundacio-roca-gales-scaled.jpg\",\"datePublished\":\"2017-05-22T22:00:00+00:00\",\"dateModified\":\"2024-02-21T14:55:13+00:00\",\"author\":{\"@id\":\"https:\/\/www.fiarebancaetica.coop\/ca\/#\/schema\/person\/579841e89c804b5db05d9141bd9b8272\"},\"breadcrumb\":{\"@id\":\"https:\/\/www.fiarebancaetica.coop\/ca\/fiare-galardonada-en-los-premios-jacint-dunyo-de-la-fundacio-roca-gales\/#breadcrumb\"},\"inLanguage\":\"ca\",\"potentialAction\":[{\"@type\":\"ReadAction\",\"target\":[\"https:\/\/www.fiarebancaetica.coop\/ca\/fiare-galardonada-en-los-premios-jacint-dunyo-de-la-fundacio-roca-gales\/\"]}]},{\"@type\":\"ImageObject\",\"inLanguage\":\"ca\",\"@id\":\"https:\/\/www.fiarebancaetica.coop\/ca\/fiare-galardonada-en-los-premios-jacint-dunyo-de-la-fundacio-roca-gales\/#primaryimage\",\"url\":\"https:\/\/www.fiarebancaetica.coop\/app\/uploads\/sites\/2\/2023\/12\/fiare-galardonada-en-los-premios-jacint-dunyo-de-fundacio-roca-gales-scaled.jpg\",\"contentUrl\":\"https:\/\/www.fiarebancaetica.coop\/app\/uploads\/sites\/2\/2023\/12\/fiare-galardonada-en-los-premios-jacint-dunyo-de-fundacio-roca-gales-scaled.jpg\",\"width\":2560,\"height\":1176},{\"@type\":\"BreadcrumbList\",\"@id\":\"https:\/\/www.fiarebancaetica.coop\/ca\/fiare-galardonada-en-los-premios-jacint-dunyo-de-la-fundacio-roca-gales\/#breadcrumb\",\"itemListElement\":[{\"@type\":\"ListItem\",\"position\":1,\"name\":\"Home\",\"item\":\"https:\/\/www.fiarebancaetica.coop\/ca\/\"},{\"@type\":\"ListItem\",\"position\":2,\"name\":\"Fiare galardonada en los premios Jacint Duny\u00f3 de la Fundaci\u00f3 Roca Gal\u00e8s\"}]},{\"@type\":\"WebSite\",\"@id\":\"https:\/\/www.fiarebancaetica.coop\/ca\/#website\",\"url\":\"https:\/\/www.fiarebancaetica.coop\/ca\/\",\"name\":\"Fiare Banca Etica\",\"description\":\"\",\"potentialAction\":[{\"@type\":\"SearchAction\",\"target\":{\"@type\":\"EntryPoint\",\"urlTemplate\":\"https:\/\/www.fiarebancaetica.coop\/ca\/?s={search_term_string}\"},\"query-input\":{\"@type\":\"PropertyValueSpecification\",\"valueRequired\":true,\"valueName\":\"search_term_string\"}}],\"inLanguage\":\"ca\"},{\"@type\":\"Person\",\"@id\":\"https:\/\/www.fiarebancaetica.coop\/ca\/#\/schema\/person\/579841e89c804b5db05d9141bd9b8272\",\"name\":\"crispyadmin0\",\"image\":{\"@type\":\"ImageObject\",\"inLanguage\":\"ca\",\"@id\":\"https:\/\/www.fiarebancaetica.coop\/ca\/#\/schema\/person\/image\/5f3a6b7786f32f4c35bd2b1a5a4698ea\",\"url\":\"https:\/\/secure.gravatar.com\/avatar\/4d2cfb499d497b6d49da659fab7404b243a87fe8e40d2cf97a1cae48f677f5b2?s=96&d=mm&r=g\",\"contentUrl\":\"https:\/\/secure.gravatar.com\/avatar\/4d2cfb499d497b6d49da659fab7404b243a87fe8e40d2cf97a1cae48f677f5b2?s=96&d=mm&r=g\",\"caption\":\"crispyadmin0\"},\"sameAs\":[\"crispyadmin0\"]}]}<\/script>\n<!-- \/ Yoast SEO plugin. -->","yoast_head_json":{"title":"Fiare galardonada en los premios Jacint Duny\u00f3 de la Fundaci\u00f3 Roca Gal\u00e8s - Fiare Banca Etica","robots":{"index":"index","follow":"follow","max-snippet":"max-snippet:-1","max-image-preview":"max-image-preview:large","max-video-preview":"max-video-preview:-1"},"canonical":"https:\/\/www.fiarebancaetica.coop\/ca\/fiare-galardonada-en-los-premios-jacint-dunyo-de-la-fundacio-roca-gales\/","og_locale":"ca_ES","og_type":"article","og_title":"Fiare galardonada en los premios Jacint Duny\u00f3 de la Fundaci\u00f3 Roca Gal\u00e8s - Fiare Banca Etica","og_description":"Fiare Banca Etica fue galardonada el pasado viernes con el \u00e1ccesit del 25.\u00ba premio Jacinto Duny\u00f3 otorgado por la Fundaci\u00f3n Roca y Gal\u00e8s en reconocimiento a la tarea de fomento del cooperativismo y de la econom\u00eda social y solidaria. El primer premio recay\u00f3 en el Col\u00b7lectiu Ronda.","og_url":"https:\/\/www.fiarebancaetica.coop\/ca\/fiare-galardonada-en-los-premios-jacint-dunyo-de-la-fundacio-roca-gales\/","og_site_name":"Fiare Banca Etica","article_published_time":"2017-05-22T22:00:00+00:00","article_modified_time":"2024-02-21T14:55:13+00:00","og_image":[{"width":2560,"height":1176,"url":"https:\/\/www.fiarebancaetica.coop\/app\/uploads\/sites\/2\/2023\/12\/fiare-galardonada-en-los-premios-jacint-dunyo-de-fundacio-roca-gales-scaled.jpg","type":"image\/jpeg"}],"author":"crispyadmin0","twitter_card":"summary_large_image","schema":{"@context":"https:\/\/schema.org","@graph":[{"@type":"Article","@id":"https:\/\/www.fiarebancaetica.coop\/ca\/fiare-galardonada-en-los-premios-jacint-dunyo-de-la-fundacio-roca-gales\/#article","isPartOf":{"@id":"https:\/\/www.fiarebancaetica.coop\/ca\/fiare-galardonada-en-los-premios-jacint-dunyo-de-la-fundacio-roca-gales\/"},"author":{"name":"crispyadmin0","@id":"https:\/\/www.fiarebancaetica.coop\/ca\/#\/schema\/person\/579841e89c804b5db05d9141bd9b8272"},"headline":"Fiare galardonada en los premios Jacint Duny\u00f3 de la Fundaci\u00f3 Roca Gal\u00e8s","datePublished":"2017-05-22T22:00:00+00:00","dateModified":"2024-02-21T14:55:13+00:00","mainEntityOfPage":{"@id":"https:\/\/www.fiarebancaetica.coop\/ca\/fiare-galardonada-en-los-premios-jacint-dunyo-de-la-fundacio-roca-gales\/"},"wordCount":428,"commentCount":0,"image":{"@id":"https:\/\/www.fiarebancaetica.coop\/ca\/fiare-galardonada-en-los-premios-jacint-dunyo-de-la-fundacio-roca-gales\/#primaryimage"},"thumbnailUrl":"https:\/\/www.fiarebancaetica.coop\/app\/uploads\/sites\/2\/2023\/12\/fiare-galardonada-en-los-premios-jacint-dunyo-de-fundacio-roca-gales-scaled.jpg","articleSection":["Finances \u00e8tiques"],"inLanguage":"ca","potentialAction":[{"@type":"CommentAction","name":"Comment","target":["https:\/\/www.fiarebancaetica.coop\/ca\/fiare-galardonada-en-los-premios-jacint-dunyo-de-la-fundacio-roca-gales\/#respond"]}]},{"@type":"WebPage","@id":"https:\/\/www.fiarebancaetica.coop\/ca\/fiare-galardonada-en-los-premios-jacint-dunyo-de-la-fundacio-roca-gales\/","url":"https:\/\/www.fiarebancaetica.coop\/ca\/fiare-galardonada-en-los-premios-jacint-dunyo-de-la-fundacio-roca-gales\/","name":"Fiare galardonada en los premios Jacint Duny\u00f3 de la Fundaci\u00f3 Roca Gal\u00e8s - Fiare Banca Etica","isPartOf":{"@id":"https:\/\/www.fiarebancaetica.coop\/ca\/#website"},"primaryImageOfPage":{"@id":"https:\/\/www.fiarebancaetica.coop\/ca\/fiare-galardonada-en-los-premios-jacint-dunyo-de-la-fundacio-roca-gales\/#primaryimage"},"image":{"@id":"https:\/\/www.fiarebancaetica.coop\/ca\/fiare-galardonada-en-los-premios-jacint-dunyo-de-la-fundacio-roca-gales\/#primaryimage"},"thumbnailUrl":"https:\/\/www.fiarebancaetica.coop\/app\/uploads\/sites\/2\/2023\/12\/fiare-galardonada-en-los-premios-jacint-dunyo-de-fundacio-roca-gales-scaled.jpg","datePublished":"2017-05-22T22:00:00+00:00","dateModified":"2024-02-21T14:55:13+00:00","author":{"@id":"https:\/\/www.fiarebancaetica.coop\/ca\/#\/schema\/person\/579841e89c804b5db05d9141bd9b8272"},"breadcrumb":{"@id":"https:\/\/www.fiarebancaetica.coop\/ca\/fiare-galardonada-en-los-premios-jacint-dunyo-de-la-fundacio-roca-gales\/#breadcrumb"},"inLanguage":"ca","potentialAction":[{"@type":"ReadAction","target":["https:\/\/www.fiarebancaetica.coop\/ca\/fiare-galardonada-en-los-premios-jacint-dunyo-de-la-fundacio-roca-gales\/"]}]},{"@type":"ImageObject","inLanguage":"ca","@id":"https:\/\/www.fiarebancaetica.coop\/ca\/fiare-galardonada-en-los-premios-jacint-dunyo-de-la-fundacio-roca-gales\/#primaryimage","url":"https:\/\/www.fiarebancaetica.coop\/app\/uploads\/sites\/2\/2023\/12\/fiare-galardonada-en-los-premios-jacint-dunyo-de-fundacio-roca-gales-scaled.jpg","contentUrl":"https:\/\/www.fiarebancaetica.coop\/app\/uploads\/sites\/2\/2023\/12\/fiare-galardonada-en-los-premios-jacint-dunyo-de-fundacio-roca-gales-scaled.jpg","width":2560,"height":1176},{"@type":"BreadcrumbList","@id":"https:\/\/www.fiarebancaetica.coop\/ca\/fiare-galardonada-en-los-premios-jacint-dunyo-de-la-fundacio-roca-gales\/#breadcrumb","itemListElement":[{"@type":"ListItem","position":1,"name":"Home","item":"https:\/\/www.fiarebancaetica.coop\/ca\/"},{"@type":"ListItem","position":2,"name":"Fiare galardonada en los premios Jacint Duny\u00f3 de la Fundaci\u00f3 Roca Gal\u00e8s"}]},{"@type":"WebSite","@id":"https:\/\/www.fiarebancaetica.coop\/ca\/#website","url":"https:\/\/www.fiarebancaetica.coop\/ca\/","name":"Fiare Banca Etica","description":"","potentialAction":[{"@type":"SearchAction","target":{"@type":"EntryPoint","urlTemplate":"https:\/\/www.fiarebancaetica.coop\/ca\/?s={search_term_string}"},"query-input":{"@type":"PropertyValueSpecification","valueRequired":true,"valueName":"search_term_string"}}],"inLanguage":"ca"},{"@type":"Person","@id":"https:\/\/www.fiarebancaetica.coop\/ca\/#\/schema\/person\/579841e89c804b5db05d9141bd9b8272","name":"crispyadmin0","image":{"@type":"ImageObject","inLanguage":"ca","@id":"https:\/\/www.fiarebancaetica.coop\/ca\/#\/schema\/person\/image\/5f3a6b7786f32f4c35bd2b1a5a4698ea","url":"https:\/\/secure.gravatar.com\/avatar\/4d2cfb499d497b6d49da659fab7404b243a87fe8e40d2cf97a1cae48f677f5b2?s=96&d=mm&r=g","contentUrl":"https:\/\/secure.gravatar.com\/avatar\/4d2cfb499d497b6d49da659fab7404b243a87fe8e40d2cf97a1cae48f677f5b2?s=96&d=mm&r=g","caption":"crispyadmin0"},"sameAs":["crispyadmin0"]}]}},"_links":{"self":[{"href":"https:\/\/www.fiarebancaetica.coop\/ca\/wp-json\/wp\/v2\/posts\/345720","targetHints":{"allow":["GET"]}}],"collection":[{"href":"https:\/\/www.fiarebancaetica.coop\/ca\/wp-json\/wp\/v2\/posts"}],"about":[{"href":"https:\/\/www.fiarebancaetica.coop\/ca\/wp-json\/wp\/v2\/types\/post"}],"author":[{"embeddable":true,"href":"https:\/\/www.fiarebancaetica.coop\/ca\/wp-json\/wp\/v2\/users\/2"}],"replies":[{"embeddable":true,"href":"https:\/\/www.fiarebancaetica.coop\/ca\/wp-json\/wp\/v2\/comments?post=345720"}],"version-history":[{"count":1,"href":"https:\/\/www.fiarebancaetica.coop\/ca\/wp-json\/wp\/v2\/posts\/345720\/revisions"}],"predecessor-version":[{"id":353612,"href":"https:\/\/www.fiarebancaetica.coop\/ca\/wp-json\/wp\/v2\/posts\/345720\/revisions\/353612"}],"wp:featuredmedia":[{"embeddable":true,"href":"https:\/\/www.fiarebancaetica.coop\/ca\/wp-json\/wp\/v2\/media\/325648"}],"wp:attachment":[{"href":"https:\/\/www.fiarebancaetica.coop\/ca\/wp-json\/wp\/v2\/media?parent=345720"}],"wp:term":[{"taxonomy":"category","embeddable":true,"href":"https:\/\/www.fiarebancaetica.coop\/ca\/wp-json\/wp\/v2\/categories?post=345720"},{"taxonomy":"post_tag","embeddable":true,"href":"https:\/\/www.fiarebancaetica.coop\/ca\/wp-json\/wp\/v2\/tags?post=345720"},{"taxonomy":"author","embeddable":true,"href":"https:\/\/www.fiarebancaetica.coop\/ca\/wp-json\/wp\/v2\/coauthors?post=345720"}],"curies":[{"name":"wp","href":"https:\/\/api.w.org\/{rel}","templated":true}]}}