{"id":346018,"date":"2016-09-07T00:00:00","date_gmt":"2016-09-06T22:00:00","guid":{"rendered":"https:\/\/www.fiarebancaetica.coop\/consigue-la-caja-mecambio-y-da-el-salto-a-la-economia-social\/"},"modified":"2024-02-21T16:06:00","modified_gmt":"2024-02-21T15:06:00","slug":"consigue-la-caja-mecambio-y-da-el-salto-a-la-economia-social","status":"publish","type":"post","link":"https:\/\/www.fiarebancaetica.coop\/ca\/consigue-la-caja-mecambio-y-da-el-salto-a-la-economia-social\/","title":{"rendered":"Consigue la Caja #Mecambio y da el salto a la econom\u00eda social"},"content":{"rendered":"\n\n<div class=\"wp-block-bancaetica-blocks-blocks-block-49\">\n    <div class=\"container-block-49\">\n\n        <div class=\"header-section \">\n                            <h1 class=\"section-title\"> Etica e cooperativa <\/h1>\n                                            <\/div>\n\n        \n        <div class=\"block-background\" style=\"background-image: url('https:\/\/www.fiarebancaetica.coop\/app\/uploads\/sites\/2\/2023\/12\/caja-mecambio-el-salto-economia-social-y-solidaria.jpg')\">\n                            <div class=\"tile\">\n                    <h1 class=\"image-title\"> Consigue la Caja #Mecambio y da el salto a la econom\u00eda social <\/h1>\n                <\/div>             <!-- end .tile -->\n            <div class=\"bottom-content\">\n                            <\/div> <!-- end .button-content -->\n        <\/div> <!-- end .block-background -->\n    <\/div> <!-- end .container -->\n<\/div> <!-- end wp-block-bancaetica-blocks-blocks-block-06 -->\n\n\n<div class=\"wrapper-crispybacon-class wrapper-crispybacon-class-boxed \">\n    <p>\u00bfPiensas que una econom\u00eda real, la distribuci\u00f3n social y ecol\u00f3gicamente eficiente de bienes, debe prevalecer sobre la econom\u00eda especulativa, sobre la acumulaci\u00f3n de beneficios mediante la explotaci\u00f3n de personas consumidoras y productoras?<br \/>\n\t<br \/>\n\t<strong>Ahora puedes cambiarte, hay alternativas.&nbsp; <\/strong>La caja Me Cambio es una invitaci\u00f3n a dar el paso definitivo: dar el salto a la econom\u00eda social<br \/>\n\tLa caja <strong>#MeCambio<\/strong> guarda las principales propuestas y herramientas para iniciar la transcici\u00f3n hacia un nuevo modelo. Incluye un mapa donde puedes recorrer las distintas alternativas organizadas por grandes sectores de consumo.<br \/>\n\t<br \/>\n\tEncontrar\u00e1s a <strong>Fiare Banca Etica <\/strong>en la secci\u00f3n de Finanzas \u00e9ticas, junto a Coop57. En el apartado <strong>Cambio b\u00e1sico <\/strong>encontrar\u00e1s proveedores que contratas o utilizas de manera fija (el banco, la luz, el sistema operativo de tu ordenador\u2026); te proporcionan en este caso un listado detallado de proveedores alternativos. Una vez est\u00e9 el cambio hecho s\u00f3lo te tocar\u00e1 estar atento\/a a la informaci\u00f3n que te ir\u00e1n enviando las entidades de las cuales te has hecho socia\/o.<\/p>\n<p>En el apartado <strong>Cambio integral <\/strong>encontrar\u00e1s proveedores que utilizas de manera puntual (para ver una pel\u00edcula, comprar comida o cuidar tu salud) y te ofrece una selecci\u00f3n de proveedores que responden a esos cambios de un modo justo y responsable.<br \/>\n\tAlgunos proveedores llevan en su ficha la marca unificada de Mercado social, para indicar su pertenencia a esta red y por tanto que dicha entidad responde a los criterios establecidos por la Carta de principios de la Econom\u00eda solidaria.<\/p>\n<p>Al comprarla, te estar\u00e1s haciendo socia consumidora del<strong> Mercado Social de Madrid<\/strong>, iniciando as\u00ed tu propio recorrido de apoyo y participaci\u00f3n en la Econom\u00eda Social y Solidaria.<br \/>\n\t<br \/>\n\tPara m\u00e1s informaci\u00f3n, puedes contactar a trav\u00e9s del tel\u00e9fono 681 608 308 (L-V de 10 a 14h y de 17 a 20h) o en el Espacio Ecooo&nbsp; en la c\/ Escuadra, 11, 28012 Madrid (Metro Lavapi\u00e9s o Ant\u00f3n Mart\u00edn)<\/p>\n<p><strong><a href=\"http:\/\/www.konsumoresponsable.coop\/blog\/post\/caja_mecambio\">www.konsumoresponsable.coop\/blog\/post\/caja_mecambio<\/a><\/strong><\/p>\n<p><br \/>\n\t&nbsp;<\/p>\n<\/div>","protected":false},"excerpt":{"rendered":"<p>\u00bfPiensas que una econom\u00eda real, la distribuci\u00f3n social y ecol\u00f3gicamente eficiente de bienes, debe prevalecer sobre la econom\u00eda especulativa, sobre la acumulaci\u00f3n de beneficios mediante la explotaci\u00f3n de personas consumidoras y productoras? Ahora puedes cambiarte, hay alternativas.<\/p>\n","protected":false},"author":2,"featured_media":324727,"comment_status":"open","ping_status":"closed","sticky":false,"template":"","format":"standard","meta":{"_acf_changed":false,"footnotes":""},"categories":[11643],"tags":[],"coauthors":[],"class_list":["post-346018","post","type-post","status-publish","format-standard","has-post-thumbnail","hentry","category-finances-etiques"],"acf":[],"yoast_head":"<!-- This site is optimized with the Yoast SEO plugin v26.9 - https:\/\/yoast.com\/product\/yoast-seo-wordpress\/ -->\n<title>Consigue la Caja #Mecambio y da el salto a la econom\u00eda social - Fiare Banca Etica<\/title>\n<meta name=\"robots\" content=\"index, follow, max-snippet:-1, max-image-preview:large, max-video-preview:-1\" \/>\n<link rel=\"canonical\" href=\"https:\/\/www.fiarebancaetica.coop\/ca\/consigue-la-caja-mecambio-y-da-el-salto-a-la-economia-social\/\" \/>\n<meta property=\"og:locale\" content=\"ca_ES\" \/>\n<meta property=\"og:type\" content=\"article\" \/>\n<meta property=\"og:title\" content=\"Consigue la Caja #Mecambio y da el salto a la econom\u00eda social - Fiare Banca Etica\" \/>\n<meta property=\"og:description\" content=\"\u00bfPiensas que una econom\u00eda real, la distribuci\u00f3n social y ecol\u00f3gicamente eficiente de bienes, debe prevalecer sobre la econom\u00eda especulativa, sobre la acumulaci\u00f3n de beneficios mediante la explotaci\u00f3n de personas consumidoras y productoras? Ahora puedes cambiarte, hay alternativas.\" \/>\n<meta property=\"og:url\" content=\"https:\/\/www.fiarebancaetica.coop\/ca\/consigue-la-caja-mecambio-y-da-el-salto-a-la-economia-social\/\" \/>\n<meta property=\"og:site_name\" content=\"Fiare Banca Etica\" \/>\n<meta property=\"article:published_time\" content=\"2016-09-06T22:00:00+00:00\" \/>\n<meta property=\"article:modified_time\" content=\"2024-02-21T15:06:00+00:00\" \/>\n<meta property=\"og:image\" content=\"https:\/\/www.fiarebancaetica.coop\/app\/uploads\/sites\/2\/2023\/12\/caja-mecambio-el-salto-economia-social-y-solidaria.jpg\" \/>\n\t<meta property=\"og:image:width\" content=\"1357\" \/>\n\t<meta property=\"og:image:height\" content=\"529\" \/>\n\t<meta property=\"og:image:type\" content=\"image\/jpeg\" \/>\n<meta name=\"author\" content=\"crispyadmin0\" \/>\n<meta name=\"twitter:card\" content=\"summary_large_image\" \/>\n<script type=\"application\/ld+json\" class=\"yoast-schema-graph\">{\"@context\":\"https:\/\/schema.org\",\"@graph\":[{\"@type\":\"Article\",\"@id\":\"https:\/\/www.fiarebancaetica.coop\/ca\/consigue-la-caja-mecambio-y-da-el-salto-a-la-economia-social\/#article\",\"isPartOf\":{\"@id\":\"https:\/\/www.fiarebancaetica.coop\/ca\/consigue-la-caja-mecambio-y-da-el-salto-a-la-economia-social\/\"},\"author\":{\"name\":\"crispyadmin0\",\"@id\":\"https:\/\/www.fiarebancaetica.coop\/ca\/#\/schema\/person\/579841e89c804b5db05d9141bd9b8272\"},\"headline\":\"Consigue la Caja #Mecambio y da el salto a la econom\u00eda social\",\"datePublished\":\"2016-09-06T22:00:00+00:00\",\"dateModified\":\"2024-02-21T15:06:00+00:00\",\"mainEntityOfPage\":{\"@id\":\"https:\/\/www.fiarebancaetica.coop\/ca\/consigue-la-caja-mecambio-y-da-el-salto-a-la-economia-social\/\"},\"wordCount\":357,\"commentCount\":0,\"image\":{\"@id\":\"https:\/\/www.fiarebancaetica.coop\/ca\/consigue-la-caja-mecambio-y-da-el-salto-a-la-economia-social\/#primaryimage\"},\"thumbnailUrl\":\"https:\/\/www.fiarebancaetica.coop\/app\/uploads\/sites\/2\/2023\/12\/caja-mecambio-el-salto-economia-social-y-solidaria.jpg\",\"articleSection\":[\"Finances \u00e8tiques\"],\"inLanguage\":\"ca\",\"potentialAction\":[{\"@type\":\"CommentAction\",\"name\":\"Comment\",\"target\":[\"https:\/\/www.fiarebancaetica.coop\/ca\/consigue-la-caja-mecambio-y-da-el-salto-a-la-economia-social\/#respond\"]}]},{\"@type\":\"WebPage\",\"@id\":\"https:\/\/www.fiarebancaetica.coop\/ca\/consigue-la-caja-mecambio-y-da-el-salto-a-la-economia-social\/\",\"url\":\"https:\/\/www.fiarebancaetica.coop\/ca\/consigue-la-caja-mecambio-y-da-el-salto-a-la-economia-social\/\",\"name\":\"Consigue la Caja #Mecambio y da el salto a la econom\u00eda social - Fiare Banca Etica\",\"isPartOf\":{\"@id\":\"https:\/\/www.fiarebancaetica.coop\/ca\/#website\"},\"primaryImageOfPage\":{\"@id\":\"https:\/\/www.fiarebancaetica.coop\/ca\/consigue-la-caja-mecambio-y-da-el-salto-a-la-economia-social\/#primaryimage\"},\"image\":{\"@id\":\"https:\/\/www.fiarebancaetica.coop\/ca\/consigue-la-caja-mecambio-y-da-el-salto-a-la-economia-social\/#primaryimage\"},\"thumbnailUrl\":\"https:\/\/www.fiarebancaetica.coop\/app\/uploads\/sites\/2\/2023\/12\/caja-mecambio-el-salto-economia-social-y-solidaria.jpg\",\"datePublished\":\"2016-09-06T22:00:00+00:00\",\"dateModified\":\"2024-02-21T15:06:00+00:00\",\"author\":{\"@id\":\"https:\/\/www.fiarebancaetica.coop\/ca\/#\/schema\/person\/579841e89c804b5db05d9141bd9b8272\"},\"breadcrumb\":{\"@id\":\"https:\/\/www.fiarebancaetica.coop\/ca\/consigue-la-caja-mecambio-y-da-el-salto-a-la-economia-social\/#breadcrumb\"},\"inLanguage\":\"ca\",\"potentialAction\":[{\"@type\":\"ReadAction\",\"target\":[\"https:\/\/www.fiarebancaetica.coop\/ca\/consigue-la-caja-mecambio-y-da-el-salto-a-la-economia-social\/\"]}]},{\"@type\":\"ImageObject\",\"inLanguage\":\"ca\",\"@id\":\"https:\/\/www.fiarebancaetica.coop\/ca\/consigue-la-caja-mecambio-y-da-el-salto-a-la-economia-social\/#primaryimage\",\"url\":\"https:\/\/www.fiarebancaetica.coop\/app\/uploads\/sites\/2\/2023\/12\/caja-mecambio-el-salto-economia-social-y-solidaria.jpg\",\"contentUrl\":\"https:\/\/www.fiarebancaetica.coop\/app\/uploads\/sites\/2\/2023\/12\/caja-mecambio-el-salto-economia-social-y-solidaria.jpg\",\"width\":1357,\"height\":529},{\"@type\":\"BreadcrumbList\",\"@id\":\"https:\/\/www.fiarebancaetica.coop\/ca\/consigue-la-caja-mecambio-y-da-el-salto-a-la-economia-social\/#breadcrumb\",\"itemListElement\":[{\"@type\":\"ListItem\",\"position\":1,\"name\":\"Home\",\"item\":\"https:\/\/www.fiarebancaetica.coop\/ca\/\"},{\"@type\":\"ListItem\",\"position\":2,\"name\":\"Consigue la Caja #Mecambio y da el salto a la econom\u00eda social\"}]},{\"@type\":\"WebSite\",\"@id\":\"https:\/\/www.fiarebancaetica.coop\/ca\/#website\",\"url\":\"https:\/\/www.fiarebancaetica.coop\/ca\/\",\"name\":\"Fiare Banca Etica\",\"description\":\"\",\"potentialAction\":[{\"@type\":\"SearchAction\",\"target\":{\"@type\":\"EntryPoint\",\"urlTemplate\":\"https:\/\/www.fiarebancaetica.coop\/ca\/?s={search_term_string}\"},\"query-input\":{\"@type\":\"PropertyValueSpecification\",\"valueRequired\":true,\"valueName\":\"search_term_string\"}}],\"inLanguage\":\"ca\"},{\"@type\":\"Person\",\"@id\":\"https:\/\/www.fiarebancaetica.coop\/ca\/#\/schema\/person\/579841e89c804b5db05d9141bd9b8272\",\"name\":\"crispyadmin0\",\"image\":{\"@type\":\"ImageObject\",\"inLanguage\":\"ca\",\"@id\":\"https:\/\/www.fiarebancaetica.coop\/ca\/#\/schema\/person\/image\/5f3a6b7786f32f4c35bd2b1a5a4698ea\",\"url\":\"https:\/\/secure.gravatar.com\/avatar\/4d2cfb499d497b6d49da659fab7404b243a87fe8e40d2cf97a1cae48f677f5b2?s=96&d=mm&r=g\",\"contentUrl\":\"https:\/\/secure.gravatar.com\/avatar\/4d2cfb499d497b6d49da659fab7404b243a87fe8e40d2cf97a1cae48f677f5b2?s=96&d=mm&r=g\",\"caption\":\"crispyadmin0\"},\"sameAs\":[\"crispyadmin0\"]}]}<\/script>\n<!-- \/ Yoast SEO plugin. -->","yoast_head_json":{"title":"Consigue la Caja #Mecambio y da el salto a la econom\u00eda social - Fiare Banca Etica","robots":{"index":"index","follow":"follow","max-snippet":"max-snippet:-1","max-image-preview":"max-image-preview:large","max-video-preview":"max-video-preview:-1"},"canonical":"https:\/\/www.fiarebancaetica.coop\/ca\/consigue-la-caja-mecambio-y-da-el-salto-a-la-economia-social\/","og_locale":"ca_ES","og_type":"article","og_title":"Consigue la Caja #Mecambio y da el salto a la econom\u00eda social - Fiare Banca Etica","og_description":"\u00bfPiensas que una econom\u00eda real, la distribuci\u00f3n social y ecol\u00f3gicamente eficiente de bienes, debe prevalecer sobre la econom\u00eda especulativa, sobre la acumulaci\u00f3n de beneficios mediante la explotaci\u00f3n de personas consumidoras y productoras? Ahora puedes cambiarte, hay alternativas.","og_url":"https:\/\/www.fiarebancaetica.coop\/ca\/consigue-la-caja-mecambio-y-da-el-salto-a-la-economia-social\/","og_site_name":"Fiare Banca Etica","article_published_time":"2016-09-06T22:00:00+00:00","article_modified_time":"2024-02-21T15:06:00+00:00","og_image":[{"width":1357,"height":529,"url":"https:\/\/www.fiarebancaetica.coop\/app\/uploads\/sites\/2\/2023\/12\/caja-mecambio-el-salto-economia-social-y-solidaria.jpg","type":"image\/jpeg"}],"author":"crispyadmin0","twitter_card":"summary_large_image","schema":{"@context":"https:\/\/schema.org","@graph":[{"@type":"Article","@id":"https:\/\/www.fiarebancaetica.coop\/ca\/consigue-la-caja-mecambio-y-da-el-salto-a-la-economia-social\/#article","isPartOf":{"@id":"https:\/\/www.fiarebancaetica.coop\/ca\/consigue-la-caja-mecambio-y-da-el-salto-a-la-economia-social\/"},"author":{"name":"crispyadmin0","@id":"https:\/\/www.fiarebancaetica.coop\/ca\/#\/schema\/person\/579841e89c804b5db05d9141bd9b8272"},"headline":"Consigue la Caja #Mecambio y da el salto a la econom\u00eda social","datePublished":"2016-09-06T22:00:00+00:00","dateModified":"2024-02-21T15:06:00+00:00","mainEntityOfPage":{"@id":"https:\/\/www.fiarebancaetica.coop\/ca\/consigue-la-caja-mecambio-y-da-el-salto-a-la-economia-social\/"},"wordCount":357,"commentCount":0,"image":{"@id":"https:\/\/www.fiarebancaetica.coop\/ca\/consigue-la-caja-mecambio-y-da-el-salto-a-la-economia-social\/#primaryimage"},"thumbnailUrl":"https:\/\/www.fiarebancaetica.coop\/app\/uploads\/sites\/2\/2023\/12\/caja-mecambio-el-salto-economia-social-y-solidaria.jpg","articleSection":["Finances \u00e8tiques"],"inLanguage":"ca","potentialAction":[{"@type":"CommentAction","name":"Comment","target":["https:\/\/www.fiarebancaetica.coop\/ca\/consigue-la-caja-mecambio-y-da-el-salto-a-la-economia-social\/#respond"]}]},{"@type":"WebPage","@id":"https:\/\/www.fiarebancaetica.coop\/ca\/consigue-la-caja-mecambio-y-da-el-salto-a-la-economia-social\/","url":"https:\/\/www.fiarebancaetica.coop\/ca\/consigue-la-caja-mecambio-y-da-el-salto-a-la-economia-social\/","name":"Consigue la Caja #Mecambio y da el salto a la econom\u00eda social - Fiare Banca Etica","isPartOf":{"@id":"https:\/\/www.fiarebancaetica.coop\/ca\/#website"},"primaryImageOfPage":{"@id":"https:\/\/www.fiarebancaetica.coop\/ca\/consigue-la-caja-mecambio-y-da-el-salto-a-la-economia-social\/#primaryimage"},"image":{"@id":"https:\/\/www.fiarebancaetica.coop\/ca\/consigue-la-caja-mecambio-y-da-el-salto-a-la-economia-social\/#primaryimage"},"thumbnailUrl":"https:\/\/www.fiarebancaetica.coop\/app\/uploads\/sites\/2\/2023\/12\/caja-mecambio-el-salto-economia-social-y-solidaria.jpg","datePublished":"2016-09-06T22:00:00+00:00","dateModified":"2024-02-21T15:06:00+00:00","author":{"@id":"https:\/\/www.fiarebancaetica.coop\/ca\/#\/schema\/person\/579841e89c804b5db05d9141bd9b8272"},"breadcrumb":{"@id":"https:\/\/www.fiarebancaetica.coop\/ca\/consigue-la-caja-mecambio-y-da-el-salto-a-la-economia-social\/#breadcrumb"},"inLanguage":"ca","potentialAction":[{"@type":"ReadAction","target":["https:\/\/www.fiarebancaetica.coop\/ca\/consigue-la-caja-mecambio-y-da-el-salto-a-la-economia-social\/"]}]},{"@type":"ImageObject","inLanguage":"ca","@id":"https:\/\/www.fiarebancaetica.coop\/ca\/consigue-la-caja-mecambio-y-da-el-salto-a-la-economia-social\/#primaryimage","url":"https:\/\/www.fiarebancaetica.coop\/app\/uploads\/sites\/2\/2023\/12\/caja-mecambio-el-salto-economia-social-y-solidaria.jpg","contentUrl":"https:\/\/www.fiarebancaetica.coop\/app\/uploads\/sites\/2\/2023\/12\/caja-mecambio-el-salto-economia-social-y-solidaria.jpg","width":1357,"height":529},{"@type":"BreadcrumbList","@id":"https:\/\/www.fiarebancaetica.coop\/ca\/consigue-la-caja-mecambio-y-da-el-salto-a-la-economia-social\/#breadcrumb","itemListElement":[{"@type":"ListItem","position":1,"name":"Home","item":"https:\/\/www.fiarebancaetica.coop\/ca\/"},{"@type":"ListItem","position":2,"name":"Consigue la Caja #Mecambio y da el salto a la econom\u00eda social"}]},{"@type":"WebSite","@id":"https:\/\/www.fiarebancaetica.coop\/ca\/#website","url":"https:\/\/www.fiarebancaetica.coop\/ca\/","name":"Fiare Banca Etica","description":"","potentialAction":[{"@type":"SearchAction","target":{"@type":"EntryPoint","urlTemplate":"https:\/\/www.fiarebancaetica.coop\/ca\/?s={search_term_string}"},"query-input":{"@type":"PropertyValueSpecification","valueRequired":true,"valueName":"search_term_string"}}],"inLanguage":"ca"},{"@type":"Person","@id":"https:\/\/www.fiarebancaetica.coop\/ca\/#\/schema\/person\/579841e89c804b5db05d9141bd9b8272","name":"crispyadmin0","image":{"@type":"ImageObject","inLanguage":"ca","@id":"https:\/\/www.fiarebancaetica.coop\/ca\/#\/schema\/person\/image\/5f3a6b7786f32f4c35bd2b1a5a4698ea","url":"https:\/\/secure.gravatar.com\/avatar\/4d2cfb499d497b6d49da659fab7404b243a87fe8e40d2cf97a1cae48f677f5b2?s=96&d=mm&r=g","contentUrl":"https:\/\/secure.gravatar.com\/avatar\/4d2cfb499d497b6d49da659fab7404b243a87fe8e40d2cf97a1cae48f677f5b2?s=96&d=mm&r=g","caption":"crispyadmin0"},"sameAs":["crispyadmin0"]}]}},"_links":{"self":[{"href":"https:\/\/www.fiarebancaetica.coop\/ca\/wp-json\/wp\/v2\/posts\/346018","targetHints":{"allow":["GET"]}}],"collection":[{"href":"https:\/\/www.fiarebancaetica.coop\/ca\/wp-json\/wp\/v2\/posts"}],"about":[{"href":"https:\/\/www.fiarebancaetica.coop\/ca\/wp-json\/wp\/v2\/types\/post"}],"author":[{"embeddable":true,"href":"https:\/\/www.fiarebancaetica.coop\/ca\/wp-json\/wp\/v2\/users\/2"}],"replies":[{"embeddable":true,"href":"https:\/\/www.fiarebancaetica.coop\/ca\/wp-json\/wp\/v2\/comments?post=346018"}],"version-history":[{"count":1,"href":"https:\/\/www.fiarebancaetica.coop\/ca\/wp-json\/wp\/v2\/posts\/346018\/revisions"}],"predecessor-version":[{"id":353399,"href":"https:\/\/www.fiarebancaetica.coop\/ca\/wp-json\/wp\/v2\/posts\/346018\/revisions\/353399"}],"wp:featuredmedia":[{"embeddable":true,"href":"https:\/\/www.fiarebancaetica.coop\/ca\/wp-json\/wp\/v2\/media\/324727"}],"wp:attachment":[{"href":"https:\/\/www.fiarebancaetica.coop\/ca\/wp-json\/wp\/v2\/media?parent=346018"}],"wp:term":[{"taxonomy":"category","embeddable":true,"href":"https:\/\/www.fiarebancaetica.coop\/ca\/wp-json\/wp\/v2\/categories?post=346018"},{"taxonomy":"post_tag","embeddable":true,"href":"https:\/\/www.fiarebancaetica.coop\/ca\/wp-json\/wp\/v2\/tags?post=346018"},{"taxonomy":"author","embeddable":true,"href":"https:\/\/www.fiarebancaetica.coop\/ca\/wp-json\/wp\/v2\/coauthors?post=346018"}],"curies":[{"name":"wp","href":"https:\/\/api.w.org\/{rel}","templated":true}]}}