{"id":346042,"date":"2016-06-23T00:00:00","date_gmt":"2016-06-22T22:00:00","guid":{"rendered":"https:\/\/www.fiarebancaetica.coop\/primeros-pasos-del-nuevo-consejo-de-administracion\/"},"modified":"2024-02-21T16:06:21","modified_gmt":"2024-02-21T15:06:21","slug":"primeros-pasos-del-nuevo-consejo-de-administracion","status":"publish","type":"post","link":"https:\/\/www.fiarebancaetica.coop\/ca\/primeros-pasos-del-nuevo-consejo-de-administracion\/","title":{"rendered":"Primeros pasos del nuevo Consejo de Administraci\u00f3n"},"content":{"rendered":"\n\n<div class=\"wp-block-bancaetica-blocks-blocks-block-49\">\n    <div class=\"container-block-49\">\n\n        <div class=\"header-section \">\n                            <h1 class=\"section-title\"> Etica e cooperativa <\/h1>\n                                            <\/div>\n\n        \n        <div class=\"block-background\" style=\"background-image: url('https:\/\/www.fiarebancaetica.coop\/app\/uploads\/sites\/2\/2023\/12\/primeros-pasos-del-nuevo-consejo-de-administracion_0.jpg')\">\n                            <div class=\"tile\">\n                    <h1 class=\"image-title\"> Primeros pasos del nuevo Consejo de Administraci\u00f3n <\/h1>\n                <\/div>             <!-- end .tile -->\n            <div class=\"bottom-content\">\n                            <\/div> <!-- end .button-content -->\n        <\/div> <!-- end .block-background -->\n    <\/div> <!-- end .container -->\n<\/div> <!-- end wp-block-bancaetica-blocks-blocks-block-06 -->\n\n\n<div class=\"wrapper-crispybacon-class wrapper-crispybacon-class-boxed \">\n    <p><a href=\"#CA\">Catal\u00e0<\/a><br \/>\n\t<a href=\"#GA\">Galego<\/a><br \/>\n\t<a href=\"#EU\">Euskera<\/a><\/p>\n<p>En la reuni\u00f3n del 14 de julio, el Consejo de Administraci\u00f3n de Banca Etica debati\u00f3 la creciente complejidad de las actividades de la banca y decidi\u00f3 aplicar una modalidad de trabajo que, por un lado, mejorara la eficacia de la aportaci\u00f3n de cada miembro del consejo y, por el otro, que permitiera realizar un trabajo en equipo. En esta direcci\u00f3n se desarrollaron las primeras l\u00edneas que esbozan el consejo.<br \/>\n\t<br \/>\n\t<strong>Estas son las decisiones tomadas hasta el d\u00eda de hoy:<\/strong><\/p>\n<ul>\n\t<li>\n\t\tHabida cuenta de la compleja distribuci\u00f3n de las tareas encomendadas al Consejo hemos instituido una sola vicepresidencia y hemos reconfirmado en el cargo a Anna Fasano.<br \/>\n\t\t&nbsp;<\/li>\n\t<li>\n\t\tHemos nombrado los <strong>Consejeros de las \u00c1reas Territoriales<\/strong>:<\/li>\n<\/ul>\n<p>&nbsp; &nbsp; &nbsp; &nbsp; &nbsp; &nbsp; &nbsp; &nbsp;Peru Sasia: \u00c1rea Fiare<br \/>\n\t&nbsp; &nbsp; &nbsp; &nbsp; &nbsp; &nbsp; &nbsp; &nbsp;Giacinto Palladino: \u00c1rea Sur<br \/>\n\t&nbsp; &nbsp; &nbsp; &nbsp; &nbsp; &nbsp; &nbsp; &nbsp;Nicoletta Dentico: \u00c1rea Centro<br \/>\n\t&nbsp; &nbsp; &nbsp; &nbsp; &nbsp; &nbsp; &nbsp; &nbsp;Maurizio Bianchetti: \u00c1rea Noroeste<br \/>\n\t&nbsp; &nbsp; &nbsp; &nbsp; &nbsp; &nbsp; &nbsp; &nbsp;Marco Bianchi: \u00c1rea Nordeste<\/p>\n<ul>\n\t<li>\n\t\tSabina Siniscalchi ha sido designada como <strong>consejera responsable del seguimiento espec\u00edfico de los portadores de valor<\/strong> representados por los socios trabajadores y los socios de referencia.<br \/>\n\t\t&nbsp;<\/li>\n\t<li>\n\t\t<strong>El Comit\u00e9 Ejecutivo<\/strong> ha resultado compuesto de la siguiente forma:<\/li>\n<\/ul>\n<p>&nbsp; &nbsp; &nbsp; &nbsp; &nbsp; &nbsp; &nbsp; &nbsp;Andrea Baranes<br \/>\n\t&nbsp; &nbsp; &nbsp; &nbsp; &nbsp; &nbsp; &nbsp; &nbsp;Pino Di Francesco<br \/>\n\t&nbsp; &nbsp; &nbsp; &nbsp; &nbsp; &nbsp; &nbsp; &nbsp;Anna Fasano<br \/>\n\t&nbsp; &nbsp; &nbsp; &nbsp; &nbsp; &nbsp; &nbsp; &nbsp;Adriana Lamberto<br \/>\n\t&nbsp; &nbsp; &nbsp; &nbsp; &nbsp; &nbsp; &nbsp; &nbsp;Mariateresa Ruggiero<br \/>\n\t&nbsp; &nbsp; &nbsp; &nbsp; &nbsp; &nbsp; &nbsp; Pino Di Francesco ser\u00e1 el presidente del Comit\u00e9 Ejecutivo<\/p>\n<p>&nbsp;<\/p>\n<ul>\n\t<li>\n\t\tSe han nombrado los siguientes <strong>consejeros del Comit\u00e9 de las Partes Vinculadas<\/strong>:<\/li>\n<\/ul>\n<p>&nbsp; &nbsp; &nbsp; &nbsp; &nbsp; &nbsp; &nbsp; Marco Carlizzi (Presidente)<br \/>\n\t&nbsp; &nbsp; &nbsp; &nbsp; &nbsp; &nbsp; &nbsp; Maurizio Bianchetti<br \/>\n\t&nbsp; &nbsp; &nbsp; &nbsp; &nbsp; &nbsp; &nbsp; Giacinto Palladino<\/p>\n<p>En las pr\u00f3ximas reuniones del comit\u00e9 se tomar\u00e1n otras decisiones para nombrar a los delegados o grupos de trabajo espec\u00edficos sobre temas que el Consejo considere oportuno entre los cuales se hallar\u00e1 sin duda las relaciones asociativas (y los temas inherentes: la participaci\u00f3n), la plantilla, la comunicaci\u00f3n, la reforma italiana de las sociedades participadas y el desarrollo de la operatividad en Espa\u00f1a.<\/p>\n<p>&nbsp;<\/p>\n<p><a id=\"CA\" name=\"CA\"><\/a>___________________________________________________________<\/p>\n<h2>\n\tPrimers passos del nou Consell d\u2019Administraci\u00f3<\/h2>\n<p>A la reuni\u00f3 del 14 de juliol, el Consell d\u2019Administraci\u00f3 de Banca Etica va debatre la complexitat creixent de les activitats de la banca i va decidir aplicar una modalitat de treball que, d\u2019una banda, millor\u00e9s l\u2019efic\u00e0cia de&nbsp;l\u2019aportaci\u00f3 de cada membre del Consell, i que, de l\u2019altra, permet\u00e9s dur a terme un treball en equip. En aquesta direcci\u00f3 es van desenvolupar les primeres l\u00ednies que esbossen el Consell.<\/p>\n<p>Aquestes s\u00f3n les decisions preses fins al dia d\u2019avui:<\/p>\n<ul>\n\t<li>\n\t\tTenint en compte la complexa distribuci\u00f3 de les tasques encomanades al Consell, hem institu\u00eft una sola vicepresid\u00e8ncia i hem reconfirmat en el c\u00e0rrec Anna Fasano.<br \/>\n\t\t&nbsp;<\/li>\n\t<li>\n\t\tHem nomenat els consellers de les \u00e0rees territorials:<\/li>\n<\/ul>\n<p>&nbsp;&nbsp;&nbsp;&nbsp;&nbsp;&nbsp;&nbsp;&nbsp;&nbsp;&nbsp;&nbsp;&nbsp;&nbsp;&nbsp; <strong>Peru Sasia:<\/strong> \u00c0rea Fiare<br \/>\n\t&nbsp;&nbsp;&nbsp;&nbsp;&nbsp;&nbsp;&nbsp;&nbsp;&nbsp;&nbsp;&nbsp;&nbsp;&nbsp;&nbsp;<strong> Giacinto Palladino:<\/strong> \u00c0rea Sud<br \/>\n\t&nbsp;&nbsp;&nbsp;&nbsp;&nbsp;&nbsp;&nbsp;<strong>&nbsp;&nbsp;&nbsp;&nbsp;&nbsp;&nbsp;&nbsp; Nicoletta Dentico: <\/strong>\u00c0rea Centre<br \/>\n\t&nbsp;&nbsp;&nbsp;&nbsp;&nbsp;&nbsp;&nbsp;&nbsp;&nbsp;&nbsp;&nbsp;&nbsp;&nbsp;&nbsp; <strong>Maurizio Bianchetti: <\/strong>\u00c0rea Nord-oest<br \/>\n\t&nbsp;&nbsp;&nbsp;&nbsp;&nbsp;&nbsp;&nbsp;&nbsp;&nbsp;<strong>&nbsp;&nbsp;&nbsp;&nbsp;&nbsp; Marco Bianchi:<\/strong> \u00c0rea Nord-est<\/p>\n<ul>\n\t<li>\n\t\tSabina Siniscalchi ha estat designada consellera responsable del seguiment espec\u00edfic dels portadors de valor representats pels socis treballadors i els socis de refer\u00e8ncia.<br \/>\n\t\t&nbsp;<\/li>\n\t<li>\n\t\tEl Comit\u00e8 Executiu ha quedat compost de la manera seg\u00fcent:<\/li>\n<\/ul>\n<p>&nbsp;&nbsp;&nbsp;&nbsp;&nbsp;&nbsp;&nbsp;&nbsp;&nbsp;&nbsp;&nbsp;&nbsp;&nbsp;&nbsp; Andrea Baranes<br \/>\n\t&nbsp;&nbsp;&nbsp;&nbsp;&nbsp;&nbsp;&nbsp;&nbsp;&nbsp;&nbsp;&nbsp;&nbsp;&nbsp;&nbsp; Pino Di Francesco<br \/>\n\t&nbsp;&nbsp;&nbsp;&nbsp;&nbsp;&nbsp;&nbsp;&nbsp;&nbsp;&nbsp;&nbsp;&nbsp;&nbsp;&nbsp; Anna Fasano<br \/>\n\t&nbsp;&nbsp;&nbsp;&nbsp;&nbsp;&nbsp;&nbsp;&nbsp;&nbsp;&nbsp;&nbsp;&nbsp;&nbsp;&nbsp; Adriana Lamberto<br \/>\n\t&nbsp;&nbsp;&nbsp;&nbsp;&nbsp;&nbsp;&nbsp;&nbsp;&nbsp;&nbsp;&nbsp;&nbsp;&nbsp;&nbsp; Mariateresa Ruggiero<br \/>\n\t&nbsp;&nbsp;&nbsp;&nbsp;&nbsp;&nbsp;&nbsp;&nbsp;&nbsp;&nbsp;&nbsp;&nbsp;&nbsp; Pino Di Francesco ser\u00e0 el president del Comit\u00e8 Executiu<\/p>\n<ul>\n\t<li>\n\t\tS\u2019han nomenat els seg\u00fcents consellers del Comit\u00e8 de les Parts Vinculades:<\/li>\n<\/ul>\n<p>&nbsp;&nbsp;&nbsp;&nbsp;&nbsp;&nbsp;&nbsp;&nbsp;&nbsp;&nbsp;&nbsp;&nbsp;&nbsp; Marco Carlizzi (president)<br \/>\n\t&nbsp;&nbsp;&nbsp;&nbsp;&nbsp;&nbsp;&nbsp;&nbsp;&nbsp;&nbsp;&nbsp;&nbsp;&nbsp; Maurizio Bianchetti<br \/>\n\t&nbsp;&nbsp;&nbsp;&nbsp;&nbsp;&nbsp;&nbsp;&nbsp;&nbsp;&nbsp;&nbsp;&nbsp;&nbsp; Giacinto Palladino<\/p>\n<p>A les properes reunions del Comit\u00e8 es prendran altres decisions per nomenar els delegats o els grups de treball espec\u00edfics sobre q\u00fcestions que el Consell consideri oportunes, entre les quals hi haur\u00e0 sens dubte les relacions associatives (i els temes inherents: la participaci\u00f3), la plantilla, la comunicaci\u00f3, la reforma italiana de les societats participades i el desenvolupament de l\u2019operativitat a Espanya.<\/p>\n<p><a id=\"EU\" name=\"EU\"><\/a>______________________________________________________________<\/p>\n<h2>\n\tAdministrazio Kontseilu berriaren lehen urratsak<\/h2>\n<p>Uztailaren 14ko bileran, Banka Etikoaren Administrazio Kontseiluak bankaren jarduerak gero eta konplexuagoak bihurtzen ari direla aztertu eta eztabaidatu zuen. Hala, erabaki zuen Kontseiluko kide bakoitzak egiten duen ekarpenaren eraginkortasuna hobetuko duen eta, aldi berean, taldean lan egitea ahalbidetuko duen lan-modalitate bat aplikatzea. Ildo horretan garatu ziren Kontseilua irudikatzen duten lehen lerroak.<\/p>\n<p>Hauek dira orain arte hartu diren erabakiak:<\/p>\n<ul>\n\t<li>\n\t\tKontseiluak egin behar dituen lanen banaketa konplexua ikusirik, presidenteorde bakarra izendatu dugu, eta kargu horretan Anna Fasano berretsi dugu.<br \/>\n\t\t&nbsp;<\/li>\n\t<li>\n\t\tLurraldeko arloetako kontseilari hauek izendatu ditugu:<\/li>\n<\/ul>\n<p>&nbsp;&nbsp;&nbsp;&nbsp;&nbsp;&nbsp;&nbsp;&nbsp;&nbsp;&nbsp;&nbsp;&nbsp;&nbsp;&nbsp; <strong>Peru Sasia: <\/strong>Fiare<br \/>\n\t&nbsp;&nbsp;&nbsp;&nbsp;&nbsp;&nbsp;&nbsp;&nbsp;&nbsp;&nbsp;&nbsp;&nbsp;&nbsp;&nbsp; <strong>Giacinto Palladino: <\/strong>Hegoaldea<br \/>\n\t&nbsp;&nbsp;&nbsp;&nbsp;&nbsp;&nbsp;&nbsp;&nbsp;&nbsp;&nbsp;&nbsp;&nbsp;&nbsp;&nbsp; <strong>Nicoletta Dentico: <\/strong>Erdialdea<br \/>\n\t&nbsp;&nbsp;&nbsp;&nbsp;&nbsp;&nbsp;&nbsp;&nbsp;&nbsp;&nbsp;&nbsp;&nbsp;<strong>&nbsp;&nbsp; Maurizio Bianchetti:<\/strong> Ipar-mendebaldea<br \/>\n\t&nbsp;&nbsp;&nbsp;&nbsp;&nbsp;&nbsp;&nbsp;&nbsp;&nbsp;&nbsp;&nbsp;&nbsp;&nbsp;<strong>&nbsp; Marco Bianchi: <\/strong>Ipar-ekialdea<\/p>\n<ul>\n\t<li>\n\t\tSabina Siniscalchi izendatu dugu langile diren bazkideek eta erreferentziako bazkideek ordezkatzen dituzten balio-eramaileen jarraipen berezitua egiteaz arduratuko den kontseilari.<\/li>\n<\/ul>\n<p>&nbsp;<\/p>\n<ul>\n\t<li>\n\t\tHonako hauek osatuko dute Exekuzio Batzordea:<\/li>\n<\/ul>\n<p>&nbsp;&nbsp;&nbsp;&nbsp;&nbsp;&nbsp;&nbsp;&nbsp;&nbsp;&nbsp;&nbsp;&nbsp;&nbsp;&nbsp; Andrea Baranes<br \/>\n\t&nbsp;&nbsp;&nbsp;&nbsp;&nbsp;&nbsp;&nbsp;&nbsp;&nbsp;&nbsp;&nbsp;&nbsp;&nbsp;&nbsp; Pino Di Francesco<br \/>\n\t&nbsp;&nbsp;&nbsp;&nbsp;&nbsp;&nbsp;&nbsp;&nbsp;&nbsp;&nbsp;&nbsp;&nbsp;&nbsp;&nbsp; Anna Fasano<br \/>\n\t&nbsp;&nbsp;&nbsp;&nbsp;&nbsp;&nbsp;&nbsp;&nbsp;&nbsp;&nbsp;&nbsp;&nbsp;&nbsp;&nbsp; Adriana Lamberto<br \/>\n\t&nbsp;&nbsp;&nbsp;&nbsp;&nbsp;&nbsp;&nbsp;&nbsp;&nbsp;&nbsp;&nbsp;&nbsp;&nbsp;&nbsp; Mariateresa Ruggiero<br \/>\n\t&nbsp;&nbsp;&nbsp;&nbsp;&nbsp;&nbsp;&nbsp;&nbsp;&nbsp;&nbsp;&nbsp;&nbsp;&nbsp; Pino Di Francesco izango da Exekuzio Batzordeko burua.<\/p>\n<ul>\n\t<li>\n\t\tHonako hauek osatuko dute Erlazionaturiko Alderdien Batzordea:<\/li>\n<\/ul>\n<p>&nbsp;&nbsp;&nbsp;&nbsp;&nbsp;&nbsp;&nbsp;&nbsp;&nbsp;&nbsp;&nbsp;&nbsp; Marco Carlizzi (burua)<br \/>\n\t&nbsp;&nbsp;&nbsp;&nbsp;&nbsp;&nbsp;&nbsp;&nbsp;&nbsp;&nbsp;&nbsp;&nbsp;&nbsp; Maurizio Bianchetti<br \/>\n\t&nbsp;&nbsp;&nbsp;&nbsp;&nbsp;&nbsp;&nbsp;&nbsp;&nbsp;&nbsp;&nbsp;&nbsp;&nbsp; Giacinto Palladino<\/p>\n<p>Batzordearen hurrengo bileretan beste erabaki batzuk hartuko dira (esaterako, ordezkariak izendatzeari edo Kontseiluak egoki deritzen gaietan lantalde berezituak sortzeari buruz); horien artean izango dira, zalantzarik gabe, harreman asoziatiboak (eta horri loturiko gaiak, hala nola parte-hartzea), langileak, komunikazioa, parte-hartze bidezko sozietateen italiar erreforma eta Espainian operagarritasuna garatzea.<\/p>\n<p><a id=\"GA\" name=\"GA\"><\/a>______________________________________________________<\/p>\n<h2>\n\tPrimeiros pasos do novo Consello de Administraci\u00f3n<\/h2>\n<p>Na xuntanza do 14 de xullo, o Consello de Administraci\u00f3n de Banca Etica debateu a crecente complexidade das actividades do banco e decidiu aplicar unha modalidade de traballo que, dunha banda, mellore a eficacia da achega de cada membro do Consello e, doutra, permita realizar un traballo en equipo. Nesta direcci\u00f3n desenvolv\u00e9ronse as primeiras li\u00f1as que esbozan o Consello.<\/p>\n<p>Estas son as decisi\u00f3ns tomadas at\u00e9 hoxe:<\/p>\n<ul>\n\t<li>\n\t\tConscientes da complexa distribuci\u00f3n das tarefas encomendadas ao Consello institu\u00edmos unha \u00fanica vicepresidencia e reconfirmamos no cargo a Anna Fasano.<\/li>\n<\/ul>\n<p>&nbsp;<\/p>\n<ul>\n\t<li>\n\t\tNomeamos os\/as Conselleiros\/as das \u00c1reas Territoriais:<\/li>\n<\/ul>\n<p>&nbsp;&nbsp;&nbsp;&nbsp;&nbsp;&nbsp;&nbsp;&nbsp;&nbsp;&nbsp;&nbsp;&nbsp;&nbsp;&nbsp; <strong>Peru Sasia:<\/strong> \u00c1rea Fiare<br \/>\n\t&nbsp;&nbsp;&nbsp;&nbsp;&nbsp;&nbsp;&nbsp;&nbsp;&nbsp;&nbsp;&nbsp;&nbsp;&nbsp;&nbsp;<strong> Giacinto Palladino: <\/strong>\u00c1rea Sur<br \/>\n\t&nbsp;&nbsp;&nbsp;&nbsp;&nbsp;&nbsp;&nbsp;<strong>&nbsp;&nbsp;&nbsp;&nbsp;&nbsp;&nbsp;&nbsp; Nicoletta Dentico: <\/strong>\u00c1rea Centro<br \/>\n\t&nbsp;&nbsp;&nbsp;&nbsp;&nbsp;&nbsp;&nbsp;&nbsp;&nbsp;<strong>&nbsp;&nbsp;&nbsp;&nbsp;&nbsp; Maurizio Bianchetti:<\/strong> \u00c1rea Noroeste<br \/>\n\t&nbsp;&nbsp;&nbsp;&nbsp;&nbsp;&nbsp;&nbsp;&nbsp;&nbsp;&nbsp;&nbsp;&nbsp;&nbsp;&nbsp;<strong> Marco Bianchi:<\/strong> \u00c1rea Nord\u00e9s<\/p>\n<p>&nbsp;<\/p>\n<ul>\n\t<li>\n\t\tSabina Siniscalchi foi designada conselleira responsable do seguimento espec\u00edfico dos portadores de valor representados polos\/as socios\/as traballadoras\/es e de referencia.<\/li>\n<\/ul>\n<p>&nbsp;<\/p>\n<ul>\n\t<li>\n\t\tO Comit\u00e9 Executivo quedou composto da seguinte forma:<\/li>\n<\/ul>\n<p>&nbsp;&nbsp;&nbsp;&nbsp;&nbsp;&nbsp;&nbsp;&nbsp;&nbsp;&nbsp;&nbsp;&nbsp;&nbsp;&nbsp; Andrea Baranes<br \/>\n\t&nbsp;&nbsp;&nbsp;&nbsp;&nbsp;&nbsp;&nbsp;&nbsp;&nbsp;&nbsp;&nbsp;&nbsp;&nbsp;&nbsp; Pino Di Francesco<br \/>\n\t&nbsp;&nbsp;&nbsp;&nbsp;&nbsp;&nbsp;&nbsp;&nbsp;&nbsp;&nbsp;&nbsp;&nbsp;&nbsp;&nbsp; Anna Fasano<br \/>\n\t&nbsp;&nbsp;&nbsp;&nbsp;&nbsp;&nbsp;&nbsp;&nbsp;&nbsp;&nbsp;&nbsp;&nbsp;&nbsp;&nbsp; Adriana Lamberto<br \/>\n\t&nbsp;&nbsp;&nbsp;&nbsp;&nbsp;&nbsp;&nbsp;&nbsp;&nbsp;&nbsp;&nbsp;&nbsp;&nbsp;&nbsp; Mariateresa Ruggiero<br \/>\n\t&nbsp;&nbsp;&nbsp;&nbsp;&nbsp;&nbsp;&nbsp;&nbsp;&nbsp;&nbsp;&nbsp;&nbsp;&nbsp; Pino Di Francesco ser\u00e1 o presidente do Comit\u00e9 Executivo<\/p>\n<ul>\n\t<li>\n\t\tNome\u00e1ronse os seguintes conselleiros do Comit\u00e9 das Partes Vinculadas:<\/li>\n<\/ul>\n<p>&nbsp;&nbsp;&nbsp;&nbsp;&nbsp;&nbsp;&nbsp;&nbsp;&nbsp;&nbsp;&nbsp;&nbsp;&nbsp; Marco Carlizzi (Presidente)<br \/>\n\t&nbsp;&nbsp;&nbsp;&nbsp;&nbsp;&nbsp;&nbsp;&nbsp;&nbsp;&nbsp;&nbsp;&nbsp;&nbsp; Maurizio Bianchetti<br \/>\n\t&nbsp;&nbsp;&nbsp;&nbsp;&nbsp;&nbsp;&nbsp;&nbsp;&nbsp;&nbsp;&nbsp;&nbsp;&nbsp; Giacinto Palladino<\/p>\n<p>Nas vindeiras xuntanzas do Comit\u00e9 tomaranse outras decisi\u00f3ns para nomear os\/as delegados\/as ou grupos de traballo espec\u00edficos sobre temas que o Consello considere oportunos, entre os que, sen d\u00fabida, estar\u00e1n as relaci\u00f3ns asociativas (e os temas inherentes: a participaci\u00f3n), o persoal, a comunicaci\u00f3n, a reforma italiana das sociedades participadas e o desenvolvemento da operatividade en Espa\u00f1a.<\/p>\n<\/div>","protected":false},"excerpt":{"rendered":"<p>En la reuni\u00f3n del 14 de julio, el Consejo de Administraci\u00f3n de Banca Etica debati\u00f3 la creciente complejidad de las actividades de la banca y decidi\u00f3 aplicar una modalidad de trabajo que, por un lado, mejorara la eficacia de la aportaci\u00f3n de cada miembro del consejo y, por el otro, que permitiera realizar un trabajo en equipo. En esta direcci\u00f3n se desarrollaron las primeras l\u00edneas que esbozan el consejo.<\/p>\n<p>\t&nbsp;<\/p>\n","protected":false},"author":2,"featured_media":324691,"comment_status":"open","ping_status":"closed","sticky":false,"template":"","format":"standard","meta":{"_acf_changed":false,"footnotes":""},"categories":[11643],"tags":[],"coauthors":[],"class_list":["post-346042","post","type-post","status-publish","format-standard","has-post-thumbnail","hentry","category-finances-etiques"],"acf":[],"yoast_head":"<!-- This site is optimized with the Yoast SEO plugin v26.9 - https:\/\/yoast.com\/product\/yoast-seo-wordpress\/ -->\n<title>Primeros pasos del nuevo Consejo de Administraci\u00f3n - Fiare Banca Etica<\/title>\n<meta name=\"robots\" content=\"index, follow, max-snippet:-1, max-image-preview:large, max-video-preview:-1\" \/>\n<link rel=\"canonical\" href=\"https:\/\/www.fiarebancaetica.coop\/ca\/primeros-pasos-del-nuevo-consejo-de-administracion\/\" \/>\n<meta property=\"og:locale\" content=\"ca_ES\" \/>\n<meta property=\"og:type\" content=\"article\" \/>\n<meta property=\"og:title\" content=\"Primeros pasos del nuevo Consejo de Administraci\u00f3n - Fiare Banca Etica\" \/>\n<meta property=\"og:description\" content=\"En la reuni\u00f3n del 14 de julio, el Consejo de Administraci\u00f3n de Banca Etica debati\u00f3 la creciente complejidad de las actividades de la banca y decidi\u00f3 aplicar una modalidad de trabajo que, por un lado, mejorara la eficacia de la aportaci\u00f3n de cada miembro del consejo y, por el otro, que permitiera realizar un trabajo en equipo. En esta direcci\u00f3n se desarrollaron las primeras l\u00edneas que esbozan el consejo.  &nbsp;\" \/>\n<meta property=\"og:url\" content=\"https:\/\/www.fiarebancaetica.coop\/ca\/primeros-pasos-del-nuevo-consejo-de-administracion\/\" \/>\n<meta property=\"og:site_name\" content=\"Fiare Banca Etica\" \/>\n<meta property=\"article:published_time\" content=\"2016-06-22T22:00:00+00:00\" \/>\n<meta property=\"article:modified_time\" content=\"2024-02-21T15:06:21+00:00\" \/>\n<meta property=\"og:image\" content=\"https:\/\/www.fiarebancaetica.coop\/app\/uploads\/sites\/2\/2023\/12\/primeros-pasos-del-nuevo-consejo-de-administracion_0.jpg\" \/>\n\t<meta property=\"og:image:width\" content=\"573\" \/>\n\t<meta property=\"og:image:height\" content=\"264\" \/>\n\t<meta property=\"og:image:type\" content=\"image\/jpeg\" \/>\n<meta name=\"author\" content=\"crispyadmin0\" \/>\n<meta name=\"twitter:card\" content=\"summary_large_image\" \/>\n<script type=\"application\/ld+json\" class=\"yoast-schema-graph\">{\"@context\":\"https:\/\/schema.org\",\"@graph\":[{\"@type\":\"Article\",\"@id\":\"https:\/\/www.fiarebancaetica.coop\/ca\/primeros-pasos-del-nuevo-consejo-de-administracion\/#article\",\"isPartOf\":{\"@id\":\"https:\/\/www.fiarebancaetica.coop\/ca\/primeros-pasos-del-nuevo-consejo-de-administracion\/\"},\"author\":{\"name\":\"crispyadmin0\",\"@id\":\"https:\/\/www.fiarebancaetica.coop\/ca\/#\/schema\/person\/579841e89c804b5db05d9141bd9b8272\"},\"headline\":\"Primeros pasos del nuevo Consejo de Administraci\u00f3n\",\"datePublished\":\"2016-06-22T22:00:00+00:00\",\"dateModified\":\"2024-02-21T15:06:21+00:00\",\"mainEntityOfPage\":{\"@id\":\"https:\/\/www.fiarebancaetica.coop\/ca\/primeros-pasos-del-nuevo-consejo-de-administracion\/\"},\"wordCount\":1751,\"commentCount\":0,\"image\":{\"@id\":\"https:\/\/www.fiarebancaetica.coop\/ca\/primeros-pasos-del-nuevo-consejo-de-administracion\/#primaryimage\"},\"thumbnailUrl\":\"https:\/\/www.fiarebancaetica.coop\/app\/uploads\/sites\/2\/2023\/12\/primeros-pasos-del-nuevo-consejo-de-administracion_0.jpg\",\"articleSection\":[\"Finances \u00e8tiques\"],\"inLanguage\":\"ca\",\"potentialAction\":[{\"@type\":\"CommentAction\",\"name\":\"Comment\",\"target\":[\"https:\/\/www.fiarebancaetica.coop\/ca\/primeros-pasos-del-nuevo-consejo-de-administracion\/#respond\"]}]},{\"@type\":\"WebPage\",\"@id\":\"https:\/\/www.fiarebancaetica.coop\/ca\/primeros-pasos-del-nuevo-consejo-de-administracion\/\",\"url\":\"https:\/\/www.fiarebancaetica.coop\/ca\/primeros-pasos-del-nuevo-consejo-de-administracion\/\",\"name\":\"Primeros pasos del nuevo Consejo de Administraci\u00f3n - Fiare Banca Etica\",\"isPartOf\":{\"@id\":\"https:\/\/www.fiarebancaetica.coop\/ca\/#website\"},\"primaryImageOfPage\":{\"@id\":\"https:\/\/www.fiarebancaetica.coop\/ca\/primeros-pasos-del-nuevo-consejo-de-administracion\/#primaryimage\"},\"image\":{\"@id\":\"https:\/\/www.fiarebancaetica.coop\/ca\/primeros-pasos-del-nuevo-consejo-de-administracion\/#primaryimage\"},\"thumbnailUrl\":\"https:\/\/www.fiarebancaetica.coop\/app\/uploads\/sites\/2\/2023\/12\/primeros-pasos-del-nuevo-consejo-de-administracion_0.jpg\",\"datePublished\":\"2016-06-22T22:00:00+00:00\",\"dateModified\":\"2024-02-21T15:06:21+00:00\",\"author\":{\"@id\":\"https:\/\/www.fiarebancaetica.coop\/ca\/#\/schema\/person\/579841e89c804b5db05d9141bd9b8272\"},\"breadcrumb\":{\"@id\":\"https:\/\/www.fiarebancaetica.coop\/ca\/primeros-pasos-del-nuevo-consejo-de-administracion\/#breadcrumb\"},\"inLanguage\":\"ca\",\"potentialAction\":[{\"@type\":\"ReadAction\",\"target\":[\"https:\/\/www.fiarebancaetica.coop\/ca\/primeros-pasos-del-nuevo-consejo-de-administracion\/\"]}]},{\"@type\":\"ImageObject\",\"inLanguage\":\"ca\",\"@id\":\"https:\/\/www.fiarebancaetica.coop\/ca\/primeros-pasos-del-nuevo-consejo-de-administracion\/#primaryimage\",\"url\":\"https:\/\/www.fiarebancaetica.coop\/app\/uploads\/sites\/2\/2023\/12\/primeros-pasos-del-nuevo-consejo-de-administracion_0.jpg\",\"contentUrl\":\"https:\/\/www.fiarebancaetica.coop\/app\/uploads\/sites\/2\/2023\/12\/primeros-pasos-del-nuevo-consejo-de-administracion_0.jpg\",\"width\":573,\"height\":264},{\"@type\":\"BreadcrumbList\",\"@id\":\"https:\/\/www.fiarebancaetica.coop\/ca\/primeros-pasos-del-nuevo-consejo-de-administracion\/#breadcrumb\",\"itemListElement\":[{\"@type\":\"ListItem\",\"position\":1,\"name\":\"Home\",\"item\":\"https:\/\/www.fiarebancaetica.coop\/ca\/\"},{\"@type\":\"ListItem\",\"position\":2,\"name\":\"Primeros pasos del nuevo Consejo de Administraci\u00f3n\"}]},{\"@type\":\"WebSite\",\"@id\":\"https:\/\/www.fiarebancaetica.coop\/ca\/#website\",\"url\":\"https:\/\/www.fiarebancaetica.coop\/ca\/\",\"name\":\"Fiare Banca Etica\",\"description\":\"\",\"potentialAction\":[{\"@type\":\"SearchAction\",\"target\":{\"@type\":\"EntryPoint\",\"urlTemplate\":\"https:\/\/www.fiarebancaetica.coop\/ca\/?s={search_term_string}\"},\"query-input\":{\"@type\":\"PropertyValueSpecification\",\"valueRequired\":true,\"valueName\":\"search_term_string\"}}],\"inLanguage\":\"ca\"},{\"@type\":\"Person\",\"@id\":\"https:\/\/www.fiarebancaetica.coop\/ca\/#\/schema\/person\/579841e89c804b5db05d9141bd9b8272\",\"name\":\"crispyadmin0\",\"image\":{\"@type\":\"ImageObject\",\"inLanguage\":\"ca\",\"@id\":\"https:\/\/www.fiarebancaetica.coop\/ca\/#\/schema\/person\/image\/5f3a6b7786f32f4c35bd2b1a5a4698ea\",\"url\":\"https:\/\/secure.gravatar.com\/avatar\/4d2cfb499d497b6d49da659fab7404b243a87fe8e40d2cf97a1cae48f677f5b2?s=96&d=mm&r=g\",\"contentUrl\":\"https:\/\/secure.gravatar.com\/avatar\/4d2cfb499d497b6d49da659fab7404b243a87fe8e40d2cf97a1cae48f677f5b2?s=96&d=mm&r=g\",\"caption\":\"crispyadmin0\"},\"sameAs\":[\"crispyadmin0\"]}]}<\/script>\n<!-- \/ Yoast SEO plugin. -->","yoast_head_json":{"title":"Primeros pasos del nuevo Consejo de Administraci\u00f3n - Fiare Banca Etica","robots":{"index":"index","follow":"follow","max-snippet":"max-snippet:-1","max-image-preview":"max-image-preview:large","max-video-preview":"max-video-preview:-1"},"canonical":"https:\/\/www.fiarebancaetica.coop\/ca\/primeros-pasos-del-nuevo-consejo-de-administracion\/","og_locale":"ca_ES","og_type":"article","og_title":"Primeros pasos del nuevo Consejo de Administraci\u00f3n - Fiare Banca Etica","og_description":"En la reuni\u00f3n del 14 de julio, el Consejo de Administraci\u00f3n de Banca Etica debati\u00f3 la creciente complejidad de las actividades de la banca y decidi\u00f3 aplicar una modalidad de trabajo que, por un lado, mejorara la eficacia de la aportaci\u00f3n de cada miembro del consejo y, por el otro, que permitiera realizar un trabajo en equipo. En esta direcci\u00f3n se desarrollaron las primeras l\u00edneas que esbozan el consejo.  &nbsp;","og_url":"https:\/\/www.fiarebancaetica.coop\/ca\/primeros-pasos-del-nuevo-consejo-de-administracion\/","og_site_name":"Fiare Banca Etica","article_published_time":"2016-06-22T22:00:00+00:00","article_modified_time":"2024-02-21T15:06:21+00:00","og_image":[{"width":573,"height":264,"url":"https:\/\/www.fiarebancaetica.coop\/app\/uploads\/sites\/2\/2023\/12\/primeros-pasos-del-nuevo-consejo-de-administracion_0.jpg","type":"image\/jpeg"}],"author":"crispyadmin0","twitter_card":"summary_large_image","schema":{"@context":"https:\/\/schema.org","@graph":[{"@type":"Article","@id":"https:\/\/www.fiarebancaetica.coop\/ca\/primeros-pasos-del-nuevo-consejo-de-administracion\/#article","isPartOf":{"@id":"https:\/\/www.fiarebancaetica.coop\/ca\/primeros-pasos-del-nuevo-consejo-de-administracion\/"},"author":{"name":"crispyadmin0","@id":"https:\/\/www.fiarebancaetica.coop\/ca\/#\/schema\/person\/579841e89c804b5db05d9141bd9b8272"},"headline":"Primeros pasos del nuevo Consejo de Administraci\u00f3n","datePublished":"2016-06-22T22:00:00+00:00","dateModified":"2024-02-21T15:06:21+00:00","mainEntityOfPage":{"@id":"https:\/\/www.fiarebancaetica.coop\/ca\/primeros-pasos-del-nuevo-consejo-de-administracion\/"},"wordCount":1751,"commentCount":0,"image":{"@id":"https:\/\/www.fiarebancaetica.coop\/ca\/primeros-pasos-del-nuevo-consejo-de-administracion\/#primaryimage"},"thumbnailUrl":"https:\/\/www.fiarebancaetica.coop\/app\/uploads\/sites\/2\/2023\/12\/primeros-pasos-del-nuevo-consejo-de-administracion_0.jpg","articleSection":["Finances \u00e8tiques"],"inLanguage":"ca","potentialAction":[{"@type":"CommentAction","name":"Comment","target":["https:\/\/www.fiarebancaetica.coop\/ca\/primeros-pasos-del-nuevo-consejo-de-administracion\/#respond"]}]},{"@type":"WebPage","@id":"https:\/\/www.fiarebancaetica.coop\/ca\/primeros-pasos-del-nuevo-consejo-de-administracion\/","url":"https:\/\/www.fiarebancaetica.coop\/ca\/primeros-pasos-del-nuevo-consejo-de-administracion\/","name":"Primeros pasos del nuevo Consejo de Administraci\u00f3n - Fiare Banca Etica","isPartOf":{"@id":"https:\/\/www.fiarebancaetica.coop\/ca\/#website"},"primaryImageOfPage":{"@id":"https:\/\/www.fiarebancaetica.coop\/ca\/primeros-pasos-del-nuevo-consejo-de-administracion\/#primaryimage"},"image":{"@id":"https:\/\/www.fiarebancaetica.coop\/ca\/primeros-pasos-del-nuevo-consejo-de-administracion\/#primaryimage"},"thumbnailUrl":"https:\/\/www.fiarebancaetica.coop\/app\/uploads\/sites\/2\/2023\/12\/primeros-pasos-del-nuevo-consejo-de-administracion_0.jpg","datePublished":"2016-06-22T22:00:00+00:00","dateModified":"2024-02-21T15:06:21+00:00","author":{"@id":"https:\/\/www.fiarebancaetica.coop\/ca\/#\/schema\/person\/579841e89c804b5db05d9141bd9b8272"},"breadcrumb":{"@id":"https:\/\/www.fiarebancaetica.coop\/ca\/primeros-pasos-del-nuevo-consejo-de-administracion\/#breadcrumb"},"inLanguage":"ca","potentialAction":[{"@type":"ReadAction","target":["https:\/\/www.fiarebancaetica.coop\/ca\/primeros-pasos-del-nuevo-consejo-de-administracion\/"]}]},{"@type":"ImageObject","inLanguage":"ca","@id":"https:\/\/www.fiarebancaetica.coop\/ca\/primeros-pasos-del-nuevo-consejo-de-administracion\/#primaryimage","url":"https:\/\/www.fiarebancaetica.coop\/app\/uploads\/sites\/2\/2023\/12\/primeros-pasos-del-nuevo-consejo-de-administracion_0.jpg","contentUrl":"https:\/\/www.fiarebancaetica.coop\/app\/uploads\/sites\/2\/2023\/12\/primeros-pasos-del-nuevo-consejo-de-administracion_0.jpg","width":573,"height":264},{"@type":"BreadcrumbList","@id":"https:\/\/www.fiarebancaetica.coop\/ca\/primeros-pasos-del-nuevo-consejo-de-administracion\/#breadcrumb","itemListElement":[{"@type":"ListItem","position":1,"name":"Home","item":"https:\/\/www.fiarebancaetica.coop\/ca\/"},{"@type":"ListItem","position":2,"name":"Primeros pasos del nuevo Consejo de Administraci\u00f3n"}]},{"@type":"WebSite","@id":"https:\/\/www.fiarebancaetica.coop\/ca\/#website","url":"https:\/\/www.fiarebancaetica.coop\/ca\/","name":"Fiare Banca Etica","description":"","potentialAction":[{"@type":"SearchAction","target":{"@type":"EntryPoint","urlTemplate":"https:\/\/www.fiarebancaetica.coop\/ca\/?s={search_term_string}"},"query-input":{"@type":"PropertyValueSpecification","valueRequired":true,"valueName":"search_term_string"}}],"inLanguage":"ca"},{"@type":"Person","@id":"https:\/\/www.fiarebancaetica.coop\/ca\/#\/schema\/person\/579841e89c804b5db05d9141bd9b8272","name":"crispyadmin0","image":{"@type":"ImageObject","inLanguage":"ca","@id":"https:\/\/www.fiarebancaetica.coop\/ca\/#\/schema\/person\/image\/5f3a6b7786f32f4c35bd2b1a5a4698ea","url":"https:\/\/secure.gravatar.com\/avatar\/4d2cfb499d497b6d49da659fab7404b243a87fe8e40d2cf97a1cae48f677f5b2?s=96&d=mm&r=g","contentUrl":"https:\/\/secure.gravatar.com\/avatar\/4d2cfb499d497b6d49da659fab7404b243a87fe8e40d2cf97a1cae48f677f5b2?s=96&d=mm&r=g","caption":"crispyadmin0"},"sameAs":["crispyadmin0"]}]}},"_links":{"self":[{"href":"https:\/\/www.fiarebancaetica.coop\/ca\/wp-json\/wp\/v2\/posts\/346042","targetHints":{"allow":["GET"]}}],"collection":[{"href":"https:\/\/www.fiarebancaetica.coop\/ca\/wp-json\/wp\/v2\/posts"}],"about":[{"href":"https:\/\/www.fiarebancaetica.coop\/ca\/wp-json\/wp\/v2\/types\/post"}],"author":[{"embeddable":true,"href":"https:\/\/www.fiarebancaetica.coop\/ca\/wp-json\/wp\/v2\/users\/2"}],"replies":[{"embeddable":true,"href":"https:\/\/www.fiarebancaetica.coop\/ca\/wp-json\/wp\/v2\/comments?post=346042"}],"version-history":[{"count":2,"href":"https:\/\/www.fiarebancaetica.coop\/ca\/wp-json\/wp\/v2\/posts\/346042\/revisions"}],"predecessor-version":[{"id":353375,"href":"https:\/\/www.fiarebancaetica.coop\/ca\/wp-json\/wp\/v2\/posts\/346042\/revisions\/353375"}],"wp:featuredmedia":[{"embeddable":true,"href":"https:\/\/www.fiarebancaetica.coop\/ca\/wp-json\/wp\/v2\/media\/324691"}],"wp:attachment":[{"href":"https:\/\/www.fiarebancaetica.coop\/ca\/wp-json\/wp\/v2\/media?parent=346042"}],"wp:term":[{"taxonomy":"category","embeddable":true,"href":"https:\/\/www.fiarebancaetica.coop\/ca\/wp-json\/wp\/v2\/categories?post=346042"},{"taxonomy":"post_tag","embeddable":true,"href":"https:\/\/www.fiarebancaetica.coop\/ca\/wp-json\/wp\/v2\/tags?post=346042"},{"taxonomy":"author","embeddable":true,"href":"https:\/\/www.fiarebancaetica.coop\/ca\/wp-json\/wp\/v2\/coauthors?post=346042"}],"curies":[{"name":"wp","href":"https:\/\/api.w.org\/{rel}","templated":true}]}}