{"id":346133,"date":"2016-03-23T00:00:00","date_gmt":"2016-03-22T23:00:00","guid":{"rendered":"https:\/\/www.fiarebancaetica.coop\/asambleas-locales-de-las-circunscripciones-de-socios-as-de-fiare\/"},"modified":"2024-02-21T16:02:04","modified_gmt":"2024-02-21T15:02:04","slug":"asambleas-locales-de-las-circunscripciones-de-socios-as-de-fiare","status":"publish","type":"post","link":"https:\/\/www.fiarebancaetica.coop\/ca\/asambleas-locales-de-las-circunscripciones-de-socios-as-de-fiare\/","title":{"rendered":"Asambleas locales de las circunscripciones de socios\/as de Fiare"},"content":{"rendered":"\n\n<div class=\"wp-block-bancaetica-blocks-blocks-block-49\">\n    <div class=\"container-block-49\">\n\n        <div class=\"header-section \">\n                            <h1 class=\"section-title\"> Etica e cooperativa <\/h1>\n                                            <\/div>\n\n        \n        <div class=\"block-background\" style=\"background-image: url('https:\/\/www.fiarebancaetica.coop\/app\/uploads\/sites\/2\/2023\/12\/as-de-fiare.jpg')\">\n                            <div class=\"tile\">\n                    <h1 class=\"image-title\"> Asambleas locales de las circunscripciones de socios\/as de Fiare <\/h1>\n                <\/div>             <!-- end .tile -->\n            <div class=\"bottom-content\">\n                            <\/div> <!-- end .button-content -->\n        <\/div> <!-- end .block-background -->\n    <\/div> <!-- end .container -->\n<\/div> <!-- end wp-block-bancaetica-blocks-blocks-block-06 -->\n\n\n<div class=\"wrapper-crispybacon-class wrapper-crispybacon-class-boxed \">\n    <p><strong>Estas son algunas de las fechas para participar en las asambleas locales de socios y socias de Fiare Banca Etica<\/strong><\/p>\n<p>En las asambleas locales, aquellas personas socias que no puedan participar en la Asamblea General del 21.05.2016 y que no creen que vayan a utilizar la posibilidad de \u00abvotar a distancia\u00bb, <strong>pueden entregar sus poderes a los socios y socias que s\u00ed participar\u00e1n<\/strong>.<br \/>\n\t<br \/>\n\tPor lo tanto, se recomienda a los socios y socias que conserven el modelo de poder que recibir\u00e1n con el BancanotE y que lo lleven a su Asamblea Local. Os recordamos que el Art\u00edculo 26 de los Estatutos establece que solo tienen derecho a participar en la Asamblea quienes lleven inscritos\/as en el libro de socios\/as por lo menos 90 d\u00edas o bien desde el 30 de enero de 2016.<\/p>\n<p><a href=\"#mad\">Git Madrid<\/a><br \/>\n\t<a href=\"#and\">Git Andaluc\u00eda Oriental<\/a><br \/>\n\t<a href=\"#VAL\">Git Alacant, Val\u00e8ncia, Castell\u00f3<\/a><br \/>\n\t<a href=\"#GAL SUR\">Git Galiza Sur<\/a><br \/>\n\t<a href=\"#ARA\">Git Arag\u00f3n<\/a><br \/>\n\t<a href=\"#CYL\">Git Castilla y Le\u00f3n<\/a><br \/>\n\t<a href=\"#ARABA\">Git Araba<\/a><\/p>\n<p>&nbsp;<\/p>\n<h2>\n\t<a id=\"mad\" name=\"mad\"><\/a>GIT MADRID<\/h2>\n<p><br \/>\n\t<strong>Jueves 17 de marzo 2016<br \/>\n\t18 h. &#8211; Sede: Savia Solar, calle Escuadra 11, Madrid<\/strong><\/p>\n<p><br \/>\n\t<strong>Orden del d\u00eda:<\/strong><br \/>\n\t1. Aprobaci\u00f3n del acta anterior<br \/>\n\t2. Aprobaci\u00f3n de nuevos miembros del GIT y de la comisi\u00f3n \u00e9tica<br \/>\n\t3. Actividades de la Asociaci\u00f3n Fiare Zona Centro<br \/>\n\t4. Informaci\u00f3n sobre la operativa bancaria y la dotaci\u00f3n de personal para la zona<br \/>\n\tCentro Sur por parte de Juan Garibi, Director General de Fiare Banca Etica<br \/>\n\t5. Varios<\/p>\n<p><br \/>\n\t<strong>Coordinadora:<\/strong> Camino Villanueva<br \/>\n\tMail: caminovillanueva@yahoo.es &#8211; Tel\u00e9fono: 628925847<\/p>\n<h2>\n\t<a id=\"and\" name=\"and\"><\/a>GIT ANDALUC\u00cdA ORIENTAL<\/h2>\n<p><strong>S\u00e1bado 7 de Mayo 2016<br \/>\n\t10.30-13. h.- Sede: Escolapios de Granada; Paseo de los Basilios 2, 18008 Granada<\/strong><\/p>\n<p>El orden del dia :<\/p>\n<p>&nbsp;1.- Informaciones del momento actual de Fiare Banca \u00c9tica<\/p>\n<ul>\n\t<li>\n\t\tVisi\u00f3n general, logros y dificultades.<\/li>\n\t<li>\n\t\t&nbsp;Estado del traspaso de capital<\/li>\n\t<li>\n\t\t&nbsp;Productos y servicios.<\/li>\n\t<li>\n\t\t&nbsp;Retos.<\/li>\n<\/ul>\n<p>2.- Informaci\u00f3n sobre Proceso electoral<\/p>\n<ul>\n\t<li>\n\t\tLista participativa<\/li>\n\t<li>\n\t\tLista aut\u00f3noma<\/li>\n\t<li>\n\t\t&nbsp;Listado de candidatos\/as individuales<\/li>\n<\/ul>\n<p>3.- Preparaci\u00f3n de la participaci\u00f3n en la Asamblea General de Banca \u00c9tica (BpE)<\/p>\n<ul>\n\t<li>\n\t\t&nbsp;Formas de participar en la Asamblea<\/li>\n\t<li>\n\t\t&nbsp;Preinscripci\u00f3n<\/li>\n\t<li>\n\t\tInformaciones: asistencia e inscripci\u00f3n, alojamiento, viaje, etc.<\/li>\n<\/ul>\n<p>4.- Ruegos y preguntas<\/p>\n<p><br \/>\n\t<strong>Coordinador: <\/strong>Ernesto Ju\u00e1rez&nbsp;<br \/>\n\tMail: andaluciaoriental@proyectofiare.com &#8211; Tel\u00e9fono: 633 849 568<\/p>\n<p><br \/>\n\t&nbsp;<\/p>\n<h2>\n\t<a id=\"VAL\" name=\"VAL\"><\/a>GIT ALACANT, VAL\u00c8NCIA I CASTELL\u00d3<\/h2>\n<p><strong>Jueves 7 de Abril de&nbsp; 2016<br \/>\n\t18 h. (a confirmar) &#8211; Sede: ACOEC, Avenida del Puerto 201, 2n, 46022 Valencia<\/strong><\/p>\n<p><br \/>\n\t<strong>Orden del d\u00eda (provisional):<\/strong><br \/>\n\t1. Preparaci\u00f3n asamblea Madrid 21 de mayo<br \/>\n\t2. Estado de operativa y informaci\u00f3n sobre traspaso de capital<br \/>\n\t3. Varios (participaci\u00f3n, ferias, etc&#8230;)<br \/>\n\t<br \/>\n\t<strong>Coordinador:<\/strong> Ram\u00f3n Cardona Pla<br \/>\n\tMail: cardonapla@gmail.com &#8211; Tel\u00e9fono: 609 87 91 31<\/p>\n<h2>\n\t<a name=\"GAL SUR\"><\/a>GIT GALIZA SUR<\/h2>\n<p><strong>S\u00e1bado 16 de abril 2016<br \/>\n\tHora 10:30 h. &#8211; Sede: PROCLADE, calle Honduras 7, bajo, Vigo<\/strong><\/p>\n<p><br \/>\n\t<strong>Orden del d\u00eda:<\/strong><br \/>\n\t<strong>10:30<\/strong> Caf\u00e9 de bienvenida<br \/>\n\t<strong>11:00<\/strong> AQU\u00cd ESTAMOS Informaciones generales sobre la situaci\u00f3n actual en Comunicaci\u00f3n, Operativa, Sociocultural y Participaci\u00f3n a cargo de 4 responsables<br \/>\n\t<strong>12:30<\/strong> PARTICIP\u00d3DROMO &#8211; Taller en el que intentaremos recuperar la ilusi\u00f3n y la participaci\u00f3n de las socias de cara al futuro<br \/>\n\t<strong>13:30<\/strong> T\u00da LO HACES POSIBLE!- Presentaci\u00f3n de &#8220;A tenda da gata&#8221; la \u00faltima realidad que ha sido financiada por FiareBE en Galiza Sur y presentaci\u00f3n de 4 entidades socias del esta zona (Amarelante. Arela, Comunidad de Montes de Couso y Abertal)&nbsp; para que en 10 minutos expliquen que hacen y porqu\u00e9 son socias de Fiare<br \/>\n\t<strong>14:30&nbsp;<\/strong>Comida compartida. Despedida y cierre.<br \/>\n\t<br \/>\n\t<strong>Coordinadora:<\/strong> Cachi Vilo<br \/>\n\tMail: cachivilo@gmail.com &#8211; Tel\u00e9fono: 629 86 16 56<\/p>\n<h2>\n\t<a id=\"ARA\" name=\"ARA\"><\/a>GIT ARAG\u00d3N<\/h2>\n<p><strong>Lunes 9 de Mayo 2016<br \/>\n\t18 h. (a confirmar) &#8211; Sede: Centro Pignatelli, P\u00ba Constituci\u00f3n 6 E 50008 Zaragoza <\/strong><\/p>\n<p><strong>Orden del d\u00eda (provisional):<\/strong><br \/>\n\t1. Preparaci\u00f3n asamblea Madrid 21 de mayo<br \/>\n\t2. Informaci\u00f3n Jornadas de Econom\u00eda Solidaria de Arag\u00f3n que se celebran en junio<br \/>\n\t3. Estado general de operativa y informaci\u00f3n sobre traspaso de capital<br \/>\n\t4. Varios<br \/>\n\t<br \/>\n\t<strong>Coordinador:<\/strong> Francisco Mall\u00e9n<br \/>\n\tMail: jfmallen@gmail.com &#8211; Tel\u00e9fono: 627 91 80 02<\/p>\n<h2>\n\t<a id=\"CYL\" name=\"CYL\"><\/a>GIT CASTILLA Y LE\u00d3N<\/h2>\n<p><strong>S\u00e1bado 11 de Junio<br \/>\n\t10 h. &#8211; Sede: PRAE, Calle Ca\u00f1ada Real, 306, 47008 Valladolid<\/strong><\/p>\n<p><br \/>\n\t<strong>Orden del d\u00eda:<\/strong><br \/>\n\t1. Informaci\u00f3n de los socios sobre el proceso de incorporaci\u00f3n a BPE<br \/>\n\t2. Cr\u00e9ditos tramitados en el territorio<br \/>\n\t3. Informaci\u00f3n sobre participaci\u00f3n, charlas, ferias, etc&#8230;<br \/>\n\t4. Valoraci\u00f3n sobre la asamblea de 21 de mayo<br \/>\n\t<br \/>\n\t<strong>Coordinador<\/strong>: Javier Mena<br \/>\n\tMail: francisco.javier.mena@hotmail.com &#8211; Tel\u00e9fono: 626 53 12 30<\/p>\n<h2>\n\t<a id=\"ARABA\" name=\"ARABA\"><\/a>GIT ARABA<\/h2>\n<p><strong>Jueves 16 de 2016<br \/>\n\t19 h.(provisional) &#8211; Sede: Locales ALBOAN,<br \/>\n\tCalle del Monse\u00f1or Estenaga, 1, 01002 Vitoria-Gasteiz, Araba<\/strong><\/p>\n<p><br \/>\n\t<strong>Orden del d\u00eda:<\/strong><br \/>\n\t1. Presentaci\u00f3n actividades del GIT del primer semestre del a\u00f1o. Nuevos socios y colaboradores. Situaci\u00f3n del traspaso<br \/>\n\t2. Valoraci\u00f3n asamblea de Madrid de 21 de mayo.<br \/>\n\t3. Actividades previstas para el segundo semestre del a\u00f1o<br \/>\n\t4. Ruegos y preguntas<br \/>\n\t<br \/>\n\t<strong>Coordinador: <\/strong>Fran Izquierdo<br \/>\n\tMail: araba@proyectofiare.com &#8211; Tel\u00e9fono: 637 710 488<\/p>\n<p>&nbsp;<\/p>\n<p>M\u00e1s informaci\u00f3n sobre los Grupos de Iniciativa Territorial de tu zona en:<\/p>\n<p><a href=\"http:\/\/www.fiarebancaetica.coop\/git\">www.fiarebancaetica.coop\/git<\/a><\/p>\n<\/div>","protected":false},"excerpt":{"rendered":"<p>Estas son algunas de las fechas para participar en las asambleas locales de socios y socias de Fiare Banca Etica<\/p>\n<p>En las asambleas locales, aquellas personas socias que no puedan participar en la Asamblea General del 21.05.2016 y que no creen que vayan a utilizar la posibilidad de \u00abvotar a distancia\u00bb, pueden entregar sus poderes a los socios y socias que s\u00edparticipar\u00e1n.<br \/>\n\tPor lo tanto, se recomienda a los socios y socias que conserven el modelo de poder que recibir\u00e1n con el BancanotE y que lo lleven a su Asamblea Local. Os recordamos que el Art\u00edculo 26 de los Estatutos establece que solo tienen derecho a participar en la Asamblea quienes lleven inscritos\/as en el libro de socios\/as por lo menos 90 d\u00edas o bien desde el 30 de enero de 2016.<\/p>\n<p>&nbsp;<\/p>\n","protected":false},"author":2,"featured_media":324619,"comment_status":"open","ping_status":"closed","sticky":false,"template":"","format":"standard","meta":{"_acf_changed":false,"footnotes":""},"categories":[11643],"tags":[],"coauthors":[],"class_list":["post-346133","post","type-post","status-publish","format-standard","has-post-thumbnail","hentry","category-finances-etiques"],"acf":[],"yoast_head":"<!-- This site is optimized with the Yoast SEO plugin v26.9 - https:\/\/yoast.com\/product\/yoast-seo-wordpress\/ -->\n<title>Asambleas locales de las circunscripciones de socios\/as de Fiare - Fiare Banca Etica<\/title>\n<meta name=\"robots\" content=\"index, follow, max-snippet:-1, max-image-preview:large, max-video-preview:-1\" \/>\n<link rel=\"canonical\" href=\"https:\/\/www.fiarebancaetica.coop\/ca\/asambleas-locales-de-las-circunscripciones-de-socios-as-de-fiare\/\" \/>\n<meta property=\"og:locale\" content=\"ca_ES\" \/>\n<meta property=\"og:type\" content=\"article\" \/>\n<meta property=\"og:title\" content=\"Asambleas locales de las circunscripciones de socios\/as de Fiare - Fiare Banca Etica\" \/>\n<meta property=\"og:description\" content=\"Estas son algunas de las fechas para participar en las asambleas locales de socios y socias de Fiare Banca Etica En las asambleas locales, aquellas personas socias que no puedan participar en la Asamblea General del 21.05.2016 y que no creen que vayan a utilizar la posibilidad de \u00abvotar a distancia\u00bb, pueden entregar sus poderes a los socios y socias que s\u00edparticipar\u00e1n. Por lo tanto, se recomienda a los socios y socias que conserven el modelo de poder que recibir\u00e1n con el BancanotE y que lo lleven a su Asamblea Local. Os recordamos que el Art\u00edculo 26 de los Estatutos establece que solo tienen derecho a participar en la Asamblea quienes lleven inscritos\/as en el libro de socios\/as por lo menos 90 d\u00edas o bien desde el 30 de enero de 2016. &nbsp;\" \/>\n<meta property=\"og:url\" content=\"https:\/\/www.fiarebancaetica.coop\/ca\/asambleas-locales-de-las-circunscripciones-de-socios-as-de-fiare\/\" \/>\n<meta property=\"og:site_name\" content=\"Fiare Banca Etica\" \/>\n<meta property=\"article:published_time\" content=\"2016-03-22T23:00:00+00:00\" \/>\n<meta property=\"article:modified_time\" content=\"2024-02-21T15:02:04+00:00\" \/>\n<meta property=\"og:image\" content=\"https:\/\/www.fiarebancaetica.coop\/app\/uploads\/sites\/2\/2023\/12\/as-de-fiare.jpg\" \/>\n\t<meta property=\"og:image:width\" content=\"2230\" \/>\n\t<meta property=\"og:image:height\" content=\"1169\" \/>\n\t<meta property=\"og:image:type\" content=\"image\/jpeg\" \/>\n<meta name=\"author\" content=\"crispyadmin0\" \/>\n<meta name=\"twitter:card\" content=\"summary_large_image\" \/>\n<script type=\"application\/ld+json\" class=\"yoast-schema-graph\">{\"@context\":\"https:\/\/schema.org\",\"@graph\":[{\"@type\":\"Article\",\"@id\":\"https:\/\/www.fiarebancaetica.coop\/ca\/asambleas-locales-de-las-circunscripciones-de-socios-as-de-fiare\/#article\",\"isPartOf\":{\"@id\":\"https:\/\/www.fiarebancaetica.coop\/ca\/asambleas-locales-de-las-circunscripciones-de-socios-as-de-fiare\/\"},\"author\":{\"name\":\"crispyadmin0\",\"@id\":\"https:\/\/www.fiarebancaetica.coop\/ca\/#\/schema\/person\/579841e89c804b5db05d9141bd9b8272\"},\"headline\":\"Asambleas locales de las circunscripciones de socios\/as de Fiare\",\"datePublished\":\"2016-03-22T23:00:00+00:00\",\"dateModified\":\"2024-02-21T15:02:04+00:00\",\"mainEntityOfPage\":{\"@id\":\"https:\/\/www.fiarebancaetica.coop\/ca\/asambleas-locales-de-las-circunscripciones-de-socios-as-de-fiare\/\"},\"wordCount\":794,\"commentCount\":0,\"image\":{\"@id\":\"https:\/\/www.fiarebancaetica.coop\/ca\/asambleas-locales-de-las-circunscripciones-de-socios-as-de-fiare\/#primaryimage\"},\"thumbnailUrl\":\"https:\/\/www.fiarebancaetica.coop\/app\/uploads\/sites\/2\/2023\/12\/as-de-fiare.jpg\",\"articleSection\":[\"Finances \u00e8tiques\"],\"inLanguage\":\"ca\",\"potentialAction\":[{\"@type\":\"CommentAction\",\"name\":\"Comment\",\"target\":[\"https:\/\/www.fiarebancaetica.coop\/ca\/asambleas-locales-de-las-circunscripciones-de-socios-as-de-fiare\/#respond\"]}]},{\"@type\":\"WebPage\",\"@id\":\"https:\/\/www.fiarebancaetica.coop\/ca\/asambleas-locales-de-las-circunscripciones-de-socios-as-de-fiare\/\",\"url\":\"https:\/\/www.fiarebancaetica.coop\/ca\/asambleas-locales-de-las-circunscripciones-de-socios-as-de-fiare\/\",\"name\":\"Asambleas locales de las circunscripciones de socios\/as de Fiare - Fiare Banca Etica\",\"isPartOf\":{\"@id\":\"https:\/\/www.fiarebancaetica.coop\/ca\/#website\"},\"primaryImageOfPage\":{\"@id\":\"https:\/\/www.fiarebancaetica.coop\/ca\/asambleas-locales-de-las-circunscripciones-de-socios-as-de-fiare\/#primaryimage\"},\"image\":{\"@id\":\"https:\/\/www.fiarebancaetica.coop\/ca\/asambleas-locales-de-las-circunscripciones-de-socios-as-de-fiare\/#primaryimage\"},\"thumbnailUrl\":\"https:\/\/www.fiarebancaetica.coop\/app\/uploads\/sites\/2\/2023\/12\/as-de-fiare.jpg\",\"datePublished\":\"2016-03-22T23:00:00+00:00\",\"dateModified\":\"2024-02-21T15:02:04+00:00\",\"author\":{\"@id\":\"https:\/\/www.fiarebancaetica.coop\/ca\/#\/schema\/person\/579841e89c804b5db05d9141bd9b8272\"},\"breadcrumb\":{\"@id\":\"https:\/\/www.fiarebancaetica.coop\/ca\/asambleas-locales-de-las-circunscripciones-de-socios-as-de-fiare\/#breadcrumb\"},\"inLanguage\":\"ca\",\"potentialAction\":[{\"@type\":\"ReadAction\",\"target\":[\"https:\/\/www.fiarebancaetica.coop\/ca\/asambleas-locales-de-las-circunscripciones-de-socios-as-de-fiare\/\"]}]},{\"@type\":\"ImageObject\",\"inLanguage\":\"ca\",\"@id\":\"https:\/\/www.fiarebancaetica.coop\/ca\/asambleas-locales-de-las-circunscripciones-de-socios-as-de-fiare\/#primaryimage\",\"url\":\"https:\/\/www.fiarebancaetica.coop\/app\/uploads\/sites\/2\/2023\/12\/as-de-fiare.jpg\",\"contentUrl\":\"https:\/\/www.fiarebancaetica.coop\/app\/uploads\/sites\/2\/2023\/12\/as-de-fiare.jpg\",\"width\":2230,\"height\":1169},{\"@type\":\"BreadcrumbList\",\"@id\":\"https:\/\/www.fiarebancaetica.coop\/ca\/asambleas-locales-de-las-circunscripciones-de-socios-as-de-fiare\/#breadcrumb\",\"itemListElement\":[{\"@type\":\"ListItem\",\"position\":1,\"name\":\"Home\",\"item\":\"https:\/\/www.fiarebancaetica.coop\/ca\/\"},{\"@type\":\"ListItem\",\"position\":2,\"name\":\"Asambleas locales de las circunscripciones de socios\/as de Fiare\"}]},{\"@type\":\"WebSite\",\"@id\":\"https:\/\/www.fiarebancaetica.coop\/ca\/#website\",\"url\":\"https:\/\/www.fiarebancaetica.coop\/ca\/\",\"name\":\"Fiare Banca Etica\",\"description\":\"\",\"potentialAction\":[{\"@type\":\"SearchAction\",\"target\":{\"@type\":\"EntryPoint\",\"urlTemplate\":\"https:\/\/www.fiarebancaetica.coop\/ca\/?s={search_term_string}\"},\"query-input\":{\"@type\":\"PropertyValueSpecification\",\"valueRequired\":true,\"valueName\":\"search_term_string\"}}],\"inLanguage\":\"ca\"},{\"@type\":\"Person\",\"@id\":\"https:\/\/www.fiarebancaetica.coop\/ca\/#\/schema\/person\/579841e89c804b5db05d9141bd9b8272\",\"name\":\"crispyadmin0\",\"image\":{\"@type\":\"ImageObject\",\"inLanguage\":\"ca\",\"@id\":\"https:\/\/www.fiarebancaetica.coop\/ca\/#\/schema\/person\/image\/5f3a6b7786f32f4c35bd2b1a5a4698ea\",\"url\":\"https:\/\/secure.gravatar.com\/avatar\/4d2cfb499d497b6d49da659fab7404b243a87fe8e40d2cf97a1cae48f677f5b2?s=96&d=mm&r=g\",\"contentUrl\":\"https:\/\/secure.gravatar.com\/avatar\/4d2cfb499d497b6d49da659fab7404b243a87fe8e40d2cf97a1cae48f677f5b2?s=96&d=mm&r=g\",\"caption\":\"crispyadmin0\"},\"sameAs\":[\"crispyadmin0\"]}]}<\/script>\n<!-- \/ Yoast SEO plugin. -->","yoast_head_json":{"title":"Asambleas locales de las circunscripciones de socios\/as de Fiare - Fiare Banca Etica","robots":{"index":"index","follow":"follow","max-snippet":"max-snippet:-1","max-image-preview":"max-image-preview:large","max-video-preview":"max-video-preview:-1"},"canonical":"https:\/\/www.fiarebancaetica.coop\/ca\/asambleas-locales-de-las-circunscripciones-de-socios-as-de-fiare\/","og_locale":"ca_ES","og_type":"article","og_title":"Asambleas locales de las circunscripciones de socios\/as de Fiare - Fiare Banca Etica","og_description":"Estas son algunas de las fechas para participar en las asambleas locales de socios y socias de Fiare Banca Etica En las asambleas locales, aquellas personas socias que no puedan participar en la Asamblea General del 21.05.2016 y que no creen que vayan a utilizar la posibilidad de \u00abvotar a distancia\u00bb, pueden entregar sus poderes a los socios y socias que s\u00edparticipar\u00e1n. Por lo tanto, se recomienda a los socios y socias que conserven el modelo de poder que recibir\u00e1n con el BancanotE y que lo lleven a su Asamblea Local. Os recordamos que el Art\u00edculo 26 de los Estatutos establece que solo tienen derecho a participar en la Asamblea quienes lleven inscritos\/as en el libro de socios\/as por lo menos 90 d\u00edas o bien desde el 30 de enero de 2016. &nbsp;","og_url":"https:\/\/www.fiarebancaetica.coop\/ca\/asambleas-locales-de-las-circunscripciones-de-socios-as-de-fiare\/","og_site_name":"Fiare Banca Etica","article_published_time":"2016-03-22T23:00:00+00:00","article_modified_time":"2024-02-21T15:02:04+00:00","og_image":[{"width":2230,"height":1169,"url":"https:\/\/www.fiarebancaetica.coop\/app\/uploads\/sites\/2\/2023\/12\/as-de-fiare.jpg","type":"image\/jpeg"}],"author":"crispyadmin0","twitter_card":"summary_large_image","schema":{"@context":"https:\/\/schema.org","@graph":[{"@type":"Article","@id":"https:\/\/www.fiarebancaetica.coop\/ca\/asambleas-locales-de-las-circunscripciones-de-socios-as-de-fiare\/#article","isPartOf":{"@id":"https:\/\/www.fiarebancaetica.coop\/ca\/asambleas-locales-de-las-circunscripciones-de-socios-as-de-fiare\/"},"author":{"name":"crispyadmin0","@id":"https:\/\/www.fiarebancaetica.coop\/ca\/#\/schema\/person\/579841e89c804b5db05d9141bd9b8272"},"headline":"Asambleas locales de las circunscripciones de socios\/as de Fiare","datePublished":"2016-03-22T23:00:00+00:00","dateModified":"2024-02-21T15:02:04+00:00","mainEntityOfPage":{"@id":"https:\/\/www.fiarebancaetica.coop\/ca\/asambleas-locales-de-las-circunscripciones-de-socios-as-de-fiare\/"},"wordCount":794,"commentCount":0,"image":{"@id":"https:\/\/www.fiarebancaetica.coop\/ca\/asambleas-locales-de-las-circunscripciones-de-socios-as-de-fiare\/#primaryimage"},"thumbnailUrl":"https:\/\/www.fiarebancaetica.coop\/app\/uploads\/sites\/2\/2023\/12\/as-de-fiare.jpg","articleSection":["Finances \u00e8tiques"],"inLanguage":"ca","potentialAction":[{"@type":"CommentAction","name":"Comment","target":["https:\/\/www.fiarebancaetica.coop\/ca\/asambleas-locales-de-las-circunscripciones-de-socios-as-de-fiare\/#respond"]}]},{"@type":"WebPage","@id":"https:\/\/www.fiarebancaetica.coop\/ca\/asambleas-locales-de-las-circunscripciones-de-socios-as-de-fiare\/","url":"https:\/\/www.fiarebancaetica.coop\/ca\/asambleas-locales-de-las-circunscripciones-de-socios-as-de-fiare\/","name":"Asambleas locales de las circunscripciones de socios\/as de Fiare - Fiare Banca Etica","isPartOf":{"@id":"https:\/\/www.fiarebancaetica.coop\/ca\/#website"},"primaryImageOfPage":{"@id":"https:\/\/www.fiarebancaetica.coop\/ca\/asambleas-locales-de-las-circunscripciones-de-socios-as-de-fiare\/#primaryimage"},"image":{"@id":"https:\/\/www.fiarebancaetica.coop\/ca\/asambleas-locales-de-las-circunscripciones-de-socios-as-de-fiare\/#primaryimage"},"thumbnailUrl":"https:\/\/www.fiarebancaetica.coop\/app\/uploads\/sites\/2\/2023\/12\/as-de-fiare.jpg","datePublished":"2016-03-22T23:00:00+00:00","dateModified":"2024-02-21T15:02:04+00:00","author":{"@id":"https:\/\/www.fiarebancaetica.coop\/ca\/#\/schema\/person\/579841e89c804b5db05d9141bd9b8272"},"breadcrumb":{"@id":"https:\/\/www.fiarebancaetica.coop\/ca\/asambleas-locales-de-las-circunscripciones-de-socios-as-de-fiare\/#breadcrumb"},"inLanguage":"ca","potentialAction":[{"@type":"ReadAction","target":["https:\/\/www.fiarebancaetica.coop\/ca\/asambleas-locales-de-las-circunscripciones-de-socios-as-de-fiare\/"]}]},{"@type":"ImageObject","inLanguage":"ca","@id":"https:\/\/www.fiarebancaetica.coop\/ca\/asambleas-locales-de-las-circunscripciones-de-socios-as-de-fiare\/#primaryimage","url":"https:\/\/www.fiarebancaetica.coop\/app\/uploads\/sites\/2\/2023\/12\/as-de-fiare.jpg","contentUrl":"https:\/\/www.fiarebancaetica.coop\/app\/uploads\/sites\/2\/2023\/12\/as-de-fiare.jpg","width":2230,"height":1169},{"@type":"BreadcrumbList","@id":"https:\/\/www.fiarebancaetica.coop\/ca\/asambleas-locales-de-las-circunscripciones-de-socios-as-de-fiare\/#breadcrumb","itemListElement":[{"@type":"ListItem","position":1,"name":"Home","item":"https:\/\/www.fiarebancaetica.coop\/ca\/"},{"@type":"ListItem","position":2,"name":"Asambleas locales de las circunscripciones de socios\/as de Fiare"}]},{"@type":"WebSite","@id":"https:\/\/www.fiarebancaetica.coop\/ca\/#website","url":"https:\/\/www.fiarebancaetica.coop\/ca\/","name":"Fiare Banca Etica","description":"","potentialAction":[{"@type":"SearchAction","target":{"@type":"EntryPoint","urlTemplate":"https:\/\/www.fiarebancaetica.coop\/ca\/?s={search_term_string}"},"query-input":{"@type":"PropertyValueSpecification","valueRequired":true,"valueName":"search_term_string"}}],"inLanguage":"ca"},{"@type":"Person","@id":"https:\/\/www.fiarebancaetica.coop\/ca\/#\/schema\/person\/579841e89c804b5db05d9141bd9b8272","name":"crispyadmin0","image":{"@type":"ImageObject","inLanguage":"ca","@id":"https:\/\/www.fiarebancaetica.coop\/ca\/#\/schema\/person\/image\/5f3a6b7786f32f4c35bd2b1a5a4698ea","url":"https:\/\/secure.gravatar.com\/avatar\/4d2cfb499d497b6d49da659fab7404b243a87fe8e40d2cf97a1cae48f677f5b2?s=96&d=mm&r=g","contentUrl":"https:\/\/secure.gravatar.com\/avatar\/4d2cfb499d497b6d49da659fab7404b243a87fe8e40d2cf97a1cae48f677f5b2?s=96&d=mm&r=g","caption":"crispyadmin0"},"sameAs":["crispyadmin0"]}]}},"_links":{"self":[{"href":"https:\/\/www.fiarebancaetica.coop\/ca\/wp-json\/wp\/v2\/posts\/346133","targetHints":{"allow":["GET"]}}],"collection":[{"href":"https:\/\/www.fiarebancaetica.coop\/ca\/wp-json\/wp\/v2\/posts"}],"about":[{"href":"https:\/\/www.fiarebancaetica.coop\/ca\/wp-json\/wp\/v2\/types\/post"}],"author":[{"embeddable":true,"href":"https:\/\/www.fiarebancaetica.coop\/ca\/wp-json\/wp\/v2\/users\/2"}],"replies":[{"embeddable":true,"href":"https:\/\/www.fiarebancaetica.coop\/ca\/wp-json\/wp\/v2\/comments?post=346133"}],"version-history":[{"count":1,"href":"https:\/\/www.fiarebancaetica.coop\/ca\/wp-json\/wp\/v2\/posts\/346133\/revisions"}],"predecessor-version":[{"id":353328,"href":"https:\/\/www.fiarebancaetica.coop\/ca\/wp-json\/wp\/v2\/posts\/346133\/revisions\/353328"}],"wp:featuredmedia":[{"embeddable":true,"href":"https:\/\/www.fiarebancaetica.coop\/ca\/wp-json\/wp\/v2\/media\/324619"}],"wp:attachment":[{"href":"https:\/\/www.fiarebancaetica.coop\/ca\/wp-json\/wp\/v2\/media?parent=346133"}],"wp:term":[{"taxonomy":"category","embeddable":true,"href":"https:\/\/www.fiarebancaetica.coop\/ca\/wp-json\/wp\/v2\/categories?post=346133"},{"taxonomy":"post_tag","embeddable":true,"href":"https:\/\/www.fiarebancaetica.coop\/ca\/wp-json\/wp\/v2\/tags?post=346133"},{"taxonomy":"author","embeddable":true,"href":"https:\/\/www.fiarebancaetica.coop\/ca\/wp-json\/wp\/v2\/coauthors?post=346133"}],"curies":[{"name":"wp","href":"https:\/\/api.w.org\/{rel}","templated":true}]}}