{"id":346169,"date":"2016-02-25T00:00:00","date_gmt":"2016-02-24T23:00:00","guid":{"rendered":"https:\/\/www.fiarebancaetica.coop\/asamblea-de-socios-as-2016-los-candidatos-y-candidatas-a-la-lista-participativa\/"},"modified":"2024-02-21T16:02:37","modified_gmt":"2024-02-21T15:02:37","slug":"asamblea-de-socios-as-2016-los-candidatos-y-candidatas-a-la-lista-participativa","status":"publish","type":"post","link":"https:\/\/www.fiarebancaetica.coop\/ca\/asamblea-de-socios-as-2016-los-candidatos-y-candidatas-a-la-lista-participativa\/","title":{"rendered":"Asamblea de socios\/as 2016: los candidatos y candidatas a la lista participativa"},"content":{"rendered":"\n\n<div class=\"wp-block-bancaetica-blocks-blocks-block-49\">\n    <div class=\"container-block-49\">\n\n        <div class=\"header-section \">\n                            <h1 class=\"section-title\"> Etica e cooperativa <\/h1>\n                                            <\/div>\n\n        \n        <div class=\"block-background\" style=\"background-image: url('https:\/\/www.fiarebancaetica.coop\/app\/uploads\/sites\/2\/2023\/12\/as-2016-los-candidatos-y-candidatas-lista-participativa.jpg')\">\n                            <div class=\"tile\">\n                    <h1 class=\"image-title\"> Asamblea de socios\/as 2016: los candidatos y candidatas a la lista participativa <\/h1>\n                <\/div>             <!-- end .tile -->\n            <div class=\"bottom-content\">\n                            <\/div> <!-- end .button-content -->\n        <\/div> <!-- end .block-background -->\n    <\/div> <!-- end .container -->\n<\/div> <!-- end wp-block-bancaetica-blocks-blocks-block-06 -->\n\n\n<div class=\"wrapper-crispybacon-class wrapper-crispybacon-class-boxed \">\n    <p><a href=\"#catala\">Catal\u00e0<\/a><br \/>\n\t<a href=\"#galego\">Galego<\/a><br \/>\n\t<a href=\"#eus\">Euskera<\/a><\/p>\n<p>&nbsp;<\/p>\n<p>El pasado 10 de febrero finalizaron los plazos de presentaci\u00f3n de candidaturas a la Lista Participativa; en este post publicamos la relaci\u00f3n de candidatos y candidatas as\u00ed como una noticia del <strong>Comit\u00e9 Promotor de la Lista \u00abCon Biggeri por la Banca Etica\u00bb.<\/strong><\/p>\n<h2>\n\t<strong>Relaci\u00f3n de candidatos\/as<\/strong><\/h2>\n<p>Esta es la relaci\u00f3n de candidatos\/as, sus curr\u00edculums y las invitaciones al voto que han querido enviarnos, en formato texto o v\u00eddeo:<\/p>\n<ul>\n\t<li>\n\t\t<strong>Andrea Baranes &#8211;<\/strong> <a href=\"https:\/\/www.fiarebancaetica.coop\/sites\/fiarebancaetica.com\/files\/web\/Baranes-cas.pdf\">curr\u00edculum <\/a>&#8211; <a href=\"http:\/\/www.bancaetica.it\/sites\/bancaetica.it\/files\/web\/la-banca\/Chi-siamo\/Assemblea%20dei%20soci\/Assemblea%20dei%20soci%202016\/Candidati%20alla%20lista%20partecipativa\/presentazioni%20candidature\/Assemblea2016_Baranes.pdf\" target=\"_blank\" rel=\"noopener\">presentaci\u00f3n de su candidatura (en italiano)<\/a><\/li>\n\t<li>\n\t\t<strong>Maurizio Bianchetti <\/strong>&#8211; <a href=\"https:\/\/www.fiarebancaetica.coop\/sites\/fiarebancaetica.com\/files\/web\/curriculum%20maurizio%20bianchetti%20ALLEGATO2_mod_CV_ListaA_ListaP_def-cas.pdf\">curr\u00edculum<\/a> &#8211; <a href=\"http:\/\/www.bancaetica.it\/sites\/bancaetica.it\/files\/web\/la-banca\/Chi-siamo\/Assemblea%20dei%20soci\/Assemblea%20dei%20soci%202016\/Candidati%20alla%20lista%20partecipativa\/presentazioni%20candidature\/lettera%20ai%20soci%20maurizio%20bianchetti.pdf\" target=\"_blank\" rel=\"noopener\">presentaci\u00f3n de su candidatura (en italiano)<\/a><\/li>\n\t<li>\n\t\t<strong>Marco Bianchi <\/strong>&#8211; <a href=\"https:\/\/www.fiarebancaetica.coop\/sites\/fiarebancaetica.com\/files\/web\/ALLEGATO2_mod_CV_Bianchi-cas.pdf\">curr\u00edculum<\/a> &#8211; <a href=\"http:\/\/www.bancaetica.it\/sites\/bancaetica.it\/files\/web\/la-banca\/Chi-siamo\/Assemblea%20dei%20soci\/Assemblea%20dei%20soci%202016\/Candidati%20alla%20lista%20partecipativa\/presentazioni%20candidature\/PROGRAMMA%20Bianchi%20Marco%20ITA%20ESP.pdf\" target=\"_blank\" rel=\"noopener\">presentaci\u00f3n de su candidatura<\/a> &#8211; <a href=\"https:\/\/www.youtube.com\/watch?time_continue=3&amp;v=B5aMgYN7yGE\" target=\"_blank\" rel=\"noopener\">v\u00eddeo de presentaci\u00f3n de&nbsp; su candidatura<\/a><\/li>\n\t<li>\n\t\t<strong>Renato Camarda <\/strong>&#8211;<a href=\"https:\/\/www.fiarebancaetica.coop\/sites\/fiarebancaetica.com\/files\/web\/camarda.pdf\"> curr\u00edculum<\/a><\/li>\n\t<li>\n\t\t<strong>Rita De Padova <\/strong>&#8211; <a href=\"https:\/\/www.fiarebancaetica.coop\/sites\/fiarebancaetica.com\/files\/web\/DePadova%20esp.pdf\">curr\u00edculum&nbsp;<\/a><\/li>\n\t<li>\n\t\t<strong>Nicoletta Dentico <\/strong>&#8211; <a href=\"https:\/\/www.fiarebancaetica.coop\/sites\/fiarebancaetica.com\/files\/web\/Dentico%20esp.pdf\">curr\u00edculum<\/a> &#8211; <a href=\"https:\/\/vimeo.com\/155364851\" target=\"_blank\" rel=\"noopener\">v\u00eddeo de presentaci\u00f3n de su candidatura<\/a><\/li>\n\t<li>\n\t\t<strong>Pino di Francesco <\/strong>&#8211; <a href=\"https:\/\/www.fiarebancaetica.coop\/sites\/fiarebancaetica.com\/files\/web\/DiFrancesco%20esp.pdf\">curr\u00edculum<\/a><\/li>\n\t<li>\n\t\t<strong>Anna Fasano <\/strong>&#8211; <a href=\"https:\/\/www.fiarebancaetica.coop\/sites\/fiarebancaetica.com\/files\/web\/Main Menu\/Asamblea personas socias\/asamblea 2016\/es-es-ALLEGATO3_mod_CV_Elenco%20candidati_def_clean_AFasano.pdf\" target=\"_blank\" rel=\"noopener\">curr\u00edculum<\/a><\/li>\n\t<li>\n\t\t<strong>Stefano Magnoni <\/strong>&#8211; <a href=\"https:\/\/www.fiarebancaetica.coop\/sites\/fiarebancaetica.com\/files\/web\/stefano%20magnoni-cas.pdf\">curr\u00edculum<\/a><\/li>\n\t<li>\n\t\t<strong>Giacinto Palladino <\/strong>&#8211; <a href=\"https:\/\/www.fiarebancaetica.coop\/sites\/fiarebancaetica.com\/files\/web\/Palladino%20esp.pdf\">curr\u00edculum<\/a><\/li>\n\t<li>\n\t\t<strong>Mariateresa Ruggiero <\/strong>&#8211; <a href=\"https:\/\/www.fiarebancaetica.coop\/sites\/fiarebancaetica.com\/files\/web\/Main Menu\/Asamblea personas socias\/asamblea 2016\/Mariateresa%20Ruggiero.pdf\" target=\"_blank\" rel=\"noopener\">curr\u00edculum<\/a><\/li>\n\t<li>\n\t\t<strong>Peru Sasia &#8211; <\/strong><a href=\"https:\/\/www.fiarebancaetica.coop\/sites\/fiarebancaetica.com\/files\/web\/Main Menu\/Asamblea personas socias\/asamblea 2016\/ALLEGATO2_mod_CV_SASIA.pdf\" target=\"_blank\" rel=\"noopener\">curr\u00edculum<\/a> &#8211; presentaci\u00f3n de su candidatura &#8211; <a href=\"https:\/\/www.youtube.com\/watch?v=CrNXYewrvfY&amp;feature=youtu.be\">v\u00eddeo de presentaci\u00f3n de su candidatura<\/a><\/li>\n\t<li>\n\t\t<strong>Sabina Siniscalchi <\/strong>&#8211; <a href=\"https:\/\/www.fiarebancaetica.coop\/sites\/fiarebancaetica.com\/files\/web\/Siniscalchi%20esp.pdf\">curr\u00edculum<\/a><\/li>\n\t<li>\n\t\t<strong>Matteo Zagaria<\/strong> &#8211; <a href=\"https:\/\/www.fiarebancaetica.coop\/sites\/fiarebancaetica.com\/files\/web\/Main Menu\/Asamblea personas socias\/asamblea 2016\/Zagaria%20esp.pdf\" target=\"_blank\" rel=\"noopener\">curr\u00edculum<\/a><\/li>\n<\/ul>\n<p><strong>El Comit\u00e9 Promotor de la Lista Participativa ha se\u00f1alado a Ugo Biggeri<\/strong> (curr\u00edculum) <strong>como candidato a presidente,<\/strong> por lo que no ser\u00e1 posible elegirlo en la relaci\u00f3n de candidatos\/as de las votaciones del 4, 5 y 6 de marzo.<\/p>\n<h2>\n\tC\u00f3mo votar<\/h2>\n<p>Los socios y socias podr\u00e1n expresar sus preferencias los pr\u00f3ximos<strong> 4,5 y 6 de marzo<\/strong>. Para votar, bastar\u00e1 con conectarse a la p\u00e1gina <strong><a href=\"http:\/\/www.bancaetica.it\/assemblea\">www.fiarebancaetica.coop\/asamblea<\/a><\/strong> &#8211; provistos\/as del n\u00famero de identificaci\u00f3n fiscal y el c\u00f3digo anagr\u00e1fico (CAG) &#8211; y seguir las instrucciones.<br \/>\n\t<br \/>\n\tTodos los socios y socias de Banca Etica <strong>podr\u00e1n votar online<\/strong> para expresar sus preferencias y presentarse a formar parte de la lista de 9 candidatos\/as que constituir\u00e1n la lista participativa que se presentar\u00e1 a las elecciones del Consejo de Administraci\u00f3n del 21 de mayo de 2016. El Comit\u00e9 Promotor de la Lista Participativa redactar\u00e1 la lista definitiva de los 9 candidatos\/as en base a las preferencias expresadas y respetando los requisitos cualitativos y cuantitativos previstos para la composici\u00f3n del Consejo de Administraci\u00f3n de Banca Etica.<\/p>\n<h2>\n\tNoticia del Comit\u00e9 Promotor de la Lista Participativa<\/h2>\n<p>El <strong>Comit\u00e9 Promotor<\/strong> ha abierto un blog con la direcci\u00f3n: <strong><a href=\"https:\/\/perbancaetica.wordpress.com\/\">https:\/\/perbancaetica.wordpress.com\/<\/a><\/strong>. Se trata de un espacio de debate en el que el Comit\u00e9 incluir\u00e1 las contribuciones de los <strong><a href=\"http:\/\/www.fiarebancaetica.coop\/portadoresas-de-valor\">Portadores\/as de Valor<\/a><\/strong>, los socios y socias y los candidatos\/as.<br \/>\n\tEl Comit\u00e9 adem\u00e1s nos invita a enviar nuestras propias contribuciones al correo electr\u00f3nico <strong><a href=\"mailto:perbancaetica@gmail.com\">perbancaetica@gmail.com<\/a><\/strong>, siguiendo este esquema en la medida de lo posible:<\/p>\n<ul>\n\t<li>\n\t\tmodelo de empresa;<\/li>\n\t<li>\n\t\tmodelo de gobernanza;<\/li>\n\t<li>\n\t\tBanca Etica como grupo bancario;<\/li>\n\t<li>\n\t\tBanca Etica y la dimensi\u00f3n internacional;<\/li>\n\t<li>\n\t\tvarios.<\/li>\n<\/ul>\n<p><a id=\"catala\" name=\"catala\"><\/a>___________________________________________<\/p>\n<h2>\n\tAssemblea de socis\/s\u00f2cies 2016: els candidats i les candidates a la llista participativa<\/h2>\n<p><br \/>\n\tEl passat 10 de febrer van acabar els terminis de presentaci\u00f3 de candidatures a la Llista Participativa; en aquest post publiquem la relaci\u00f3 de candidats i candidates, com tamb\u00e9 una not\u00edcia del <strong>Comit\u00e8 Promotor de la Llista \u00abAmb Biggeri per la Banca \u00c8tica\u00bb.<\/strong><\/p>\n<h2>\n\tRelaci\u00f3 de candidats\/candidates<\/h2>\n<p>Aquesta \u00e9s la relaci\u00f3 de candidates i candidates, els seus curr\u00edculums i les invitacions al vot que ens han volgut enviar, en format text o v\u00eddeo:<\/p>\n<ul>\n\t<li>\n\t\t<strong>Andrea Baranes &#8211;<\/strong> <a href=\"https:\/\/www.fiarebancaetica.coop\/sites\/fiarebancaetica.com\/files\/web\/Baranes-cas.pdf\">curr\u00edculum <\/a>&#8211; <a href=\"http:\/\/www.bancaetica.it\/sites\/bancaetica.it\/files\/web\/la-banca\/Chi-siamo\/Assemblea%20dei%20soci\/Assemblea%20dei%20soci%202016\/Candidati%20alla%20lista%20partecipativa\/presentazioni%20candidature\/Assemblea2016_Baranes.pdf\" target=\"_blank\" rel=\"noopener\">presentaci\u00f3n de su candidatura (en italiano)<\/a><\/li>\n\t<li>\n\t\t<strong>Maurizio Bianchetti <\/strong>&#8211; <a href=\"https:\/\/www.fiarebancaetica.coop\/sites\/fiarebancaetica.com\/files\/web\/curriculum%20maurizio%20bianchetti%20ALLEGATO2_mod_CV_ListaA_ListaP_def-cas.pdf\">curr\u00edculum<\/a> &#8211; <a href=\"http:\/\/www.bancaetica.it\/sites\/bancaetica.it\/files\/web\/la-banca\/Chi-siamo\/Assemblea%20dei%20soci\/Assemblea%20dei%20soci%202016\/Candidati%20alla%20lista%20partecipativa\/presentazioni%20candidature\/lettera%20ai%20soci%20maurizio%20bianchetti.pdf\" target=\"_blank\" rel=\"noopener\">presentaci\u00f3n de su candidatura (en italiano)<\/a><\/li>\n\t<li>\n\t\t<strong>Marco Bianchi <\/strong>&#8211; <a href=\"https:\/\/www.fiarebancaetica.coop\/sites\/fiarebancaetica.com\/files\/web\/ALLEGATO2_mod_CV_Bianchi-cas.pdf\">curr\u00edculum<\/a> &#8211; <a href=\"http:\/\/www.bancaetica.it\/sites\/bancaetica.it\/files\/web\/la-banca\/Chi-siamo\/Assemblea%20dei%20soci\/Assemblea%20dei%20soci%202016\/Candidati%20alla%20lista%20partecipativa\/presentazioni%20candidature\/PROGRAMMA%20Bianchi%20Marco%20ITA%20ESP.pdf\" target=\"_blank\" rel=\"noopener\">presentaci\u00f3n de su candidatura<\/a> &#8211; <a href=\"https:\/\/www.youtube.com\/watch?time_continue=3&amp;v=B5aMgYN7yGE\" target=\"_blank\" rel=\"noopener\">v\u00eddeo de presentaci\u00f3n de&nbsp; su candidatura<\/a><\/li>\n\t<li>\n\t\t<strong>Renato Camarda <\/strong>&#8211;<a href=\"https:\/\/www.fiarebancaetica.coop\/sites\/fiarebancaetica.com\/files\/web\/camarda.pdf\"> curr\u00edculum<\/a><\/li>\n\t<li>\n\t\t<strong>Rita De Padova <\/strong>&#8211; <a href=\"https:\/\/www.fiarebancaetica.coop\/sites\/fiarebancaetica.com\/files\/web\/DePadova%20esp.pdf\">curr\u00edculum&nbsp;<\/a><\/li>\n\t<li>\n\t\t<strong>Nicoletta Dentico <\/strong>&#8211; <a href=\"https:\/\/www.fiarebancaetica.coop\/sites\/fiarebancaetica.com\/files\/web\/Dentico%20esp.pdf\">curr\u00edculum<\/a> &#8211; <a href=\"https:\/\/vimeo.com\/155364851\" target=\"_blank\" rel=\"noopener\">v\u00eddeo de presentaci\u00f3n de su candidatura<\/a><\/li>\n\t<li>\n\t\t<strong>Pino di Francesco <\/strong>&#8211; <a href=\"https:\/\/www.fiarebancaetica.coop\/sites\/fiarebancaetica.com\/files\/web\/DiFrancesco%20esp.pdf\">curr\u00edculum<\/a><\/li>\n\t<li>\n\t\t<strong>Anna Fasano <\/strong>&#8211; <a href=\"https:\/\/www.fiarebancaetica.coop\/sites\/fiarebancaetica.com\/files\/web\/Main Menu\/Asamblea personas socias\/asamblea 2016\/es-es-ALLEGATO3_mod_CV_Elenco%20candidati_def_clean_AFasano.pdf\" target=\"_blank\" rel=\"noopener\">curr\u00edculum<\/a><\/li>\n\t<li>\n\t\t<strong>Stefano Magnoni <\/strong>&#8211; <a href=\"https:\/\/www.fiarebancaetica.coop\/sites\/fiarebancaetica.com\/files\/web\/stefano%20magnoni-cas.pdf\">curr\u00edculum<\/a><\/li>\n\t<li>\n\t\t<strong>Giacinto Palladino <\/strong>&#8211; <a href=\"https:\/\/www.fiarebancaetica.coop\/sites\/fiarebancaetica.com\/files\/web\/Palladino%20esp.pdf\">curr\u00edculum<\/a><\/li>\n\t<li>\n\t\t<strong>Mariateresa Ruggiero <\/strong>&#8211; <a href=\"https:\/\/www.fiarebancaetica.coop\/sites\/fiarebancaetica.com\/files\/web\/Main Menu\/Asamblea personas socias\/asamblea 2016\/Mariateresa%20Ruggiero.pdf\" target=\"_blank\" rel=\"noopener\">curr\u00edculum<\/a><\/li>\n\t<li>\n\t\t<strong>Peru Sasia &#8211; <\/strong><a href=\"https:\/\/www.fiarebancaetica.coop\/sites\/fiarebancaetica.com\/files\/web\/Main Menu\/Asamblea personas socias\/asamblea 2016\/ALLEGATO2_mod_CV_SASIA.pdf\" target=\"_blank\" rel=\"noopener\">curr\u00edculum<\/a> &#8211; presentaci\u00f3n de su candidatura &#8211; <a href=\"https:\/\/www.youtube.com\/watch?v=CrNXYewrvfY&amp;feature=youtu.be\">v\u00eddeo de presentaci\u00f3n de su candidatura<\/a><\/li>\n\t<li>\n\t\t<strong>Sabina Siniscalchi <\/strong>&#8211; <a href=\"https:\/\/www.fiarebancaetica.coop\/sites\/fiarebancaetica.com\/files\/web\/Siniscalchi%20esp.pdf\">curr\u00edculum<\/a><\/li>\n\t<li>\n\t\t<strong>Matteo Zagaria<\/strong> &#8211; <a href=\"https:\/\/www.fiarebancaetica.coop\/sites\/fiarebancaetica.com\/files\/web\/Main Menu\/Asamblea personas socias\/asamblea 2016\/Zagaria%20esp.pdf\" target=\"_blank\" rel=\"noopener\">curr\u00edculum<\/a><\/li>\n<\/ul>\n<p>El <strong>Comit\u00e8 Promotor de la Llista Participativa<\/strong> <strong>ha assenyalat Ugo Biggeri<\/strong> (curr\u00edculum) <strong>com a candidat a president<\/strong>, per la qual cosa no ser\u00e0 possible escollir-lo en la relaci\u00f3 de candidats i candidates de les votacions dels dies 4,5 i 6 de mar\u00e7.<\/p>\n<h2>\n\tCom votar<\/h2>\n<p>Els socis i les s\u00f2cies podran expressar les seves prefer\u00e8ncies els<strong> propers dies 4, 5 i 6 de mar\u00e7<\/strong>. Per votar, n\u2019hi haur\u00e0 prou que es connectin a la p\u00e0gina www.fiarebancaetica.coop\/asamblea tenint a m\u00e0 el n\u00famero d\u2019identificaci\u00f3 fiscal i el codi anagr\u00e0fic (CAG) &#8211; i que segueixin les instruccions.<br \/>\n\t<br \/>\n\tTots els socis i s\u00f2cies de Banca \u00c8tica podran votar on line per expressar les seves prefer\u00e8ncies i presentar-se a formar part de la llista de 9 candidats\/candidates que constituiran la llista participativa que es presentar\u00e0 a les eleccions del Consell d\u2019Administraci\u00f3 del 21 de maig de 2016. El <strong>Comit\u00e8 Promotor de la Llista Participativa<\/strong> redactar\u00e0 la llista definitiva dels 9 candidats\/candidates sobre la base de les prefer\u00e8ncies expressades i respectant els requisits qualitatius i quantitatius previstos per a la composici\u00f3 del Consell d\u2019Administraci\u00f3 de Banca \u00c8tica.<\/p>\n<h2>\n\tNot\u00edcia del Comit\u00e8 Promotor de la Llista Participativa<\/h2>\n<p>El Comit\u00e8 Promotor ha obert un blog amb l\u2019adre\u00e7a seg\u00fcent: <strong><a href=\"https:\/\/perbancaetica.wordpress.com\/\">https:\/\/perbancaetica.wordpress.com\/<\/a><\/strong>. Es tracta d\u2019un espai de debat en el qual el Comit\u00e8 inclour\u00e0 les contribucions dels <strong><a href=\"http:\/\/www.fiarebancaetica.coop\/portadoresas-de-valor\">Portadors\/Portadores de Valor<\/a><\/strong>, els socis i les s\u00f2cies i els candidats i les candidates.<br \/>\n\tEl Comit\u00e8, a m\u00e9s, ens convida a enviar les nostres pr\u00f2pies contribucions a l\u2019adre\u00e7a electr\u00f2nica <strong><a href=\"mailto:perbancaetica@gmail.com\">perbancaetica@gmail.com<\/a><\/strong>, seguint aquest esquema en la mesura que sigui possible:<\/p>\n<ul>\n\t<li>\n\t\tModel d\u2019empresa;<\/li>\n\t<li>\n\t\t&nbsp;Model de governan\u00e7a;<\/li>\n\t<li>\n\t\tBanca \u00c8tica com a grup bancari;<\/li>\n\t<li>\n\t\tBanca \u00c8tica i la dimensi\u00f3 internacional;<\/li>\n\t<li>\n\t\tAltres.<\/li>\n<\/ul>\n<p><a id=\"galego\" name=\"galego\">_________________________________<\/a><\/p>\n<h2>\n\tAsemblea de Persoas Socias 2016: os candidatos e candidatas \u00e1 lista participativa<\/h2>\n<p><br \/>\n\tO pasado 10 de febreiro finalizaron os prazos de presentaci\u00f3n de candidaturas \u00e1 Lista Participativa; neste post publicamos a relaci\u00f3n de candidatos e candidatas as\u00ed como unha nova do <strong>Comit\u00e9 Promotor da Lista \u00abCon Biggeri pola Banca Etica\u00bb<\/strong>.<\/p>\n<h2>\n\t<br \/>\n\tRelaci\u00f3n de candidatos\/as<\/h2>\n<p>Esta \u00e9 a relaci\u00f3n de candidatos\/as, os seus curr\u00edculos e as invitaci\u00f3ns ao voto que quixeron enviarnos, en formato texto ou v\u00eddeo:<\/p>\n<ul>\n\t<li>\n\t\t<strong>Andrea Baranes &#8211;<\/strong> <a href=\"https:\/\/www.fiarebancaetica.coop\/sites\/fiarebancaetica.com\/files\/web\/Baranes-cas.pdf\">curr\u00edculum <\/a>&#8211; <a href=\"http:\/\/www.bancaetica.it\/sites\/bancaetica.it\/files\/web\/la-banca\/Chi-siamo\/Assemblea%20dei%20soci\/Assemblea%20dei%20soci%202016\/Candidati%20alla%20lista%20partecipativa\/presentazioni%20candidature\/Assemblea2016_Baranes.pdf\" target=\"_blank\" rel=\"noopener\">presentaci\u00f3n de su candidatura (en italiano)<\/a><\/li>\n\t<li>\n\t\t<strong>Maurizio Bianchetti <\/strong>&#8211; <a href=\"https:\/\/www.fiarebancaetica.coop\/sites\/fiarebancaetica.com\/files\/web\/curriculum%20maurizio%20bianchetti%20ALLEGATO2_mod_CV_ListaA_ListaP_def-cas.pdf\">curr\u00edculum<\/a> &#8211; <a href=\"http:\/\/www.bancaetica.it\/sites\/bancaetica.it\/files\/web\/la-banca\/Chi-siamo\/Assemblea%20dei%20soci\/Assemblea%20dei%20soci%202016\/Candidati%20alla%20lista%20partecipativa\/presentazioni%20candidature\/lettera%20ai%20soci%20maurizio%20bianchetti.pdf\" target=\"_blank\" rel=\"noopener\">presentaci\u00f3n de su candidatura (en italiano)<\/a><\/li>\n\t<li>\n\t\t<strong>Marco Bianchi <\/strong>&#8211; <a href=\"https:\/\/www.fiarebancaetica.coop\/sites\/fiarebancaetica.com\/files\/web\/ALLEGATO2_mod_CV_Bianchi-cas.pdf\">curr\u00edculum<\/a> &#8211; <a href=\"http:\/\/www.bancaetica.it\/sites\/bancaetica.it\/files\/web\/la-banca\/Chi-siamo\/Assemblea%20dei%20soci\/Assemblea%20dei%20soci%202016\/Candidati%20alla%20lista%20partecipativa\/presentazioni%20candidature\/PROGRAMMA%20Bianchi%20Marco%20ITA%20ESP.pdf\" target=\"_blank\" rel=\"noopener\">presentaci\u00f3n de su candidatura<\/a> &#8211; <a href=\"https:\/\/www.youtube.com\/watch?time_continue=3&amp;v=B5aMgYN7yGE\" target=\"_blank\" rel=\"noopener\">v\u00eddeo de presentaci\u00f3n de&nbsp; su candidatura<\/a><\/li>\n\t<li>\n\t\t<strong>Renato Camarda <\/strong>&#8211;<a href=\"https:\/\/www.fiarebancaetica.coop\/sites\/fiarebancaetica.com\/files\/web\/camarda.pdf\"> curr\u00edculum<\/a><\/li>\n\t<li>\n\t\t<strong>Rita De Padova <\/strong>&#8211; <a href=\"https:\/\/www.fiarebancaetica.coop\/sites\/fiarebancaetica.com\/files\/web\/DePadova%20esp.pdf\">curr\u00edculum&nbsp;<\/a><\/li>\n\t<li>\n\t\t<strong>Nicoletta Dentico <\/strong>&#8211; <a href=\"https:\/\/www.fiarebancaetica.coop\/sites\/fiarebancaetica.com\/files\/web\/Dentico%20esp.pdf\">curr\u00edculum<\/a> &#8211; <a href=\"https:\/\/vimeo.com\/155364851\" target=\"_blank\" rel=\"noopener\">v\u00eddeo de presentaci\u00f3n de su candidatura<\/a><\/li>\n\t<li>\n\t\t<strong>Pino di Francesco <\/strong>&#8211; <a href=\"https:\/\/www.fiarebancaetica.coop\/sites\/fiarebancaetica.com\/files\/web\/DiFrancesco%20esp.pdf\">curr\u00edculum<\/a><\/li>\n\t<li>\n\t\t<strong>Anna Fasano <\/strong>&#8211; <a href=\"https:\/\/www.fiarebancaetica.coop\/sites\/fiarebancaetica.com\/files\/web\/Main Menu\/Asamblea personas socias\/asamblea 2016\/es-es-ALLEGATO3_mod_CV_Elenco%20candidati_def_clean_AFasano.pdf\" target=\"_blank\" rel=\"noopener\">curr\u00edculum<\/a><\/li>\n\t<li>\n\t\t<strong>Stefano Magnoni <\/strong>&#8211; <a href=\"https:\/\/www.fiarebancaetica.coop\/sites\/fiarebancaetica.com\/files\/web\/stefano%20magnoni-cas.pdf\">curr\u00edculum<\/a><\/li>\n\t<li>\n\t\t<strong>Giacinto Palladino <\/strong>&#8211; <a href=\"https:\/\/www.fiarebancaetica.coop\/sites\/fiarebancaetica.com\/files\/web\/Palladino%20esp.pdf\">curr\u00edculum<\/a><\/li>\n\t<li>\n\t\t<strong>Mariateresa Ruggiero <\/strong>&#8211; <a href=\"https:\/\/www.fiarebancaetica.coop\/sites\/fiarebancaetica.com\/files\/web\/Main Menu\/Asamblea personas socias\/asamblea 2016\/Mariateresa%20Ruggiero.pdf\" target=\"_blank\" rel=\"noopener\">curr\u00edculum<\/a><\/li>\n\t<li>\n\t\t<strong>Peru Sasia &#8211; <\/strong><a href=\"https:\/\/www.fiarebancaetica.coop\/sites\/fiarebancaetica.com\/files\/web\/Main Menu\/Asamblea personas socias\/asamblea 2016\/ALLEGATO2_mod_CV_SASIA.pdf\" target=\"_blank\" rel=\"noopener\">curr\u00edculum<\/a> &#8211; presentaci\u00f3n de su candidatura &#8211; <a href=\"https:\/\/www.youtube.com\/watch?v=CrNXYewrvfY&amp;feature=youtu.be\">v\u00eddeo de presentaci\u00f3n de su candidatura<\/a><\/li>\n\t<li>\n\t\t<strong>Sabina Siniscalchi <\/strong>&#8211; <a href=\"https:\/\/www.fiarebancaetica.coop\/sites\/fiarebancaetica.com\/files\/web\/Siniscalchi%20esp.pdf\">curr\u00edculum<\/a><\/li>\n\t<li>\n\t\t<strong>Matteo Zagaria<\/strong> &#8211; <a href=\"https:\/\/www.fiarebancaetica.coop\/sites\/fiarebancaetica.com\/files\/web\/Main Menu\/Asamblea personas socias\/asamblea 2016\/Zagaria%20esp.pdf\" target=\"_blank\" rel=\"noopener\">curr\u00edculum<\/a><\/li>\n<\/ul>\n<p>O Comit\u00e9 Promotor da Lista Participativa sinalou a Ugo Biggeri (curr\u00edculo) como candidato a presidente, polo que non ser\u00e1 posible elixilo na relaci\u00f3n de candidatos\/as das votaci\u00f3ns do 4, 5 e 6 de marzo.<\/p>\n<p><a id=\"eus\" name=\"eus\"><\/a>__________________________________________<\/p>\n<p>&nbsp;<\/p>\n<h2>\n\t2016ko bazkideen biltzarra: parte-hartze zerrendarako hautagaiak<\/h2>\n<p>Otsailaren 10ean amaitu zen parte-hartze zerrendarako hautagaitzak aurkezteko epea. Post honetan hautagaien zerrenda argitaratuko dugu, bai eta \u00abCon Biggeri por la Banca Etica\u00bb zerrendaren Batzorde Sustatzailearen berri bat ere.<\/p>\n<h2>\n\t<br \/>\n\tHautagaien zerrenda<\/h2>\n<p>Hona hemen hautagaien zerrenda, horien curriculumak eta testu- edo bideo-formatuan bidali nahi izan dizkiguten botorako gonbidapenak ere:<\/p>\n<ul>\n\t<li>\n\t\tAndrea Baranes &#8211; <a href=\"http:\/\/www.fiarebancaetica.coop\/sites\/fiarebancaetica.com\/files\/web\/Baranes-cas.pdf\">curriculuma<\/a> &#8211; <a href=\"http:\/\/www.bancaetica.it\/sites\/bancaetica.it\/files\/web\/la-banca\/Chi-siamo\/Assemblea%20dei%20soci\/Assemblea%20dei%20soci%202016\/Candidati%20alla%20lista%20partecipativa\/presentazioni%20candidature\/Assemblea2016_Baranes.pdf\">hautagaitzaren aurkezpena.<\/a><\/li>\n\t<li>\n\t\t&nbsp;Maurizio Bianchetti &#8211; <a href=\"http:\/\/www.fiarebancaetica.coop\/sites\/fiarebancaetica.com\/files\/web\/curriculum%20maurizio%20bianchetti%20ALLEGATO2_mod_CV_ListaA_ListaP_def-cas.pdf\">curriculuma<\/a> &#8211; <a href=\"http:\/\/www.bancaetica.it\/sites\/bancaetica.it\/files\/web\/la-banca\/Chi-siamo\/Assemblea%20dei%20soci\/Assemblea%20dei%20soci%202016\/Candidati%20alla%20lista%20partecipativa\/presentazioni%20candidature\/lettera%20ai%20soci%20maurizio%20bianchetti.pdf\">hautagaitzaren aurkezpena.<\/a><\/li>\n\t<li>\n\t\tMarco Bianchi &#8211; <a href=\"http:\/\/www.fiarebancaetica.coop\/sites\/fiarebancaetica.com\/files\/web\/ALLEGATO2_mod_CV_Bianchi-cas.pdf\">curriculuma <\/a>&#8211; <a href=\"http:\/\/www.bancaetica.it\/sites\/bancaetica.it\/files\/web\/la-banca\/Chi-siamo\/Assemblea%20dei%20soci\/Assemblea%20dei%20soci%202016\/Candidati%20alla%20lista%20partecipativa\/presentazioni%20candidature\/PROGRAMMA%20Bianchi%20Marco%20ITA%20ESP.pdf\">hautagaitzaren aurkezpena<\/a> &#8211; <a href=\"http:\/\/www.bancaetica.it\/sites\/bancaetica.it\/files\/web\/la-banca\/Chi-siamo\/Assemblea%20dei%20soci\/Assemblea%20dei%20soci%202016\/Candidati%20alla%20lista%20partecipativa\/presentazioni%20candidature\/lettera%20ai%20soci%20maurizio%20bianchetti.pdf\">hautagaitzaren aurkezpen-bideoa.<\/a><\/li>\n\t<li>\n\t\t&nbsp;Renato Camarda &#8211; <a href=\"http:\/\/www.fiarebancaetica.coop\/sites\/fiarebancaetica.com\/files\/web\/camarda.pdf\">curriculuma.<\/a><\/li>\n\t<li>\n\t\tRita De Padova &#8211; <a href=\"https:\/\/www.fiarebancaetica.coop\/sites\/fiarebancaetica.com\/files\/web\/DePadova%20esp.pdf\">curriculuma.<\/a><\/li>\n\t<li>\n\t\tNicoletta Dentico &#8211;<a href=\"http:\/\/www.fiarebancaetica.coop\/sites\/fiarebancaetica.com\/files\/web\/Dentico%20esp.pdf\"> curriculuma <\/a>&#8211; <a href=\"http:\/\/vimeo.com\/155364851\">hautagaitzaren aurkezpen-bideoa.<\/a><\/li>\n\t<li>\n\t\tPino di Francesco &#8211; <a href=\"http:\/\/www.fiarebancaetica.coop\/sites\/fiarebancaetica.com\/files\/web\/DiFrancesco%20esp.pdf\">curriculuma.<\/a><\/li>\n\t<li>\n\t\tAnna Fasano &#8211;<a href=\"http:\/\/www.fiarebancaetica.coop\/sites\/fiarebancaetica.com\/files\/web\/Main%20Menu\/Asamblea%20personas%20socias\/asamblea%202016\/es-es-ALLEGATO3_mod_CV_Elenco%20candidati_def_clean_AFasano.pdf\"> curriculuma.<\/a><\/li>\n\t<li>\n\t\tStefano Magnoni &#8211; <a href=\"https:\/\/www.fiarebancaetica.coop\/sites\/fiarebancaetica.com\/files\/web\/stefano%20magnoni-cas.pdf\">curriculuma<\/a>.<\/li>\n\t<li>\n\t\tGiacinto Palladino &#8211; <a href=\"http:\/\/www.fiarebancaetica.coop\/sites\/fiarebancaetica.com\/files\/web\/Palladino%20esp.pdf\">curriculuma.<\/a><\/li>\n\t<li>\n\t\tMariateresa Ruggiero &#8211; <a href=\"https:\/\/www.fiarebancaetica.coop\/sites\/fiarebancaetica.com\/files\/web\/Main Menu\/Asamblea personas socias\/asamblea 2016\/Mariateresa%20Ruggiero.pdf\">curriculuma.<\/a><\/li>\n\t<li>\n\t\tPeru Sasia &#8211; <a href=\"http:\/\/www.fiarebancaetica.coop\/sites\/fiarebancaetica.com\/files\/web\/Main%20Menu\/Asamblea%20personas%20socias\/asamblea%202016\/ALLEGATO2_mod_CV_SASIA.pdf\">curriculuma <\/a>&#8211; hautagaitzaren aurkezpena &#8211; <a href=\"http:\/\/www.youtube.com\/watch?v=CrNXYewrvfY&amp;feature=youtu.be\">hautagaitzaren aurkezpen-bideoa.<\/a><\/li>\n\t<li>\n\t\tSabina Siniscalchi &#8211; <a href=\"https:\/\/www.fiarebancaetica.coop\/sites\/fiarebancaetica.com\/files\/web\/stefano%20magnoni-cas.pdf\">curriculuma.<\/a><\/li>\n\t<li>\n\t\tMatteo Zagaria &#8211;<a href=\"https:\/\/www.fiarebancaetica.coop\/sites\/fiarebancaetica.com\/files\/web\/Main Menu\/Asamblea personas socias\/asamblea 2016\/Zagaria%20esp.pdf\"> curriculuma.<\/a><\/li>\n<\/ul>\n<p><strong>Parte-hartze zerrendaren BatzordeSustatzaileak Ugo Biggeri<\/strong>(curriculuma) izendatu du presidente izateko hautagai gisa, eta, beraz, ezingo da hura aukeratu martxoaren 4ko, 5ko eta 6ko bozketetako hautagaien zerrendan.<\/p>\n<h2>\n\tBozkatzeko modua<\/h2>\n<p>Bazkideek beren lehentasunak adierazi ahal izango dituzte martxoaren 4an 5an eta 6an. Bozkatzeko, nahikoa da www.fiarebancaetica.coop\/asamblea web orrian sartzea (identifikazio fiskaleko zenbakiarekin eta erregistro-kodearekin -CAG-) eta argibideei jarraitzea.<br \/>\n\t<br \/>\n\tBanca Eticako bazkide guztiek eman ahal izango dute botoa online beren lehentasunak adierazteko eta beren burua aurkeztu ahal izango dute 9 hautagaien zerrendako kide izateko; kide horiek, hain zuzen, 2016ko maiatzaren 21eko Administrazio Kontseilurako hauteskundeetarako aurkeztuko den parte-hartze zerrenda osatuko dute. Parte-hartze zerrendaren Batzorde Sustatzaileak 9 hautagaien behin betiko zerrenda egingo du, adierazitako lehentasunen arabera eta Banca Eticako Administrazio Kontseilua osatzeko aurreikusitako betebehar kualitatiboak eta kuantitatiboak errespetatuta.<\/p>\n<h2>\n\tParte-hartze zerrendaren Batzorde Sustatzailearen berria<\/h2>\n<p>Batzorde Sustatzaileak blog bat ireki du helbide honetan:<a href=\"https:\/\/perbancaetica.wordpress.com\/\">https:\/\/perbancaetica.wordpress.com\/<\/a>. Eztabaidarako gune bat da, eta Batzordeak balio-emaileen, bazkideen eta hautagaien ekarpenak jasoko ditu bertan.<br \/>\n\tBatzordeak, gainera, gure ekarpenak bidaltzera gonbidatzen gaitu (helbide elektronikoa:<a href=\"mailto: perbancaetica@gmail.com\"> perbancaetica@gmail.com<\/a>), eskema honi jarraituz, ahal den neurrian:<\/p>\n<ul>\n\t<li>\n\t\tenpresa-eredua;<\/li>\n\t<li>\n\t\tgobernantza-eredua;<\/li>\n\t<li>\n\t\tBanca Etica banku-talde gisa;<\/li>\n\t<li>\n\t\tBanca Etica eta nazioarteko dimentsioa;<\/li>\n\t<li>\n\t\tbeste batzuk.<\/li>\n<\/ul>\n<\/div>","protected":false},"excerpt":{"rendered":"<p>El pasado 10 de febrero finalizaron los plazos de presentaci\u00f3n de candidaturas a la Lista Participativa; en este post publicamos la relaci\u00f3n de candidatos y candidatas as\u00ed como una noticia del Comit\u00e9 Promotor de la Lista <strong>\u00abCon Biggeri por la Banca Etica\u00bb.<\/strong><\/p>\n","protected":false},"author":2,"featured_media":324569,"comment_status":"open","ping_status":"closed","sticky":false,"template":"","format":"standard","meta":{"_acf_changed":false,"footnotes":""},"categories":[11643],"tags":[],"coauthors":[],"class_list":["post-346169","post","type-post","status-publish","format-standard","has-post-thumbnail","hentry","category-finances-etiques"],"acf":[],"yoast_head":"<!-- This site is optimized with the Yoast SEO plugin v26.9 - https:\/\/yoast.com\/product\/yoast-seo-wordpress\/ -->\n<title>Asamblea de socios\/as 2016: los candidatos y candidatas a la lista participativa - Fiare Banca Etica<\/title>\n<meta name=\"robots\" content=\"index, follow, max-snippet:-1, max-image-preview:large, max-video-preview:-1\" \/>\n<link rel=\"canonical\" href=\"https:\/\/www.fiarebancaetica.coop\/ca\/asamblea-de-socios-as-2016-los-candidatos-y-candidatas-a-la-lista-participativa\/\" \/>\n<meta property=\"og:locale\" content=\"ca_ES\" \/>\n<meta property=\"og:type\" content=\"article\" \/>\n<meta property=\"og:title\" content=\"Asamblea de socios\/as 2016: los candidatos y candidatas a la lista participativa - Fiare Banca Etica\" \/>\n<meta property=\"og:description\" content=\"El pasado 10 de febrero finalizaron los plazos de presentaci\u00f3n de candidaturas a la Lista Participativa; en este post publicamos la relaci\u00f3n de candidatos y candidatas as\u00ed como una noticia del Comit\u00e9 Promotor de la Lista \u00abCon Biggeri por la Banca Etica\u00bb.\" \/>\n<meta property=\"og:url\" content=\"https:\/\/www.fiarebancaetica.coop\/ca\/asamblea-de-socios-as-2016-los-candidatos-y-candidatas-a-la-lista-participativa\/\" \/>\n<meta property=\"og:site_name\" content=\"Fiare Banca Etica\" \/>\n<meta property=\"article:published_time\" content=\"2016-02-24T23:00:00+00:00\" \/>\n<meta property=\"article:modified_time\" content=\"2024-02-21T15:02:37+00:00\" \/>\n<meta property=\"og:image\" content=\"https:\/\/www.fiarebancaetica.coop\/app\/uploads\/sites\/2\/2023\/12\/as-2016-los-candidatos-y-candidatas-lista-participativa.jpg\" \/>\n\t<meta property=\"og:image:width\" content=\"1638\" \/>\n\t<meta property=\"og:image:height\" content=\"863\" \/>\n\t<meta property=\"og:image:type\" content=\"image\/jpeg\" \/>\n<meta name=\"author\" content=\"crispyadmin0\" \/>\n<meta name=\"twitter:card\" content=\"summary_large_image\" \/>\n<script type=\"application\/ld+json\" class=\"yoast-schema-graph\">{\"@context\":\"https:\/\/schema.org\",\"@graph\":[{\"@type\":\"Article\",\"@id\":\"https:\/\/www.fiarebancaetica.coop\/ca\/asamblea-de-socios-as-2016-los-candidatos-y-candidatas-a-la-lista-participativa\/#article\",\"isPartOf\":{\"@id\":\"https:\/\/www.fiarebancaetica.coop\/ca\/asamblea-de-socios-as-2016-los-candidatos-y-candidatas-a-la-lista-participativa\/\"},\"author\":{\"name\":\"crispyadmin0\",\"@id\":\"https:\/\/www.fiarebancaetica.coop\/ca\/#\/schema\/person\/579841e89c804b5db05d9141bd9b8272\"},\"headline\":\"Asamblea de socios\/as 2016: los candidatos y candidatas a la lista participativa\",\"datePublished\":\"2016-02-24T23:00:00+00:00\",\"dateModified\":\"2024-02-21T15:02:37+00:00\",\"mainEntityOfPage\":{\"@id\":\"https:\/\/www.fiarebancaetica.coop\/ca\/asamblea-de-socios-as-2016-los-candidatos-y-candidatas-a-la-lista-participativa\/\"},\"wordCount\":1582,\"commentCount\":0,\"image\":{\"@id\":\"https:\/\/www.fiarebancaetica.coop\/ca\/asamblea-de-socios-as-2016-los-candidatos-y-candidatas-a-la-lista-participativa\/#primaryimage\"},\"thumbnailUrl\":\"https:\/\/www.fiarebancaetica.coop\/app\/uploads\/sites\/2\/2023\/12\/as-2016-los-candidatos-y-candidatas-lista-participativa.jpg\",\"articleSection\":[\"Finances \u00e8tiques\"],\"inLanguage\":\"ca\",\"potentialAction\":[{\"@type\":\"CommentAction\",\"name\":\"Comment\",\"target\":[\"https:\/\/www.fiarebancaetica.coop\/ca\/asamblea-de-socios-as-2016-los-candidatos-y-candidatas-a-la-lista-participativa\/#respond\"]}]},{\"@type\":\"WebPage\",\"@id\":\"https:\/\/www.fiarebancaetica.coop\/ca\/asamblea-de-socios-as-2016-los-candidatos-y-candidatas-a-la-lista-participativa\/\",\"url\":\"https:\/\/www.fiarebancaetica.coop\/ca\/asamblea-de-socios-as-2016-los-candidatos-y-candidatas-a-la-lista-participativa\/\",\"name\":\"Asamblea de socios\/as 2016: los candidatos y candidatas a la lista participativa - Fiare Banca Etica\",\"isPartOf\":{\"@id\":\"https:\/\/www.fiarebancaetica.coop\/ca\/#website\"},\"primaryImageOfPage\":{\"@id\":\"https:\/\/www.fiarebancaetica.coop\/ca\/asamblea-de-socios-as-2016-los-candidatos-y-candidatas-a-la-lista-participativa\/#primaryimage\"},\"image\":{\"@id\":\"https:\/\/www.fiarebancaetica.coop\/ca\/asamblea-de-socios-as-2016-los-candidatos-y-candidatas-a-la-lista-participativa\/#primaryimage\"},\"thumbnailUrl\":\"https:\/\/www.fiarebancaetica.coop\/app\/uploads\/sites\/2\/2023\/12\/as-2016-los-candidatos-y-candidatas-lista-participativa.jpg\",\"datePublished\":\"2016-02-24T23:00:00+00:00\",\"dateModified\":\"2024-02-21T15:02:37+00:00\",\"author\":{\"@id\":\"https:\/\/www.fiarebancaetica.coop\/ca\/#\/schema\/person\/579841e89c804b5db05d9141bd9b8272\"},\"breadcrumb\":{\"@id\":\"https:\/\/www.fiarebancaetica.coop\/ca\/asamblea-de-socios-as-2016-los-candidatos-y-candidatas-a-la-lista-participativa\/#breadcrumb\"},\"inLanguage\":\"ca\",\"potentialAction\":[{\"@type\":\"ReadAction\",\"target\":[\"https:\/\/www.fiarebancaetica.coop\/ca\/asamblea-de-socios-as-2016-los-candidatos-y-candidatas-a-la-lista-participativa\/\"]}]},{\"@type\":\"ImageObject\",\"inLanguage\":\"ca\",\"@id\":\"https:\/\/www.fiarebancaetica.coop\/ca\/asamblea-de-socios-as-2016-los-candidatos-y-candidatas-a-la-lista-participativa\/#primaryimage\",\"url\":\"https:\/\/www.fiarebancaetica.coop\/app\/uploads\/sites\/2\/2023\/12\/as-2016-los-candidatos-y-candidatas-lista-participativa.jpg\",\"contentUrl\":\"https:\/\/www.fiarebancaetica.coop\/app\/uploads\/sites\/2\/2023\/12\/as-2016-los-candidatos-y-candidatas-lista-participativa.jpg\",\"width\":1638,\"height\":863},{\"@type\":\"BreadcrumbList\",\"@id\":\"https:\/\/www.fiarebancaetica.coop\/ca\/asamblea-de-socios-as-2016-los-candidatos-y-candidatas-a-la-lista-participativa\/#breadcrumb\",\"itemListElement\":[{\"@type\":\"ListItem\",\"position\":1,\"name\":\"Home\",\"item\":\"https:\/\/www.fiarebancaetica.coop\/ca\/\"},{\"@type\":\"ListItem\",\"position\":2,\"name\":\"Asamblea de socios\/as 2016: los candidatos y candidatas a la lista participativa\"}]},{\"@type\":\"WebSite\",\"@id\":\"https:\/\/www.fiarebancaetica.coop\/ca\/#website\",\"url\":\"https:\/\/www.fiarebancaetica.coop\/ca\/\",\"name\":\"Fiare Banca Etica\",\"description\":\"\",\"potentialAction\":[{\"@type\":\"SearchAction\",\"target\":{\"@type\":\"EntryPoint\",\"urlTemplate\":\"https:\/\/www.fiarebancaetica.coop\/ca\/?s={search_term_string}\"},\"query-input\":{\"@type\":\"PropertyValueSpecification\",\"valueRequired\":true,\"valueName\":\"search_term_string\"}}],\"inLanguage\":\"ca\"},{\"@type\":\"Person\",\"@id\":\"https:\/\/www.fiarebancaetica.coop\/ca\/#\/schema\/person\/579841e89c804b5db05d9141bd9b8272\",\"name\":\"crispyadmin0\",\"image\":{\"@type\":\"ImageObject\",\"inLanguage\":\"ca\",\"@id\":\"https:\/\/www.fiarebancaetica.coop\/ca\/#\/schema\/person\/image\/5f3a6b7786f32f4c35bd2b1a5a4698ea\",\"url\":\"https:\/\/secure.gravatar.com\/avatar\/4d2cfb499d497b6d49da659fab7404b243a87fe8e40d2cf97a1cae48f677f5b2?s=96&d=mm&r=g\",\"contentUrl\":\"https:\/\/secure.gravatar.com\/avatar\/4d2cfb499d497b6d49da659fab7404b243a87fe8e40d2cf97a1cae48f677f5b2?s=96&d=mm&r=g\",\"caption\":\"crispyadmin0\"},\"sameAs\":[\"crispyadmin0\"]}]}<\/script>\n<!-- \/ Yoast SEO plugin. -->","yoast_head_json":{"title":"Asamblea de socios\/as 2016: los candidatos y candidatas a la lista participativa - Fiare Banca Etica","robots":{"index":"index","follow":"follow","max-snippet":"max-snippet:-1","max-image-preview":"max-image-preview:large","max-video-preview":"max-video-preview:-1"},"canonical":"https:\/\/www.fiarebancaetica.coop\/ca\/asamblea-de-socios-as-2016-los-candidatos-y-candidatas-a-la-lista-participativa\/","og_locale":"ca_ES","og_type":"article","og_title":"Asamblea de socios\/as 2016: los candidatos y candidatas a la lista participativa - Fiare Banca Etica","og_description":"El pasado 10 de febrero finalizaron los plazos de presentaci\u00f3n de candidaturas a la Lista Participativa; en este post publicamos la relaci\u00f3n de candidatos y candidatas as\u00ed como una noticia del Comit\u00e9 Promotor de la Lista \u00abCon Biggeri por la Banca Etica\u00bb.","og_url":"https:\/\/www.fiarebancaetica.coop\/ca\/asamblea-de-socios-as-2016-los-candidatos-y-candidatas-a-la-lista-participativa\/","og_site_name":"Fiare Banca Etica","article_published_time":"2016-02-24T23:00:00+00:00","article_modified_time":"2024-02-21T15:02:37+00:00","og_image":[{"width":1638,"height":863,"url":"https:\/\/www.fiarebancaetica.coop\/app\/uploads\/sites\/2\/2023\/12\/as-2016-los-candidatos-y-candidatas-lista-participativa.jpg","type":"image\/jpeg"}],"author":"crispyadmin0","twitter_card":"summary_large_image","schema":{"@context":"https:\/\/schema.org","@graph":[{"@type":"Article","@id":"https:\/\/www.fiarebancaetica.coop\/ca\/asamblea-de-socios-as-2016-los-candidatos-y-candidatas-a-la-lista-participativa\/#article","isPartOf":{"@id":"https:\/\/www.fiarebancaetica.coop\/ca\/asamblea-de-socios-as-2016-los-candidatos-y-candidatas-a-la-lista-participativa\/"},"author":{"name":"crispyadmin0","@id":"https:\/\/www.fiarebancaetica.coop\/ca\/#\/schema\/person\/579841e89c804b5db05d9141bd9b8272"},"headline":"Asamblea de socios\/as 2016: los candidatos y candidatas a la lista participativa","datePublished":"2016-02-24T23:00:00+00:00","dateModified":"2024-02-21T15:02:37+00:00","mainEntityOfPage":{"@id":"https:\/\/www.fiarebancaetica.coop\/ca\/asamblea-de-socios-as-2016-los-candidatos-y-candidatas-a-la-lista-participativa\/"},"wordCount":1582,"commentCount":0,"image":{"@id":"https:\/\/www.fiarebancaetica.coop\/ca\/asamblea-de-socios-as-2016-los-candidatos-y-candidatas-a-la-lista-participativa\/#primaryimage"},"thumbnailUrl":"https:\/\/www.fiarebancaetica.coop\/app\/uploads\/sites\/2\/2023\/12\/as-2016-los-candidatos-y-candidatas-lista-participativa.jpg","articleSection":["Finances \u00e8tiques"],"inLanguage":"ca","potentialAction":[{"@type":"CommentAction","name":"Comment","target":["https:\/\/www.fiarebancaetica.coop\/ca\/asamblea-de-socios-as-2016-los-candidatos-y-candidatas-a-la-lista-participativa\/#respond"]}]},{"@type":"WebPage","@id":"https:\/\/www.fiarebancaetica.coop\/ca\/asamblea-de-socios-as-2016-los-candidatos-y-candidatas-a-la-lista-participativa\/","url":"https:\/\/www.fiarebancaetica.coop\/ca\/asamblea-de-socios-as-2016-los-candidatos-y-candidatas-a-la-lista-participativa\/","name":"Asamblea de socios\/as 2016: los candidatos y candidatas a la lista participativa - Fiare Banca Etica","isPartOf":{"@id":"https:\/\/www.fiarebancaetica.coop\/ca\/#website"},"primaryImageOfPage":{"@id":"https:\/\/www.fiarebancaetica.coop\/ca\/asamblea-de-socios-as-2016-los-candidatos-y-candidatas-a-la-lista-participativa\/#primaryimage"},"image":{"@id":"https:\/\/www.fiarebancaetica.coop\/ca\/asamblea-de-socios-as-2016-los-candidatos-y-candidatas-a-la-lista-participativa\/#primaryimage"},"thumbnailUrl":"https:\/\/www.fiarebancaetica.coop\/app\/uploads\/sites\/2\/2023\/12\/as-2016-los-candidatos-y-candidatas-lista-participativa.jpg","datePublished":"2016-02-24T23:00:00+00:00","dateModified":"2024-02-21T15:02:37+00:00","author":{"@id":"https:\/\/www.fiarebancaetica.coop\/ca\/#\/schema\/person\/579841e89c804b5db05d9141bd9b8272"},"breadcrumb":{"@id":"https:\/\/www.fiarebancaetica.coop\/ca\/asamblea-de-socios-as-2016-los-candidatos-y-candidatas-a-la-lista-participativa\/#breadcrumb"},"inLanguage":"ca","potentialAction":[{"@type":"ReadAction","target":["https:\/\/www.fiarebancaetica.coop\/ca\/asamblea-de-socios-as-2016-los-candidatos-y-candidatas-a-la-lista-participativa\/"]}]},{"@type":"ImageObject","inLanguage":"ca","@id":"https:\/\/www.fiarebancaetica.coop\/ca\/asamblea-de-socios-as-2016-los-candidatos-y-candidatas-a-la-lista-participativa\/#primaryimage","url":"https:\/\/www.fiarebancaetica.coop\/app\/uploads\/sites\/2\/2023\/12\/as-2016-los-candidatos-y-candidatas-lista-participativa.jpg","contentUrl":"https:\/\/www.fiarebancaetica.coop\/app\/uploads\/sites\/2\/2023\/12\/as-2016-los-candidatos-y-candidatas-lista-participativa.jpg","width":1638,"height":863},{"@type":"BreadcrumbList","@id":"https:\/\/www.fiarebancaetica.coop\/ca\/asamblea-de-socios-as-2016-los-candidatos-y-candidatas-a-la-lista-participativa\/#breadcrumb","itemListElement":[{"@type":"ListItem","position":1,"name":"Home","item":"https:\/\/www.fiarebancaetica.coop\/ca\/"},{"@type":"ListItem","position":2,"name":"Asamblea de socios\/as 2016: los candidatos y candidatas a la lista participativa"}]},{"@type":"WebSite","@id":"https:\/\/www.fiarebancaetica.coop\/ca\/#website","url":"https:\/\/www.fiarebancaetica.coop\/ca\/","name":"Fiare Banca Etica","description":"","potentialAction":[{"@type":"SearchAction","target":{"@type":"EntryPoint","urlTemplate":"https:\/\/www.fiarebancaetica.coop\/ca\/?s={search_term_string}"},"query-input":{"@type":"PropertyValueSpecification","valueRequired":true,"valueName":"search_term_string"}}],"inLanguage":"ca"},{"@type":"Person","@id":"https:\/\/www.fiarebancaetica.coop\/ca\/#\/schema\/person\/579841e89c804b5db05d9141bd9b8272","name":"crispyadmin0","image":{"@type":"ImageObject","inLanguage":"ca","@id":"https:\/\/www.fiarebancaetica.coop\/ca\/#\/schema\/person\/image\/5f3a6b7786f32f4c35bd2b1a5a4698ea","url":"https:\/\/secure.gravatar.com\/avatar\/4d2cfb499d497b6d49da659fab7404b243a87fe8e40d2cf97a1cae48f677f5b2?s=96&d=mm&r=g","contentUrl":"https:\/\/secure.gravatar.com\/avatar\/4d2cfb499d497b6d49da659fab7404b243a87fe8e40d2cf97a1cae48f677f5b2?s=96&d=mm&r=g","caption":"crispyadmin0"},"sameAs":["crispyadmin0"]}]}},"_links":{"self":[{"href":"https:\/\/www.fiarebancaetica.coop\/ca\/wp-json\/wp\/v2\/posts\/346169","targetHints":{"allow":["GET"]}}],"collection":[{"href":"https:\/\/www.fiarebancaetica.coop\/ca\/wp-json\/wp\/v2\/posts"}],"about":[{"href":"https:\/\/www.fiarebancaetica.coop\/ca\/wp-json\/wp\/v2\/types\/post"}],"author":[{"embeddable":true,"href":"https:\/\/www.fiarebancaetica.coop\/ca\/wp-json\/wp\/v2\/users\/2"}],"replies":[{"embeddable":true,"href":"https:\/\/www.fiarebancaetica.coop\/ca\/wp-json\/wp\/v2\/comments?post=346169"}],"version-history":[{"count":2,"href":"https:\/\/www.fiarebancaetica.coop\/ca\/wp-json\/wp\/v2\/posts\/346169\/revisions"}],"predecessor-version":[{"id":353287,"href":"https:\/\/www.fiarebancaetica.coop\/ca\/wp-json\/wp\/v2\/posts\/346169\/revisions\/353287"}],"wp:featuredmedia":[{"embeddable":true,"href":"https:\/\/www.fiarebancaetica.coop\/ca\/wp-json\/wp\/v2\/media\/324569"}],"wp:attachment":[{"href":"https:\/\/www.fiarebancaetica.coop\/ca\/wp-json\/wp\/v2\/media?parent=346169"}],"wp:term":[{"taxonomy":"category","embeddable":true,"href":"https:\/\/www.fiarebancaetica.coop\/ca\/wp-json\/wp\/v2\/categories?post=346169"},{"taxonomy":"post_tag","embeddable":true,"href":"https:\/\/www.fiarebancaetica.coop\/ca\/wp-json\/wp\/v2\/tags?post=346169"},{"taxonomy":"author","embeddable":true,"href":"https:\/\/www.fiarebancaetica.coop\/ca\/wp-json\/wp\/v2\/coauthors?post=346169"}],"curies":[{"name":"wp","href":"https:\/\/api.w.org\/{rel}","templated":true}]}}