{"id":346239,"date":"2015-10-23T00:00:00","date_gmt":"2015-10-22T22:00:00","guid":{"rendered":"https:\/\/www.fiarebancaetica.coop\/entrevista-a-m-antonia-bartoli-referente-de-la-zona-mediterranea-de-fiare\/"},"modified":"2024-02-21T16:08:20","modified_gmt":"2024-02-21T15:08:20","slug":"entrevista-a-m-antonia-bartoli-referente-de-la-zona-mediterranea-de-fiare","status":"publish","type":"post","link":"https:\/\/www.fiarebancaetica.coop\/ca\/entrevista-a-m-antonia-bartoli-referente-de-la-zona-mediterranea-de-fiare\/","title":{"rendered":"Entrevista a M. Antonia Bartol\u00ed Referente de la zona Mediterr\u00e1nea de Fiare"},"content":{"rendered":"\n\n<div class=\"wp-block-bancaetica-blocks-blocks-block-49\">\n    <div class=\"container-block-49\">\n\n        <div class=\"header-section \">\n                            <h1 class=\"section-title\"> Etica e cooperativa <\/h1>\n                                            <\/div>\n\n        \n        <div class=\"block-background\" style=\"background-image: url('https:\/\/www.fiarebancaetica.coop\/app\/uploads\/sites\/2\/2023\/12\/enrtevista-m.antonia-bartoli-referente-de-zona-mediterranea-de-fiare-banca-etica-scaled.jpg')\">\n                            <div class=\"tile\">\n                    <h1 class=\"image-title\"> Entrevista a M. Antonia Bartol\u00ed Referente de la zona Mediterr\u00e1nea de Fiare <\/h1>\n                <\/div>             <!-- end .tile -->\n            <div class=\"bottom-content\">\n                            <\/div> <!-- end .button-content -->\n        <\/div> <!-- end .block-background -->\n    <\/div> <!-- end .container -->\n<\/div> <!-- end wp-block-bancaetica-blocks-blocks-block-06 -->\n\n\n<div class=\"wrapper-crispybacon-class wrapper-crispybacon-class-boxed \">\n    <p><em>Entrevista realizada con motivo de la Feria de Econom\u00eda Solidaria de Catalu\u00f1a a M. Antonia Bartol\u00ed&nbsp;<\/em><\/p>\n<p><a href=\"#catal\u00e0\">Llegeix l&#8217;entrevista en catal\u00e0<\/a><\/p>\n<h2>\n\t\u00bfQu\u00e9 tipos de proyectos financia la banca \u00e9tica y qu\u00e9 garantias tienen los clientes de donde se invierte su dinero?<\/h2>\n<p>Financiamos proyectos de econom\u00eda solidaria, sobre todo cooperativas y empresas de inserci\u00f3n laboral, pero tambi\u00e9n asociaciones y fundaciones. Los sectores son b\u00e1sicamente cuatro: prioritariamente de intervenci\u00f3n social, pero tambi\u00e9n cooperaci\u00f3n al desarrollo y comercio justo, agroecolog\u00eda y cultura. La inmensa mayor\u00eda son de intervenci\u00f3n social. Sin embargo estos sectores no son compartimentos estancos y hemos financiado otros que simplemente representan modelos de empresa alternativos, de car\u00e1cter democr\u00e1tico y a menudo no lucrativos.<\/p>\n<h2>\n\t\u00bfQu\u00e9 papel cree que juegan las finanzas \u00e9ticas en el desarrollo de la econom\u00eda social y solidaria?&nbsp;<\/h2>\n<p>La vinculaci\u00f3n de la Econom\u00eda Social y Solidaria con la banca \u00e9tica es fundamental. En principio las experiencias de finanzas \u00e9ticas propiamente forman parte de la Economia Social y Solid\u00e0ria. Es decir, comparten&nbsp; sus valores y se gestionan de manera democr\u00e1tica y transparente. De este modo la banca \u00e9tica se convierte en un instrumento b\u00e1sico de la econom\u00eda solidaria. En nuestro caso, el propio sector, sus entidades, empresas y las personas que quieren promover sus valores son adem\u00e1s nuestras socias y as\u00ed juntos&nbsp; trabajamos para cambiar el modelo neoliberal imperante y conseguir una sociedad m\u00e1s justa, solidaria y equitativa.<br \/>\n\tEconom\u00eda social y finanzas \u00e9ticas comparten valores, principios, conceptos y formas de entender el trabajo: la econom\u00eda al servicio de las personas, los principios \u00e9ticos y democr\u00e1ticos aplicados a la econom\u00eda, la voluntad de transformaci\u00f3n social desde la concepci\u00f3n de un modelo socioecon\u00f3mico m\u00e1s redistributivo y equitativo, el trabajo en red y cooperativo&#8230;<\/p>\n<h2>\n\t<br \/>\n\t\u00bfQu\u00e9 valoraci\u00f3n podr\u00edamos hacer del estado actual del sector de finanzas \u00e9ticas en Catalu\u00f1a, en comparaci\u00f3n con el estado espa\u00f1ol y el resto de Europa?<\/h2>\n<p><br \/>\n\tLa verdad es que no tenemos muchos datos agregados del sector. A nivel estatal, los datos publicados por el bar\u00f3metro de las finanzas \u00e9ticas elaborado por FETS, muestran el crecimiento exponencial que la banca \u00e9tica ha tenido los \u00faltimos a\u00f1os.<\/p>\n<p>El crecimiento ha sido muy grande en ahorro y cr\u00e9dito durante unos a\u00f1os en que el sector bancario segu\u00eda la direcci\u00f3n contraria. A d\u00eda de hoy, el ahorro sigue creciendo a buen ritmo pero los sectores sociales tambi\u00e9n est\u00e1n notando la crisis y estos \u00faltimos a\u00f1os la demanda de cr\u00e9dito parece que se est\u00e1 frenando un poco.<\/p>\n<p>En Catalu\u00f1a la situaci\u00f3n es similar, de hecho, aunque no existen datos acumulados, el peso de los datos catalanes a nivel estatal es bastante significativo.<\/p>\n<p>El reto que tenemos en Catalu\u00f1a es la consolidaci\u00f3n de las finanzas \u00e9ticas como un sector estable dentro de nuestro mundo financiero, tal com ocurre en pa\u00edses europeos donde las finanzea \u00e9ticas tienen m\u00e1s trayectoria, como Holanda, Francia o Italia.<\/p>\n<h2>\n\t\u00bfCu\u00e1les son los principales retos de la banca \u00e9tica en los pr\u00f3ximos a\u00f1os?<\/h2>\n<p>El principal es dar un impulso al cr\u00e9dito: trabajar para dar respuesta a iniciativas que buscan otra manera de entender el trabajo, las relaciones laborales, en definitiva buscar un mundo mejor, m\u00e1s justo, solidario y sostenible.<\/p>\n<p>Es nuestra primera misi\u00f3n y tenemos mucho camino por recorrer. En Catalu\u00f1a&nbsp; realizamos m\u00e1s de 50 operaciones cuando a\u00fan \u00e9ramo agentes. En la nueva etapa que hemos iniciado el 2015, ya con establecimiento permanente en Espa\u00f1a (Bilbao), tenemos muchos m\u00e1s instrumentos para incrementar este ritmo y de hecho lo estamos empezando a notar y estamos mejorando mucho en agilidad en la respuesta.<\/p>\n<p>En segundo lugar, queremos ser una alternativa real a la banca convencional, y esto se traduce en normalizar la existencia de la banca \u00e9tica, ofreciendo todos los servicios financieros,&nbsp; d\u00e1ndola a conocer entre la ciudadan\u00eda y convencerla de que su dinero puede dar respuesta a necesidades reales de las personas y de los colectivos m\u00e1s desfavorecidos.<\/p>\n<p>Cada d\u00eda percibimos m\u00e1s la confianza de la gente y de las entidades y empresas de econom\u00eda social y solidaria en la banca \u00e9tica, trabajan cada d\u00eda m\u00e1s con nosotros y tienen m\u00e1s ganas de involucrarse en este proyecto maravilloso de hacer un mundo mejor aportando nuestro peque\u00f1o grano de arena desde Fiare Banca Etica. Esto nos motiva cada d\u00eda a seguir adelante y a dar pasos sabiendo que, a pesar de la notoriedad que est\u00e1n teniendo las finanzas \u00e9ticas en estos tiempos, seguimos nadando a contracorriente..<\/p>\n<h2>\n\t\u00bfQu\u00e9 papel han de tener el tercer sector y el mundo cooperativo en la consolidaci\u00f3n de las finanzas \u00e9ticas?<\/h2>\n<p>La econom\u00eda social y solidaria est\u00e1n invitadas a tener un triple papel: por un lado pedag\u00f3gico. Com dec\u00edamos antes, no se pueden entender las finanzas \u00e9ticas sin entender qu\u00e9 es la economia solidaria. A menudo cuando hemos hecho presentaciones a un p\u00fablico ne\u00f3fito, alejado de la econom\u00eda solidaria, hemos notado que nuestro mensaje no llegaba. De ah\u00ed que eventos como la FESC o iniciativas com el Balance Social, la celebraci\u00f3n del D\u00eda Internacional del Cooperativismo y todas las publicaciones como PuntCoop y otros ayudan mucho tambi\u00e9n a entender el sentido de las finanzas \u00e9ticas.<\/p>\n<p>En segundo lugar el papel del consumidor. La elecci\u00f3n de una banca \u00e9tica cooperativa es ineludible, quiz\u00e1s no para dar respuesta al 100% de nuestras necesidades, pero seguro que hoy nosotros mismos podemos ya resolver una buena parte de lo que una entidad puede necesitar. Para completar el c\u00edrculo nos faltar\u00eda la puesta en marcha de las tarjetas de d\u00e9bito y cr\u00e9dito (que ser\u00e1 en breve),&nbsp; la oferta de TPV, las pasarelas de pago por internet, los ingresos de dinero en efectivo y alguna cosa m\u00e1s espec\u00edfica como leasings o fondos de inversi\u00f3n. Pero el resto ya lo podemos ofrecer todo, especialmente en cr\u00e9dito: no es poca cosa y no ha costado poco esfuerzo.<\/p>\n<p>Finalmente la econom\u00eda social y solidaria ha de seguir infiltrada en todos los \u00f3rganos de gobierno del banco, desde los peque\u00f1os grupos de implantaci\u00f3n territorial hasta las asambleas generales. S\u00f3lo as\u00ed garantizaremos la continuidad de nuestro proyecto sociocultural y le seguiremos dotando de coherencia y capacidad de adaptaci\u00f3n a las necesidades locales.<\/p>\n<p><a name=\"catal\u00e0\">_______________________________________________________________<\/a><\/p>\n<h2>\n\tQuin tipus de projectes finan\u00e7a la banca \u00e8tica i quines garanties tenen els clients d&#8217;on s&#8217;inverteixen els seus diners?<\/h2>\n<p>Financem projectes d\u2019economia solid\u00e0ria: sobretot cooperatives i empreses d\u2019inserci\u00f3 laboral, per\u00f2 tamb\u00e9 associacions i fundacions. Els sectors s\u00f3n b\u00e0sicament quatre: priorit\u00e0riament intervenci\u00f3 social, per\u00f2 tamb\u00e9 cooperaci\u00f3 al desenvolupament i comer\u00e7 just, agroecologia i cultura. La immensa majoria s\u00f3n d\u2019intervenci\u00f3 social. Aquests sectors per\u00f2 no s\u00f3n calaixos estancs i n\u2019hem finan\u00e7at d\u2019altres que simplement representen models d\u2019empresa alternatius, de car\u00e0cter democr\u00e0tic i sovint no lucratius.<\/p>\n<h2>\n\t<br \/>\n\tQuin paper creu que juguen les finances \u00e8tiques en el desenvolupament de l\u2019economia social i solid\u00e0ria?&nbsp;<\/h2>\n<p>La vinculaci\u00f3 de la Economia Social i Solid\u00e0ria amb la banca \u00e8tica \u00e9s fonamental. D\u2019entrada les experi\u00e8ncies de finances \u00e8tiques pr\u00f2piament formen part de l\u2019Economia Social i Solid\u00e0ria.&nbsp;&nbsp; \u00c9s a dir, comparteixen els seus valors i es gestionen de manera democr\u00e0tica i transparent. D\u2019aquesta manera, \u00e9s quan la banca \u00e8tica n\u2019esdev\u00e9 un instrument b\u00e0sic de l\u2019economia solid\u00e0ria. En el nostre cas a m\u00e9s, el propi sector, les seves entitats, empreses i les persones que volen promoure els seus valors en s\u00f3n les nostres s\u00f2cies i \u00e9s d\u2019aquesta manera com, plegats, treballem a fi de comptes per canviar el model neoliberal imperant i aconseguir una societat m\u00e9s justa, solid\u00e0ria i equitativa.<\/p>\n<p><br \/>\n\tEconomia social i finances \u00e8tiques comparteixen valors, principis, conceptes i maneres d\u2019entendre el treball: l\u2019economia al servei de les persones, els principis \u00e8tics i democr\u00e0tics aplicats a l\u2019economia, la voluntat de transformaci\u00f3 social des de la concepci\u00f3 d\u2019un model socioecon\u00f2mic m\u00e9s redistributiu i equitatiu, el treball en xarxa i cooperatiu&#8230;<\/p>\n<h2>\n\tQuina valoraci\u00f3 podr\u00edem fer de l&#8217;estat actual del sector de finances \u00e8tiques a Catalunya, en comparaci\u00f3 amb l&#8217;estat espanyol i la resta d&#8217;Europa?<\/h2>\n<p>La veritat \u00e9s que no tenim gaires dades agregades del sector. A nivell estatal, les dades publicades pel bar\u00f2metre de les finances \u00e8tiques elaborat per FETS, mostren el creixement exponencial que la banca \u00e8tica ha tingut els darrers anys.<\/p>\n<p>El creixement ha estat molt gran pel que fa a estalvi i cr\u00e8dit en uns anys en que el sector bancari seguia la direcci\u00f3 contr\u00e0ria. Avui, l\u2019estalvi segueix creixent a bon ritme per\u00f2 els sectors socials tamb\u00e9 estan notant la crisi i la demanda de cr\u00e8dit sembla que s\u2019est\u00e0 frenant una mica els darrers anys.<\/p>\n<p>A Catalunya la situaci\u00f3 \u00e9s similar, de fet, tot i que no existeixin dades acumulades, el pes de les dades catalanes a nivell estatal \u00e9s prou significatiu.<\/p>\n<p>El repte que tenim a Catalunya \u00e9s la consolidaci\u00f3 de les finances \u00e8tiques com un sector estable dins del nostre m\u00f3n financer, tal com passa en pa\u00efsos europeus on les finances \u00e8tiques tenen m\u00e9s traject\u00f2ria, com ara Holanda, Fran\u00e7a o It\u00e0lia.<\/p>\n<h2>\n\tQuins s\u00f3n els principals reptes de la banca \u00e8tica en els propers anys?<\/h2>\n<p>La principal \u00e9s donar una empenta al cr\u00e8dit: treballar per donar resposta a iniciatives que cerquen una altra manera d\u2019entendre el treball, les relacions laborals, en definitiva cerquen un m\u00f3n millor, m\u00e9s just, solidari i sostenible.<\/p>\n<p>\u00c9s la nostra primera missi\u00f3 i tenim molt cam\u00ed a rec\u00f3rrer. A Catalunya hem concedit m\u00e9s de 50 operacions quan encara \u00e9rem agents. Amb la nova etapa que hem comen\u00e7at el 2015, ja amb establiment permanent a Espanya (Bilbao) tenim moltes m\u00e9s eines per incrementar aquest ritme i de fet ho estem comen\u00e7ant a notar i estem millorant molt l\u2019agilitat en la resposta.<\/p>\n<p>En segon lloc, i com a via&nbsp; al primer objectiu volem esdevenir una alternativa real a la banca convencional, i aix\u00f2 es tradueix en normalitzar l\u2019exist\u00e8ncia de la banca \u00e8tica, oferint tots els serveis financers,&nbsp; donant-la a con\u00e8ixer entre la ciutadania i conv\u00e8ncer-la que els seus diners poden donar resposta a necessitats reals de les persones i dels col\u2022lectius m\u00e9s desafavorits.<br \/>\n\t<br \/>\n\tCada dia sentim m\u00e9s la confian\u00e7a de la gent i les entitats i empreses d\u2019economia social i solid\u00e0ria en la banca \u00e8tica, treballen cada dia m\u00e9s amb nosaltres i tenen m\u00e9s ganes d\u2019involucrar-se en aquest projecte meravell\u00f3s de fer un m\u00f3n millor aportant en nostre petit gra de sorra des de FIARE. Aix\u00f2 ens esperona cada dia a seguir endavant i fer passos sabent que, encara malgrat la notorietat que est\u00e0 tenint les finances \u00e8tiques en aquests temps, seguim nedant contra-corrent.<\/p>\n<h2>\n\tQuin paper han de tenir el tercer sector i el m\u00f3n cooperatiu en la consolidaci\u00f3 de les finances \u00e8tiques?<\/h2>\n<p>L\u2019economia social i solid\u00e0ria estan convidades a tenir un triple paper: per una banda pedag\u00f2gic. Com d\u00e8iem abans, no es pot entendre finances \u00e8tiques sense entendre qu\u00e8 \u00e9s l\u2019economia solid\u00e0ria. Sovint quan hem fet presentacions amb un p\u00fablic ne\u00f2fit, ali\u00e8, a l\u2019economia solid\u00e0ria, hem notat que el nostre missatge no s\u2019ha captat. Per aix\u00f2, esdeveniments com la FESC o iniciatives com el Balan\u00e7 Social, la celebraci\u00f3 del Dia Internacional del Cooperativisme i totes les publicacions com PuntCoop i d\u2019altres ajuden molt tamb\u00e9 a entendre el sentit de les finances \u00e8tiques.<br \/>\n\t<br \/>\n\tEn segon lloc el paper del consumidor. L\u2019elecci\u00f3 d\u2019una banca \u00e8tica cooperativa \u00e9s ineludible, potser no per donar resposta al 100% de les nostres necessitats, per\u00f2 segur que ja avui nosaltres mateixos podem ja resoldre una bona part del que una entitat pot necessitar. Per completar el cercle ens far\u00e0 falta la posada en marxa de les targetes de d\u00e8bit i cr\u00e8dit (que ser\u00e0 en breu),&nbsp; l\u2019oferta de TPV, les pasarel\u2022les de pagament per internet, els ingressos de diner en efectiu i alguna cosa m\u00e9s espec\u00edfica com leasings o fons d\u2019inversi\u00f3. Per\u00f2 la resta ja ho podem oferir tot, especialment en cr\u00e8dit: no \u00e9s poca cosa i no ha costat poc esfor\u00e7.<br \/>\n\tFinalment l\u2019economia social i solid\u00e0ria ha de seguir infiltrada en tots els \u00f2rgans de govern del banc, des dels petits grups d\u2019implantaci\u00f3 territorial fins a les assemblees generals. Nom\u00e9s aix\u00ed garantirem la continu\u00eftat del nostre projecte sociocultural i el seguirem dotant de coher\u00e8ncia i capacitat d\u2019adaptaci\u00f3 a les necessitats locals.<\/p>\n<p>&nbsp;<\/p>\n<\/div>","protected":false},"excerpt":{"rendered":"<p>Entrevista realizada con motivo de la Feria de Econom\u00eda Solidaria de Catalu\u00f1a a M. Antonia Bartol\u00ed Referente de la zona Mediterr\u00e1nea de Fiare Banca Etica<\/p>\n","protected":false},"author":2,"featured_media":324483,"comment_status":"open","ping_status":"closed","sticky":false,"template":"","format":"standard","meta":{"_acf_changed":false,"footnotes":""},"categories":[11643],"tags":[],"coauthors":[],"class_list":["post-346239","post","type-post","status-publish","format-standard","has-post-thumbnail","hentry","category-finances-etiques"],"acf":[],"yoast_head":"<!-- This site is optimized with the Yoast SEO plugin v26.9 - https:\/\/yoast.com\/product\/yoast-seo-wordpress\/ -->\n<title>Entrevista a M. Antonia Bartol\u00ed Referente de la zona Mediterr\u00e1nea de Fiare - Fiare Banca Etica<\/title>\n<meta name=\"robots\" content=\"index, follow, max-snippet:-1, max-image-preview:large, max-video-preview:-1\" \/>\n<link rel=\"canonical\" href=\"https:\/\/www.fiarebancaetica.coop\/ca\/entrevista-a-m-antonia-bartoli-referente-de-la-zona-mediterranea-de-fiare\/\" \/>\n<meta property=\"og:locale\" content=\"ca_ES\" \/>\n<meta property=\"og:type\" content=\"article\" \/>\n<meta property=\"og:title\" content=\"Entrevista a M. Antonia Bartol\u00ed Referente de la zona Mediterr\u00e1nea de Fiare - Fiare Banca Etica\" \/>\n<meta property=\"og:description\" content=\"Entrevista realizada con motivo de la Feria de Econom\u00eda Solidaria de Catalu\u00f1a a M. Antonia Bartol\u00ed Referente de la zona Mediterr\u00e1nea de Fiare Banca Etica\" \/>\n<meta property=\"og:url\" content=\"https:\/\/www.fiarebancaetica.coop\/ca\/entrevista-a-m-antonia-bartoli-referente-de-la-zona-mediterranea-de-fiare\/\" \/>\n<meta property=\"og:site_name\" content=\"Fiare Banca Etica\" \/>\n<meta property=\"article:published_time\" content=\"2015-10-22T22:00:00+00:00\" \/>\n<meta property=\"article:modified_time\" content=\"2024-02-21T15:08:20+00:00\" \/>\n<meta property=\"og:image\" content=\"https:\/\/www.fiarebancaetica.coop\/app\/uploads\/sites\/2\/2023\/12\/enrtevista-m.antonia-bartoli-referente-de-zona-mediterranea-de-fiare-banca-etica-scaled.jpg\" \/>\n\t<meta property=\"og:image:width\" content=\"2560\" \/>\n\t<meta property=\"og:image:height\" content=\"1248\" \/>\n\t<meta property=\"og:image:type\" content=\"image\/jpeg\" \/>\n<meta name=\"author\" content=\"crispyadmin0\" \/>\n<meta name=\"twitter:card\" content=\"summary_large_image\" \/>\n<script type=\"application\/ld+json\" class=\"yoast-schema-graph\">{\"@context\":\"https:\/\/schema.org\",\"@graph\":[{\"@type\":\"Article\",\"@id\":\"https:\/\/www.fiarebancaetica.coop\/ca\/entrevista-a-m-antonia-bartoli-referente-de-la-zona-mediterranea-de-fiare\/#article\",\"isPartOf\":{\"@id\":\"https:\/\/www.fiarebancaetica.coop\/ca\/entrevista-a-m-antonia-bartoli-referente-de-la-zona-mediterranea-de-fiare\/\"},\"author\":{\"name\":\"crispyadmin0\",\"@id\":\"https:\/\/www.fiarebancaetica.coop\/ca\/#\/schema\/person\/579841e89c804b5db05d9141bd9b8272\"},\"headline\":\"Entrevista a M. Antonia Bartol\u00ed Referente de la zona Mediterr\u00e1nea de Fiare\",\"datePublished\":\"2015-10-22T22:00:00+00:00\",\"dateModified\":\"2024-02-21T15:08:20+00:00\",\"mainEntityOfPage\":{\"@id\":\"https:\/\/www.fiarebancaetica.coop\/ca\/entrevista-a-m-antonia-bartoli-referente-de-la-zona-mediterranea-de-fiare\/\"},\"wordCount\":2211,\"commentCount\":0,\"image\":{\"@id\":\"https:\/\/www.fiarebancaetica.coop\/ca\/entrevista-a-m-antonia-bartoli-referente-de-la-zona-mediterranea-de-fiare\/#primaryimage\"},\"thumbnailUrl\":\"https:\/\/www.fiarebancaetica.coop\/app\/uploads\/sites\/2\/2023\/12\/enrtevista-m.antonia-bartoli-referente-de-zona-mediterranea-de-fiare-banca-etica-scaled.jpg\",\"articleSection\":[\"Finances \u00e8tiques\"],\"inLanguage\":\"ca\",\"potentialAction\":[{\"@type\":\"CommentAction\",\"name\":\"Comment\",\"target\":[\"https:\/\/www.fiarebancaetica.coop\/ca\/entrevista-a-m-antonia-bartoli-referente-de-la-zona-mediterranea-de-fiare\/#respond\"]}]},{\"@type\":\"WebPage\",\"@id\":\"https:\/\/www.fiarebancaetica.coop\/ca\/entrevista-a-m-antonia-bartoli-referente-de-la-zona-mediterranea-de-fiare\/\",\"url\":\"https:\/\/www.fiarebancaetica.coop\/ca\/entrevista-a-m-antonia-bartoli-referente-de-la-zona-mediterranea-de-fiare\/\",\"name\":\"Entrevista a M. Antonia Bartol\u00ed Referente de la zona Mediterr\u00e1nea de Fiare - Fiare Banca Etica\",\"isPartOf\":{\"@id\":\"https:\/\/www.fiarebancaetica.coop\/ca\/#website\"},\"primaryImageOfPage\":{\"@id\":\"https:\/\/www.fiarebancaetica.coop\/ca\/entrevista-a-m-antonia-bartoli-referente-de-la-zona-mediterranea-de-fiare\/#primaryimage\"},\"image\":{\"@id\":\"https:\/\/www.fiarebancaetica.coop\/ca\/entrevista-a-m-antonia-bartoli-referente-de-la-zona-mediterranea-de-fiare\/#primaryimage\"},\"thumbnailUrl\":\"https:\/\/www.fiarebancaetica.coop\/app\/uploads\/sites\/2\/2023\/12\/enrtevista-m.antonia-bartoli-referente-de-zona-mediterranea-de-fiare-banca-etica-scaled.jpg\",\"datePublished\":\"2015-10-22T22:00:00+00:00\",\"dateModified\":\"2024-02-21T15:08:20+00:00\",\"author\":{\"@id\":\"https:\/\/www.fiarebancaetica.coop\/ca\/#\/schema\/person\/579841e89c804b5db05d9141bd9b8272\"},\"breadcrumb\":{\"@id\":\"https:\/\/www.fiarebancaetica.coop\/ca\/entrevista-a-m-antonia-bartoli-referente-de-la-zona-mediterranea-de-fiare\/#breadcrumb\"},\"inLanguage\":\"ca\",\"potentialAction\":[{\"@type\":\"ReadAction\",\"target\":[\"https:\/\/www.fiarebancaetica.coop\/ca\/entrevista-a-m-antonia-bartoli-referente-de-la-zona-mediterranea-de-fiare\/\"]}]},{\"@type\":\"ImageObject\",\"inLanguage\":\"ca\",\"@id\":\"https:\/\/www.fiarebancaetica.coop\/ca\/entrevista-a-m-antonia-bartoli-referente-de-la-zona-mediterranea-de-fiare\/#primaryimage\",\"url\":\"https:\/\/www.fiarebancaetica.coop\/app\/uploads\/sites\/2\/2023\/12\/enrtevista-m.antonia-bartoli-referente-de-zona-mediterranea-de-fiare-banca-etica-scaled.jpg\",\"contentUrl\":\"https:\/\/www.fiarebancaetica.coop\/app\/uploads\/sites\/2\/2023\/12\/enrtevista-m.antonia-bartoli-referente-de-zona-mediterranea-de-fiare-banca-etica-scaled.jpg\",\"width\":2560,\"height\":1248},{\"@type\":\"BreadcrumbList\",\"@id\":\"https:\/\/www.fiarebancaetica.coop\/ca\/entrevista-a-m-antonia-bartoli-referente-de-la-zona-mediterranea-de-fiare\/#breadcrumb\",\"itemListElement\":[{\"@type\":\"ListItem\",\"position\":1,\"name\":\"Home\",\"item\":\"https:\/\/www.fiarebancaetica.coop\/ca\/\"},{\"@type\":\"ListItem\",\"position\":2,\"name\":\"Entrevista a M. Antonia Bartol\u00ed Referente de la zona Mediterr\u00e1nea de Fiare\"}]},{\"@type\":\"WebSite\",\"@id\":\"https:\/\/www.fiarebancaetica.coop\/ca\/#website\",\"url\":\"https:\/\/www.fiarebancaetica.coop\/ca\/\",\"name\":\"Fiare Banca Etica\",\"description\":\"\",\"potentialAction\":[{\"@type\":\"SearchAction\",\"target\":{\"@type\":\"EntryPoint\",\"urlTemplate\":\"https:\/\/www.fiarebancaetica.coop\/ca\/?s={search_term_string}\"},\"query-input\":{\"@type\":\"PropertyValueSpecification\",\"valueRequired\":true,\"valueName\":\"search_term_string\"}}],\"inLanguage\":\"ca\"},{\"@type\":\"Person\",\"@id\":\"https:\/\/www.fiarebancaetica.coop\/ca\/#\/schema\/person\/579841e89c804b5db05d9141bd9b8272\",\"name\":\"crispyadmin0\",\"image\":{\"@type\":\"ImageObject\",\"inLanguage\":\"ca\",\"@id\":\"https:\/\/www.fiarebancaetica.coop\/ca\/#\/schema\/person\/image\/5f3a6b7786f32f4c35bd2b1a5a4698ea\",\"url\":\"https:\/\/secure.gravatar.com\/avatar\/4d2cfb499d497b6d49da659fab7404b243a87fe8e40d2cf97a1cae48f677f5b2?s=96&d=mm&r=g\",\"contentUrl\":\"https:\/\/secure.gravatar.com\/avatar\/4d2cfb499d497b6d49da659fab7404b243a87fe8e40d2cf97a1cae48f677f5b2?s=96&d=mm&r=g\",\"caption\":\"crispyadmin0\"},\"sameAs\":[\"crispyadmin0\"]}]}<\/script>\n<!-- \/ Yoast SEO plugin. -->","yoast_head_json":{"title":"Entrevista a M. Antonia Bartol\u00ed Referente de la zona Mediterr\u00e1nea de Fiare - Fiare Banca Etica","robots":{"index":"index","follow":"follow","max-snippet":"max-snippet:-1","max-image-preview":"max-image-preview:large","max-video-preview":"max-video-preview:-1"},"canonical":"https:\/\/www.fiarebancaetica.coop\/ca\/entrevista-a-m-antonia-bartoli-referente-de-la-zona-mediterranea-de-fiare\/","og_locale":"ca_ES","og_type":"article","og_title":"Entrevista a M. Antonia Bartol\u00ed Referente de la zona Mediterr\u00e1nea de Fiare - Fiare Banca Etica","og_description":"Entrevista realizada con motivo de la Feria de Econom\u00eda Solidaria de Catalu\u00f1a a M. Antonia Bartol\u00ed Referente de la zona Mediterr\u00e1nea de Fiare Banca Etica","og_url":"https:\/\/www.fiarebancaetica.coop\/ca\/entrevista-a-m-antonia-bartoli-referente-de-la-zona-mediterranea-de-fiare\/","og_site_name":"Fiare Banca Etica","article_published_time":"2015-10-22T22:00:00+00:00","article_modified_time":"2024-02-21T15:08:20+00:00","og_image":[{"width":2560,"height":1248,"url":"https:\/\/www.fiarebancaetica.coop\/app\/uploads\/sites\/2\/2023\/12\/enrtevista-m.antonia-bartoli-referente-de-zona-mediterranea-de-fiare-banca-etica-scaled.jpg","type":"image\/jpeg"}],"author":"crispyadmin0","twitter_card":"summary_large_image","schema":{"@context":"https:\/\/schema.org","@graph":[{"@type":"Article","@id":"https:\/\/www.fiarebancaetica.coop\/ca\/entrevista-a-m-antonia-bartoli-referente-de-la-zona-mediterranea-de-fiare\/#article","isPartOf":{"@id":"https:\/\/www.fiarebancaetica.coop\/ca\/entrevista-a-m-antonia-bartoli-referente-de-la-zona-mediterranea-de-fiare\/"},"author":{"name":"crispyadmin0","@id":"https:\/\/www.fiarebancaetica.coop\/ca\/#\/schema\/person\/579841e89c804b5db05d9141bd9b8272"},"headline":"Entrevista a M. Antonia Bartol\u00ed Referente de la zona Mediterr\u00e1nea de Fiare","datePublished":"2015-10-22T22:00:00+00:00","dateModified":"2024-02-21T15:08:20+00:00","mainEntityOfPage":{"@id":"https:\/\/www.fiarebancaetica.coop\/ca\/entrevista-a-m-antonia-bartoli-referente-de-la-zona-mediterranea-de-fiare\/"},"wordCount":2211,"commentCount":0,"image":{"@id":"https:\/\/www.fiarebancaetica.coop\/ca\/entrevista-a-m-antonia-bartoli-referente-de-la-zona-mediterranea-de-fiare\/#primaryimage"},"thumbnailUrl":"https:\/\/www.fiarebancaetica.coop\/app\/uploads\/sites\/2\/2023\/12\/enrtevista-m.antonia-bartoli-referente-de-zona-mediterranea-de-fiare-banca-etica-scaled.jpg","articleSection":["Finances \u00e8tiques"],"inLanguage":"ca","potentialAction":[{"@type":"CommentAction","name":"Comment","target":["https:\/\/www.fiarebancaetica.coop\/ca\/entrevista-a-m-antonia-bartoli-referente-de-la-zona-mediterranea-de-fiare\/#respond"]}]},{"@type":"WebPage","@id":"https:\/\/www.fiarebancaetica.coop\/ca\/entrevista-a-m-antonia-bartoli-referente-de-la-zona-mediterranea-de-fiare\/","url":"https:\/\/www.fiarebancaetica.coop\/ca\/entrevista-a-m-antonia-bartoli-referente-de-la-zona-mediterranea-de-fiare\/","name":"Entrevista a M. Antonia Bartol\u00ed Referente de la zona Mediterr\u00e1nea de Fiare - Fiare Banca Etica","isPartOf":{"@id":"https:\/\/www.fiarebancaetica.coop\/ca\/#website"},"primaryImageOfPage":{"@id":"https:\/\/www.fiarebancaetica.coop\/ca\/entrevista-a-m-antonia-bartoli-referente-de-la-zona-mediterranea-de-fiare\/#primaryimage"},"image":{"@id":"https:\/\/www.fiarebancaetica.coop\/ca\/entrevista-a-m-antonia-bartoli-referente-de-la-zona-mediterranea-de-fiare\/#primaryimage"},"thumbnailUrl":"https:\/\/www.fiarebancaetica.coop\/app\/uploads\/sites\/2\/2023\/12\/enrtevista-m.antonia-bartoli-referente-de-zona-mediterranea-de-fiare-banca-etica-scaled.jpg","datePublished":"2015-10-22T22:00:00+00:00","dateModified":"2024-02-21T15:08:20+00:00","author":{"@id":"https:\/\/www.fiarebancaetica.coop\/ca\/#\/schema\/person\/579841e89c804b5db05d9141bd9b8272"},"breadcrumb":{"@id":"https:\/\/www.fiarebancaetica.coop\/ca\/entrevista-a-m-antonia-bartoli-referente-de-la-zona-mediterranea-de-fiare\/#breadcrumb"},"inLanguage":"ca","potentialAction":[{"@type":"ReadAction","target":["https:\/\/www.fiarebancaetica.coop\/ca\/entrevista-a-m-antonia-bartoli-referente-de-la-zona-mediterranea-de-fiare\/"]}]},{"@type":"ImageObject","inLanguage":"ca","@id":"https:\/\/www.fiarebancaetica.coop\/ca\/entrevista-a-m-antonia-bartoli-referente-de-la-zona-mediterranea-de-fiare\/#primaryimage","url":"https:\/\/www.fiarebancaetica.coop\/app\/uploads\/sites\/2\/2023\/12\/enrtevista-m.antonia-bartoli-referente-de-zona-mediterranea-de-fiare-banca-etica-scaled.jpg","contentUrl":"https:\/\/www.fiarebancaetica.coop\/app\/uploads\/sites\/2\/2023\/12\/enrtevista-m.antonia-bartoli-referente-de-zona-mediterranea-de-fiare-banca-etica-scaled.jpg","width":2560,"height":1248},{"@type":"BreadcrumbList","@id":"https:\/\/www.fiarebancaetica.coop\/ca\/entrevista-a-m-antonia-bartoli-referente-de-la-zona-mediterranea-de-fiare\/#breadcrumb","itemListElement":[{"@type":"ListItem","position":1,"name":"Home","item":"https:\/\/www.fiarebancaetica.coop\/ca\/"},{"@type":"ListItem","position":2,"name":"Entrevista a M. Antonia Bartol\u00ed Referente de la zona Mediterr\u00e1nea de Fiare"}]},{"@type":"WebSite","@id":"https:\/\/www.fiarebancaetica.coop\/ca\/#website","url":"https:\/\/www.fiarebancaetica.coop\/ca\/","name":"Fiare Banca Etica","description":"","potentialAction":[{"@type":"SearchAction","target":{"@type":"EntryPoint","urlTemplate":"https:\/\/www.fiarebancaetica.coop\/ca\/?s={search_term_string}"},"query-input":{"@type":"PropertyValueSpecification","valueRequired":true,"valueName":"search_term_string"}}],"inLanguage":"ca"},{"@type":"Person","@id":"https:\/\/www.fiarebancaetica.coop\/ca\/#\/schema\/person\/579841e89c804b5db05d9141bd9b8272","name":"crispyadmin0","image":{"@type":"ImageObject","inLanguage":"ca","@id":"https:\/\/www.fiarebancaetica.coop\/ca\/#\/schema\/person\/image\/5f3a6b7786f32f4c35bd2b1a5a4698ea","url":"https:\/\/secure.gravatar.com\/avatar\/4d2cfb499d497b6d49da659fab7404b243a87fe8e40d2cf97a1cae48f677f5b2?s=96&d=mm&r=g","contentUrl":"https:\/\/secure.gravatar.com\/avatar\/4d2cfb499d497b6d49da659fab7404b243a87fe8e40d2cf97a1cae48f677f5b2?s=96&d=mm&r=g","caption":"crispyadmin0"},"sameAs":["crispyadmin0"]}]}},"_links":{"self":[{"href":"https:\/\/www.fiarebancaetica.coop\/ca\/wp-json\/wp\/v2\/posts\/346239","targetHints":{"allow":["GET"]}}],"collection":[{"href":"https:\/\/www.fiarebancaetica.coop\/ca\/wp-json\/wp\/v2\/posts"}],"about":[{"href":"https:\/\/www.fiarebancaetica.coop\/ca\/wp-json\/wp\/v2\/types\/post"}],"author":[{"embeddable":true,"href":"https:\/\/www.fiarebancaetica.coop\/ca\/wp-json\/wp\/v2\/users\/2"}],"replies":[{"embeddable":true,"href":"https:\/\/www.fiarebancaetica.coop\/ca\/wp-json\/wp\/v2\/comments?post=346239"}],"version-history":[{"count":1,"href":"https:\/\/www.fiarebancaetica.coop\/ca\/wp-json\/wp\/v2\/posts\/346239\/revisions"}],"predecessor-version":[{"id":353225,"href":"https:\/\/www.fiarebancaetica.coop\/ca\/wp-json\/wp\/v2\/posts\/346239\/revisions\/353225"}],"wp:featuredmedia":[{"embeddable":true,"href":"https:\/\/www.fiarebancaetica.coop\/ca\/wp-json\/wp\/v2\/media\/324483"}],"wp:attachment":[{"href":"https:\/\/www.fiarebancaetica.coop\/ca\/wp-json\/wp\/v2\/media?parent=346239"}],"wp:term":[{"taxonomy":"category","embeddable":true,"href":"https:\/\/www.fiarebancaetica.coop\/ca\/wp-json\/wp\/v2\/categories?post=346239"},{"taxonomy":"post_tag","embeddable":true,"href":"https:\/\/www.fiarebancaetica.coop\/ca\/wp-json\/wp\/v2\/tags?post=346239"},{"taxonomy":"author","embeddable":true,"href":"https:\/\/www.fiarebancaetica.coop\/ca\/wp-json\/wp\/v2\/coauthors?post=346239"}],"curies":[{"name":"wp","href":"https:\/\/api.w.org\/{rel}","templated":true}]}}