{"id":346288,"date":"2015-08-10T00:00:00","date_gmt":"2015-08-09T22:00:00","guid":{"rendered":"https:\/\/www.fiarebancaetica.coop\/entrevista-a-carlos-askunze-de-reas\/"},"modified":"2024-02-21T16:08:59","modified_gmt":"2024-02-21T15:08:59","slug":"entrevista-a-carlos-askunze-de-reas","status":"publish","type":"post","link":"https:\/\/www.fiarebancaetica.coop\/ca\/entrevista-a-carlos-askunze-de-reas\/","title":{"rendered":"Entrevista a Carlos Askunze de REAS"},"content":{"rendered":"\n\n<div class=\"wp-block-bancaetica-blocks-blocks-block-49\">\n    <div class=\"container-block-49\">\n\n        <div class=\"header-section \">\n                            <h1 class=\"section-title\"> Etica e cooperativa <\/h1>\n                                            <\/div>\n\n        \n        <div class=\"block-background\" style=\"background-image: url('https:\/\/www.fiarebancaetica.coop\/app\/uploads\/sites\/2\/2023\/12\/entrevista-de-carlos-askunze-de-reas.jpg')\">\n                            <div class=\"tile\">\n                    <h1 class=\"image-title\"> Entrevista a Carlos Askunze de REAS <\/h1>\n                <\/div>             <!-- end .tile -->\n            <div class=\"bottom-content\">\n                            <\/div> <!-- end .button-content -->\n        <\/div> <!-- end .block-background -->\n    <\/div> <!-- end .container -->\n<\/div> <!-- end wp-block-bancaetica-blocks-blocks-block-06 -->\n\n\n<div class=\"wrapper-crispybacon-class wrapper-crispybacon-class-boxed \">\n    <p><em>Entrevista a Carlos Askunze,&nbsp;miembro del Comit\u00e9 de Coordinaci\u00f3n de REAS Red de Redes y Referente de la Zona Norte de Fiare Banca Etica<\/em><\/p>\n<h2>\n\t\u00bfCu\u00e1ndo nace Reas y con qu\u00e9 objetivo?<\/h2>\n<p>REAS nace como una plataforma de organizaciones en 1995 (por lo que actualmente estamos celebrando el 20 aniversario), si bien es en 1997 cuando se transforma en una red de redes territoriales y sectoriales de Econom\u00eda Solidaria, pasando a denominarse REAS-Red de Redes de Econom\u00eda Alternativa y Solidaria. Su objetivo general es el de trabajar en el Estado espa\u00f1ol en la extensi\u00f3n de la econom\u00eda solidaria, como concepto y pr\u00e1ctica transformadora a trav\u00e9s del impulso de iniciativas econ\u00f3micas de car\u00e1cter alternativo, y tambi\u00e9n como movimiento social y sujeto pol\u00edtico y econ\u00f3mico a trav\u00e9s del trabajo en red y su relaci\u00f3n con otras organizaciones y agentes sociales.<\/p>\n<h2>\n\t\u00bfC\u00f3mo defin\u00eds la Econom\u00eda Solidaria desde Reas?<\/h2>\n<p>Entendemos la Econom\u00eda Solidaria como una visi\u00f3n y una pr\u00e1ctica que reivindica la econom\u00eda como medio \u2013y no como fin\u2013 al servicio de la mejora de la calidad de vida de las personas, la comunidad y su medioambiente. Un econom\u00eda que coloca en el centro de su actividad el buen vivir personal y colectivo, as\u00ed como la sostenibilidad de la vida; que resit\u00faa, por tanto, la verdadera funci\u00f3n de la econom\u00eda y la conecta, sin preponderancia, con el resto de esferas social, pol\u00edtica o cultural.<\/p>\n<p>Se trata, por tanto, de una pr\u00e1ctica fundamentalmente transformadora, que choca con el modelo capitalista, concediendo a las personas, sus necesidades, capacidades y trabajo un valor por encima del capital y de su acumulaci\u00f3n, a la vez que reivindica un modelo socioecon\u00f3mico m\u00e1s redistributivo y equitativo. Una econom\u00eda que huye de una concepci\u00f3n ligada al modelo productivista-crecentista que prima la acumulaci\u00f3n del capital por encima del desarrollo de las personas y es ajeno a los da\u00f1os sociales y ambientales producidos en la consecuci\u00f3n de sus objetivos.<\/p>\n<h2>\n\t\u00bfCu\u00e1les son los criterios por los que se rige la Red?<\/h2>\n<p>REAS Red de Redes, al igual que sus redes territoriales y sectoriales as\u00ed como las empresas y organizaciones que las forman, se rige por los seis principios de la Carta de la Econom\u00eda Solidaria que, muy resumidamente, son los siguientes:<br \/>\n\t<strong>\u2022 Equidad<\/strong>: reconocimiento de la igualdad, en dignidad, derechos y posibilidades de todas las personas, asumiendo y respetando a la vez sus diferencias.<br \/>\n\t<strong>\u2022 Trabajo<\/strong>: considerado en todas sus dimensiones: productivo, reproductivo y voluntario. Empleo para la producci\u00f3n de bienes \u00fatiles y necesarios. Trabajos que promueven el desarrollo de las capacidades de las personas.<br \/>\n\t<strong>\u2022 Sostenibilidad ambiental<\/strong>: como l\u00edmite a las acciones econ\u00f3micas, como defensa del equilibrio de la vida y como compromiso con el futuro de la humanidad.<br \/>\n\t\u2022 <strong>Cooperaci\u00f3n<\/strong>: una pr\u00e1ctica participativa y democr\u00e1tica que fomenta el aprendizaje y la construcci\u00f3n colaborativa y el trabajo cooperativo.<br \/>\n\t<strong>\u2022 Sin fines lucrativos<\/strong>: balances que tienen en cuenta el impacto de la actividad, donde se establece la redistribuci\u00f3n y reinversi\u00f3n de beneficios frente a su concentraci\u00f3n o uso especulativo.<br \/>\n\t<strong>\u2022 Compromiso con el entorno<\/strong>: cooperaci\u00f3n con otras redes como camino para que las experiencias concretas puedan generar un modelo socioecon\u00f3mico alternativo.<br \/>\n\tDesde REAS promovemos que todas las entidades pertenecientes a sus redes socias realicen auditor\u00edas o balances sociales que cuentan con indicadores basados en estos principios, como herramienta de autoevaluaci\u00f3n y de mejora, as\u00ed como de refuerzo de la identidad com\u00fan.<\/p>\n<h2>\n\t\u00bfC\u00f3mo se organiza?<\/h2>\n<p>REAS Red de Redes tiene una estructura confederal de car\u00e1cter descentralizado, participativo y democr\u00e1tico. Entendemos, en este caso, una estructura confederal como una entidad que surge de una alianza entre diferentes organizaciones (redes territoriales y sectoriales) con el objetivo de desarrollar unos fines de inter\u00e9s com\u00fan, sin que cada uno de sus miembros pierdan sus respectivas soberan\u00edas, tanto en lo que respecta a su organizaci\u00f3n y gesti\u00f3n interna, como en lo que respecta a sus relaciones con otras organizaciones, manteniendo altas cotas de autonom\u00eda, pero delegando de mutuo acuerdo una parte de ella en la estructura confederal para alcanzar los fines mutuamente acordados.<\/p>\n<p>Su \u00f3rgano m\u00e1ximo de decisi\u00f3n es la Asamblea, conformada por representantes de todas las redes socias que, en la actualidad, son 14 territoriales y 4 sectoriales: AERESS-Asociaci\u00f3n Espa\u00f1ola de Recuperadores de la Econom\u00eda Social y Solidaria, Mesa del Sistema de Finanzas \u00c9ticas (conformada por Fiare, Coop 57, Oikocredit y CAES-Cooperaci\u00f3n para el aseguramiento \u00e9tico y solidario, Coordinadora estatal de Comercio Justo y Som Energia (en representaci\u00f3n de un proceso de trabajo en red de todas las cooperativas de generaci\u00f3n, comercializaci\u00f3n y consumo de energ\u00edas alternativas). Cuenta as\u00ed mismo, con un Consejo Confederal, elegido por la Asamblea para desarrollar el Plan de Trabajo anual y un Comit\u00e9 de Coordinaci\u00f3n para las labores cotidianas de coordinaci\u00f3n, apoyado en una Secretar\u00eda T\u00e9cnica de car\u00e1cter profesional.<\/p>\n<p>Contamos en el Consejo Confederal con responsables de las diferentes l\u00edneas estrat\u00e9gicas, as\u00ed como de grupos o comisiones de trabajo para tem\u00e1ticas concretas (auditor\u00eda social, comunicaci\u00f3n, mercado social\u2026). As\u00ed mismo damos mucha importancia a los distintos espacios de encuentro de todo el movimiento (Idearia, Congreso de Econom\u00eda Social y Solidaria\u2026).<\/p>\n<h2>\n\tFiare es socia desde 2008, \u00bfqu\u00e9 aporta a la Red?<\/h2>\n<p>Lo primero que hay que decir es que en 2008 se firm\u00f3 un acuerdo entre lo que entonces era la estructura de Fiare y REAS red de Redes por el cual se establec\u00eda un compromiso mutuo, por lo que la aportaci\u00f3n es de doble direcci\u00f3n: el de promover la construcci\u00f3n del proyecto Fiare por parte de REAS y el de Fiare por impulsar el movimiento de la econom\u00eda solidaria a trav\u00e9s de su configuraci\u00f3n como sectorial de banca \u00e9tica en REAS. En la actualidad la sectorial en REAS ha pasado a ser la Mesa del Sistema de Finanzas \u00c9ticas, cuya representaci\u00f3n ejerce Fiare.<\/p>\n<p>Podemos decir que Fiare es la banca \u00e9tica del movimiento de la econom\u00eda solidaria, ya que REAS ha participado como un agente significativo (tanto a nivel estatal como territorial) en su construcci\u00f3n y participa comprometidamente en su desarrollo actual, tanto en sus estructura cooperativa como a trav\u00e9s de su presencia en el Patronato de la Fundaci\u00f3n Fiare. Por otro lado, Fiare mantiene una relaci\u00f3n comercial y social preferente con REAS, a trav\u00e9s del impulso de una Libreta Redes propia, el desarrollo de servicios financieros espec\u00edficos o las aportaciones que REAS realiza a la hora de dise\u00f1ar futuros productos financieros adaptados y al servicio del sostenimiento y crecimiento de la Econom\u00eda Solidaria.<\/p>\n<h2>\n\tReas promueve desde hace a\u00f1os el Mercado Social \u00bfQu\u00e9 es?<\/h2>\n<p>El Mercado Social es una iniciativa promovida por REAS con el objetivo de impulsar pr\u00e1cticas alternativas al servicio de las personas y de la sostenibilidad de la vida. Un mercado en el que entidades y empresas de Econom\u00eda Solidaria intercooperan para ser significativas econ\u00f3micamente y en el que productores y productoras controlan la venta y distribuci\u00f3n de lo que producen. Un mercado en el que las personas consumidoras participan activamente para multiplicar la fuerza que poseen de forma aislada y cuyo objetivo no es el \u00e1nimo de lucro, sino contribuir a construir una econom\u00eda y un mundo m\u00e1s justo y sostenible.<\/p>\n<p>Se trata, en definitiva, de una red de producci\u00f3n, distribuci\u00f3n y consumo de bienes y servicios y aprendizaje com\u00fan que funciona con criterios \u00e9ticos, democr\u00e1ticos, ecol\u00f3gicos y solidarios, en un territorio determinado, constituida tanto por empresas y entidades de la econom\u00eda solidaria como por consumidores individuales y colectivos. Un mercado, en definitiva, que permita desconectarnos, tanto como sea posible, del mercado capitalista.<\/p>\n<h2>\n\t\u00bfC\u00f3mo se organiza la Econom\u00eda Solidaria a nivel internacional?<\/h2>\n<p>En la actualidad la red que aglutina globalmente a la Econom\u00eda Solidaria es RIPESS-Red Intercontinental de Promoci\u00f3n de la Econom\u00eda Social y Solidaria, que agrupa a 82 redes estatales y regionales en los 5 continentes: 18 en Asia, 14 en \u00c1frica, 26 en Europa, 20 en Latinoam\u00e9rica y 4 en Norteam\u00e9rica. La vinculaci\u00f3n a este movimiento por parte de REAS Red de Redes es a trav\u00e9s de RIPESS Europa.<\/p>\n<p>Hay que se\u00f1alar, as\u00ed mismo, la importancia de la participaci\u00f3n de redes y organizaciones de REAS en otras redes de car\u00e1cter sectorial de la Econom\u00eda Solidaria. Es el caso de las finanzas \u00e9ticas en FEBEA (Federaci\u00f3n Europea de Bancos \u00c9ticos y Alternativos) y en INAISE (Asociaci\u00f3n Internacional de Inversores en Econom\u00eda Social); el \u00e1mbito de la recuperaci\u00f3n y medio ambiente en RREUSE (Empresas Sociales de Reutilizaci\u00f3n y Reciclaje en Europa); las cooperativas de energ\u00edas renovables en REScoop (Federaci\u00f3n de grupos y cooperativas ciudadanas para la energ\u00eda renovable en Europa); el comercio justo en WFTO (Organizaci\u00f3n Mundial del Comercio Justo); o las empresas de inserci\u00f3n en ENSIE (Red Europea de<br \/>\n\tEmpresas de Inserci\u00f3n Social).<\/p>\n<h2>\n\t\u00bfLa crisis ha hecho que haya m\u00e1s gente que busque alternativas y se acerque a la Econom\u00eda Solidaria?<\/h2>\n<p>Es obvio que las crisis (no se trata solamente de una crisis financiera o econ\u00f3mica, sino ambiental, de cuidados, pol\u00edtica, de valores\u2026) est\u00e1n demostrando que el capitalismo es incapaz de responder a las necesidades y retos econ\u00f3micos, ambientales, sociales y pol\u00edticos de las personas, de los pueblos y de nuestro mundo. El mantenimiento y crecimiento de la injusticia, la violencia, el patriarcado, la insostenibilidad ambiental y la exclusi\u00f3n social de cada vez m\u00e1s sectores de la poblaci\u00f3n en nuestras sociedades y en el mundo, est\u00e1n haciendo que las personas seamos cada vez m\u00e1s conscientes de la necesidad de impulsar un cambio de rumbo en profundidad. A ello responde el nacimiento de diferentes movimientos sociales de indignaci\u00f3n, los de respuesta al poder de las transnacionales y los acuerdos internacionales de libre comercio, el repunte de otros tradicionales como el ecologista o el feminista, el nacimiento de nuevas expresiones y formas organizativas de intervenci\u00f3n pol\u00edtica, etc.<\/p>\n<p>Y, claro, cada vez m\u00e1s gente se acerca al movimiento de la Econom\u00eda Solidaria, fundamentalmente porque, adem\u00e1s de ofrecer un enfoque cr\u00edtico y rupturista con la situaci\u00f3n econ\u00f3mica y social actual, promueve iniciativas concretas que, cotidianamente, pueden construirse con la participaci\u00f3n de las personas: en el consumo, en los servicios financieros, en la alimentaci\u00f3n, en la energ\u00eda, en el vestido, etc. existen posibilidades, en primer lugar, de desarrollar alternativas al mercado capitalista y, en segundo lugar, de poder ser coherentes y hacer confluir nuestros valores y la \u00e9tica con la vida diaria.<\/p>\n<h2>\n\t\u00bfCu\u00e1les son los objetivos para este a\u00f1o de REAS?<\/h2>\n<p>Este a\u00f1o es un objetivo prioritario asentar y desarrollar la nueva estructura confederal aprobada en 2014. Con ello, pretendemos fundamentalmente fortalecernos como sujeto pol\u00edtico, por lo que tambi\u00e9n es un a\u00f1o de desarrollar propuestas en el \u00e1mbito de las pol\u00edticas p\u00fablicas, contiendas electorales, tejer alianzas con otros movimientos sociales, impulsar nuestra presencia en el \u00e1mbito m\u00e1s general de la Econom\u00eda Social, etc.<\/p>\n<p>As\u00ed mismo, no podemos olvidar que es un \u00e1mbito propio la incidencia econ\u00f3mica, por lo que sigue siendo un objetivo el generar m\u00e1s y mejor Econom\u00eda Solidaria, a trav\u00e9s del desarrollo del Mercado Social, el impulso de sectores estrat\u00e9gicos como las finanzas \u00e9ticas o las energ\u00edas renovables, o la apertura de una nueva l\u00ednea de trabajo relacionada con el apoyo a la intercooperaci\u00f3n empresarial y el emprendizaje colectivo en Econom\u00eda Solidaria.<\/p>\n<p>Mantendremos el trabajo en auditor\u00eda y balance social, el refuerzo de nuestra presencia en redes internacionales, el impulso de los procesos de comunicaci\u00f3n y, especialmente, el desarrollo y mejora del Portal web de Econom\u00eda Solidaria (<a href=\"http:\/\/www.economiasolidaria.org\"><strong>www.economiasolidaria.org<\/strong><\/a>).<\/p>\n<p>En fin, un a\u00f1o, como no pod\u00eda ser menos, lleno de retos en la apasionante tarea de contribuir a la transformaci\u00f3n de nuestro mundo desde la Econom\u00eda Solidaria; un mundo que queremos m\u00e1s justo y solidario, donde la sostenibilidad de la vida est\u00e9 en el centro de todos los nuevos procesos econ\u00f3micos, sociales y pol\u00edticos abiertos.<\/p>\n<\/div>","protected":false},"excerpt":{"rendered":"<p>Entrevista a Carlos Askunze, miembro del Comit\u00e9 de Coordinaci\u00f3n de REAS Red de Redes y Referente de la Zona Norte de Fiare Banca Etica<\/p>\n","protected":false},"author":2,"featured_media":323922,"comment_status":"open","ping_status":"closed","sticky":false,"template":"","format":"standard","meta":{"_acf_changed":false,"footnotes":""},"categories":[11643],"tags":[],"coauthors":[],"class_list":["post-346288","post","type-post","status-publish","format-standard","has-post-thumbnail","hentry","category-finances-etiques"],"acf":[],"yoast_head":"<!-- This site is optimized with the Yoast SEO plugin v26.9 - https:\/\/yoast.com\/product\/yoast-seo-wordpress\/ -->\n<title>Entrevista a Carlos Askunze de REAS - Fiare Banca Etica<\/title>\n<meta name=\"robots\" content=\"index, follow, max-snippet:-1, max-image-preview:large, max-video-preview:-1\" \/>\n<link rel=\"canonical\" href=\"https:\/\/www.fiarebancaetica.coop\/ca\/entrevista-a-carlos-askunze-de-reas\/\" \/>\n<meta property=\"og:locale\" content=\"ca_ES\" \/>\n<meta property=\"og:type\" content=\"article\" \/>\n<meta property=\"og:title\" content=\"Entrevista a Carlos Askunze de REAS - Fiare Banca Etica\" \/>\n<meta property=\"og:description\" content=\"Entrevista a Carlos Askunze, miembro del Comit\u00e9 de Coordinaci\u00f3n de REAS Red de Redes y Referente de la Zona Norte de Fiare Banca Etica\" \/>\n<meta property=\"og:url\" content=\"https:\/\/www.fiarebancaetica.coop\/ca\/entrevista-a-carlos-askunze-de-reas\/\" \/>\n<meta property=\"og:site_name\" content=\"Fiare Banca Etica\" \/>\n<meta property=\"article:published_time\" content=\"2015-08-09T22:00:00+00:00\" \/>\n<meta property=\"article:modified_time\" content=\"2024-02-21T15:08:59+00:00\" \/>\n<meta property=\"og:image\" content=\"https:\/\/www.fiarebancaetica.coop\/app\/uploads\/sites\/2\/2023\/12\/entrevista-de-carlos-askunze-de-reas.jpg\" \/>\n\t<meta property=\"og:image:width\" content=\"1280\" \/>\n\t<meta property=\"og:image:height\" content=\"720\" \/>\n\t<meta property=\"og:image:type\" content=\"image\/jpeg\" \/>\n<meta name=\"author\" content=\"crispyadmin0\" \/>\n<meta name=\"twitter:card\" content=\"summary_large_image\" \/>\n<script type=\"application\/ld+json\" class=\"yoast-schema-graph\">{\"@context\":\"https:\/\/schema.org\",\"@graph\":[{\"@type\":\"Article\",\"@id\":\"https:\/\/www.fiarebancaetica.coop\/ca\/entrevista-a-carlos-askunze-de-reas\/#article\",\"isPartOf\":{\"@id\":\"https:\/\/www.fiarebancaetica.coop\/ca\/entrevista-a-carlos-askunze-de-reas\/\"},\"author\":{\"name\":\"crispyadmin0\",\"@id\":\"https:\/\/www.fiarebancaetica.coop\/ca\/#\/schema\/person\/579841e89c804b5db05d9141bd9b8272\"},\"headline\":\"Entrevista a Carlos Askunze de REAS\",\"datePublished\":\"2015-08-09T22:00:00+00:00\",\"dateModified\":\"2024-02-21T15:08:59+00:00\",\"mainEntityOfPage\":{\"@id\":\"https:\/\/www.fiarebancaetica.coop\/ca\/entrevista-a-carlos-askunze-de-reas\/\"},\"wordCount\":2098,\"commentCount\":0,\"image\":{\"@id\":\"https:\/\/www.fiarebancaetica.coop\/ca\/entrevista-a-carlos-askunze-de-reas\/#primaryimage\"},\"thumbnailUrl\":\"https:\/\/www.fiarebancaetica.coop\/app\/uploads\/sites\/2\/2023\/12\/entrevista-de-carlos-askunze-de-reas.jpg\",\"articleSection\":[\"Finances \u00e8tiques\"],\"inLanguage\":\"ca\",\"potentialAction\":[{\"@type\":\"CommentAction\",\"name\":\"Comment\",\"target\":[\"https:\/\/www.fiarebancaetica.coop\/ca\/entrevista-a-carlos-askunze-de-reas\/#respond\"]}]},{\"@type\":\"WebPage\",\"@id\":\"https:\/\/www.fiarebancaetica.coop\/ca\/entrevista-a-carlos-askunze-de-reas\/\",\"url\":\"https:\/\/www.fiarebancaetica.coop\/ca\/entrevista-a-carlos-askunze-de-reas\/\",\"name\":\"Entrevista a Carlos Askunze de REAS - Fiare Banca Etica\",\"isPartOf\":{\"@id\":\"https:\/\/www.fiarebancaetica.coop\/ca\/#website\"},\"primaryImageOfPage\":{\"@id\":\"https:\/\/www.fiarebancaetica.coop\/ca\/entrevista-a-carlos-askunze-de-reas\/#primaryimage\"},\"image\":{\"@id\":\"https:\/\/www.fiarebancaetica.coop\/ca\/entrevista-a-carlos-askunze-de-reas\/#primaryimage\"},\"thumbnailUrl\":\"https:\/\/www.fiarebancaetica.coop\/app\/uploads\/sites\/2\/2023\/12\/entrevista-de-carlos-askunze-de-reas.jpg\",\"datePublished\":\"2015-08-09T22:00:00+00:00\",\"dateModified\":\"2024-02-21T15:08:59+00:00\",\"author\":{\"@id\":\"https:\/\/www.fiarebancaetica.coop\/ca\/#\/schema\/person\/579841e89c804b5db05d9141bd9b8272\"},\"breadcrumb\":{\"@id\":\"https:\/\/www.fiarebancaetica.coop\/ca\/entrevista-a-carlos-askunze-de-reas\/#breadcrumb\"},\"inLanguage\":\"ca\",\"potentialAction\":[{\"@type\":\"ReadAction\",\"target\":[\"https:\/\/www.fiarebancaetica.coop\/ca\/entrevista-a-carlos-askunze-de-reas\/\"]}]},{\"@type\":\"ImageObject\",\"inLanguage\":\"ca\",\"@id\":\"https:\/\/www.fiarebancaetica.coop\/ca\/entrevista-a-carlos-askunze-de-reas\/#primaryimage\",\"url\":\"https:\/\/www.fiarebancaetica.coop\/app\/uploads\/sites\/2\/2023\/12\/entrevista-de-carlos-askunze-de-reas.jpg\",\"contentUrl\":\"https:\/\/www.fiarebancaetica.coop\/app\/uploads\/sites\/2\/2023\/12\/entrevista-de-carlos-askunze-de-reas.jpg\",\"width\":1280,\"height\":720},{\"@type\":\"BreadcrumbList\",\"@id\":\"https:\/\/www.fiarebancaetica.coop\/ca\/entrevista-a-carlos-askunze-de-reas\/#breadcrumb\",\"itemListElement\":[{\"@type\":\"ListItem\",\"position\":1,\"name\":\"Home\",\"item\":\"https:\/\/www.fiarebancaetica.coop\/ca\/\"},{\"@type\":\"ListItem\",\"position\":2,\"name\":\"Entrevista a Carlos Askunze de REAS\"}]},{\"@type\":\"WebSite\",\"@id\":\"https:\/\/www.fiarebancaetica.coop\/ca\/#website\",\"url\":\"https:\/\/www.fiarebancaetica.coop\/ca\/\",\"name\":\"Fiare Banca Etica\",\"description\":\"\",\"potentialAction\":[{\"@type\":\"SearchAction\",\"target\":{\"@type\":\"EntryPoint\",\"urlTemplate\":\"https:\/\/www.fiarebancaetica.coop\/ca\/?s={search_term_string}\"},\"query-input\":{\"@type\":\"PropertyValueSpecification\",\"valueRequired\":true,\"valueName\":\"search_term_string\"}}],\"inLanguage\":\"ca\"},{\"@type\":\"Person\",\"@id\":\"https:\/\/www.fiarebancaetica.coop\/ca\/#\/schema\/person\/579841e89c804b5db05d9141bd9b8272\",\"name\":\"crispyadmin0\",\"image\":{\"@type\":\"ImageObject\",\"inLanguage\":\"ca\",\"@id\":\"https:\/\/www.fiarebancaetica.coop\/ca\/#\/schema\/person\/image\/5f3a6b7786f32f4c35bd2b1a5a4698ea\",\"url\":\"https:\/\/secure.gravatar.com\/avatar\/4d2cfb499d497b6d49da659fab7404b243a87fe8e40d2cf97a1cae48f677f5b2?s=96&d=mm&r=g\",\"contentUrl\":\"https:\/\/secure.gravatar.com\/avatar\/4d2cfb499d497b6d49da659fab7404b243a87fe8e40d2cf97a1cae48f677f5b2?s=96&d=mm&r=g\",\"caption\":\"crispyadmin0\"},\"sameAs\":[\"crispyadmin0\"]}]}<\/script>\n<!-- \/ Yoast SEO plugin. -->","yoast_head_json":{"title":"Entrevista a Carlos Askunze de REAS - Fiare Banca Etica","robots":{"index":"index","follow":"follow","max-snippet":"max-snippet:-1","max-image-preview":"max-image-preview:large","max-video-preview":"max-video-preview:-1"},"canonical":"https:\/\/www.fiarebancaetica.coop\/ca\/entrevista-a-carlos-askunze-de-reas\/","og_locale":"ca_ES","og_type":"article","og_title":"Entrevista a Carlos Askunze de REAS - Fiare Banca Etica","og_description":"Entrevista a Carlos Askunze, miembro del Comit\u00e9 de Coordinaci\u00f3n de REAS Red de Redes y Referente de la Zona Norte de Fiare Banca Etica","og_url":"https:\/\/www.fiarebancaetica.coop\/ca\/entrevista-a-carlos-askunze-de-reas\/","og_site_name":"Fiare Banca Etica","article_published_time":"2015-08-09T22:00:00+00:00","article_modified_time":"2024-02-21T15:08:59+00:00","og_image":[{"width":1280,"height":720,"url":"https:\/\/www.fiarebancaetica.coop\/app\/uploads\/sites\/2\/2023\/12\/entrevista-de-carlos-askunze-de-reas.jpg","type":"image\/jpeg"}],"author":"crispyadmin0","twitter_card":"summary_large_image","schema":{"@context":"https:\/\/schema.org","@graph":[{"@type":"Article","@id":"https:\/\/www.fiarebancaetica.coop\/ca\/entrevista-a-carlos-askunze-de-reas\/#article","isPartOf":{"@id":"https:\/\/www.fiarebancaetica.coop\/ca\/entrevista-a-carlos-askunze-de-reas\/"},"author":{"name":"crispyadmin0","@id":"https:\/\/www.fiarebancaetica.coop\/ca\/#\/schema\/person\/579841e89c804b5db05d9141bd9b8272"},"headline":"Entrevista a Carlos Askunze de REAS","datePublished":"2015-08-09T22:00:00+00:00","dateModified":"2024-02-21T15:08:59+00:00","mainEntityOfPage":{"@id":"https:\/\/www.fiarebancaetica.coop\/ca\/entrevista-a-carlos-askunze-de-reas\/"},"wordCount":2098,"commentCount":0,"image":{"@id":"https:\/\/www.fiarebancaetica.coop\/ca\/entrevista-a-carlos-askunze-de-reas\/#primaryimage"},"thumbnailUrl":"https:\/\/www.fiarebancaetica.coop\/app\/uploads\/sites\/2\/2023\/12\/entrevista-de-carlos-askunze-de-reas.jpg","articleSection":["Finances \u00e8tiques"],"inLanguage":"ca","potentialAction":[{"@type":"CommentAction","name":"Comment","target":["https:\/\/www.fiarebancaetica.coop\/ca\/entrevista-a-carlos-askunze-de-reas\/#respond"]}]},{"@type":"WebPage","@id":"https:\/\/www.fiarebancaetica.coop\/ca\/entrevista-a-carlos-askunze-de-reas\/","url":"https:\/\/www.fiarebancaetica.coop\/ca\/entrevista-a-carlos-askunze-de-reas\/","name":"Entrevista a Carlos Askunze de REAS - Fiare Banca Etica","isPartOf":{"@id":"https:\/\/www.fiarebancaetica.coop\/ca\/#website"},"primaryImageOfPage":{"@id":"https:\/\/www.fiarebancaetica.coop\/ca\/entrevista-a-carlos-askunze-de-reas\/#primaryimage"},"image":{"@id":"https:\/\/www.fiarebancaetica.coop\/ca\/entrevista-a-carlos-askunze-de-reas\/#primaryimage"},"thumbnailUrl":"https:\/\/www.fiarebancaetica.coop\/app\/uploads\/sites\/2\/2023\/12\/entrevista-de-carlos-askunze-de-reas.jpg","datePublished":"2015-08-09T22:00:00+00:00","dateModified":"2024-02-21T15:08:59+00:00","author":{"@id":"https:\/\/www.fiarebancaetica.coop\/ca\/#\/schema\/person\/579841e89c804b5db05d9141bd9b8272"},"breadcrumb":{"@id":"https:\/\/www.fiarebancaetica.coop\/ca\/entrevista-a-carlos-askunze-de-reas\/#breadcrumb"},"inLanguage":"ca","potentialAction":[{"@type":"ReadAction","target":["https:\/\/www.fiarebancaetica.coop\/ca\/entrevista-a-carlos-askunze-de-reas\/"]}]},{"@type":"ImageObject","inLanguage":"ca","@id":"https:\/\/www.fiarebancaetica.coop\/ca\/entrevista-a-carlos-askunze-de-reas\/#primaryimage","url":"https:\/\/www.fiarebancaetica.coop\/app\/uploads\/sites\/2\/2023\/12\/entrevista-de-carlos-askunze-de-reas.jpg","contentUrl":"https:\/\/www.fiarebancaetica.coop\/app\/uploads\/sites\/2\/2023\/12\/entrevista-de-carlos-askunze-de-reas.jpg","width":1280,"height":720},{"@type":"BreadcrumbList","@id":"https:\/\/www.fiarebancaetica.coop\/ca\/entrevista-a-carlos-askunze-de-reas\/#breadcrumb","itemListElement":[{"@type":"ListItem","position":1,"name":"Home","item":"https:\/\/www.fiarebancaetica.coop\/ca\/"},{"@type":"ListItem","position":2,"name":"Entrevista a Carlos Askunze de REAS"}]},{"@type":"WebSite","@id":"https:\/\/www.fiarebancaetica.coop\/ca\/#website","url":"https:\/\/www.fiarebancaetica.coop\/ca\/","name":"Fiare Banca Etica","description":"","potentialAction":[{"@type":"SearchAction","target":{"@type":"EntryPoint","urlTemplate":"https:\/\/www.fiarebancaetica.coop\/ca\/?s={search_term_string}"},"query-input":{"@type":"PropertyValueSpecification","valueRequired":true,"valueName":"search_term_string"}}],"inLanguage":"ca"},{"@type":"Person","@id":"https:\/\/www.fiarebancaetica.coop\/ca\/#\/schema\/person\/579841e89c804b5db05d9141bd9b8272","name":"crispyadmin0","image":{"@type":"ImageObject","inLanguage":"ca","@id":"https:\/\/www.fiarebancaetica.coop\/ca\/#\/schema\/person\/image\/5f3a6b7786f32f4c35bd2b1a5a4698ea","url":"https:\/\/secure.gravatar.com\/avatar\/4d2cfb499d497b6d49da659fab7404b243a87fe8e40d2cf97a1cae48f677f5b2?s=96&d=mm&r=g","contentUrl":"https:\/\/secure.gravatar.com\/avatar\/4d2cfb499d497b6d49da659fab7404b243a87fe8e40d2cf97a1cae48f677f5b2?s=96&d=mm&r=g","caption":"crispyadmin0"},"sameAs":["crispyadmin0"]}]}},"_links":{"self":[{"href":"https:\/\/www.fiarebancaetica.coop\/ca\/wp-json\/wp\/v2\/posts\/346288","targetHints":{"allow":["GET"]}}],"collection":[{"href":"https:\/\/www.fiarebancaetica.coop\/ca\/wp-json\/wp\/v2\/posts"}],"about":[{"href":"https:\/\/www.fiarebancaetica.coop\/ca\/wp-json\/wp\/v2\/types\/post"}],"author":[{"embeddable":true,"href":"https:\/\/www.fiarebancaetica.coop\/ca\/wp-json\/wp\/v2\/users\/2"}],"replies":[{"embeddable":true,"href":"https:\/\/www.fiarebancaetica.coop\/ca\/wp-json\/wp\/v2\/comments?post=346288"}],"version-history":[{"count":1,"href":"https:\/\/www.fiarebancaetica.coop\/ca\/wp-json\/wp\/v2\/posts\/346288\/revisions"}],"predecessor-version":[{"id":353174,"href":"https:\/\/www.fiarebancaetica.coop\/ca\/wp-json\/wp\/v2\/posts\/346288\/revisions\/353174"}],"wp:featuredmedia":[{"embeddable":true,"href":"https:\/\/www.fiarebancaetica.coop\/ca\/wp-json\/wp\/v2\/media\/323922"}],"wp:attachment":[{"href":"https:\/\/www.fiarebancaetica.coop\/ca\/wp-json\/wp\/v2\/media?parent=346288"}],"wp:term":[{"taxonomy":"category","embeddable":true,"href":"https:\/\/www.fiarebancaetica.coop\/ca\/wp-json\/wp\/v2\/categories?post=346288"},{"taxonomy":"post_tag","embeddable":true,"href":"https:\/\/www.fiarebancaetica.coop\/ca\/wp-json\/wp\/v2\/tags?post=346288"},{"taxonomy":"author","embeddable":true,"href":"https:\/\/www.fiarebancaetica.coop\/ca\/wp-json\/wp\/v2\/coauthors?post=346288"}],"curies":[{"name":"wp","href":"https:\/\/api.w.org\/{rel}","templated":true}]}}