{"id":346376,"date":"2015-04-21T00:00:00","date_gmt":"2015-04-20T22:00:00","guid":{"rendered":"https:\/\/www.fiarebancaetica.coop\/jornada-financoop-8-de-maig\/"},"modified":"2024-02-21T16:11:19","modified_gmt":"2024-02-21T15:11:19","slug":"jornada-financoop-8-de-maig","status":"publish","type":"post","link":"https:\/\/www.fiarebancaetica.coop\/ca\/jornada-financoop-8-de-maig\/","title":{"rendered":"Jornada Financoop &#8211; 8 de Maig"},"content":{"rendered":"\n\n<div class=\"wp-block-bancaetica-blocks-blocks-block-49\">\n    <div class=\"container-block-49\">\n\n        <div class=\"header-section \">\n                            <h1 class=\"section-title\"> Etica e cooperativa <\/h1>\n                                            <\/div>\n\n        \n        <div class=\"block-background\" style=\"background-image: url('https:\/\/www.fiarebancaetica.coop\/app\/uploads\/sites\/2\/2023\/12\/jornada-financoop-8-de-mayo.jpg')\">\n                            <div class=\"tile\">\n                    <h1 class=\"image-title\"> Jornada Financoop &#8211; 8 de Maig <\/h1>\n                <\/div>             <!-- end .tile -->\n            <div class=\"bottom-content\">\n                            <\/div> <!-- end .button-content -->\n        <\/div> <!-- end .block-background -->\n    <\/div> <!-- end .container -->\n<\/div> <!-- end wp-block-bancaetica-blocks-blocks-block-06 -->\n\n\n<div class=\"wrapper-crispybacon-class wrapper-crispybacon-class-boxed \">\n    <h2>\n\tLa jornada<\/h2>\n<p>La jornada Financoop es celebrar\u00e0 el pr\u00f2xim divendres , 8 de maig de 2015 en el Cibern\u00e0rium \u2013 Barcelona Activa (Barcelona). Ser\u00e0 el punt de trobada entre les empreses cooperatives i les entitats financeres de la xarxa Financoop. L\u2019objectiu: obrir les portes del finan\u00e7ament a tots els projectes cooperatius.<\/p>\n<p>Aquesta jornada t\u00e9 3 tipus d\u2019activitats per posar en contacte les empreses cooperatives amb les entitats financeres :<\/p>\n<h2>\n\tEl programa oficial de la RondaFinancoop<\/h2>\n<p>Una sessi\u00f3 per donar a con\u00e8ixer els projectes cooperatius que s\u2019han presentat a la Ronda de finan\u00e7ament i posar de manifest quines son les necessitats financeres de les cooperatives. Es presentaran casos pr\u00e0ctics i d\u2019\u00e8xit en els que la cooperaci\u00f3 entre diferents entitats financeres han donat un gran impuls a empreses com les vostres.<\/p>\n<h2>\n\tEspai Cara a Cara<\/h2>\n<p>Un espai on les entitats membres de Financoop atendran totes les cooperatives. Aquest ser\u00e0 el primer contacte per iniciar una relaci\u00f3 de col\u00b7laboraci\u00f3 a llarg termini. Us hi apunteu? Si ho voleu podeu reservar hora per ser atesos.<\/p>\n<h2>\n\tEl punt de trobada<\/h2>\n<p>Entre el p\u00fablic participant hi haur\u00e0 les empreses cooperatives de tot tipus i sectors, empreses de l\u2019economia social, institucions de foment de les cooperatives, administracions p\u00fabliques i les entitats financeres: de banca \u00e8tica, cooperativa i les tradicionals, inversors, business angels \u2026<br \/>\n\tLa pausa caf\u00e8 i el dinar seran els millors moments per a presentar el vostre projecte a diferents tipus d\u2019inversors. Us ho posem f\u00e0cil per fer el primer pas:<br \/>\n\t\u2013 Qui busca finan\u00e7ament (verd): empreses cooperatives i de l\u2019economia social<br \/>\n\t\u2013 Qui \u00e9s font de finan\u00e7ament (blau)<\/p>\n<p><br \/>\n\t<strong>I tu de quin color ets?<\/strong><br \/>\n\tFinancoop-la jornada<br \/>\n\tidentificiaci\u00f3 financoop<\/p>\n<p><br \/>\n\t<strong>Qu\u00e8 farem?<\/strong><br \/>\n\tAqu\u00ed teniu el programa de la jornada Financoop.<\/p>\n<p>8 de maig de 2015 \u2013 Cibern\u00e0rium \u2013 Barcelona Activa<\/p>\n<p>8:30h \u2013 9h Acreditacions<\/p>\n<p>9h- 9:45h Benvinguda institucional<\/p>\n<p>9h: 45h \u2013 10h Presentaci\u00f3 de Financoop<\/p>\n<p>10h-11h Primer bloc d\u2019exposici\u00f3 dels projectes cooperatius que participen a la Ronda<\/p>\n<p><strong>Cas d\u2019\u00e8xit 1<\/strong><\/p>\n<p>11h \u2013 11:30h Pausa Caf\u00e9 \u2013 Punt de trobada lliure i informal<\/p>\n<p>11:30 \u2013 12h Programes de col\u00b7laboraci\u00f3 p\u00fablico-privada de capitalitzaci\u00f3 de cooperatives<\/p>\n<p>12h \u2013 13h Segon bloc d\u2019exposici\u00f3 dels projectes cooperatius que participen a la Ronda<\/p>\n<p><strong>Cas d\u2019\u00e8xit 2<\/strong><\/p>\n<p>13h \u2013 13:45h Cloenda institucional<\/p>\n<p>13:45h \u2013 15h El dinar: Punt de trobada lliure i informal<br \/>\n\tA peu dret a c\u00e0rrec de Sambucus.<\/p>\n<h2>\n\tQui pot assistir?<\/h2>\n<p>La jornada Financoop \u00e9s el punt de trobada entre les empreses cooperatives i les entitats financeres i inversors privats. Totes s\u00f3n benvingudes perqu\u00e8 compartim un mateix objectiu: obrir les portes del finan\u00e7ament als projectes cooperatius.<br \/>\n\tNom\u00e9s cal que feu la inscripci\u00f3<\/p>\n<h2>\n\tEspai Cara a Cara<\/h2>\n<p>De 10h \u2013 13h les entitats membres de Financoop esperen els vostres projectes.<\/p>\n<p>_______________________________________________________________<\/p>\n<h2>\n\tLa jornada<\/h2>\n<p>La jornada Financoop se celebrar\u00e1 el pr\u00f3ximo viernes, 8 de Mayo de 2015. Ser\u00e1 el punto de encuentro entre las empresas cooperativas y las entidades financieras de la red Financoop. Porque la red Financoop est\u00e1 orientada a abrir las puertas de la financiaci\u00f3n a todos los proyectos cooperativos.<\/p>\n<p>Esta jornada tiene 3 tipos de actividades para poner en contacto las empresas cooperativas con las entidades financieras:<\/p>\n<h2>\n\tEl programa oficial de la Ronda Financoop<\/h2>\n<p>Una jornada para dar a conocer los proyectos cooperativos que se han presentado en la Ronda de financiaci\u00f3n y mostrar cu\u00e1les son las necesidades financieras de las cooperativas. Conocer\u00e9is casos pr\u00e1cticos y de \u00e9xito en los que la cooperaci\u00f3n entre diferentes entidades financieras ha impulsado empresas como las vuestras.<\/p>\n<p><strong>Aqu\u00ed puedes ver el programa<\/strong><\/p>\n<h2>\n\tEspacio Cara a Cara<\/h2>\n<p>Un espacio donde las organizaciones miembro de Financoop tendr\u00e1n atender\u00e1n a todas las cooperativas que lo deseen. Se trata de un primer contacto para iniciar una relaci\u00f3n de colaboraci\u00f3n a largo plazo. \u00bfOs apunt\u00e1is? Si lo deseas puedes reservar hora para ser atendidos.<\/p>\n<h2>\n\tEl punto de encuentro<\/h2>\n<p>Entre el p\u00fablico asistente habr\u00e1 cooperativas de todos los tama\u00f1os y sectores, instituciones de promoci\u00f3n de las cooperativas y administraciones p\u00fablicas y entidades financieras: de banca \u00e9tica, cooperativa y las tradicionales, inversores, business angels \u2026<br \/>\n\tLa pausa caf\u00e9 y la comida ser\u00e1n vuestros mejores momentos para presentar el proyecto a diferentes tipos de inversores. Os lo ponemos f\u00e1cil para que deis el primer paso.<br \/>\n\t\u2013 Qui\u00e9n busca financiaci\u00f3n (verde) empresas cooperativas y de la econom\u00eda social<br \/>\n\t\u2013 Qui\u00e9n es fuente de financiaci\u00f3n<\/p>\n<p>&nbsp;<\/p>\n<h2>\n\tEl programa provisional de la jornada Financoop<\/h2>\n<p>8 de mayo en el Cibernarium \u2013 MediaTIC<\/p>\n<p>8: 30h \u2013 9h Acreditaciones<\/p>\n<p>9h- 9: 45h Bienvenida institucional<\/p>\n<p>9h: 45h \u2013 10h Presentaci\u00f3n de Financoop<\/p>\n<p>10h-11h Primer bloque de exposici\u00f3n de los proyectos cooperativos que participan en la Ronda<\/p>\n<p><strong>Caso de \u00e9xito 1<\/strong><\/p>\n<p>11h \u2013 11:30h Pausa Caf\u00e9 \u2013 Punto de encuentro libre e informal<\/p>\n<p>11:30 \u2013 12h Programas de colaboraci\u00f3n p\u00fablico-privada de capitalizaci\u00f3n de cooperativas<\/p>\n<p>12h \u2013 13h Segundo bloque de exposici\u00f3n de los proyectos cooperativos que participan en la Ronda<\/p>\n<p><strong>Caso de \u00e9xito 2<\/strong><\/p>\n<p>13h \u2013 13:45h Clausura institucional<\/p>\n<p>13:45h \u2013 15h Comida Punto de encuentro de pie a cargo de Sambucus<\/p>\n<h2>\n\t<br \/>\n\t\u00bfQui\u00e9n puede asistir?<\/h2>\n<p>La jornada Financoop es el punto de encuentro de las empresas cooperativas y las entidades financieras e inversores privados. Todas son bienvenidas porque tenemos un mismo objetivo: abrir las puertas de la financiaci\u00f3n a los proyectos cooperativos.<br \/>\n\tBasta con hacer la inscripci\u00f3n<\/p>\n<p>http:\/\/financoop.org\/es\/la-jornada\/<\/p>\n<p>&nbsp;<\/p>\n<\/div>","protected":false},"excerpt":{"rendered":"<p>La jornada Financoop es celebrar\u00e0 el pr\u00f2xim divendres , 8 de maig de 2015 en el Cibernarium de Barcelonactiva a Barcelona. Ser\u00e0 el punt de trobada entre les empreses cooperatives i les entitats financeres de la xarxa Financoop. L\u2019objectiu: obrir les portes del finan\u00e7ament a tots els projectes cooperatius.<\/p>\n","protected":false},"author":2,"featured_media":323794,"comment_status":"open","ping_status":"closed","sticky":false,"template":"","format":"standard","meta":{"_acf_changed":false,"footnotes":""},"categories":[11643],"tags":[],"coauthors":[],"class_list":["post-346376","post","type-post","status-publish","format-standard","has-post-thumbnail","hentry","category-finances-etiques"],"acf":[],"yoast_head":"<!-- This site is optimized with the Yoast SEO plugin v26.9 - https:\/\/yoast.com\/product\/yoast-seo-wordpress\/ -->\n<title>Jornada Financoop - 8 de Maig - Fiare Banca Etica<\/title>\n<meta name=\"robots\" content=\"index, follow, max-snippet:-1, max-image-preview:large, max-video-preview:-1\" \/>\n<link rel=\"canonical\" href=\"https:\/\/www.fiarebancaetica.coop\/ca\/jornada-financoop-8-de-maig\/\" \/>\n<meta property=\"og:locale\" content=\"ca_ES\" \/>\n<meta property=\"og:type\" content=\"article\" \/>\n<meta property=\"og:title\" content=\"Jornada Financoop - 8 de Maig - Fiare Banca Etica\" \/>\n<meta property=\"og:description\" content=\"La jornada Financoop es celebrar\u00e0 el pr\u00f2xim divendres , 8 de maig de 2015 en el Cibernarium de Barcelonactiva a Barcelona. Ser\u00e0 el punt de trobada entre les empreses cooperatives i les entitats financeres de la xarxa Financoop. L\u2019objectiu: obrir les portes del finan\u00e7ament a tots els projectes cooperatius.\" \/>\n<meta property=\"og:url\" content=\"https:\/\/www.fiarebancaetica.coop\/ca\/jornada-financoop-8-de-maig\/\" \/>\n<meta property=\"og:site_name\" content=\"Fiare Banca Etica\" \/>\n<meta property=\"article:published_time\" content=\"2015-04-20T22:00:00+00:00\" \/>\n<meta property=\"article:modified_time\" content=\"2024-02-21T15:11:19+00:00\" \/>\n<meta property=\"og:image\" content=\"https:\/\/www.fiarebancaetica.coop\/app\/uploads\/sites\/2\/2023\/12\/jornada-financoop-8-de-mayo.jpg\" \/>\n\t<meta property=\"og:image:width\" content=\"595\" \/>\n\t<meta property=\"og:image:height\" content=\"198\" \/>\n\t<meta property=\"og:image:type\" content=\"image\/jpeg\" \/>\n<meta name=\"author\" content=\"crispyadmin0\" \/>\n<meta name=\"twitter:card\" content=\"summary_large_image\" \/>\n<script type=\"application\/ld+json\" class=\"yoast-schema-graph\">{\"@context\":\"https:\/\/schema.org\",\"@graph\":[{\"@type\":\"Article\",\"@id\":\"https:\/\/www.fiarebancaetica.coop\/ca\/jornada-financoop-8-de-maig\/#article\",\"isPartOf\":{\"@id\":\"https:\/\/www.fiarebancaetica.coop\/ca\/jornada-financoop-8-de-maig\/\"},\"author\":{\"name\":\"crispyadmin0\",\"@id\":\"https:\/\/www.fiarebancaetica.coop\/ca\/#\/schema\/person\/579841e89c804b5db05d9141bd9b8272\"},\"headline\":\"Jornada Financoop &#8211; 8 de Maig\",\"datePublished\":\"2015-04-20T22:00:00+00:00\",\"dateModified\":\"2024-02-21T15:11:19+00:00\",\"mainEntityOfPage\":{\"@id\":\"https:\/\/www.fiarebancaetica.coop\/ca\/jornada-financoop-8-de-maig\/\"},\"wordCount\":895,\"commentCount\":0,\"image\":{\"@id\":\"https:\/\/www.fiarebancaetica.coop\/ca\/jornada-financoop-8-de-maig\/#primaryimage\"},\"thumbnailUrl\":\"https:\/\/www.fiarebancaetica.coop\/app\/uploads\/sites\/2\/2023\/12\/jornada-financoop-8-de-mayo.jpg\",\"articleSection\":[\"Finances \u00e8tiques\"],\"inLanguage\":\"ca\",\"potentialAction\":[{\"@type\":\"CommentAction\",\"name\":\"Comment\",\"target\":[\"https:\/\/www.fiarebancaetica.coop\/ca\/jornada-financoop-8-de-maig\/#respond\"]}]},{\"@type\":\"WebPage\",\"@id\":\"https:\/\/www.fiarebancaetica.coop\/ca\/jornada-financoop-8-de-maig\/\",\"url\":\"https:\/\/www.fiarebancaetica.coop\/ca\/jornada-financoop-8-de-maig\/\",\"name\":\"Jornada Financoop - 8 de Maig - Fiare Banca Etica\",\"isPartOf\":{\"@id\":\"https:\/\/www.fiarebancaetica.coop\/ca\/#website\"},\"primaryImageOfPage\":{\"@id\":\"https:\/\/www.fiarebancaetica.coop\/ca\/jornada-financoop-8-de-maig\/#primaryimage\"},\"image\":{\"@id\":\"https:\/\/www.fiarebancaetica.coop\/ca\/jornada-financoop-8-de-maig\/#primaryimage\"},\"thumbnailUrl\":\"https:\/\/www.fiarebancaetica.coop\/app\/uploads\/sites\/2\/2023\/12\/jornada-financoop-8-de-mayo.jpg\",\"datePublished\":\"2015-04-20T22:00:00+00:00\",\"dateModified\":\"2024-02-21T15:11:19+00:00\",\"author\":{\"@id\":\"https:\/\/www.fiarebancaetica.coop\/ca\/#\/schema\/person\/579841e89c804b5db05d9141bd9b8272\"},\"breadcrumb\":{\"@id\":\"https:\/\/www.fiarebancaetica.coop\/ca\/jornada-financoop-8-de-maig\/#breadcrumb\"},\"inLanguage\":\"ca\",\"potentialAction\":[{\"@type\":\"ReadAction\",\"target\":[\"https:\/\/www.fiarebancaetica.coop\/ca\/jornada-financoop-8-de-maig\/\"]}]},{\"@type\":\"ImageObject\",\"inLanguage\":\"ca\",\"@id\":\"https:\/\/www.fiarebancaetica.coop\/ca\/jornada-financoop-8-de-maig\/#primaryimage\",\"url\":\"https:\/\/www.fiarebancaetica.coop\/app\/uploads\/sites\/2\/2023\/12\/jornada-financoop-8-de-mayo.jpg\",\"contentUrl\":\"https:\/\/www.fiarebancaetica.coop\/app\/uploads\/sites\/2\/2023\/12\/jornada-financoop-8-de-mayo.jpg\",\"width\":595,\"height\":198},{\"@type\":\"BreadcrumbList\",\"@id\":\"https:\/\/www.fiarebancaetica.coop\/ca\/jornada-financoop-8-de-maig\/#breadcrumb\",\"itemListElement\":[{\"@type\":\"ListItem\",\"position\":1,\"name\":\"Home\",\"item\":\"https:\/\/www.fiarebancaetica.coop\/ca\/\"},{\"@type\":\"ListItem\",\"position\":2,\"name\":\"Jornada Financoop &#8211; 8 de Maig\"}]},{\"@type\":\"WebSite\",\"@id\":\"https:\/\/www.fiarebancaetica.coop\/ca\/#website\",\"url\":\"https:\/\/www.fiarebancaetica.coop\/ca\/\",\"name\":\"Fiare Banca Etica\",\"description\":\"\",\"potentialAction\":[{\"@type\":\"SearchAction\",\"target\":{\"@type\":\"EntryPoint\",\"urlTemplate\":\"https:\/\/www.fiarebancaetica.coop\/ca\/?s={search_term_string}\"},\"query-input\":{\"@type\":\"PropertyValueSpecification\",\"valueRequired\":true,\"valueName\":\"search_term_string\"}}],\"inLanguage\":\"ca\"},{\"@type\":\"Person\",\"@id\":\"https:\/\/www.fiarebancaetica.coop\/ca\/#\/schema\/person\/579841e89c804b5db05d9141bd9b8272\",\"name\":\"crispyadmin0\",\"image\":{\"@type\":\"ImageObject\",\"inLanguage\":\"ca\",\"@id\":\"https:\/\/www.fiarebancaetica.coop\/ca\/#\/schema\/person\/image\/5f3a6b7786f32f4c35bd2b1a5a4698ea\",\"url\":\"https:\/\/secure.gravatar.com\/avatar\/4d2cfb499d497b6d49da659fab7404b243a87fe8e40d2cf97a1cae48f677f5b2?s=96&d=mm&r=g\",\"contentUrl\":\"https:\/\/secure.gravatar.com\/avatar\/4d2cfb499d497b6d49da659fab7404b243a87fe8e40d2cf97a1cae48f677f5b2?s=96&d=mm&r=g\",\"caption\":\"crispyadmin0\"},\"sameAs\":[\"crispyadmin0\"]}]}<\/script>\n<!-- \/ Yoast SEO plugin. -->","yoast_head_json":{"title":"Jornada Financoop - 8 de Maig - Fiare Banca Etica","robots":{"index":"index","follow":"follow","max-snippet":"max-snippet:-1","max-image-preview":"max-image-preview:large","max-video-preview":"max-video-preview:-1"},"canonical":"https:\/\/www.fiarebancaetica.coop\/ca\/jornada-financoop-8-de-maig\/","og_locale":"ca_ES","og_type":"article","og_title":"Jornada Financoop - 8 de Maig - Fiare Banca Etica","og_description":"La jornada Financoop es celebrar\u00e0 el pr\u00f2xim divendres , 8 de maig de 2015 en el Cibernarium de Barcelonactiva a Barcelona. Ser\u00e0 el punt de trobada entre les empreses cooperatives i les entitats financeres de la xarxa Financoop. L\u2019objectiu: obrir les portes del finan\u00e7ament a tots els projectes cooperatius.","og_url":"https:\/\/www.fiarebancaetica.coop\/ca\/jornada-financoop-8-de-maig\/","og_site_name":"Fiare Banca Etica","article_published_time":"2015-04-20T22:00:00+00:00","article_modified_time":"2024-02-21T15:11:19+00:00","og_image":[{"width":595,"height":198,"url":"https:\/\/www.fiarebancaetica.coop\/app\/uploads\/sites\/2\/2023\/12\/jornada-financoop-8-de-mayo.jpg","type":"image\/jpeg"}],"author":"crispyadmin0","twitter_card":"summary_large_image","schema":{"@context":"https:\/\/schema.org","@graph":[{"@type":"Article","@id":"https:\/\/www.fiarebancaetica.coop\/ca\/jornada-financoop-8-de-maig\/#article","isPartOf":{"@id":"https:\/\/www.fiarebancaetica.coop\/ca\/jornada-financoop-8-de-maig\/"},"author":{"name":"crispyadmin0","@id":"https:\/\/www.fiarebancaetica.coop\/ca\/#\/schema\/person\/579841e89c804b5db05d9141bd9b8272"},"headline":"Jornada Financoop &#8211; 8 de Maig","datePublished":"2015-04-20T22:00:00+00:00","dateModified":"2024-02-21T15:11:19+00:00","mainEntityOfPage":{"@id":"https:\/\/www.fiarebancaetica.coop\/ca\/jornada-financoop-8-de-maig\/"},"wordCount":895,"commentCount":0,"image":{"@id":"https:\/\/www.fiarebancaetica.coop\/ca\/jornada-financoop-8-de-maig\/#primaryimage"},"thumbnailUrl":"https:\/\/www.fiarebancaetica.coop\/app\/uploads\/sites\/2\/2023\/12\/jornada-financoop-8-de-mayo.jpg","articleSection":["Finances \u00e8tiques"],"inLanguage":"ca","potentialAction":[{"@type":"CommentAction","name":"Comment","target":["https:\/\/www.fiarebancaetica.coop\/ca\/jornada-financoop-8-de-maig\/#respond"]}]},{"@type":"WebPage","@id":"https:\/\/www.fiarebancaetica.coop\/ca\/jornada-financoop-8-de-maig\/","url":"https:\/\/www.fiarebancaetica.coop\/ca\/jornada-financoop-8-de-maig\/","name":"Jornada Financoop - 8 de Maig - Fiare Banca Etica","isPartOf":{"@id":"https:\/\/www.fiarebancaetica.coop\/ca\/#website"},"primaryImageOfPage":{"@id":"https:\/\/www.fiarebancaetica.coop\/ca\/jornada-financoop-8-de-maig\/#primaryimage"},"image":{"@id":"https:\/\/www.fiarebancaetica.coop\/ca\/jornada-financoop-8-de-maig\/#primaryimage"},"thumbnailUrl":"https:\/\/www.fiarebancaetica.coop\/app\/uploads\/sites\/2\/2023\/12\/jornada-financoop-8-de-mayo.jpg","datePublished":"2015-04-20T22:00:00+00:00","dateModified":"2024-02-21T15:11:19+00:00","author":{"@id":"https:\/\/www.fiarebancaetica.coop\/ca\/#\/schema\/person\/579841e89c804b5db05d9141bd9b8272"},"breadcrumb":{"@id":"https:\/\/www.fiarebancaetica.coop\/ca\/jornada-financoop-8-de-maig\/#breadcrumb"},"inLanguage":"ca","potentialAction":[{"@type":"ReadAction","target":["https:\/\/www.fiarebancaetica.coop\/ca\/jornada-financoop-8-de-maig\/"]}]},{"@type":"ImageObject","inLanguage":"ca","@id":"https:\/\/www.fiarebancaetica.coop\/ca\/jornada-financoop-8-de-maig\/#primaryimage","url":"https:\/\/www.fiarebancaetica.coop\/app\/uploads\/sites\/2\/2023\/12\/jornada-financoop-8-de-mayo.jpg","contentUrl":"https:\/\/www.fiarebancaetica.coop\/app\/uploads\/sites\/2\/2023\/12\/jornada-financoop-8-de-mayo.jpg","width":595,"height":198},{"@type":"BreadcrumbList","@id":"https:\/\/www.fiarebancaetica.coop\/ca\/jornada-financoop-8-de-maig\/#breadcrumb","itemListElement":[{"@type":"ListItem","position":1,"name":"Home","item":"https:\/\/www.fiarebancaetica.coop\/ca\/"},{"@type":"ListItem","position":2,"name":"Jornada Financoop &#8211; 8 de Maig"}]},{"@type":"WebSite","@id":"https:\/\/www.fiarebancaetica.coop\/ca\/#website","url":"https:\/\/www.fiarebancaetica.coop\/ca\/","name":"Fiare Banca Etica","description":"","potentialAction":[{"@type":"SearchAction","target":{"@type":"EntryPoint","urlTemplate":"https:\/\/www.fiarebancaetica.coop\/ca\/?s={search_term_string}"},"query-input":{"@type":"PropertyValueSpecification","valueRequired":true,"valueName":"search_term_string"}}],"inLanguage":"ca"},{"@type":"Person","@id":"https:\/\/www.fiarebancaetica.coop\/ca\/#\/schema\/person\/579841e89c804b5db05d9141bd9b8272","name":"crispyadmin0","image":{"@type":"ImageObject","inLanguage":"ca","@id":"https:\/\/www.fiarebancaetica.coop\/ca\/#\/schema\/person\/image\/5f3a6b7786f32f4c35bd2b1a5a4698ea","url":"https:\/\/secure.gravatar.com\/avatar\/4d2cfb499d497b6d49da659fab7404b243a87fe8e40d2cf97a1cae48f677f5b2?s=96&d=mm&r=g","contentUrl":"https:\/\/secure.gravatar.com\/avatar\/4d2cfb499d497b6d49da659fab7404b243a87fe8e40d2cf97a1cae48f677f5b2?s=96&d=mm&r=g","caption":"crispyadmin0"},"sameAs":["crispyadmin0"]}]}},"_links":{"self":[{"href":"https:\/\/www.fiarebancaetica.coop\/ca\/wp-json\/wp\/v2\/posts\/346376","targetHints":{"allow":["GET"]}}],"collection":[{"href":"https:\/\/www.fiarebancaetica.coop\/ca\/wp-json\/wp\/v2\/posts"}],"about":[{"href":"https:\/\/www.fiarebancaetica.coop\/ca\/wp-json\/wp\/v2\/types\/post"}],"author":[{"embeddable":true,"href":"https:\/\/www.fiarebancaetica.coop\/ca\/wp-json\/wp\/v2\/users\/2"}],"replies":[{"embeddable":true,"href":"https:\/\/www.fiarebancaetica.coop\/ca\/wp-json\/wp\/v2\/comments?post=346376"}],"version-history":[{"count":2,"href":"https:\/\/www.fiarebancaetica.coop\/ca\/wp-json\/wp\/v2\/posts\/346376\/revisions"}],"predecessor-version":[{"id":353093,"href":"https:\/\/www.fiarebancaetica.coop\/ca\/wp-json\/wp\/v2\/posts\/346376\/revisions\/353093"}],"wp:featuredmedia":[{"embeddable":true,"href":"https:\/\/www.fiarebancaetica.coop\/ca\/wp-json\/wp\/v2\/media\/323794"}],"wp:attachment":[{"href":"https:\/\/www.fiarebancaetica.coop\/ca\/wp-json\/wp\/v2\/media?parent=346376"}],"wp:term":[{"taxonomy":"category","embeddable":true,"href":"https:\/\/www.fiarebancaetica.coop\/ca\/wp-json\/wp\/v2\/categories?post=346376"},{"taxonomy":"post_tag","embeddable":true,"href":"https:\/\/www.fiarebancaetica.coop\/ca\/wp-json\/wp\/v2\/tags?post=346376"},{"taxonomy":"author","embeddable":true,"href":"https:\/\/www.fiarebancaetica.coop\/ca\/wp-json\/wp\/v2\/coauthors?post=346376"}],"curies":[{"name":"wp","href":"https:\/\/api.w.org\/{rel}","templated":true}]}}