{"id":346449,"date":"2015-01-22T00:00:00","date_gmt":"2015-01-21T23:00:00","guid":{"rendered":"https:\/\/www.fiarebancaetica.coop\/la-montanuela-agricultura-ecologica-de-responsabilidad-compartida\/"},"modified":"2024-02-21T16:13:17","modified_gmt":"2024-02-21T15:13:17","slug":"la-montanuela-agricultura-ecologica-de-responsabilidad-compartida","status":"publish","type":"post","link":"https:\/\/www.fiarebancaetica.coop\/ca\/la-montanuela-agricultura-ecologica-de-responsabilidad-compartida\/","title":{"rendered":"La Monta\u00f1uela, agricultura ecol\u00f3gica de responsabilidad compartida"},"content":{"rendered":"\n\n<div class=\"wp-block-bancaetica-blocks-blocks-block-49\">\n    <div class=\"container-block-49\">\n\n        <div class=\"header-section \">\n                            <h1 class=\"section-title\"> Etica e cooperativa <\/h1>\n                                            <\/div>\n\n        \n        <div class=\"block-background\" style=\"background-image: url('https:\/\/www.fiarebancaetica.coop\/app\/uploads\/sites\/2\/2023\/12\/montanuela-agricultura-ecologica-de-responsabilidad-compartida.jpg')\">\n                            <div class=\"tile\">\n                    <h1 class=\"image-title\"> La Monta\u00f1uela, agricultura ecol\u00f3gica de responsabilidad compartida <\/h1>\n                <\/div>             <!-- end .tile -->\n            <div class=\"bottom-content\">\n                            <\/div> <!-- end .button-content -->\n        <\/div> <!-- end .block-background -->\n    <\/div> <!-- end .container -->\n<\/div> <!-- end wp-block-bancaetica-blocks-blocks-block-06 -->\n\n\n<div class=\"wrapper-crispybacon-class wrapper-crispybacon-class-boxed \">\n    <p>La Monta\u00f1uela es una empresa familiar y una iniciativa de agricultura ecol\u00f3gica de responsabilidad compartida. Producen fruta y hortaliza sin venenos y cuidando los recursos b\u00e1sicos (agua, tierra, biodiversidad). Responsabilidad Compartida es como se suelen llamar los sistemas de alianza directa entre agricultores y consumidores. Los consumidores consiguen un suministro fiable de comida sana y local comprometi\u00e9ndose a adquirir regularmente la producci\u00f3n de un agricultor cercano.<br \/>\n\t<br \/>\n\tLa Monta\u00f1uela, que ya lleva 7 a\u00f1os de andadura produciendo alimentos, es en realidad el nombre de esta parte del Valle de Tobalina donde est\u00e1 el pueblo, La Prada, y la finca, de 3,3 ha. Distribuyen unos 600 kg semanales de productos (fundamentalmente hortaliza surtida) en Merindades y Gran Bilbao, es decir, lo que cultivan se come en un radio de 100 km.<br \/>\n\t<br \/>\n\tEn la finca trabajan I\u00f1igo Heredia, agricultor y cuatro voluntarias\/os de varios pa\u00edses que llegan a trav\u00e9s de organizaciones como WWOOF, que buscan aprender trabajando a cambio del alojamiento y comida. Otro trabajador contratado hace el reparto con la furgoneta.<\/p>\n<h2>\n\tRelaci\u00f3n directa agricultor-consumidor<\/h2>\n<p>El proyecto abastece a unas 100 personas (familias) asociadas como consumidores. Se inscriben anualmente asumiendo tanto ellas como el agricultor ciertos compromisos: La Monta\u00f1uela, se compromete&nbsp; a entregar a cada asociado\/a una caja semanal de verdura ecol\u00f3gica fresca de la finca, garantizando cierta cantidad y variedad semanal y un peso m\u00ednimo anual de cada hortaliza. Las personas socias se comprometen por un a\u00f1o a comprar estas cajas y recogerlas en un lugar previamente acordado.<\/p>\n<p>La distribuci\u00f3n se hace semanalmente dejando las cajas en un punto de recogida por barrio (un bar, una tienda, una asociaci\u00f3n\u2026) donde acuden&nbsp; a recoger su caja. La responsabilidad compartida tambi\u00e9n significa que el consumidor asume hasta cierto punto la abundancia o la escasez, debida al clima.<\/p>\n<p>Este modelo tiene interesantes valores: a las personas consumidoras les gusta saber de d\u00f3nde viene su comida y que sea fresca y sin pesticidas; aprenden a conocer y valorar m\u00e1s el producto de temporada; no tienen que decidir qu\u00e9 comprar; pueden conocer al \u00e1rbol y a quien recoge sus manzanas, aprenden qu\u00e9 est\u00e1 pasando en el campo, desde lo meteorol\u00f3gico a lo pol\u00edtico; pueden ejercer su derecho a apoyar un modelo agrario y econ\u00f3mico m\u00e1s justo. Al agricultor le libera del yugo de las grandes empresas distribuidoras (los hipermercados) y de las fluctuaciones de precios; y le permite conocer de t\u00fa a t\u00fa a quienes alimentan con su trabajo.<\/p>\n<p><br \/>\n\tGuardan y producen muchas de las semillas. Hacen semilleros (plantel) de la mayor\u00eda de las cultivos que plantan y el principal fertilizante es compost de tres a\u00f1os elaborado a partir de esti\u00e9rcol de oveja de ganader\u00eda extensiva con cama de paja.<\/p>\n<h2>\n\tSoberan\u00eda alimentaria<\/h2>\n<p>En La Monta\u00f1uela apuestan por la soberan\u00eda alimentaria. Que la alimentaci\u00f3n est\u00e9 en manos de campesinos y consumidores, no de empresas grandes y el mercado global.&nbsp; Defienden un medio rural limpio, sin grandes industrias, heredero de los saberes tradicionales, con una econom\u00eda rural local y basada en la tierra y los recursos naturales, no en las infraestructuras y las grandes inversiones. Y pueblos vivos, con ni\u00f1os y ni\u00f1as y con ganader\u00eda y agricultura que produzcan comida para su entorno.<\/p>\n<p>La Monta\u00f1uela forma parte de la cooperativa ARAE de agricultura ecol\u00f3gica de Castilla-Le\u00f3n.<\/p>\n<p><a href=\"http:\/\/lamontanuela.blogspot.com.es\/\">http:\/\/lamontanuela.blogspot.com.es\/<\/a><\/p>\n<\/div>","protected":false},"excerpt":{"rendered":"<p>La Monta\u00f1uela es una empresa familiar y una iniciativa de agricultura ecol\u00f3gica de responsabilidad compartida. Producen fruta y hortaliza sin venenos y cuidando los recursos b\u00e1sicos (agua, tierra, biodiversidad). Responsabilidad Compartida es como se suelen llamar los sistemas de alianza directa entre agricultores y consumidores. Los consumidores consiguen un suministro fiable de comida sana y local comprometi\u00e9ndose a adquirir regularmente la producci\u00f3n de un agricultor cercano.<\/p>\n","protected":false},"author":2,"featured_media":323524,"comment_status":"open","ping_status":"closed","sticky":false,"template":"","format":"standard","meta":{"_acf_changed":false,"footnotes":""},"categories":[11643],"tags":[],"coauthors":[],"class_list":["post-346449","post","type-post","status-publish","format-standard","has-post-thumbnail","hentry","category-finances-etiques"],"acf":[],"yoast_head":"<!-- This site is optimized with the Yoast SEO plugin v26.9 - https:\/\/yoast.com\/product\/yoast-seo-wordpress\/ -->\n<title>La Monta\u00f1uela, agricultura ecol\u00f3gica de responsabilidad compartida - Fiare Banca Etica<\/title>\n<meta name=\"robots\" content=\"index, follow, max-snippet:-1, max-image-preview:large, max-video-preview:-1\" \/>\n<link rel=\"canonical\" href=\"https:\/\/www.fiarebancaetica.coop\/ca\/la-montanuela-agricultura-ecologica-de-responsabilidad-compartida\/\" \/>\n<meta property=\"og:locale\" content=\"ca_ES\" \/>\n<meta property=\"og:type\" content=\"article\" \/>\n<meta property=\"og:title\" content=\"La Monta\u00f1uela, agricultura ecol\u00f3gica de responsabilidad compartida - Fiare Banca Etica\" \/>\n<meta property=\"og:description\" content=\"La Monta\u00f1uela es una empresa familiar y una iniciativa de agricultura ecol\u00f3gica de responsabilidad compartida. Producen fruta y hortaliza sin venenos y cuidando los recursos b\u00e1sicos (agua, tierra, biodiversidad). Responsabilidad Compartida es como se suelen llamar los sistemas de alianza directa entre agricultores y consumidores. Los consumidores consiguen un suministro fiable de comida sana y local comprometi\u00e9ndose a adquirir regularmente la producci\u00f3n de un agricultor cercano.\" \/>\n<meta property=\"og:url\" content=\"https:\/\/www.fiarebancaetica.coop\/ca\/la-montanuela-agricultura-ecologica-de-responsabilidad-compartida\/\" \/>\n<meta property=\"og:site_name\" content=\"Fiare Banca Etica\" \/>\n<meta property=\"article:published_time\" content=\"2015-01-21T23:00:00+00:00\" \/>\n<meta property=\"article:modified_time\" content=\"2024-02-21T15:13:17+00:00\" \/>\n<meta property=\"og:image\" content=\"https:\/\/www.fiarebancaetica.coop\/app\/uploads\/sites\/2\/2023\/12\/montanuela-agricultura-ecologica-de-responsabilidad-compartida.jpg\" \/>\n\t<meta property=\"og:image:width\" content=\"680\" \/>\n\t<meta property=\"og:image:height\" content=\"227\" \/>\n\t<meta property=\"og:image:type\" content=\"image\/jpeg\" \/>\n<meta name=\"author\" content=\"crispyadmin0\" \/>\n<meta name=\"twitter:card\" content=\"summary_large_image\" \/>\n<script type=\"application\/ld+json\" class=\"yoast-schema-graph\">{\"@context\":\"https:\/\/schema.org\",\"@graph\":[{\"@type\":\"Article\",\"@id\":\"https:\/\/www.fiarebancaetica.coop\/ca\/la-montanuela-agricultura-ecologica-de-responsabilidad-compartida\/#article\",\"isPartOf\":{\"@id\":\"https:\/\/www.fiarebancaetica.coop\/ca\/la-montanuela-agricultura-ecologica-de-responsabilidad-compartida\/\"},\"author\":{\"name\":\"crispyadmin0\",\"@id\":\"https:\/\/www.fiarebancaetica.coop\/ca\/#\/schema\/person\/579841e89c804b5db05d9141bd9b8272\"},\"headline\":\"La Monta\u00f1uela, agricultura ecol\u00f3gica de responsabilidad compartida\",\"datePublished\":\"2015-01-21T23:00:00+00:00\",\"dateModified\":\"2024-02-21T15:13:17+00:00\",\"mainEntityOfPage\":{\"@id\":\"https:\/\/www.fiarebancaetica.coop\/ca\/la-montanuela-agricultura-ecologica-de-responsabilidad-compartida\/\"},\"wordCount\":590,\"commentCount\":0,\"image\":{\"@id\":\"https:\/\/www.fiarebancaetica.coop\/ca\/la-montanuela-agricultura-ecologica-de-responsabilidad-compartida\/#primaryimage\"},\"thumbnailUrl\":\"https:\/\/www.fiarebancaetica.coop\/app\/uploads\/sites\/2\/2023\/12\/montanuela-agricultura-ecologica-de-responsabilidad-compartida.jpg\",\"articleSection\":[\"Finances \u00e8tiques\"],\"inLanguage\":\"ca\",\"potentialAction\":[{\"@type\":\"CommentAction\",\"name\":\"Comment\",\"target\":[\"https:\/\/www.fiarebancaetica.coop\/ca\/la-montanuela-agricultura-ecologica-de-responsabilidad-compartida\/#respond\"]}]},{\"@type\":\"WebPage\",\"@id\":\"https:\/\/www.fiarebancaetica.coop\/ca\/la-montanuela-agricultura-ecologica-de-responsabilidad-compartida\/\",\"url\":\"https:\/\/www.fiarebancaetica.coop\/ca\/la-montanuela-agricultura-ecologica-de-responsabilidad-compartida\/\",\"name\":\"La Monta\u00f1uela, agricultura ecol\u00f3gica de responsabilidad compartida - Fiare Banca Etica\",\"isPartOf\":{\"@id\":\"https:\/\/www.fiarebancaetica.coop\/ca\/#website\"},\"primaryImageOfPage\":{\"@id\":\"https:\/\/www.fiarebancaetica.coop\/ca\/la-montanuela-agricultura-ecologica-de-responsabilidad-compartida\/#primaryimage\"},\"image\":{\"@id\":\"https:\/\/www.fiarebancaetica.coop\/ca\/la-montanuela-agricultura-ecologica-de-responsabilidad-compartida\/#primaryimage\"},\"thumbnailUrl\":\"https:\/\/www.fiarebancaetica.coop\/app\/uploads\/sites\/2\/2023\/12\/montanuela-agricultura-ecologica-de-responsabilidad-compartida.jpg\",\"datePublished\":\"2015-01-21T23:00:00+00:00\",\"dateModified\":\"2024-02-21T15:13:17+00:00\",\"author\":{\"@id\":\"https:\/\/www.fiarebancaetica.coop\/ca\/#\/schema\/person\/579841e89c804b5db05d9141bd9b8272\"},\"breadcrumb\":{\"@id\":\"https:\/\/www.fiarebancaetica.coop\/ca\/la-montanuela-agricultura-ecologica-de-responsabilidad-compartida\/#breadcrumb\"},\"inLanguage\":\"ca\",\"potentialAction\":[{\"@type\":\"ReadAction\",\"target\":[\"https:\/\/www.fiarebancaetica.coop\/ca\/la-montanuela-agricultura-ecologica-de-responsabilidad-compartida\/\"]}]},{\"@type\":\"ImageObject\",\"inLanguage\":\"ca\",\"@id\":\"https:\/\/www.fiarebancaetica.coop\/ca\/la-montanuela-agricultura-ecologica-de-responsabilidad-compartida\/#primaryimage\",\"url\":\"https:\/\/www.fiarebancaetica.coop\/app\/uploads\/sites\/2\/2023\/12\/montanuela-agricultura-ecologica-de-responsabilidad-compartida.jpg\",\"contentUrl\":\"https:\/\/www.fiarebancaetica.coop\/app\/uploads\/sites\/2\/2023\/12\/montanuela-agricultura-ecologica-de-responsabilidad-compartida.jpg\",\"width\":680,\"height\":227},{\"@type\":\"BreadcrumbList\",\"@id\":\"https:\/\/www.fiarebancaetica.coop\/ca\/la-montanuela-agricultura-ecologica-de-responsabilidad-compartida\/#breadcrumb\",\"itemListElement\":[{\"@type\":\"ListItem\",\"position\":1,\"name\":\"Home\",\"item\":\"https:\/\/www.fiarebancaetica.coop\/ca\/\"},{\"@type\":\"ListItem\",\"position\":2,\"name\":\"La Monta\u00f1uela, agricultura ecol\u00f3gica de responsabilidad compartida\"}]},{\"@type\":\"WebSite\",\"@id\":\"https:\/\/www.fiarebancaetica.coop\/ca\/#website\",\"url\":\"https:\/\/www.fiarebancaetica.coop\/ca\/\",\"name\":\"Fiare Banca Etica\",\"description\":\"\",\"potentialAction\":[{\"@type\":\"SearchAction\",\"target\":{\"@type\":\"EntryPoint\",\"urlTemplate\":\"https:\/\/www.fiarebancaetica.coop\/ca\/?s={search_term_string}\"},\"query-input\":{\"@type\":\"PropertyValueSpecification\",\"valueRequired\":true,\"valueName\":\"search_term_string\"}}],\"inLanguage\":\"ca\"},{\"@type\":\"Person\",\"@id\":\"https:\/\/www.fiarebancaetica.coop\/ca\/#\/schema\/person\/579841e89c804b5db05d9141bd9b8272\",\"name\":\"crispyadmin0\",\"image\":{\"@type\":\"ImageObject\",\"inLanguage\":\"ca\",\"@id\":\"https:\/\/www.fiarebancaetica.coop\/ca\/#\/schema\/person\/image\/5f3a6b7786f32f4c35bd2b1a5a4698ea\",\"url\":\"https:\/\/secure.gravatar.com\/avatar\/4d2cfb499d497b6d49da659fab7404b243a87fe8e40d2cf97a1cae48f677f5b2?s=96&d=mm&r=g\",\"contentUrl\":\"https:\/\/secure.gravatar.com\/avatar\/4d2cfb499d497b6d49da659fab7404b243a87fe8e40d2cf97a1cae48f677f5b2?s=96&d=mm&r=g\",\"caption\":\"crispyadmin0\"},\"sameAs\":[\"crispyadmin0\"]}]}<\/script>\n<!-- \/ Yoast SEO plugin. -->","yoast_head_json":{"title":"La Monta\u00f1uela, agricultura ecol\u00f3gica de responsabilidad compartida - Fiare Banca Etica","robots":{"index":"index","follow":"follow","max-snippet":"max-snippet:-1","max-image-preview":"max-image-preview:large","max-video-preview":"max-video-preview:-1"},"canonical":"https:\/\/www.fiarebancaetica.coop\/ca\/la-montanuela-agricultura-ecologica-de-responsabilidad-compartida\/","og_locale":"ca_ES","og_type":"article","og_title":"La Monta\u00f1uela, agricultura ecol\u00f3gica de responsabilidad compartida - Fiare Banca Etica","og_description":"La Monta\u00f1uela es una empresa familiar y una iniciativa de agricultura ecol\u00f3gica de responsabilidad compartida. Producen fruta y hortaliza sin venenos y cuidando los recursos b\u00e1sicos (agua, tierra, biodiversidad). Responsabilidad Compartida es como se suelen llamar los sistemas de alianza directa entre agricultores y consumidores. Los consumidores consiguen un suministro fiable de comida sana y local comprometi\u00e9ndose a adquirir regularmente la producci\u00f3n de un agricultor cercano.","og_url":"https:\/\/www.fiarebancaetica.coop\/ca\/la-montanuela-agricultura-ecologica-de-responsabilidad-compartida\/","og_site_name":"Fiare Banca Etica","article_published_time":"2015-01-21T23:00:00+00:00","article_modified_time":"2024-02-21T15:13:17+00:00","og_image":[{"width":680,"height":227,"url":"https:\/\/www.fiarebancaetica.coop\/app\/uploads\/sites\/2\/2023\/12\/montanuela-agricultura-ecologica-de-responsabilidad-compartida.jpg","type":"image\/jpeg"}],"author":"crispyadmin0","twitter_card":"summary_large_image","schema":{"@context":"https:\/\/schema.org","@graph":[{"@type":"Article","@id":"https:\/\/www.fiarebancaetica.coop\/ca\/la-montanuela-agricultura-ecologica-de-responsabilidad-compartida\/#article","isPartOf":{"@id":"https:\/\/www.fiarebancaetica.coop\/ca\/la-montanuela-agricultura-ecologica-de-responsabilidad-compartida\/"},"author":{"name":"crispyadmin0","@id":"https:\/\/www.fiarebancaetica.coop\/ca\/#\/schema\/person\/579841e89c804b5db05d9141bd9b8272"},"headline":"La Monta\u00f1uela, agricultura ecol\u00f3gica de responsabilidad compartida","datePublished":"2015-01-21T23:00:00+00:00","dateModified":"2024-02-21T15:13:17+00:00","mainEntityOfPage":{"@id":"https:\/\/www.fiarebancaetica.coop\/ca\/la-montanuela-agricultura-ecologica-de-responsabilidad-compartida\/"},"wordCount":590,"commentCount":0,"image":{"@id":"https:\/\/www.fiarebancaetica.coop\/ca\/la-montanuela-agricultura-ecologica-de-responsabilidad-compartida\/#primaryimage"},"thumbnailUrl":"https:\/\/www.fiarebancaetica.coop\/app\/uploads\/sites\/2\/2023\/12\/montanuela-agricultura-ecologica-de-responsabilidad-compartida.jpg","articleSection":["Finances \u00e8tiques"],"inLanguage":"ca","potentialAction":[{"@type":"CommentAction","name":"Comment","target":["https:\/\/www.fiarebancaetica.coop\/ca\/la-montanuela-agricultura-ecologica-de-responsabilidad-compartida\/#respond"]}]},{"@type":"WebPage","@id":"https:\/\/www.fiarebancaetica.coop\/ca\/la-montanuela-agricultura-ecologica-de-responsabilidad-compartida\/","url":"https:\/\/www.fiarebancaetica.coop\/ca\/la-montanuela-agricultura-ecologica-de-responsabilidad-compartida\/","name":"La Monta\u00f1uela, agricultura ecol\u00f3gica de responsabilidad compartida - Fiare Banca Etica","isPartOf":{"@id":"https:\/\/www.fiarebancaetica.coop\/ca\/#website"},"primaryImageOfPage":{"@id":"https:\/\/www.fiarebancaetica.coop\/ca\/la-montanuela-agricultura-ecologica-de-responsabilidad-compartida\/#primaryimage"},"image":{"@id":"https:\/\/www.fiarebancaetica.coop\/ca\/la-montanuela-agricultura-ecologica-de-responsabilidad-compartida\/#primaryimage"},"thumbnailUrl":"https:\/\/www.fiarebancaetica.coop\/app\/uploads\/sites\/2\/2023\/12\/montanuela-agricultura-ecologica-de-responsabilidad-compartida.jpg","datePublished":"2015-01-21T23:00:00+00:00","dateModified":"2024-02-21T15:13:17+00:00","author":{"@id":"https:\/\/www.fiarebancaetica.coop\/ca\/#\/schema\/person\/579841e89c804b5db05d9141bd9b8272"},"breadcrumb":{"@id":"https:\/\/www.fiarebancaetica.coop\/ca\/la-montanuela-agricultura-ecologica-de-responsabilidad-compartida\/#breadcrumb"},"inLanguage":"ca","potentialAction":[{"@type":"ReadAction","target":["https:\/\/www.fiarebancaetica.coop\/ca\/la-montanuela-agricultura-ecologica-de-responsabilidad-compartida\/"]}]},{"@type":"ImageObject","inLanguage":"ca","@id":"https:\/\/www.fiarebancaetica.coop\/ca\/la-montanuela-agricultura-ecologica-de-responsabilidad-compartida\/#primaryimage","url":"https:\/\/www.fiarebancaetica.coop\/app\/uploads\/sites\/2\/2023\/12\/montanuela-agricultura-ecologica-de-responsabilidad-compartida.jpg","contentUrl":"https:\/\/www.fiarebancaetica.coop\/app\/uploads\/sites\/2\/2023\/12\/montanuela-agricultura-ecologica-de-responsabilidad-compartida.jpg","width":680,"height":227},{"@type":"BreadcrumbList","@id":"https:\/\/www.fiarebancaetica.coop\/ca\/la-montanuela-agricultura-ecologica-de-responsabilidad-compartida\/#breadcrumb","itemListElement":[{"@type":"ListItem","position":1,"name":"Home","item":"https:\/\/www.fiarebancaetica.coop\/ca\/"},{"@type":"ListItem","position":2,"name":"La Monta\u00f1uela, agricultura ecol\u00f3gica de responsabilidad compartida"}]},{"@type":"WebSite","@id":"https:\/\/www.fiarebancaetica.coop\/ca\/#website","url":"https:\/\/www.fiarebancaetica.coop\/ca\/","name":"Fiare Banca Etica","description":"","potentialAction":[{"@type":"SearchAction","target":{"@type":"EntryPoint","urlTemplate":"https:\/\/www.fiarebancaetica.coop\/ca\/?s={search_term_string}"},"query-input":{"@type":"PropertyValueSpecification","valueRequired":true,"valueName":"search_term_string"}}],"inLanguage":"ca"},{"@type":"Person","@id":"https:\/\/www.fiarebancaetica.coop\/ca\/#\/schema\/person\/579841e89c804b5db05d9141bd9b8272","name":"crispyadmin0","image":{"@type":"ImageObject","inLanguage":"ca","@id":"https:\/\/www.fiarebancaetica.coop\/ca\/#\/schema\/person\/image\/5f3a6b7786f32f4c35bd2b1a5a4698ea","url":"https:\/\/secure.gravatar.com\/avatar\/4d2cfb499d497b6d49da659fab7404b243a87fe8e40d2cf97a1cae48f677f5b2?s=96&d=mm&r=g","contentUrl":"https:\/\/secure.gravatar.com\/avatar\/4d2cfb499d497b6d49da659fab7404b243a87fe8e40d2cf97a1cae48f677f5b2?s=96&d=mm&r=g","caption":"crispyadmin0"},"sameAs":["crispyadmin0"]}]}},"_links":{"self":[{"href":"https:\/\/www.fiarebancaetica.coop\/ca\/wp-json\/wp\/v2\/posts\/346449","targetHints":{"allow":["GET"]}}],"collection":[{"href":"https:\/\/www.fiarebancaetica.coop\/ca\/wp-json\/wp\/v2\/posts"}],"about":[{"href":"https:\/\/www.fiarebancaetica.coop\/ca\/wp-json\/wp\/v2\/types\/post"}],"author":[{"embeddable":true,"href":"https:\/\/www.fiarebancaetica.coop\/ca\/wp-json\/wp\/v2\/users\/2"}],"replies":[{"embeddable":true,"href":"https:\/\/www.fiarebancaetica.coop\/ca\/wp-json\/wp\/v2\/comments?post=346449"}],"version-history":[{"count":1,"href":"https:\/\/www.fiarebancaetica.coop\/ca\/wp-json\/wp\/v2\/posts\/346449\/revisions"}],"predecessor-version":[{"id":353011,"href":"https:\/\/www.fiarebancaetica.coop\/ca\/wp-json\/wp\/v2\/posts\/346449\/revisions\/353011"}],"wp:featuredmedia":[{"embeddable":true,"href":"https:\/\/www.fiarebancaetica.coop\/ca\/wp-json\/wp\/v2\/media\/323524"}],"wp:attachment":[{"href":"https:\/\/www.fiarebancaetica.coop\/ca\/wp-json\/wp\/v2\/media?parent=346449"}],"wp:term":[{"taxonomy":"category","embeddable":true,"href":"https:\/\/www.fiarebancaetica.coop\/ca\/wp-json\/wp\/v2\/categories?post=346449"},{"taxonomy":"post_tag","embeddable":true,"href":"https:\/\/www.fiarebancaetica.coop\/ca\/wp-json\/wp\/v2\/tags?post=346449"},{"taxonomy":"author","embeddable":true,"href":"https:\/\/www.fiarebancaetica.coop\/ca\/wp-json\/wp\/v2\/coauthors?post=346449"}],"curies":[{"name":"wp","href":"https:\/\/api.w.org\/{rel}","templated":true}]}}