{"id":346456,"date":"2015-01-20T00:00:00","date_gmt":"2015-01-19T23:00:00","guid":{"rendered":"https:\/\/www.fiarebancaetica.coop\/carta-por-una-soberania-alimentaria-desde-nuestros-municipios\/"},"modified":"2024-02-21T16:13:22","modified_gmt":"2024-02-21T15:13:22","slug":"carta-por-una-soberania-alimentaria-desde-nuestros-municipios","status":"publish","type":"post","link":"https:\/\/www.fiarebancaetica.coop\/ca\/carta-por-una-soberania-alimentaria-desde-nuestros-municipios\/","title":{"rendered":"Carta por una soberan\u00eda alimentaria desde nuestros municipios"},"content":{"rendered":"\n\n<div class=\"wp-block-bancaetica-blocks-blocks-block-49\">\n    <div class=\"container-block-49\">\n\n        <div class=\"header-section \">\n                            <h1 class=\"section-title\"> Etica e cooperativa <\/h1>\n                                            <\/div>\n\n        \n        <div class=\"block-background\" style=\"background-image: url('https:\/\/www.fiarebancaetica.coop\/app\/uploads\/sites\/2\/2023\/12\/carta-por-una-soberania-alimentaria-desde-nuestros-municipios.png')\">\n                            <div class=\"tile\">\n                    <h1 class=\"image-title\"> Carta por una soberan\u00eda alimentaria desde nuestros municipios <\/h1>\n                <\/div>             <!-- end .tile -->\n            <div class=\"bottom-content\">\n                            <\/div> <!-- end .button-content -->\n        <\/div> <!-- end .block-background -->\n    <\/div> <!-- end .container -->\n<\/div> <!-- end wp-block-bancaetica-blocks-blocks-block-06 -->\n\n\n<div class=\"wrapper-crispybacon-class wrapper-crispybacon-class-boxed \">\n    <p>Para transformar la econom\u00eda y la manera en la que producimos y comercializamos alimentos, actuar desde el \u00e1mbito local es clave, por eso durante el I Congreso Internacional de Econom\u00eda Social y Solidaria, celebrado en Zaragoza los d\u00edas 27, 28 y 29 de noviembre, tuvo lugar una mesa de trabajo compuesta por entidades, redes y agentes pol\u00edticos y sociales con amplia experiencia en el \u00e1mbito de la soberan\u00eda alimentaria.<br \/>\n\tEl objetivo de esta sesi\u00f3n, que dur\u00f3 un d\u00eda completo, fue plantear y debatir aspectos fundamentales a la hora de elaborar pol\u00edticas municipales desde la soberan\u00eda alimentaria y econom\u00eda solidaria, para recogerlos en un documento que pueda ser difundido y utilizado de cara a la elaboraci\u00f3n de propuestas program\u00e1ticas para las pr\u00f3ximas elecciones municipales.<br \/>\n\tLas medidas recogidas en esta carta son fruto de la experiencia y la construcci\u00f3n colectiva de muchos movimientos, pero es importante seguir recogiendo adhesiones para hacerla lo m\u00e1s amplia posible, para que pueda tener m\u00e1s fuerza a la hora de abrirse paso en las propuestas pol\u00edticas que empiezan a consolidarse en pueblos y ciudades, que deben apropi\u00e1rselas, modificarlas y adaptarlas a cada realidad y contexto.<\/p>\n<p>Puedes descargar la carta <a href=\"http:\/\/www.economiasolidaria.org\/files\/CARTA_POR_UNA_SOBERANIA_ALIMENTARIA_DESDE_NUESTROS_MUNICIPIOS.pdf\">aqu\u00ed.<\/a><\/p>\n<p>&nbsp;<\/p>\n<\/div>","protected":false},"excerpt":{"rendered":"<p>Para transformar la econom\u00eda y la manera en la que producimos y comercializamos alimentos, actuar desde el \u00e1mbito local es clave, por eso durante el I Congreso Internacional de Econom\u00eda Social y Solidaria, celebrado en Zaragoza los d\u00edas 27, 28 y 29 de noviembre, tuvo lugar una mesa de trabajo compuesta por entidades, redes y agentes pol\u00edticos y sociales con amplia experiencia en el \u00e1mbito de la soberan\u00eda alimentaria.<br \/>\n\t&nbsp;<\/p>\n","protected":false},"author":2,"featured_media":323512,"comment_status":"open","ping_status":"closed","sticky":false,"template":"","format":"standard","meta":{"_acf_changed":false,"footnotes":""},"categories":[11643],"tags":[],"coauthors":[],"class_list":["post-346456","post","type-post","status-publish","format-standard","has-post-thumbnail","hentry","category-finances-etiques"],"acf":[],"yoast_head":"<!-- This site is optimized with the Yoast SEO plugin v26.9 - https:\/\/yoast.com\/product\/yoast-seo-wordpress\/ -->\n<title>Carta por una soberan\u00eda alimentaria desde nuestros municipios - Fiare Banca Etica<\/title>\n<meta name=\"robots\" content=\"index, follow, max-snippet:-1, max-image-preview:large, max-video-preview:-1\" \/>\n<link rel=\"canonical\" href=\"https:\/\/www.fiarebancaetica.coop\/ca\/carta-por-una-soberania-alimentaria-desde-nuestros-municipios\/\" \/>\n<meta property=\"og:locale\" content=\"ca_ES\" \/>\n<meta property=\"og:type\" content=\"article\" \/>\n<meta property=\"og:title\" content=\"Carta por una soberan\u00eda alimentaria desde nuestros municipios - Fiare Banca Etica\" \/>\n<meta property=\"og:description\" content=\"Para transformar la econom\u00eda y la manera en la que producimos y comercializamos alimentos, actuar desde el \u00e1mbito local es clave, por eso durante el I Congreso Internacional de Econom\u00eda Social y Solidaria, celebrado en Zaragoza los d\u00edas 27, 28 y 29 de noviembre, tuvo lugar una mesa de trabajo compuesta por entidades, redes y agentes pol\u00edticos y sociales con amplia experiencia en el \u00e1mbito de la soberan\u00eda alimentaria. &nbsp;\" \/>\n<meta property=\"og:url\" content=\"https:\/\/www.fiarebancaetica.coop\/ca\/carta-por-una-soberania-alimentaria-desde-nuestros-municipios\/\" \/>\n<meta property=\"og:site_name\" content=\"Fiare Banca Etica\" \/>\n<meta property=\"article:published_time\" content=\"2015-01-19T23:00:00+00:00\" \/>\n<meta property=\"article:modified_time\" content=\"2024-02-21T15:13:22+00:00\" \/>\n<meta property=\"og:image\" content=\"https:\/\/www.fiarebancaetica.coop\/app\/uploads\/sites\/2\/2023\/12\/carta-por-una-soberania-alimentaria-desde-nuestros-municipios.png\" \/>\n\t<meta property=\"og:image:width\" content=\"1421\" \/>\n\t<meta property=\"og:image:height\" content=\"513\" \/>\n\t<meta property=\"og:image:type\" content=\"image\/png\" \/>\n<meta name=\"author\" content=\"crispyadmin0\" \/>\n<meta name=\"twitter:card\" content=\"summary_large_image\" \/>\n<script type=\"application\/ld+json\" class=\"yoast-schema-graph\">{\"@context\":\"https:\/\/schema.org\",\"@graph\":[{\"@type\":\"Article\",\"@id\":\"https:\/\/www.fiarebancaetica.coop\/ca\/carta-por-una-soberania-alimentaria-desde-nuestros-municipios\/#article\",\"isPartOf\":{\"@id\":\"https:\/\/www.fiarebancaetica.coop\/ca\/carta-por-una-soberania-alimentaria-desde-nuestros-municipios\/\"},\"author\":{\"name\":\"crispyadmin0\",\"@id\":\"https:\/\/www.fiarebancaetica.coop\/ca\/#\/schema\/person\/579841e89c804b5db05d9141bd9b8272\"},\"headline\":\"Carta por una soberan\u00eda alimentaria desde nuestros municipios\",\"datePublished\":\"2015-01-19T23:00:00+00:00\",\"dateModified\":\"2024-02-21T15:13:22+00:00\",\"mainEntityOfPage\":{\"@id\":\"https:\/\/www.fiarebancaetica.coop\/ca\/carta-por-una-soberania-alimentaria-desde-nuestros-municipios\/\"},\"wordCount\":218,\"commentCount\":0,\"image\":{\"@id\":\"https:\/\/www.fiarebancaetica.coop\/ca\/carta-por-una-soberania-alimentaria-desde-nuestros-municipios\/#primaryimage\"},\"thumbnailUrl\":\"https:\/\/www.fiarebancaetica.coop\/app\/uploads\/sites\/2\/2023\/12\/carta-por-una-soberania-alimentaria-desde-nuestros-municipios.png\",\"articleSection\":[\"Finances \u00e8tiques\"],\"inLanguage\":\"ca\",\"potentialAction\":[{\"@type\":\"CommentAction\",\"name\":\"Comment\",\"target\":[\"https:\/\/www.fiarebancaetica.coop\/ca\/carta-por-una-soberania-alimentaria-desde-nuestros-municipios\/#respond\"]}]},{\"@type\":\"WebPage\",\"@id\":\"https:\/\/www.fiarebancaetica.coop\/ca\/carta-por-una-soberania-alimentaria-desde-nuestros-municipios\/\",\"url\":\"https:\/\/www.fiarebancaetica.coop\/ca\/carta-por-una-soberania-alimentaria-desde-nuestros-municipios\/\",\"name\":\"Carta por una soberan\u00eda alimentaria desde nuestros municipios - Fiare Banca Etica\",\"isPartOf\":{\"@id\":\"https:\/\/www.fiarebancaetica.coop\/ca\/#website\"},\"primaryImageOfPage\":{\"@id\":\"https:\/\/www.fiarebancaetica.coop\/ca\/carta-por-una-soberania-alimentaria-desde-nuestros-municipios\/#primaryimage\"},\"image\":{\"@id\":\"https:\/\/www.fiarebancaetica.coop\/ca\/carta-por-una-soberania-alimentaria-desde-nuestros-municipios\/#primaryimage\"},\"thumbnailUrl\":\"https:\/\/www.fiarebancaetica.coop\/app\/uploads\/sites\/2\/2023\/12\/carta-por-una-soberania-alimentaria-desde-nuestros-municipios.png\",\"datePublished\":\"2015-01-19T23:00:00+00:00\",\"dateModified\":\"2024-02-21T15:13:22+00:00\",\"author\":{\"@id\":\"https:\/\/www.fiarebancaetica.coop\/ca\/#\/schema\/person\/579841e89c804b5db05d9141bd9b8272\"},\"breadcrumb\":{\"@id\":\"https:\/\/www.fiarebancaetica.coop\/ca\/carta-por-una-soberania-alimentaria-desde-nuestros-municipios\/#breadcrumb\"},\"inLanguage\":\"ca\",\"potentialAction\":[{\"@type\":\"ReadAction\",\"target\":[\"https:\/\/www.fiarebancaetica.coop\/ca\/carta-por-una-soberania-alimentaria-desde-nuestros-municipios\/\"]}]},{\"@type\":\"ImageObject\",\"inLanguage\":\"ca\",\"@id\":\"https:\/\/www.fiarebancaetica.coop\/ca\/carta-por-una-soberania-alimentaria-desde-nuestros-municipios\/#primaryimage\",\"url\":\"https:\/\/www.fiarebancaetica.coop\/app\/uploads\/sites\/2\/2023\/12\/carta-por-una-soberania-alimentaria-desde-nuestros-municipios.png\",\"contentUrl\":\"https:\/\/www.fiarebancaetica.coop\/app\/uploads\/sites\/2\/2023\/12\/carta-por-una-soberania-alimentaria-desde-nuestros-municipios.png\",\"width\":1421,\"height\":513},{\"@type\":\"BreadcrumbList\",\"@id\":\"https:\/\/www.fiarebancaetica.coop\/ca\/carta-por-una-soberania-alimentaria-desde-nuestros-municipios\/#breadcrumb\",\"itemListElement\":[{\"@type\":\"ListItem\",\"position\":1,\"name\":\"Home\",\"item\":\"https:\/\/www.fiarebancaetica.coop\/ca\/\"},{\"@type\":\"ListItem\",\"position\":2,\"name\":\"Carta por una soberan\u00eda alimentaria desde nuestros municipios\"}]},{\"@type\":\"WebSite\",\"@id\":\"https:\/\/www.fiarebancaetica.coop\/ca\/#website\",\"url\":\"https:\/\/www.fiarebancaetica.coop\/ca\/\",\"name\":\"Fiare Banca Etica\",\"description\":\"\",\"potentialAction\":[{\"@type\":\"SearchAction\",\"target\":{\"@type\":\"EntryPoint\",\"urlTemplate\":\"https:\/\/www.fiarebancaetica.coop\/ca\/?s={search_term_string}\"},\"query-input\":{\"@type\":\"PropertyValueSpecification\",\"valueRequired\":true,\"valueName\":\"search_term_string\"}}],\"inLanguage\":\"ca\"},{\"@type\":\"Person\",\"@id\":\"https:\/\/www.fiarebancaetica.coop\/ca\/#\/schema\/person\/579841e89c804b5db05d9141bd9b8272\",\"name\":\"crispyadmin0\",\"image\":{\"@type\":\"ImageObject\",\"inLanguage\":\"ca\",\"@id\":\"https:\/\/www.fiarebancaetica.coop\/ca\/#\/schema\/person\/image\/5f3a6b7786f32f4c35bd2b1a5a4698ea\",\"url\":\"https:\/\/secure.gravatar.com\/avatar\/4d2cfb499d497b6d49da659fab7404b243a87fe8e40d2cf97a1cae48f677f5b2?s=96&d=mm&r=g\",\"contentUrl\":\"https:\/\/secure.gravatar.com\/avatar\/4d2cfb499d497b6d49da659fab7404b243a87fe8e40d2cf97a1cae48f677f5b2?s=96&d=mm&r=g\",\"caption\":\"crispyadmin0\"},\"sameAs\":[\"crispyadmin0\"]}]}<\/script>\n<!-- \/ Yoast SEO plugin. -->","yoast_head_json":{"title":"Carta por una soberan\u00eda alimentaria desde nuestros municipios - Fiare Banca Etica","robots":{"index":"index","follow":"follow","max-snippet":"max-snippet:-1","max-image-preview":"max-image-preview:large","max-video-preview":"max-video-preview:-1"},"canonical":"https:\/\/www.fiarebancaetica.coop\/ca\/carta-por-una-soberania-alimentaria-desde-nuestros-municipios\/","og_locale":"ca_ES","og_type":"article","og_title":"Carta por una soberan\u00eda alimentaria desde nuestros municipios - Fiare Banca Etica","og_description":"Para transformar la econom\u00eda y la manera en la que producimos y comercializamos alimentos, actuar desde el \u00e1mbito local es clave, por eso durante el I Congreso Internacional de Econom\u00eda Social y Solidaria, celebrado en Zaragoza los d\u00edas 27, 28 y 29 de noviembre, tuvo lugar una mesa de trabajo compuesta por entidades, redes y agentes pol\u00edticos y sociales con amplia experiencia en el \u00e1mbito de la soberan\u00eda alimentaria. &nbsp;","og_url":"https:\/\/www.fiarebancaetica.coop\/ca\/carta-por-una-soberania-alimentaria-desde-nuestros-municipios\/","og_site_name":"Fiare Banca Etica","article_published_time":"2015-01-19T23:00:00+00:00","article_modified_time":"2024-02-21T15:13:22+00:00","og_image":[{"width":1421,"height":513,"url":"https:\/\/www.fiarebancaetica.coop\/app\/uploads\/sites\/2\/2023\/12\/carta-por-una-soberania-alimentaria-desde-nuestros-municipios.png","type":"image\/png"}],"author":"crispyadmin0","twitter_card":"summary_large_image","schema":{"@context":"https:\/\/schema.org","@graph":[{"@type":"Article","@id":"https:\/\/www.fiarebancaetica.coop\/ca\/carta-por-una-soberania-alimentaria-desde-nuestros-municipios\/#article","isPartOf":{"@id":"https:\/\/www.fiarebancaetica.coop\/ca\/carta-por-una-soberania-alimentaria-desde-nuestros-municipios\/"},"author":{"name":"crispyadmin0","@id":"https:\/\/www.fiarebancaetica.coop\/ca\/#\/schema\/person\/579841e89c804b5db05d9141bd9b8272"},"headline":"Carta por una soberan\u00eda alimentaria desde nuestros municipios","datePublished":"2015-01-19T23:00:00+00:00","dateModified":"2024-02-21T15:13:22+00:00","mainEntityOfPage":{"@id":"https:\/\/www.fiarebancaetica.coop\/ca\/carta-por-una-soberania-alimentaria-desde-nuestros-municipios\/"},"wordCount":218,"commentCount":0,"image":{"@id":"https:\/\/www.fiarebancaetica.coop\/ca\/carta-por-una-soberania-alimentaria-desde-nuestros-municipios\/#primaryimage"},"thumbnailUrl":"https:\/\/www.fiarebancaetica.coop\/app\/uploads\/sites\/2\/2023\/12\/carta-por-una-soberania-alimentaria-desde-nuestros-municipios.png","articleSection":["Finances \u00e8tiques"],"inLanguage":"ca","potentialAction":[{"@type":"CommentAction","name":"Comment","target":["https:\/\/www.fiarebancaetica.coop\/ca\/carta-por-una-soberania-alimentaria-desde-nuestros-municipios\/#respond"]}]},{"@type":"WebPage","@id":"https:\/\/www.fiarebancaetica.coop\/ca\/carta-por-una-soberania-alimentaria-desde-nuestros-municipios\/","url":"https:\/\/www.fiarebancaetica.coop\/ca\/carta-por-una-soberania-alimentaria-desde-nuestros-municipios\/","name":"Carta por una soberan\u00eda alimentaria desde nuestros municipios - Fiare Banca Etica","isPartOf":{"@id":"https:\/\/www.fiarebancaetica.coop\/ca\/#website"},"primaryImageOfPage":{"@id":"https:\/\/www.fiarebancaetica.coop\/ca\/carta-por-una-soberania-alimentaria-desde-nuestros-municipios\/#primaryimage"},"image":{"@id":"https:\/\/www.fiarebancaetica.coop\/ca\/carta-por-una-soberania-alimentaria-desde-nuestros-municipios\/#primaryimage"},"thumbnailUrl":"https:\/\/www.fiarebancaetica.coop\/app\/uploads\/sites\/2\/2023\/12\/carta-por-una-soberania-alimentaria-desde-nuestros-municipios.png","datePublished":"2015-01-19T23:00:00+00:00","dateModified":"2024-02-21T15:13:22+00:00","author":{"@id":"https:\/\/www.fiarebancaetica.coop\/ca\/#\/schema\/person\/579841e89c804b5db05d9141bd9b8272"},"breadcrumb":{"@id":"https:\/\/www.fiarebancaetica.coop\/ca\/carta-por-una-soberania-alimentaria-desde-nuestros-municipios\/#breadcrumb"},"inLanguage":"ca","potentialAction":[{"@type":"ReadAction","target":["https:\/\/www.fiarebancaetica.coop\/ca\/carta-por-una-soberania-alimentaria-desde-nuestros-municipios\/"]}]},{"@type":"ImageObject","inLanguage":"ca","@id":"https:\/\/www.fiarebancaetica.coop\/ca\/carta-por-una-soberania-alimentaria-desde-nuestros-municipios\/#primaryimage","url":"https:\/\/www.fiarebancaetica.coop\/app\/uploads\/sites\/2\/2023\/12\/carta-por-una-soberania-alimentaria-desde-nuestros-municipios.png","contentUrl":"https:\/\/www.fiarebancaetica.coop\/app\/uploads\/sites\/2\/2023\/12\/carta-por-una-soberania-alimentaria-desde-nuestros-municipios.png","width":1421,"height":513},{"@type":"BreadcrumbList","@id":"https:\/\/www.fiarebancaetica.coop\/ca\/carta-por-una-soberania-alimentaria-desde-nuestros-municipios\/#breadcrumb","itemListElement":[{"@type":"ListItem","position":1,"name":"Home","item":"https:\/\/www.fiarebancaetica.coop\/ca\/"},{"@type":"ListItem","position":2,"name":"Carta por una soberan\u00eda alimentaria desde nuestros municipios"}]},{"@type":"WebSite","@id":"https:\/\/www.fiarebancaetica.coop\/ca\/#website","url":"https:\/\/www.fiarebancaetica.coop\/ca\/","name":"Fiare Banca Etica","description":"","potentialAction":[{"@type":"SearchAction","target":{"@type":"EntryPoint","urlTemplate":"https:\/\/www.fiarebancaetica.coop\/ca\/?s={search_term_string}"},"query-input":{"@type":"PropertyValueSpecification","valueRequired":true,"valueName":"search_term_string"}}],"inLanguage":"ca"},{"@type":"Person","@id":"https:\/\/www.fiarebancaetica.coop\/ca\/#\/schema\/person\/579841e89c804b5db05d9141bd9b8272","name":"crispyadmin0","image":{"@type":"ImageObject","inLanguage":"ca","@id":"https:\/\/www.fiarebancaetica.coop\/ca\/#\/schema\/person\/image\/5f3a6b7786f32f4c35bd2b1a5a4698ea","url":"https:\/\/secure.gravatar.com\/avatar\/4d2cfb499d497b6d49da659fab7404b243a87fe8e40d2cf97a1cae48f677f5b2?s=96&d=mm&r=g","contentUrl":"https:\/\/secure.gravatar.com\/avatar\/4d2cfb499d497b6d49da659fab7404b243a87fe8e40d2cf97a1cae48f677f5b2?s=96&d=mm&r=g","caption":"crispyadmin0"},"sameAs":["crispyadmin0"]}]}},"_links":{"self":[{"href":"https:\/\/www.fiarebancaetica.coop\/ca\/wp-json\/wp\/v2\/posts\/346456","targetHints":{"allow":["GET"]}}],"collection":[{"href":"https:\/\/www.fiarebancaetica.coop\/ca\/wp-json\/wp\/v2\/posts"}],"about":[{"href":"https:\/\/www.fiarebancaetica.coop\/ca\/wp-json\/wp\/v2\/types\/post"}],"author":[{"embeddable":true,"href":"https:\/\/www.fiarebancaetica.coop\/ca\/wp-json\/wp\/v2\/users\/2"}],"replies":[{"embeddable":true,"href":"https:\/\/www.fiarebancaetica.coop\/ca\/wp-json\/wp\/v2\/comments?post=346456"}],"version-history":[{"count":1,"href":"https:\/\/www.fiarebancaetica.coop\/ca\/wp-json\/wp\/v2\/posts\/346456\/revisions"}],"predecessor-version":[{"id":353000,"href":"https:\/\/www.fiarebancaetica.coop\/ca\/wp-json\/wp\/v2\/posts\/346456\/revisions\/353000"}],"wp:featuredmedia":[{"embeddable":true,"href":"https:\/\/www.fiarebancaetica.coop\/ca\/wp-json\/wp\/v2\/media\/323512"}],"wp:attachment":[{"href":"https:\/\/www.fiarebancaetica.coop\/ca\/wp-json\/wp\/v2\/media?parent=346456"}],"wp:term":[{"taxonomy":"category","embeddable":true,"href":"https:\/\/www.fiarebancaetica.coop\/ca\/wp-json\/wp\/v2\/categories?post=346456"},{"taxonomy":"post_tag","embeddable":true,"href":"https:\/\/www.fiarebancaetica.coop\/ca\/wp-json\/wp\/v2\/tags?post=346456"},{"taxonomy":"author","embeddable":true,"href":"https:\/\/www.fiarebancaetica.coop\/ca\/wp-json\/wp\/v2\/coauthors?post=346456"}],"curies":[{"name":"wp","href":"https:\/\/api.w.org\/{rel}","templated":true}]}}