{"id":346515,"date":"2014-11-18T00:00:00","date_gmt":"2014-11-17T23:00:00","guid":{"rendered":"https:\/\/www.fiarebancaetica.coop\/fiare-participara-en-el-i-congreso-internacional-de-economia-solidaria\/"},"modified":"2024-02-21T16:14:14","modified_gmt":"2024-02-21T15:14:14","slug":"fiare-participara-en-el-i-congreso-internacional-de-economia-solidaria","status":"publish","type":"post","link":"https:\/\/www.fiarebancaetica.coop\/ca\/fiare-participara-en-el-i-congreso-internacional-de-economia-solidaria\/","title":{"rendered":"Fiare participar\u00e1 en el I Congreso Internacional de Econom\u00eda Solidaria"},"content":{"rendered":"\n\n<div class=\"wp-block-bancaetica-blocks-blocks-block-49\">\n    <div class=\"container-block-49\">\n\n        <div class=\"header-section \">\n                            <h1 class=\"section-title\"> Etica e cooperativa <\/h1>\n                                            <\/div>\n\n        \n        <div class=\"block-background\" style=\"background-image: url('https:\/\/www.fiarebancaetica.coop\/app\/uploads\/sites\/2\/2023\/12\/fiare-participara-en-el-congreso-internacional-de-economia-solidaria.jpg')\">\n                            <div class=\"tile\">\n                    <h1 class=\"image-title\"> Fiare participar\u00e1 en el I Congreso Internacional de Econom\u00eda Solidaria <\/h1>\n                <\/div>             <!-- end .tile -->\n            <div class=\"bottom-content\">\n                            <\/div> <!-- end .button-content -->\n        <\/div> <!-- end .block-background -->\n    <\/div> <!-- end .container -->\n<\/div> <!-- end wp-block-bancaetica-blocks-blocks-block-06 -->\n\n\n<div class=\"wrapper-crispybacon-class wrapper-crispybacon-class-boxed \">\n    <p>El I Congreso Internacional de Econom\u00eda Social y Solidaria (ESyS), que se celebra del 27 al 29 de noviembre en Zaragoza, reunir\u00e1 a organizaciones sociales, administraciones, empresas, emprendedores\/as y consumidores\/as comprometidos\/as para poner en com\u00fan experiencias en torno a la econom\u00eda social y solidaria y dialogar sobre sus posibilidades de futuro.<br \/>\n\tBajo el lema \u201cLa econom\u00eda se encuentra con las personas\u201d, el encuentro se distribuye por toda la ciudad para acercar modelos econ\u00f3micos m\u00e1s \u00e9ticos a una poblaci\u00f3n que busca alternativas reales a la crisis. El congreso ser\u00e1 tambi\u00e9n un evento clave para el fortalecimiento de las redes de econom\u00eda social y solidaria ya existentes, as\u00ed como para la creaci\u00f3n de nuevas alianzas.<\/p>\n<h2>\n\tEjes tem\u00e1ticos<\/h2>\n<p>Seis ejes tem\u00e1ticos principales y transversales buscan abordar de forma integrada y amplia los temas principales que ocupan la pr\u00e1ctica y la teor\u00eda de la econom\u00eda solidaria:<\/p>\n<ul>\n\t<li>\n\t\tDi\u00e1logos entre la ESyS, las administraciones p\u00fablicas y otras organizaciones sociales.<\/li>\n\t<li>\n\t\tInnovaci\u00f3n ciudadana en consumo.<\/li>\n\t<li>\n\t\t<strong>Oportunidades y retos de las finanzas \u00e9ticas.<\/strong><\/li>\n\t<li>\n\t\tGeneraci\u00f3n y transferencia de conocimiento en Econom\u00eda Social y Solidaria: aportaciones desde el feminismo y otras econom\u00edas.<\/li>\n\t<li>\n\t\tCreaci\u00f3n y sostenibilidad de tejido econ\u00f3mico solidario.<\/li>\n\t<li>\n\t\tEconom\u00eda Social y Solidaria en el medio rural.<\/li>\n<\/ul>\n<p>Los ejes se desplegar\u00e1n a trav\u00e9s de diferentes tipos de actividades pensadas para p\u00fablicos y niveles de profundizaci\u00f3n diversos. De esta manera se pretende generar diferentes itinerarios de experimentaci\u00f3n del Congreso en funci\u00f3n de los intereses, las inquietudes y los conocimientos de los\/las asistentes.<br \/>\n\tPero el congreso es mucho m\u00e1s: Dos foros nos acercar\u00e1n experiencias inspiradoras sobre temas transversales de inter\u00e9s general. Las organizaciones de econom\u00eda social y solidaria tendr\u00e1n la ocasi\u00f3n de encontrarse en un espacio Meetic. Los consumidores comprometidos podr\u00e1n informarse sobre alternativas de consumo en un espacio MeCambio. Y una gran gala de premios cerrar\u00e1 el encuentro, que durante los tres d\u00edas contar\u00e1 con programaci\u00f3n cultural.<br \/>\n\tAdem\u00e1s, el 26 y 27 de noviembre, tambi\u00e9n en Zaragoza, se celebrar\u00e1 un Seminario sobre Administraciones P\u00fablicas y Econom\u00eda Social. Y, en paralelo al congreso, el 28 y 29 de noviembre, un Encuentro de J\u00f3venes Investigadores.<\/p>\n<p><a href=\"http:\/\/economiameeting.net\/\">http:\/\/economiameeting.net\/<\/a><\/p>\n<\/div>","protected":false},"excerpt":{"rendered":"<p>El I Congreso Internacional de Econom\u00eda Social y Solidaria (ESyS), que se celebra del 27 al 29 de noviembre en Zaragoza, reunir\u00e1 a organizaciones sociales, administraciones, empresas, emprendedores\/as y consumidores\/as comprometidos\/as para poner en com\u00fan experiencias en torno a la econom\u00eda social y solidaria y dialogar sobre sus posibilidades de futuro.<\/p>\n","protected":false},"author":2,"featured_media":323455,"comment_status":"open","ping_status":"closed","sticky":false,"template":"","format":"standard","meta":{"_acf_changed":false,"footnotes":""},"categories":[11643],"tags":[],"coauthors":[],"class_list":["post-346515","post","type-post","status-publish","format-standard","has-post-thumbnail","hentry","category-finances-etiques"],"acf":[],"yoast_head":"<!-- This site is optimized with the Yoast SEO plugin v26.9 - https:\/\/yoast.com\/product\/yoast-seo-wordpress\/ -->\n<title>Fiare participar\u00e1 en el I Congreso Internacional de Econom\u00eda Solidaria - Fiare Banca Etica<\/title>\n<meta name=\"robots\" content=\"index, follow, max-snippet:-1, max-image-preview:large, max-video-preview:-1\" \/>\n<link rel=\"canonical\" href=\"https:\/\/www.fiarebancaetica.coop\/ca\/fiare-participara-en-el-i-congreso-internacional-de-economia-solidaria\/\" \/>\n<meta property=\"og:locale\" content=\"ca_ES\" \/>\n<meta property=\"og:type\" content=\"article\" \/>\n<meta property=\"og:title\" content=\"Fiare participar\u00e1 en el I Congreso Internacional de Econom\u00eda Solidaria - Fiare Banca Etica\" \/>\n<meta property=\"og:description\" content=\"El I Congreso Internacional de Econom\u00eda Social y Solidaria (ESyS), que se celebra del 27 al 29 de noviembre en Zaragoza, reunir\u00e1 a organizaciones sociales, administraciones, empresas, emprendedores\/as y consumidores\/as comprometidos\/as para poner en com\u00fan experiencias en torno a la econom\u00eda social y solidaria y dialogar sobre sus posibilidades de futuro.\" \/>\n<meta property=\"og:url\" content=\"https:\/\/www.fiarebancaetica.coop\/ca\/fiare-participara-en-el-i-congreso-internacional-de-economia-solidaria\/\" \/>\n<meta property=\"og:site_name\" content=\"Fiare Banca Etica\" \/>\n<meta property=\"article:published_time\" content=\"2014-11-17T23:00:00+00:00\" \/>\n<meta property=\"article:modified_time\" content=\"2024-02-21T15:14:14+00:00\" \/>\n<meta property=\"og:image\" content=\"https:\/\/www.fiarebancaetica.coop\/app\/uploads\/sites\/2\/2023\/12\/fiare-participara-en-el-congreso-internacional-de-economia-solidaria.jpg\" \/>\n\t<meta property=\"og:image:width\" content=\"951\" \/>\n\t<meta property=\"og:image:height\" content=\"250\" \/>\n\t<meta property=\"og:image:type\" content=\"image\/jpeg\" \/>\n<meta name=\"author\" content=\"crispyadmin0\" \/>\n<meta name=\"twitter:card\" content=\"summary_large_image\" \/>\n<script type=\"application\/ld+json\" class=\"yoast-schema-graph\">{\"@context\":\"https:\/\/schema.org\",\"@graph\":[{\"@type\":\"Article\",\"@id\":\"https:\/\/www.fiarebancaetica.coop\/ca\/fiare-participara-en-el-i-congreso-internacional-de-economia-solidaria\/#article\",\"isPartOf\":{\"@id\":\"https:\/\/www.fiarebancaetica.coop\/ca\/fiare-participara-en-el-i-congreso-internacional-de-economia-solidaria\/\"},\"author\":{\"name\":\"crispyadmin0\",\"@id\":\"https:\/\/www.fiarebancaetica.coop\/ca\/#\/schema\/person\/579841e89c804b5db05d9141bd9b8272\"},\"headline\":\"Fiare participar\u00e1 en el I Congreso Internacional de Econom\u00eda Solidaria\",\"datePublished\":\"2014-11-17T23:00:00+00:00\",\"dateModified\":\"2024-02-21T15:14:14+00:00\",\"mainEntityOfPage\":{\"@id\":\"https:\/\/www.fiarebancaetica.coop\/ca\/fiare-participara-en-el-i-congreso-internacional-de-economia-solidaria\/\"},\"wordCount\":397,\"commentCount\":0,\"image\":{\"@id\":\"https:\/\/www.fiarebancaetica.coop\/ca\/fiare-participara-en-el-i-congreso-internacional-de-economia-solidaria\/#primaryimage\"},\"thumbnailUrl\":\"https:\/\/www.fiarebancaetica.coop\/app\/uploads\/sites\/2\/2023\/12\/fiare-participara-en-el-congreso-internacional-de-economia-solidaria.jpg\",\"articleSection\":[\"Finances \u00e8tiques\"],\"inLanguage\":\"ca\",\"potentialAction\":[{\"@type\":\"CommentAction\",\"name\":\"Comment\",\"target\":[\"https:\/\/www.fiarebancaetica.coop\/ca\/fiare-participara-en-el-i-congreso-internacional-de-economia-solidaria\/#respond\"]}]},{\"@type\":\"WebPage\",\"@id\":\"https:\/\/www.fiarebancaetica.coop\/ca\/fiare-participara-en-el-i-congreso-internacional-de-economia-solidaria\/\",\"url\":\"https:\/\/www.fiarebancaetica.coop\/ca\/fiare-participara-en-el-i-congreso-internacional-de-economia-solidaria\/\",\"name\":\"Fiare participar\u00e1 en el I Congreso Internacional de Econom\u00eda Solidaria - Fiare Banca Etica\",\"isPartOf\":{\"@id\":\"https:\/\/www.fiarebancaetica.coop\/ca\/#website\"},\"primaryImageOfPage\":{\"@id\":\"https:\/\/www.fiarebancaetica.coop\/ca\/fiare-participara-en-el-i-congreso-internacional-de-economia-solidaria\/#primaryimage\"},\"image\":{\"@id\":\"https:\/\/www.fiarebancaetica.coop\/ca\/fiare-participara-en-el-i-congreso-internacional-de-economia-solidaria\/#primaryimage\"},\"thumbnailUrl\":\"https:\/\/www.fiarebancaetica.coop\/app\/uploads\/sites\/2\/2023\/12\/fiare-participara-en-el-congreso-internacional-de-economia-solidaria.jpg\",\"datePublished\":\"2014-11-17T23:00:00+00:00\",\"dateModified\":\"2024-02-21T15:14:14+00:00\",\"author\":{\"@id\":\"https:\/\/www.fiarebancaetica.coop\/ca\/#\/schema\/person\/579841e89c804b5db05d9141bd9b8272\"},\"breadcrumb\":{\"@id\":\"https:\/\/www.fiarebancaetica.coop\/ca\/fiare-participara-en-el-i-congreso-internacional-de-economia-solidaria\/#breadcrumb\"},\"inLanguage\":\"ca\",\"potentialAction\":[{\"@type\":\"ReadAction\",\"target\":[\"https:\/\/www.fiarebancaetica.coop\/ca\/fiare-participara-en-el-i-congreso-internacional-de-economia-solidaria\/\"]}]},{\"@type\":\"ImageObject\",\"inLanguage\":\"ca\",\"@id\":\"https:\/\/www.fiarebancaetica.coop\/ca\/fiare-participara-en-el-i-congreso-internacional-de-economia-solidaria\/#primaryimage\",\"url\":\"https:\/\/www.fiarebancaetica.coop\/app\/uploads\/sites\/2\/2023\/12\/fiare-participara-en-el-congreso-internacional-de-economia-solidaria.jpg\",\"contentUrl\":\"https:\/\/www.fiarebancaetica.coop\/app\/uploads\/sites\/2\/2023\/12\/fiare-participara-en-el-congreso-internacional-de-economia-solidaria.jpg\",\"width\":951,\"height\":250},{\"@type\":\"BreadcrumbList\",\"@id\":\"https:\/\/www.fiarebancaetica.coop\/ca\/fiare-participara-en-el-i-congreso-internacional-de-economia-solidaria\/#breadcrumb\",\"itemListElement\":[{\"@type\":\"ListItem\",\"position\":1,\"name\":\"Home\",\"item\":\"https:\/\/www.fiarebancaetica.coop\/ca\/\"},{\"@type\":\"ListItem\",\"position\":2,\"name\":\"Fiare participar\u00e1 en el I Congreso Internacional de Econom\u00eda Solidaria\"}]},{\"@type\":\"WebSite\",\"@id\":\"https:\/\/www.fiarebancaetica.coop\/ca\/#website\",\"url\":\"https:\/\/www.fiarebancaetica.coop\/ca\/\",\"name\":\"Fiare Banca Etica\",\"description\":\"\",\"potentialAction\":[{\"@type\":\"SearchAction\",\"target\":{\"@type\":\"EntryPoint\",\"urlTemplate\":\"https:\/\/www.fiarebancaetica.coop\/ca\/?s={search_term_string}\"},\"query-input\":{\"@type\":\"PropertyValueSpecification\",\"valueRequired\":true,\"valueName\":\"search_term_string\"}}],\"inLanguage\":\"ca\"},{\"@type\":\"Person\",\"@id\":\"https:\/\/www.fiarebancaetica.coop\/ca\/#\/schema\/person\/579841e89c804b5db05d9141bd9b8272\",\"name\":\"crispyadmin0\",\"image\":{\"@type\":\"ImageObject\",\"inLanguage\":\"ca\",\"@id\":\"https:\/\/www.fiarebancaetica.coop\/ca\/#\/schema\/person\/image\/5f3a6b7786f32f4c35bd2b1a5a4698ea\",\"url\":\"https:\/\/secure.gravatar.com\/avatar\/4d2cfb499d497b6d49da659fab7404b243a87fe8e40d2cf97a1cae48f677f5b2?s=96&d=mm&r=g\",\"contentUrl\":\"https:\/\/secure.gravatar.com\/avatar\/4d2cfb499d497b6d49da659fab7404b243a87fe8e40d2cf97a1cae48f677f5b2?s=96&d=mm&r=g\",\"caption\":\"crispyadmin0\"},\"sameAs\":[\"crispyadmin0\"]}]}<\/script>\n<!-- \/ Yoast SEO plugin. -->","yoast_head_json":{"title":"Fiare participar\u00e1 en el I Congreso Internacional de Econom\u00eda Solidaria - Fiare Banca Etica","robots":{"index":"index","follow":"follow","max-snippet":"max-snippet:-1","max-image-preview":"max-image-preview:large","max-video-preview":"max-video-preview:-1"},"canonical":"https:\/\/www.fiarebancaetica.coop\/ca\/fiare-participara-en-el-i-congreso-internacional-de-economia-solidaria\/","og_locale":"ca_ES","og_type":"article","og_title":"Fiare participar\u00e1 en el I Congreso Internacional de Econom\u00eda Solidaria - Fiare Banca Etica","og_description":"El I Congreso Internacional de Econom\u00eda Social y Solidaria (ESyS), que se celebra del 27 al 29 de noviembre en Zaragoza, reunir\u00e1 a organizaciones sociales, administraciones, empresas, emprendedores\/as y consumidores\/as comprometidos\/as para poner en com\u00fan experiencias en torno a la econom\u00eda social y solidaria y dialogar sobre sus posibilidades de futuro.","og_url":"https:\/\/www.fiarebancaetica.coop\/ca\/fiare-participara-en-el-i-congreso-internacional-de-economia-solidaria\/","og_site_name":"Fiare Banca Etica","article_published_time":"2014-11-17T23:00:00+00:00","article_modified_time":"2024-02-21T15:14:14+00:00","og_image":[{"width":951,"height":250,"url":"https:\/\/www.fiarebancaetica.coop\/app\/uploads\/sites\/2\/2023\/12\/fiare-participara-en-el-congreso-internacional-de-economia-solidaria.jpg","type":"image\/jpeg"}],"author":"crispyadmin0","twitter_card":"summary_large_image","schema":{"@context":"https:\/\/schema.org","@graph":[{"@type":"Article","@id":"https:\/\/www.fiarebancaetica.coop\/ca\/fiare-participara-en-el-i-congreso-internacional-de-economia-solidaria\/#article","isPartOf":{"@id":"https:\/\/www.fiarebancaetica.coop\/ca\/fiare-participara-en-el-i-congreso-internacional-de-economia-solidaria\/"},"author":{"name":"crispyadmin0","@id":"https:\/\/www.fiarebancaetica.coop\/ca\/#\/schema\/person\/579841e89c804b5db05d9141bd9b8272"},"headline":"Fiare participar\u00e1 en el I Congreso Internacional de Econom\u00eda Solidaria","datePublished":"2014-11-17T23:00:00+00:00","dateModified":"2024-02-21T15:14:14+00:00","mainEntityOfPage":{"@id":"https:\/\/www.fiarebancaetica.coop\/ca\/fiare-participara-en-el-i-congreso-internacional-de-economia-solidaria\/"},"wordCount":397,"commentCount":0,"image":{"@id":"https:\/\/www.fiarebancaetica.coop\/ca\/fiare-participara-en-el-i-congreso-internacional-de-economia-solidaria\/#primaryimage"},"thumbnailUrl":"https:\/\/www.fiarebancaetica.coop\/app\/uploads\/sites\/2\/2023\/12\/fiare-participara-en-el-congreso-internacional-de-economia-solidaria.jpg","articleSection":["Finances \u00e8tiques"],"inLanguage":"ca","potentialAction":[{"@type":"CommentAction","name":"Comment","target":["https:\/\/www.fiarebancaetica.coop\/ca\/fiare-participara-en-el-i-congreso-internacional-de-economia-solidaria\/#respond"]}]},{"@type":"WebPage","@id":"https:\/\/www.fiarebancaetica.coop\/ca\/fiare-participara-en-el-i-congreso-internacional-de-economia-solidaria\/","url":"https:\/\/www.fiarebancaetica.coop\/ca\/fiare-participara-en-el-i-congreso-internacional-de-economia-solidaria\/","name":"Fiare participar\u00e1 en el I Congreso Internacional de Econom\u00eda Solidaria - Fiare Banca Etica","isPartOf":{"@id":"https:\/\/www.fiarebancaetica.coop\/ca\/#website"},"primaryImageOfPage":{"@id":"https:\/\/www.fiarebancaetica.coop\/ca\/fiare-participara-en-el-i-congreso-internacional-de-economia-solidaria\/#primaryimage"},"image":{"@id":"https:\/\/www.fiarebancaetica.coop\/ca\/fiare-participara-en-el-i-congreso-internacional-de-economia-solidaria\/#primaryimage"},"thumbnailUrl":"https:\/\/www.fiarebancaetica.coop\/app\/uploads\/sites\/2\/2023\/12\/fiare-participara-en-el-congreso-internacional-de-economia-solidaria.jpg","datePublished":"2014-11-17T23:00:00+00:00","dateModified":"2024-02-21T15:14:14+00:00","author":{"@id":"https:\/\/www.fiarebancaetica.coop\/ca\/#\/schema\/person\/579841e89c804b5db05d9141bd9b8272"},"breadcrumb":{"@id":"https:\/\/www.fiarebancaetica.coop\/ca\/fiare-participara-en-el-i-congreso-internacional-de-economia-solidaria\/#breadcrumb"},"inLanguage":"ca","potentialAction":[{"@type":"ReadAction","target":["https:\/\/www.fiarebancaetica.coop\/ca\/fiare-participara-en-el-i-congreso-internacional-de-economia-solidaria\/"]}]},{"@type":"ImageObject","inLanguage":"ca","@id":"https:\/\/www.fiarebancaetica.coop\/ca\/fiare-participara-en-el-i-congreso-internacional-de-economia-solidaria\/#primaryimage","url":"https:\/\/www.fiarebancaetica.coop\/app\/uploads\/sites\/2\/2023\/12\/fiare-participara-en-el-congreso-internacional-de-economia-solidaria.jpg","contentUrl":"https:\/\/www.fiarebancaetica.coop\/app\/uploads\/sites\/2\/2023\/12\/fiare-participara-en-el-congreso-internacional-de-economia-solidaria.jpg","width":951,"height":250},{"@type":"BreadcrumbList","@id":"https:\/\/www.fiarebancaetica.coop\/ca\/fiare-participara-en-el-i-congreso-internacional-de-economia-solidaria\/#breadcrumb","itemListElement":[{"@type":"ListItem","position":1,"name":"Home","item":"https:\/\/www.fiarebancaetica.coop\/ca\/"},{"@type":"ListItem","position":2,"name":"Fiare participar\u00e1 en el I Congreso Internacional de Econom\u00eda Solidaria"}]},{"@type":"WebSite","@id":"https:\/\/www.fiarebancaetica.coop\/ca\/#website","url":"https:\/\/www.fiarebancaetica.coop\/ca\/","name":"Fiare Banca Etica","description":"","potentialAction":[{"@type":"SearchAction","target":{"@type":"EntryPoint","urlTemplate":"https:\/\/www.fiarebancaetica.coop\/ca\/?s={search_term_string}"},"query-input":{"@type":"PropertyValueSpecification","valueRequired":true,"valueName":"search_term_string"}}],"inLanguage":"ca"},{"@type":"Person","@id":"https:\/\/www.fiarebancaetica.coop\/ca\/#\/schema\/person\/579841e89c804b5db05d9141bd9b8272","name":"crispyadmin0","image":{"@type":"ImageObject","inLanguage":"ca","@id":"https:\/\/www.fiarebancaetica.coop\/ca\/#\/schema\/person\/image\/5f3a6b7786f32f4c35bd2b1a5a4698ea","url":"https:\/\/secure.gravatar.com\/avatar\/4d2cfb499d497b6d49da659fab7404b243a87fe8e40d2cf97a1cae48f677f5b2?s=96&d=mm&r=g","contentUrl":"https:\/\/secure.gravatar.com\/avatar\/4d2cfb499d497b6d49da659fab7404b243a87fe8e40d2cf97a1cae48f677f5b2?s=96&d=mm&r=g","caption":"crispyadmin0"},"sameAs":["crispyadmin0"]}]}},"_links":{"self":[{"href":"https:\/\/www.fiarebancaetica.coop\/ca\/wp-json\/wp\/v2\/posts\/346515","targetHints":{"allow":["GET"]}}],"collection":[{"href":"https:\/\/www.fiarebancaetica.coop\/ca\/wp-json\/wp\/v2\/posts"}],"about":[{"href":"https:\/\/www.fiarebancaetica.coop\/ca\/wp-json\/wp\/v2\/types\/post"}],"author":[{"embeddable":true,"href":"https:\/\/www.fiarebancaetica.coop\/ca\/wp-json\/wp\/v2\/users\/2"}],"replies":[{"embeddable":true,"href":"https:\/\/www.fiarebancaetica.coop\/ca\/wp-json\/wp\/v2\/comments?post=346515"}],"version-history":[{"count":2,"href":"https:\/\/www.fiarebancaetica.coop\/ca\/wp-json\/wp\/v2\/posts\/346515\/revisions"}],"predecessor-version":[{"id":352953,"href":"https:\/\/www.fiarebancaetica.coop\/ca\/wp-json\/wp\/v2\/posts\/346515\/revisions\/352953"}],"wp:featuredmedia":[{"embeddable":true,"href":"https:\/\/www.fiarebancaetica.coop\/ca\/wp-json\/wp\/v2\/media\/323455"}],"wp:attachment":[{"href":"https:\/\/www.fiarebancaetica.coop\/ca\/wp-json\/wp\/v2\/media?parent=346515"}],"wp:term":[{"taxonomy":"category","embeddable":true,"href":"https:\/\/www.fiarebancaetica.coop\/ca\/wp-json\/wp\/v2\/categories?post=346515"},{"taxonomy":"post_tag","embeddable":true,"href":"https:\/\/www.fiarebancaetica.coop\/ca\/wp-json\/wp\/v2\/tags?post=346515"},{"taxonomy":"author","embeddable":true,"href":"https:\/\/www.fiarebancaetica.coop\/ca\/wp-json\/wp\/v2\/coauthors?post=346515"}],"curies":[{"name":"wp","href":"https:\/\/api.w.org\/{rel}","templated":true}]}}